{"id":24772,"date":"2020-04-01T13:16:37","date_gmt":"2020-04-01T11:16:37","guid":{"rendered":"http:\/\/orthodoxia.be\/?p=24772"},"modified":"2020-04-01T14:21:28","modified_gmt":"2020-04-01T12:21:28","slug":"aufhebung-des-treffens-der-jugend-und-des-klerus-1-mai-2020","status":"publish","type":"post","link":"https:\/\/orthodoxia.be\/de\/2020\/04\/01\/aufhebung-des-treffens-der-jugend-und-des-klerus-1-mai-2020\/","title":{"rendered":"Aufhebung des Treffens der Jugend und des Klerus (1 Mai 2020)"},"content":{"rendered":"<p style=\"text-align: justify;\">An alle Jugendlichen Leute der Erzdi\u00f6zese Belgien.<\/p>\n<p style=\"text-align: justify;\">Wie jedes Jahr freut sich die Erzdi\u00f6zese sehr auf das Treffen von Jugend und Geistlichen am 1. Mai.<\/p>\n<p style=\"text-align: justify;\">Aufgrund des gegenw\u00e4rtigen globalen Gesundheitsrisikos, sich in gro\u00dferen Gruppen zu versammeln, und der von Regierungen auf der ganzen Welt auferlegten Beschr\u00e4nkungen ist die Erzdi\u00f6zese gezwungen, den Tag des Treffens am 1. Mai 2020 abzusagen.<\/p>\n<p style=\"text-align: justify;\">Dieser Tag des Treffens wird am 13. Mai 2021 (R\u00f6misch-Katholische Himmelfahrt) erneut organisiert, m\u00f6glicherweise am selben Ort wie 2019: in der Dom\u00e4ne Castelhof in Dilbeek.<\/p>\n<p style=\"text-align: justify;\">Weitere Neuigkeiten folgen sp\u00e4ter.<\/p>\n","protected":false},"excerpt":{"rendered":"<p>An alle Jugendlichen Leute der Erzdi\u00f6zese Belgien. Wie jedes Jahr freut sich die Erzdi\u00f6zese sehr auf das Treffen von Jugend und Geistlichen am 1. Mai. Aufgrund des gegenw\u00e4rtigen globalen Gesundheitsrisikos, sich in gro\u00dferen Gruppen zu versammeln, und der von Regierungen auf der ganzen Welt auferlegten Beschr\u00e4nkungen ist die Erzdi\u00f6zese gezwungen, den Tag des Treffens am &hellip; <a href=\"https:\/\/orthodoxia.be\/de\/2020\/04\/01\/aufhebung-des-treffens-der-jugend-und-des-klerus-1-mai-2020\/\">Continued<\/a><\/p>\n","protected":false},"author":10,"featured_media":18122,"comment_status":"closed","ping_status":"open","sticky":false,"template":"","format":"standard","meta":{"_acf_changed":false,"footnotes":""},"categories":[4],"tags":[],"class_list":["post-24772","post","type-post","status-publish","format-standard","has-post-thumbnail","hentry","category-unkategorisiert"],"acf":[],"yoast_head":"<!-- This site is optimized with the Yoast SEO plugin v24.3 - https:\/\/yoast.com\/wordpress\/plugins\/seo\/ -->\n<title>Aufhebung des Treffens der Jugend und des Klerus (1 Mai 2020) - Orthodox Archdiocese of Belgium<\/title>\n<meta name=\"robots\" content=\"index, follow, max-snippet:-1, max-image-preview:large, max-video-preview:-1\" \/>\n<link rel=\"canonical\" href=\"https:\/\/orthodoxia.be\/de\/2020\/04\/01\/aufhebung-des-treffens-der-jugend-und-des-klerus-1-mai-2020\/\" \/>\n<meta property=\"og:locale\" content=\"de_DE\" \/>\n<meta property=\"og:type\" content=\"article\" \/>\n<meta property=\"og:title\" content=\"Aufhebung des Treffens der Jugend und des Klerus (1 Mai 2020) - Orthodox Archdiocese of Belgium\" \/>\n<meta property=\"og:description\" content=\"An alle Jugendlichen Leute der Erzdi\u00f6zese Belgien. Wie jedes Jahr freut sich die Erzdi\u00f6zese sehr auf das Treffen von Jugend und Geistlichen am 1. Mai. Aufgrund des gegenw\u00e4rtigen globalen Gesundheitsrisikos, sich in gro\u00dferen Gruppen zu versammeln, und der von Regierungen auf der ganzen Welt auferlegten Beschr\u00e4nkungen ist die Erzdi\u00f6zese gezwungen, den Tag des Treffens am &hellip; Continued\" \/>\n<meta property=\"og:url\" content=\"https:\/\/orthodoxia.be\/de\/2020\/04\/01\/aufhebung-des-treffens-der-jugend-und-des-klerus-1-mai-2020\/\" \/>\n<meta property=\"og:site_name\" content=\"Orthodox Archdiocese of Belgium\" \/>\n<meta property=\"article:publisher\" content=\"https:\/\/www.facebook.com\/orthobel\" \/>\n<meta property=\"article:published_time\" content=\"2020-04-01T11:16:37+00:00\" \/>\n<meta property=\"article:modified_time\" content=\"2020-04-01T12:21:28+00:00\" \/>\n<meta property=\"og:image\" content=\"https:\/\/orthodoxia.be\/wp-content\/uploads\/2019\/05\/neolaia.jpg\" \/>\n\t<meta property=\"og:image:width\" content=\"900\" \/>\n\t<meta property=\"og:image:height\" content=\"551\" \/>\n\t<meta property=\"og:image:type\" content=\"image\/jpeg\" \/>\n<meta name=\"author\" content=\"fr. Emilianos Chatzivasileiou\" \/>\n<meta name=\"twitter:card\" content=\"summary_large_image\" \/>\n<meta name=\"twitter:creator\" content=\"@orthobel\" \/>\n<meta name=\"twitter:site\" content=\"@orthobel\" \/>\n<meta name=\"twitter:label1\" content=\"Verfasst von\" \/>\n\t<meta name=\"twitter:data1\" content=\"fr. Emilianos Chatzivasileiou\" \/>\n<script type=\"application\/ld+json\" class=\"yoast-schema-graph\">{\"@context\":\"https:\/\/schema.org\",\"@graph\":[{\"@type\":\"Article\",\"@id\":\"https:\/\/orthodoxia.be\/de\/2020\/04\/01\/aufhebung-des-treffens-der-jugend-und-des-klerus-1-mai-2020\/#article\",\"isPartOf\":{\"@id\":\"https:\/\/orthodoxia.be\/de\/2020\/04\/01\/aufhebung-des-treffens-der-jugend-und-des-klerus-1-mai-2020\/\"},\"author\":{\"name\":\"fr. Emilianos Chatzivasileiou\",\"@id\":\"https:\/\/orthodoxia.be\/#\/schema\/person\/f6c4fd8f4c3dfc201522ccccede872c4\"},\"headline\":\"Aufhebung des Treffens der Jugend und des Klerus (1 Mai 2020)\",\"datePublished\":\"2020-04-01T11:16:37+00:00\",\"dateModified\":\"2020-04-01T12:21:28+00:00\",\"mainEntityOfPage\":{\"@id\":\"https:\/\/orthodoxia.be\/de\/2020\/04\/01\/aufhebung-des-treffens-der-jugend-und-des-klerus-1-mai-2020\/\"},\"wordCount\":101,\"publisher\":{\"@id\":\"https:\/\/orthodoxia.be\/#organization\"},\"image\":{\"@id\":\"https:\/\/orthodoxia.be\/de\/2020\/04\/01\/aufhebung-des-treffens-der-jugend-und-des-klerus-1-mai-2020\/#primaryimage\"},\"thumbnailUrl\":\"https:\/\/orthodoxia.be\/wp-content\/uploads\/2019\/05\/neolaia.jpg\",\"articleSection\":[\"Unkategorisiert\"],\"inLanguage\":\"de\"},{\"@type\":\"WebPage\",\"@id\":\"https:\/\/orthodoxia.be\/de\/2020\/04\/01\/aufhebung-des-treffens-der-jugend-und-des-klerus-1-mai-2020\/\",\"url\":\"https:\/\/orthodoxia.be\/de\/2020\/04\/01\/aufhebung-des-treffens-der-jugend-und-des-klerus-1-mai-2020\/\",\"name\":\"Aufhebung des Treffens der Jugend und des Klerus (1 Mai 2020) - Orthodox Archdiocese of Belgium\",\"isPartOf\":{\"@id\":\"https:\/\/orthodoxia.be\/#website\"},\"primaryImageOfPage\":{\"@id\":\"https:\/\/orthodoxia.be\/de\/2020\/04\/01\/aufhebung-des-treffens-der-jugend-und-des-klerus-1-mai-2020\/#primaryimage\"},\"image\":{\"@id\":\"https:\/\/orthodoxia.be\/de\/2020\/04\/01\/aufhebung-des-treffens-der-jugend-und-des-klerus-1-mai-2020\/#primaryimage\"},\"thumbnailUrl\":\"https:\/\/orthodoxia.be\/wp-content\/uploads\/2019\/05\/neolaia.jpg\",\"datePublished\":\"2020-04-01T11:16:37+00:00\",\"dateModified\":\"2020-04-01T12:21:28+00:00\",\"breadcrumb\":{\"@id\":\"https:\/\/orthodoxia.be\/de\/2020\/04\/01\/aufhebung-des-treffens-der-jugend-und-des-klerus-1-mai-2020\/#breadcrumb\"},\"inLanguage\":\"de\",\"potentialAction\":[{\"@type\":\"ReadAction\",\"target\":[\"https:\/\/orthodoxia.be\/de\/2020\/04\/01\/aufhebung-des-treffens-der-jugend-und-des-klerus-1-mai-2020\/\"]}]},{\"@type\":\"ImageObject\",\"inLanguage\":\"de\",\"@id\":\"https:\/\/orthodoxia.be\/de\/2020\/04\/01\/aufhebung-des-treffens-der-jugend-und-des-klerus-1-mai-2020\/#primaryimage\",\"url\":\"https:\/\/orthodoxia.be\/wp-content\/uploads\/2019\/05\/neolaia.jpg\",\"contentUrl\":\"https:\/\/orthodoxia.be\/wp-content\/uploads\/2019\/05\/neolaia.jpg\",\"width\":900,\"height\":551},{\"@type\":\"BreadcrumbList\",\"@id\":\"https:\/\/orthodoxia.be\/de\/2020\/04\/01\/aufhebung-des-treffens-der-jugend-und-des-klerus-1-mai-2020\/#breadcrumb\",\"itemListElement\":[{\"@type\":\"ListItem\",\"position\":1,\"name\":\"Home\",\"item\":\"https:\/\/orthodoxia.be\/\"},{\"@type\":\"ListItem\",\"position\":2,\"name\":\"Aufhebung des Treffens der Jugend und des Klerus (1 Mai 2020)\"}]},{\"@type\":\"WebSite\",\"@id\":\"https:\/\/orthodoxia.be\/#website\",\"url\":\"https:\/\/orthodoxia.be\/\",\"name\":\"Orthodox Archdiocese of Belgium (Benelux)\",\"description\":\"Orthodox Archdiocese of Belgium\",\"publisher\":{\"@id\":\"https:\/\/orthodoxia.be\/#organization\"},\"alternateName\":\"IMB\",\"potentialAction\":[{\"@type\":\"SearchAction\",\"target\":{\"@type\":\"EntryPoint\",\"urlTemplate\":\"https:\/\/orthodoxia.be\/?s={search_term_string}\"},\"query-input\":{\"@type\":\"PropertyValueSpecification\",\"valueRequired\":true,\"valueName\":\"search_term_string\"}}],\"inLanguage\":\"de\"},{\"@type\":\"Organization\",\"@id\":\"https:\/\/orthodoxia.be\/#organization\",\"name\":\"Orthodox Archdiocese of Belgium (Benelux)\",\"url\":\"https:\/\/orthodoxia.be\/\",\"logo\":{\"@type\":\"ImageObject\",\"inLanguage\":\"de\",\"@id\":\"https:\/\/orthodoxia.be\/#\/schema\/logo\/image\/\",\"url\":\"https:\/\/orthodoxia.be\/wp-content\/uploads\/2024\/02\/cropped-IMB-logo-512-cl-1.png\",\"contentUrl\":\"https:\/\/orthodoxia.be\/wp-content\/uploads\/2024\/02\/cropped-IMB-logo-512-cl-1.png\",\"width\":512,\"height\":512,\"caption\":\"Orthodox Archdiocese of Belgium (Benelux)\"},\"image\":{\"@id\":\"https:\/\/orthodoxia.be\/#\/schema\/logo\/image\/\"},\"sameAs\":[\"https:\/\/www.facebook.com\/orthobel\",\"https:\/\/x.com\/orthobel\",\"https:\/\/www.youtube.com\/c\/orthobel\",\"https:\/\/www.mixcloud.com\/orthobel\/\",\"https:\/\/www.flickr.com\/photos\/148264890@N07\/albums\",\"https:\/\/www.dailymotion.com\/Orthobel\"]},{\"@type\":\"Person\",\"@id\":\"https:\/\/orthodoxia.be\/#\/schema\/person\/f6c4fd8f4c3dfc201522ccccede872c4\",\"name\":\"fr. Emilianos Chatzivasileiou\",\"image\":{\"@type\":\"ImageObject\",\"inLanguage\":\"de\",\"@id\":\"https:\/\/orthodoxia.be\/#\/schema\/person\/image\/\",\"url\":\"https:\/\/secure.gravatar.com\/avatar\/5b67115dbb9ae1579c39e9ae857d39ac?s=96&d=mm&r=g\",\"contentUrl\":\"https:\/\/secure.gravatar.com\/avatar\/5b67115dbb9ae1579c39e9ae857d39ac?s=96&d=mm&r=g\",\"caption\":\"fr. Emilianos Chatzivasileiou\"},\"sameAs\":[\"http:\/\/orthodoxia.be\"],\"url\":\"https:\/\/orthodoxia.be\/de\/author\/p-emilianos\/\"}]}<\/script>\n<!-- \/ Yoast SEO plugin. -->","yoast_head_json":{"title":"Aufhebung des Treffens der Jugend und des Klerus (1 Mai 2020) - Orthodox Archdiocese of Belgium","robots":{"index":"index","follow":"follow","max-snippet":"max-snippet:-1","max-image-preview":"max-image-preview:large","max-video-preview":"max-video-preview:-1"},"canonical":"https:\/\/orthodoxia.be\/de\/2020\/04\/01\/aufhebung-des-treffens-der-jugend-und-des-klerus-1-mai-2020\/","og_locale":"de_DE","og_type":"article","og_title":"Aufhebung des Treffens der Jugend und des Klerus (1 Mai 2020) - Orthodox Archdiocese of Belgium","og_description":"An alle Jugendlichen Leute der Erzdi\u00f6zese Belgien. Wie jedes Jahr freut sich die Erzdi\u00f6zese sehr auf das Treffen von Jugend und Geistlichen am 1. Mai. Aufgrund des gegenw\u00e4rtigen globalen Gesundheitsrisikos, sich in gro\u00dferen Gruppen zu versammeln, und der von Regierungen auf der ganzen Welt auferlegten Beschr\u00e4nkungen ist die Erzdi\u00f6zese gezwungen, den Tag des Treffens am &hellip; Continued","og_url":"https:\/\/orthodoxia.be\/de\/2020\/04\/01\/aufhebung-des-treffens-der-jugend-und-des-klerus-1-mai-2020\/","og_site_name":"Orthodox Archdiocese of Belgium","article_publisher":"https:\/\/www.facebook.com\/orthobel","article_published_time":"2020-04-01T11:16:37+00:00","article_modified_time":"2020-04-01T12:21:28+00:00","og_image":[{"width":900,"height":551,"url":"https:\/\/orthodoxia.be\/wp-content\/uploads\/2019\/05\/neolaia.jpg","type":"image\/jpeg"}],"author":"fr. Emilianos Chatzivasileiou","twitter_card":"summary_large_image","twitter_creator":"@orthobel","twitter_site":"@orthobel","twitter_misc":{"Verfasst von":"fr. Emilianos Chatzivasileiou"},"schema":{"@context":"https:\/\/schema.org","@graph":[{"@type":"Article","@id":"https:\/\/orthodoxia.be\/de\/2020\/04\/01\/aufhebung-des-treffens-der-jugend-und-des-klerus-1-mai-2020\/#article","isPartOf":{"@id":"https:\/\/orthodoxia.be\/de\/2020\/04\/01\/aufhebung-des-treffens-der-jugend-und-des-klerus-1-mai-2020\/"},"author":{"name":"fr. Emilianos Chatzivasileiou","@id":"https:\/\/orthodoxia.be\/#\/schema\/person\/f6c4fd8f4c3dfc201522ccccede872c4"},"headline":"Aufhebung des Treffens der Jugend und des Klerus (1 Mai 2020)","datePublished":"2020-04-01T11:16:37+00:00","dateModified":"2020-04-01T12:21:28+00:00","mainEntityOfPage":{"@id":"https:\/\/orthodoxia.be\/de\/2020\/04\/01\/aufhebung-des-treffens-der-jugend-und-des-klerus-1-mai-2020\/"},"wordCount":101,"publisher":{"@id":"https:\/\/orthodoxia.be\/#organization"},"image":{"@id":"https:\/\/orthodoxia.be\/de\/2020\/04\/01\/aufhebung-des-treffens-der-jugend-und-des-klerus-1-mai-2020\/#primaryimage"},"thumbnailUrl":"https:\/\/orthodoxia.be\/wp-content\/uploads\/2019\/05\/neolaia.jpg","articleSection":["Unkategorisiert"],"inLanguage":"de"},{"@type":"WebPage","@id":"https:\/\/orthodoxia.be\/de\/2020\/04\/01\/aufhebung-des-treffens-der-jugend-und-des-klerus-1-mai-2020\/","url":"https:\/\/orthodoxia.be\/de\/2020\/04\/01\/aufhebung-des-treffens-der-jugend-und-des-klerus-1-mai-2020\/","name":"Aufhebung des Treffens der Jugend und des Klerus (1 Mai 2020) - Orthodox Archdiocese of Belgium","isPartOf":{"@id":"https:\/\/orthodoxia.be\/#website"},"primaryImageOfPage":{"@id":"https:\/\/orthodoxia.be\/de\/2020\/04\/01\/aufhebung-des-treffens-der-jugend-und-des-klerus-1-mai-2020\/#primaryimage"},"image":{"@id":"https:\/\/orthodoxia.be\/de\/2020\/04\/01\/aufhebung-des-treffens-der-jugend-und-des-klerus-1-mai-2020\/#primaryimage"},"thumbnailUrl":"https:\/\/orthodoxia.be\/wp-content\/uploads\/2019\/05\/neolaia.jpg","datePublished":"2020-04-01T11:16:37+00:00","dateModified":"2020-04-01T12:21:28+00:00","breadcrumb":{"@id":"https:\/\/orthodoxia.be\/de\/2020\/04\/01\/aufhebung-des-treffens-der-jugend-und-des-klerus-1-mai-2020\/#breadcrumb"},"inLanguage":"de","potentialAction":[{"@type":"ReadAction","target":["https:\/\/orthodoxia.be\/de\/2020\/04\/01\/aufhebung-des-treffens-der-jugend-und-des-klerus-1-mai-2020\/"]}]},{"@type":"ImageObject","inLanguage":"de","@id":"https:\/\/orthodoxia.be\/de\/2020\/04\/01\/aufhebung-des-treffens-der-jugend-und-des-klerus-1-mai-2020\/#primaryimage","url":"https:\/\/orthodoxia.be\/wp-content\/uploads\/2019\/05\/neolaia.jpg","contentUrl":"https:\/\/orthodoxia.be\/wp-content\/uploads\/2019\/05\/neolaia.jpg","width":900,"height":551},{"@type":"BreadcrumbList","@id":"https:\/\/orthodoxia.be\/de\/2020\/04\/01\/aufhebung-des-treffens-der-jugend-und-des-klerus-1-mai-2020\/#breadcrumb","itemListElement":[{"@type":"ListItem","position":1,"name":"Home","item":"https:\/\/orthodoxia.be\/"},{"@type":"ListItem","position":2,"name":"Aufhebung des Treffens der Jugend und des Klerus (1 Mai 2020)"}]},{"@type":"WebSite","@id":"https:\/\/orthodoxia.be\/#website","url":"https:\/\/orthodoxia.be\/","name":"Orthodox Archdiocese of Belgium (Benelux)","description":"Orthodox Archdiocese of Belgium","publisher":{"@id":"https:\/\/orthodoxia.be\/#organization"},"alternateName":"IMB","potentialAction":[{"@type":"SearchAction","target":{"@type":"EntryPoint","urlTemplate":"https:\/\/orthodoxia.be\/?s={search_term_string}"},"query-input":{"@type":"PropertyValueSpecification","valueRequired":true,"valueName":"search_term_string"}}],"inLanguage":"de"},{"@type":"Organization","@id":"https:\/\/orthodoxia.be\/#organization","name":"Orthodox Archdiocese of Belgium (Benelux)","url":"https:\/\/orthodoxia.be\/","logo":{"@type":"ImageObject","inLanguage":"de","@id":"https:\/\/orthodoxia.be\/#\/schema\/logo\/image\/","url":"https:\/\/orthodoxia.be\/wp-content\/uploads\/2024\/02\/cropped-IMB-logo-512-cl-1.png","contentUrl":"https:\/\/orthodoxia.be\/wp-content\/uploads\/2024\/02\/cropped-IMB-logo-512-cl-1.png","width":512,"height":512,"caption":"Orthodox Archdiocese of Belgium (Benelux)"},"image":{"@id":"https:\/\/orthodoxia.be\/#\/schema\/logo\/image\/"},"sameAs":["https:\/\/www.facebook.com\/orthobel","https:\/\/x.com\/orthobel","https:\/\/www.youtube.com\/c\/orthobel","https:\/\/www.mixcloud.com\/orthobel\/","https:\/\/www.flickr.com\/photos\/148264890@N07\/albums","https:\/\/www.dailymotion.com\/Orthobel"]},{"@type":"Person","@id":"https:\/\/orthodoxia.be\/#\/schema\/person\/f6c4fd8f4c3dfc201522ccccede872c4","name":"fr. Emilianos Chatzivasileiou","image":{"@type":"ImageObject","inLanguage":"de","@id":"https:\/\/orthodoxia.be\/#\/schema\/person\/image\/","url":"https:\/\/secure.gravatar.com\/avatar\/5b67115dbb9ae1579c39e9ae857d39ac?s=96&d=mm&r=g","contentUrl":"https:\/\/secure.gravatar.com\/avatar\/5b67115dbb9ae1579c39e9ae857d39ac?s=96&d=mm&r=g","caption":"fr. Emilianos Chatzivasileiou"},"sameAs":["http:\/\/orthodoxia.be"],"url":"https:\/\/orthodoxia.be\/de\/author\/p-emilianos\/"}]}},"_links":{"self":[{"href":"https:\/\/orthodoxia.be\/de\/wp-json\/wp\/v2\/posts\/24772","targetHints":{"allow":["GET"]}}],"collection":[{"href":"https:\/\/orthodoxia.be\/de\/wp-json\/wp\/v2\/posts"}],"about":[{"href":"https:\/\/orthodoxia.be\/de\/wp-json\/wp\/v2\/types\/post"}],"author":[{"embeddable":true,"href":"https:\/\/orthodoxia.be\/de\/wp-json\/wp\/v2\/users\/10"}],"replies":[{"embeddable":true,"href":"https:\/\/orthodoxia.be\/de\/wp-json\/wp\/v2\/comments?post=24772"}],"version-history":[{"count":1,"href":"https:\/\/orthodoxia.be\/de\/wp-json\/wp\/v2\/posts\/24772\/revisions"}],"predecessor-version":[{"id":24773,"href":"https:\/\/orthodoxia.be\/de\/wp-json\/wp\/v2\/posts\/24772\/revisions\/24773"}],"wp:featuredmedia":[{"embeddable":true,"href":"https:\/\/orthodoxia.be\/de\/wp-json\/wp\/v2\/media\/18122"}],"wp:attachment":[{"href":"https:\/\/orthodoxia.be\/de\/wp-json\/wp\/v2\/media?parent=24772"}],"wp:term":[{"taxonomy":"category","embeddable":true,"href":"https:\/\/orthodoxia.be\/de\/wp-json\/wp\/v2\/categories?post=24772"},{"taxonomy":"post_tag","embeddable":true,"href":"https:\/\/orthodoxia.be\/de\/wp-json\/wp\/v2\/tags?post=24772"}],"curies":[{"name":"wp","href":"https:\/\/api.w.org\/{rel}","templated":true}]}}