{"id":25273,"date":"2020-04-18T14:21:06","date_gmt":"2020-04-18T12:21:06","guid":{"rendered":"http:\/\/orthodoxia.be\/?p=25273"},"modified":"2020-04-18T14:40:40","modified_gmt":"2020-04-18T12:40:40","slug":"ostern-2020-botschaft-seiner-eminenz-metropolit-von-belgien-exarch-der-niederlanden-und-luxemburg-h-athenagoras","status":"publish","type":"post","link":"https:\/\/orthodoxia.be\/de\/2020\/04\/18\/ostern-2020-botschaft-seiner-eminenz-metropolit-von-belgien-exarch-der-niederlanden-und-luxemburg-h-athenagoras\/","title":{"rendered":"Ostern 2020 \u2013 Botschaft Seiner Eminenz Metropolit von Belgien, Exarch der Niederlanden und Luxemburg h. Athenagoras"},"content":{"rendered":"<p style=\"text-align: center;\"><strong>BOTSCHAFT<\/strong><br \/>\n<strong>SEINER EMINENZ METROPOLIT VON BELGIEN<\/strong><br \/>\n<strong>EXARCH DER NIEDERLANDEN UND LUXEMBURG H.ATHENAGORAS<\/strong><\/p>\n<p style=\"text-align: center;\"><strong>OSTERN 2020<\/strong><\/p>\n<p style=\"text-align: justify;\">Prot. 240\/2020<\/p>\n<p style=\"text-align: justify;\"><strong>Meine Lieben,<\/strong><br \/>\n<strong>Christus ist auferstanden!<\/strong><\/p>\n<p style=\"text-align: justify;\">Christus ist Auferstanden aus den Toten als der \u201eerstgeborene zwischen den Toten\u201c, und niemand von denen die an Ihn glaubenden befindet sich im Grab ohne Hoffnung. Alle die sich im Grab befinden erwarten auch auf ihre eigene Auferstehung. Christus ist Auferstanden und wir werden auch auferstehen!<\/p>\n<p style=\"text-align: justify;\">Die Tore des k\u00fcnftigen Reichs sind schon offen, und wird uns immer mehr bewusster, dass Gott uns nach seinem Abbild schuf, um uns zu erlauben an Seinem ewigen Leben teil zu nehmen. Unsere Teilnahme an dem ewigen Leben ist uns hier auf Erde mit dem sacramentalen Leben der Kirche gegeben. Auch wenn wir dieses Jahr nicht verm\u00f6gen ,,Ostern in unseren Kirchen zu feiern, lasst uns erinnern dass jede Ber\u00fchrung mit Christus Ostern ist. In der G\u00f6ttlichen Liturgie bekommen wir Gnade, weil dort Anwesend der Herr Jesus ist, und Er vollzieht das Mysterium und der Gleiche wird sich bei den gl\u00e4ubigen mit geteilt. Aber auch wenn wir Seinen Namen anrufen, treten wir in der gleichen Gegenwart Christi ein und haben wir die gleiche Gnade. Folglich,wenn wir uns der Liturgie entbehren, Seinen Namen haben wir immer, wir entbehren uns nicht den Herrn\u201c, wie so sch\u00f6n es uns der Archimandrit Zacharias aus dem patriarchal Kloster von Essex errinnert.<\/p>\n<p style=\"text-align: justify;\">In der Auferstehung Christi finden wir die Antwort zu allen Fragen die den Menschen belasten. Noch fragen wir uns nach dem Sinn des Schmerzens und des Todes. Diese Frage wird noch mehr in diesen schwierigen Tagen der Pandemie gestellt. H\u00e4ufig, verstehen wir nicht warum der Herr uns mit dieser Versuchung gegen\u00fcber stehen l\u00e4sst, aber jetzt, wissen wie eins: dass Christus Auferstanden ist wir haben die M\u00f6glichkeit an Seinem Licht der Auferstehung teil zu nehmen.<\/p>\n<p style=\"text-align: justify;\">M\u00f6ge Ostern f\u00fcr jeden von uns Zeit gro\u00dfer Freude und Lichtes zu sein.<\/p>\n<p style=\"text-align: justify;\">Christus ist Auferstanden! Wahrhaftig Auferstanden der Herr!<\/p>\n<p style=\"text-align: justify;\">Mit v\u00e4terlichen Segen und mit der Liebe in Auferstandenen Christus.<\/p>\n<p style=\"text-align: center;\">Der Metropolit<\/p>\n<p style=\"text-align: center;\"><strong>\u2020 Athenagoras von Belgien,<\/strong><br \/>\n<strong>Exarch, der Niederlanden und von Luxemburg<\/strong><\/p>\n","protected":false},"excerpt":{"rendered":"<p>BOTSCHAFT SEINER EMINENZ METROPOLIT VON BELGIEN EXARCH DER NIEDERLANDEN UND LUXEMBURG H.ATHENAGORAS OSTERN 2020 Prot. 240\/2020 Meine Lieben, Christus ist auferstanden! Christus ist Auferstanden aus den Toten als der \u201eerstgeborene zwischen den Toten\u201c, und niemand von denen die an Ihn glaubenden befindet sich im Grab ohne Hoffnung. Alle die sich im Grab befinden erwarten auch &hellip; <a href=\"https:\/\/orthodoxia.be\/de\/2020\/04\/18\/ostern-2020-botschaft-seiner-eminenz-metropolit-von-belgien-exarch-der-niederlanden-und-luxemburg-h-athenagoras\/\">Continued<\/a><\/p>\n","protected":false},"author":10,"featured_media":4942,"comment_status":"closed","ping_status":"open","sticky":false,"template":"","format":"standard","meta":{"_acf_changed":false,"footnotes":""},"categories":[4],"tags":[],"class_list":["post-25273","post","type-post","status-publish","format-standard","has-post-thumbnail","hentry","category-unkategorisiert"],"acf":[],"yoast_head":"<!-- This site is optimized with the Yoast SEO plugin v24.3 - https:\/\/yoast.com\/wordpress\/plugins\/seo\/ -->\n<title>Ostern 2020 - Botschaft Seiner Eminenz Metropolit von Belgien, Exarch der Niederlanden und Luxemburg h. Athenagoras - Orthodox Archdiocese of Belgium<\/title>\n<meta name=\"robots\" content=\"index, follow, max-snippet:-1, max-image-preview:large, max-video-preview:-1\" \/>\n<link rel=\"canonical\" href=\"https:\/\/orthodoxia.be\/de\/2020\/04\/18\/ostern-2020-botschaft-seiner-eminenz-metropolit-von-belgien-exarch-der-niederlanden-und-luxemburg-h-athenagoras\/\" \/>\n<meta property=\"og:locale\" content=\"de_DE\" \/>\n<meta property=\"og:type\" content=\"article\" \/>\n<meta property=\"og:title\" content=\"Ostern 2020 - Botschaft Seiner Eminenz Metropolit von Belgien, Exarch der Niederlanden und Luxemburg h. Athenagoras - Orthodox Archdiocese of Belgium\" \/>\n<meta property=\"og:description\" content=\"BOTSCHAFT SEINER EMINENZ METROPOLIT VON BELGIEN EXARCH DER NIEDERLANDEN UND LUXEMBURG H.ATHENAGORAS OSTERN 2020 Prot. 240\/2020 Meine Lieben, Christus ist auferstanden! Christus ist Auferstanden aus den Toten als der \u201eerstgeborene zwischen den Toten\u201c, und niemand von denen die an Ihn glaubenden befindet sich im Grab ohne Hoffnung. Alle die sich im Grab befinden erwarten auch &hellip; Continued\" \/>\n<meta property=\"og:url\" content=\"https:\/\/orthodoxia.be\/de\/2020\/04\/18\/ostern-2020-botschaft-seiner-eminenz-metropolit-von-belgien-exarch-der-niederlanden-und-luxemburg-h-athenagoras\/\" \/>\n<meta property=\"og:site_name\" content=\"Orthodox Archdiocese of Belgium\" \/>\n<meta property=\"article:publisher\" content=\"https:\/\/www.facebook.com\/orthobel\" \/>\n<meta property=\"article:published_time\" content=\"2020-04-18T12:21:06+00:00\" \/>\n<meta property=\"article:modified_time\" content=\"2020-04-18T12:40:40+00:00\" \/>\n<meta property=\"og:image\" content=\"https:\/\/orthodoxia.be\/wp-content\/uploads\/2017\/10\/athenagoras-belgiou-e1537778200617.jpg\" \/>\n\t<meta property=\"og:image:width\" content=\"500\" \/>\n\t<meta property=\"og:image:height\" content=\"755\" \/>\n\t<meta property=\"og:image:type\" content=\"image\/jpeg\" \/>\n<meta name=\"author\" content=\"fr. Emilianos Chatzivasileiou\" \/>\n<meta name=\"twitter:card\" content=\"summary_large_image\" \/>\n<meta name=\"twitter:creator\" content=\"@orthobel\" \/>\n<meta name=\"twitter:site\" content=\"@orthobel\" \/>\n<meta name=\"twitter:label1\" content=\"Verfasst von\" \/>\n\t<meta name=\"twitter:data1\" content=\"fr. Emilianos Chatzivasileiou\" \/>\n\t<meta name=\"twitter:label2\" content=\"Gesch\u00e4tzte Lesezeit\" \/>\n\t<meta name=\"twitter:data2\" content=\"2\u00a0Minuten\" \/>\n<script type=\"application\/ld+json\" class=\"yoast-schema-graph\">{\"@context\":\"https:\/\/schema.org\",\"@graph\":[{\"@type\":\"Article\",\"@id\":\"https:\/\/orthodoxia.be\/de\/2020\/04\/18\/ostern-2020-botschaft-seiner-eminenz-metropolit-von-belgien-exarch-der-niederlanden-und-luxemburg-h-athenagoras\/#article\",\"isPartOf\":{\"@id\":\"https:\/\/orthodoxia.be\/de\/2020\/04\/18\/ostern-2020-botschaft-seiner-eminenz-metropolit-von-belgien-exarch-der-niederlanden-und-luxemburg-h-athenagoras\/\"},\"author\":{\"name\":\"fr. Emilianos Chatzivasileiou\",\"@id\":\"https:\/\/orthodoxia.be\/#\/schema\/person\/f6c4fd8f4c3dfc201522ccccede872c4\"},\"headline\":\"Ostern 2020 \u2013 Botschaft Seiner Eminenz Metropolit von Belgien, Exarch der Niederlanden und Luxemburg h. Athenagoras\",\"datePublished\":\"2020-04-18T12:21:06+00:00\",\"dateModified\":\"2020-04-18T12:40:40+00:00\",\"mainEntityOfPage\":{\"@id\":\"https:\/\/orthodoxia.be\/de\/2020\/04\/18\/ostern-2020-botschaft-seiner-eminenz-metropolit-von-belgien-exarch-der-niederlanden-und-luxemburg-h-athenagoras\/\"},\"wordCount\":366,\"publisher\":{\"@id\":\"https:\/\/orthodoxia.be\/#organization\"},\"image\":{\"@id\":\"https:\/\/orthodoxia.be\/de\/2020\/04\/18\/ostern-2020-botschaft-seiner-eminenz-metropolit-von-belgien-exarch-der-niederlanden-und-luxemburg-h-athenagoras\/#primaryimage\"},\"thumbnailUrl\":\"https:\/\/orthodoxia.be\/wp-content\/uploads\/2017\/10\/athenagoras-belgiou-e1537778200617.jpg\",\"articleSection\":[\"Unkategorisiert\"],\"inLanguage\":\"de\"},{\"@type\":\"WebPage\",\"@id\":\"https:\/\/orthodoxia.be\/de\/2020\/04\/18\/ostern-2020-botschaft-seiner-eminenz-metropolit-von-belgien-exarch-der-niederlanden-und-luxemburg-h-athenagoras\/\",\"url\":\"https:\/\/orthodoxia.be\/de\/2020\/04\/18\/ostern-2020-botschaft-seiner-eminenz-metropolit-von-belgien-exarch-der-niederlanden-und-luxemburg-h-athenagoras\/\",\"name\":\"Ostern 2020 - Botschaft Seiner Eminenz Metropolit von Belgien, Exarch der Niederlanden und Luxemburg h. Athenagoras - Orthodox Archdiocese of Belgium\",\"isPartOf\":{\"@id\":\"https:\/\/orthodoxia.be\/#website\"},\"primaryImageOfPage\":{\"@id\":\"https:\/\/orthodoxia.be\/de\/2020\/04\/18\/ostern-2020-botschaft-seiner-eminenz-metropolit-von-belgien-exarch-der-niederlanden-und-luxemburg-h-athenagoras\/#primaryimage\"},\"image\":{\"@id\":\"https:\/\/orthodoxia.be\/de\/2020\/04\/18\/ostern-2020-botschaft-seiner-eminenz-metropolit-von-belgien-exarch-der-niederlanden-und-luxemburg-h-athenagoras\/#primaryimage\"},\"thumbnailUrl\":\"https:\/\/orthodoxia.be\/wp-content\/uploads\/2017\/10\/athenagoras-belgiou-e1537778200617.jpg\",\"datePublished\":\"2020-04-18T12:21:06+00:00\",\"dateModified\":\"2020-04-18T12:40:40+00:00\",\"breadcrumb\":{\"@id\":\"https:\/\/orthodoxia.be\/de\/2020\/04\/18\/ostern-2020-botschaft-seiner-eminenz-metropolit-von-belgien-exarch-der-niederlanden-und-luxemburg-h-athenagoras\/#breadcrumb\"},\"inLanguage\":\"de\",\"potentialAction\":[{\"@type\":\"ReadAction\",\"target\":[\"https:\/\/orthodoxia.be\/de\/2020\/04\/18\/ostern-2020-botschaft-seiner-eminenz-metropolit-von-belgien-exarch-der-niederlanden-und-luxemburg-h-athenagoras\/\"]}]},{\"@type\":\"ImageObject\",\"inLanguage\":\"de\",\"@id\":\"https:\/\/orthodoxia.be\/de\/2020\/04\/18\/ostern-2020-botschaft-seiner-eminenz-metropolit-von-belgien-exarch-der-niederlanden-und-luxemburg-h-athenagoras\/#primaryimage\",\"url\":\"https:\/\/orthodoxia.be\/wp-content\/uploads\/2017\/10\/athenagoras-belgiou-e1537778200617.jpg\",\"contentUrl\":\"https:\/\/orthodoxia.be\/wp-content\/uploads\/2017\/10\/athenagoras-belgiou-e1537778200617.jpg\",\"width\":500,\"height\":755},{\"@type\":\"BreadcrumbList\",\"@id\":\"https:\/\/orthodoxia.be\/de\/2020\/04\/18\/ostern-2020-botschaft-seiner-eminenz-metropolit-von-belgien-exarch-der-niederlanden-und-luxemburg-h-athenagoras\/#breadcrumb\",\"itemListElement\":[{\"@type\":\"ListItem\",\"position\":1,\"name\":\"Home\",\"item\":\"https:\/\/orthodoxia.be\/\"},{\"@type\":\"ListItem\",\"position\":2,\"name\":\"Ostern 2020 &#8211; Botschaft Seiner Eminenz Metropolit von Belgien, Exarch der Niederlanden und Luxemburg h. Athenagoras\"}]},{\"@type\":\"WebSite\",\"@id\":\"https:\/\/orthodoxia.be\/#website\",\"url\":\"https:\/\/orthodoxia.be\/\",\"name\":\"Orthodox Archdiocese of Belgium (Benelux)\",\"description\":\"Orthodox Archdiocese of Belgium\",\"publisher\":{\"@id\":\"https:\/\/orthodoxia.be\/#organization\"},\"alternateName\":\"IMB\",\"potentialAction\":[{\"@type\":\"SearchAction\",\"target\":{\"@type\":\"EntryPoint\",\"urlTemplate\":\"https:\/\/orthodoxia.be\/?s={search_term_string}\"},\"query-input\":{\"@type\":\"PropertyValueSpecification\",\"valueRequired\":true,\"valueName\":\"search_term_string\"}}],\"inLanguage\":\"de\"},{\"@type\":\"Organization\",\"@id\":\"https:\/\/orthodoxia.be\/#organization\",\"name\":\"Orthodox Archdiocese of Belgium (Benelux)\",\"url\":\"https:\/\/orthodoxia.be\/\",\"logo\":{\"@type\":\"ImageObject\",\"inLanguage\":\"de\",\"@id\":\"https:\/\/orthodoxia.be\/#\/schema\/logo\/image\/\",\"url\":\"https:\/\/orthodoxia.be\/wp-content\/uploads\/2024\/02\/cropped-IMB-logo-512-cl-1.png\",\"contentUrl\":\"https:\/\/orthodoxia.be\/wp-content\/uploads\/2024\/02\/cropped-IMB-logo-512-cl-1.png\",\"width\":512,\"height\":512,\"caption\":\"Orthodox Archdiocese of Belgium (Benelux)\"},\"image\":{\"@id\":\"https:\/\/orthodoxia.be\/#\/schema\/logo\/image\/\"},\"sameAs\":[\"https:\/\/www.facebook.com\/orthobel\",\"https:\/\/x.com\/orthobel\",\"https:\/\/www.youtube.com\/c\/orthobel\",\"https:\/\/www.mixcloud.com\/orthobel\/\",\"https:\/\/www.flickr.com\/photos\/148264890@N07\/albums\",\"https:\/\/www.dailymotion.com\/Orthobel\"]},{\"@type\":\"Person\",\"@id\":\"https:\/\/orthodoxia.be\/#\/schema\/person\/f6c4fd8f4c3dfc201522ccccede872c4\",\"name\":\"fr. Emilianos Chatzivasileiou\",\"image\":{\"@type\":\"ImageObject\",\"inLanguage\":\"de\",\"@id\":\"https:\/\/orthodoxia.be\/#\/schema\/person\/image\/\",\"url\":\"https:\/\/secure.gravatar.com\/avatar\/5b67115dbb9ae1579c39e9ae857d39ac?s=96&d=mm&r=g\",\"contentUrl\":\"https:\/\/secure.gravatar.com\/avatar\/5b67115dbb9ae1579c39e9ae857d39ac?s=96&d=mm&r=g\",\"caption\":\"fr. Emilianos Chatzivasileiou\"},\"sameAs\":[\"http:\/\/orthodoxia.be\"],\"url\":\"https:\/\/orthodoxia.be\/de\/author\/p-emilianos\/\"}]}<\/script>\n<!-- \/ Yoast SEO plugin. -->","yoast_head_json":{"title":"Ostern 2020 - Botschaft Seiner Eminenz Metropolit von Belgien, Exarch der Niederlanden und Luxemburg h. Athenagoras - Orthodox Archdiocese of Belgium","robots":{"index":"index","follow":"follow","max-snippet":"max-snippet:-1","max-image-preview":"max-image-preview:large","max-video-preview":"max-video-preview:-1"},"canonical":"https:\/\/orthodoxia.be\/de\/2020\/04\/18\/ostern-2020-botschaft-seiner-eminenz-metropolit-von-belgien-exarch-der-niederlanden-und-luxemburg-h-athenagoras\/","og_locale":"de_DE","og_type":"article","og_title":"Ostern 2020 - Botschaft Seiner Eminenz Metropolit von Belgien, Exarch der Niederlanden und Luxemburg h. Athenagoras - Orthodox Archdiocese of Belgium","og_description":"BOTSCHAFT SEINER EMINENZ METROPOLIT VON BELGIEN EXARCH DER NIEDERLANDEN UND LUXEMBURG H.ATHENAGORAS OSTERN 2020 Prot. 240\/2020 Meine Lieben, Christus ist auferstanden! Christus ist Auferstanden aus den Toten als der \u201eerstgeborene zwischen den Toten\u201c, und niemand von denen die an Ihn glaubenden befindet sich im Grab ohne Hoffnung. Alle die sich im Grab befinden erwarten auch &hellip; Continued","og_url":"https:\/\/orthodoxia.be\/de\/2020\/04\/18\/ostern-2020-botschaft-seiner-eminenz-metropolit-von-belgien-exarch-der-niederlanden-und-luxemburg-h-athenagoras\/","og_site_name":"Orthodox Archdiocese of Belgium","article_publisher":"https:\/\/www.facebook.com\/orthobel","article_published_time":"2020-04-18T12:21:06+00:00","article_modified_time":"2020-04-18T12:40:40+00:00","og_image":[{"width":500,"height":755,"url":"https:\/\/orthodoxia.be\/wp-content\/uploads\/2017\/10\/athenagoras-belgiou-e1537778200617.jpg","type":"image\/jpeg"}],"author":"fr. Emilianos Chatzivasileiou","twitter_card":"summary_large_image","twitter_creator":"@orthobel","twitter_site":"@orthobel","twitter_misc":{"Verfasst von":"fr. Emilianos Chatzivasileiou","Gesch\u00e4tzte Lesezeit":"2\u00a0Minuten"},"schema":{"@context":"https:\/\/schema.org","@graph":[{"@type":"Article","@id":"https:\/\/orthodoxia.be\/de\/2020\/04\/18\/ostern-2020-botschaft-seiner-eminenz-metropolit-von-belgien-exarch-der-niederlanden-und-luxemburg-h-athenagoras\/#article","isPartOf":{"@id":"https:\/\/orthodoxia.be\/de\/2020\/04\/18\/ostern-2020-botschaft-seiner-eminenz-metropolit-von-belgien-exarch-der-niederlanden-und-luxemburg-h-athenagoras\/"},"author":{"name":"fr. Emilianos Chatzivasileiou","@id":"https:\/\/orthodoxia.be\/#\/schema\/person\/f6c4fd8f4c3dfc201522ccccede872c4"},"headline":"Ostern 2020 \u2013 Botschaft Seiner Eminenz Metropolit von Belgien, Exarch der Niederlanden und Luxemburg h. Athenagoras","datePublished":"2020-04-18T12:21:06+00:00","dateModified":"2020-04-18T12:40:40+00:00","mainEntityOfPage":{"@id":"https:\/\/orthodoxia.be\/de\/2020\/04\/18\/ostern-2020-botschaft-seiner-eminenz-metropolit-von-belgien-exarch-der-niederlanden-und-luxemburg-h-athenagoras\/"},"wordCount":366,"publisher":{"@id":"https:\/\/orthodoxia.be\/#organization"},"image":{"@id":"https:\/\/orthodoxia.be\/de\/2020\/04\/18\/ostern-2020-botschaft-seiner-eminenz-metropolit-von-belgien-exarch-der-niederlanden-und-luxemburg-h-athenagoras\/#primaryimage"},"thumbnailUrl":"https:\/\/orthodoxia.be\/wp-content\/uploads\/2017\/10\/athenagoras-belgiou-e1537778200617.jpg","articleSection":["Unkategorisiert"],"inLanguage":"de"},{"@type":"WebPage","@id":"https:\/\/orthodoxia.be\/de\/2020\/04\/18\/ostern-2020-botschaft-seiner-eminenz-metropolit-von-belgien-exarch-der-niederlanden-und-luxemburg-h-athenagoras\/","url":"https:\/\/orthodoxia.be\/de\/2020\/04\/18\/ostern-2020-botschaft-seiner-eminenz-metropolit-von-belgien-exarch-der-niederlanden-und-luxemburg-h-athenagoras\/","name":"Ostern 2020 - Botschaft Seiner Eminenz Metropolit von Belgien, Exarch der Niederlanden und Luxemburg h. Athenagoras - Orthodox Archdiocese of Belgium","isPartOf":{"@id":"https:\/\/orthodoxia.be\/#website"},"primaryImageOfPage":{"@id":"https:\/\/orthodoxia.be\/de\/2020\/04\/18\/ostern-2020-botschaft-seiner-eminenz-metropolit-von-belgien-exarch-der-niederlanden-und-luxemburg-h-athenagoras\/#primaryimage"},"image":{"@id":"https:\/\/orthodoxia.be\/de\/2020\/04\/18\/ostern-2020-botschaft-seiner-eminenz-metropolit-von-belgien-exarch-der-niederlanden-und-luxemburg-h-athenagoras\/#primaryimage"},"thumbnailUrl":"https:\/\/orthodoxia.be\/wp-content\/uploads\/2017\/10\/athenagoras-belgiou-e1537778200617.jpg","datePublished":"2020-04-18T12:21:06+00:00","dateModified":"2020-04-18T12:40:40+00:00","breadcrumb":{"@id":"https:\/\/orthodoxia.be\/de\/2020\/04\/18\/ostern-2020-botschaft-seiner-eminenz-metropolit-von-belgien-exarch-der-niederlanden-und-luxemburg-h-athenagoras\/#breadcrumb"},"inLanguage":"de","potentialAction":[{"@type":"ReadAction","target":["https:\/\/orthodoxia.be\/de\/2020\/04\/18\/ostern-2020-botschaft-seiner-eminenz-metropolit-von-belgien-exarch-der-niederlanden-und-luxemburg-h-athenagoras\/"]}]},{"@type":"ImageObject","inLanguage":"de","@id":"https:\/\/orthodoxia.be\/de\/2020\/04\/18\/ostern-2020-botschaft-seiner-eminenz-metropolit-von-belgien-exarch-der-niederlanden-und-luxemburg-h-athenagoras\/#primaryimage","url":"https:\/\/orthodoxia.be\/wp-content\/uploads\/2017\/10\/athenagoras-belgiou-e1537778200617.jpg","contentUrl":"https:\/\/orthodoxia.be\/wp-content\/uploads\/2017\/10\/athenagoras-belgiou-e1537778200617.jpg","width":500,"height":755},{"@type":"BreadcrumbList","@id":"https:\/\/orthodoxia.be\/de\/2020\/04\/18\/ostern-2020-botschaft-seiner-eminenz-metropolit-von-belgien-exarch-der-niederlanden-und-luxemburg-h-athenagoras\/#breadcrumb","itemListElement":[{"@type":"ListItem","position":1,"name":"Home","item":"https:\/\/orthodoxia.be\/"},{"@type":"ListItem","position":2,"name":"Ostern 2020 &#8211; Botschaft Seiner Eminenz Metropolit von Belgien, Exarch der Niederlanden und Luxemburg h. Athenagoras"}]},{"@type":"WebSite","@id":"https:\/\/orthodoxia.be\/#website","url":"https:\/\/orthodoxia.be\/","name":"Orthodox Archdiocese of Belgium (Benelux)","description":"Orthodox Archdiocese of Belgium","publisher":{"@id":"https:\/\/orthodoxia.be\/#organization"},"alternateName":"IMB","potentialAction":[{"@type":"SearchAction","target":{"@type":"EntryPoint","urlTemplate":"https:\/\/orthodoxia.be\/?s={search_term_string}"},"query-input":{"@type":"PropertyValueSpecification","valueRequired":true,"valueName":"search_term_string"}}],"inLanguage":"de"},{"@type":"Organization","@id":"https:\/\/orthodoxia.be\/#organization","name":"Orthodox Archdiocese of Belgium (Benelux)","url":"https:\/\/orthodoxia.be\/","logo":{"@type":"ImageObject","inLanguage":"de","@id":"https:\/\/orthodoxia.be\/#\/schema\/logo\/image\/","url":"https:\/\/orthodoxia.be\/wp-content\/uploads\/2024\/02\/cropped-IMB-logo-512-cl-1.png","contentUrl":"https:\/\/orthodoxia.be\/wp-content\/uploads\/2024\/02\/cropped-IMB-logo-512-cl-1.png","width":512,"height":512,"caption":"Orthodox Archdiocese of Belgium (Benelux)"},"image":{"@id":"https:\/\/orthodoxia.be\/#\/schema\/logo\/image\/"},"sameAs":["https:\/\/www.facebook.com\/orthobel","https:\/\/x.com\/orthobel","https:\/\/www.youtube.com\/c\/orthobel","https:\/\/www.mixcloud.com\/orthobel\/","https:\/\/www.flickr.com\/photos\/148264890@N07\/albums","https:\/\/www.dailymotion.com\/Orthobel"]},{"@type":"Person","@id":"https:\/\/orthodoxia.be\/#\/schema\/person\/f6c4fd8f4c3dfc201522ccccede872c4","name":"fr. Emilianos Chatzivasileiou","image":{"@type":"ImageObject","inLanguage":"de","@id":"https:\/\/orthodoxia.be\/#\/schema\/person\/image\/","url":"https:\/\/secure.gravatar.com\/avatar\/5b67115dbb9ae1579c39e9ae857d39ac?s=96&d=mm&r=g","contentUrl":"https:\/\/secure.gravatar.com\/avatar\/5b67115dbb9ae1579c39e9ae857d39ac?s=96&d=mm&r=g","caption":"fr. Emilianos Chatzivasileiou"},"sameAs":["http:\/\/orthodoxia.be"],"url":"https:\/\/orthodoxia.be\/de\/author\/p-emilianos\/"}]}},"_links":{"self":[{"href":"https:\/\/orthodoxia.be\/de\/wp-json\/wp\/v2\/posts\/25273","targetHints":{"allow":["GET"]}}],"collection":[{"href":"https:\/\/orthodoxia.be\/de\/wp-json\/wp\/v2\/posts"}],"about":[{"href":"https:\/\/orthodoxia.be\/de\/wp-json\/wp\/v2\/types\/post"}],"author":[{"embeddable":true,"href":"https:\/\/orthodoxia.be\/de\/wp-json\/wp\/v2\/users\/10"}],"replies":[{"embeddable":true,"href":"https:\/\/orthodoxia.be\/de\/wp-json\/wp\/v2\/comments?post=25273"}],"version-history":[{"count":1,"href":"https:\/\/orthodoxia.be\/de\/wp-json\/wp\/v2\/posts\/25273\/revisions"}],"predecessor-version":[{"id":25274,"href":"https:\/\/orthodoxia.be\/de\/wp-json\/wp\/v2\/posts\/25273\/revisions\/25274"}],"wp:featuredmedia":[{"embeddable":true,"href":"https:\/\/orthodoxia.be\/de\/wp-json\/wp\/v2\/media\/4942"}],"wp:attachment":[{"href":"https:\/\/orthodoxia.be\/de\/wp-json\/wp\/v2\/media?parent=25273"}],"wp:term":[{"taxonomy":"category","embeddable":true,"href":"https:\/\/orthodoxia.be\/de\/wp-json\/wp\/v2\/categories?post=25273"},{"taxonomy":"post_tag","embeddable":true,"href":"https:\/\/orthodoxia.be\/de\/wp-json\/wp\/v2\/tags?post=25273"}],"curies":[{"name":"wp","href":"https:\/\/api.w.org\/{rel}","templated":true}]}}