{"id":39943,"date":"2022-12-22T18:42:54","date_gmt":"2022-12-22T17:42:54","guid":{"rendered":"http:\/\/orthodoxia.be\/?p=39943"},"modified":"2022-12-22T18:49:59","modified_gmt":"2022-12-22T17:49:59","slug":"weihnachtsbotschaft-2022-seiner-eminenz-des-metropoliten-athenagoras-von-belgien-und-exarchen-der-niederlande-und-luxemburg","status":"publish","type":"post","link":"https:\/\/orthodoxia.be\/de\/2022\/12\/22\/weihnachtsbotschaft-2022-seiner-eminenz-des-metropoliten-athenagoras-von-belgien-und-exarchen-der-niederlande-und-luxemburg\/","title":{"rendered":"Weihnachtsbotschaft 2022 Seiner Eminenz des Metropoliten Athenagoras von Belgien und Exarchen der Niederlande und Luxemburg"},"content":{"rendered":"<h2 style=\"text-align: center;\"><strong><span style=\"color: #800000;\">WEIHNACHTSBOTSCHAFT<\/span><\/strong><br \/>\n<strong><span style=\"color: #800000;\">SEINER EMINENZ DES METROPOLITEN ATHENAGORAS VON BELGIEN<\/span><\/strong><br \/>\n<strong><span style=\"color: #800000;\">UND EXARCHEN DER NIEDERLANDE UND LUXEMBURG<\/span><\/strong><br \/>\n<strong><span style=\"color: #800000;\">WEIHNACHTEN 2022<\/span><\/strong><\/h2>\n<p style=\"text-align: justify;\">Protokollnummer 955\/2022<\/p>\n<p style=\"text-align: justify;\"><strong>Meine Lieben in Christus,<\/strong><br \/>\n\u201cEhre sei Gott in der H\u00f6hen, und auf Erden Friede unter den Menschen Wohlgefallen\u201d.<\/p>\n<p style=\"text-align: justify;\">Das vorherrschende Merkmal von Weihnachten ist das einzigartige Ereignis der Ankunft und Gegenwart des Sohnes und Wortes Gottes in der Welt. Christus kommt nicht als Besucher, der uns h\u00f6flich gr\u00fc\u00dft und dann wieder geht. Er kommt, um bei uns zu bleiben. Dies ist die Bedeutung des Namens Emmanuel, der &#8220;Gott mit uns&#8221; bedeutet. Er kommt nicht als fordernder Herrscher, um uns unserer Freiheit zu berauben und uns seine Art, die Dinge zu tun, aufzuzwingen. Nein, er kommt als Kind und teilt unsere N\u00f6te und Sorgen.Er kommt mit einem unsichtbaren L\u00e4cheln des Friedens und der Hoffnung, um bei uns zu bleiben. Und doch wird es Pr\u00fcfungen, Angriffe, Bedr\u00e4ngnisse geben, die in seiner g\u00f6ttlichen Passion gipfeln werden, die nichts anderes ist als seine Teilnahme an unserem Leiden. Er kommt, um bei uns zu bleiben, um uns zu unterst\u00fctzen und uns mit der Verhei\u00dfung seiner Auferstehung zu tr\u00f6sten: &#8220;Und siehe, ich bin bei euch alle Tage bis an das Ende der Welt&#8221; (Mt 28,20). Er begleitet uns nicht nur in unseren Erfolgen, bei guter Gesundheit und in harmonischen Beziehungen zu anderen, sondern er bleibt auch in den dunkelsten Momenten unseres Lebens bei uns, wenn wir durch Kummer, Misserfolg und Krankheit gepr\u00fcft werden.<\/p>\n<p style=\"text-align: justify;\">Aber wir m\u00fcssen wissen, dass wir ihn nicht um Hilfe in den schwierigen Momenten unseres Lebens bitten und gleichzeitig seinen Willen in unserem t\u00e4glichen Leben ignorieren oder vernachl\u00e4ssigen k\u00f6nnen. Wir m\u00fcssen seine Gegenwart st\u00e4ndig sp\u00fcren und unser Leben von ihm leiten lassen. Es ist diese Gegenwart des Herrn, die wir in der heutigen Zeit direkter leben m\u00fcssen, indem wir weniger nach materiellen Dingen und Macht streben und die richtigen Priorit\u00e4ten setzen, wie Solidarit\u00e4t und echte N\u00e4chstenliebe.<\/p>\n<p style=\"text-align: justify;\">Lasst uns also denen helfen, die einsam sind, die Angst haben, die in Not sind, die leiden, und lasst uns Weihnachten in Ehrfurcht feiern. Denken wir besonders an alle, die unter dem Krieg leiden. Das gro\u00dfe Fest der Weihnacht sollte nicht einfach als Erinnerung an ein liebenswertes Kind gefeiert werden, sondern es sollte f\u00fcr uns eine klare Botschaft der Hoffnung sein, ein einzigartiger Ausdruck der Liebe, der Allmacht Gottes des Vaters, des Herrn und Sch\u00f6pfers des Universums, als Garantie daf\u00fcr, dass wir nicht allein sind, weder in unserem pers\u00f6nlichen Leben, noch in dem unserer Kirchengemeinschaft, noch als Menschheit.<\/p>\n<p style=\"text-align: justify;\">Das wichtigste Weihnachtsgeschenk, das wir uns selbst und unseren Mitmenschen machen k\u00f6nnen, besteht darin, dass wir uns der Gegenwart Christi, des Erl\u00f6sers, bewusst sind und sie in unseren t\u00e4glichen Aktivit\u00e4ten bezeugen.<\/p>\n<p style=\"text-align: justify;\">Gesegnete Weihnachten und ein neues Jahr voller Gesundheit und g\u00f6ttlichem Segen!<\/p>\n<p style=\"text-align: justify;\">Mit v\u00e4terlichen W\u00fcnschen und meiner Liebe im menschgewordenen Herrn..<\/p>\n<p style=\"text-align: justify;\">In Br\u00fcssel, in der Heiligen Metropolie, Weihnachten 2022<\/p>\n<p style=\"text-align: center;\"><strong>\u2020 Metropolit Athenagoras von Belgien<\/strong><br \/>\n<strong>Exarch der Niederlande und von Luxemburg<\/strong><\/p>\n","protected":false},"excerpt":{"rendered":"<p>WEIHNACHTSBOTSCHAFT SEINER EMINENZ DES METROPOLITEN ATHENAGORAS VON BELGIEN UND EXARCHEN DER NIEDERLANDE UND LUXEMBURG WEIHNACHTEN 2022 Protokollnummer 955\/2022 Meine Lieben in Christus, \u201cEhre sei Gott in der H\u00f6hen, und auf Erden Friede unter den Menschen Wohlgefallen\u201d. Das vorherrschende Merkmal von Weihnachten ist das einzigartige Ereignis der Ankunft und Gegenwart des Sohnes und Wortes Gottes in &hellip; <a href=\"https:\/\/orthodoxia.be\/de\/2022\/12\/22\/weihnachtsbotschaft-2022-seiner-eminenz-des-metropoliten-athenagoras-von-belgien-und-exarchen-der-niederlande-und-luxemburg\/\">Continued<\/a><\/p>\n","protected":false},"author":10,"featured_media":23367,"comment_status":"closed","ping_status":"open","sticky":false,"template":"","format":"standard","meta":{"_acf_changed":false,"footnotes":""},"categories":[4],"tags":[],"class_list":["post-39943","post","type-post","status-publish","format-standard","has-post-thumbnail","hentry","category-unkategorisiert"],"acf":[],"yoast_head":"<!-- This site is optimized with the Yoast SEO plugin v24.3 - https:\/\/yoast.com\/wordpress\/plugins\/seo\/ -->\n<title>Weihnachtsbotschaft 2022 Seiner Eminenz des Metropoliten Athenagoras von Belgien und Exarchen der Niederlande und Luxemburg - Orthodox Archdiocese of Belgium<\/title>\n<meta name=\"robots\" content=\"index, follow, max-snippet:-1, max-image-preview:large, max-video-preview:-1\" \/>\n<link rel=\"canonical\" href=\"https:\/\/orthodoxia.be\/de\/2022\/12\/22\/weihnachtsbotschaft-2022-seiner-eminenz-des-metropoliten-athenagoras-von-belgien-und-exarchen-der-niederlande-und-luxemburg\/\" \/>\n<meta property=\"og:locale\" content=\"de_DE\" \/>\n<meta property=\"og:type\" content=\"article\" \/>\n<meta property=\"og:title\" content=\"Weihnachtsbotschaft 2022 Seiner Eminenz des Metropoliten Athenagoras von Belgien und Exarchen der Niederlande und Luxemburg - Orthodox Archdiocese of Belgium\" \/>\n<meta property=\"og:description\" content=\"WEIHNACHTSBOTSCHAFT SEINER EMINENZ DES METROPOLITEN ATHENAGORAS VON BELGIEN UND EXARCHEN DER NIEDERLANDE UND LUXEMBURG WEIHNACHTEN 2022 Protokollnummer 955\/2022 Meine Lieben in Christus, \u201cEhre sei Gott in der H\u00f6hen, und auf Erden Friede unter den Menschen Wohlgefallen\u201d. Das vorherrschende Merkmal von Weihnachten ist das einzigartige Ereignis der Ankunft und Gegenwart des Sohnes und Wortes Gottes in &hellip; Continued\" \/>\n<meta property=\"og:url\" content=\"https:\/\/orthodoxia.be\/de\/2022\/12\/22\/weihnachtsbotschaft-2022-seiner-eminenz-des-metropoliten-athenagoras-von-belgien-und-exarchen-der-niederlande-und-luxemburg\/\" \/>\n<meta property=\"og:site_name\" content=\"Orthodox Archdiocese of Belgium\" \/>\n<meta property=\"article:publisher\" content=\"https:\/\/www.facebook.com\/orthobel\" \/>\n<meta property=\"article:published_time\" content=\"2022-12-22T17:42:54+00:00\" \/>\n<meta property=\"article:modified_time\" content=\"2022-12-22T17:49:59+00:00\" \/>\n<meta property=\"og:image\" content=\"https:\/\/orthodoxia.be\/wp-content\/uploads\/2020\/03\/image001-\u03b1\u03bd\u03c4\u03af\u03b3\u03c1\u03b1\u03c6\u03bf.jpg\" \/>\n\t<meta property=\"og:image:width\" content=\"682\" \/>\n\t<meta property=\"og:image:height\" content=\"1023\" \/>\n\t<meta property=\"og:image:type\" content=\"image\/jpeg\" \/>\n<meta name=\"author\" content=\"fr. Emilianos Chatzivasileiou\" \/>\n<meta name=\"twitter:card\" content=\"summary_large_image\" \/>\n<meta name=\"twitter:creator\" content=\"@orthobel\" \/>\n<meta name=\"twitter:site\" content=\"@orthobel\" \/>\n<meta name=\"twitter:label1\" content=\"Verfasst von\" \/>\n\t<meta name=\"twitter:data1\" content=\"fr. Emilianos Chatzivasileiou\" \/>\n\t<meta name=\"twitter:label2\" content=\"Gesch\u00e4tzte Lesezeit\" \/>\n\t<meta name=\"twitter:data2\" content=\"3\u00a0Minuten\" \/>\n<script type=\"application\/ld+json\" class=\"yoast-schema-graph\">{\"@context\":\"https:\/\/schema.org\",\"@graph\":[{\"@type\":\"Article\",\"@id\":\"https:\/\/orthodoxia.be\/de\/2022\/12\/22\/weihnachtsbotschaft-2022-seiner-eminenz-des-metropoliten-athenagoras-von-belgien-und-exarchen-der-niederlande-und-luxemburg\/#article\",\"isPartOf\":{\"@id\":\"https:\/\/orthodoxia.be\/de\/2022\/12\/22\/weihnachtsbotschaft-2022-seiner-eminenz-des-metropoliten-athenagoras-von-belgien-und-exarchen-der-niederlande-und-luxemburg\/\"},\"author\":{\"name\":\"fr. Emilianos Chatzivasileiou\",\"@id\":\"https:\/\/orthodoxia.be\/#\/schema\/person\/f6c4fd8f4c3dfc201522ccccede872c4\"},\"headline\":\"Weihnachtsbotschaft 2022 Seiner Eminenz des Metropoliten Athenagoras von Belgien und Exarchen der Niederlande und Luxemburg\",\"datePublished\":\"2022-12-22T17:42:54+00:00\",\"dateModified\":\"2022-12-22T17:49:59+00:00\",\"mainEntityOfPage\":{\"@id\":\"https:\/\/orthodoxia.be\/de\/2022\/12\/22\/weihnachtsbotschaft-2022-seiner-eminenz-des-metropoliten-athenagoras-von-belgien-und-exarchen-der-niederlande-und-luxemburg\/\"},\"wordCount\":525,\"publisher\":{\"@id\":\"https:\/\/orthodoxia.be\/#organization\"},\"image\":{\"@id\":\"https:\/\/orthodoxia.be\/de\/2022\/12\/22\/weihnachtsbotschaft-2022-seiner-eminenz-des-metropoliten-athenagoras-von-belgien-und-exarchen-der-niederlande-und-luxemburg\/#primaryimage\"},\"thumbnailUrl\":\"https:\/\/orthodoxia.be\/wp-content\/uploads\/2020\/03\/image001-\u03b1\u03bd\u03c4\u03af\u03b3\u03c1\u03b1\u03c6\u03bf.jpg\",\"articleSection\":[\"Unkategorisiert\"],\"inLanguage\":\"de\"},{\"@type\":\"WebPage\",\"@id\":\"https:\/\/orthodoxia.be\/de\/2022\/12\/22\/weihnachtsbotschaft-2022-seiner-eminenz-des-metropoliten-athenagoras-von-belgien-und-exarchen-der-niederlande-und-luxemburg\/\",\"url\":\"https:\/\/orthodoxia.be\/de\/2022\/12\/22\/weihnachtsbotschaft-2022-seiner-eminenz-des-metropoliten-athenagoras-von-belgien-und-exarchen-der-niederlande-und-luxemburg\/\",\"name\":\"Weihnachtsbotschaft 2022 Seiner Eminenz des Metropoliten Athenagoras von Belgien und Exarchen der Niederlande und Luxemburg - Orthodox Archdiocese of Belgium\",\"isPartOf\":{\"@id\":\"https:\/\/orthodoxia.be\/#website\"},\"primaryImageOfPage\":{\"@id\":\"https:\/\/orthodoxia.be\/de\/2022\/12\/22\/weihnachtsbotschaft-2022-seiner-eminenz-des-metropoliten-athenagoras-von-belgien-und-exarchen-der-niederlande-und-luxemburg\/#primaryimage\"},\"image\":{\"@id\":\"https:\/\/orthodoxia.be\/de\/2022\/12\/22\/weihnachtsbotschaft-2022-seiner-eminenz-des-metropoliten-athenagoras-von-belgien-und-exarchen-der-niederlande-und-luxemburg\/#primaryimage\"},\"thumbnailUrl\":\"https:\/\/orthodoxia.be\/wp-content\/uploads\/2020\/03\/image001-\u03b1\u03bd\u03c4\u03af\u03b3\u03c1\u03b1\u03c6\u03bf.jpg\",\"datePublished\":\"2022-12-22T17:42:54+00:00\",\"dateModified\":\"2022-12-22T17:49:59+00:00\",\"breadcrumb\":{\"@id\":\"https:\/\/orthodoxia.be\/de\/2022\/12\/22\/weihnachtsbotschaft-2022-seiner-eminenz-des-metropoliten-athenagoras-von-belgien-und-exarchen-der-niederlande-und-luxemburg\/#breadcrumb\"},\"inLanguage\":\"de\",\"potentialAction\":[{\"@type\":\"ReadAction\",\"target\":[\"https:\/\/orthodoxia.be\/de\/2022\/12\/22\/weihnachtsbotschaft-2022-seiner-eminenz-des-metropoliten-athenagoras-von-belgien-und-exarchen-der-niederlande-und-luxemburg\/\"]}]},{\"@type\":\"ImageObject\",\"inLanguage\":\"de\",\"@id\":\"https:\/\/orthodoxia.be\/de\/2022\/12\/22\/weihnachtsbotschaft-2022-seiner-eminenz-des-metropoliten-athenagoras-von-belgien-und-exarchen-der-niederlande-und-luxemburg\/#primaryimage\",\"url\":\"https:\/\/orthodoxia.be\/wp-content\/uploads\/2020\/03\/image001-\u03b1\u03bd\u03c4\u03af\u03b3\u03c1\u03b1\u03c6\u03bf.jpg\",\"contentUrl\":\"https:\/\/orthodoxia.be\/wp-content\/uploads\/2020\/03\/image001-\u03b1\u03bd\u03c4\u03af\u03b3\u03c1\u03b1\u03c6\u03bf.jpg\",\"width\":682,\"height\":1023},{\"@type\":\"BreadcrumbList\",\"@id\":\"https:\/\/orthodoxia.be\/de\/2022\/12\/22\/weihnachtsbotschaft-2022-seiner-eminenz-des-metropoliten-athenagoras-von-belgien-und-exarchen-der-niederlande-und-luxemburg\/#breadcrumb\",\"itemListElement\":[{\"@type\":\"ListItem\",\"position\":1,\"name\":\"Home\",\"item\":\"https:\/\/orthodoxia.be\/\"},{\"@type\":\"ListItem\",\"position\":2,\"name\":\"Weihnachtsbotschaft 2022 Seiner Eminenz des Metropoliten Athenagoras von Belgien und Exarchen der Niederlande und Luxemburg\"}]},{\"@type\":\"WebSite\",\"@id\":\"https:\/\/orthodoxia.be\/#website\",\"url\":\"https:\/\/orthodoxia.be\/\",\"name\":\"Orthodox Archdiocese of Belgium (Benelux)\",\"description\":\"Orthodox Archdiocese of Belgium\",\"publisher\":{\"@id\":\"https:\/\/orthodoxia.be\/#organization\"},\"alternateName\":\"IMB\",\"potentialAction\":[{\"@type\":\"SearchAction\",\"target\":{\"@type\":\"EntryPoint\",\"urlTemplate\":\"https:\/\/orthodoxia.be\/?s={search_term_string}\"},\"query-input\":{\"@type\":\"PropertyValueSpecification\",\"valueRequired\":true,\"valueName\":\"search_term_string\"}}],\"inLanguage\":\"de\"},{\"@type\":\"Organization\",\"@id\":\"https:\/\/orthodoxia.be\/#organization\",\"name\":\"Orthodox Archdiocese of Belgium (Benelux)\",\"url\":\"https:\/\/orthodoxia.be\/\",\"logo\":{\"@type\":\"ImageObject\",\"inLanguage\":\"de\",\"@id\":\"https:\/\/orthodoxia.be\/#\/schema\/logo\/image\/\",\"url\":\"https:\/\/orthodoxia.be\/wp-content\/uploads\/2024\/02\/cropped-IMB-logo-512-cl-1.png\",\"contentUrl\":\"https:\/\/orthodoxia.be\/wp-content\/uploads\/2024\/02\/cropped-IMB-logo-512-cl-1.png\",\"width\":512,\"height\":512,\"caption\":\"Orthodox Archdiocese of Belgium (Benelux)\"},\"image\":{\"@id\":\"https:\/\/orthodoxia.be\/#\/schema\/logo\/image\/\"},\"sameAs\":[\"https:\/\/www.facebook.com\/orthobel\",\"https:\/\/x.com\/orthobel\",\"https:\/\/www.youtube.com\/c\/orthobel\",\"https:\/\/www.mixcloud.com\/orthobel\/\",\"https:\/\/www.flickr.com\/photos\/148264890@N07\/albums\",\"https:\/\/www.dailymotion.com\/Orthobel\"]},{\"@type\":\"Person\",\"@id\":\"https:\/\/orthodoxia.be\/#\/schema\/person\/f6c4fd8f4c3dfc201522ccccede872c4\",\"name\":\"fr. Emilianos Chatzivasileiou\",\"image\":{\"@type\":\"ImageObject\",\"inLanguage\":\"de\",\"@id\":\"https:\/\/orthodoxia.be\/#\/schema\/person\/image\/\",\"url\":\"https:\/\/secure.gravatar.com\/avatar\/5b67115dbb9ae1579c39e9ae857d39ac?s=96&d=mm&r=g\",\"contentUrl\":\"https:\/\/secure.gravatar.com\/avatar\/5b67115dbb9ae1579c39e9ae857d39ac?s=96&d=mm&r=g\",\"caption\":\"fr. Emilianos Chatzivasileiou\"},\"sameAs\":[\"http:\/\/orthodoxia.be\"],\"url\":\"https:\/\/orthodoxia.be\/de\/author\/p-emilianos\/\"}]}<\/script>\n<!-- \/ Yoast SEO plugin. -->","yoast_head_json":{"title":"Weihnachtsbotschaft 2022 Seiner Eminenz des Metropoliten Athenagoras von Belgien und Exarchen der Niederlande und Luxemburg - Orthodox Archdiocese of Belgium","robots":{"index":"index","follow":"follow","max-snippet":"max-snippet:-1","max-image-preview":"max-image-preview:large","max-video-preview":"max-video-preview:-1"},"canonical":"https:\/\/orthodoxia.be\/de\/2022\/12\/22\/weihnachtsbotschaft-2022-seiner-eminenz-des-metropoliten-athenagoras-von-belgien-und-exarchen-der-niederlande-und-luxemburg\/","og_locale":"de_DE","og_type":"article","og_title":"Weihnachtsbotschaft 2022 Seiner Eminenz des Metropoliten Athenagoras von Belgien und Exarchen der Niederlande und Luxemburg - Orthodox Archdiocese of Belgium","og_description":"WEIHNACHTSBOTSCHAFT SEINER EMINENZ DES METROPOLITEN ATHENAGORAS VON BELGIEN UND EXARCHEN DER NIEDERLANDE UND LUXEMBURG WEIHNACHTEN 2022 Protokollnummer 955\/2022 Meine Lieben in Christus, \u201cEhre sei Gott in der H\u00f6hen, und auf Erden Friede unter den Menschen Wohlgefallen\u201d. Das vorherrschende Merkmal von Weihnachten ist das einzigartige Ereignis der Ankunft und Gegenwart des Sohnes und Wortes Gottes in &hellip; Continued","og_url":"https:\/\/orthodoxia.be\/de\/2022\/12\/22\/weihnachtsbotschaft-2022-seiner-eminenz-des-metropoliten-athenagoras-von-belgien-und-exarchen-der-niederlande-und-luxemburg\/","og_site_name":"Orthodox Archdiocese of Belgium","article_publisher":"https:\/\/www.facebook.com\/orthobel","article_published_time":"2022-12-22T17:42:54+00:00","article_modified_time":"2022-12-22T17:49:59+00:00","og_image":[{"width":682,"height":1023,"url":"https:\/\/orthodoxia.be\/wp-content\/uploads\/2020\/03\/image001-\u03b1\u03bd\u03c4\u03af\u03b3\u03c1\u03b1\u03c6\u03bf.jpg","type":"image\/jpeg"}],"author":"fr. Emilianos Chatzivasileiou","twitter_card":"summary_large_image","twitter_creator":"@orthobel","twitter_site":"@orthobel","twitter_misc":{"Verfasst von":"fr. Emilianos Chatzivasileiou","Gesch\u00e4tzte Lesezeit":"3\u00a0Minuten"},"schema":{"@context":"https:\/\/schema.org","@graph":[{"@type":"Article","@id":"https:\/\/orthodoxia.be\/de\/2022\/12\/22\/weihnachtsbotschaft-2022-seiner-eminenz-des-metropoliten-athenagoras-von-belgien-und-exarchen-der-niederlande-und-luxemburg\/#article","isPartOf":{"@id":"https:\/\/orthodoxia.be\/de\/2022\/12\/22\/weihnachtsbotschaft-2022-seiner-eminenz-des-metropoliten-athenagoras-von-belgien-und-exarchen-der-niederlande-und-luxemburg\/"},"author":{"name":"fr. Emilianos Chatzivasileiou","@id":"https:\/\/orthodoxia.be\/#\/schema\/person\/f6c4fd8f4c3dfc201522ccccede872c4"},"headline":"Weihnachtsbotschaft 2022 Seiner Eminenz des Metropoliten Athenagoras von Belgien und Exarchen der Niederlande und Luxemburg","datePublished":"2022-12-22T17:42:54+00:00","dateModified":"2022-12-22T17:49:59+00:00","mainEntityOfPage":{"@id":"https:\/\/orthodoxia.be\/de\/2022\/12\/22\/weihnachtsbotschaft-2022-seiner-eminenz-des-metropoliten-athenagoras-von-belgien-und-exarchen-der-niederlande-und-luxemburg\/"},"wordCount":525,"publisher":{"@id":"https:\/\/orthodoxia.be\/#organization"},"image":{"@id":"https:\/\/orthodoxia.be\/de\/2022\/12\/22\/weihnachtsbotschaft-2022-seiner-eminenz-des-metropoliten-athenagoras-von-belgien-und-exarchen-der-niederlande-und-luxemburg\/#primaryimage"},"thumbnailUrl":"https:\/\/orthodoxia.be\/wp-content\/uploads\/2020\/03\/image001-\u03b1\u03bd\u03c4\u03af\u03b3\u03c1\u03b1\u03c6\u03bf.jpg","articleSection":["Unkategorisiert"],"inLanguage":"de"},{"@type":"WebPage","@id":"https:\/\/orthodoxia.be\/de\/2022\/12\/22\/weihnachtsbotschaft-2022-seiner-eminenz-des-metropoliten-athenagoras-von-belgien-und-exarchen-der-niederlande-und-luxemburg\/","url":"https:\/\/orthodoxia.be\/de\/2022\/12\/22\/weihnachtsbotschaft-2022-seiner-eminenz-des-metropoliten-athenagoras-von-belgien-und-exarchen-der-niederlande-und-luxemburg\/","name":"Weihnachtsbotschaft 2022 Seiner Eminenz des Metropoliten Athenagoras von Belgien und Exarchen der Niederlande und Luxemburg - Orthodox Archdiocese of Belgium","isPartOf":{"@id":"https:\/\/orthodoxia.be\/#website"},"primaryImageOfPage":{"@id":"https:\/\/orthodoxia.be\/de\/2022\/12\/22\/weihnachtsbotschaft-2022-seiner-eminenz-des-metropoliten-athenagoras-von-belgien-und-exarchen-der-niederlande-und-luxemburg\/#primaryimage"},"image":{"@id":"https:\/\/orthodoxia.be\/de\/2022\/12\/22\/weihnachtsbotschaft-2022-seiner-eminenz-des-metropoliten-athenagoras-von-belgien-und-exarchen-der-niederlande-und-luxemburg\/#primaryimage"},"thumbnailUrl":"https:\/\/orthodoxia.be\/wp-content\/uploads\/2020\/03\/image001-\u03b1\u03bd\u03c4\u03af\u03b3\u03c1\u03b1\u03c6\u03bf.jpg","datePublished":"2022-12-22T17:42:54+00:00","dateModified":"2022-12-22T17:49:59+00:00","breadcrumb":{"@id":"https:\/\/orthodoxia.be\/de\/2022\/12\/22\/weihnachtsbotschaft-2022-seiner-eminenz-des-metropoliten-athenagoras-von-belgien-und-exarchen-der-niederlande-und-luxemburg\/#breadcrumb"},"inLanguage":"de","potentialAction":[{"@type":"ReadAction","target":["https:\/\/orthodoxia.be\/de\/2022\/12\/22\/weihnachtsbotschaft-2022-seiner-eminenz-des-metropoliten-athenagoras-von-belgien-und-exarchen-der-niederlande-und-luxemburg\/"]}]},{"@type":"ImageObject","inLanguage":"de","@id":"https:\/\/orthodoxia.be\/de\/2022\/12\/22\/weihnachtsbotschaft-2022-seiner-eminenz-des-metropoliten-athenagoras-von-belgien-und-exarchen-der-niederlande-und-luxemburg\/#primaryimage","url":"https:\/\/orthodoxia.be\/wp-content\/uploads\/2020\/03\/image001-\u03b1\u03bd\u03c4\u03af\u03b3\u03c1\u03b1\u03c6\u03bf.jpg","contentUrl":"https:\/\/orthodoxia.be\/wp-content\/uploads\/2020\/03\/image001-\u03b1\u03bd\u03c4\u03af\u03b3\u03c1\u03b1\u03c6\u03bf.jpg","width":682,"height":1023},{"@type":"BreadcrumbList","@id":"https:\/\/orthodoxia.be\/de\/2022\/12\/22\/weihnachtsbotschaft-2022-seiner-eminenz-des-metropoliten-athenagoras-von-belgien-und-exarchen-der-niederlande-und-luxemburg\/#breadcrumb","itemListElement":[{"@type":"ListItem","position":1,"name":"Home","item":"https:\/\/orthodoxia.be\/"},{"@type":"ListItem","position":2,"name":"Weihnachtsbotschaft 2022 Seiner Eminenz des Metropoliten Athenagoras von Belgien und Exarchen der Niederlande und Luxemburg"}]},{"@type":"WebSite","@id":"https:\/\/orthodoxia.be\/#website","url":"https:\/\/orthodoxia.be\/","name":"Orthodox Archdiocese of Belgium (Benelux)","description":"Orthodox Archdiocese of Belgium","publisher":{"@id":"https:\/\/orthodoxia.be\/#organization"},"alternateName":"IMB","potentialAction":[{"@type":"SearchAction","target":{"@type":"EntryPoint","urlTemplate":"https:\/\/orthodoxia.be\/?s={search_term_string}"},"query-input":{"@type":"PropertyValueSpecification","valueRequired":true,"valueName":"search_term_string"}}],"inLanguage":"de"},{"@type":"Organization","@id":"https:\/\/orthodoxia.be\/#organization","name":"Orthodox Archdiocese of Belgium (Benelux)","url":"https:\/\/orthodoxia.be\/","logo":{"@type":"ImageObject","inLanguage":"de","@id":"https:\/\/orthodoxia.be\/#\/schema\/logo\/image\/","url":"https:\/\/orthodoxia.be\/wp-content\/uploads\/2024\/02\/cropped-IMB-logo-512-cl-1.png","contentUrl":"https:\/\/orthodoxia.be\/wp-content\/uploads\/2024\/02\/cropped-IMB-logo-512-cl-1.png","width":512,"height":512,"caption":"Orthodox Archdiocese of Belgium (Benelux)"},"image":{"@id":"https:\/\/orthodoxia.be\/#\/schema\/logo\/image\/"},"sameAs":["https:\/\/www.facebook.com\/orthobel","https:\/\/x.com\/orthobel","https:\/\/www.youtube.com\/c\/orthobel","https:\/\/www.mixcloud.com\/orthobel\/","https:\/\/www.flickr.com\/photos\/148264890@N07\/albums","https:\/\/www.dailymotion.com\/Orthobel"]},{"@type":"Person","@id":"https:\/\/orthodoxia.be\/#\/schema\/person\/f6c4fd8f4c3dfc201522ccccede872c4","name":"fr. Emilianos Chatzivasileiou","image":{"@type":"ImageObject","inLanguage":"de","@id":"https:\/\/orthodoxia.be\/#\/schema\/person\/image\/","url":"https:\/\/secure.gravatar.com\/avatar\/5b67115dbb9ae1579c39e9ae857d39ac?s=96&d=mm&r=g","contentUrl":"https:\/\/secure.gravatar.com\/avatar\/5b67115dbb9ae1579c39e9ae857d39ac?s=96&d=mm&r=g","caption":"fr. Emilianos Chatzivasileiou"},"sameAs":["http:\/\/orthodoxia.be"],"url":"https:\/\/orthodoxia.be\/de\/author\/p-emilianos\/"}]}},"_links":{"self":[{"href":"https:\/\/orthodoxia.be\/de\/wp-json\/wp\/v2\/posts\/39943","targetHints":{"allow":["GET"]}}],"collection":[{"href":"https:\/\/orthodoxia.be\/de\/wp-json\/wp\/v2\/posts"}],"about":[{"href":"https:\/\/orthodoxia.be\/de\/wp-json\/wp\/v2\/types\/post"}],"author":[{"embeddable":true,"href":"https:\/\/orthodoxia.be\/de\/wp-json\/wp\/v2\/users\/10"}],"replies":[{"embeddable":true,"href":"https:\/\/orthodoxia.be\/de\/wp-json\/wp\/v2\/comments?post=39943"}],"version-history":[{"count":1,"href":"https:\/\/orthodoxia.be\/de\/wp-json\/wp\/v2\/posts\/39943\/revisions"}],"predecessor-version":[{"id":39944,"href":"https:\/\/orthodoxia.be\/de\/wp-json\/wp\/v2\/posts\/39943\/revisions\/39944"}],"wp:featuredmedia":[{"embeddable":true,"href":"https:\/\/orthodoxia.be\/de\/wp-json\/wp\/v2\/media\/23367"}],"wp:attachment":[{"href":"https:\/\/orthodoxia.be\/de\/wp-json\/wp\/v2\/media?parent=39943"}],"wp:term":[{"taxonomy":"category","embeddable":true,"href":"https:\/\/orthodoxia.be\/de\/wp-json\/wp\/v2\/categories?post=39943"},{"taxonomy":"post_tag","embeddable":true,"href":"https:\/\/orthodoxia.be\/de\/wp-json\/wp\/v2\/tags?post=39943"}],"curies":[{"name":"wp","href":"https:\/\/api.w.org\/{rel}","templated":true}]}}