{"id":10350,"date":"2018-05-12T20:00:30","date_gmt":"2018-05-12T18:00:30","guid":{"rendered":"http:\/\/orthodoxia.be\/?p=10350"},"modified":"2018-05-22T12:00:34","modified_gmt":"2018-05-22T10:00:34","slug":"ce-qui-changera-le-monde-aujourdhui-cest-laction-missionnaire-de-leglise-metropolite-athenagoras-de-belgique","status":"publish","type":"post","link":"https:\/\/orthodoxia.be\/fr\/2018\/05\/12\/ce-qui-changera-le-monde-aujourdhui-cest-laction-missionnaire-de-leglise-metropolite-athenagoras-de-belgique\/","title":{"rendered":"\u00ab\u00a0Ce qui changera le monde aujourd\u2019hui, c\u2019est l\u2019action missionnaire de l\u2019\u00c9glise\u2026.\u00a0\u00bb (M\u00e9tropolite Ath\u00e9nagoras de Belgique)"},"content":{"rendered":"<p style=\"text-align: justify;\">La paroisse d\u2019Ostende a honor\u00e9 ses Saints Patrons Cyrille et M\u00e9thode \u00e0 l\u2019occasion de leur m\u00e9moire, ce samedi 12 mai 2018.<\/p>\n<p style=\"text-align: justify;\">Dans la tr\u00e8s belle ville baln\u00e9aire de Flandre et dans l\u2019\u00e9glise r\u00e9nov\u00e9e et r\u00e9cemment inaugur\u00e9e des Saints \u00e9gaux aux Ap\u00f4tres, Son \u00c9minence le M\u00e9tropolite Ath\u00e9nagoras de Belgique et Exarque des Pays-Bas et du Luxembourg pr\u00e9sida la Divine Liturgie, entour\u00e9 du clerg\u00e9 de l\u2019Archev\u00each\u00e9.<\/p>\n<p style=\"text-align: justify;\">Dans son hom\u00e9lie \u00e0 la fin de la Divine Liturgie, Son \u00c9minence devait mettre en avant ces deux fr\u00e8res de Thessaloniki qui, sous l\u2019inspiration et l\u2019ouverture d\u2019esprit du Patriarche Photios, avaient quitt\u00e9 leur patrie pour s\u2019ouvrir aux nations en partageant le message du Christ.<\/p>\n<p style=\"text-align: justify;\">\u00ab\u00a0C\u2019est le message du Christ Ressuscit\u00e9 que les deux fr\u00e8res distribu\u00e8rent au monde, en christianisant ceux qui \u00e9taient ath\u00e9es \u00e0 l\u2019\u00e9poque, et offrirent civilisation et \u00e9criture aux fr\u00e8res d\u2019Europe Orientale, ill\u00e9tr\u00e9s \u00e0 l\u2019\u00e9poque, de la Grande Moravie\u2026. Toute leur action s\u2019inspirait de la R\u00e9surrection du Christ, et leur motivation de missionnaires les a enrichis et les a \u00e9lev\u00e9s au rang d\u2019Egaux aux Ap\u00f4tres. C\u2019est cette flamme de l\u2019action missionnaire qui a grandi et a chang\u00e9 le monde de cette \u00e9poque. Ce sera cette m\u00eame flamme qui va changer,va m\u00e9tamorphoser le monde contemporain et lui donnera le message salvateur de l\u2019\u00c9vangile. Ce que l\u2019humanit\u00e9 a besoin aujourd\u2019hui, c\u2019est la r\u00e9-\u00e9vang\u00e9lisation et le rattachement de la Foi en Christ Ressuscit\u00e9, qui deviendra une v\u00e9ritable pr\u00e9sence de Dieu pour un monde meilleur \u2026\u00bb a soulign\u00e9 le M\u00e9tropolite Ath\u00e9nagoras.<\/p>\n<p style=\"text-align: justify;\">S\u2019ensuivit une riche r\u00e9ception dans la salle am\u00e9nag\u00e9e \u00e0 cet effet et qui fonctionne comme centre sprituel de l\u2019\u00e9glise.<\/p>\n<p>[FAGP id=9463]<\/p>\n","protected":false},"excerpt":{"rendered":"<p>La paroisse d\u2019Ostende a honor\u00e9 ses Saints Patrons Cyrille et M\u00e9thode \u00e0 l\u2019occasion de leur m\u00e9moire, ce samedi 12 mai 2018. Dans la tr\u00e8s belle ville baln\u00e9aire de Flandre et dans l\u2019\u00e9glise r\u00e9nov\u00e9e et r\u00e9cemment inaugur\u00e9e des Saints \u00e9gaux aux Ap\u00f4tres, Son \u00c9minence le M\u00e9tropolite Ath\u00e9nagoras de Belgique et Exarque des Pays-Bas et du Luxembourg &hellip; <a href=\"https:\/\/orthodoxia.be\/fr\/2018\/05\/12\/ce-qui-changera-le-monde-aujourdhui-cest-laction-missionnaire-de-leglise-metropolite-athenagoras-de-belgique\/\">Continued<\/a><\/p>\n","protected":false},"author":2,"featured_media":9468,"comment_status":"closed","ping_status":"open","sticky":false,"template":"","format":"standard","meta":{"_acf_changed":false,"footnotes":""},"categories":[14],"tags":[],"class_list":["post-10350","post","type-post","status-publish","format-standard","has-post-thumbnail","hentry","category-actualite"],"acf":[],"yoast_head":"<!-- This site is optimized with the Yoast SEO plugin v24.3 - https:\/\/yoast.com\/wordpress\/plugins\/seo\/ -->\n<title>\u00ab\u00a0Ce qui changera le monde aujourd\u2019hui, c\u2019est l\u2019action missionnaire de l\u2019\u00c9glise\u2026.\u00a0\u00bb (M\u00e9tropolite Ath\u00e9nagoras de Belgique) - Archev\u00each\u00e9 Orthodoxe de Belgique<\/title>\n<meta name=\"robots\" content=\"index, follow, max-snippet:-1, max-image-preview:large, max-video-preview:-1\" \/>\n<link rel=\"canonical\" href=\"https:\/\/orthodoxia.be\/2018\/05\/12\/\u03b2\u03b5\u03bb\u03b3\u03af\u03bf\u03c5-\u03b1\u03b8\u03b7\u03bd\u03b1\u03b3\u03cc\u03c1\u03b1\u03c2-\u03b7-\u03b9\u03b5\u03c1\u03b1\u03c0\u03bf\u03c3\u03c4\u03bf\u03bb\u03b9\u03ba\u03ae\/\" \/>\n<meta property=\"og:locale\" content=\"fr_FR\" \/>\n<meta property=\"og:type\" content=\"article\" \/>\n<meta property=\"og:title\" content=\"\u00ab\u00a0Ce qui changera le monde aujourd\u2019hui, c\u2019est l\u2019action missionnaire de l\u2019\u00c9glise\u2026.\u00a0\u00bb (M\u00e9tropolite Ath\u00e9nagoras de Belgique) - Archev\u00each\u00e9 Orthodoxe de Belgique\" \/>\n<meta property=\"og:description\" content=\"La paroisse d\u2019Ostende a honor\u00e9 ses Saints Patrons Cyrille et M\u00e9thode \u00e0 l\u2019occasion de leur m\u00e9moire, ce samedi 12 mai 2018. Dans la tr\u00e8s belle ville baln\u00e9aire de Flandre et dans l\u2019\u00e9glise r\u00e9nov\u00e9e et r\u00e9cemment inaugur\u00e9e des Saints \u00e9gaux aux Ap\u00f4tres, Son \u00c9minence le M\u00e9tropolite Ath\u00e9nagoras de Belgique et Exarque des Pays-Bas et du Luxembourg &hellip; Continued\" \/>\n<meta property=\"og:url\" content=\"https:\/\/orthodoxia.be\/2018\/05\/12\/\u03b2\u03b5\u03bb\u03b3\u03af\u03bf\u03c5-\u03b1\u03b8\u03b7\u03bd\u03b1\u03b3\u03cc\u03c1\u03b1\u03c2-\u03b7-\u03b9\u03b5\u03c1\u03b1\u03c0\u03bf\u03c3\u03c4\u03bf\u03bb\u03b9\u03ba\u03ae\/\" \/>\n<meta property=\"og:site_name\" content=\"Archev\u00each\u00e9 Orthodoxe de Belgique\" \/>\n<meta property=\"article:publisher\" content=\"https:\/\/www.facebook.com\/orthobel\" \/>\n<meta property=\"article:published_time\" content=\"2018-05-12T18:00:30+00:00\" \/>\n<meta property=\"article:modified_time\" content=\"2018-05-22T10:00:34+00:00\" \/>\n<meta property=\"og:image\" content=\"https:\/\/orthodoxia.be\/wp-content\/uploads\/2018\/05\/ostandi.jpg\" \/>\n\t<meta property=\"og:image:width\" content=\"1200\" \/>\n\t<meta property=\"og:image:height\" content=\"670\" \/>\n\t<meta property=\"og:image:type\" content=\"image\/jpeg\" \/>\n<meta name=\"author\" content=\"Georgios Tzatzanis\" \/>\n<meta name=\"twitter:card\" content=\"summary_large_image\" \/>\n<meta name=\"twitter:creator\" content=\"@orthobel\" \/>\n<meta name=\"twitter:site\" content=\"@orthobel\" \/>\n<meta name=\"twitter:label1\" content=\"\u00c9crit par\" \/>\n\t<meta name=\"twitter:data1\" content=\"Georgios Tzatzanis\" \/>\n\t<meta name=\"twitter:label2\" content=\"Dur\u00e9e de lecture est.\" \/>\n\t<meta name=\"twitter:data2\" content=\"2 minutes\" \/>\n<script type=\"application\/ld+json\" class=\"yoast-schema-graph\">{\"@context\":\"https:\/\/schema.org\",\"@graph\":[{\"@type\":\"Article\",\"@id\":\"https:\/\/orthodoxia.be\/2018\/05\/12\/%ce%b2%ce%b5%ce%bb%ce%b3%ce%af%ce%bf%cf%85-%ce%b1%ce%b8%ce%b7%ce%bd%ce%b1%ce%b3%cf%8c%cf%81%ce%b1%cf%82-%ce%b7-%ce%b9%ce%b5%cf%81%ce%b1%cf%80%ce%bf%cf%83%cf%84%ce%bf%ce%bb%ce%b9%ce%ba%ce%ae\/#article\",\"isPartOf\":{\"@id\":\"https:\/\/orthodoxia.be\/2018\/05\/12\/%ce%b2%ce%b5%ce%bb%ce%b3%ce%af%ce%bf%cf%85-%ce%b1%ce%b8%ce%b7%ce%bd%ce%b1%ce%b3%cf%8c%cf%81%ce%b1%cf%82-%ce%b7-%ce%b9%ce%b5%cf%81%ce%b1%cf%80%ce%bf%cf%83%cf%84%ce%bf%ce%bb%ce%b9%ce%ba%ce%ae\/\"},\"author\":{\"name\":\"Georgios Tzatzanis\",\"@id\":\"https:\/\/orthodoxia.be\/#\/schema\/person\/36bdc09a0ba8f97671645b7e9d8533ee\"},\"headline\":\"\u00ab\u00a0Ce qui changera le monde aujourd\u2019hui, c\u2019est l\u2019action missionnaire de l\u2019\u00c9glise\u2026.\u00a0\u00bb (M\u00e9tropolite Ath\u00e9nagoras de Belgique)\",\"datePublished\":\"2018-05-12T18:00:30+00:00\",\"dateModified\":\"2018-05-22T10:00:34+00:00\",\"mainEntityOfPage\":{\"@id\":\"https:\/\/orthodoxia.be\/2018\/05\/12\/%ce%b2%ce%b5%ce%bb%ce%b3%ce%af%ce%bf%cf%85-%ce%b1%ce%b8%ce%b7%ce%bd%ce%b1%ce%b3%cf%8c%cf%81%ce%b1%cf%82-%ce%b7-%ce%b9%ce%b5%cf%81%ce%b1%cf%80%ce%bf%cf%83%cf%84%ce%bf%ce%bb%ce%b9%ce%ba%ce%ae\/\"},\"wordCount\":336,\"publisher\":{\"@id\":\"https:\/\/orthodoxia.be\/#organization\"},\"image\":{\"@id\":\"https:\/\/orthodoxia.be\/2018\/05\/12\/%ce%b2%ce%b5%ce%bb%ce%b3%ce%af%ce%bf%cf%85-%ce%b1%ce%b8%ce%b7%ce%bd%ce%b1%ce%b3%cf%8c%cf%81%ce%b1%cf%82-%ce%b7-%ce%b9%ce%b5%cf%81%ce%b1%cf%80%ce%bf%cf%83%cf%84%ce%bf%ce%bb%ce%b9%ce%ba%ce%ae\/#primaryimage\"},\"thumbnailUrl\":\"https:\/\/orthodoxia.be\/wp-content\/uploads\/2018\/05\/ostandi.jpg\",\"articleSection\":[\"Actualit\u00e9\"],\"inLanguage\":\"fr-BE\"},{\"@type\":\"WebPage\",\"@id\":\"https:\/\/orthodoxia.be\/2018\/05\/12\/%ce%b2%ce%b5%ce%bb%ce%b3%ce%af%ce%bf%cf%85-%ce%b1%ce%b8%ce%b7%ce%bd%ce%b1%ce%b3%cf%8c%cf%81%ce%b1%cf%82-%ce%b7-%ce%b9%ce%b5%cf%81%ce%b1%cf%80%ce%bf%cf%83%cf%84%ce%bf%ce%bb%ce%b9%ce%ba%ce%ae\/\",\"url\":\"https:\/\/orthodoxia.be\/2018\/05\/12\/%ce%b2%ce%b5%ce%bb%ce%b3%ce%af%ce%bf%cf%85-%ce%b1%ce%b8%ce%b7%ce%bd%ce%b1%ce%b3%cf%8c%cf%81%ce%b1%cf%82-%ce%b7-%ce%b9%ce%b5%cf%81%ce%b1%cf%80%ce%bf%cf%83%cf%84%ce%bf%ce%bb%ce%b9%ce%ba%ce%ae\/\",\"name\":\"\u00ab\u00a0Ce qui changera le monde aujourd\u2019hui, c\u2019est l\u2019action missionnaire de l\u2019\u00c9glise\u2026.\u00a0\u00bb (M\u00e9tropolite Ath\u00e9nagoras de Belgique) - Archev\u00each\u00e9 Orthodoxe de Belgique\",\"isPartOf\":{\"@id\":\"https:\/\/orthodoxia.be\/#website\"},\"primaryImageOfPage\":{\"@id\":\"https:\/\/orthodoxia.be\/2018\/05\/12\/%ce%b2%ce%b5%ce%bb%ce%b3%ce%af%ce%bf%cf%85-%ce%b1%ce%b8%ce%b7%ce%bd%ce%b1%ce%b3%cf%8c%cf%81%ce%b1%cf%82-%ce%b7-%ce%b9%ce%b5%cf%81%ce%b1%cf%80%ce%bf%cf%83%cf%84%ce%bf%ce%bb%ce%b9%ce%ba%ce%ae\/#primaryimage\"},\"image\":{\"@id\":\"https:\/\/orthodoxia.be\/2018\/05\/12\/%ce%b2%ce%b5%ce%bb%ce%b3%ce%af%ce%bf%cf%85-%ce%b1%ce%b8%ce%b7%ce%bd%ce%b1%ce%b3%cf%8c%cf%81%ce%b1%cf%82-%ce%b7-%ce%b9%ce%b5%cf%81%ce%b1%cf%80%ce%bf%cf%83%cf%84%ce%bf%ce%bb%ce%b9%ce%ba%ce%ae\/#primaryimage\"},\"thumbnailUrl\":\"https:\/\/orthodoxia.be\/wp-content\/uploads\/2018\/05\/ostandi.jpg\",\"datePublished\":\"2018-05-12T18:00:30+00:00\",\"dateModified\":\"2018-05-22T10:00:34+00:00\",\"breadcrumb\":{\"@id\":\"https:\/\/orthodoxia.be\/2018\/05\/12\/%ce%b2%ce%b5%ce%bb%ce%b3%ce%af%ce%bf%cf%85-%ce%b1%ce%b8%ce%b7%ce%bd%ce%b1%ce%b3%cf%8c%cf%81%ce%b1%cf%82-%ce%b7-%ce%b9%ce%b5%cf%81%ce%b1%cf%80%ce%bf%cf%83%cf%84%ce%bf%ce%bb%ce%b9%ce%ba%ce%ae\/#breadcrumb\"},\"inLanguage\":\"fr-BE\",\"potentialAction\":[{\"@type\":\"ReadAction\",\"target\":[\"https:\/\/orthodoxia.be\/2018\/05\/12\/%ce%b2%ce%b5%ce%bb%ce%b3%ce%af%ce%bf%cf%85-%ce%b1%ce%b8%ce%b7%ce%bd%ce%b1%ce%b3%cf%8c%cf%81%ce%b1%cf%82-%ce%b7-%ce%b9%ce%b5%cf%81%ce%b1%cf%80%ce%bf%cf%83%cf%84%ce%bf%ce%bb%ce%b9%ce%ba%ce%ae\/\"]}]},{\"@type\":\"ImageObject\",\"inLanguage\":\"fr-BE\",\"@id\":\"https:\/\/orthodoxia.be\/2018\/05\/12\/%ce%b2%ce%b5%ce%bb%ce%b3%ce%af%ce%bf%cf%85-%ce%b1%ce%b8%ce%b7%ce%bd%ce%b1%ce%b3%cf%8c%cf%81%ce%b1%cf%82-%ce%b7-%ce%b9%ce%b5%cf%81%ce%b1%cf%80%ce%bf%cf%83%cf%84%ce%bf%ce%bb%ce%b9%ce%ba%ce%ae\/#primaryimage\",\"url\":\"https:\/\/orthodoxia.be\/wp-content\/uploads\/2018\/05\/ostandi.jpg\",\"contentUrl\":\"https:\/\/orthodoxia.be\/wp-content\/uploads\/2018\/05\/ostandi.jpg\",\"width\":1200,\"height\":670},{\"@type\":\"BreadcrumbList\",\"@id\":\"https:\/\/orthodoxia.be\/2018\/05\/12\/%ce%b2%ce%b5%ce%bb%ce%b3%ce%af%ce%bf%cf%85-%ce%b1%ce%b8%ce%b7%ce%bd%ce%b1%ce%b3%cf%8c%cf%81%ce%b1%cf%82-%ce%b7-%ce%b9%ce%b5%cf%81%ce%b1%cf%80%ce%bf%cf%83%cf%84%ce%bf%ce%bb%ce%b9%ce%ba%ce%ae\/#breadcrumb\",\"itemListElement\":[{\"@type\":\"ListItem\",\"position\":1,\"name\":\"Home\",\"item\":\"https:\/\/orthodoxia.be\/fr\/\"},{\"@type\":\"ListItem\",\"position\":2,\"name\":\"\u00ab\u00a0Ce qui changera le monde aujourd\u2019hui, c\u2019est l\u2019action missionnaire de l\u2019\u00c9glise\u2026.\u00a0\u00bb (M\u00e9tropolite Ath\u00e9nagoras de Belgique)\"}]},{\"@type\":\"WebSite\",\"@id\":\"https:\/\/orthodoxia.be\/#website\",\"url\":\"https:\/\/orthodoxia.be\/\",\"name\":\"Orthodox Archdiocese of Belgium (Benelux)\",\"description\":\"Exarque des Pays-Bas et du Luxembourg\",\"publisher\":{\"@id\":\"https:\/\/orthodoxia.be\/#organization\"},\"alternateName\":\"IMB\",\"potentialAction\":[{\"@type\":\"SearchAction\",\"target\":{\"@type\":\"EntryPoint\",\"urlTemplate\":\"https:\/\/orthodoxia.be\/?s={search_term_string}\"},\"query-input\":{\"@type\":\"PropertyValueSpecification\",\"valueRequired\":true,\"valueName\":\"search_term_string\"}}],\"inLanguage\":\"fr-BE\"},{\"@type\":\"Organization\",\"@id\":\"https:\/\/orthodoxia.be\/#organization\",\"name\":\"Orthodox Archdiocese of Belgium (Benelux)\",\"url\":\"https:\/\/orthodoxia.be\/\",\"logo\":{\"@type\":\"ImageObject\",\"inLanguage\":\"fr-BE\",\"@id\":\"https:\/\/orthodoxia.be\/#\/schema\/logo\/image\/\",\"url\":\"https:\/\/orthodoxia.be\/wp-content\/uploads\/2024\/02\/cropped-IMB-logo-512-cl-1.png\",\"contentUrl\":\"https:\/\/orthodoxia.be\/wp-content\/uploads\/2024\/02\/cropped-IMB-logo-512-cl-1.png\",\"width\":512,\"height\":512,\"caption\":\"Orthodox Archdiocese of Belgium (Benelux)\"},\"image\":{\"@id\":\"https:\/\/orthodoxia.be\/#\/schema\/logo\/image\/\"},\"sameAs\":[\"https:\/\/www.facebook.com\/orthobel\",\"https:\/\/x.com\/orthobel\",\"https:\/\/www.youtube.com\/c\/orthobel\",\"https:\/\/www.mixcloud.com\/orthobel\/\",\"https:\/\/www.flickr.com\/photos\/148264890@N07\/albums\",\"https:\/\/www.dailymotion.com\/Orthobel\"]},{\"@type\":\"Person\",\"@id\":\"https:\/\/orthodoxia.be\/#\/schema\/person\/36bdc09a0ba8f97671645b7e9d8533ee\",\"name\":\"Georgios Tzatzanis\",\"image\":{\"@type\":\"ImageObject\",\"inLanguage\":\"fr-BE\",\"@id\":\"https:\/\/orthodoxia.be\/#\/schema\/person\/image\/\",\"url\":\"https:\/\/secure.gravatar.com\/avatar\/5e2d1c8037dfa80360af6aee99548eff?s=96&d=mm&r=g\",\"contentUrl\":\"https:\/\/secure.gravatar.com\/avatar\/5e2d1c8037dfa80360af6aee99548eff?s=96&d=mm&r=g\",\"caption\":\"Georgios Tzatzanis\"},\"sameAs\":[\"http:\/\/orthodoxia.be\"],\"url\":\"https:\/\/orthodoxia.be\/fr\/author\/tzatzanis\/\"}]}<\/script>\n<!-- \/ Yoast SEO plugin. -->","yoast_head_json":{"title":"\u00ab\u00a0Ce qui changera le monde aujourd\u2019hui, c\u2019est l\u2019action missionnaire de l\u2019\u00c9glise\u2026.\u00a0\u00bb (M\u00e9tropolite Ath\u00e9nagoras de Belgique) - Archev\u00each\u00e9 Orthodoxe de Belgique","robots":{"index":"index","follow":"follow","max-snippet":"max-snippet:-1","max-image-preview":"max-image-preview:large","max-video-preview":"max-video-preview:-1"},"canonical":"https:\/\/orthodoxia.be\/2018\/05\/12\/\u03b2\u03b5\u03bb\u03b3\u03af\u03bf\u03c5-\u03b1\u03b8\u03b7\u03bd\u03b1\u03b3\u03cc\u03c1\u03b1\u03c2-\u03b7-\u03b9\u03b5\u03c1\u03b1\u03c0\u03bf\u03c3\u03c4\u03bf\u03bb\u03b9\u03ba\u03ae\/","og_locale":"fr_FR","og_type":"article","og_title":"\u00ab\u00a0Ce qui changera le monde aujourd\u2019hui, c\u2019est l\u2019action missionnaire de l\u2019\u00c9glise\u2026.\u00a0\u00bb (M\u00e9tropolite Ath\u00e9nagoras de Belgique) - Archev\u00each\u00e9 Orthodoxe de Belgique","og_description":"La paroisse d\u2019Ostende a honor\u00e9 ses Saints Patrons Cyrille et M\u00e9thode \u00e0 l\u2019occasion de leur m\u00e9moire, ce samedi 12 mai 2018. Dans la tr\u00e8s belle ville baln\u00e9aire de Flandre et dans l\u2019\u00e9glise r\u00e9nov\u00e9e et r\u00e9cemment inaugur\u00e9e des Saints \u00e9gaux aux Ap\u00f4tres, Son \u00c9minence le M\u00e9tropolite Ath\u00e9nagoras de Belgique et Exarque des Pays-Bas et du Luxembourg &hellip; Continued","og_url":"https:\/\/orthodoxia.be\/2018\/05\/12\/\u03b2\u03b5\u03bb\u03b3\u03af\u03bf\u03c5-\u03b1\u03b8\u03b7\u03bd\u03b1\u03b3\u03cc\u03c1\u03b1\u03c2-\u03b7-\u03b9\u03b5\u03c1\u03b1\u03c0\u03bf\u03c3\u03c4\u03bf\u03bb\u03b9\u03ba\u03ae\/","og_site_name":"Archev\u00each\u00e9 Orthodoxe de Belgique","article_publisher":"https:\/\/www.facebook.com\/orthobel","article_published_time":"2018-05-12T18:00:30+00:00","article_modified_time":"2018-05-22T10:00:34+00:00","og_image":[{"width":1200,"height":670,"url":"https:\/\/orthodoxia.be\/wp-content\/uploads\/2018\/05\/ostandi.jpg","type":"image\/jpeg"}],"author":"Georgios Tzatzanis","twitter_card":"summary_large_image","twitter_creator":"@orthobel","twitter_site":"@orthobel","twitter_misc":{"\u00c9crit par":"Georgios Tzatzanis","Dur\u00e9e de lecture est.":"2 minutes"},"schema":{"@context":"https:\/\/schema.org","@graph":[{"@type":"Article","@id":"https:\/\/orthodoxia.be\/2018\/05\/12\/%ce%b2%ce%b5%ce%bb%ce%b3%ce%af%ce%bf%cf%85-%ce%b1%ce%b8%ce%b7%ce%bd%ce%b1%ce%b3%cf%8c%cf%81%ce%b1%cf%82-%ce%b7-%ce%b9%ce%b5%cf%81%ce%b1%cf%80%ce%bf%cf%83%cf%84%ce%bf%ce%bb%ce%b9%ce%ba%ce%ae\/#article","isPartOf":{"@id":"https:\/\/orthodoxia.be\/2018\/05\/12\/%ce%b2%ce%b5%ce%bb%ce%b3%ce%af%ce%bf%cf%85-%ce%b1%ce%b8%ce%b7%ce%bd%ce%b1%ce%b3%cf%8c%cf%81%ce%b1%cf%82-%ce%b7-%ce%b9%ce%b5%cf%81%ce%b1%cf%80%ce%bf%cf%83%cf%84%ce%bf%ce%bb%ce%b9%ce%ba%ce%ae\/"},"author":{"name":"Georgios Tzatzanis","@id":"https:\/\/orthodoxia.be\/#\/schema\/person\/36bdc09a0ba8f97671645b7e9d8533ee"},"headline":"\u00ab\u00a0Ce qui changera le monde aujourd\u2019hui, c\u2019est l\u2019action missionnaire de l\u2019\u00c9glise\u2026.\u00a0\u00bb (M\u00e9tropolite Ath\u00e9nagoras de Belgique)","datePublished":"2018-05-12T18:00:30+00:00","dateModified":"2018-05-22T10:00:34+00:00","mainEntityOfPage":{"@id":"https:\/\/orthodoxia.be\/2018\/05\/12\/%ce%b2%ce%b5%ce%bb%ce%b3%ce%af%ce%bf%cf%85-%ce%b1%ce%b8%ce%b7%ce%bd%ce%b1%ce%b3%cf%8c%cf%81%ce%b1%cf%82-%ce%b7-%ce%b9%ce%b5%cf%81%ce%b1%cf%80%ce%bf%cf%83%cf%84%ce%bf%ce%bb%ce%b9%ce%ba%ce%ae\/"},"wordCount":336,"publisher":{"@id":"https:\/\/orthodoxia.be\/#organization"},"image":{"@id":"https:\/\/orthodoxia.be\/2018\/05\/12\/%ce%b2%ce%b5%ce%bb%ce%b3%ce%af%ce%bf%cf%85-%ce%b1%ce%b8%ce%b7%ce%bd%ce%b1%ce%b3%cf%8c%cf%81%ce%b1%cf%82-%ce%b7-%ce%b9%ce%b5%cf%81%ce%b1%cf%80%ce%bf%cf%83%cf%84%ce%bf%ce%bb%ce%b9%ce%ba%ce%ae\/#primaryimage"},"thumbnailUrl":"https:\/\/orthodoxia.be\/wp-content\/uploads\/2018\/05\/ostandi.jpg","articleSection":["Actualit\u00e9"],"inLanguage":"fr-BE"},{"@type":"WebPage","@id":"https:\/\/orthodoxia.be\/2018\/05\/12\/%ce%b2%ce%b5%ce%bb%ce%b3%ce%af%ce%bf%cf%85-%ce%b1%ce%b8%ce%b7%ce%bd%ce%b1%ce%b3%cf%8c%cf%81%ce%b1%cf%82-%ce%b7-%ce%b9%ce%b5%cf%81%ce%b1%cf%80%ce%bf%cf%83%cf%84%ce%bf%ce%bb%ce%b9%ce%ba%ce%ae\/","url":"https:\/\/orthodoxia.be\/2018\/05\/12\/%ce%b2%ce%b5%ce%bb%ce%b3%ce%af%ce%bf%cf%85-%ce%b1%ce%b8%ce%b7%ce%bd%ce%b1%ce%b3%cf%8c%cf%81%ce%b1%cf%82-%ce%b7-%ce%b9%ce%b5%cf%81%ce%b1%cf%80%ce%bf%cf%83%cf%84%ce%bf%ce%bb%ce%b9%ce%ba%ce%ae\/","name":"\u00ab\u00a0Ce qui changera le monde aujourd\u2019hui, c\u2019est l\u2019action missionnaire de l\u2019\u00c9glise\u2026.\u00a0\u00bb (M\u00e9tropolite Ath\u00e9nagoras de Belgique) - Archev\u00each\u00e9 Orthodoxe de Belgique","isPartOf":{"@id":"https:\/\/orthodoxia.be\/#website"},"primaryImageOfPage":{"@id":"https:\/\/orthodoxia.be\/2018\/05\/12\/%ce%b2%ce%b5%ce%bb%ce%b3%ce%af%ce%bf%cf%85-%ce%b1%ce%b8%ce%b7%ce%bd%ce%b1%ce%b3%cf%8c%cf%81%ce%b1%cf%82-%ce%b7-%ce%b9%ce%b5%cf%81%ce%b1%cf%80%ce%bf%cf%83%cf%84%ce%bf%ce%bb%ce%b9%ce%ba%ce%ae\/#primaryimage"},"image":{"@id":"https:\/\/orthodoxia.be\/2018\/05\/12\/%ce%b2%ce%b5%ce%bb%ce%b3%ce%af%ce%bf%cf%85-%ce%b1%ce%b8%ce%b7%ce%bd%ce%b1%ce%b3%cf%8c%cf%81%ce%b1%cf%82-%ce%b7-%ce%b9%ce%b5%cf%81%ce%b1%cf%80%ce%bf%cf%83%cf%84%ce%bf%ce%bb%ce%b9%ce%ba%ce%ae\/#primaryimage"},"thumbnailUrl":"https:\/\/orthodoxia.be\/wp-content\/uploads\/2018\/05\/ostandi.jpg","datePublished":"2018-05-12T18:00:30+00:00","dateModified":"2018-05-22T10:00:34+00:00","breadcrumb":{"@id":"https:\/\/orthodoxia.be\/2018\/05\/12\/%ce%b2%ce%b5%ce%bb%ce%b3%ce%af%ce%bf%cf%85-%ce%b1%ce%b8%ce%b7%ce%bd%ce%b1%ce%b3%cf%8c%cf%81%ce%b1%cf%82-%ce%b7-%ce%b9%ce%b5%cf%81%ce%b1%cf%80%ce%bf%cf%83%cf%84%ce%bf%ce%bb%ce%b9%ce%ba%ce%ae\/#breadcrumb"},"inLanguage":"fr-BE","potentialAction":[{"@type":"ReadAction","target":["https:\/\/orthodoxia.be\/2018\/05\/12\/%ce%b2%ce%b5%ce%bb%ce%b3%ce%af%ce%bf%cf%85-%ce%b1%ce%b8%ce%b7%ce%bd%ce%b1%ce%b3%cf%8c%cf%81%ce%b1%cf%82-%ce%b7-%ce%b9%ce%b5%cf%81%ce%b1%cf%80%ce%bf%cf%83%cf%84%ce%bf%ce%bb%ce%b9%ce%ba%ce%ae\/"]}]},{"@type":"ImageObject","inLanguage":"fr-BE","@id":"https:\/\/orthodoxia.be\/2018\/05\/12\/%ce%b2%ce%b5%ce%bb%ce%b3%ce%af%ce%bf%cf%85-%ce%b1%ce%b8%ce%b7%ce%bd%ce%b1%ce%b3%cf%8c%cf%81%ce%b1%cf%82-%ce%b7-%ce%b9%ce%b5%cf%81%ce%b1%cf%80%ce%bf%cf%83%cf%84%ce%bf%ce%bb%ce%b9%ce%ba%ce%ae\/#primaryimage","url":"https:\/\/orthodoxia.be\/wp-content\/uploads\/2018\/05\/ostandi.jpg","contentUrl":"https:\/\/orthodoxia.be\/wp-content\/uploads\/2018\/05\/ostandi.jpg","width":1200,"height":670},{"@type":"BreadcrumbList","@id":"https:\/\/orthodoxia.be\/2018\/05\/12\/%ce%b2%ce%b5%ce%bb%ce%b3%ce%af%ce%bf%cf%85-%ce%b1%ce%b8%ce%b7%ce%bd%ce%b1%ce%b3%cf%8c%cf%81%ce%b1%cf%82-%ce%b7-%ce%b9%ce%b5%cf%81%ce%b1%cf%80%ce%bf%cf%83%cf%84%ce%bf%ce%bb%ce%b9%ce%ba%ce%ae\/#breadcrumb","itemListElement":[{"@type":"ListItem","position":1,"name":"Home","item":"https:\/\/orthodoxia.be\/fr\/"},{"@type":"ListItem","position":2,"name":"\u00ab\u00a0Ce qui changera le monde aujourd\u2019hui, c\u2019est l\u2019action missionnaire de l\u2019\u00c9glise\u2026.\u00a0\u00bb (M\u00e9tropolite Ath\u00e9nagoras de Belgique)"}]},{"@type":"WebSite","@id":"https:\/\/orthodoxia.be\/#website","url":"https:\/\/orthodoxia.be\/","name":"Orthodox Archdiocese of Belgium (Benelux)","description":"Exarque des Pays-Bas et du Luxembourg","publisher":{"@id":"https:\/\/orthodoxia.be\/#organization"},"alternateName":"IMB","potentialAction":[{"@type":"SearchAction","target":{"@type":"EntryPoint","urlTemplate":"https:\/\/orthodoxia.be\/?s={search_term_string}"},"query-input":{"@type":"PropertyValueSpecification","valueRequired":true,"valueName":"search_term_string"}}],"inLanguage":"fr-BE"},{"@type":"Organization","@id":"https:\/\/orthodoxia.be\/#organization","name":"Orthodox Archdiocese of Belgium (Benelux)","url":"https:\/\/orthodoxia.be\/","logo":{"@type":"ImageObject","inLanguage":"fr-BE","@id":"https:\/\/orthodoxia.be\/#\/schema\/logo\/image\/","url":"https:\/\/orthodoxia.be\/wp-content\/uploads\/2024\/02\/cropped-IMB-logo-512-cl-1.png","contentUrl":"https:\/\/orthodoxia.be\/wp-content\/uploads\/2024\/02\/cropped-IMB-logo-512-cl-1.png","width":512,"height":512,"caption":"Orthodox Archdiocese of Belgium (Benelux)"},"image":{"@id":"https:\/\/orthodoxia.be\/#\/schema\/logo\/image\/"},"sameAs":["https:\/\/www.facebook.com\/orthobel","https:\/\/x.com\/orthobel","https:\/\/www.youtube.com\/c\/orthobel","https:\/\/www.mixcloud.com\/orthobel\/","https:\/\/www.flickr.com\/photos\/148264890@N07\/albums","https:\/\/www.dailymotion.com\/Orthobel"]},{"@type":"Person","@id":"https:\/\/orthodoxia.be\/#\/schema\/person\/36bdc09a0ba8f97671645b7e9d8533ee","name":"Georgios Tzatzanis","image":{"@type":"ImageObject","inLanguage":"fr-BE","@id":"https:\/\/orthodoxia.be\/#\/schema\/person\/image\/","url":"https:\/\/secure.gravatar.com\/avatar\/5e2d1c8037dfa80360af6aee99548eff?s=96&d=mm&r=g","contentUrl":"https:\/\/secure.gravatar.com\/avatar\/5e2d1c8037dfa80360af6aee99548eff?s=96&d=mm&r=g","caption":"Georgios Tzatzanis"},"sameAs":["http:\/\/orthodoxia.be"],"url":"https:\/\/orthodoxia.be\/fr\/author\/tzatzanis\/"}]}},"_links":{"self":[{"href":"https:\/\/orthodoxia.be\/fr\/wp-json\/wp\/v2\/posts\/10350","targetHints":{"allow":["GET"]}}],"collection":[{"href":"https:\/\/orthodoxia.be\/fr\/wp-json\/wp\/v2\/posts"}],"about":[{"href":"https:\/\/orthodoxia.be\/fr\/wp-json\/wp\/v2\/types\/post"}],"author":[{"embeddable":true,"href":"https:\/\/orthodoxia.be\/fr\/wp-json\/wp\/v2\/users\/2"}],"replies":[{"embeddable":true,"href":"https:\/\/orthodoxia.be\/fr\/wp-json\/wp\/v2\/comments?post=10350"}],"version-history":[{"count":1,"href":"https:\/\/orthodoxia.be\/fr\/wp-json\/wp\/v2\/posts\/10350\/revisions"}],"predecessor-version":[{"id":10352,"href":"https:\/\/orthodoxia.be\/fr\/wp-json\/wp\/v2\/posts\/10350\/revisions\/10352"}],"wp:featuredmedia":[{"embeddable":true,"href":"https:\/\/orthodoxia.be\/fr\/wp-json\/wp\/v2\/media\/9468"}],"wp:attachment":[{"href":"https:\/\/orthodoxia.be\/fr\/wp-json\/wp\/v2\/media?parent=10350"}],"wp:term":[{"taxonomy":"category","embeddable":true,"href":"https:\/\/orthodoxia.be\/fr\/wp-json\/wp\/v2\/categories?post=10350"},{"taxonomy":"post_tag","embeddable":true,"href":"https:\/\/orthodoxia.be\/fr\/wp-json\/wp\/v2\/tags?post=10350"}],"curies":[{"name":"wp","href":"https:\/\/api.w.org\/{rel}","templated":true}]}}