{"id":1389,"date":"2016-09-05T12:37:57","date_gmt":"2016-09-05T12:37:57","guid":{"rendered":"http:\/\/new.orthodoxia.be\/?p=1389"},"modified":"2017-10-23T07:38:24","modified_gmt":"2017-10-23T07:38:24","slug":"la-fete-de-la-nativite-de-la-vierge-marie-a-la-paroisse-polonaise-de-bruxelles","status":"publish","type":"post","link":"https:\/\/orthodoxia.be\/fr\/2016\/09\/05\/la-fete-de-la-nativite-de-la-vierge-marie-a-la-paroisse-polonaise-de-bruxelles\/","title":{"rendered":"LA F\u00caTE DE LA NATIVITE DE LA VIERGE MARIE A LA PAROISSE POLONAISE DE BRUXELLES"},"content":{"rendered":"<p align=\"justify\"><span style=\"font-family: Arial;\">Son Eminence le M\u00e9tropolite Ath\u00e9nagoras de Belgique a pr\u00e9sid\u00e9, le dimanche 4 septembre 2016, la Divine Liturgie Pontificale de la f\u00eate de la nativit\u00e9 de la Vierge Marie dans la paroisse polonaise homonyme de Bruxelles. Il \u00e9tait second\u00e9 par des pr\u00eatres de Bruxelles, ainsi que par le p\u00e8re Heikki Huttunen, Secr\u00e9taire G\u00e9n\u00e9ral de la KEK, le p\u00e8re Andreas Kuzman et le diacre Rapha\u00ebl de la Sainte Eglise de Pologne, tandis qu\u2019un grand nombre de fid\u00e8les principalement d\u2019origine polonaise est venu honorer la vierge Marie.<\/span><\/p>\n<p align=\"justify\"><span style=\"font-family: Arial;\">Dans son hom\u00e9lie, le p\u00e8re Andr\u00e9 c\u2019est r\u00e9f\u00e9r\u00e9 entre autres \u00e0 la f\u00eate de nativit\u00e9 de la vierge Marie ainsi qu\u2019\u00e0 la forte pr\u00e9sence de Marie dans nos vie.<\/span><\/p>\n<p align=\"justify\"><span style=\"font-family: Arial;\">A<\/span><span style=\"font-family: Arial;\">\u00a0la fin de la Divine Liturgie, Son Eminence le M\u00e9tropolite souligna la grande importance du fonctionnement de cette paroisse sous la juridiction de la Sainte M\u00e9tropole de Belgique. Cela doit \u00eatre consid\u00e9r\u00e9 comme un exemple pour la r\u00e9solution du probl\u00e8me canonique de la Diaspora Orthodoxe. Il remercia tous les fid\u00e8les pour leur pr\u00e9sence et leur chaleureux accueil et f\u00e9licita tout particuli\u00e8rement le r\u00e9v\u00e9rend p\u00e8re Pawel Cecha, qui oeuvre sans rel\u00e2che r\u00e9ussissant le meilleur pour sa paroisse. Ainsi, Son \u00c9minence lui a donn\u00e9 par la suite le titre d\u2019Archipr\u00eatre. Prenant la parole, P\u00e8re Pawel Cecha remercia le M\u00e9tropolite et tous les membres de la Sainte M\u00e9tropole pour le support qu\u2019ils lui donnent.<\/span><\/p>\n<p align=\"justify\"><span style=\"font-family: Arial;\">Par la suite, un repas fut offert \u00e0 toutes les personnes pr\u00e9sentes avec entre autres Son Excellence L\u2019Ev\u00eaque Jean Kockerols, auxiliaire de l\u2019Eglise Catholique, l\u2019adjoint au maire de la commune d\u2019Anderlecht et deux pr\u00eatres catholiques.\u00a0<\/span><\/p>\n","protected":false},"excerpt":{"rendered":"<p>Son Eminence le M\u00e9tropolite Ath\u00e9nagoras de Belgique a pr\u00e9sid\u00e9, le dimanche 4 septembre 2016, la Divine Liturgie Pontificale de la f\u00eate de la nativit\u00e9 de la Vierge Marie dans la paroisse polonaise homonyme de Bruxelles. Il \u00e9tait second\u00e9 par des pr\u00eatres de Bruxelles, ainsi que par le p\u00e8re Heikki Huttunen, Secr\u00e9taire G\u00e9n\u00e9ral de la KEK, &hellip; <a href=\"https:\/\/orthodoxia.be\/fr\/2016\/09\/05\/la-fete-de-la-nativite-de-la-vierge-marie-a-la-paroisse-polonaise-de-bruxelles\/\">Continued<\/a><\/p>\n","protected":false},"author":12,"featured_media":1384,"comment_status":"open","ping_status":"open","sticky":false,"template":"","format":"standard","meta":{"_acf_changed":false,"footnotes":""},"categories":[14],"tags":[],"class_list":["post-1389","post","type-post","status-publish","format-standard","has-post-thumbnail","hentry","category-actualite"],"acf":[],"yoast_head":"<!-- This site is optimized with the Yoast SEO plugin v24.3 - https:\/\/yoast.com\/wordpress\/plugins\/seo\/ -->\n<title>LA F\u00caTE DE LA NATIVITE DE LA VIERGE MARIE A LA PAROISSE POLONAISE DE BRUXELLES - Archev\u00each\u00e9 Orthodoxe de Belgique<\/title>\n<meta name=\"robots\" content=\"index, follow, max-snippet:-1, max-image-preview:large, max-video-preview:-1\" \/>\n<link rel=\"canonical\" href=\"https:\/\/orthodoxia.be\/fr\/2016\/09\/05\/la-fete-de-la-nativite-de-la-vierge-marie-a-la-paroisse-polonaise-de-bruxelles\/\" \/>\n<meta property=\"og:locale\" content=\"fr_FR\" \/>\n<meta property=\"og:type\" content=\"article\" \/>\n<meta property=\"og:title\" content=\"LA F\u00caTE DE LA NATIVITE DE LA VIERGE MARIE A LA PAROISSE POLONAISE DE BRUXELLES - Archev\u00each\u00e9 Orthodoxe de Belgique\" \/>\n<meta property=\"og:description\" content=\"Son Eminence le M\u00e9tropolite Ath\u00e9nagoras de Belgique a pr\u00e9sid\u00e9, le dimanche 4 septembre 2016, la Divine Liturgie Pontificale de la f\u00eate de la nativit\u00e9 de la Vierge Marie dans la paroisse polonaise homonyme de Bruxelles. Il \u00e9tait second\u00e9 par des pr\u00eatres de Bruxelles, ainsi que par le p\u00e8re Heikki Huttunen, Secr\u00e9taire G\u00e9n\u00e9ral de la KEK, &hellip; Continued\" \/>\n<meta property=\"og:url\" content=\"https:\/\/orthodoxia.be\/fr\/2016\/09\/05\/la-fete-de-la-nativite-de-la-vierge-marie-a-la-paroisse-polonaise-de-bruxelles\/\" \/>\n<meta property=\"og:site_name\" content=\"Archev\u00each\u00e9 Orthodoxe de Belgique\" \/>\n<meta property=\"article:publisher\" content=\"https:\/\/www.facebook.com\/orthobel\" \/>\n<meta property=\"article:published_time\" content=\"2016-09-05T12:37:57+00:00\" \/>\n<meta property=\"article:modified_time\" content=\"2017-10-23T07:38:24+00:00\" \/>\n<meta property=\"og:image\" content=\"https:\/\/orthodoxia.be\/wp-content\/uploads\/2017\/10\/DSC_8534.jpg\" \/>\n\t<meta property=\"og:image:width\" content=\"1600\" \/>\n\t<meta property=\"og:image:height\" content=\"1068\" \/>\n\t<meta property=\"og:image:type\" content=\"image\/jpeg\" \/>\n<meta name=\"author\" content=\"\u0391\u03c1\u03c7\u03b5\u03af\u03bf \u03a3\u03c5\u03bd\u03b5\u03c1\u03b3\u03b1\u03c4\u03ce\u03bd\" \/>\n<meta name=\"twitter:card\" content=\"summary_large_image\" \/>\n<meta name=\"twitter:creator\" content=\"@orthobel\" \/>\n<meta name=\"twitter:site\" content=\"@orthobel\" \/>\n<meta name=\"twitter:label1\" content=\"\u00c9crit par\" \/>\n\t<meta name=\"twitter:data1\" content=\"\u0391\u03c1\u03c7\u03b5\u03af\u03bf \u03a3\u03c5\u03bd\u03b5\u03c1\u03b3\u03b1\u03c4\u03ce\u03bd\" \/>\n\t<meta name=\"twitter:label2\" content=\"Dur\u00e9e de lecture est.\" \/>\n\t<meta name=\"twitter:data2\" content=\"2 minutes\" \/>\n<script type=\"application\/ld+json\" class=\"yoast-schema-graph\">{\"@context\":\"https:\/\/schema.org\",\"@graph\":[{\"@type\":\"Article\",\"@id\":\"https:\/\/orthodoxia.be\/fr\/2016\/09\/05\/la-fete-de-la-nativite-de-la-vierge-marie-a-la-paroisse-polonaise-de-bruxelles\/#article\",\"isPartOf\":{\"@id\":\"https:\/\/orthodoxia.be\/fr\/2016\/09\/05\/la-fete-de-la-nativite-de-la-vierge-marie-a-la-paroisse-polonaise-de-bruxelles\/\"},\"author\":{\"name\":\"\u0391\u03c1\u03c7\u03b5\u03af\u03bf \u03a3\u03c5\u03bd\u03b5\u03c1\u03b3\u03b1\u03c4\u03ce\u03bd\",\"@id\":\"https:\/\/orthodoxia.be\/#\/schema\/person\/4641c70600fbb1aac968996a0ef6d284\"},\"headline\":\"LA F\u00caTE DE LA NATIVITE DE LA VIERGE MARIE A LA PAROISSE POLONAISE DE BRUXELLES\",\"datePublished\":\"2016-09-05T12:37:57+00:00\",\"dateModified\":\"2017-10-23T07:38:24+00:00\",\"mainEntityOfPage\":{\"@id\":\"https:\/\/orthodoxia.be\/fr\/2016\/09\/05\/la-fete-de-la-nativite-de-la-vierge-marie-a-la-paroisse-polonaise-de-bruxelles\/\"},\"wordCount\":320,\"commentCount\":0,\"publisher\":{\"@id\":\"https:\/\/orthodoxia.be\/#organization\"},\"image\":{\"@id\":\"https:\/\/orthodoxia.be\/fr\/2016\/09\/05\/la-fete-de-la-nativite-de-la-vierge-marie-a-la-paroisse-polonaise-de-bruxelles\/#primaryimage\"},\"thumbnailUrl\":\"https:\/\/orthodoxia.be\/wp-content\/uploads\/2017\/10\/DSC_8534.jpg\",\"articleSection\":[\"Actualit\u00e9\"],\"inLanguage\":\"fr-BE\",\"potentialAction\":[{\"@type\":\"CommentAction\",\"name\":\"Comment\",\"target\":[\"https:\/\/orthodoxia.be\/fr\/2016\/09\/05\/la-fete-de-la-nativite-de-la-vierge-marie-a-la-paroisse-polonaise-de-bruxelles\/#respond\"]}]},{\"@type\":\"WebPage\",\"@id\":\"https:\/\/orthodoxia.be\/fr\/2016\/09\/05\/la-fete-de-la-nativite-de-la-vierge-marie-a-la-paroisse-polonaise-de-bruxelles\/\",\"url\":\"https:\/\/orthodoxia.be\/fr\/2016\/09\/05\/la-fete-de-la-nativite-de-la-vierge-marie-a-la-paroisse-polonaise-de-bruxelles\/\",\"name\":\"LA F\u00caTE DE LA NATIVITE DE LA VIERGE MARIE A LA PAROISSE POLONAISE DE BRUXELLES - Archev\u00each\u00e9 Orthodoxe de Belgique\",\"isPartOf\":{\"@id\":\"https:\/\/orthodoxia.be\/#website\"},\"primaryImageOfPage\":{\"@id\":\"https:\/\/orthodoxia.be\/fr\/2016\/09\/05\/la-fete-de-la-nativite-de-la-vierge-marie-a-la-paroisse-polonaise-de-bruxelles\/#primaryimage\"},\"image\":{\"@id\":\"https:\/\/orthodoxia.be\/fr\/2016\/09\/05\/la-fete-de-la-nativite-de-la-vierge-marie-a-la-paroisse-polonaise-de-bruxelles\/#primaryimage\"},\"thumbnailUrl\":\"https:\/\/orthodoxia.be\/wp-content\/uploads\/2017\/10\/DSC_8534.jpg\",\"datePublished\":\"2016-09-05T12:37:57+00:00\",\"dateModified\":\"2017-10-23T07:38:24+00:00\",\"breadcrumb\":{\"@id\":\"https:\/\/orthodoxia.be\/fr\/2016\/09\/05\/la-fete-de-la-nativite-de-la-vierge-marie-a-la-paroisse-polonaise-de-bruxelles\/#breadcrumb\"},\"inLanguage\":\"fr-BE\",\"potentialAction\":[{\"@type\":\"ReadAction\",\"target\":[\"https:\/\/orthodoxia.be\/fr\/2016\/09\/05\/la-fete-de-la-nativite-de-la-vierge-marie-a-la-paroisse-polonaise-de-bruxelles\/\"]}]},{\"@type\":\"ImageObject\",\"inLanguage\":\"fr-BE\",\"@id\":\"https:\/\/orthodoxia.be\/fr\/2016\/09\/05\/la-fete-de-la-nativite-de-la-vierge-marie-a-la-paroisse-polonaise-de-bruxelles\/#primaryimage\",\"url\":\"https:\/\/orthodoxia.be\/wp-content\/uploads\/2017\/10\/DSC_8534.jpg\",\"contentUrl\":\"https:\/\/orthodoxia.be\/wp-content\/uploads\/2017\/10\/DSC_8534.jpg\",\"width\":1600,\"height\":1068},{\"@type\":\"BreadcrumbList\",\"@id\":\"https:\/\/orthodoxia.be\/fr\/2016\/09\/05\/la-fete-de-la-nativite-de-la-vierge-marie-a-la-paroisse-polonaise-de-bruxelles\/#breadcrumb\",\"itemListElement\":[{\"@type\":\"ListItem\",\"position\":1,\"name\":\"Home\",\"item\":\"https:\/\/orthodoxia.be\/fr\/\"},{\"@type\":\"ListItem\",\"position\":2,\"name\":\"LA F\u00caTE DE LA NATIVITE DE LA VIERGE MARIE A LA PAROISSE POLONAISE DE BRUXELLES\"}]},{\"@type\":\"WebSite\",\"@id\":\"https:\/\/orthodoxia.be\/#website\",\"url\":\"https:\/\/orthodoxia.be\/\",\"name\":\"Orthodox Archdiocese of Belgium (Benelux)\",\"description\":\"Exarque des Pays-Bas et du Luxembourg\",\"publisher\":{\"@id\":\"https:\/\/orthodoxia.be\/#organization\"},\"alternateName\":\"IMB\",\"potentialAction\":[{\"@type\":\"SearchAction\",\"target\":{\"@type\":\"EntryPoint\",\"urlTemplate\":\"https:\/\/orthodoxia.be\/?s={search_term_string}\"},\"query-input\":{\"@type\":\"PropertyValueSpecification\",\"valueRequired\":true,\"valueName\":\"search_term_string\"}}],\"inLanguage\":\"fr-BE\"},{\"@type\":\"Organization\",\"@id\":\"https:\/\/orthodoxia.be\/#organization\",\"name\":\"Orthodox Archdiocese of Belgium (Benelux)\",\"url\":\"https:\/\/orthodoxia.be\/\",\"logo\":{\"@type\":\"ImageObject\",\"inLanguage\":\"fr-BE\",\"@id\":\"https:\/\/orthodoxia.be\/#\/schema\/logo\/image\/\",\"url\":\"https:\/\/orthodoxia.be\/wp-content\/uploads\/2024\/02\/cropped-IMB-logo-512-cl-1.png\",\"contentUrl\":\"https:\/\/orthodoxia.be\/wp-content\/uploads\/2024\/02\/cropped-IMB-logo-512-cl-1.png\",\"width\":512,\"height\":512,\"caption\":\"Orthodox Archdiocese of Belgium (Benelux)\"},\"image\":{\"@id\":\"https:\/\/orthodoxia.be\/#\/schema\/logo\/image\/\"},\"sameAs\":[\"https:\/\/www.facebook.com\/orthobel\",\"https:\/\/x.com\/orthobel\",\"https:\/\/www.youtube.com\/c\/orthobel\",\"https:\/\/www.mixcloud.com\/orthobel\/\",\"https:\/\/www.flickr.com\/photos\/148264890@N07\/albums\",\"https:\/\/www.dailymotion.com\/Orthobel\"]},{\"@type\":\"Person\",\"@id\":\"https:\/\/orthodoxia.be\/#\/schema\/person\/4641c70600fbb1aac968996a0ef6d284\",\"name\":\"\u0391\u03c1\u03c7\u03b5\u03af\u03bf \u03a3\u03c5\u03bd\u03b5\u03c1\u03b3\u03b1\u03c4\u03ce\u03bd\",\"image\":{\"@type\":\"ImageObject\",\"inLanguage\":\"fr-BE\",\"@id\":\"https:\/\/orthodoxia.be\/#\/schema\/person\/image\/\",\"url\":\"https:\/\/secure.gravatar.com\/avatar\/0bf791bec6a55758e3ee18a1fc90f09b?s=96&d=mm&r=g\",\"contentUrl\":\"https:\/\/secure.gravatar.com\/avatar\/0bf791bec6a55758e3ee18a1fc90f09b?s=96&d=mm&r=g\",\"caption\":\"\u0391\u03c1\u03c7\u03b5\u03af\u03bf \u03a3\u03c5\u03bd\u03b5\u03c1\u03b3\u03b1\u03c4\u03ce\u03bd\"},\"url\":\"https:\/\/orthodoxia.be\/fr\/author\/archives\/\"}]}<\/script>\n<!-- \/ Yoast SEO plugin. -->","yoast_head_json":{"title":"LA F\u00caTE DE LA NATIVITE DE LA VIERGE MARIE A LA PAROISSE POLONAISE DE BRUXELLES - Archev\u00each\u00e9 Orthodoxe de Belgique","robots":{"index":"index","follow":"follow","max-snippet":"max-snippet:-1","max-image-preview":"max-image-preview:large","max-video-preview":"max-video-preview:-1"},"canonical":"https:\/\/orthodoxia.be\/fr\/2016\/09\/05\/la-fete-de-la-nativite-de-la-vierge-marie-a-la-paroisse-polonaise-de-bruxelles\/","og_locale":"fr_FR","og_type":"article","og_title":"LA F\u00caTE DE LA NATIVITE DE LA VIERGE MARIE A LA PAROISSE POLONAISE DE BRUXELLES - Archev\u00each\u00e9 Orthodoxe de Belgique","og_description":"Son Eminence le M\u00e9tropolite Ath\u00e9nagoras de Belgique a pr\u00e9sid\u00e9, le dimanche 4 septembre 2016, la Divine Liturgie Pontificale de la f\u00eate de la nativit\u00e9 de la Vierge Marie dans la paroisse polonaise homonyme de Bruxelles. Il \u00e9tait second\u00e9 par des pr\u00eatres de Bruxelles, ainsi que par le p\u00e8re Heikki Huttunen, Secr\u00e9taire G\u00e9n\u00e9ral de la KEK, &hellip; Continued","og_url":"https:\/\/orthodoxia.be\/fr\/2016\/09\/05\/la-fete-de-la-nativite-de-la-vierge-marie-a-la-paroisse-polonaise-de-bruxelles\/","og_site_name":"Archev\u00each\u00e9 Orthodoxe de Belgique","article_publisher":"https:\/\/www.facebook.com\/orthobel","article_published_time":"2016-09-05T12:37:57+00:00","article_modified_time":"2017-10-23T07:38:24+00:00","og_image":[{"width":1600,"height":1068,"url":"https:\/\/orthodoxia.be\/wp-content\/uploads\/2017\/10\/DSC_8534.jpg","type":"image\/jpeg"}],"author":"\u0391\u03c1\u03c7\u03b5\u03af\u03bf \u03a3\u03c5\u03bd\u03b5\u03c1\u03b3\u03b1\u03c4\u03ce\u03bd","twitter_card":"summary_large_image","twitter_creator":"@orthobel","twitter_site":"@orthobel","twitter_misc":{"\u00c9crit par":"\u0391\u03c1\u03c7\u03b5\u03af\u03bf \u03a3\u03c5\u03bd\u03b5\u03c1\u03b3\u03b1\u03c4\u03ce\u03bd","Dur\u00e9e de lecture est.":"2 minutes"},"schema":{"@context":"https:\/\/schema.org","@graph":[{"@type":"Article","@id":"https:\/\/orthodoxia.be\/fr\/2016\/09\/05\/la-fete-de-la-nativite-de-la-vierge-marie-a-la-paroisse-polonaise-de-bruxelles\/#article","isPartOf":{"@id":"https:\/\/orthodoxia.be\/fr\/2016\/09\/05\/la-fete-de-la-nativite-de-la-vierge-marie-a-la-paroisse-polonaise-de-bruxelles\/"},"author":{"name":"\u0391\u03c1\u03c7\u03b5\u03af\u03bf \u03a3\u03c5\u03bd\u03b5\u03c1\u03b3\u03b1\u03c4\u03ce\u03bd","@id":"https:\/\/orthodoxia.be\/#\/schema\/person\/4641c70600fbb1aac968996a0ef6d284"},"headline":"LA F\u00caTE DE LA NATIVITE DE LA VIERGE MARIE A LA PAROISSE POLONAISE DE BRUXELLES","datePublished":"2016-09-05T12:37:57+00:00","dateModified":"2017-10-23T07:38:24+00:00","mainEntityOfPage":{"@id":"https:\/\/orthodoxia.be\/fr\/2016\/09\/05\/la-fete-de-la-nativite-de-la-vierge-marie-a-la-paroisse-polonaise-de-bruxelles\/"},"wordCount":320,"commentCount":0,"publisher":{"@id":"https:\/\/orthodoxia.be\/#organization"},"image":{"@id":"https:\/\/orthodoxia.be\/fr\/2016\/09\/05\/la-fete-de-la-nativite-de-la-vierge-marie-a-la-paroisse-polonaise-de-bruxelles\/#primaryimage"},"thumbnailUrl":"https:\/\/orthodoxia.be\/wp-content\/uploads\/2017\/10\/DSC_8534.jpg","articleSection":["Actualit\u00e9"],"inLanguage":"fr-BE","potentialAction":[{"@type":"CommentAction","name":"Comment","target":["https:\/\/orthodoxia.be\/fr\/2016\/09\/05\/la-fete-de-la-nativite-de-la-vierge-marie-a-la-paroisse-polonaise-de-bruxelles\/#respond"]}]},{"@type":"WebPage","@id":"https:\/\/orthodoxia.be\/fr\/2016\/09\/05\/la-fete-de-la-nativite-de-la-vierge-marie-a-la-paroisse-polonaise-de-bruxelles\/","url":"https:\/\/orthodoxia.be\/fr\/2016\/09\/05\/la-fete-de-la-nativite-de-la-vierge-marie-a-la-paroisse-polonaise-de-bruxelles\/","name":"LA F\u00caTE DE LA NATIVITE DE LA VIERGE MARIE A LA PAROISSE POLONAISE DE BRUXELLES - Archev\u00each\u00e9 Orthodoxe de Belgique","isPartOf":{"@id":"https:\/\/orthodoxia.be\/#website"},"primaryImageOfPage":{"@id":"https:\/\/orthodoxia.be\/fr\/2016\/09\/05\/la-fete-de-la-nativite-de-la-vierge-marie-a-la-paroisse-polonaise-de-bruxelles\/#primaryimage"},"image":{"@id":"https:\/\/orthodoxia.be\/fr\/2016\/09\/05\/la-fete-de-la-nativite-de-la-vierge-marie-a-la-paroisse-polonaise-de-bruxelles\/#primaryimage"},"thumbnailUrl":"https:\/\/orthodoxia.be\/wp-content\/uploads\/2017\/10\/DSC_8534.jpg","datePublished":"2016-09-05T12:37:57+00:00","dateModified":"2017-10-23T07:38:24+00:00","breadcrumb":{"@id":"https:\/\/orthodoxia.be\/fr\/2016\/09\/05\/la-fete-de-la-nativite-de-la-vierge-marie-a-la-paroisse-polonaise-de-bruxelles\/#breadcrumb"},"inLanguage":"fr-BE","potentialAction":[{"@type":"ReadAction","target":["https:\/\/orthodoxia.be\/fr\/2016\/09\/05\/la-fete-de-la-nativite-de-la-vierge-marie-a-la-paroisse-polonaise-de-bruxelles\/"]}]},{"@type":"ImageObject","inLanguage":"fr-BE","@id":"https:\/\/orthodoxia.be\/fr\/2016\/09\/05\/la-fete-de-la-nativite-de-la-vierge-marie-a-la-paroisse-polonaise-de-bruxelles\/#primaryimage","url":"https:\/\/orthodoxia.be\/wp-content\/uploads\/2017\/10\/DSC_8534.jpg","contentUrl":"https:\/\/orthodoxia.be\/wp-content\/uploads\/2017\/10\/DSC_8534.jpg","width":1600,"height":1068},{"@type":"BreadcrumbList","@id":"https:\/\/orthodoxia.be\/fr\/2016\/09\/05\/la-fete-de-la-nativite-de-la-vierge-marie-a-la-paroisse-polonaise-de-bruxelles\/#breadcrumb","itemListElement":[{"@type":"ListItem","position":1,"name":"Home","item":"https:\/\/orthodoxia.be\/fr\/"},{"@type":"ListItem","position":2,"name":"LA F\u00caTE DE LA NATIVITE DE LA VIERGE MARIE A LA PAROISSE POLONAISE DE BRUXELLES"}]},{"@type":"WebSite","@id":"https:\/\/orthodoxia.be\/#website","url":"https:\/\/orthodoxia.be\/","name":"Orthodox Archdiocese of Belgium (Benelux)","description":"Exarque des Pays-Bas et du Luxembourg","publisher":{"@id":"https:\/\/orthodoxia.be\/#organization"},"alternateName":"IMB","potentialAction":[{"@type":"SearchAction","target":{"@type":"EntryPoint","urlTemplate":"https:\/\/orthodoxia.be\/?s={search_term_string}"},"query-input":{"@type":"PropertyValueSpecification","valueRequired":true,"valueName":"search_term_string"}}],"inLanguage":"fr-BE"},{"@type":"Organization","@id":"https:\/\/orthodoxia.be\/#organization","name":"Orthodox Archdiocese of Belgium (Benelux)","url":"https:\/\/orthodoxia.be\/","logo":{"@type":"ImageObject","inLanguage":"fr-BE","@id":"https:\/\/orthodoxia.be\/#\/schema\/logo\/image\/","url":"https:\/\/orthodoxia.be\/wp-content\/uploads\/2024\/02\/cropped-IMB-logo-512-cl-1.png","contentUrl":"https:\/\/orthodoxia.be\/wp-content\/uploads\/2024\/02\/cropped-IMB-logo-512-cl-1.png","width":512,"height":512,"caption":"Orthodox Archdiocese of Belgium (Benelux)"},"image":{"@id":"https:\/\/orthodoxia.be\/#\/schema\/logo\/image\/"},"sameAs":["https:\/\/www.facebook.com\/orthobel","https:\/\/x.com\/orthobel","https:\/\/www.youtube.com\/c\/orthobel","https:\/\/www.mixcloud.com\/orthobel\/","https:\/\/www.flickr.com\/photos\/148264890@N07\/albums","https:\/\/www.dailymotion.com\/Orthobel"]},{"@type":"Person","@id":"https:\/\/orthodoxia.be\/#\/schema\/person\/4641c70600fbb1aac968996a0ef6d284","name":"\u0391\u03c1\u03c7\u03b5\u03af\u03bf \u03a3\u03c5\u03bd\u03b5\u03c1\u03b3\u03b1\u03c4\u03ce\u03bd","image":{"@type":"ImageObject","inLanguage":"fr-BE","@id":"https:\/\/orthodoxia.be\/#\/schema\/person\/image\/","url":"https:\/\/secure.gravatar.com\/avatar\/0bf791bec6a55758e3ee18a1fc90f09b?s=96&d=mm&r=g","contentUrl":"https:\/\/secure.gravatar.com\/avatar\/0bf791bec6a55758e3ee18a1fc90f09b?s=96&d=mm&r=g","caption":"\u0391\u03c1\u03c7\u03b5\u03af\u03bf \u03a3\u03c5\u03bd\u03b5\u03c1\u03b3\u03b1\u03c4\u03ce\u03bd"},"url":"https:\/\/orthodoxia.be\/fr\/author\/archives\/"}]}},"_links":{"self":[{"href":"https:\/\/orthodoxia.be\/fr\/wp-json\/wp\/v2\/posts\/1389","targetHints":{"allow":["GET"]}}],"collection":[{"href":"https:\/\/orthodoxia.be\/fr\/wp-json\/wp\/v2\/posts"}],"about":[{"href":"https:\/\/orthodoxia.be\/fr\/wp-json\/wp\/v2\/types\/post"}],"author":[{"embeddable":true,"href":"https:\/\/orthodoxia.be\/fr\/wp-json\/wp\/v2\/users\/12"}],"replies":[{"embeddable":true,"href":"https:\/\/orthodoxia.be\/fr\/wp-json\/wp\/v2\/comments?post=1389"}],"version-history":[{"count":1,"href":"https:\/\/orthodoxia.be\/fr\/wp-json\/wp\/v2\/posts\/1389\/revisions"}],"predecessor-version":[{"id":1390,"href":"https:\/\/orthodoxia.be\/fr\/wp-json\/wp\/v2\/posts\/1389\/revisions\/1390"}],"wp:featuredmedia":[{"embeddable":true,"href":"https:\/\/orthodoxia.be\/fr\/wp-json\/wp\/v2\/media\/1384"}],"wp:attachment":[{"href":"https:\/\/orthodoxia.be\/fr\/wp-json\/wp\/v2\/media?parent=1389"}],"wp:term":[{"taxonomy":"category","embeddable":true,"href":"https:\/\/orthodoxia.be\/fr\/wp-json\/wp\/v2\/categories?post=1389"},{"taxonomy":"post_tag","embeddable":true,"href":"https:\/\/orthodoxia.be\/fr\/wp-json\/wp\/v2\/tags?post=1389"}],"curies":[{"name":"wp","href":"https:\/\/api.w.org\/{rel}","templated":true}]}}