{"id":1443,"date":"2016-08-15T18:54:33","date_gmt":"2016-08-15T18:54:33","guid":{"rendered":"http:\/\/new.orthodoxia.be\/?p=1443"},"modified":"2017-10-20T12:58:27","modified_gmt":"2017-10-20T12:58:27","slug":"la-fete-de-la-dormition-de-la-mere-de-dieu-a-houthalen","status":"publish","type":"post","link":"https:\/\/orthodoxia.be\/fr\/2016\/08\/15\/la-fete-de-la-dormition-de-la-mere-de-dieu-a-houthalen\/","title":{"rendered":"LA F\u00caTE DE LA DORMITION DE LA MERE DE DIEU A HOUTHALEN"},"content":{"rendered":"<p align=\"justify\"><span style=\"font-family: Arial;\">C\u2019est avec majest\u00e9 qu\u2019a \u00e9t\u00e9 c\u00e9l\u00e9br\u00e9e la Dormition de la M\u00e8re de Dieu, le 15 ao\u00fbt 2016, dans la paroisse homonyme de Houthalen en Belgique.<\/span><\/p>\n<p align=\"justify\"><span style=\"font-family: Arial;\">Le jour de la f\u00eate, la Divine Liturgie Pontificale a \u00e9t\u00e9 c\u00e9l\u00e9br\u00e9e par son Eminence le M\u00e9tropolite Ath\u00e9nagoras de Belgique. Dans son hom\u00e9lie, Son Eminence c\u2019est r\u00e9f\u00e9r\u00e9 \u00e0 la Vierge Marie soulignant sa place particuli\u00e8re dans la vie des Chr\u00e9tiens.<\/span><\/p>\n<p align=\"justify\"><span style=\"font-family: Arial;\">\u00c0 la fin de la Divine Liturgie, il remercia le recteur de la paroisse l\u2019Archipr\u00eatre Diomidis Doulkerakis pour son hospitalit\u00e9, les pr\u00eatres pr\u00e9sent, ainsi que les nombreux fid\u00e8les venu honorer la Vierge Marie.<\/span><\/p>\n<p align=\"justify\"><span style=\"font-family: Arial;\">S\u2019en est suivi une grande r\u00e9ception pour tous le monde dans la salle de f\u00eate de la communaut\u00e9 grecque, \u00e0 c\u00f4t\u00e9 de l\u2019Eglise.\u00a0<\/span><\/p>\n<p align=\"justify\"><a href=\"https:\/\/goo.gl\/photos\/KpX4ndCeBf1FGcjz5\"><img loading=\"lazy\" decoding=\"async\" class=\"aligncenter size-thumbnail wp-image-711\" src=\"http:\/\/new.orthodoxia.be\/wp-content\/uploads\/2017\/10\/googlephotos-1-150x150.png\" alt=\"\" width=\"150\" height=\"150\" srcset=\"https:\/\/orthodoxia.be\/wp-content\/uploads\/2017\/10\/googlephotos-1-150x150.png 150w, https:\/\/orthodoxia.be\/wp-content\/uploads\/2017\/10\/googlephotos-1-300x300.png 300w, https:\/\/orthodoxia.be\/wp-content\/uploads\/2017\/10\/googlephotos-1-100x100.png 100w, https:\/\/orthodoxia.be\/wp-content\/uploads\/2017\/10\/googlephotos-1.png 500w\" sizes=\"auto, (max-width: 150px) 100vw, 150px\" \/><\/a><\/p>\n","protected":false},"excerpt":{"rendered":"<p>C\u2019est avec majest\u00e9 qu\u2019a \u00e9t\u00e9 c\u00e9l\u00e9br\u00e9e la Dormition de la M\u00e8re de Dieu, le 15 ao\u00fbt 2016, dans la paroisse homonyme de Houthalen en Belgique. Le jour de la f\u00eate, la Divine Liturgie Pontificale a \u00e9t\u00e9 c\u00e9l\u00e9br\u00e9e par son Eminence le M\u00e9tropolite Ath\u00e9nagoras de Belgique. Dans son hom\u00e9lie, Son Eminence c\u2019est r\u00e9f\u00e9r\u00e9 \u00e0 la Vierge &hellip; <a href=\"https:\/\/orthodoxia.be\/fr\/2016\/08\/15\/la-fete-de-la-dormition-de-la-mere-de-dieu-a-houthalen\/\">Continued<\/a><\/p>\n","protected":false},"author":12,"featured_media":1438,"comment_status":"open","ping_status":"open","sticky":false,"template":"","format":"standard","meta":{"_acf_changed":false,"footnotes":""},"categories":[14],"tags":[],"class_list":["post-1443","post","type-post","status-publish","format-standard","has-post-thumbnail","hentry","category-actualite"],"acf":[],"yoast_head":"<!-- This site is optimized with the Yoast SEO plugin v24.3 - https:\/\/yoast.com\/wordpress\/plugins\/seo\/ -->\n<title>LA F\u00caTE DE LA DORMITION DE LA MERE DE DIEU A HOUTHALEN - Archev\u00each\u00e9 Orthodoxe de Belgique<\/title>\n<meta name=\"robots\" content=\"index, follow, max-snippet:-1, max-image-preview:large, max-video-preview:-1\" \/>\n<link rel=\"canonical\" href=\"https:\/\/orthodoxia.be\/2016\/08\/15\/\u03b7-\u03b5\u03bf\u03c1\u03c4\u03b7-\u03c4\u03b7\u03c3-\u03ba\u03bf\u03b9\u03bc\u03b7\u03c3\u03b5\u03c9\u03c3-\u03c4\u03b7\u03c3-\u03b8\u03b5\u03bf\u03c4\u03bf\u03ba\u03bf\u03c5-\u03c3\u03c4\u03bf\/\" \/>\n<meta property=\"og:locale\" content=\"fr_FR\" \/>\n<meta property=\"og:type\" content=\"article\" \/>\n<meta property=\"og:title\" content=\"LA F\u00caTE DE LA DORMITION DE LA MERE DE DIEU A HOUTHALEN - Archev\u00each\u00e9 Orthodoxe de Belgique\" \/>\n<meta property=\"og:description\" content=\"C\u2019est avec majest\u00e9 qu\u2019a \u00e9t\u00e9 c\u00e9l\u00e9br\u00e9e la Dormition de la M\u00e8re de Dieu, le 15 ao\u00fbt 2016, dans la paroisse homonyme de Houthalen en Belgique. Le jour de la f\u00eate, la Divine Liturgie Pontificale a \u00e9t\u00e9 c\u00e9l\u00e9br\u00e9e par son Eminence le M\u00e9tropolite Ath\u00e9nagoras de Belgique. Dans son hom\u00e9lie, Son Eminence c\u2019est r\u00e9f\u00e9r\u00e9 \u00e0 la Vierge &hellip; Continued\" \/>\n<meta property=\"og:url\" content=\"https:\/\/orthodoxia.be\/2016\/08\/15\/\u03b7-\u03b5\u03bf\u03c1\u03c4\u03b7-\u03c4\u03b7\u03c3-\u03ba\u03bf\u03b9\u03bc\u03b7\u03c3\u03b5\u03c9\u03c3-\u03c4\u03b7\u03c3-\u03b8\u03b5\u03bf\u03c4\u03bf\u03ba\u03bf\u03c5-\u03c3\u03c4\u03bf\/\" \/>\n<meta property=\"og:site_name\" content=\"Archev\u00each\u00e9 Orthodoxe de Belgique\" \/>\n<meta property=\"article:publisher\" content=\"https:\/\/www.facebook.com\/orthobel\" \/>\n<meta property=\"article:published_time\" content=\"2016-08-15T18:54:33+00:00\" \/>\n<meta property=\"article:modified_time\" content=\"2017-10-20T12:58:27+00:00\" \/>\n<meta property=\"og:image\" content=\"https:\/\/orthodoxia.be\/wp-content\/uploads\/2017\/10\/20160815_101525.jpg\" \/>\n\t<meta property=\"og:image:width\" content=\"509\" \/>\n\t<meta property=\"og:image:height\" content=\"848\" \/>\n\t<meta property=\"og:image:type\" content=\"image\/jpeg\" \/>\n<meta name=\"author\" content=\"\u0391\u03c1\u03c7\u03b5\u03af\u03bf \u03a3\u03c5\u03bd\u03b5\u03c1\u03b3\u03b1\u03c4\u03ce\u03bd\" \/>\n<meta name=\"twitter:card\" content=\"summary_large_image\" \/>\n<meta name=\"twitter:creator\" content=\"@orthobel\" \/>\n<meta name=\"twitter:site\" content=\"@orthobel\" \/>\n<meta name=\"twitter:label1\" content=\"\u00c9crit par\" \/>\n\t<meta name=\"twitter:data1\" content=\"\u0391\u03c1\u03c7\u03b5\u03af\u03bf \u03a3\u03c5\u03bd\u03b5\u03c1\u03b3\u03b1\u03c4\u03ce\u03bd\" \/>\n\t<meta name=\"twitter:label2\" content=\"Dur\u00e9e de lecture est.\" \/>\n\t<meta name=\"twitter:data2\" content=\"1 minute\" \/>\n<script type=\"application\/ld+json\" class=\"yoast-schema-graph\">{\"@context\":\"https:\/\/schema.org\",\"@graph\":[{\"@type\":\"Article\",\"@id\":\"https:\/\/orthodoxia.be\/2016\/08\/15\/%ce%b7-%ce%b5%ce%bf%cf%81%cf%84%ce%b7-%cf%84%ce%b7%cf%83-%ce%ba%ce%bf%ce%b9%ce%bc%ce%b7%cf%83%ce%b5%cf%89%cf%83-%cf%84%ce%b7%cf%83-%ce%b8%ce%b5%ce%bf%cf%84%ce%bf%ce%ba%ce%bf%cf%85-%cf%83%cf%84%ce%bf\/#article\",\"isPartOf\":{\"@id\":\"https:\/\/orthodoxia.be\/2016\/08\/15\/%ce%b7-%ce%b5%ce%bf%cf%81%cf%84%ce%b7-%cf%84%ce%b7%cf%83-%ce%ba%ce%bf%ce%b9%ce%bc%ce%b7%cf%83%ce%b5%cf%89%cf%83-%cf%84%ce%b7%cf%83-%ce%b8%ce%b5%ce%bf%cf%84%ce%bf%ce%ba%ce%bf%cf%85-%cf%83%cf%84%ce%bf\/\"},\"author\":{\"name\":\"\u0391\u03c1\u03c7\u03b5\u03af\u03bf \u03a3\u03c5\u03bd\u03b5\u03c1\u03b3\u03b1\u03c4\u03ce\u03bd\",\"@id\":\"https:\/\/orthodoxia.be\/#\/schema\/person\/4641c70600fbb1aac968996a0ef6d284\"},\"headline\":\"LA F\u00caTE DE LA DORMITION DE LA MERE DE DIEU A HOUTHALEN\",\"datePublished\":\"2016-08-15T18:54:33+00:00\",\"dateModified\":\"2017-10-20T12:58:27+00:00\",\"mainEntityOfPage\":{\"@id\":\"https:\/\/orthodoxia.be\/2016\/08\/15\/%ce%b7-%ce%b5%ce%bf%cf%81%cf%84%ce%b7-%cf%84%ce%b7%cf%83-%ce%ba%ce%bf%ce%b9%ce%bc%ce%b7%cf%83%ce%b5%cf%89%cf%83-%cf%84%ce%b7%cf%83-%ce%b8%ce%b5%ce%bf%cf%84%ce%bf%ce%ba%ce%bf%cf%85-%cf%83%cf%84%ce%bf\/\"},\"wordCount\":158,\"commentCount\":0,\"publisher\":{\"@id\":\"https:\/\/orthodoxia.be\/#organization\"},\"image\":{\"@id\":\"https:\/\/orthodoxia.be\/2016\/08\/15\/%ce%b7-%ce%b5%ce%bf%cf%81%cf%84%ce%b7-%cf%84%ce%b7%cf%83-%ce%ba%ce%bf%ce%b9%ce%bc%ce%b7%cf%83%ce%b5%cf%89%cf%83-%cf%84%ce%b7%cf%83-%ce%b8%ce%b5%ce%bf%cf%84%ce%bf%ce%ba%ce%bf%cf%85-%cf%83%cf%84%ce%bf\/#primaryimage\"},\"thumbnailUrl\":\"https:\/\/orthodoxia.be\/wp-content\/uploads\/2017\/10\/20160815_101525.jpg\",\"articleSection\":[\"Actualit\u00e9\"],\"inLanguage\":\"fr-BE\",\"potentialAction\":[{\"@type\":\"CommentAction\",\"name\":\"Comment\",\"target\":[\"https:\/\/orthodoxia.be\/2016\/08\/15\/%ce%b7-%ce%b5%ce%bf%cf%81%cf%84%ce%b7-%cf%84%ce%b7%cf%83-%ce%ba%ce%bf%ce%b9%ce%bc%ce%b7%cf%83%ce%b5%cf%89%cf%83-%cf%84%ce%b7%cf%83-%ce%b8%ce%b5%ce%bf%cf%84%ce%bf%ce%ba%ce%bf%cf%85-%cf%83%cf%84%ce%bf\/#respond\"]}]},{\"@type\":\"WebPage\",\"@id\":\"https:\/\/orthodoxia.be\/2016\/08\/15\/%ce%b7-%ce%b5%ce%bf%cf%81%cf%84%ce%b7-%cf%84%ce%b7%cf%83-%ce%ba%ce%bf%ce%b9%ce%bc%ce%b7%cf%83%ce%b5%cf%89%cf%83-%cf%84%ce%b7%cf%83-%ce%b8%ce%b5%ce%bf%cf%84%ce%bf%ce%ba%ce%bf%cf%85-%cf%83%cf%84%ce%bf\/\",\"url\":\"https:\/\/orthodoxia.be\/2016\/08\/15\/%ce%b7-%ce%b5%ce%bf%cf%81%cf%84%ce%b7-%cf%84%ce%b7%cf%83-%ce%ba%ce%bf%ce%b9%ce%bc%ce%b7%cf%83%ce%b5%cf%89%cf%83-%cf%84%ce%b7%cf%83-%ce%b8%ce%b5%ce%bf%cf%84%ce%bf%ce%ba%ce%bf%cf%85-%cf%83%cf%84%ce%bf\/\",\"name\":\"LA F\u00caTE DE LA DORMITION DE LA MERE DE DIEU A HOUTHALEN - Archev\u00each\u00e9 Orthodoxe de Belgique\",\"isPartOf\":{\"@id\":\"https:\/\/orthodoxia.be\/#website\"},\"primaryImageOfPage\":{\"@id\":\"https:\/\/orthodoxia.be\/2016\/08\/15\/%ce%b7-%ce%b5%ce%bf%cf%81%cf%84%ce%b7-%cf%84%ce%b7%cf%83-%ce%ba%ce%bf%ce%b9%ce%bc%ce%b7%cf%83%ce%b5%cf%89%cf%83-%cf%84%ce%b7%cf%83-%ce%b8%ce%b5%ce%bf%cf%84%ce%bf%ce%ba%ce%bf%cf%85-%cf%83%cf%84%ce%bf\/#primaryimage\"},\"image\":{\"@id\":\"https:\/\/orthodoxia.be\/2016\/08\/15\/%ce%b7-%ce%b5%ce%bf%cf%81%cf%84%ce%b7-%cf%84%ce%b7%cf%83-%ce%ba%ce%bf%ce%b9%ce%bc%ce%b7%cf%83%ce%b5%cf%89%cf%83-%cf%84%ce%b7%cf%83-%ce%b8%ce%b5%ce%bf%cf%84%ce%bf%ce%ba%ce%bf%cf%85-%cf%83%cf%84%ce%bf\/#primaryimage\"},\"thumbnailUrl\":\"https:\/\/orthodoxia.be\/wp-content\/uploads\/2017\/10\/20160815_101525.jpg\",\"datePublished\":\"2016-08-15T18:54:33+00:00\",\"dateModified\":\"2017-10-20T12:58:27+00:00\",\"breadcrumb\":{\"@id\":\"https:\/\/orthodoxia.be\/2016\/08\/15\/%ce%b7-%ce%b5%ce%bf%cf%81%cf%84%ce%b7-%cf%84%ce%b7%cf%83-%ce%ba%ce%bf%ce%b9%ce%bc%ce%b7%cf%83%ce%b5%cf%89%cf%83-%cf%84%ce%b7%cf%83-%ce%b8%ce%b5%ce%bf%cf%84%ce%bf%ce%ba%ce%bf%cf%85-%cf%83%cf%84%ce%bf\/#breadcrumb\"},\"inLanguage\":\"fr-BE\",\"potentialAction\":[{\"@type\":\"ReadAction\",\"target\":[\"https:\/\/orthodoxia.be\/2016\/08\/15\/%ce%b7-%ce%b5%ce%bf%cf%81%cf%84%ce%b7-%cf%84%ce%b7%cf%83-%ce%ba%ce%bf%ce%b9%ce%bc%ce%b7%cf%83%ce%b5%cf%89%cf%83-%cf%84%ce%b7%cf%83-%ce%b8%ce%b5%ce%bf%cf%84%ce%bf%ce%ba%ce%bf%cf%85-%cf%83%cf%84%ce%bf\/\"]}]},{\"@type\":\"ImageObject\",\"inLanguage\":\"fr-BE\",\"@id\":\"https:\/\/orthodoxia.be\/2016\/08\/15\/%ce%b7-%ce%b5%ce%bf%cf%81%cf%84%ce%b7-%cf%84%ce%b7%cf%83-%ce%ba%ce%bf%ce%b9%ce%bc%ce%b7%cf%83%ce%b5%cf%89%cf%83-%cf%84%ce%b7%cf%83-%ce%b8%ce%b5%ce%bf%cf%84%ce%bf%ce%ba%ce%bf%cf%85-%cf%83%cf%84%ce%bf\/#primaryimage\",\"url\":\"https:\/\/orthodoxia.be\/wp-content\/uploads\/2017\/10\/20160815_101525.jpg\",\"contentUrl\":\"https:\/\/orthodoxia.be\/wp-content\/uploads\/2017\/10\/20160815_101525.jpg\",\"width\":509,\"height\":848},{\"@type\":\"BreadcrumbList\",\"@id\":\"https:\/\/orthodoxia.be\/2016\/08\/15\/%ce%b7-%ce%b5%ce%bf%cf%81%cf%84%ce%b7-%cf%84%ce%b7%cf%83-%ce%ba%ce%bf%ce%b9%ce%bc%ce%b7%cf%83%ce%b5%cf%89%cf%83-%cf%84%ce%b7%cf%83-%ce%b8%ce%b5%ce%bf%cf%84%ce%bf%ce%ba%ce%bf%cf%85-%cf%83%cf%84%ce%bf\/#breadcrumb\",\"itemListElement\":[{\"@type\":\"ListItem\",\"position\":1,\"name\":\"Home\",\"item\":\"https:\/\/orthodoxia.be\/fr\/\"},{\"@type\":\"ListItem\",\"position\":2,\"name\":\"LA F\u00caTE DE LA DORMITION DE LA MERE DE DIEU A HOUTHALEN\"}]},{\"@type\":\"WebSite\",\"@id\":\"https:\/\/orthodoxia.be\/#website\",\"url\":\"https:\/\/orthodoxia.be\/\",\"name\":\"Orthodox Archdiocese of Belgium (Benelux)\",\"description\":\"Exarque des Pays-Bas et du Luxembourg\",\"publisher\":{\"@id\":\"https:\/\/orthodoxia.be\/#organization\"},\"alternateName\":\"IMB\",\"potentialAction\":[{\"@type\":\"SearchAction\",\"target\":{\"@type\":\"EntryPoint\",\"urlTemplate\":\"https:\/\/orthodoxia.be\/?s={search_term_string}\"},\"query-input\":{\"@type\":\"PropertyValueSpecification\",\"valueRequired\":true,\"valueName\":\"search_term_string\"}}],\"inLanguage\":\"fr-BE\"},{\"@type\":\"Organization\",\"@id\":\"https:\/\/orthodoxia.be\/#organization\",\"name\":\"Orthodox Archdiocese of Belgium (Benelux)\",\"url\":\"https:\/\/orthodoxia.be\/\",\"logo\":{\"@type\":\"ImageObject\",\"inLanguage\":\"fr-BE\",\"@id\":\"https:\/\/orthodoxia.be\/#\/schema\/logo\/image\/\",\"url\":\"https:\/\/orthodoxia.be\/wp-content\/uploads\/2024\/02\/cropped-IMB-logo-512-cl-1.png\",\"contentUrl\":\"https:\/\/orthodoxia.be\/wp-content\/uploads\/2024\/02\/cropped-IMB-logo-512-cl-1.png\",\"width\":512,\"height\":512,\"caption\":\"Orthodox Archdiocese of Belgium (Benelux)\"},\"image\":{\"@id\":\"https:\/\/orthodoxia.be\/#\/schema\/logo\/image\/\"},\"sameAs\":[\"https:\/\/www.facebook.com\/orthobel\",\"https:\/\/x.com\/orthobel\",\"https:\/\/www.youtube.com\/c\/orthobel\",\"https:\/\/www.mixcloud.com\/orthobel\/\",\"https:\/\/www.flickr.com\/photos\/148264890@N07\/albums\",\"https:\/\/www.dailymotion.com\/Orthobel\"]},{\"@type\":\"Person\",\"@id\":\"https:\/\/orthodoxia.be\/#\/schema\/person\/4641c70600fbb1aac968996a0ef6d284\",\"name\":\"\u0391\u03c1\u03c7\u03b5\u03af\u03bf \u03a3\u03c5\u03bd\u03b5\u03c1\u03b3\u03b1\u03c4\u03ce\u03bd\",\"image\":{\"@type\":\"ImageObject\",\"inLanguage\":\"fr-BE\",\"@id\":\"https:\/\/orthodoxia.be\/#\/schema\/person\/image\/\",\"url\":\"https:\/\/secure.gravatar.com\/avatar\/0bf791bec6a55758e3ee18a1fc90f09b?s=96&d=mm&r=g\",\"contentUrl\":\"https:\/\/secure.gravatar.com\/avatar\/0bf791bec6a55758e3ee18a1fc90f09b?s=96&d=mm&r=g\",\"caption\":\"\u0391\u03c1\u03c7\u03b5\u03af\u03bf \u03a3\u03c5\u03bd\u03b5\u03c1\u03b3\u03b1\u03c4\u03ce\u03bd\"},\"url\":\"https:\/\/orthodoxia.be\/fr\/author\/archives\/\"}]}<\/script>\n<!-- \/ Yoast SEO plugin. -->","yoast_head_json":{"title":"LA F\u00caTE DE LA DORMITION DE LA MERE DE DIEU A HOUTHALEN - Archev\u00each\u00e9 Orthodoxe de Belgique","robots":{"index":"index","follow":"follow","max-snippet":"max-snippet:-1","max-image-preview":"max-image-preview:large","max-video-preview":"max-video-preview:-1"},"canonical":"https:\/\/orthodoxia.be\/2016\/08\/15\/\u03b7-\u03b5\u03bf\u03c1\u03c4\u03b7-\u03c4\u03b7\u03c3-\u03ba\u03bf\u03b9\u03bc\u03b7\u03c3\u03b5\u03c9\u03c3-\u03c4\u03b7\u03c3-\u03b8\u03b5\u03bf\u03c4\u03bf\u03ba\u03bf\u03c5-\u03c3\u03c4\u03bf\/","og_locale":"fr_FR","og_type":"article","og_title":"LA F\u00caTE DE LA DORMITION DE LA MERE DE DIEU A HOUTHALEN - Archev\u00each\u00e9 Orthodoxe de Belgique","og_description":"C\u2019est avec majest\u00e9 qu\u2019a \u00e9t\u00e9 c\u00e9l\u00e9br\u00e9e la Dormition de la M\u00e8re de Dieu, le 15 ao\u00fbt 2016, dans la paroisse homonyme de Houthalen en Belgique. Le jour de la f\u00eate, la Divine Liturgie Pontificale a \u00e9t\u00e9 c\u00e9l\u00e9br\u00e9e par son Eminence le M\u00e9tropolite Ath\u00e9nagoras de Belgique. Dans son hom\u00e9lie, Son Eminence c\u2019est r\u00e9f\u00e9r\u00e9 \u00e0 la Vierge &hellip; Continued","og_url":"https:\/\/orthodoxia.be\/2016\/08\/15\/\u03b7-\u03b5\u03bf\u03c1\u03c4\u03b7-\u03c4\u03b7\u03c3-\u03ba\u03bf\u03b9\u03bc\u03b7\u03c3\u03b5\u03c9\u03c3-\u03c4\u03b7\u03c3-\u03b8\u03b5\u03bf\u03c4\u03bf\u03ba\u03bf\u03c5-\u03c3\u03c4\u03bf\/","og_site_name":"Archev\u00each\u00e9 Orthodoxe de Belgique","article_publisher":"https:\/\/www.facebook.com\/orthobel","article_published_time":"2016-08-15T18:54:33+00:00","article_modified_time":"2017-10-20T12:58:27+00:00","og_image":[{"width":509,"height":848,"url":"https:\/\/orthodoxia.be\/wp-content\/uploads\/2017\/10\/20160815_101525.jpg","type":"image\/jpeg"}],"author":"\u0391\u03c1\u03c7\u03b5\u03af\u03bf \u03a3\u03c5\u03bd\u03b5\u03c1\u03b3\u03b1\u03c4\u03ce\u03bd","twitter_card":"summary_large_image","twitter_creator":"@orthobel","twitter_site":"@orthobel","twitter_misc":{"\u00c9crit par":"\u0391\u03c1\u03c7\u03b5\u03af\u03bf \u03a3\u03c5\u03bd\u03b5\u03c1\u03b3\u03b1\u03c4\u03ce\u03bd","Dur\u00e9e de lecture est.":"1 minute"},"schema":{"@context":"https:\/\/schema.org","@graph":[{"@type":"Article","@id":"https:\/\/orthodoxia.be\/2016\/08\/15\/%ce%b7-%ce%b5%ce%bf%cf%81%cf%84%ce%b7-%cf%84%ce%b7%cf%83-%ce%ba%ce%bf%ce%b9%ce%bc%ce%b7%cf%83%ce%b5%cf%89%cf%83-%cf%84%ce%b7%cf%83-%ce%b8%ce%b5%ce%bf%cf%84%ce%bf%ce%ba%ce%bf%cf%85-%cf%83%cf%84%ce%bf\/#article","isPartOf":{"@id":"https:\/\/orthodoxia.be\/2016\/08\/15\/%ce%b7-%ce%b5%ce%bf%cf%81%cf%84%ce%b7-%cf%84%ce%b7%cf%83-%ce%ba%ce%bf%ce%b9%ce%bc%ce%b7%cf%83%ce%b5%cf%89%cf%83-%cf%84%ce%b7%cf%83-%ce%b8%ce%b5%ce%bf%cf%84%ce%bf%ce%ba%ce%bf%cf%85-%cf%83%cf%84%ce%bf\/"},"author":{"name":"\u0391\u03c1\u03c7\u03b5\u03af\u03bf \u03a3\u03c5\u03bd\u03b5\u03c1\u03b3\u03b1\u03c4\u03ce\u03bd","@id":"https:\/\/orthodoxia.be\/#\/schema\/person\/4641c70600fbb1aac968996a0ef6d284"},"headline":"LA F\u00caTE DE LA DORMITION DE LA MERE DE DIEU A HOUTHALEN","datePublished":"2016-08-15T18:54:33+00:00","dateModified":"2017-10-20T12:58:27+00:00","mainEntityOfPage":{"@id":"https:\/\/orthodoxia.be\/2016\/08\/15\/%ce%b7-%ce%b5%ce%bf%cf%81%cf%84%ce%b7-%cf%84%ce%b7%cf%83-%ce%ba%ce%bf%ce%b9%ce%bc%ce%b7%cf%83%ce%b5%cf%89%cf%83-%cf%84%ce%b7%cf%83-%ce%b8%ce%b5%ce%bf%cf%84%ce%bf%ce%ba%ce%bf%cf%85-%cf%83%cf%84%ce%bf\/"},"wordCount":158,"commentCount":0,"publisher":{"@id":"https:\/\/orthodoxia.be\/#organization"},"image":{"@id":"https:\/\/orthodoxia.be\/2016\/08\/15\/%ce%b7-%ce%b5%ce%bf%cf%81%cf%84%ce%b7-%cf%84%ce%b7%cf%83-%ce%ba%ce%bf%ce%b9%ce%bc%ce%b7%cf%83%ce%b5%cf%89%cf%83-%cf%84%ce%b7%cf%83-%ce%b8%ce%b5%ce%bf%cf%84%ce%bf%ce%ba%ce%bf%cf%85-%cf%83%cf%84%ce%bf\/#primaryimage"},"thumbnailUrl":"https:\/\/orthodoxia.be\/wp-content\/uploads\/2017\/10\/20160815_101525.jpg","articleSection":["Actualit\u00e9"],"inLanguage":"fr-BE","potentialAction":[{"@type":"CommentAction","name":"Comment","target":["https:\/\/orthodoxia.be\/2016\/08\/15\/%ce%b7-%ce%b5%ce%bf%cf%81%cf%84%ce%b7-%cf%84%ce%b7%cf%83-%ce%ba%ce%bf%ce%b9%ce%bc%ce%b7%cf%83%ce%b5%cf%89%cf%83-%cf%84%ce%b7%cf%83-%ce%b8%ce%b5%ce%bf%cf%84%ce%bf%ce%ba%ce%bf%cf%85-%cf%83%cf%84%ce%bf\/#respond"]}]},{"@type":"WebPage","@id":"https:\/\/orthodoxia.be\/2016\/08\/15\/%ce%b7-%ce%b5%ce%bf%cf%81%cf%84%ce%b7-%cf%84%ce%b7%cf%83-%ce%ba%ce%bf%ce%b9%ce%bc%ce%b7%cf%83%ce%b5%cf%89%cf%83-%cf%84%ce%b7%cf%83-%ce%b8%ce%b5%ce%bf%cf%84%ce%bf%ce%ba%ce%bf%cf%85-%cf%83%cf%84%ce%bf\/","url":"https:\/\/orthodoxia.be\/2016\/08\/15\/%ce%b7-%ce%b5%ce%bf%cf%81%cf%84%ce%b7-%cf%84%ce%b7%cf%83-%ce%ba%ce%bf%ce%b9%ce%bc%ce%b7%cf%83%ce%b5%cf%89%cf%83-%cf%84%ce%b7%cf%83-%ce%b8%ce%b5%ce%bf%cf%84%ce%bf%ce%ba%ce%bf%cf%85-%cf%83%cf%84%ce%bf\/","name":"LA F\u00caTE DE LA DORMITION DE LA MERE DE DIEU A HOUTHALEN - Archev\u00each\u00e9 Orthodoxe de Belgique","isPartOf":{"@id":"https:\/\/orthodoxia.be\/#website"},"primaryImageOfPage":{"@id":"https:\/\/orthodoxia.be\/2016\/08\/15\/%ce%b7-%ce%b5%ce%bf%cf%81%cf%84%ce%b7-%cf%84%ce%b7%cf%83-%ce%ba%ce%bf%ce%b9%ce%bc%ce%b7%cf%83%ce%b5%cf%89%cf%83-%cf%84%ce%b7%cf%83-%ce%b8%ce%b5%ce%bf%cf%84%ce%bf%ce%ba%ce%bf%cf%85-%cf%83%cf%84%ce%bf\/#primaryimage"},"image":{"@id":"https:\/\/orthodoxia.be\/2016\/08\/15\/%ce%b7-%ce%b5%ce%bf%cf%81%cf%84%ce%b7-%cf%84%ce%b7%cf%83-%ce%ba%ce%bf%ce%b9%ce%bc%ce%b7%cf%83%ce%b5%cf%89%cf%83-%cf%84%ce%b7%cf%83-%ce%b8%ce%b5%ce%bf%cf%84%ce%bf%ce%ba%ce%bf%cf%85-%cf%83%cf%84%ce%bf\/#primaryimage"},"thumbnailUrl":"https:\/\/orthodoxia.be\/wp-content\/uploads\/2017\/10\/20160815_101525.jpg","datePublished":"2016-08-15T18:54:33+00:00","dateModified":"2017-10-20T12:58:27+00:00","breadcrumb":{"@id":"https:\/\/orthodoxia.be\/2016\/08\/15\/%ce%b7-%ce%b5%ce%bf%cf%81%cf%84%ce%b7-%cf%84%ce%b7%cf%83-%ce%ba%ce%bf%ce%b9%ce%bc%ce%b7%cf%83%ce%b5%cf%89%cf%83-%cf%84%ce%b7%cf%83-%ce%b8%ce%b5%ce%bf%cf%84%ce%bf%ce%ba%ce%bf%cf%85-%cf%83%cf%84%ce%bf\/#breadcrumb"},"inLanguage":"fr-BE","potentialAction":[{"@type":"ReadAction","target":["https:\/\/orthodoxia.be\/2016\/08\/15\/%ce%b7-%ce%b5%ce%bf%cf%81%cf%84%ce%b7-%cf%84%ce%b7%cf%83-%ce%ba%ce%bf%ce%b9%ce%bc%ce%b7%cf%83%ce%b5%cf%89%cf%83-%cf%84%ce%b7%cf%83-%ce%b8%ce%b5%ce%bf%cf%84%ce%bf%ce%ba%ce%bf%cf%85-%cf%83%cf%84%ce%bf\/"]}]},{"@type":"ImageObject","inLanguage":"fr-BE","@id":"https:\/\/orthodoxia.be\/2016\/08\/15\/%ce%b7-%ce%b5%ce%bf%cf%81%cf%84%ce%b7-%cf%84%ce%b7%cf%83-%ce%ba%ce%bf%ce%b9%ce%bc%ce%b7%cf%83%ce%b5%cf%89%cf%83-%cf%84%ce%b7%cf%83-%ce%b8%ce%b5%ce%bf%cf%84%ce%bf%ce%ba%ce%bf%cf%85-%cf%83%cf%84%ce%bf\/#primaryimage","url":"https:\/\/orthodoxia.be\/wp-content\/uploads\/2017\/10\/20160815_101525.jpg","contentUrl":"https:\/\/orthodoxia.be\/wp-content\/uploads\/2017\/10\/20160815_101525.jpg","width":509,"height":848},{"@type":"BreadcrumbList","@id":"https:\/\/orthodoxia.be\/2016\/08\/15\/%ce%b7-%ce%b5%ce%bf%cf%81%cf%84%ce%b7-%cf%84%ce%b7%cf%83-%ce%ba%ce%bf%ce%b9%ce%bc%ce%b7%cf%83%ce%b5%cf%89%cf%83-%cf%84%ce%b7%cf%83-%ce%b8%ce%b5%ce%bf%cf%84%ce%bf%ce%ba%ce%bf%cf%85-%cf%83%cf%84%ce%bf\/#breadcrumb","itemListElement":[{"@type":"ListItem","position":1,"name":"Home","item":"https:\/\/orthodoxia.be\/fr\/"},{"@type":"ListItem","position":2,"name":"LA F\u00caTE DE LA DORMITION DE LA MERE DE DIEU A HOUTHALEN"}]},{"@type":"WebSite","@id":"https:\/\/orthodoxia.be\/#website","url":"https:\/\/orthodoxia.be\/","name":"Orthodox Archdiocese of Belgium (Benelux)","description":"Exarque des Pays-Bas et du Luxembourg","publisher":{"@id":"https:\/\/orthodoxia.be\/#organization"},"alternateName":"IMB","potentialAction":[{"@type":"SearchAction","target":{"@type":"EntryPoint","urlTemplate":"https:\/\/orthodoxia.be\/?s={search_term_string}"},"query-input":{"@type":"PropertyValueSpecification","valueRequired":true,"valueName":"search_term_string"}}],"inLanguage":"fr-BE"},{"@type":"Organization","@id":"https:\/\/orthodoxia.be\/#organization","name":"Orthodox Archdiocese of Belgium (Benelux)","url":"https:\/\/orthodoxia.be\/","logo":{"@type":"ImageObject","inLanguage":"fr-BE","@id":"https:\/\/orthodoxia.be\/#\/schema\/logo\/image\/","url":"https:\/\/orthodoxia.be\/wp-content\/uploads\/2024\/02\/cropped-IMB-logo-512-cl-1.png","contentUrl":"https:\/\/orthodoxia.be\/wp-content\/uploads\/2024\/02\/cropped-IMB-logo-512-cl-1.png","width":512,"height":512,"caption":"Orthodox Archdiocese of Belgium (Benelux)"},"image":{"@id":"https:\/\/orthodoxia.be\/#\/schema\/logo\/image\/"},"sameAs":["https:\/\/www.facebook.com\/orthobel","https:\/\/x.com\/orthobel","https:\/\/www.youtube.com\/c\/orthobel","https:\/\/www.mixcloud.com\/orthobel\/","https:\/\/www.flickr.com\/photos\/148264890@N07\/albums","https:\/\/www.dailymotion.com\/Orthobel"]},{"@type":"Person","@id":"https:\/\/orthodoxia.be\/#\/schema\/person\/4641c70600fbb1aac968996a0ef6d284","name":"\u0391\u03c1\u03c7\u03b5\u03af\u03bf \u03a3\u03c5\u03bd\u03b5\u03c1\u03b3\u03b1\u03c4\u03ce\u03bd","image":{"@type":"ImageObject","inLanguage":"fr-BE","@id":"https:\/\/orthodoxia.be\/#\/schema\/person\/image\/","url":"https:\/\/secure.gravatar.com\/avatar\/0bf791bec6a55758e3ee18a1fc90f09b?s=96&d=mm&r=g","contentUrl":"https:\/\/secure.gravatar.com\/avatar\/0bf791bec6a55758e3ee18a1fc90f09b?s=96&d=mm&r=g","caption":"\u0391\u03c1\u03c7\u03b5\u03af\u03bf \u03a3\u03c5\u03bd\u03b5\u03c1\u03b3\u03b1\u03c4\u03ce\u03bd"},"url":"https:\/\/orthodoxia.be\/fr\/author\/archives\/"}]}},"_links":{"self":[{"href":"https:\/\/orthodoxia.be\/fr\/wp-json\/wp\/v2\/posts\/1443","targetHints":{"allow":["GET"]}}],"collection":[{"href":"https:\/\/orthodoxia.be\/fr\/wp-json\/wp\/v2\/posts"}],"about":[{"href":"https:\/\/orthodoxia.be\/fr\/wp-json\/wp\/v2\/types\/post"}],"author":[{"embeddable":true,"href":"https:\/\/orthodoxia.be\/fr\/wp-json\/wp\/v2\/users\/12"}],"replies":[{"embeddable":true,"href":"https:\/\/orthodoxia.be\/fr\/wp-json\/wp\/v2\/comments?post=1443"}],"version-history":[{"count":1,"href":"https:\/\/orthodoxia.be\/fr\/wp-json\/wp\/v2\/posts\/1443\/revisions"}],"predecessor-version":[{"id":1444,"href":"https:\/\/orthodoxia.be\/fr\/wp-json\/wp\/v2\/posts\/1443\/revisions\/1444"}],"wp:featuredmedia":[{"embeddable":true,"href":"https:\/\/orthodoxia.be\/fr\/wp-json\/wp\/v2\/media\/1438"}],"wp:attachment":[{"href":"https:\/\/orthodoxia.be\/fr\/wp-json\/wp\/v2\/media?parent=1443"}],"wp:term":[{"taxonomy":"category","embeddable":true,"href":"https:\/\/orthodoxia.be\/fr\/wp-json\/wp\/v2\/categories?post=1443"},{"taxonomy":"post_tag","embeddable":true,"href":"https:\/\/orthodoxia.be\/fr\/wp-json\/wp\/v2\/tags?post=1443"}],"curies":[{"name":"wp","href":"https:\/\/api.w.org\/{rel}","templated":true}]}}