{"id":15526,"date":"2019-01-04T15:56:29","date_gmt":"2019-01-04T14:56:29","guid":{"rendered":"http:\/\/orthodoxia.be\/?p=15526"},"modified":"2019-01-07T16:08:54","modified_gmt":"2019-01-07T15:08:54","slug":"travaux-importants-au-monastere-de-la-nativite-de-la-mere-de-dieu-a-asten-en-hollande","status":"publish","type":"post","link":"https:\/\/orthodoxia.be\/fr\/2019\/01\/04\/travaux-importants-au-monastere-de-la-nativite-de-la-mere-de-dieu-a-asten-en-hollande\/","title":{"rendered":"Travaux importants au Monast\u00e8re de la Nativit\u00e9 de la M\u00e8re de Dieu a Asten en Hollande"},"content":{"rendered":"<p style=\"text-align: justify;\">Il y a peu, l\u2019Archev\u00each\u00e9 de Belgique et Exarchat des Pays-Bas et du Luxembourg demandait \u00e0 ceux qui le pouvaient de soutenir financi\u00e8rement le Monast\u00e8re de la Nativit\u00e9 de la M\u00e8re de Dieu qui se trouve \u00e0 Asten en Hollande pour la r\u00e9alisation d\u2019importants travaux de r\u00e9novation, en raison de la pr\u00e9sence d\u2019amiante dans la structure de l\u2019\u00e9glise.<\/p>\n<p style=\"text-align: justify;\">L\u2019higoum\u00e8ne Ioanna nous a envoy\u00e9 les photos des travaux qui se poursuivent dans notre Monast\u00e8re, afin d\u2019avoir un aper\u00e7u de l\u2019avancement des travaux. (Photos ci-jointes)<\/p>\n<p style=\"text-align: justify;\">L\u2019Archev\u00each\u00e9 de Belgique remercie chaleureusement tous ceux qui ont aid\u00e9 pour le d\u00e9but des travaux et demande \u00e0 ceux qui le peuvent d\u2019envoyer le montant souhait\u00e9 sur le compte bancaire de l\u2019Archev\u00each\u00e9 <strong>BE61 3104 5269 2117<\/strong> &#8211; en communication \u201c<strong>MONI ASTEN<\/strong>\u201d.<\/p>\n<p style=\"text-align: justify;\">Avec des remerciements chaleureux et des v\u0153ux pour une Bonne Ann\u00e9e b\u00e9nie du Seigneur!<\/p>\n<p style=\"text-align: justify;\">Fait \u00e0 Bruxelles, en l\u2019Archev\u00each\u00e9, le 4 janvier 2019<\/p>\n<p>[FAGP id=15523]<\/p>\n","protected":false},"excerpt":{"rendered":"<p>Il y a peu, l\u2019Archev\u00each\u00e9 de Belgique et Exarchat des Pays-Bas et du Luxembourg demandait \u00e0 ceux qui le pouvaient de soutenir financi\u00e8rement le Monast\u00e8re de la Nativit\u00e9 de la M\u00e8re de Dieu qui se trouve \u00e0 Asten en Hollande pour la r\u00e9alisation d\u2019importants travaux de r\u00e9novation, en raison de la pr\u00e9sence d\u2019amiante dans la &hellip; <a href=\"https:\/\/orthodoxia.be\/fr\/2019\/01\/04\/travaux-importants-au-monastere-de-la-nativite-de-la-mere-de-dieu-a-asten-en-hollande\/\">Continued<\/a><\/p>\n","protected":false},"author":2,"featured_media":15518,"comment_status":"closed","ping_status":"open","sticky":false,"template":"","format":"standard","meta":{"_acf_changed":false,"footnotes":""},"categories":[14],"tags":[],"class_list":["post-15526","post","type-post","status-publish","format-standard","has-post-thumbnail","hentry","category-actualite"],"acf":[],"yoast_head":"<!-- This site is optimized with the Yoast SEO plugin v24.3 - https:\/\/yoast.com\/wordpress\/plugins\/seo\/ -->\n<title>Travaux importants au Monast\u00e8re de la Nativit\u00e9 de la M\u00e8re de Dieu a Asten en Hollande - Archev\u00each\u00e9 Orthodoxe de Belgique<\/title>\n<meta name=\"robots\" content=\"index, follow, max-snippet:-1, max-image-preview:large, max-video-preview:-1\" \/>\n<link rel=\"canonical\" href=\"https:\/\/orthodoxia.be\/2019\/01\/04\/\u03c1\u03b9\u03b6\u03b9\u03ba\u03ad\u03c2-\u03b5\u03c1\u03b3\u03b1\u03c3\u03af\u03b5\u03c2-\u03c3\u03c4\u03bf\u03bd-\u03b9\u03b5\u03c1\u03cc-\u03bd\u03b1\u03cc-\u03c4\u03b7\u03c2-\u03b9\u03b5\u03c1\/\" \/>\n<meta property=\"og:locale\" content=\"fr_FR\" \/>\n<meta property=\"og:type\" content=\"article\" \/>\n<meta property=\"og:title\" content=\"Travaux importants au Monast\u00e8re de la Nativit\u00e9 de la M\u00e8re de Dieu a Asten en Hollande - Archev\u00each\u00e9 Orthodoxe de Belgique\" \/>\n<meta property=\"og:description\" content=\"Il y a peu, l\u2019Archev\u00each\u00e9 de Belgique et Exarchat des Pays-Bas et du Luxembourg demandait \u00e0 ceux qui le pouvaient de soutenir financi\u00e8rement le Monast\u00e8re de la Nativit\u00e9 de la M\u00e8re de Dieu qui se trouve \u00e0 Asten en Hollande pour la r\u00e9alisation d\u2019importants travaux de r\u00e9novation, en raison de la pr\u00e9sence d\u2019amiante dans la &hellip; Continued\" \/>\n<meta property=\"og:url\" content=\"https:\/\/orthodoxia.be\/2019\/01\/04\/\u03c1\u03b9\u03b6\u03b9\u03ba\u03ad\u03c2-\u03b5\u03c1\u03b3\u03b1\u03c3\u03af\u03b5\u03c2-\u03c3\u03c4\u03bf\u03bd-\u03b9\u03b5\u03c1\u03cc-\u03bd\u03b1\u03cc-\u03c4\u03b7\u03c2-\u03b9\u03b5\u03c1\/\" \/>\n<meta property=\"og:site_name\" content=\"Archev\u00each\u00e9 Orthodoxe de Belgique\" \/>\n<meta property=\"article:publisher\" content=\"https:\/\/www.facebook.com\/orthobel\" \/>\n<meta property=\"article:published_time\" content=\"2019-01-04T14:56:29+00:00\" \/>\n<meta property=\"article:modified_time\" content=\"2019-01-07T15:08:54+00:00\" \/>\n<meta property=\"og:image\" content=\"https:\/\/orthodoxia.be\/wp-content\/uploads\/2019\/01\/5.jpg\" \/>\n\t<meta property=\"og:image:width\" content=\"1600\" \/>\n\t<meta property=\"og:image:height\" content=\"1200\" \/>\n\t<meta property=\"og:image:type\" content=\"image\/jpeg\" \/>\n<meta name=\"author\" content=\"Georgios Tzatzanis\" \/>\n<meta name=\"twitter:card\" content=\"summary_large_image\" \/>\n<meta name=\"twitter:creator\" content=\"@orthobel\" \/>\n<meta name=\"twitter:site\" content=\"@orthobel\" \/>\n<meta name=\"twitter:label1\" content=\"\u00c9crit par\" \/>\n\t<meta name=\"twitter:data1\" content=\"Georgios Tzatzanis\" \/>\n\t<meta name=\"twitter:label2\" content=\"Dur\u00e9e de lecture est.\" \/>\n\t<meta name=\"twitter:data2\" content=\"1 minute\" \/>\n<script type=\"application\/ld+json\" class=\"yoast-schema-graph\">{\"@context\":\"https:\/\/schema.org\",\"@graph\":[{\"@type\":\"Article\",\"@id\":\"https:\/\/orthodoxia.be\/2019\/01\/04\/%cf%81%ce%b9%ce%b6%ce%b9%ce%ba%ce%ad%cf%82-%ce%b5%cf%81%ce%b3%ce%b1%cf%83%ce%af%ce%b5%cf%82-%cf%83%cf%84%ce%bf%ce%bd-%ce%b9%ce%b5%cf%81%cf%8c-%ce%bd%ce%b1%cf%8c-%cf%84%ce%b7%cf%82-%ce%b9%ce%b5%cf%81\/#article\",\"isPartOf\":{\"@id\":\"https:\/\/orthodoxia.be\/2019\/01\/04\/%cf%81%ce%b9%ce%b6%ce%b9%ce%ba%ce%ad%cf%82-%ce%b5%cf%81%ce%b3%ce%b1%cf%83%ce%af%ce%b5%cf%82-%cf%83%cf%84%ce%bf%ce%bd-%ce%b9%ce%b5%cf%81%cf%8c-%ce%bd%ce%b1%cf%8c-%cf%84%ce%b7%cf%82-%ce%b9%ce%b5%cf%81\/\"},\"author\":{\"name\":\"Georgios Tzatzanis\",\"@id\":\"https:\/\/orthodoxia.be\/#\/schema\/person\/36bdc09a0ba8f97671645b7e9d8533ee\"},\"headline\":\"Travaux importants au Monast\u00e8re de la Nativit\u00e9 de la M\u00e8re de Dieu a Asten en Hollande\",\"datePublished\":\"2019-01-04T14:56:29+00:00\",\"dateModified\":\"2019-01-07T15:08:54+00:00\",\"mainEntityOfPage\":{\"@id\":\"https:\/\/orthodoxia.be\/2019\/01\/04\/%cf%81%ce%b9%ce%b6%ce%b9%ce%ba%ce%ad%cf%82-%ce%b5%cf%81%ce%b3%ce%b1%cf%83%ce%af%ce%b5%cf%82-%cf%83%cf%84%ce%bf%ce%bd-%ce%b9%ce%b5%cf%81%cf%8c-%ce%bd%ce%b1%cf%8c-%cf%84%ce%b7%cf%82-%ce%b9%ce%b5%cf%81\/\"},\"wordCount\":186,\"publisher\":{\"@id\":\"https:\/\/orthodoxia.be\/#organization\"},\"image\":{\"@id\":\"https:\/\/orthodoxia.be\/2019\/01\/04\/%cf%81%ce%b9%ce%b6%ce%b9%ce%ba%ce%ad%cf%82-%ce%b5%cf%81%ce%b3%ce%b1%cf%83%ce%af%ce%b5%cf%82-%cf%83%cf%84%ce%bf%ce%bd-%ce%b9%ce%b5%cf%81%cf%8c-%ce%bd%ce%b1%cf%8c-%cf%84%ce%b7%cf%82-%ce%b9%ce%b5%cf%81\/#primaryimage\"},\"thumbnailUrl\":\"https:\/\/orthodoxia.be\/wp-content\/uploads\/2019\/01\/5.jpg\",\"articleSection\":[\"Actualit\u00e9\"],\"inLanguage\":\"fr-BE\"},{\"@type\":\"WebPage\",\"@id\":\"https:\/\/orthodoxia.be\/2019\/01\/04\/%cf%81%ce%b9%ce%b6%ce%b9%ce%ba%ce%ad%cf%82-%ce%b5%cf%81%ce%b3%ce%b1%cf%83%ce%af%ce%b5%cf%82-%cf%83%cf%84%ce%bf%ce%bd-%ce%b9%ce%b5%cf%81%cf%8c-%ce%bd%ce%b1%cf%8c-%cf%84%ce%b7%cf%82-%ce%b9%ce%b5%cf%81\/\",\"url\":\"https:\/\/orthodoxia.be\/2019\/01\/04\/%cf%81%ce%b9%ce%b6%ce%b9%ce%ba%ce%ad%cf%82-%ce%b5%cf%81%ce%b3%ce%b1%cf%83%ce%af%ce%b5%cf%82-%cf%83%cf%84%ce%bf%ce%bd-%ce%b9%ce%b5%cf%81%cf%8c-%ce%bd%ce%b1%cf%8c-%cf%84%ce%b7%cf%82-%ce%b9%ce%b5%cf%81\/\",\"name\":\"Travaux importants au Monast\u00e8re de la Nativit\u00e9 de la M\u00e8re de Dieu a Asten en Hollande - Archev\u00each\u00e9 Orthodoxe de Belgique\",\"isPartOf\":{\"@id\":\"https:\/\/orthodoxia.be\/#website\"},\"primaryImageOfPage\":{\"@id\":\"https:\/\/orthodoxia.be\/2019\/01\/04\/%cf%81%ce%b9%ce%b6%ce%b9%ce%ba%ce%ad%cf%82-%ce%b5%cf%81%ce%b3%ce%b1%cf%83%ce%af%ce%b5%cf%82-%cf%83%cf%84%ce%bf%ce%bd-%ce%b9%ce%b5%cf%81%cf%8c-%ce%bd%ce%b1%cf%8c-%cf%84%ce%b7%cf%82-%ce%b9%ce%b5%cf%81\/#primaryimage\"},\"image\":{\"@id\":\"https:\/\/orthodoxia.be\/2019\/01\/04\/%cf%81%ce%b9%ce%b6%ce%b9%ce%ba%ce%ad%cf%82-%ce%b5%cf%81%ce%b3%ce%b1%cf%83%ce%af%ce%b5%cf%82-%cf%83%cf%84%ce%bf%ce%bd-%ce%b9%ce%b5%cf%81%cf%8c-%ce%bd%ce%b1%cf%8c-%cf%84%ce%b7%cf%82-%ce%b9%ce%b5%cf%81\/#primaryimage\"},\"thumbnailUrl\":\"https:\/\/orthodoxia.be\/wp-content\/uploads\/2019\/01\/5.jpg\",\"datePublished\":\"2019-01-04T14:56:29+00:00\",\"dateModified\":\"2019-01-07T15:08:54+00:00\",\"breadcrumb\":{\"@id\":\"https:\/\/orthodoxia.be\/2019\/01\/04\/%cf%81%ce%b9%ce%b6%ce%b9%ce%ba%ce%ad%cf%82-%ce%b5%cf%81%ce%b3%ce%b1%cf%83%ce%af%ce%b5%cf%82-%cf%83%cf%84%ce%bf%ce%bd-%ce%b9%ce%b5%cf%81%cf%8c-%ce%bd%ce%b1%cf%8c-%cf%84%ce%b7%cf%82-%ce%b9%ce%b5%cf%81\/#breadcrumb\"},\"inLanguage\":\"fr-BE\",\"potentialAction\":[{\"@type\":\"ReadAction\",\"target\":[\"https:\/\/orthodoxia.be\/2019\/01\/04\/%cf%81%ce%b9%ce%b6%ce%b9%ce%ba%ce%ad%cf%82-%ce%b5%cf%81%ce%b3%ce%b1%cf%83%ce%af%ce%b5%cf%82-%cf%83%cf%84%ce%bf%ce%bd-%ce%b9%ce%b5%cf%81%cf%8c-%ce%bd%ce%b1%cf%8c-%cf%84%ce%b7%cf%82-%ce%b9%ce%b5%cf%81\/\"]}]},{\"@type\":\"ImageObject\",\"inLanguage\":\"fr-BE\",\"@id\":\"https:\/\/orthodoxia.be\/2019\/01\/04\/%cf%81%ce%b9%ce%b6%ce%b9%ce%ba%ce%ad%cf%82-%ce%b5%cf%81%ce%b3%ce%b1%cf%83%ce%af%ce%b5%cf%82-%cf%83%cf%84%ce%bf%ce%bd-%ce%b9%ce%b5%cf%81%cf%8c-%ce%bd%ce%b1%cf%8c-%cf%84%ce%b7%cf%82-%ce%b9%ce%b5%cf%81\/#primaryimage\",\"url\":\"https:\/\/orthodoxia.be\/wp-content\/uploads\/2019\/01\/5.jpg\",\"contentUrl\":\"https:\/\/orthodoxia.be\/wp-content\/uploads\/2019\/01\/5.jpg\",\"width\":1600,\"height\":1200},{\"@type\":\"BreadcrumbList\",\"@id\":\"https:\/\/orthodoxia.be\/2019\/01\/04\/%cf%81%ce%b9%ce%b6%ce%b9%ce%ba%ce%ad%cf%82-%ce%b5%cf%81%ce%b3%ce%b1%cf%83%ce%af%ce%b5%cf%82-%cf%83%cf%84%ce%bf%ce%bd-%ce%b9%ce%b5%cf%81%cf%8c-%ce%bd%ce%b1%cf%8c-%cf%84%ce%b7%cf%82-%ce%b9%ce%b5%cf%81\/#breadcrumb\",\"itemListElement\":[{\"@type\":\"ListItem\",\"position\":1,\"name\":\"Home\",\"item\":\"https:\/\/orthodoxia.be\/fr\/\"},{\"@type\":\"ListItem\",\"position\":2,\"name\":\"Travaux importants au Monast\u00e8re de la Nativit\u00e9 de la M\u00e8re de Dieu a Asten en Hollande\"}]},{\"@type\":\"WebSite\",\"@id\":\"https:\/\/orthodoxia.be\/#website\",\"url\":\"https:\/\/orthodoxia.be\/\",\"name\":\"Orthodox Archdiocese of Belgium (Benelux)\",\"description\":\"Exarque des Pays-Bas et du Luxembourg\",\"publisher\":{\"@id\":\"https:\/\/orthodoxia.be\/#organization\"},\"alternateName\":\"IMB\",\"potentialAction\":[{\"@type\":\"SearchAction\",\"target\":{\"@type\":\"EntryPoint\",\"urlTemplate\":\"https:\/\/orthodoxia.be\/?s={search_term_string}\"},\"query-input\":{\"@type\":\"PropertyValueSpecification\",\"valueRequired\":true,\"valueName\":\"search_term_string\"}}],\"inLanguage\":\"fr-BE\"},{\"@type\":\"Organization\",\"@id\":\"https:\/\/orthodoxia.be\/#organization\",\"name\":\"Orthodox Archdiocese of Belgium (Benelux)\",\"url\":\"https:\/\/orthodoxia.be\/\",\"logo\":{\"@type\":\"ImageObject\",\"inLanguage\":\"fr-BE\",\"@id\":\"https:\/\/orthodoxia.be\/#\/schema\/logo\/image\/\",\"url\":\"https:\/\/orthodoxia.be\/wp-content\/uploads\/2024\/02\/cropped-IMB-logo-512-cl-1.png\",\"contentUrl\":\"https:\/\/orthodoxia.be\/wp-content\/uploads\/2024\/02\/cropped-IMB-logo-512-cl-1.png\",\"width\":512,\"height\":512,\"caption\":\"Orthodox Archdiocese of Belgium (Benelux)\"},\"image\":{\"@id\":\"https:\/\/orthodoxia.be\/#\/schema\/logo\/image\/\"},\"sameAs\":[\"https:\/\/www.facebook.com\/orthobel\",\"https:\/\/x.com\/orthobel\",\"https:\/\/www.youtube.com\/c\/orthobel\",\"https:\/\/www.mixcloud.com\/orthobel\/\",\"https:\/\/www.flickr.com\/photos\/148264890@N07\/albums\",\"https:\/\/www.dailymotion.com\/Orthobel\"]},{\"@type\":\"Person\",\"@id\":\"https:\/\/orthodoxia.be\/#\/schema\/person\/36bdc09a0ba8f97671645b7e9d8533ee\",\"name\":\"Georgios Tzatzanis\",\"image\":{\"@type\":\"ImageObject\",\"inLanguage\":\"fr-BE\",\"@id\":\"https:\/\/orthodoxia.be\/#\/schema\/person\/image\/\",\"url\":\"https:\/\/secure.gravatar.com\/avatar\/5e2d1c8037dfa80360af6aee99548eff?s=96&d=mm&r=g\",\"contentUrl\":\"https:\/\/secure.gravatar.com\/avatar\/5e2d1c8037dfa80360af6aee99548eff?s=96&d=mm&r=g\",\"caption\":\"Georgios Tzatzanis\"},\"sameAs\":[\"http:\/\/orthodoxia.be\"],\"url\":\"https:\/\/orthodoxia.be\/fr\/author\/tzatzanis\/\"}]}<\/script>\n<!-- \/ Yoast SEO plugin. -->","yoast_head_json":{"title":"Travaux importants au Monast\u00e8re de la Nativit\u00e9 de la M\u00e8re de Dieu a Asten en Hollande - Archev\u00each\u00e9 Orthodoxe de Belgique","robots":{"index":"index","follow":"follow","max-snippet":"max-snippet:-1","max-image-preview":"max-image-preview:large","max-video-preview":"max-video-preview:-1"},"canonical":"https:\/\/orthodoxia.be\/2019\/01\/04\/\u03c1\u03b9\u03b6\u03b9\u03ba\u03ad\u03c2-\u03b5\u03c1\u03b3\u03b1\u03c3\u03af\u03b5\u03c2-\u03c3\u03c4\u03bf\u03bd-\u03b9\u03b5\u03c1\u03cc-\u03bd\u03b1\u03cc-\u03c4\u03b7\u03c2-\u03b9\u03b5\u03c1\/","og_locale":"fr_FR","og_type":"article","og_title":"Travaux importants au Monast\u00e8re de la Nativit\u00e9 de la M\u00e8re de Dieu a Asten en Hollande - Archev\u00each\u00e9 Orthodoxe de Belgique","og_description":"Il y a peu, l\u2019Archev\u00each\u00e9 de Belgique et Exarchat des Pays-Bas et du Luxembourg demandait \u00e0 ceux qui le pouvaient de soutenir financi\u00e8rement le Monast\u00e8re de la Nativit\u00e9 de la M\u00e8re de Dieu qui se trouve \u00e0 Asten en Hollande pour la r\u00e9alisation d\u2019importants travaux de r\u00e9novation, en raison de la pr\u00e9sence d\u2019amiante dans la &hellip; Continued","og_url":"https:\/\/orthodoxia.be\/2019\/01\/04\/\u03c1\u03b9\u03b6\u03b9\u03ba\u03ad\u03c2-\u03b5\u03c1\u03b3\u03b1\u03c3\u03af\u03b5\u03c2-\u03c3\u03c4\u03bf\u03bd-\u03b9\u03b5\u03c1\u03cc-\u03bd\u03b1\u03cc-\u03c4\u03b7\u03c2-\u03b9\u03b5\u03c1\/","og_site_name":"Archev\u00each\u00e9 Orthodoxe de Belgique","article_publisher":"https:\/\/www.facebook.com\/orthobel","article_published_time":"2019-01-04T14:56:29+00:00","article_modified_time":"2019-01-07T15:08:54+00:00","og_image":[{"width":1600,"height":1200,"url":"https:\/\/orthodoxia.be\/wp-content\/uploads\/2019\/01\/5.jpg","type":"image\/jpeg"}],"author":"Georgios Tzatzanis","twitter_card":"summary_large_image","twitter_creator":"@orthobel","twitter_site":"@orthobel","twitter_misc":{"\u00c9crit par":"Georgios Tzatzanis","Dur\u00e9e de lecture est.":"1 minute"},"schema":{"@context":"https:\/\/schema.org","@graph":[{"@type":"Article","@id":"https:\/\/orthodoxia.be\/2019\/01\/04\/%cf%81%ce%b9%ce%b6%ce%b9%ce%ba%ce%ad%cf%82-%ce%b5%cf%81%ce%b3%ce%b1%cf%83%ce%af%ce%b5%cf%82-%cf%83%cf%84%ce%bf%ce%bd-%ce%b9%ce%b5%cf%81%cf%8c-%ce%bd%ce%b1%cf%8c-%cf%84%ce%b7%cf%82-%ce%b9%ce%b5%cf%81\/#article","isPartOf":{"@id":"https:\/\/orthodoxia.be\/2019\/01\/04\/%cf%81%ce%b9%ce%b6%ce%b9%ce%ba%ce%ad%cf%82-%ce%b5%cf%81%ce%b3%ce%b1%cf%83%ce%af%ce%b5%cf%82-%cf%83%cf%84%ce%bf%ce%bd-%ce%b9%ce%b5%cf%81%cf%8c-%ce%bd%ce%b1%cf%8c-%cf%84%ce%b7%cf%82-%ce%b9%ce%b5%cf%81\/"},"author":{"name":"Georgios Tzatzanis","@id":"https:\/\/orthodoxia.be\/#\/schema\/person\/36bdc09a0ba8f97671645b7e9d8533ee"},"headline":"Travaux importants au Monast\u00e8re de la Nativit\u00e9 de la M\u00e8re de Dieu a Asten en Hollande","datePublished":"2019-01-04T14:56:29+00:00","dateModified":"2019-01-07T15:08:54+00:00","mainEntityOfPage":{"@id":"https:\/\/orthodoxia.be\/2019\/01\/04\/%cf%81%ce%b9%ce%b6%ce%b9%ce%ba%ce%ad%cf%82-%ce%b5%cf%81%ce%b3%ce%b1%cf%83%ce%af%ce%b5%cf%82-%cf%83%cf%84%ce%bf%ce%bd-%ce%b9%ce%b5%cf%81%cf%8c-%ce%bd%ce%b1%cf%8c-%cf%84%ce%b7%cf%82-%ce%b9%ce%b5%cf%81\/"},"wordCount":186,"publisher":{"@id":"https:\/\/orthodoxia.be\/#organization"},"image":{"@id":"https:\/\/orthodoxia.be\/2019\/01\/04\/%cf%81%ce%b9%ce%b6%ce%b9%ce%ba%ce%ad%cf%82-%ce%b5%cf%81%ce%b3%ce%b1%cf%83%ce%af%ce%b5%cf%82-%cf%83%cf%84%ce%bf%ce%bd-%ce%b9%ce%b5%cf%81%cf%8c-%ce%bd%ce%b1%cf%8c-%cf%84%ce%b7%cf%82-%ce%b9%ce%b5%cf%81\/#primaryimage"},"thumbnailUrl":"https:\/\/orthodoxia.be\/wp-content\/uploads\/2019\/01\/5.jpg","articleSection":["Actualit\u00e9"],"inLanguage":"fr-BE"},{"@type":"WebPage","@id":"https:\/\/orthodoxia.be\/2019\/01\/04\/%cf%81%ce%b9%ce%b6%ce%b9%ce%ba%ce%ad%cf%82-%ce%b5%cf%81%ce%b3%ce%b1%cf%83%ce%af%ce%b5%cf%82-%cf%83%cf%84%ce%bf%ce%bd-%ce%b9%ce%b5%cf%81%cf%8c-%ce%bd%ce%b1%cf%8c-%cf%84%ce%b7%cf%82-%ce%b9%ce%b5%cf%81\/","url":"https:\/\/orthodoxia.be\/2019\/01\/04\/%cf%81%ce%b9%ce%b6%ce%b9%ce%ba%ce%ad%cf%82-%ce%b5%cf%81%ce%b3%ce%b1%cf%83%ce%af%ce%b5%cf%82-%cf%83%cf%84%ce%bf%ce%bd-%ce%b9%ce%b5%cf%81%cf%8c-%ce%bd%ce%b1%cf%8c-%cf%84%ce%b7%cf%82-%ce%b9%ce%b5%cf%81\/","name":"Travaux importants au Monast\u00e8re de la Nativit\u00e9 de la M\u00e8re de Dieu a Asten en Hollande - Archev\u00each\u00e9 Orthodoxe de Belgique","isPartOf":{"@id":"https:\/\/orthodoxia.be\/#website"},"primaryImageOfPage":{"@id":"https:\/\/orthodoxia.be\/2019\/01\/04\/%cf%81%ce%b9%ce%b6%ce%b9%ce%ba%ce%ad%cf%82-%ce%b5%cf%81%ce%b3%ce%b1%cf%83%ce%af%ce%b5%cf%82-%cf%83%cf%84%ce%bf%ce%bd-%ce%b9%ce%b5%cf%81%cf%8c-%ce%bd%ce%b1%cf%8c-%cf%84%ce%b7%cf%82-%ce%b9%ce%b5%cf%81\/#primaryimage"},"image":{"@id":"https:\/\/orthodoxia.be\/2019\/01\/04\/%cf%81%ce%b9%ce%b6%ce%b9%ce%ba%ce%ad%cf%82-%ce%b5%cf%81%ce%b3%ce%b1%cf%83%ce%af%ce%b5%cf%82-%cf%83%cf%84%ce%bf%ce%bd-%ce%b9%ce%b5%cf%81%cf%8c-%ce%bd%ce%b1%cf%8c-%cf%84%ce%b7%cf%82-%ce%b9%ce%b5%cf%81\/#primaryimage"},"thumbnailUrl":"https:\/\/orthodoxia.be\/wp-content\/uploads\/2019\/01\/5.jpg","datePublished":"2019-01-04T14:56:29+00:00","dateModified":"2019-01-07T15:08:54+00:00","breadcrumb":{"@id":"https:\/\/orthodoxia.be\/2019\/01\/04\/%cf%81%ce%b9%ce%b6%ce%b9%ce%ba%ce%ad%cf%82-%ce%b5%cf%81%ce%b3%ce%b1%cf%83%ce%af%ce%b5%cf%82-%cf%83%cf%84%ce%bf%ce%bd-%ce%b9%ce%b5%cf%81%cf%8c-%ce%bd%ce%b1%cf%8c-%cf%84%ce%b7%cf%82-%ce%b9%ce%b5%cf%81\/#breadcrumb"},"inLanguage":"fr-BE","potentialAction":[{"@type":"ReadAction","target":["https:\/\/orthodoxia.be\/2019\/01\/04\/%cf%81%ce%b9%ce%b6%ce%b9%ce%ba%ce%ad%cf%82-%ce%b5%cf%81%ce%b3%ce%b1%cf%83%ce%af%ce%b5%cf%82-%cf%83%cf%84%ce%bf%ce%bd-%ce%b9%ce%b5%cf%81%cf%8c-%ce%bd%ce%b1%cf%8c-%cf%84%ce%b7%cf%82-%ce%b9%ce%b5%cf%81\/"]}]},{"@type":"ImageObject","inLanguage":"fr-BE","@id":"https:\/\/orthodoxia.be\/2019\/01\/04\/%cf%81%ce%b9%ce%b6%ce%b9%ce%ba%ce%ad%cf%82-%ce%b5%cf%81%ce%b3%ce%b1%cf%83%ce%af%ce%b5%cf%82-%cf%83%cf%84%ce%bf%ce%bd-%ce%b9%ce%b5%cf%81%cf%8c-%ce%bd%ce%b1%cf%8c-%cf%84%ce%b7%cf%82-%ce%b9%ce%b5%cf%81\/#primaryimage","url":"https:\/\/orthodoxia.be\/wp-content\/uploads\/2019\/01\/5.jpg","contentUrl":"https:\/\/orthodoxia.be\/wp-content\/uploads\/2019\/01\/5.jpg","width":1600,"height":1200},{"@type":"BreadcrumbList","@id":"https:\/\/orthodoxia.be\/2019\/01\/04\/%cf%81%ce%b9%ce%b6%ce%b9%ce%ba%ce%ad%cf%82-%ce%b5%cf%81%ce%b3%ce%b1%cf%83%ce%af%ce%b5%cf%82-%cf%83%cf%84%ce%bf%ce%bd-%ce%b9%ce%b5%cf%81%cf%8c-%ce%bd%ce%b1%cf%8c-%cf%84%ce%b7%cf%82-%ce%b9%ce%b5%cf%81\/#breadcrumb","itemListElement":[{"@type":"ListItem","position":1,"name":"Home","item":"https:\/\/orthodoxia.be\/fr\/"},{"@type":"ListItem","position":2,"name":"Travaux importants au Monast\u00e8re de la Nativit\u00e9 de la M\u00e8re de Dieu a Asten en Hollande"}]},{"@type":"WebSite","@id":"https:\/\/orthodoxia.be\/#website","url":"https:\/\/orthodoxia.be\/","name":"Orthodox Archdiocese of Belgium (Benelux)","description":"Exarque des Pays-Bas et du Luxembourg","publisher":{"@id":"https:\/\/orthodoxia.be\/#organization"},"alternateName":"IMB","potentialAction":[{"@type":"SearchAction","target":{"@type":"EntryPoint","urlTemplate":"https:\/\/orthodoxia.be\/?s={search_term_string}"},"query-input":{"@type":"PropertyValueSpecification","valueRequired":true,"valueName":"search_term_string"}}],"inLanguage":"fr-BE"},{"@type":"Organization","@id":"https:\/\/orthodoxia.be\/#organization","name":"Orthodox Archdiocese of Belgium (Benelux)","url":"https:\/\/orthodoxia.be\/","logo":{"@type":"ImageObject","inLanguage":"fr-BE","@id":"https:\/\/orthodoxia.be\/#\/schema\/logo\/image\/","url":"https:\/\/orthodoxia.be\/wp-content\/uploads\/2024\/02\/cropped-IMB-logo-512-cl-1.png","contentUrl":"https:\/\/orthodoxia.be\/wp-content\/uploads\/2024\/02\/cropped-IMB-logo-512-cl-1.png","width":512,"height":512,"caption":"Orthodox Archdiocese of Belgium (Benelux)"},"image":{"@id":"https:\/\/orthodoxia.be\/#\/schema\/logo\/image\/"},"sameAs":["https:\/\/www.facebook.com\/orthobel","https:\/\/x.com\/orthobel","https:\/\/www.youtube.com\/c\/orthobel","https:\/\/www.mixcloud.com\/orthobel\/","https:\/\/www.flickr.com\/photos\/148264890@N07\/albums","https:\/\/www.dailymotion.com\/Orthobel"]},{"@type":"Person","@id":"https:\/\/orthodoxia.be\/#\/schema\/person\/36bdc09a0ba8f97671645b7e9d8533ee","name":"Georgios Tzatzanis","image":{"@type":"ImageObject","inLanguage":"fr-BE","@id":"https:\/\/orthodoxia.be\/#\/schema\/person\/image\/","url":"https:\/\/secure.gravatar.com\/avatar\/5e2d1c8037dfa80360af6aee99548eff?s=96&d=mm&r=g","contentUrl":"https:\/\/secure.gravatar.com\/avatar\/5e2d1c8037dfa80360af6aee99548eff?s=96&d=mm&r=g","caption":"Georgios Tzatzanis"},"sameAs":["http:\/\/orthodoxia.be"],"url":"https:\/\/orthodoxia.be\/fr\/author\/tzatzanis\/"}]}},"_links":{"self":[{"href":"https:\/\/orthodoxia.be\/fr\/wp-json\/wp\/v2\/posts\/15526","targetHints":{"allow":["GET"]}}],"collection":[{"href":"https:\/\/orthodoxia.be\/fr\/wp-json\/wp\/v2\/posts"}],"about":[{"href":"https:\/\/orthodoxia.be\/fr\/wp-json\/wp\/v2\/types\/post"}],"author":[{"embeddable":true,"href":"https:\/\/orthodoxia.be\/fr\/wp-json\/wp\/v2\/users\/2"}],"replies":[{"embeddable":true,"href":"https:\/\/orthodoxia.be\/fr\/wp-json\/wp\/v2\/comments?post=15526"}],"version-history":[{"count":5,"href":"https:\/\/orthodoxia.be\/fr\/wp-json\/wp\/v2\/posts\/15526\/revisions"}],"predecessor-version":[{"id":15531,"href":"https:\/\/orthodoxia.be\/fr\/wp-json\/wp\/v2\/posts\/15526\/revisions\/15531"}],"wp:featuredmedia":[{"embeddable":true,"href":"https:\/\/orthodoxia.be\/fr\/wp-json\/wp\/v2\/media\/15518"}],"wp:attachment":[{"href":"https:\/\/orthodoxia.be\/fr\/wp-json\/wp\/v2\/media?parent=15526"}],"wp:term":[{"taxonomy":"category","embeddable":true,"href":"https:\/\/orthodoxia.be\/fr\/wp-json\/wp\/v2\/categories?post=15526"},{"taxonomy":"post_tag","embeddable":true,"href":"https:\/\/orthodoxia.be\/fr\/wp-json\/wp\/v2\/tags?post=15526"}],"curies":[{"name":"wp","href":"https:\/\/api.w.org\/{rel}","templated":true}]}}