{"id":16902,"date":"2019-02-25T22:02:49","date_gmt":"2019-02-25T21:02:49","guid":{"rendered":"http:\/\/orthodoxia.be\/?p=16902"},"modified":"2019-02-28T14:01:44","modified_gmt":"2019-02-28T13:01:44","slug":"conference-a-larcheveche-de-belgique-sur-le-role-du-patriarcat-oecumenique","status":"publish","type":"post","link":"https:\/\/orthodoxia.be\/fr\/2019\/02\/25\/conference-a-larcheveche-de-belgique-sur-le-role-du-patriarcat-oecumenique\/","title":{"rendered":"Conf\u00e9rence \u00e0 l\u2019Archev\u00each\u00e9 de Belgique sur le r\u00f4le du Patriarcat \u0152cum\u00e9nique"},"content":{"rendered":"<p style=\"text-align: justify;\">Une conf\u00e9rence sur \u00ab le r\u00f4le du Patriarcat \u0152cum\u00e9nique dans l\u2019\u00c9glise Orthodoxe \u00bb s\u2019est tenue lundi 25 f\u00e9vrier 2019 en soir\u00e9e, au centre de Bruxelles, dans le cadre du Cycle de Conf\u00e9rences \u00ab Orthodox logos \u00bb de l\u2019Archev\u00each\u00e9 de Belgique.<\/p>\n<p style=\"text-align: justify;\">Le conf\u00e9rencier \u00e9tait Son Eminence le M\u00e9tropolite Bartholom\u00e9e de Smyrne, hi\u00e9rarque exp\u00e9riment\u00e9 sur les sujets inter orthodoxes, et qui a desservit \u00e0 partir de postes n\u00e9vralgiques du Patriarcat \u0152cum\u00e9nique, d\u2019abord en tant que vice secr\u00e9taire et secr\u00e9taire g\u00e9n\u00e9ral du Patriarcat \u0152cum\u00e9nique \u00e0 l\u2019\u00e9poque de la pr\u00e9paration du Grand et Sacr\u00e9 Synode de l\u2019Eglise Orthodoxe de Cr\u00e8te 2016, et maintenant comme M\u00e9tropolite de Smyrne.<\/p>\n<p style=\"text-align: justify;\">Dans sa pr\u00e9sentation tr\u00e8s d\u00e9taill\u00e9e, le M\u00e9tropolite Bartholom\u00e9e se r\u00e9f\u00e9ra \u00e0 la cr\u00e9ation et l\u2019\u00e9volution de l\u2019Ev\u00each\u00e9 de Byzance, qui avec la fondation de la Ville et le transfert de la capitale de l\u2019empire devint l\u2019Archev\u00each\u00e9 de Constantinople. Cette derni\u00e8re au fil des si\u00e8cles et des diverses vicissitudes de l\u2019histoire se transformera en Patriarcat \u0152cum\u00e9nique, d\u2019abord deuxi\u00e8me dans le rang, puis premier au niveau du rang et de la responsabilit\u00e9. Une place qu\u2019il ne doit pas \u00e0 un pouvoir exerc\u00e9 face aux autres \u00c9glises Orthodoxes, mais \u00e0 travers un r\u00f4le de responsabilit\u00e9 et de coordination dans le monde orthodoxe.<\/p>\n<p style=\"text-align: justify;\">Il devait par la suite d\u00e9velopper les actions et les initiatives du Patriarcat \u0152cum\u00e9nique sur un niveau inter orthodoxes, inter chr\u00e9tiens et inter religieux, au travers des dialogues et des plateformes, en tant que simple participant ou initiateur de projets importants concernant nos soci\u00e9t\u00e9s.<\/p>\n<p style=\"text-align: justify;\">La conf\u00e9rence fut suivie par un \u00e9change de questions avec la nombreuse assembl\u00e9e qui eut ainsi l\u2019occasion d\u2019avoir des r\u00e9ponses sur les sujets importants qui interpellent le Patriarcat \u0152cum\u00e9nique et son r\u00f4le de coordinateur qu\u2019il joue dans l\u2019Eglise Orthodoxe.<\/p>\n<p>[FAGP id=16791]<\/p>\n","protected":false},"excerpt":{"rendered":"<p>Une conf\u00e9rence sur \u00ab le r\u00f4le du Patriarcat \u0152cum\u00e9nique dans l\u2019\u00c9glise Orthodoxe \u00bb s\u2019est tenue lundi 25 f\u00e9vrier 2019 en soir\u00e9e, au centre de Bruxelles, dans le cadre du Cycle de Conf\u00e9rences \u00ab Orthodox logos \u00bb de l\u2019Archev\u00each\u00e9 de Belgique. Le conf\u00e9rencier \u00e9tait Son Eminence le M\u00e9tropolite Bartholom\u00e9e de Smyrne, hi\u00e9rarque exp\u00e9riment\u00e9 sur les sujets &hellip; <a href=\"https:\/\/orthodoxia.be\/fr\/2019\/02\/25\/conference-a-larcheveche-de-belgique-sur-le-role-du-patriarcat-oecumenique\/\">Continued<\/a><\/p>\n","protected":false},"author":2,"featured_media":16786,"comment_status":"closed","ping_status":"open","sticky":false,"template":"","format":"standard","meta":{"_acf_changed":false,"footnotes":""},"categories":[14,36],"tags":[],"class_list":["post-16902","post","type-post","status-publish","format-standard","has-post-thumbnail","hentry","category-actualite","category-orthodox-logos-fr"],"acf":[],"yoast_head":"<!-- This site is optimized with the Yoast SEO plugin v24.3 - https:\/\/yoast.com\/wordpress\/plugins\/seo\/ -->\n<title>Conf\u00e9rence \u00e0 l\u2019Archev\u00each\u00e9 de Belgique sur le r\u00f4le du Patriarcat \u0152cum\u00e9nique - Archev\u00each\u00e9 Orthodoxe de Belgique<\/title>\n<meta name=\"robots\" content=\"index, follow, max-snippet:-1, max-image-preview:large, max-video-preview:-1\" \/>\n<link rel=\"canonical\" href=\"https:\/\/orthodoxia.be\/fr\/2019\/02\/25\/conference-a-larcheveche-de-belgique-sur-le-role-du-patriarcat-oecumenique\/\" \/>\n<meta property=\"og:locale\" content=\"fr_FR\" \/>\n<meta property=\"og:type\" content=\"article\" \/>\n<meta property=\"og:title\" content=\"Conf\u00e9rence \u00e0 l\u2019Archev\u00each\u00e9 de Belgique sur le r\u00f4le du Patriarcat \u0152cum\u00e9nique - Archev\u00each\u00e9 Orthodoxe de Belgique\" \/>\n<meta property=\"og:description\" content=\"Une conf\u00e9rence sur \u00ab le r\u00f4le du Patriarcat \u0152cum\u00e9nique dans l\u2019\u00c9glise Orthodoxe \u00bb s\u2019est tenue lundi 25 f\u00e9vrier 2019 en soir\u00e9e, au centre de Bruxelles, dans le cadre du Cycle de Conf\u00e9rences \u00ab Orthodox logos \u00bb de l\u2019Archev\u00each\u00e9 de Belgique. Le conf\u00e9rencier \u00e9tait Son Eminence le M\u00e9tropolite Bartholom\u00e9e de Smyrne, hi\u00e9rarque exp\u00e9riment\u00e9 sur les sujets &hellip; Continued\" \/>\n<meta property=\"og:url\" content=\"https:\/\/orthodoxia.be\/fr\/2019\/02\/25\/conference-a-larcheveche-de-belgique-sur-le-role-du-patriarcat-oecumenique\/\" \/>\n<meta property=\"og:site_name\" content=\"Archev\u00each\u00e9 Orthodoxe de Belgique\" \/>\n<meta property=\"article:publisher\" content=\"https:\/\/www.facebook.com\/orthobel\" \/>\n<meta property=\"article:published_time\" content=\"2019-02-25T21:02:49+00:00\" \/>\n<meta property=\"article:modified_time\" content=\"2019-02-28T13:01:44+00:00\" \/>\n<meta property=\"og:image\" content=\"https:\/\/orthodoxia.be\/wp-content\/uploads\/2019\/02\/smirnis-1.jpg\" \/>\n\t<meta property=\"og:image:width\" content=\"1023\" \/>\n\t<meta property=\"og:image:height\" content=\"557\" \/>\n\t<meta property=\"og:image:type\" content=\"image\/jpeg\" \/>\n<meta name=\"author\" content=\"Georgios Tzatzanis\" \/>\n<meta name=\"twitter:card\" content=\"summary_large_image\" \/>\n<meta name=\"twitter:creator\" content=\"@orthobel\" \/>\n<meta name=\"twitter:site\" content=\"@orthobel\" \/>\n<meta name=\"twitter:label1\" content=\"\u00c9crit par\" \/>\n\t<meta name=\"twitter:data1\" content=\"Georgios Tzatzanis\" \/>\n\t<meta name=\"twitter:label2\" content=\"Dur\u00e9e de lecture est.\" \/>\n\t<meta name=\"twitter:data2\" content=\"2 minutes\" \/>\n<script type=\"application\/ld+json\" class=\"yoast-schema-graph\">{\"@context\":\"https:\/\/schema.org\",\"@graph\":[{\"@type\":\"Article\",\"@id\":\"https:\/\/orthodoxia.be\/fr\/2019\/02\/25\/conference-a-larcheveche-de-belgique-sur-le-role-du-patriarcat-oecumenique\/#article\",\"isPartOf\":{\"@id\":\"https:\/\/orthodoxia.be\/fr\/2019\/02\/25\/conference-a-larcheveche-de-belgique-sur-le-role-du-patriarcat-oecumenique\/\"},\"author\":{\"name\":\"Georgios Tzatzanis\",\"@id\":\"https:\/\/orthodoxia.be\/#\/schema\/person\/36bdc09a0ba8f97671645b7e9d8533ee\"},\"headline\":\"Conf\u00e9rence \u00e0 l\u2019Archev\u00each\u00e9 de Belgique sur le r\u00f4le du Patriarcat \u0152cum\u00e9nique\",\"datePublished\":\"2019-02-25T21:02:49+00:00\",\"dateModified\":\"2019-02-28T13:01:44+00:00\",\"mainEntityOfPage\":{\"@id\":\"https:\/\/orthodoxia.be\/fr\/2019\/02\/25\/conference-a-larcheveche-de-belgique-sur-le-role-du-patriarcat-oecumenique\/\"},\"wordCount\":355,\"publisher\":{\"@id\":\"https:\/\/orthodoxia.be\/#organization\"},\"image\":{\"@id\":\"https:\/\/orthodoxia.be\/fr\/2019\/02\/25\/conference-a-larcheveche-de-belgique-sur-le-role-du-patriarcat-oecumenique\/#primaryimage\"},\"thumbnailUrl\":\"https:\/\/orthodoxia.be\/wp-content\/uploads\/2019\/02\/smirnis-1.jpg\",\"articleSection\":[\"Actualit\u00e9\",\"Orthodox Logos\"],\"inLanguage\":\"fr-BE\"},{\"@type\":\"WebPage\",\"@id\":\"https:\/\/orthodoxia.be\/fr\/2019\/02\/25\/conference-a-larcheveche-de-belgique-sur-le-role-du-patriarcat-oecumenique\/\",\"url\":\"https:\/\/orthodoxia.be\/fr\/2019\/02\/25\/conference-a-larcheveche-de-belgique-sur-le-role-du-patriarcat-oecumenique\/\",\"name\":\"Conf\u00e9rence \u00e0 l\u2019Archev\u00each\u00e9 de Belgique sur le r\u00f4le du Patriarcat \u0152cum\u00e9nique - Archev\u00each\u00e9 Orthodoxe de Belgique\",\"isPartOf\":{\"@id\":\"https:\/\/orthodoxia.be\/#website\"},\"primaryImageOfPage\":{\"@id\":\"https:\/\/orthodoxia.be\/fr\/2019\/02\/25\/conference-a-larcheveche-de-belgique-sur-le-role-du-patriarcat-oecumenique\/#primaryimage\"},\"image\":{\"@id\":\"https:\/\/orthodoxia.be\/fr\/2019\/02\/25\/conference-a-larcheveche-de-belgique-sur-le-role-du-patriarcat-oecumenique\/#primaryimage\"},\"thumbnailUrl\":\"https:\/\/orthodoxia.be\/wp-content\/uploads\/2019\/02\/smirnis-1.jpg\",\"datePublished\":\"2019-02-25T21:02:49+00:00\",\"dateModified\":\"2019-02-28T13:01:44+00:00\",\"breadcrumb\":{\"@id\":\"https:\/\/orthodoxia.be\/fr\/2019\/02\/25\/conference-a-larcheveche-de-belgique-sur-le-role-du-patriarcat-oecumenique\/#breadcrumb\"},\"inLanguage\":\"fr-BE\",\"potentialAction\":[{\"@type\":\"ReadAction\",\"target\":[\"https:\/\/orthodoxia.be\/fr\/2019\/02\/25\/conference-a-larcheveche-de-belgique-sur-le-role-du-patriarcat-oecumenique\/\"]}]},{\"@type\":\"ImageObject\",\"inLanguage\":\"fr-BE\",\"@id\":\"https:\/\/orthodoxia.be\/fr\/2019\/02\/25\/conference-a-larcheveche-de-belgique-sur-le-role-du-patriarcat-oecumenique\/#primaryimage\",\"url\":\"https:\/\/orthodoxia.be\/wp-content\/uploads\/2019\/02\/smirnis-1.jpg\",\"contentUrl\":\"https:\/\/orthodoxia.be\/wp-content\/uploads\/2019\/02\/smirnis-1.jpg\",\"width\":1023,\"height\":557},{\"@type\":\"BreadcrumbList\",\"@id\":\"https:\/\/orthodoxia.be\/fr\/2019\/02\/25\/conference-a-larcheveche-de-belgique-sur-le-role-du-patriarcat-oecumenique\/#breadcrumb\",\"itemListElement\":[{\"@type\":\"ListItem\",\"position\":1,\"name\":\"Home\",\"item\":\"https:\/\/orthodoxia.be\/fr\/\"},{\"@type\":\"ListItem\",\"position\":2,\"name\":\"Conf\u00e9rence \u00e0 l\u2019Archev\u00each\u00e9 de Belgique sur le r\u00f4le du Patriarcat \u0152cum\u00e9nique\"}]},{\"@type\":\"WebSite\",\"@id\":\"https:\/\/orthodoxia.be\/#website\",\"url\":\"https:\/\/orthodoxia.be\/\",\"name\":\"Orthodox Archdiocese of Belgium (Benelux)\",\"description\":\"Exarque des Pays-Bas et du Luxembourg\",\"publisher\":{\"@id\":\"https:\/\/orthodoxia.be\/#organization\"},\"alternateName\":\"IMB\",\"potentialAction\":[{\"@type\":\"SearchAction\",\"target\":{\"@type\":\"EntryPoint\",\"urlTemplate\":\"https:\/\/orthodoxia.be\/?s={search_term_string}\"},\"query-input\":{\"@type\":\"PropertyValueSpecification\",\"valueRequired\":true,\"valueName\":\"search_term_string\"}}],\"inLanguage\":\"fr-BE\"},{\"@type\":\"Organization\",\"@id\":\"https:\/\/orthodoxia.be\/#organization\",\"name\":\"Orthodox Archdiocese of Belgium (Benelux)\",\"url\":\"https:\/\/orthodoxia.be\/\",\"logo\":{\"@type\":\"ImageObject\",\"inLanguage\":\"fr-BE\",\"@id\":\"https:\/\/orthodoxia.be\/#\/schema\/logo\/image\/\",\"url\":\"https:\/\/orthodoxia.be\/wp-content\/uploads\/2024\/02\/cropped-IMB-logo-512-cl-1.png\",\"contentUrl\":\"https:\/\/orthodoxia.be\/wp-content\/uploads\/2024\/02\/cropped-IMB-logo-512-cl-1.png\",\"width\":512,\"height\":512,\"caption\":\"Orthodox Archdiocese of Belgium (Benelux)\"},\"image\":{\"@id\":\"https:\/\/orthodoxia.be\/#\/schema\/logo\/image\/\"},\"sameAs\":[\"https:\/\/www.facebook.com\/orthobel\",\"https:\/\/x.com\/orthobel\",\"https:\/\/www.youtube.com\/c\/orthobel\",\"https:\/\/www.mixcloud.com\/orthobel\/\",\"https:\/\/www.flickr.com\/photos\/148264890@N07\/albums\",\"https:\/\/www.dailymotion.com\/Orthobel\"]},{\"@type\":\"Person\",\"@id\":\"https:\/\/orthodoxia.be\/#\/schema\/person\/36bdc09a0ba8f97671645b7e9d8533ee\",\"name\":\"Georgios Tzatzanis\",\"image\":{\"@type\":\"ImageObject\",\"inLanguage\":\"fr-BE\",\"@id\":\"https:\/\/orthodoxia.be\/#\/schema\/person\/image\/\",\"url\":\"https:\/\/secure.gravatar.com\/avatar\/5e2d1c8037dfa80360af6aee99548eff?s=96&d=mm&r=g\",\"contentUrl\":\"https:\/\/secure.gravatar.com\/avatar\/5e2d1c8037dfa80360af6aee99548eff?s=96&d=mm&r=g\",\"caption\":\"Georgios Tzatzanis\"},\"sameAs\":[\"http:\/\/orthodoxia.be\"],\"url\":\"https:\/\/orthodoxia.be\/fr\/author\/tzatzanis\/\"}]}<\/script>\n<!-- \/ Yoast SEO plugin. -->","yoast_head_json":{"title":"Conf\u00e9rence \u00e0 l\u2019Archev\u00each\u00e9 de Belgique sur le r\u00f4le du Patriarcat \u0152cum\u00e9nique - Archev\u00each\u00e9 Orthodoxe de Belgique","robots":{"index":"index","follow":"follow","max-snippet":"max-snippet:-1","max-image-preview":"max-image-preview:large","max-video-preview":"max-video-preview:-1"},"canonical":"https:\/\/orthodoxia.be\/fr\/2019\/02\/25\/conference-a-larcheveche-de-belgique-sur-le-role-du-patriarcat-oecumenique\/","og_locale":"fr_FR","og_type":"article","og_title":"Conf\u00e9rence \u00e0 l\u2019Archev\u00each\u00e9 de Belgique sur le r\u00f4le du Patriarcat \u0152cum\u00e9nique - Archev\u00each\u00e9 Orthodoxe de Belgique","og_description":"Une conf\u00e9rence sur \u00ab le r\u00f4le du Patriarcat \u0152cum\u00e9nique dans l\u2019\u00c9glise Orthodoxe \u00bb s\u2019est tenue lundi 25 f\u00e9vrier 2019 en soir\u00e9e, au centre de Bruxelles, dans le cadre du Cycle de Conf\u00e9rences \u00ab Orthodox logos \u00bb de l\u2019Archev\u00each\u00e9 de Belgique. Le conf\u00e9rencier \u00e9tait Son Eminence le M\u00e9tropolite Bartholom\u00e9e de Smyrne, hi\u00e9rarque exp\u00e9riment\u00e9 sur les sujets &hellip; Continued","og_url":"https:\/\/orthodoxia.be\/fr\/2019\/02\/25\/conference-a-larcheveche-de-belgique-sur-le-role-du-patriarcat-oecumenique\/","og_site_name":"Archev\u00each\u00e9 Orthodoxe de Belgique","article_publisher":"https:\/\/www.facebook.com\/orthobel","article_published_time":"2019-02-25T21:02:49+00:00","article_modified_time":"2019-02-28T13:01:44+00:00","og_image":[{"width":1023,"height":557,"url":"https:\/\/orthodoxia.be\/wp-content\/uploads\/2019\/02\/smirnis-1.jpg","type":"image\/jpeg"}],"author":"Georgios Tzatzanis","twitter_card":"summary_large_image","twitter_creator":"@orthobel","twitter_site":"@orthobel","twitter_misc":{"\u00c9crit par":"Georgios Tzatzanis","Dur\u00e9e de lecture est.":"2 minutes"},"schema":{"@context":"https:\/\/schema.org","@graph":[{"@type":"Article","@id":"https:\/\/orthodoxia.be\/fr\/2019\/02\/25\/conference-a-larcheveche-de-belgique-sur-le-role-du-patriarcat-oecumenique\/#article","isPartOf":{"@id":"https:\/\/orthodoxia.be\/fr\/2019\/02\/25\/conference-a-larcheveche-de-belgique-sur-le-role-du-patriarcat-oecumenique\/"},"author":{"name":"Georgios Tzatzanis","@id":"https:\/\/orthodoxia.be\/#\/schema\/person\/36bdc09a0ba8f97671645b7e9d8533ee"},"headline":"Conf\u00e9rence \u00e0 l\u2019Archev\u00each\u00e9 de Belgique sur le r\u00f4le du Patriarcat \u0152cum\u00e9nique","datePublished":"2019-02-25T21:02:49+00:00","dateModified":"2019-02-28T13:01:44+00:00","mainEntityOfPage":{"@id":"https:\/\/orthodoxia.be\/fr\/2019\/02\/25\/conference-a-larcheveche-de-belgique-sur-le-role-du-patriarcat-oecumenique\/"},"wordCount":355,"publisher":{"@id":"https:\/\/orthodoxia.be\/#organization"},"image":{"@id":"https:\/\/orthodoxia.be\/fr\/2019\/02\/25\/conference-a-larcheveche-de-belgique-sur-le-role-du-patriarcat-oecumenique\/#primaryimage"},"thumbnailUrl":"https:\/\/orthodoxia.be\/wp-content\/uploads\/2019\/02\/smirnis-1.jpg","articleSection":["Actualit\u00e9","Orthodox Logos"],"inLanguage":"fr-BE"},{"@type":"WebPage","@id":"https:\/\/orthodoxia.be\/fr\/2019\/02\/25\/conference-a-larcheveche-de-belgique-sur-le-role-du-patriarcat-oecumenique\/","url":"https:\/\/orthodoxia.be\/fr\/2019\/02\/25\/conference-a-larcheveche-de-belgique-sur-le-role-du-patriarcat-oecumenique\/","name":"Conf\u00e9rence \u00e0 l\u2019Archev\u00each\u00e9 de Belgique sur le r\u00f4le du Patriarcat \u0152cum\u00e9nique - Archev\u00each\u00e9 Orthodoxe de Belgique","isPartOf":{"@id":"https:\/\/orthodoxia.be\/#website"},"primaryImageOfPage":{"@id":"https:\/\/orthodoxia.be\/fr\/2019\/02\/25\/conference-a-larcheveche-de-belgique-sur-le-role-du-patriarcat-oecumenique\/#primaryimage"},"image":{"@id":"https:\/\/orthodoxia.be\/fr\/2019\/02\/25\/conference-a-larcheveche-de-belgique-sur-le-role-du-patriarcat-oecumenique\/#primaryimage"},"thumbnailUrl":"https:\/\/orthodoxia.be\/wp-content\/uploads\/2019\/02\/smirnis-1.jpg","datePublished":"2019-02-25T21:02:49+00:00","dateModified":"2019-02-28T13:01:44+00:00","breadcrumb":{"@id":"https:\/\/orthodoxia.be\/fr\/2019\/02\/25\/conference-a-larcheveche-de-belgique-sur-le-role-du-patriarcat-oecumenique\/#breadcrumb"},"inLanguage":"fr-BE","potentialAction":[{"@type":"ReadAction","target":["https:\/\/orthodoxia.be\/fr\/2019\/02\/25\/conference-a-larcheveche-de-belgique-sur-le-role-du-patriarcat-oecumenique\/"]}]},{"@type":"ImageObject","inLanguage":"fr-BE","@id":"https:\/\/orthodoxia.be\/fr\/2019\/02\/25\/conference-a-larcheveche-de-belgique-sur-le-role-du-patriarcat-oecumenique\/#primaryimage","url":"https:\/\/orthodoxia.be\/wp-content\/uploads\/2019\/02\/smirnis-1.jpg","contentUrl":"https:\/\/orthodoxia.be\/wp-content\/uploads\/2019\/02\/smirnis-1.jpg","width":1023,"height":557},{"@type":"BreadcrumbList","@id":"https:\/\/orthodoxia.be\/fr\/2019\/02\/25\/conference-a-larcheveche-de-belgique-sur-le-role-du-patriarcat-oecumenique\/#breadcrumb","itemListElement":[{"@type":"ListItem","position":1,"name":"Home","item":"https:\/\/orthodoxia.be\/fr\/"},{"@type":"ListItem","position":2,"name":"Conf\u00e9rence \u00e0 l\u2019Archev\u00each\u00e9 de Belgique sur le r\u00f4le du Patriarcat \u0152cum\u00e9nique"}]},{"@type":"WebSite","@id":"https:\/\/orthodoxia.be\/#website","url":"https:\/\/orthodoxia.be\/","name":"Orthodox Archdiocese of Belgium (Benelux)","description":"Exarque des Pays-Bas et du Luxembourg","publisher":{"@id":"https:\/\/orthodoxia.be\/#organization"},"alternateName":"IMB","potentialAction":[{"@type":"SearchAction","target":{"@type":"EntryPoint","urlTemplate":"https:\/\/orthodoxia.be\/?s={search_term_string}"},"query-input":{"@type":"PropertyValueSpecification","valueRequired":true,"valueName":"search_term_string"}}],"inLanguage":"fr-BE"},{"@type":"Organization","@id":"https:\/\/orthodoxia.be\/#organization","name":"Orthodox Archdiocese of Belgium (Benelux)","url":"https:\/\/orthodoxia.be\/","logo":{"@type":"ImageObject","inLanguage":"fr-BE","@id":"https:\/\/orthodoxia.be\/#\/schema\/logo\/image\/","url":"https:\/\/orthodoxia.be\/wp-content\/uploads\/2024\/02\/cropped-IMB-logo-512-cl-1.png","contentUrl":"https:\/\/orthodoxia.be\/wp-content\/uploads\/2024\/02\/cropped-IMB-logo-512-cl-1.png","width":512,"height":512,"caption":"Orthodox Archdiocese of Belgium (Benelux)"},"image":{"@id":"https:\/\/orthodoxia.be\/#\/schema\/logo\/image\/"},"sameAs":["https:\/\/www.facebook.com\/orthobel","https:\/\/x.com\/orthobel","https:\/\/www.youtube.com\/c\/orthobel","https:\/\/www.mixcloud.com\/orthobel\/","https:\/\/www.flickr.com\/photos\/148264890@N07\/albums","https:\/\/www.dailymotion.com\/Orthobel"]},{"@type":"Person","@id":"https:\/\/orthodoxia.be\/#\/schema\/person\/36bdc09a0ba8f97671645b7e9d8533ee","name":"Georgios Tzatzanis","image":{"@type":"ImageObject","inLanguage":"fr-BE","@id":"https:\/\/orthodoxia.be\/#\/schema\/person\/image\/","url":"https:\/\/secure.gravatar.com\/avatar\/5e2d1c8037dfa80360af6aee99548eff?s=96&d=mm&r=g","contentUrl":"https:\/\/secure.gravatar.com\/avatar\/5e2d1c8037dfa80360af6aee99548eff?s=96&d=mm&r=g","caption":"Georgios Tzatzanis"},"sameAs":["http:\/\/orthodoxia.be"],"url":"https:\/\/orthodoxia.be\/fr\/author\/tzatzanis\/"}]}},"_links":{"self":[{"href":"https:\/\/orthodoxia.be\/fr\/wp-json\/wp\/v2\/posts\/16902","targetHints":{"allow":["GET"]}}],"collection":[{"href":"https:\/\/orthodoxia.be\/fr\/wp-json\/wp\/v2\/posts"}],"about":[{"href":"https:\/\/orthodoxia.be\/fr\/wp-json\/wp\/v2\/types\/post"}],"author":[{"embeddable":true,"href":"https:\/\/orthodoxia.be\/fr\/wp-json\/wp\/v2\/users\/2"}],"replies":[{"embeddable":true,"href":"https:\/\/orthodoxia.be\/fr\/wp-json\/wp\/v2\/comments?post=16902"}],"version-history":[{"count":1,"href":"https:\/\/orthodoxia.be\/fr\/wp-json\/wp\/v2\/posts\/16902\/revisions"}],"predecessor-version":[{"id":16903,"href":"https:\/\/orthodoxia.be\/fr\/wp-json\/wp\/v2\/posts\/16902\/revisions\/16903"}],"wp:featuredmedia":[{"embeddable":true,"href":"https:\/\/orthodoxia.be\/fr\/wp-json\/wp\/v2\/media\/16786"}],"wp:attachment":[{"href":"https:\/\/orthodoxia.be\/fr\/wp-json\/wp\/v2\/media?parent=16902"}],"wp:term":[{"taxonomy":"category","embeddable":true,"href":"https:\/\/orthodoxia.be\/fr\/wp-json\/wp\/v2\/categories?post=16902"},{"taxonomy":"post_tag","embeddable":true,"href":"https:\/\/orthodoxia.be\/fr\/wp-json\/wp\/v2\/tags?post=16902"}],"curies":[{"name":"wp","href":"https:\/\/api.w.org\/{rel}","templated":true}]}}