{"id":1782,"date":"2016-05-02T09:57:09","date_gmt":"2016-05-02T07:57:09","guid":{"rendered":"http:\/\/new.orthodoxia.be\/?p=1782"},"modified":"2017-10-24T10:00:54","modified_gmt":"2017-10-24T10:00:54","slug":"la-fete-de-la-resurrection-a-la-cathedrale-orthodoxe-de-bruxelles","status":"publish","type":"post","link":"https:\/\/orthodoxia.be\/fr\/2016\/05\/02\/la-fete-de-la-resurrection-a-la-cathedrale-orthodoxe-de-bruxelles\/","title":{"rendered":"LA F\u00caTE DE LA RESURRECTION  \u00c0 LA CATHEDRALE ORTHODOXE DE BRUXELLES"},"content":{"rendered":"<p align=\"justify\"><span style=\"font-family: Arial;\">C\u2019est avec \u00e9clat et majest\u00e9 que fut c\u00e9l\u00e9br\u00e9e encore une fois la Sainte P\u00e2que en la Cath\u00e9drale de Bruxelles, Dimanche 1re mai 2016. Une Cath\u00e9drale remplie de fid\u00e8les, venus recevoir la Sainte Lumi\u00e8re et participer \u00e0 la grande f\u00eate chr\u00e9tienne.<\/span><\/p>\n<p align=\"justify\"><span style=\"font-family: Arial;\">Au cours de la Divine Liturgie, pr\u00e9sid\u00e9e par Son \u00c9minence le M\u00e9tropolite Ath\u00e9nagoras de Belgique, entour\u00e9 des pr\u00eatres de la Cath\u00e9drale et de ses diacres, on fit la lecture de l\u2019encyclique du Patriarche \u0152cum\u00e9nique et ensuite du message de Son \u00c9minence sur le grand \u00e9v\u00e9nement de la R\u00e9surrection de Notre Seigneur.<\/span><\/p>\n<p align=\"justify\"><span style=\"font-family: Arial;\">Aux premi\u00e8res heures du matin, vers 02h30, Son Eminence remerciait les nombreuses personnes de l\u2019assembl\u00e9e qui \u00e9taient rest\u00e9es jusqu\u2019au bout, et entonnait dans diverses langues le tropaire \u00ab Christ est ressuscit\u00e9 \u00bb.\u00a0<\/span><\/p>\n","protected":false},"excerpt":{"rendered":"<p>C\u2019est avec \u00e9clat et majest\u00e9 que fut c\u00e9l\u00e9br\u00e9e encore une fois la Sainte P\u00e2que en la Cath\u00e9drale de Bruxelles, Dimanche 1re mai 2016. Une Cath\u00e9drale remplie de fid\u00e8les, venus recevoir la Sainte Lumi\u00e8re et participer \u00e0 la grande f\u00eate chr\u00e9tienne. Au cours de la Divine Liturgie, pr\u00e9sid\u00e9e par Son \u00c9minence le M\u00e9tropolite Ath\u00e9nagoras de Belgique, &hellip; <a href=\"https:\/\/orthodoxia.be\/fr\/2016\/05\/02\/la-fete-de-la-resurrection-a-la-cathedrale-orthodoxe-de-bruxelles\/\">Continued<\/a><\/p>\n","protected":false},"author":12,"featured_media":1776,"comment_status":"open","ping_status":"open","sticky":false,"template":"","format":"standard","meta":{"_acf_changed":false,"footnotes":""},"categories":[151],"tags":[],"class_list":["post-1782","post","type-post","status-publish","format-standard","has-post-thumbnail","hentry","category-cathedrale-des-saints-archanges-bruxelles"],"acf":[],"yoast_head":"<!-- This site is optimized with the Yoast SEO plugin v24.3 - https:\/\/yoast.com\/wordpress\/plugins\/seo\/ -->\n<title>LA F\u00caTE DE LA RESURRECTION \u00c0 LA CATHEDRALE ORTHODOXE DE BRUXELLES - Archev\u00each\u00e9 Orthodoxe de Belgique<\/title>\n<meta name=\"robots\" content=\"index, follow, max-snippet:-1, max-image-preview:large, max-video-preview:-1\" \/>\n<link rel=\"canonical\" href=\"https:\/\/orthodoxia.be\/2016\/05\/02\/h-\u03b1\u03bd\u03ac\u03c3\u03c4\u03b1\u03c3\u03b7-\u03c3\u03c4\u03bf\u03bd-\u03bc\u03b7\u03c4\u03c1\u03bf\u03c0\u03bf\u03bb\u03b9\u03c4\u03b9\u03ba\u03cc-\u03bd\u03b1\u03cc-\u03b2\u03c1\u03c5\u03be\/\" \/>\n<meta property=\"og:locale\" content=\"fr_FR\" \/>\n<meta property=\"og:type\" content=\"article\" \/>\n<meta property=\"og:title\" content=\"LA F\u00caTE DE LA RESURRECTION \u00c0 LA CATHEDRALE ORTHODOXE DE BRUXELLES - Archev\u00each\u00e9 Orthodoxe de Belgique\" \/>\n<meta property=\"og:description\" content=\"C\u2019est avec \u00e9clat et majest\u00e9 que fut c\u00e9l\u00e9br\u00e9e encore une fois la Sainte P\u00e2que en la Cath\u00e9drale de Bruxelles, Dimanche 1re mai 2016. Une Cath\u00e9drale remplie de fid\u00e8les, venus recevoir la Sainte Lumi\u00e8re et participer \u00e0 la grande f\u00eate chr\u00e9tienne. Au cours de la Divine Liturgie, pr\u00e9sid\u00e9e par Son \u00c9minence le M\u00e9tropolite Ath\u00e9nagoras de Belgique, &hellip; Continued\" \/>\n<meta property=\"og:url\" content=\"https:\/\/orthodoxia.be\/2016\/05\/02\/h-\u03b1\u03bd\u03ac\u03c3\u03c4\u03b1\u03c3\u03b7-\u03c3\u03c4\u03bf\u03bd-\u03bc\u03b7\u03c4\u03c1\u03bf\u03c0\u03bf\u03bb\u03b9\u03c4\u03b9\u03ba\u03cc-\u03bd\u03b1\u03cc-\u03b2\u03c1\u03c5\u03be\/\" \/>\n<meta property=\"og:site_name\" content=\"Archev\u00each\u00e9 Orthodoxe de Belgique\" \/>\n<meta property=\"article:publisher\" content=\"https:\/\/www.facebook.com\/orthobel\" \/>\n<meta property=\"article:published_time\" content=\"2016-05-02T07:57:09+00:00\" \/>\n<meta property=\"article:modified_time\" content=\"2017-10-24T10:00:54+00:00\" \/>\n<meta property=\"og:image\" content=\"https:\/\/orthodoxia.be\/wp-content\/uploads\/2017\/10\/Pasxa3.jpg\" \/>\n\t<meta property=\"og:image:width\" content=\"1024\" \/>\n\t<meta property=\"og:image:height\" content=\"684\" \/>\n\t<meta property=\"og:image:type\" content=\"image\/jpeg\" \/>\n<meta name=\"author\" content=\"\u0391\u03c1\u03c7\u03b5\u03af\u03bf \u03a3\u03c5\u03bd\u03b5\u03c1\u03b3\u03b1\u03c4\u03ce\u03bd\" \/>\n<meta name=\"twitter:card\" content=\"summary_large_image\" \/>\n<meta name=\"twitter:creator\" content=\"@orthobel\" \/>\n<meta name=\"twitter:site\" content=\"@orthobel\" \/>\n<meta name=\"twitter:label1\" content=\"\u00c9crit par\" \/>\n\t<meta name=\"twitter:data1\" content=\"\u0391\u03c1\u03c7\u03b5\u03af\u03bf \u03a3\u03c5\u03bd\u03b5\u03c1\u03b3\u03b1\u03c4\u03ce\u03bd\" \/>\n\t<meta name=\"twitter:label2\" content=\"Dur\u00e9e de lecture est.\" \/>\n\t<meta name=\"twitter:data2\" content=\"1 minute\" \/>\n<script type=\"application\/ld+json\" class=\"yoast-schema-graph\">{\"@context\":\"https:\/\/schema.org\",\"@graph\":[{\"@type\":\"Article\",\"@id\":\"https:\/\/orthodoxia.be\/2016\/05\/02\/h-%ce%b1%ce%bd%ce%ac%cf%83%cf%84%ce%b1%cf%83%ce%b7-%cf%83%cf%84%ce%bf%ce%bd-%ce%bc%ce%b7%cf%84%cf%81%ce%bf%cf%80%ce%bf%ce%bb%ce%b9%cf%84%ce%b9%ce%ba%cf%8c-%ce%bd%ce%b1%cf%8c-%ce%b2%cf%81%cf%85%ce%be\/#article\",\"isPartOf\":{\"@id\":\"https:\/\/orthodoxia.be\/2016\/05\/02\/h-%ce%b1%ce%bd%ce%ac%cf%83%cf%84%ce%b1%cf%83%ce%b7-%cf%83%cf%84%ce%bf%ce%bd-%ce%bc%ce%b7%cf%84%cf%81%ce%bf%cf%80%ce%bf%ce%bb%ce%b9%cf%84%ce%b9%ce%ba%cf%8c-%ce%bd%ce%b1%cf%8c-%ce%b2%cf%81%cf%85%ce%be\/\"},\"author\":{\"name\":\"\u0391\u03c1\u03c7\u03b5\u03af\u03bf \u03a3\u03c5\u03bd\u03b5\u03c1\u03b3\u03b1\u03c4\u03ce\u03bd\",\"@id\":\"https:\/\/orthodoxia.be\/#\/schema\/person\/4641c70600fbb1aac968996a0ef6d284\"},\"headline\":\"LA F\u00caTE DE LA RESURRECTION \u00c0 LA CATHEDRALE ORTHODOXE DE BRUXELLES\",\"datePublished\":\"2016-05-02T07:57:09+00:00\",\"dateModified\":\"2017-10-24T10:00:54+00:00\",\"mainEntityOfPage\":{\"@id\":\"https:\/\/orthodoxia.be\/2016\/05\/02\/h-%ce%b1%ce%bd%ce%ac%cf%83%cf%84%ce%b1%cf%83%ce%b7-%cf%83%cf%84%ce%bf%ce%bd-%ce%bc%ce%b7%cf%84%cf%81%ce%bf%cf%80%ce%bf%ce%bb%ce%b9%cf%84%ce%b9%ce%ba%cf%8c-%ce%bd%ce%b1%cf%8c-%ce%b2%cf%81%cf%85%ce%be\/\"},\"wordCount\":156,\"commentCount\":0,\"publisher\":{\"@id\":\"https:\/\/orthodoxia.be\/#organization\"},\"image\":{\"@id\":\"https:\/\/orthodoxia.be\/2016\/05\/02\/h-%ce%b1%ce%bd%ce%ac%cf%83%cf%84%ce%b1%cf%83%ce%b7-%cf%83%cf%84%ce%bf%ce%bd-%ce%bc%ce%b7%cf%84%cf%81%ce%bf%cf%80%ce%bf%ce%bb%ce%b9%cf%84%ce%b9%ce%ba%cf%8c-%ce%bd%ce%b1%cf%8c-%ce%b2%cf%81%cf%85%ce%be\/#primaryimage\"},\"thumbnailUrl\":\"https:\/\/orthodoxia.be\/wp-content\/uploads\/2017\/10\/Pasxa3.jpg\",\"articleSection\":[\"Cath\u00e9drale des Saints Archanges (Bruxelles)\"],\"inLanguage\":\"fr-BE\",\"potentialAction\":[{\"@type\":\"CommentAction\",\"name\":\"Comment\",\"target\":[\"https:\/\/orthodoxia.be\/2016\/05\/02\/h-%ce%b1%ce%bd%ce%ac%cf%83%cf%84%ce%b1%cf%83%ce%b7-%cf%83%cf%84%ce%bf%ce%bd-%ce%bc%ce%b7%cf%84%cf%81%ce%bf%cf%80%ce%bf%ce%bb%ce%b9%cf%84%ce%b9%ce%ba%cf%8c-%ce%bd%ce%b1%cf%8c-%ce%b2%cf%81%cf%85%ce%be\/#respond\"]}]},{\"@type\":\"WebPage\",\"@id\":\"https:\/\/orthodoxia.be\/2016\/05\/02\/h-%ce%b1%ce%bd%ce%ac%cf%83%cf%84%ce%b1%cf%83%ce%b7-%cf%83%cf%84%ce%bf%ce%bd-%ce%bc%ce%b7%cf%84%cf%81%ce%bf%cf%80%ce%bf%ce%bb%ce%b9%cf%84%ce%b9%ce%ba%cf%8c-%ce%bd%ce%b1%cf%8c-%ce%b2%cf%81%cf%85%ce%be\/\",\"url\":\"https:\/\/orthodoxia.be\/2016\/05\/02\/h-%ce%b1%ce%bd%ce%ac%cf%83%cf%84%ce%b1%cf%83%ce%b7-%cf%83%cf%84%ce%bf%ce%bd-%ce%bc%ce%b7%cf%84%cf%81%ce%bf%cf%80%ce%bf%ce%bb%ce%b9%cf%84%ce%b9%ce%ba%cf%8c-%ce%bd%ce%b1%cf%8c-%ce%b2%cf%81%cf%85%ce%be\/\",\"name\":\"LA F\u00caTE DE LA RESURRECTION \u00c0 LA CATHEDRALE ORTHODOXE DE BRUXELLES - Archev\u00each\u00e9 Orthodoxe de Belgique\",\"isPartOf\":{\"@id\":\"https:\/\/orthodoxia.be\/#website\"},\"primaryImageOfPage\":{\"@id\":\"https:\/\/orthodoxia.be\/2016\/05\/02\/h-%ce%b1%ce%bd%ce%ac%cf%83%cf%84%ce%b1%cf%83%ce%b7-%cf%83%cf%84%ce%bf%ce%bd-%ce%bc%ce%b7%cf%84%cf%81%ce%bf%cf%80%ce%bf%ce%bb%ce%b9%cf%84%ce%b9%ce%ba%cf%8c-%ce%bd%ce%b1%cf%8c-%ce%b2%cf%81%cf%85%ce%be\/#primaryimage\"},\"image\":{\"@id\":\"https:\/\/orthodoxia.be\/2016\/05\/02\/h-%ce%b1%ce%bd%ce%ac%cf%83%cf%84%ce%b1%cf%83%ce%b7-%cf%83%cf%84%ce%bf%ce%bd-%ce%bc%ce%b7%cf%84%cf%81%ce%bf%cf%80%ce%bf%ce%bb%ce%b9%cf%84%ce%b9%ce%ba%cf%8c-%ce%bd%ce%b1%cf%8c-%ce%b2%cf%81%cf%85%ce%be\/#primaryimage\"},\"thumbnailUrl\":\"https:\/\/orthodoxia.be\/wp-content\/uploads\/2017\/10\/Pasxa3.jpg\",\"datePublished\":\"2016-05-02T07:57:09+00:00\",\"dateModified\":\"2017-10-24T10:00:54+00:00\",\"breadcrumb\":{\"@id\":\"https:\/\/orthodoxia.be\/2016\/05\/02\/h-%ce%b1%ce%bd%ce%ac%cf%83%cf%84%ce%b1%cf%83%ce%b7-%cf%83%cf%84%ce%bf%ce%bd-%ce%bc%ce%b7%cf%84%cf%81%ce%bf%cf%80%ce%bf%ce%bb%ce%b9%cf%84%ce%b9%ce%ba%cf%8c-%ce%bd%ce%b1%cf%8c-%ce%b2%cf%81%cf%85%ce%be\/#breadcrumb\"},\"inLanguage\":\"fr-BE\",\"potentialAction\":[{\"@type\":\"ReadAction\",\"target\":[\"https:\/\/orthodoxia.be\/2016\/05\/02\/h-%ce%b1%ce%bd%ce%ac%cf%83%cf%84%ce%b1%cf%83%ce%b7-%cf%83%cf%84%ce%bf%ce%bd-%ce%bc%ce%b7%cf%84%cf%81%ce%bf%cf%80%ce%bf%ce%bb%ce%b9%cf%84%ce%b9%ce%ba%cf%8c-%ce%bd%ce%b1%cf%8c-%ce%b2%cf%81%cf%85%ce%be\/\"]}]},{\"@type\":\"ImageObject\",\"inLanguage\":\"fr-BE\",\"@id\":\"https:\/\/orthodoxia.be\/2016\/05\/02\/h-%ce%b1%ce%bd%ce%ac%cf%83%cf%84%ce%b1%cf%83%ce%b7-%cf%83%cf%84%ce%bf%ce%bd-%ce%bc%ce%b7%cf%84%cf%81%ce%bf%cf%80%ce%bf%ce%bb%ce%b9%cf%84%ce%b9%ce%ba%cf%8c-%ce%bd%ce%b1%cf%8c-%ce%b2%cf%81%cf%85%ce%be\/#primaryimage\",\"url\":\"https:\/\/orthodoxia.be\/wp-content\/uploads\/2017\/10\/Pasxa3.jpg\",\"contentUrl\":\"https:\/\/orthodoxia.be\/wp-content\/uploads\/2017\/10\/Pasxa3.jpg\",\"width\":1024,\"height\":684},{\"@type\":\"BreadcrumbList\",\"@id\":\"https:\/\/orthodoxia.be\/2016\/05\/02\/h-%ce%b1%ce%bd%ce%ac%cf%83%cf%84%ce%b1%cf%83%ce%b7-%cf%83%cf%84%ce%bf%ce%bd-%ce%bc%ce%b7%cf%84%cf%81%ce%bf%cf%80%ce%bf%ce%bb%ce%b9%cf%84%ce%b9%ce%ba%cf%8c-%ce%bd%ce%b1%cf%8c-%ce%b2%cf%81%cf%85%ce%be\/#breadcrumb\",\"itemListElement\":[{\"@type\":\"ListItem\",\"position\":1,\"name\":\"Home\",\"item\":\"https:\/\/orthodoxia.be\/fr\/\"},{\"@type\":\"ListItem\",\"position\":2,\"name\":\"LA F\u00caTE DE LA RESURRECTION \u00c0 LA CATHEDRALE ORTHODOXE DE BRUXELLES\"}]},{\"@type\":\"WebSite\",\"@id\":\"https:\/\/orthodoxia.be\/#website\",\"url\":\"https:\/\/orthodoxia.be\/\",\"name\":\"Orthodox Archdiocese of Belgium (Benelux)\",\"description\":\"Exarque des Pays-Bas et du Luxembourg\",\"publisher\":{\"@id\":\"https:\/\/orthodoxia.be\/#organization\"},\"alternateName\":\"IMB\",\"potentialAction\":[{\"@type\":\"SearchAction\",\"target\":{\"@type\":\"EntryPoint\",\"urlTemplate\":\"https:\/\/orthodoxia.be\/?s={search_term_string}\"},\"query-input\":{\"@type\":\"PropertyValueSpecification\",\"valueRequired\":true,\"valueName\":\"search_term_string\"}}],\"inLanguage\":\"fr-BE\"},{\"@type\":\"Organization\",\"@id\":\"https:\/\/orthodoxia.be\/#organization\",\"name\":\"Orthodox Archdiocese of Belgium (Benelux)\",\"url\":\"https:\/\/orthodoxia.be\/\",\"logo\":{\"@type\":\"ImageObject\",\"inLanguage\":\"fr-BE\",\"@id\":\"https:\/\/orthodoxia.be\/#\/schema\/logo\/image\/\",\"url\":\"https:\/\/orthodoxia.be\/wp-content\/uploads\/2024\/02\/cropped-IMB-logo-512-cl-1.png\",\"contentUrl\":\"https:\/\/orthodoxia.be\/wp-content\/uploads\/2024\/02\/cropped-IMB-logo-512-cl-1.png\",\"width\":512,\"height\":512,\"caption\":\"Orthodox Archdiocese of Belgium (Benelux)\"},\"image\":{\"@id\":\"https:\/\/orthodoxia.be\/#\/schema\/logo\/image\/\"},\"sameAs\":[\"https:\/\/www.facebook.com\/orthobel\",\"https:\/\/x.com\/orthobel\",\"https:\/\/www.youtube.com\/c\/orthobel\",\"https:\/\/www.mixcloud.com\/orthobel\/\",\"https:\/\/www.flickr.com\/photos\/148264890@N07\/albums\",\"https:\/\/www.dailymotion.com\/Orthobel\"]},{\"@type\":\"Person\",\"@id\":\"https:\/\/orthodoxia.be\/#\/schema\/person\/4641c70600fbb1aac968996a0ef6d284\",\"name\":\"\u0391\u03c1\u03c7\u03b5\u03af\u03bf \u03a3\u03c5\u03bd\u03b5\u03c1\u03b3\u03b1\u03c4\u03ce\u03bd\",\"image\":{\"@type\":\"ImageObject\",\"inLanguage\":\"fr-BE\",\"@id\":\"https:\/\/orthodoxia.be\/#\/schema\/person\/image\/\",\"url\":\"https:\/\/secure.gravatar.com\/avatar\/0bf791bec6a55758e3ee18a1fc90f09b?s=96&d=mm&r=g\",\"contentUrl\":\"https:\/\/secure.gravatar.com\/avatar\/0bf791bec6a55758e3ee18a1fc90f09b?s=96&d=mm&r=g\",\"caption\":\"\u0391\u03c1\u03c7\u03b5\u03af\u03bf \u03a3\u03c5\u03bd\u03b5\u03c1\u03b3\u03b1\u03c4\u03ce\u03bd\"},\"url\":\"https:\/\/orthodoxia.be\/fr\/author\/archives\/\"}]}<\/script>\n<!-- \/ Yoast SEO plugin. -->","yoast_head_json":{"title":"LA F\u00caTE DE LA RESURRECTION \u00c0 LA CATHEDRALE ORTHODOXE DE BRUXELLES - Archev\u00each\u00e9 Orthodoxe de Belgique","robots":{"index":"index","follow":"follow","max-snippet":"max-snippet:-1","max-image-preview":"max-image-preview:large","max-video-preview":"max-video-preview:-1"},"canonical":"https:\/\/orthodoxia.be\/2016\/05\/02\/h-\u03b1\u03bd\u03ac\u03c3\u03c4\u03b1\u03c3\u03b7-\u03c3\u03c4\u03bf\u03bd-\u03bc\u03b7\u03c4\u03c1\u03bf\u03c0\u03bf\u03bb\u03b9\u03c4\u03b9\u03ba\u03cc-\u03bd\u03b1\u03cc-\u03b2\u03c1\u03c5\u03be\/","og_locale":"fr_FR","og_type":"article","og_title":"LA F\u00caTE DE LA RESURRECTION \u00c0 LA CATHEDRALE ORTHODOXE DE BRUXELLES - Archev\u00each\u00e9 Orthodoxe de Belgique","og_description":"C\u2019est avec \u00e9clat et majest\u00e9 que fut c\u00e9l\u00e9br\u00e9e encore une fois la Sainte P\u00e2que en la Cath\u00e9drale de Bruxelles, Dimanche 1re mai 2016. Une Cath\u00e9drale remplie de fid\u00e8les, venus recevoir la Sainte Lumi\u00e8re et participer \u00e0 la grande f\u00eate chr\u00e9tienne. Au cours de la Divine Liturgie, pr\u00e9sid\u00e9e par Son \u00c9minence le M\u00e9tropolite Ath\u00e9nagoras de Belgique, &hellip; Continued","og_url":"https:\/\/orthodoxia.be\/2016\/05\/02\/h-\u03b1\u03bd\u03ac\u03c3\u03c4\u03b1\u03c3\u03b7-\u03c3\u03c4\u03bf\u03bd-\u03bc\u03b7\u03c4\u03c1\u03bf\u03c0\u03bf\u03bb\u03b9\u03c4\u03b9\u03ba\u03cc-\u03bd\u03b1\u03cc-\u03b2\u03c1\u03c5\u03be\/","og_site_name":"Archev\u00each\u00e9 Orthodoxe de Belgique","article_publisher":"https:\/\/www.facebook.com\/orthobel","article_published_time":"2016-05-02T07:57:09+00:00","article_modified_time":"2017-10-24T10:00:54+00:00","og_image":[{"width":1024,"height":684,"url":"https:\/\/orthodoxia.be\/wp-content\/uploads\/2017\/10\/Pasxa3.jpg","type":"image\/jpeg"}],"author":"\u0391\u03c1\u03c7\u03b5\u03af\u03bf \u03a3\u03c5\u03bd\u03b5\u03c1\u03b3\u03b1\u03c4\u03ce\u03bd","twitter_card":"summary_large_image","twitter_creator":"@orthobel","twitter_site":"@orthobel","twitter_misc":{"\u00c9crit par":"\u0391\u03c1\u03c7\u03b5\u03af\u03bf \u03a3\u03c5\u03bd\u03b5\u03c1\u03b3\u03b1\u03c4\u03ce\u03bd","Dur\u00e9e de lecture est.":"1 minute"},"schema":{"@context":"https:\/\/schema.org","@graph":[{"@type":"Article","@id":"https:\/\/orthodoxia.be\/2016\/05\/02\/h-%ce%b1%ce%bd%ce%ac%cf%83%cf%84%ce%b1%cf%83%ce%b7-%cf%83%cf%84%ce%bf%ce%bd-%ce%bc%ce%b7%cf%84%cf%81%ce%bf%cf%80%ce%bf%ce%bb%ce%b9%cf%84%ce%b9%ce%ba%cf%8c-%ce%bd%ce%b1%cf%8c-%ce%b2%cf%81%cf%85%ce%be\/#article","isPartOf":{"@id":"https:\/\/orthodoxia.be\/2016\/05\/02\/h-%ce%b1%ce%bd%ce%ac%cf%83%cf%84%ce%b1%cf%83%ce%b7-%cf%83%cf%84%ce%bf%ce%bd-%ce%bc%ce%b7%cf%84%cf%81%ce%bf%cf%80%ce%bf%ce%bb%ce%b9%cf%84%ce%b9%ce%ba%cf%8c-%ce%bd%ce%b1%cf%8c-%ce%b2%cf%81%cf%85%ce%be\/"},"author":{"name":"\u0391\u03c1\u03c7\u03b5\u03af\u03bf \u03a3\u03c5\u03bd\u03b5\u03c1\u03b3\u03b1\u03c4\u03ce\u03bd","@id":"https:\/\/orthodoxia.be\/#\/schema\/person\/4641c70600fbb1aac968996a0ef6d284"},"headline":"LA F\u00caTE DE LA RESURRECTION \u00c0 LA CATHEDRALE ORTHODOXE DE BRUXELLES","datePublished":"2016-05-02T07:57:09+00:00","dateModified":"2017-10-24T10:00:54+00:00","mainEntityOfPage":{"@id":"https:\/\/orthodoxia.be\/2016\/05\/02\/h-%ce%b1%ce%bd%ce%ac%cf%83%cf%84%ce%b1%cf%83%ce%b7-%cf%83%cf%84%ce%bf%ce%bd-%ce%bc%ce%b7%cf%84%cf%81%ce%bf%cf%80%ce%bf%ce%bb%ce%b9%cf%84%ce%b9%ce%ba%cf%8c-%ce%bd%ce%b1%cf%8c-%ce%b2%cf%81%cf%85%ce%be\/"},"wordCount":156,"commentCount":0,"publisher":{"@id":"https:\/\/orthodoxia.be\/#organization"},"image":{"@id":"https:\/\/orthodoxia.be\/2016\/05\/02\/h-%ce%b1%ce%bd%ce%ac%cf%83%cf%84%ce%b1%cf%83%ce%b7-%cf%83%cf%84%ce%bf%ce%bd-%ce%bc%ce%b7%cf%84%cf%81%ce%bf%cf%80%ce%bf%ce%bb%ce%b9%cf%84%ce%b9%ce%ba%cf%8c-%ce%bd%ce%b1%cf%8c-%ce%b2%cf%81%cf%85%ce%be\/#primaryimage"},"thumbnailUrl":"https:\/\/orthodoxia.be\/wp-content\/uploads\/2017\/10\/Pasxa3.jpg","articleSection":["Cath\u00e9drale des Saints Archanges (Bruxelles)"],"inLanguage":"fr-BE","potentialAction":[{"@type":"CommentAction","name":"Comment","target":["https:\/\/orthodoxia.be\/2016\/05\/02\/h-%ce%b1%ce%bd%ce%ac%cf%83%cf%84%ce%b1%cf%83%ce%b7-%cf%83%cf%84%ce%bf%ce%bd-%ce%bc%ce%b7%cf%84%cf%81%ce%bf%cf%80%ce%bf%ce%bb%ce%b9%cf%84%ce%b9%ce%ba%cf%8c-%ce%bd%ce%b1%cf%8c-%ce%b2%cf%81%cf%85%ce%be\/#respond"]}]},{"@type":"WebPage","@id":"https:\/\/orthodoxia.be\/2016\/05\/02\/h-%ce%b1%ce%bd%ce%ac%cf%83%cf%84%ce%b1%cf%83%ce%b7-%cf%83%cf%84%ce%bf%ce%bd-%ce%bc%ce%b7%cf%84%cf%81%ce%bf%cf%80%ce%bf%ce%bb%ce%b9%cf%84%ce%b9%ce%ba%cf%8c-%ce%bd%ce%b1%cf%8c-%ce%b2%cf%81%cf%85%ce%be\/","url":"https:\/\/orthodoxia.be\/2016\/05\/02\/h-%ce%b1%ce%bd%ce%ac%cf%83%cf%84%ce%b1%cf%83%ce%b7-%cf%83%cf%84%ce%bf%ce%bd-%ce%bc%ce%b7%cf%84%cf%81%ce%bf%cf%80%ce%bf%ce%bb%ce%b9%cf%84%ce%b9%ce%ba%cf%8c-%ce%bd%ce%b1%cf%8c-%ce%b2%cf%81%cf%85%ce%be\/","name":"LA F\u00caTE DE LA RESURRECTION \u00c0 LA CATHEDRALE ORTHODOXE DE BRUXELLES - Archev\u00each\u00e9 Orthodoxe de Belgique","isPartOf":{"@id":"https:\/\/orthodoxia.be\/#website"},"primaryImageOfPage":{"@id":"https:\/\/orthodoxia.be\/2016\/05\/02\/h-%ce%b1%ce%bd%ce%ac%cf%83%cf%84%ce%b1%cf%83%ce%b7-%cf%83%cf%84%ce%bf%ce%bd-%ce%bc%ce%b7%cf%84%cf%81%ce%bf%cf%80%ce%bf%ce%bb%ce%b9%cf%84%ce%b9%ce%ba%cf%8c-%ce%bd%ce%b1%cf%8c-%ce%b2%cf%81%cf%85%ce%be\/#primaryimage"},"image":{"@id":"https:\/\/orthodoxia.be\/2016\/05\/02\/h-%ce%b1%ce%bd%ce%ac%cf%83%cf%84%ce%b1%cf%83%ce%b7-%cf%83%cf%84%ce%bf%ce%bd-%ce%bc%ce%b7%cf%84%cf%81%ce%bf%cf%80%ce%bf%ce%bb%ce%b9%cf%84%ce%b9%ce%ba%cf%8c-%ce%bd%ce%b1%cf%8c-%ce%b2%cf%81%cf%85%ce%be\/#primaryimage"},"thumbnailUrl":"https:\/\/orthodoxia.be\/wp-content\/uploads\/2017\/10\/Pasxa3.jpg","datePublished":"2016-05-02T07:57:09+00:00","dateModified":"2017-10-24T10:00:54+00:00","breadcrumb":{"@id":"https:\/\/orthodoxia.be\/2016\/05\/02\/h-%ce%b1%ce%bd%ce%ac%cf%83%cf%84%ce%b1%cf%83%ce%b7-%cf%83%cf%84%ce%bf%ce%bd-%ce%bc%ce%b7%cf%84%cf%81%ce%bf%cf%80%ce%bf%ce%bb%ce%b9%cf%84%ce%b9%ce%ba%cf%8c-%ce%bd%ce%b1%cf%8c-%ce%b2%cf%81%cf%85%ce%be\/#breadcrumb"},"inLanguage":"fr-BE","potentialAction":[{"@type":"ReadAction","target":["https:\/\/orthodoxia.be\/2016\/05\/02\/h-%ce%b1%ce%bd%ce%ac%cf%83%cf%84%ce%b1%cf%83%ce%b7-%cf%83%cf%84%ce%bf%ce%bd-%ce%bc%ce%b7%cf%84%cf%81%ce%bf%cf%80%ce%bf%ce%bb%ce%b9%cf%84%ce%b9%ce%ba%cf%8c-%ce%bd%ce%b1%cf%8c-%ce%b2%cf%81%cf%85%ce%be\/"]}]},{"@type":"ImageObject","inLanguage":"fr-BE","@id":"https:\/\/orthodoxia.be\/2016\/05\/02\/h-%ce%b1%ce%bd%ce%ac%cf%83%cf%84%ce%b1%cf%83%ce%b7-%cf%83%cf%84%ce%bf%ce%bd-%ce%bc%ce%b7%cf%84%cf%81%ce%bf%cf%80%ce%bf%ce%bb%ce%b9%cf%84%ce%b9%ce%ba%cf%8c-%ce%bd%ce%b1%cf%8c-%ce%b2%cf%81%cf%85%ce%be\/#primaryimage","url":"https:\/\/orthodoxia.be\/wp-content\/uploads\/2017\/10\/Pasxa3.jpg","contentUrl":"https:\/\/orthodoxia.be\/wp-content\/uploads\/2017\/10\/Pasxa3.jpg","width":1024,"height":684},{"@type":"BreadcrumbList","@id":"https:\/\/orthodoxia.be\/2016\/05\/02\/h-%ce%b1%ce%bd%ce%ac%cf%83%cf%84%ce%b1%cf%83%ce%b7-%cf%83%cf%84%ce%bf%ce%bd-%ce%bc%ce%b7%cf%84%cf%81%ce%bf%cf%80%ce%bf%ce%bb%ce%b9%cf%84%ce%b9%ce%ba%cf%8c-%ce%bd%ce%b1%cf%8c-%ce%b2%cf%81%cf%85%ce%be\/#breadcrumb","itemListElement":[{"@type":"ListItem","position":1,"name":"Home","item":"https:\/\/orthodoxia.be\/fr\/"},{"@type":"ListItem","position":2,"name":"LA F\u00caTE DE LA RESURRECTION \u00c0 LA CATHEDRALE ORTHODOXE DE BRUXELLES"}]},{"@type":"WebSite","@id":"https:\/\/orthodoxia.be\/#website","url":"https:\/\/orthodoxia.be\/","name":"Orthodox Archdiocese of Belgium (Benelux)","description":"Exarque des Pays-Bas et du Luxembourg","publisher":{"@id":"https:\/\/orthodoxia.be\/#organization"},"alternateName":"IMB","potentialAction":[{"@type":"SearchAction","target":{"@type":"EntryPoint","urlTemplate":"https:\/\/orthodoxia.be\/?s={search_term_string}"},"query-input":{"@type":"PropertyValueSpecification","valueRequired":true,"valueName":"search_term_string"}}],"inLanguage":"fr-BE"},{"@type":"Organization","@id":"https:\/\/orthodoxia.be\/#organization","name":"Orthodox Archdiocese of Belgium (Benelux)","url":"https:\/\/orthodoxia.be\/","logo":{"@type":"ImageObject","inLanguage":"fr-BE","@id":"https:\/\/orthodoxia.be\/#\/schema\/logo\/image\/","url":"https:\/\/orthodoxia.be\/wp-content\/uploads\/2024\/02\/cropped-IMB-logo-512-cl-1.png","contentUrl":"https:\/\/orthodoxia.be\/wp-content\/uploads\/2024\/02\/cropped-IMB-logo-512-cl-1.png","width":512,"height":512,"caption":"Orthodox Archdiocese of Belgium (Benelux)"},"image":{"@id":"https:\/\/orthodoxia.be\/#\/schema\/logo\/image\/"},"sameAs":["https:\/\/www.facebook.com\/orthobel","https:\/\/x.com\/orthobel","https:\/\/www.youtube.com\/c\/orthobel","https:\/\/www.mixcloud.com\/orthobel\/","https:\/\/www.flickr.com\/photos\/148264890@N07\/albums","https:\/\/www.dailymotion.com\/Orthobel"]},{"@type":"Person","@id":"https:\/\/orthodoxia.be\/#\/schema\/person\/4641c70600fbb1aac968996a0ef6d284","name":"\u0391\u03c1\u03c7\u03b5\u03af\u03bf \u03a3\u03c5\u03bd\u03b5\u03c1\u03b3\u03b1\u03c4\u03ce\u03bd","image":{"@type":"ImageObject","inLanguage":"fr-BE","@id":"https:\/\/orthodoxia.be\/#\/schema\/person\/image\/","url":"https:\/\/secure.gravatar.com\/avatar\/0bf791bec6a55758e3ee18a1fc90f09b?s=96&d=mm&r=g","contentUrl":"https:\/\/secure.gravatar.com\/avatar\/0bf791bec6a55758e3ee18a1fc90f09b?s=96&d=mm&r=g","caption":"\u0391\u03c1\u03c7\u03b5\u03af\u03bf \u03a3\u03c5\u03bd\u03b5\u03c1\u03b3\u03b1\u03c4\u03ce\u03bd"},"url":"https:\/\/orthodoxia.be\/fr\/author\/archives\/"}]}},"_links":{"self":[{"href":"https:\/\/orthodoxia.be\/fr\/wp-json\/wp\/v2\/posts\/1782","targetHints":{"allow":["GET"]}}],"collection":[{"href":"https:\/\/orthodoxia.be\/fr\/wp-json\/wp\/v2\/posts"}],"about":[{"href":"https:\/\/orthodoxia.be\/fr\/wp-json\/wp\/v2\/types\/post"}],"author":[{"embeddable":true,"href":"https:\/\/orthodoxia.be\/fr\/wp-json\/wp\/v2\/users\/12"}],"replies":[{"embeddable":true,"href":"https:\/\/orthodoxia.be\/fr\/wp-json\/wp\/v2\/comments?post=1782"}],"version-history":[{"count":1,"href":"https:\/\/orthodoxia.be\/fr\/wp-json\/wp\/v2\/posts\/1782\/revisions"}],"predecessor-version":[{"id":1783,"href":"https:\/\/orthodoxia.be\/fr\/wp-json\/wp\/v2\/posts\/1782\/revisions\/1783"}],"wp:featuredmedia":[{"embeddable":true,"href":"https:\/\/orthodoxia.be\/fr\/wp-json\/wp\/v2\/media\/1776"}],"wp:attachment":[{"href":"https:\/\/orthodoxia.be\/fr\/wp-json\/wp\/v2\/media?parent=1782"}],"wp:term":[{"taxonomy":"category","embeddable":true,"href":"https:\/\/orthodoxia.be\/fr\/wp-json\/wp\/v2\/categories?post=1782"},{"taxonomy":"post_tag","embeddable":true,"href":"https:\/\/orthodoxia.be\/fr\/wp-json\/wp\/v2\/tags?post=1782"}],"curies":[{"name":"wp","href":"https:\/\/api.w.org\/{rel}","templated":true}]}}