{"id":20682,"date":"2019-11-17T14:47:29","date_gmt":"2019-11-17T13:47:29","guid":{"rendered":"http:\/\/orthodoxia.be\/?p=20682"},"modified":"2019-11-20T09:35:02","modified_gmt":"2019-11-20T08:35:02","slug":"fete-des-saints-archanges-michel-et-gabriel-a-ixelles","status":"publish","type":"post","link":"https:\/\/orthodoxia.be\/fr\/2019\/11\/17\/fete-des-saints-archanges-michel-et-gabriel-a-ixelles\/","title":{"rendered":"F\u00eate des Saints Archanges Michel et Gabriel \u00e0 Ixelles"},"content":{"rendered":"<p>Dimanche 17 novembre 2019, Son \u00c9minence le M\u00e9tropolite Ath\u00e9nagoras de Belgique et Exarque des Pays-Bas et du Luxembourg c\u00e9l\u00e9bra la Divine Liturgie patronale en la paroisse des Saints Archanges Michel et Gabriel d\u2019Ixelles, f\u00eate d\u00e9plac\u00e9e en raison de la visite officielle de Sa Toute-Saintet\u00e9 le Patriarche \u0152cum\u00e9nique Bartholom\u00e9e dans l\u2019Archev\u00each\u00e9 du 5 au 14 novembre, et de la Divine Liturgie patriarcale en la Cath\u00e9drale orthodoxe de Bruxelles.<\/p>\n<p>Son \u00c9minence \u00e9tait entour\u00e9e du Tr\u00e8s R\u00e9v. Archimandrite Ioachim Archontos, orateur officiel  de l\u2019Archev\u00each\u00e9, du Protopresbytre du Tr\u00f4ne \u0152cum\u00e9nique Stavros Triantafyllou, recteur de la paroisse, du tout fra\u00eechement ordonn\u00e9 Hi\u00e9romoine Philadelphos Kafalis, Directeur du Bureau personnel du M\u00e9tropolite, et des diacres de l\u2019Archev\u00each\u00e9, Georgios Tzatzanis et Emilianos Chatzivassiliou.<\/p>\n<p>L\u2019hom\u00e9lie fut assur\u00e9e par l\u2019Archimandrite Ioachim Archontos qui se r\u00e9f\u00e9ra \u00e0 la p\u00e9ricope de l\u2019\u00c9vangile du jour et au dialogue \u00e9gocentrique du riche avec son \u00e2me, pr\u00e9f\u00e9rant g\u00e9rer de fa\u00e7on personnelle la richesse offerte par Dieu au lieu de d\u00e9truire les murs de son \u00e9go\u00efsme et aider son prochain. <\/p>\n<p>A la fin de la Divine Liturgie, Son \u00c9minence  est revenu sur l\u2019ordination sacerdotale du p. Philadelphos Kafalis, ancien Archidiacre de l\u2019Archev\u00each\u00e9, ce 10 novembre 2019 par Sa Toute-Saintet\u00e9 notre Patriarche \u0152cum\u00e9nique Bartholom\u00e9e. \u00ab Impeccable en tant qu\u2019Archidiacre, il continuera \u00e0 \u0153uvrer de son poste de Directeur du Bureau personnel du M\u00e9tropolite; sa probit\u00e9 et fid\u00e9lit\u00e9 en tant que pr\u00eatre ne pouvant augurer que d\u2019excellentes promotions dans l\u2019avenir \u00bb, devait-il dire concr\u00e8tement.<\/p>\n<p>Le M\u00e9tropolite Ath\u00e9nagoras remerciait \u00e9galement le recteur de la paroisse pour son travail accompli depuis 1986 au sein de l\u2019Archev\u00each\u00e9 de Belgique de divers postes, en commen\u00e7ant par celui de Secr\u00e9taire du pr\u00e9c\u00e9dent M\u00e9tropolite de Belgique, Premier chantre de la Cath\u00e9drale, Recteur de cette derni\u00e8re et enfin Recteur de cette paroisse historique d\u2019Ixelles.<\/p>\n<p>Finalement, le M\u00e9tropolite Ath\u00e9nagoras \u00e9leva le diacre Emilianos Chatzivassiliou au rang d\u2019Archidiacre de l\u2019Archev\u00each\u00e9.<\/p>\n<p>Une riche r\u00e9ception, pr\u00e9par\u00e9e par l\u2019Association des Dames Hell\u00e8nes de Bruxelles, berc\u00e9e par le chant et rythm\u00e9e au son du piano, attendait toute l\u2019assembl\u00e9e.<\/p>\n","protected":false},"excerpt":{"rendered":"<p>Dimanche 17 novembre 2019, Son \u00c9minence le M\u00e9tropolite Ath\u00e9nagoras de Belgique et Exarque des Pays-Bas et du Luxembourg c\u00e9l\u00e9bra la Divine Liturgie patronale en la paroisse des Saints Archanges Michel et Gabriel d\u2019Ixelles, f\u00eate d\u00e9plac\u00e9e en raison de la visite officielle de Sa Toute-Saintet\u00e9 le Patriarche \u0152cum\u00e9nique Bartholom\u00e9e dans l\u2019Archev\u00each\u00e9 du 5 au 14 novembre, &hellip; <a href=\"https:\/\/orthodoxia.be\/fr\/2019\/11\/17\/fete-des-saints-archanges-michel-et-gabriel-a-ixelles\/\">Continued<\/a><\/p>\n","protected":false},"author":2,"featured_media":20664,"comment_status":"closed","ping_status":"open","sticky":false,"template":"","format":"standard","meta":{"_acf_changed":false,"footnotes":""},"categories":[14,153],"tags":[],"class_list":["post-20682","post","type-post","status-publish","format-standard","has-post-thumbnail","hentry","category-actualite","category-paroisse-des-saints-archanges-a-ixelles"],"acf":[],"yoast_head":"<!-- This site is optimized with the Yoast SEO plugin v24.3 - https:\/\/yoast.com\/wordpress\/plugins\/seo\/ -->\n<title>F\u00eate des Saints Archanges Michel et Gabriel \u00e0 Ixelles - Archev\u00each\u00e9 Orthodoxe de Belgique<\/title>\n<meta name=\"robots\" content=\"index, follow, max-snippet:-1, max-image-preview:large, max-video-preview:-1\" \/>\n<link rel=\"canonical\" href=\"https:\/\/orthodoxia.be\/fr\/2019\/11\/17\/fete-des-saints-archanges-michel-et-gabriel-a-ixelles\/\" \/>\n<meta property=\"og:locale\" content=\"fr_FR\" \/>\n<meta property=\"og:type\" content=\"article\" \/>\n<meta property=\"og:title\" content=\"F\u00eate des Saints Archanges Michel et Gabriel \u00e0 Ixelles - Archev\u00each\u00e9 Orthodoxe de Belgique\" \/>\n<meta property=\"og:description\" content=\"Dimanche 17 novembre 2019, Son \u00c9minence le M\u00e9tropolite Ath\u00e9nagoras de Belgique et Exarque des Pays-Bas et du Luxembourg c\u00e9l\u00e9bra la Divine Liturgie patronale en la paroisse des Saints Archanges Michel et Gabriel d\u2019Ixelles, f\u00eate d\u00e9plac\u00e9e en raison de la visite officielle de Sa Toute-Saintet\u00e9 le Patriarche \u0152cum\u00e9nique Bartholom\u00e9e dans l\u2019Archev\u00each\u00e9 du 5 au 14 novembre, &hellip; Continued\" \/>\n<meta property=\"og:url\" content=\"https:\/\/orthodoxia.be\/fr\/2019\/11\/17\/fete-des-saints-archanges-michel-et-gabriel-a-ixelles\/\" \/>\n<meta property=\"og:site_name\" content=\"Archev\u00each\u00e9 Orthodoxe de Belgique\" \/>\n<meta property=\"article:publisher\" content=\"https:\/\/www.facebook.com\/orthobel\" \/>\n<meta property=\"article:published_time\" content=\"2019-11-17T13:47:29+00:00\" \/>\n<meta property=\"article:modified_time\" content=\"2019-11-20T08:35:02+00:00\" \/>\n<meta property=\"og:image\" content=\"https:\/\/orthodoxia.be\/wp-content\/uploads\/2019\/11\/IMG-3193.jpg\" \/>\n\t<meta property=\"og:image:width\" content=\"720\" \/>\n\t<meta property=\"og:image:height\" content=\"540\" \/>\n\t<meta property=\"og:image:type\" content=\"image\/jpeg\" \/>\n<meta name=\"author\" content=\"Georgios Tzatzanis\" \/>\n<meta name=\"twitter:card\" content=\"summary_large_image\" \/>\n<meta name=\"twitter:creator\" content=\"@orthobel\" \/>\n<meta name=\"twitter:site\" content=\"@orthobel\" \/>\n<meta name=\"twitter:label1\" content=\"\u00c9crit par\" \/>\n\t<meta name=\"twitter:data1\" content=\"Georgios Tzatzanis\" \/>\n\t<meta name=\"twitter:label2\" content=\"Dur\u00e9e de lecture est.\" \/>\n\t<meta name=\"twitter:data2\" content=\"2 minutes\" \/>\n<script type=\"application\/ld+json\" class=\"yoast-schema-graph\">{\"@context\":\"https:\/\/schema.org\",\"@graph\":[{\"@type\":\"Article\",\"@id\":\"https:\/\/orthodoxia.be\/fr\/2019\/11\/17\/fete-des-saints-archanges-michel-et-gabriel-a-ixelles\/#article\",\"isPartOf\":{\"@id\":\"https:\/\/orthodoxia.be\/fr\/2019\/11\/17\/fete-des-saints-archanges-michel-et-gabriel-a-ixelles\/\"},\"author\":{\"name\":\"Georgios Tzatzanis\",\"@id\":\"https:\/\/orthodoxia.be\/#\/schema\/person\/36bdc09a0ba8f97671645b7e9d8533ee\"},\"headline\":\"F\u00eate des Saints Archanges Michel et Gabriel \u00e0 Ixelles\",\"datePublished\":\"2019-11-17T13:47:29+00:00\",\"dateModified\":\"2019-11-20T08:35:02+00:00\",\"mainEntityOfPage\":{\"@id\":\"https:\/\/orthodoxia.be\/fr\/2019\/11\/17\/fete-des-saints-archanges-michel-et-gabriel-a-ixelles\/\"},\"wordCount\":402,\"publisher\":{\"@id\":\"https:\/\/orthodoxia.be\/#organization\"},\"image\":{\"@id\":\"https:\/\/orthodoxia.be\/fr\/2019\/11\/17\/fete-des-saints-archanges-michel-et-gabriel-a-ixelles\/#primaryimage\"},\"thumbnailUrl\":\"https:\/\/orthodoxia.be\/wp-content\/uploads\/2019\/11\/IMG-3193.jpg\",\"articleSection\":[\"Actualit\u00e9\",\"Paroisse des Saints Archanges \u00e0 Ixelles\"],\"inLanguage\":\"fr-BE\"},{\"@type\":\"WebPage\",\"@id\":\"https:\/\/orthodoxia.be\/fr\/2019\/11\/17\/fete-des-saints-archanges-michel-et-gabriel-a-ixelles\/\",\"url\":\"https:\/\/orthodoxia.be\/fr\/2019\/11\/17\/fete-des-saints-archanges-michel-et-gabriel-a-ixelles\/\",\"name\":\"F\u00eate des Saints Archanges Michel et Gabriel \u00e0 Ixelles - Archev\u00each\u00e9 Orthodoxe de Belgique\",\"isPartOf\":{\"@id\":\"https:\/\/orthodoxia.be\/#website\"},\"primaryImageOfPage\":{\"@id\":\"https:\/\/orthodoxia.be\/fr\/2019\/11\/17\/fete-des-saints-archanges-michel-et-gabriel-a-ixelles\/#primaryimage\"},\"image\":{\"@id\":\"https:\/\/orthodoxia.be\/fr\/2019\/11\/17\/fete-des-saints-archanges-michel-et-gabriel-a-ixelles\/#primaryimage\"},\"thumbnailUrl\":\"https:\/\/orthodoxia.be\/wp-content\/uploads\/2019\/11\/IMG-3193.jpg\",\"datePublished\":\"2019-11-17T13:47:29+00:00\",\"dateModified\":\"2019-11-20T08:35:02+00:00\",\"breadcrumb\":{\"@id\":\"https:\/\/orthodoxia.be\/fr\/2019\/11\/17\/fete-des-saints-archanges-michel-et-gabriel-a-ixelles\/#breadcrumb\"},\"inLanguage\":\"fr-BE\",\"potentialAction\":[{\"@type\":\"ReadAction\",\"target\":[\"https:\/\/orthodoxia.be\/fr\/2019\/11\/17\/fete-des-saints-archanges-michel-et-gabriel-a-ixelles\/\"]}]},{\"@type\":\"ImageObject\",\"inLanguage\":\"fr-BE\",\"@id\":\"https:\/\/orthodoxia.be\/fr\/2019\/11\/17\/fete-des-saints-archanges-michel-et-gabriel-a-ixelles\/#primaryimage\",\"url\":\"https:\/\/orthodoxia.be\/wp-content\/uploads\/2019\/11\/IMG-3193.jpg\",\"contentUrl\":\"https:\/\/orthodoxia.be\/wp-content\/uploads\/2019\/11\/IMG-3193.jpg\",\"width\":720,\"height\":540},{\"@type\":\"BreadcrumbList\",\"@id\":\"https:\/\/orthodoxia.be\/fr\/2019\/11\/17\/fete-des-saints-archanges-michel-et-gabriel-a-ixelles\/#breadcrumb\",\"itemListElement\":[{\"@type\":\"ListItem\",\"position\":1,\"name\":\"Home\",\"item\":\"https:\/\/orthodoxia.be\/fr\/\"},{\"@type\":\"ListItem\",\"position\":2,\"name\":\"F\u00eate des Saints Archanges Michel et Gabriel \u00e0 Ixelles\"}]},{\"@type\":\"WebSite\",\"@id\":\"https:\/\/orthodoxia.be\/#website\",\"url\":\"https:\/\/orthodoxia.be\/\",\"name\":\"Orthodox Archdiocese of Belgium (Benelux)\",\"description\":\"Exarque des Pays-Bas et du Luxembourg\",\"publisher\":{\"@id\":\"https:\/\/orthodoxia.be\/#organization\"},\"alternateName\":\"IMB\",\"potentialAction\":[{\"@type\":\"SearchAction\",\"target\":{\"@type\":\"EntryPoint\",\"urlTemplate\":\"https:\/\/orthodoxia.be\/?s={search_term_string}\"},\"query-input\":{\"@type\":\"PropertyValueSpecification\",\"valueRequired\":true,\"valueName\":\"search_term_string\"}}],\"inLanguage\":\"fr-BE\"},{\"@type\":\"Organization\",\"@id\":\"https:\/\/orthodoxia.be\/#organization\",\"name\":\"Orthodox Archdiocese of Belgium (Benelux)\",\"url\":\"https:\/\/orthodoxia.be\/\",\"logo\":{\"@type\":\"ImageObject\",\"inLanguage\":\"fr-BE\",\"@id\":\"https:\/\/orthodoxia.be\/#\/schema\/logo\/image\/\",\"url\":\"https:\/\/orthodoxia.be\/wp-content\/uploads\/2024\/02\/cropped-IMB-logo-512-cl-1.png\",\"contentUrl\":\"https:\/\/orthodoxia.be\/wp-content\/uploads\/2024\/02\/cropped-IMB-logo-512-cl-1.png\",\"width\":512,\"height\":512,\"caption\":\"Orthodox Archdiocese of Belgium (Benelux)\"},\"image\":{\"@id\":\"https:\/\/orthodoxia.be\/#\/schema\/logo\/image\/\"},\"sameAs\":[\"https:\/\/www.facebook.com\/orthobel\",\"https:\/\/x.com\/orthobel\",\"https:\/\/www.youtube.com\/c\/orthobel\",\"https:\/\/www.mixcloud.com\/orthobel\/\",\"https:\/\/www.flickr.com\/photos\/148264890@N07\/albums\",\"https:\/\/www.dailymotion.com\/Orthobel\"]},{\"@type\":\"Person\",\"@id\":\"https:\/\/orthodoxia.be\/#\/schema\/person\/36bdc09a0ba8f97671645b7e9d8533ee\",\"name\":\"Georgios Tzatzanis\",\"image\":{\"@type\":\"ImageObject\",\"inLanguage\":\"fr-BE\",\"@id\":\"https:\/\/orthodoxia.be\/#\/schema\/person\/image\/\",\"url\":\"https:\/\/secure.gravatar.com\/avatar\/5e2d1c8037dfa80360af6aee99548eff?s=96&d=mm&r=g\",\"contentUrl\":\"https:\/\/secure.gravatar.com\/avatar\/5e2d1c8037dfa80360af6aee99548eff?s=96&d=mm&r=g\",\"caption\":\"Georgios Tzatzanis\"},\"sameAs\":[\"http:\/\/orthodoxia.be\"],\"url\":\"https:\/\/orthodoxia.be\/fr\/author\/tzatzanis\/\"}]}<\/script>\n<!-- \/ Yoast SEO plugin. -->","yoast_head_json":{"title":"F\u00eate des Saints Archanges Michel et Gabriel \u00e0 Ixelles - Archev\u00each\u00e9 Orthodoxe de Belgique","robots":{"index":"index","follow":"follow","max-snippet":"max-snippet:-1","max-image-preview":"max-image-preview:large","max-video-preview":"max-video-preview:-1"},"canonical":"https:\/\/orthodoxia.be\/fr\/2019\/11\/17\/fete-des-saints-archanges-michel-et-gabriel-a-ixelles\/","og_locale":"fr_FR","og_type":"article","og_title":"F\u00eate des Saints Archanges Michel et Gabriel \u00e0 Ixelles - Archev\u00each\u00e9 Orthodoxe de Belgique","og_description":"Dimanche 17 novembre 2019, Son \u00c9minence le M\u00e9tropolite Ath\u00e9nagoras de Belgique et Exarque des Pays-Bas et du Luxembourg c\u00e9l\u00e9bra la Divine Liturgie patronale en la paroisse des Saints Archanges Michel et Gabriel d\u2019Ixelles, f\u00eate d\u00e9plac\u00e9e en raison de la visite officielle de Sa Toute-Saintet\u00e9 le Patriarche \u0152cum\u00e9nique Bartholom\u00e9e dans l\u2019Archev\u00each\u00e9 du 5 au 14 novembre, &hellip; Continued","og_url":"https:\/\/orthodoxia.be\/fr\/2019\/11\/17\/fete-des-saints-archanges-michel-et-gabriel-a-ixelles\/","og_site_name":"Archev\u00each\u00e9 Orthodoxe de Belgique","article_publisher":"https:\/\/www.facebook.com\/orthobel","article_published_time":"2019-11-17T13:47:29+00:00","article_modified_time":"2019-11-20T08:35:02+00:00","og_image":[{"width":720,"height":540,"url":"https:\/\/orthodoxia.be\/wp-content\/uploads\/2019\/11\/IMG-3193.jpg","type":"image\/jpeg"}],"author":"Georgios Tzatzanis","twitter_card":"summary_large_image","twitter_creator":"@orthobel","twitter_site":"@orthobel","twitter_misc":{"\u00c9crit par":"Georgios Tzatzanis","Dur\u00e9e de lecture est.":"2 minutes"},"schema":{"@context":"https:\/\/schema.org","@graph":[{"@type":"Article","@id":"https:\/\/orthodoxia.be\/fr\/2019\/11\/17\/fete-des-saints-archanges-michel-et-gabriel-a-ixelles\/#article","isPartOf":{"@id":"https:\/\/orthodoxia.be\/fr\/2019\/11\/17\/fete-des-saints-archanges-michel-et-gabriel-a-ixelles\/"},"author":{"name":"Georgios Tzatzanis","@id":"https:\/\/orthodoxia.be\/#\/schema\/person\/36bdc09a0ba8f97671645b7e9d8533ee"},"headline":"F\u00eate des Saints Archanges Michel et Gabriel \u00e0 Ixelles","datePublished":"2019-11-17T13:47:29+00:00","dateModified":"2019-11-20T08:35:02+00:00","mainEntityOfPage":{"@id":"https:\/\/orthodoxia.be\/fr\/2019\/11\/17\/fete-des-saints-archanges-michel-et-gabriel-a-ixelles\/"},"wordCount":402,"publisher":{"@id":"https:\/\/orthodoxia.be\/#organization"},"image":{"@id":"https:\/\/orthodoxia.be\/fr\/2019\/11\/17\/fete-des-saints-archanges-michel-et-gabriel-a-ixelles\/#primaryimage"},"thumbnailUrl":"https:\/\/orthodoxia.be\/wp-content\/uploads\/2019\/11\/IMG-3193.jpg","articleSection":["Actualit\u00e9","Paroisse des Saints Archanges \u00e0 Ixelles"],"inLanguage":"fr-BE"},{"@type":"WebPage","@id":"https:\/\/orthodoxia.be\/fr\/2019\/11\/17\/fete-des-saints-archanges-michel-et-gabriel-a-ixelles\/","url":"https:\/\/orthodoxia.be\/fr\/2019\/11\/17\/fete-des-saints-archanges-michel-et-gabriel-a-ixelles\/","name":"F\u00eate des Saints Archanges Michel et Gabriel \u00e0 Ixelles - Archev\u00each\u00e9 Orthodoxe de Belgique","isPartOf":{"@id":"https:\/\/orthodoxia.be\/#website"},"primaryImageOfPage":{"@id":"https:\/\/orthodoxia.be\/fr\/2019\/11\/17\/fete-des-saints-archanges-michel-et-gabriel-a-ixelles\/#primaryimage"},"image":{"@id":"https:\/\/orthodoxia.be\/fr\/2019\/11\/17\/fete-des-saints-archanges-michel-et-gabriel-a-ixelles\/#primaryimage"},"thumbnailUrl":"https:\/\/orthodoxia.be\/wp-content\/uploads\/2019\/11\/IMG-3193.jpg","datePublished":"2019-11-17T13:47:29+00:00","dateModified":"2019-11-20T08:35:02+00:00","breadcrumb":{"@id":"https:\/\/orthodoxia.be\/fr\/2019\/11\/17\/fete-des-saints-archanges-michel-et-gabriel-a-ixelles\/#breadcrumb"},"inLanguage":"fr-BE","potentialAction":[{"@type":"ReadAction","target":["https:\/\/orthodoxia.be\/fr\/2019\/11\/17\/fete-des-saints-archanges-michel-et-gabriel-a-ixelles\/"]}]},{"@type":"ImageObject","inLanguage":"fr-BE","@id":"https:\/\/orthodoxia.be\/fr\/2019\/11\/17\/fete-des-saints-archanges-michel-et-gabriel-a-ixelles\/#primaryimage","url":"https:\/\/orthodoxia.be\/wp-content\/uploads\/2019\/11\/IMG-3193.jpg","contentUrl":"https:\/\/orthodoxia.be\/wp-content\/uploads\/2019\/11\/IMG-3193.jpg","width":720,"height":540},{"@type":"BreadcrumbList","@id":"https:\/\/orthodoxia.be\/fr\/2019\/11\/17\/fete-des-saints-archanges-michel-et-gabriel-a-ixelles\/#breadcrumb","itemListElement":[{"@type":"ListItem","position":1,"name":"Home","item":"https:\/\/orthodoxia.be\/fr\/"},{"@type":"ListItem","position":2,"name":"F\u00eate des Saints Archanges Michel et Gabriel \u00e0 Ixelles"}]},{"@type":"WebSite","@id":"https:\/\/orthodoxia.be\/#website","url":"https:\/\/orthodoxia.be\/","name":"Orthodox Archdiocese of Belgium (Benelux)","description":"Exarque des Pays-Bas et du Luxembourg","publisher":{"@id":"https:\/\/orthodoxia.be\/#organization"},"alternateName":"IMB","potentialAction":[{"@type":"SearchAction","target":{"@type":"EntryPoint","urlTemplate":"https:\/\/orthodoxia.be\/?s={search_term_string}"},"query-input":{"@type":"PropertyValueSpecification","valueRequired":true,"valueName":"search_term_string"}}],"inLanguage":"fr-BE"},{"@type":"Organization","@id":"https:\/\/orthodoxia.be\/#organization","name":"Orthodox Archdiocese of Belgium (Benelux)","url":"https:\/\/orthodoxia.be\/","logo":{"@type":"ImageObject","inLanguage":"fr-BE","@id":"https:\/\/orthodoxia.be\/#\/schema\/logo\/image\/","url":"https:\/\/orthodoxia.be\/wp-content\/uploads\/2024\/02\/cropped-IMB-logo-512-cl-1.png","contentUrl":"https:\/\/orthodoxia.be\/wp-content\/uploads\/2024\/02\/cropped-IMB-logo-512-cl-1.png","width":512,"height":512,"caption":"Orthodox Archdiocese of Belgium (Benelux)"},"image":{"@id":"https:\/\/orthodoxia.be\/#\/schema\/logo\/image\/"},"sameAs":["https:\/\/www.facebook.com\/orthobel","https:\/\/x.com\/orthobel","https:\/\/www.youtube.com\/c\/orthobel","https:\/\/www.mixcloud.com\/orthobel\/","https:\/\/www.flickr.com\/photos\/148264890@N07\/albums","https:\/\/www.dailymotion.com\/Orthobel"]},{"@type":"Person","@id":"https:\/\/orthodoxia.be\/#\/schema\/person\/36bdc09a0ba8f97671645b7e9d8533ee","name":"Georgios Tzatzanis","image":{"@type":"ImageObject","inLanguage":"fr-BE","@id":"https:\/\/orthodoxia.be\/#\/schema\/person\/image\/","url":"https:\/\/secure.gravatar.com\/avatar\/5e2d1c8037dfa80360af6aee99548eff?s=96&d=mm&r=g","contentUrl":"https:\/\/secure.gravatar.com\/avatar\/5e2d1c8037dfa80360af6aee99548eff?s=96&d=mm&r=g","caption":"Georgios Tzatzanis"},"sameAs":["http:\/\/orthodoxia.be"],"url":"https:\/\/orthodoxia.be\/fr\/author\/tzatzanis\/"}]}},"_links":{"self":[{"href":"https:\/\/orthodoxia.be\/fr\/wp-json\/wp\/v2\/posts\/20682","targetHints":{"allow":["GET"]}}],"collection":[{"href":"https:\/\/orthodoxia.be\/fr\/wp-json\/wp\/v2\/posts"}],"about":[{"href":"https:\/\/orthodoxia.be\/fr\/wp-json\/wp\/v2\/types\/post"}],"author":[{"embeddable":true,"href":"https:\/\/orthodoxia.be\/fr\/wp-json\/wp\/v2\/users\/2"}],"replies":[{"embeddable":true,"href":"https:\/\/orthodoxia.be\/fr\/wp-json\/wp\/v2\/comments?post=20682"}],"version-history":[{"count":1,"href":"https:\/\/orthodoxia.be\/fr\/wp-json\/wp\/v2\/posts\/20682\/revisions"}],"predecessor-version":[{"id":20683,"href":"https:\/\/orthodoxia.be\/fr\/wp-json\/wp\/v2\/posts\/20682\/revisions\/20683"}],"wp:featuredmedia":[{"embeddable":true,"href":"https:\/\/orthodoxia.be\/fr\/wp-json\/wp\/v2\/media\/20664"}],"wp:attachment":[{"href":"https:\/\/orthodoxia.be\/fr\/wp-json\/wp\/v2\/media?parent=20682"}],"wp:term":[{"taxonomy":"category","embeddable":true,"href":"https:\/\/orthodoxia.be\/fr\/wp-json\/wp\/v2\/categories?post=20682"},{"taxonomy":"post_tag","embeddable":true,"href":"https:\/\/orthodoxia.be\/fr\/wp-json\/wp\/v2\/tags?post=20682"}],"curies":[{"name":"wp","href":"https:\/\/api.w.org\/{rel}","templated":true}]}}