{"id":21527,"date":"2020-01-21T15:00:19","date_gmt":"2020-01-21T14:00:19","guid":{"rendered":"http:\/\/orthodoxia.be\/?p=21527"},"modified":"2020-01-24T10:47:40","modified_gmt":"2020-01-24T09:47:40","slug":"la-responsable-du-bureau-du-premier-ministre-grec-a-thessalonique-et-le-gouverneur-de-macedoine-occidentale-chez-le-metropolite-athenagoras-de-belgique","status":"publish","type":"post","link":"https:\/\/orthodoxia.be\/fr\/2020\/01\/21\/la-responsable-du-bureau-du-premier-ministre-grec-a-thessalonique-et-le-gouverneur-de-macedoine-occidentale-chez-le-metropolite-athenagoras-de-belgique\/","title":{"rendered":"La Responsable du Bureau du Premier Ministre grec \u00e0 Thessalonique et le Gouverneur de Mac\u00e9doine Occidentale chez le M\u00e9tropolite Ath\u00e9nagoras de Belgique"},"content":{"rendered":"<p style=\"text-align: justify;\">Son \u00c9minence le M\u00e9tropolite Ath\u00e9nagoras de Belgique et Exarque des Pays-Bas et du Luxembourg a re\u00e7u le 21 janvier 2020 au si\u00e8ge de l\u2019Archev\u00each\u00e9 de Bruxelles Mme Maria Antoniou, responsable du Bureau du Premier Ministre de Gr\u00e8ce \u00e0 Thessalonique et Monsieur Georges Kasapidis, Gouverneur de Mac\u00e9doine Occidentale, accompagn\u00e9s d\u2019une d\u00e9l\u00e9gation d\u2019acteurs du monde entrepreneurial.<\/p>\n<p style=\"text-align: justify;\">La rencontre s\u2019est d\u00e9roul\u00e9e dans une atmosph\u00e8re cordiale, Son Eminence retra\u00e7ant l\u2019histoire de l\u2019Archev\u00each\u00e9, la pr\u00e9sence de l\u2019Eglise Orthodoxe dans le Benelux et les activit\u00e9s actuelles de l\u2019Archev\u00each\u00e9, tandis que Mme Antoniou se r\u00e9f\u00e9rait \u00e0 l\u2019objet de leurs pr\u00e9sences \u00e0 Bruxelles.<\/p>\n<p style=\"text-align: justify;\">Son \u00c9minence exprima ses remerciements pour la visite au si\u00e8ge de l\u2019Archev\u00each\u00e9, souhaitant aux personnalit\u00e9s et \u00e0 chacun des membres de la d\u00e9l\u00e9gation une Ann\u00e9e Nouvelle b\u00e9nie et beaucoup de succ\u00e8s dans leurs entreprises.<\/p>\n<p style=\"text-align: justify;\">[FAGP id=21521]<\/p>\n","protected":false},"excerpt":{"rendered":"<p>Son \u00c9minence le M\u00e9tropolite Ath\u00e9nagoras de Belgique et Exarque des Pays-Bas et du Luxembourg a re\u00e7u le 21 janvier 2020 au si\u00e8ge de l\u2019Archev\u00each\u00e9 de Bruxelles Mme Maria Antoniou, responsable du Bureau du Premier Ministre de Gr\u00e8ce \u00e0 Thessalonique et Monsieur Georges Kasapidis, Gouverneur de Mac\u00e9doine Occidentale, accompagn\u00e9s d\u2019une d\u00e9l\u00e9gation d\u2019acteurs du monde entrepreneurial. La &hellip; <a href=\"https:\/\/orthodoxia.be\/fr\/2020\/01\/21\/la-responsable-du-bureau-du-premier-ministre-grec-a-thessalonique-et-le-gouverneur-de-macedoine-occidentale-chez-le-metropolite-athenagoras-de-belgique\/\">Continued<\/a><\/p>\n","protected":false},"author":10,"featured_media":21503,"comment_status":"closed","ping_status":"open","sticky":false,"template":"","format":"standard","meta":{"_acf_changed":false,"footnotes":""},"categories":[14],"tags":[],"class_list":["post-21527","post","type-post","status-publish","format-standard","has-post-thumbnail","hentry","category-actualite"],"acf":[],"yoast_head":"<!-- This site is optimized with the Yoast SEO plugin v24.3 - https:\/\/yoast.com\/wordpress\/plugins\/seo\/ -->\n<title>La Responsable du Bureau du Premier Ministre grec \u00e0 Thessalonique et le Gouverneur de Mac\u00e9doine Occidentale chez le M\u00e9tropolite Ath\u00e9nagoras de Belgique - Archev\u00each\u00e9 Orthodoxe de Belgique<\/title>\n<meta name=\"robots\" content=\"index, follow, max-snippet:-1, max-image-preview:large, max-video-preview:-1\" \/>\n<link rel=\"canonical\" href=\"https:\/\/orthodoxia.be\/2020\/01\/21\/\u03b7-\u03b5\u03c0\u03b9\u03ba\u03b5\u03c6\u03b1\u03bb\u03ae\u03c2-\u03c4\u03bf\u03c5-\u03b3\u03c1\u03b1\u03c6\u03b5\u03af\u03bf\u03c5-\u03c4\u03bf\u03c5-\u03c0\u03c1\u03c9\u03b8\u03c5\u03c0\u03bf\/\" \/>\n<meta property=\"og:locale\" content=\"fr_FR\" \/>\n<meta property=\"og:type\" content=\"article\" \/>\n<meta property=\"og:title\" content=\"La Responsable du Bureau du Premier Ministre grec \u00e0 Thessalonique et le Gouverneur de Mac\u00e9doine Occidentale chez le M\u00e9tropolite Ath\u00e9nagoras de Belgique - Archev\u00each\u00e9 Orthodoxe de Belgique\" \/>\n<meta property=\"og:description\" content=\"Son \u00c9minence le M\u00e9tropolite Ath\u00e9nagoras de Belgique et Exarque des Pays-Bas et du Luxembourg a re\u00e7u le 21 janvier 2020 au si\u00e8ge de l\u2019Archev\u00each\u00e9 de Bruxelles Mme Maria Antoniou, responsable du Bureau du Premier Ministre de Gr\u00e8ce \u00e0 Thessalonique et Monsieur Georges Kasapidis, Gouverneur de Mac\u00e9doine Occidentale, accompagn\u00e9s d\u2019une d\u00e9l\u00e9gation d\u2019acteurs du monde entrepreneurial. La &hellip; Continued\" \/>\n<meta property=\"og:url\" content=\"https:\/\/orthodoxia.be\/2020\/01\/21\/\u03b7-\u03b5\u03c0\u03b9\u03ba\u03b5\u03c6\u03b1\u03bb\u03ae\u03c2-\u03c4\u03bf\u03c5-\u03b3\u03c1\u03b1\u03c6\u03b5\u03af\u03bf\u03c5-\u03c4\u03bf\u03c5-\u03c0\u03c1\u03c9\u03b8\u03c5\u03c0\u03bf\/\" \/>\n<meta property=\"og:site_name\" content=\"Archev\u00each\u00e9 Orthodoxe de Belgique\" \/>\n<meta property=\"article:publisher\" content=\"https:\/\/www.facebook.com\/orthobel\" \/>\n<meta property=\"article:published_time\" content=\"2020-01-21T14:00:19+00:00\" \/>\n<meta property=\"article:modified_time\" content=\"2020-01-24T09:47:40+00:00\" \/>\n<meta property=\"og:image\" content=\"https:\/\/orthodoxia.be\/wp-content\/uploads\/2020\/01\/PHOTO-2020-01-21-18-29-54-2.jpg\" \/>\n\t<meta property=\"og:image:width\" content=\"1023\" \/>\n\t<meta property=\"og:image:height\" content=\"767\" \/>\n\t<meta property=\"og:image:type\" content=\"image\/jpeg\" \/>\n<meta name=\"author\" content=\"fr. Emilianos Chatzivasileiou\" \/>\n<meta name=\"twitter:card\" content=\"summary_large_image\" \/>\n<meta name=\"twitter:creator\" content=\"@orthobel\" \/>\n<meta name=\"twitter:site\" content=\"@orthobel\" \/>\n<meta name=\"twitter:label1\" content=\"\u00c9crit par\" \/>\n\t<meta name=\"twitter:data1\" content=\"fr. Emilianos Chatzivasileiou\" \/>\n\t<meta name=\"twitter:label2\" content=\"Dur\u00e9e de lecture est.\" \/>\n\t<meta name=\"twitter:data2\" content=\"1 minute\" \/>\n<script type=\"application\/ld+json\" class=\"yoast-schema-graph\">{\"@context\":\"https:\/\/schema.org\",\"@graph\":[{\"@type\":\"Article\",\"@id\":\"https:\/\/orthodoxia.be\/2020\/01\/21\/%ce%b7-%ce%b5%cf%80%ce%b9%ce%ba%ce%b5%cf%86%ce%b1%ce%bb%ce%ae%cf%82-%cf%84%ce%bf%cf%85-%ce%b3%cf%81%ce%b1%cf%86%ce%b5%ce%af%ce%bf%cf%85-%cf%84%ce%bf%cf%85-%cf%80%cf%81%cf%89%ce%b8%cf%85%cf%80%ce%bf\/#article\",\"isPartOf\":{\"@id\":\"https:\/\/orthodoxia.be\/2020\/01\/21\/%ce%b7-%ce%b5%cf%80%ce%b9%ce%ba%ce%b5%cf%86%ce%b1%ce%bb%ce%ae%cf%82-%cf%84%ce%bf%cf%85-%ce%b3%cf%81%ce%b1%cf%86%ce%b5%ce%af%ce%bf%cf%85-%cf%84%ce%bf%cf%85-%cf%80%cf%81%cf%89%ce%b8%cf%85%cf%80%ce%bf\/\"},\"author\":{\"name\":\"fr. Emilianos Chatzivasileiou\",\"@id\":\"https:\/\/orthodoxia.be\/#\/schema\/person\/f6c4fd8f4c3dfc201522ccccede872c4\"},\"headline\":\"La Responsable du Bureau du Premier Ministre grec \u00e0 Thessalonique et le Gouverneur de Mac\u00e9doine Occidentale chez le M\u00e9tropolite Ath\u00e9nagoras de Belgique\",\"datePublished\":\"2020-01-21T14:00:19+00:00\",\"dateModified\":\"2020-01-24T09:47:40+00:00\",\"mainEntityOfPage\":{\"@id\":\"https:\/\/orthodoxia.be\/2020\/01\/21\/%ce%b7-%ce%b5%cf%80%ce%b9%ce%ba%ce%b5%cf%86%ce%b1%ce%bb%ce%ae%cf%82-%cf%84%ce%bf%cf%85-%ce%b3%cf%81%ce%b1%cf%86%ce%b5%ce%af%ce%bf%cf%85-%cf%84%ce%bf%cf%85-%cf%80%cf%81%cf%89%ce%b8%cf%85%cf%80%ce%bf\/\"},\"wordCount\":188,\"publisher\":{\"@id\":\"https:\/\/orthodoxia.be\/#organization\"},\"image\":{\"@id\":\"https:\/\/orthodoxia.be\/2020\/01\/21\/%ce%b7-%ce%b5%cf%80%ce%b9%ce%ba%ce%b5%cf%86%ce%b1%ce%bb%ce%ae%cf%82-%cf%84%ce%bf%cf%85-%ce%b3%cf%81%ce%b1%cf%86%ce%b5%ce%af%ce%bf%cf%85-%cf%84%ce%bf%cf%85-%cf%80%cf%81%cf%89%ce%b8%cf%85%cf%80%ce%bf\/#primaryimage\"},\"thumbnailUrl\":\"https:\/\/orthodoxia.be\/wp-content\/uploads\/2020\/01\/PHOTO-2020-01-21-18-29-54-2.jpg\",\"articleSection\":[\"Actualit\u00e9\"],\"inLanguage\":\"fr-BE\"},{\"@type\":\"WebPage\",\"@id\":\"https:\/\/orthodoxia.be\/2020\/01\/21\/%ce%b7-%ce%b5%cf%80%ce%b9%ce%ba%ce%b5%cf%86%ce%b1%ce%bb%ce%ae%cf%82-%cf%84%ce%bf%cf%85-%ce%b3%cf%81%ce%b1%cf%86%ce%b5%ce%af%ce%bf%cf%85-%cf%84%ce%bf%cf%85-%cf%80%cf%81%cf%89%ce%b8%cf%85%cf%80%ce%bf\/\",\"url\":\"https:\/\/orthodoxia.be\/2020\/01\/21\/%ce%b7-%ce%b5%cf%80%ce%b9%ce%ba%ce%b5%cf%86%ce%b1%ce%bb%ce%ae%cf%82-%cf%84%ce%bf%cf%85-%ce%b3%cf%81%ce%b1%cf%86%ce%b5%ce%af%ce%bf%cf%85-%cf%84%ce%bf%cf%85-%cf%80%cf%81%cf%89%ce%b8%cf%85%cf%80%ce%bf\/\",\"name\":\"La Responsable du Bureau du Premier Ministre grec \u00e0 Thessalonique et le Gouverneur de Mac\u00e9doine Occidentale chez le M\u00e9tropolite Ath\u00e9nagoras de Belgique - Archev\u00each\u00e9 Orthodoxe de Belgique\",\"isPartOf\":{\"@id\":\"https:\/\/orthodoxia.be\/#website\"},\"primaryImageOfPage\":{\"@id\":\"https:\/\/orthodoxia.be\/2020\/01\/21\/%ce%b7-%ce%b5%cf%80%ce%b9%ce%ba%ce%b5%cf%86%ce%b1%ce%bb%ce%ae%cf%82-%cf%84%ce%bf%cf%85-%ce%b3%cf%81%ce%b1%cf%86%ce%b5%ce%af%ce%bf%cf%85-%cf%84%ce%bf%cf%85-%cf%80%cf%81%cf%89%ce%b8%cf%85%cf%80%ce%bf\/#primaryimage\"},\"image\":{\"@id\":\"https:\/\/orthodoxia.be\/2020\/01\/21\/%ce%b7-%ce%b5%cf%80%ce%b9%ce%ba%ce%b5%cf%86%ce%b1%ce%bb%ce%ae%cf%82-%cf%84%ce%bf%cf%85-%ce%b3%cf%81%ce%b1%cf%86%ce%b5%ce%af%ce%bf%cf%85-%cf%84%ce%bf%cf%85-%cf%80%cf%81%cf%89%ce%b8%cf%85%cf%80%ce%bf\/#primaryimage\"},\"thumbnailUrl\":\"https:\/\/orthodoxia.be\/wp-content\/uploads\/2020\/01\/PHOTO-2020-01-21-18-29-54-2.jpg\",\"datePublished\":\"2020-01-21T14:00:19+00:00\",\"dateModified\":\"2020-01-24T09:47:40+00:00\",\"breadcrumb\":{\"@id\":\"https:\/\/orthodoxia.be\/2020\/01\/21\/%ce%b7-%ce%b5%cf%80%ce%b9%ce%ba%ce%b5%cf%86%ce%b1%ce%bb%ce%ae%cf%82-%cf%84%ce%bf%cf%85-%ce%b3%cf%81%ce%b1%cf%86%ce%b5%ce%af%ce%bf%cf%85-%cf%84%ce%bf%cf%85-%cf%80%cf%81%cf%89%ce%b8%cf%85%cf%80%ce%bf\/#breadcrumb\"},\"inLanguage\":\"fr-BE\",\"potentialAction\":[{\"@type\":\"ReadAction\",\"target\":[\"https:\/\/orthodoxia.be\/2020\/01\/21\/%ce%b7-%ce%b5%cf%80%ce%b9%ce%ba%ce%b5%cf%86%ce%b1%ce%bb%ce%ae%cf%82-%cf%84%ce%bf%cf%85-%ce%b3%cf%81%ce%b1%cf%86%ce%b5%ce%af%ce%bf%cf%85-%cf%84%ce%bf%cf%85-%cf%80%cf%81%cf%89%ce%b8%cf%85%cf%80%ce%bf\/\"]}]},{\"@type\":\"ImageObject\",\"inLanguage\":\"fr-BE\",\"@id\":\"https:\/\/orthodoxia.be\/2020\/01\/21\/%ce%b7-%ce%b5%cf%80%ce%b9%ce%ba%ce%b5%cf%86%ce%b1%ce%bb%ce%ae%cf%82-%cf%84%ce%bf%cf%85-%ce%b3%cf%81%ce%b1%cf%86%ce%b5%ce%af%ce%bf%cf%85-%cf%84%ce%bf%cf%85-%cf%80%cf%81%cf%89%ce%b8%cf%85%cf%80%ce%bf\/#primaryimage\",\"url\":\"https:\/\/orthodoxia.be\/wp-content\/uploads\/2020\/01\/PHOTO-2020-01-21-18-29-54-2.jpg\",\"contentUrl\":\"https:\/\/orthodoxia.be\/wp-content\/uploads\/2020\/01\/PHOTO-2020-01-21-18-29-54-2.jpg\",\"width\":1023,\"height\":767},{\"@type\":\"BreadcrumbList\",\"@id\":\"https:\/\/orthodoxia.be\/2020\/01\/21\/%ce%b7-%ce%b5%cf%80%ce%b9%ce%ba%ce%b5%cf%86%ce%b1%ce%bb%ce%ae%cf%82-%cf%84%ce%bf%cf%85-%ce%b3%cf%81%ce%b1%cf%86%ce%b5%ce%af%ce%bf%cf%85-%cf%84%ce%bf%cf%85-%cf%80%cf%81%cf%89%ce%b8%cf%85%cf%80%ce%bf\/#breadcrumb\",\"itemListElement\":[{\"@type\":\"ListItem\",\"position\":1,\"name\":\"Home\",\"item\":\"https:\/\/orthodoxia.be\/fr\/\"},{\"@type\":\"ListItem\",\"position\":2,\"name\":\"La Responsable du Bureau du Premier Ministre grec \u00e0 Thessalonique et le Gouverneur de Mac\u00e9doine Occidentale chez le M\u00e9tropolite Ath\u00e9nagoras de Belgique\"}]},{\"@type\":\"WebSite\",\"@id\":\"https:\/\/orthodoxia.be\/#website\",\"url\":\"https:\/\/orthodoxia.be\/\",\"name\":\"Orthodox Archdiocese of Belgium (Benelux)\",\"description\":\"Exarque des Pays-Bas et du Luxembourg\",\"publisher\":{\"@id\":\"https:\/\/orthodoxia.be\/#organization\"},\"alternateName\":\"IMB\",\"potentialAction\":[{\"@type\":\"SearchAction\",\"target\":{\"@type\":\"EntryPoint\",\"urlTemplate\":\"https:\/\/orthodoxia.be\/?s={search_term_string}\"},\"query-input\":{\"@type\":\"PropertyValueSpecification\",\"valueRequired\":true,\"valueName\":\"search_term_string\"}}],\"inLanguage\":\"fr-BE\"},{\"@type\":\"Organization\",\"@id\":\"https:\/\/orthodoxia.be\/#organization\",\"name\":\"Orthodox Archdiocese of Belgium (Benelux)\",\"url\":\"https:\/\/orthodoxia.be\/\",\"logo\":{\"@type\":\"ImageObject\",\"inLanguage\":\"fr-BE\",\"@id\":\"https:\/\/orthodoxia.be\/#\/schema\/logo\/image\/\",\"url\":\"https:\/\/orthodoxia.be\/wp-content\/uploads\/2024\/02\/cropped-IMB-logo-512-cl-1.png\",\"contentUrl\":\"https:\/\/orthodoxia.be\/wp-content\/uploads\/2024\/02\/cropped-IMB-logo-512-cl-1.png\",\"width\":512,\"height\":512,\"caption\":\"Orthodox Archdiocese of Belgium (Benelux)\"},\"image\":{\"@id\":\"https:\/\/orthodoxia.be\/#\/schema\/logo\/image\/\"},\"sameAs\":[\"https:\/\/www.facebook.com\/orthobel\",\"https:\/\/x.com\/orthobel\",\"https:\/\/www.youtube.com\/c\/orthobel\",\"https:\/\/www.mixcloud.com\/orthobel\/\",\"https:\/\/www.flickr.com\/photos\/148264890@N07\/albums\",\"https:\/\/www.dailymotion.com\/Orthobel\"]},{\"@type\":\"Person\",\"@id\":\"https:\/\/orthodoxia.be\/#\/schema\/person\/f6c4fd8f4c3dfc201522ccccede872c4\",\"name\":\"fr. Emilianos Chatzivasileiou\",\"image\":{\"@type\":\"ImageObject\",\"inLanguage\":\"fr-BE\",\"@id\":\"https:\/\/orthodoxia.be\/#\/schema\/person\/image\/\",\"url\":\"https:\/\/secure.gravatar.com\/avatar\/5b67115dbb9ae1579c39e9ae857d39ac?s=96&d=mm&r=g\",\"contentUrl\":\"https:\/\/secure.gravatar.com\/avatar\/5b67115dbb9ae1579c39e9ae857d39ac?s=96&d=mm&r=g\",\"caption\":\"fr. Emilianos Chatzivasileiou\"},\"sameAs\":[\"http:\/\/orthodoxia.be\"],\"url\":\"https:\/\/orthodoxia.be\/fr\/author\/p-emilianos\/\"}]}<\/script>\n<!-- \/ Yoast SEO plugin. -->","yoast_head_json":{"title":"La Responsable du Bureau du Premier Ministre grec \u00e0 Thessalonique et le Gouverneur de Mac\u00e9doine Occidentale chez le M\u00e9tropolite Ath\u00e9nagoras de Belgique - Archev\u00each\u00e9 Orthodoxe de Belgique","robots":{"index":"index","follow":"follow","max-snippet":"max-snippet:-1","max-image-preview":"max-image-preview:large","max-video-preview":"max-video-preview:-1"},"canonical":"https:\/\/orthodoxia.be\/2020\/01\/21\/\u03b7-\u03b5\u03c0\u03b9\u03ba\u03b5\u03c6\u03b1\u03bb\u03ae\u03c2-\u03c4\u03bf\u03c5-\u03b3\u03c1\u03b1\u03c6\u03b5\u03af\u03bf\u03c5-\u03c4\u03bf\u03c5-\u03c0\u03c1\u03c9\u03b8\u03c5\u03c0\u03bf\/","og_locale":"fr_FR","og_type":"article","og_title":"La Responsable du Bureau du Premier Ministre grec \u00e0 Thessalonique et le Gouverneur de Mac\u00e9doine Occidentale chez le M\u00e9tropolite Ath\u00e9nagoras de Belgique - Archev\u00each\u00e9 Orthodoxe de Belgique","og_description":"Son \u00c9minence le M\u00e9tropolite Ath\u00e9nagoras de Belgique et Exarque des Pays-Bas et du Luxembourg a re\u00e7u le 21 janvier 2020 au si\u00e8ge de l\u2019Archev\u00each\u00e9 de Bruxelles Mme Maria Antoniou, responsable du Bureau du Premier Ministre de Gr\u00e8ce \u00e0 Thessalonique et Monsieur Georges Kasapidis, Gouverneur de Mac\u00e9doine Occidentale, accompagn\u00e9s d\u2019une d\u00e9l\u00e9gation d\u2019acteurs du monde entrepreneurial. La &hellip; Continued","og_url":"https:\/\/orthodoxia.be\/2020\/01\/21\/\u03b7-\u03b5\u03c0\u03b9\u03ba\u03b5\u03c6\u03b1\u03bb\u03ae\u03c2-\u03c4\u03bf\u03c5-\u03b3\u03c1\u03b1\u03c6\u03b5\u03af\u03bf\u03c5-\u03c4\u03bf\u03c5-\u03c0\u03c1\u03c9\u03b8\u03c5\u03c0\u03bf\/","og_site_name":"Archev\u00each\u00e9 Orthodoxe de Belgique","article_publisher":"https:\/\/www.facebook.com\/orthobel","article_published_time":"2020-01-21T14:00:19+00:00","article_modified_time":"2020-01-24T09:47:40+00:00","og_image":[{"width":1023,"height":767,"url":"https:\/\/orthodoxia.be\/wp-content\/uploads\/2020\/01\/PHOTO-2020-01-21-18-29-54-2.jpg","type":"image\/jpeg"}],"author":"fr. Emilianos Chatzivasileiou","twitter_card":"summary_large_image","twitter_creator":"@orthobel","twitter_site":"@orthobel","twitter_misc":{"\u00c9crit par":"fr. Emilianos Chatzivasileiou","Dur\u00e9e de lecture est.":"1 minute"},"schema":{"@context":"https:\/\/schema.org","@graph":[{"@type":"Article","@id":"https:\/\/orthodoxia.be\/2020\/01\/21\/%ce%b7-%ce%b5%cf%80%ce%b9%ce%ba%ce%b5%cf%86%ce%b1%ce%bb%ce%ae%cf%82-%cf%84%ce%bf%cf%85-%ce%b3%cf%81%ce%b1%cf%86%ce%b5%ce%af%ce%bf%cf%85-%cf%84%ce%bf%cf%85-%cf%80%cf%81%cf%89%ce%b8%cf%85%cf%80%ce%bf\/#article","isPartOf":{"@id":"https:\/\/orthodoxia.be\/2020\/01\/21\/%ce%b7-%ce%b5%cf%80%ce%b9%ce%ba%ce%b5%cf%86%ce%b1%ce%bb%ce%ae%cf%82-%cf%84%ce%bf%cf%85-%ce%b3%cf%81%ce%b1%cf%86%ce%b5%ce%af%ce%bf%cf%85-%cf%84%ce%bf%cf%85-%cf%80%cf%81%cf%89%ce%b8%cf%85%cf%80%ce%bf\/"},"author":{"name":"fr. Emilianos Chatzivasileiou","@id":"https:\/\/orthodoxia.be\/#\/schema\/person\/f6c4fd8f4c3dfc201522ccccede872c4"},"headline":"La Responsable du Bureau du Premier Ministre grec \u00e0 Thessalonique et le Gouverneur de Mac\u00e9doine Occidentale chez le M\u00e9tropolite Ath\u00e9nagoras de Belgique","datePublished":"2020-01-21T14:00:19+00:00","dateModified":"2020-01-24T09:47:40+00:00","mainEntityOfPage":{"@id":"https:\/\/orthodoxia.be\/2020\/01\/21\/%ce%b7-%ce%b5%cf%80%ce%b9%ce%ba%ce%b5%cf%86%ce%b1%ce%bb%ce%ae%cf%82-%cf%84%ce%bf%cf%85-%ce%b3%cf%81%ce%b1%cf%86%ce%b5%ce%af%ce%bf%cf%85-%cf%84%ce%bf%cf%85-%cf%80%cf%81%cf%89%ce%b8%cf%85%cf%80%ce%bf\/"},"wordCount":188,"publisher":{"@id":"https:\/\/orthodoxia.be\/#organization"},"image":{"@id":"https:\/\/orthodoxia.be\/2020\/01\/21\/%ce%b7-%ce%b5%cf%80%ce%b9%ce%ba%ce%b5%cf%86%ce%b1%ce%bb%ce%ae%cf%82-%cf%84%ce%bf%cf%85-%ce%b3%cf%81%ce%b1%cf%86%ce%b5%ce%af%ce%bf%cf%85-%cf%84%ce%bf%cf%85-%cf%80%cf%81%cf%89%ce%b8%cf%85%cf%80%ce%bf\/#primaryimage"},"thumbnailUrl":"https:\/\/orthodoxia.be\/wp-content\/uploads\/2020\/01\/PHOTO-2020-01-21-18-29-54-2.jpg","articleSection":["Actualit\u00e9"],"inLanguage":"fr-BE"},{"@type":"WebPage","@id":"https:\/\/orthodoxia.be\/2020\/01\/21\/%ce%b7-%ce%b5%cf%80%ce%b9%ce%ba%ce%b5%cf%86%ce%b1%ce%bb%ce%ae%cf%82-%cf%84%ce%bf%cf%85-%ce%b3%cf%81%ce%b1%cf%86%ce%b5%ce%af%ce%bf%cf%85-%cf%84%ce%bf%cf%85-%cf%80%cf%81%cf%89%ce%b8%cf%85%cf%80%ce%bf\/","url":"https:\/\/orthodoxia.be\/2020\/01\/21\/%ce%b7-%ce%b5%cf%80%ce%b9%ce%ba%ce%b5%cf%86%ce%b1%ce%bb%ce%ae%cf%82-%cf%84%ce%bf%cf%85-%ce%b3%cf%81%ce%b1%cf%86%ce%b5%ce%af%ce%bf%cf%85-%cf%84%ce%bf%cf%85-%cf%80%cf%81%cf%89%ce%b8%cf%85%cf%80%ce%bf\/","name":"La Responsable du Bureau du Premier Ministre grec \u00e0 Thessalonique et le Gouverneur de Mac\u00e9doine Occidentale chez le M\u00e9tropolite Ath\u00e9nagoras de Belgique - Archev\u00each\u00e9 Orthodoxe de Belgique","isPartOf":{"@id":"https:\/\/orthodoxia.be\/#website"},"primaryImageOfPage":{"@id":"https:\/\/orthodoxia.be\/2020\/01\/21\/%ce%b7-%ce%b5%cf%80%ce%b9%ce%ba%ce%b5%cf%86%ce%b1%ce%bb%ce%ae%cf%82-%cf%84%ce%bf%cf%85-%ce%b3%cf%81%ce%b1%cf%86%ce%b5%ce%af%ce%bf%cf%85-%cf%84%ce%bf%cf%85-%cf%80%cf%81%cf%89%ce%b8%cf%85%cf%80%ce%bf\/#primaryimage"},"image":{"@id":"https:\/\/orthodoxia.be\/2020\/01\/21\/%ce%b7-%ce%b5%cf%80%ce%b9%ce%ba%ce%b5%cf%86%ce%b1%ce%bb%ce%ae%cf%82-%cf%84%ce%bf%cf%85-%ce%b3%cf%81%ce%b1%cf%86%ce%b5%ce%af%ce%bf%cf%85-%cf%84%ce%bf%cf%85-%cf%80%cf%81%cf%89%ce%b8%cf%85%cf%80%ce%bf\/#primaryimage"},"thumbnailUrl":"https:\/\/orthodoxia.be\/wp-content\/uploads\/2020\/01\/PHOTO-2020-01-21-18-29-54-2.jpg","datePublished":"2020-01-21T14:00:19+00:00","dateModified":"2020-01-24T09:47:40+00:00","breadcrumb":{"@id":"https:\/\/orthodoxia.be\/2020\/01\/21\/%ce%b7-%ce%b5%cf%80%ce%b9%ce%ba%ce%b5%cf%86%ce%b1%ce%bb%ce%ae%cf%82-%cf%84%ce%bf%cf%85-%ce%b3%cf%81%ce%b1%cf%86%ce%b5%ce%af%ce%bf%cf%85-%cf%84%ce%bf%cf%85-%cf%80%cf%81%cf%89%ce%b8%cf%85%cf%80%ce%bf\/#breadcrumb"},"inLanguage":"fr-BE","potentialAction":[{"@type":"ReadAction","target":["https:\/\/orthodoxia.be\/2020\/01\/21\/%ce%b7-%ce%b5%cf%80%ce%b9%ce%ba%ce%b5%cf%86%ce%b1%ce%bb%ce%ae%cf%82-%cf%84%ce%bf%cf%85-%ce%b3%cf%81%ce%b1%cf%86%ce%b5%ce%af%ce%bf%cf%85-%cf%84%ce%bf%cf%85-%cf%80%cf%81%cf%89%ce%b8%cf%85%cf%80%ce%bf\/"]}]},{"@type":"ImageObject","inLanguage":"fr-BE","@id":"https:\/\/orthodoxia.be\/2020\/01\/21\/%ce%b7-%ce%b5%cf%80%ce%b9%ce%ba%ce%b5%cf%86%ce%b1%ce%bb%ce%ae%cf%82-%cf%84%ce%bf%cf%85-%ce%b3%cf%81%ce%b1%cf%86%ce%b5%ce%af%ce%bf%cf%85-%cf%84%ce%bf%cf%85-%cf%80%cf%81%cf%89%ce%b8%cf%85%cf%80%ce%bf\/#primaryimage","url":"https:\/\/orthodoxia.be\/wp-content\/uploads\/2020\/01\/PHOTO-2020-01-21-18-29-54-2.jpg","contentUrl":"https:\/\/orthodoxia.be\/wp-content\/uploads\/2020\/01\/PHOTO-2020-01-21-18-29-54-2.jpg","width":1023,"height":767},{"@type":"BreadcrumbList","@id":"https:\/\/orthodoxia.be\/2020\/01\/21\/%ce%b7-%ce%b5%cf%80%ce%b9%ce%ba%ce%b5%cf%86%ce%b1%ce%bb%ce%ae%cf%82-%cf%84%ce%bf%cf%85-%ce%b3%cf%81%ce%b1%cf%86%ce%b5%ce%af%ce%bf%cf%85-%cf%84%ce%bf%cf%85-%cf%80%cf%81%cf%89%ce%b8%cf%85%cf%80%ce%bf\/#breadcrumb","itemListElement":[{"@type":"ListItem","position":1,"name":"Home","item":"https:\/\/orthodoxia.be\/fr\/"},{"@type":"ListItem","position":2,"name":"La Responsable du Bureau du Premier Ministre grec \u00e0 Thessalonique et le Gouverneur de Mac\u00e9doine Occidentale chez le M\u00e9tropolite Ath\u00e9nagoras de Belgique"}]},{"@type":"WebSite","@id":"https:\/\/orthodoxia.be\/#website","url":"https:\/\/orthodoxia.be\/","name":"Orthodox Archdiocese of Belgium (Benelux)","description":"Exarque des Pays-Bas et du Luxembourg","publisher":{"@id":"https:\/\/orthodoxia.be\/#organization"},"alternateName":"IMB","potentialAction":[{"@type":"SearchAction","target":{"@type":"EntryPoint","urlTemplate":"https:\/\/orthodoxia.be\/?s={search_term_string}"},"query-input":{"@type":"PropertyValueSpecification","valueRequired":true,"valueName":"search_term_string"}}],"inLanguage":"fr-BE"},{"@type":"Organization","@id":"https:\/\/orthodoxia.be\/#organization","name":"Orthodox Archdiocese of Belgium (Benelux)","url":"https:\/\/orthodoxia.be\/","logo":{"@type":"ImageObject","inLanguage":"fr-BE","@id":"https:\/\/orthodoxia.be\/#\/schema\/logo\/image\/","url":"https:\/\/orthodoxia.be\/wp-content\/uploads\/2024\/02\/cropped-IMB-logo-512-cl-1.png","contentUrl":"https:\/\/orthodoxia.be\/wp-content\/uploads\/2024\/02\/cropped-IMB-logo-512-cl-1.png","width":512,"height":512,"caption":"Orthodox Archdiocese of Belgium (Benelux)"},"image":{"@id":"https:\/\/orthodoxia.be\/#\/schema\/logo\/image\/"},"sameAs":["https:\/\/www.facebook.com\/orthobel","https:\/\/x.com\/orthobel","https:\/\/www.youtube.com\/c\/orthobel","https:\/\/www.mixcloud.com\/orthobel\/","https:\/\/www.flickr.com\/photos\/148264890@N07\/albums","https:\/\/www.dailymotion.com\/Orthobel"]},{"@type":"Person","@id":"https:\/\/orthodoxia.be\/#\/schema\/person\/f6c4fd8f4c3dfc201522ccccede872c4","name":"fr. Emilianos Chatzivasileiou","image":{"@type":"ImageObject","inLanguage":"fr-BE","@id":"https:\/\/orthodoxia.be\/#\/schema\/person\/image\/","url":"https:\/\/secure.gravatar.com\/avatar\/5b67115dbb9ae1579c39e9ae857d39ac?s=96&d=mm&r=g","contentUrl":"https:\/\/secure.gravatar.com\/avatar\/5b67115dbb9ae1579c39e9ae857d39ac?s=96&d=mm&r=g","caption":"fr. Emilianos Chatzivasileiou"},"sameAs":["http:\/\/orthodoxia.be"],"url":"https:\/\/orthodoxia.be\/fr\/author\/p-emilianos\/"}]}},"_links":{"self":[{"href":"https:\/\/orthodoxia.be\/fr\/wp-json\/wp\/v2\/posts\/21527","targetHints":{"allow":["GET"]}}],"collection":[{"href":"https:\/\/orthodoxia.be\/fr\/wp-json\/wp\/v2\/posts"}],"about":[{"href":"https:\/\/orthodoxia.be\/fr\/wp-json\/wp\/v2\/types\/post"}],"author":[{"embeddable":true,"href":"https:\/\/orthodoxia.be\/fr\/wp-json\/wp\/v2\/users\/10"}],"replies":[{"embeddable":true,"href":"https:\/\/orthodoxia.be\/fr\/wp-json\/wp\/v2\/comments?post=21527"}],"version-history":[{"count":2,"href":"https:\/\/orthodoxia.be\/fr\/wp-json\/wp\/v2\/posts\/21527\/revisions"}],"predecessor-version":[{"id":21532,"href":"https:\/\/orthodoxia.be\/fr\/wp-json\/wp\/v2\/posts\/21527\/revisions\/21532"}],"wp:featuredmedia":[{"embeddable":true,"href":"https:\/\/orthodoxia.be\/fr\/wp-json\/wp\/v2\/media\/21503"}],"wp:attachment":[{"href":"https:\/\/orthodoxia.be\/fr\/wp-json\/wp\/v2\/media?parent=21527"}],"wp:term":[{"taxonomy":"category","embeddable":true,"href":"https:\/\/orthodoxia.be\/fr\/wp-json\/wp\/v2\/categories?post=21527"},{"taxonomy":"post_tag","embeddable":true,"href":"https:\/\/orthodoxia.be\/fr\/wp-json\/wp\/v2\/tags?post=21527"}],"curies":[{"name":"wp","href":"https:\/\/api.w.org\/{rel}","templated":true}]}}