{"id":22759,"date":"2020-03-12T10:50:40","date_gmt":"2020-03-12T09:50:40","guid":{"rendered":"http:\/\/orthodoxia.be\/?p=22759"},"modified":"2020-03-12T10:54:48","modified_gmt":"2020-03-12T09:54:48","slug":"annulation-exceptionnelle-de-la-divine-liturgie-interorthodoxe-au-grand-duche-de-luxembourg","status":"publish","type":"post","link":"https:\/\/orthodoxia.be\/fr\/2020\/03\/12\/annulation-exceptionnelle-de-la-divine-liturgie-interorthodoxe-au-grand-duche-de-luxembourg\/","title":{"rendered":"Annulation exceptionnelle de la Divine Liturgie Interorthodoxe au Grand-Duch\u00e9 de Luxembourg"},"content":{"rendered":"<p style=\"text-align: justify;\">Vu la situation inqui\u00e9tante de la propagation de la Pand\u00e9mie de Coronavirus, ayant pris en consid\u00e9ration les recommandations des autorit\u00e9s, les pr\u00e9occupations des fid\u00e8les orthodoxes du Luxembourg et par mesure de pr\u00e9caution destin\u00e9e \u00e0 r\u00e9duire le risque de contamination, Son \u00c9minence le M\u00e9tropolite de Belgique et Exarque des Pays-Bas et de Luxembourg a pris la d\u00e9cision exceptionnelle d\u2019annuler la Divine Liturgie Panorthodoxe et la r\u00e9ception pr\u00e9vues pour le dimanche 15 mars 2020 \u00e0 la Cath\u00e9drale Orthodoxe de Saint Nicolas \u00e0 Weiler-la-Tour.<\/p>\n<p style=\"text-align: justify;\">\u00c9videmment la Divine Liturgie ordinaire du dimanche sera c\u00e9l\u00e9br\u00e9e comme d\u2019habitude.<\/p>\n","protected":false},"excerpt":{"rendered":"<p>Vu la situation inqui\u00e9tante de la propagation de la Pand\u00e9mie de Coronavirus, ayant pris en consid\u00e9ration les recommandations des autorit\u00e9s, les pr\u00e9occupations des fid\u00e8les orthodoxes du Luxembourg et par mesure de pr\u00e9caution destin\u00e9e \u00e0 r\u00e9duire le risque de contamination, Son \u00c9minence le M\u00e9tropolite de Belgique et Exarque des Pays-Bas et de Luxembourg a pris la &hellip; <a href=\"https:\/\/orthodoxia.be\/fr\/2020\/03\/12\/annulation-exceptionnelle-de-la-divine-liturgie-interorthodoxe-au-grand-duche-de-luxembourg\/\">Continued<\/a><\/p>\n","protected":false},"author":10,"featured_media":14201,"comment_status":"closed","ping_status":"open","sticky":false,"template":"","format":"standard","meta":{"_acf_changed":false,"footnotes":""},"categories":[14,271,16],"tags":[],"class_list":["post-22759","post","type-post","status-publish","format-standard","has-post-thumbnail","hentry","category-actualite","category-cathedrale-saint-nicolas-a-weiler-la-tour","category-communique"],"acf":[],"yoast_head":"<!-- This site is optimized with the Yoast SEO plugin v24.3 - https:\/\/yoast.com\/wordpress\/plugins\/seo\/ -->\n<title>Annulation exceptionnelle de la Divine Liturgie Interorthodoxe au Grand-Duch\u00e9 de Luxembourg - Archev\u00each\u00e9 Orthodoxe de Belgique<\/title>\n<meta name=\"robots\" content=\"index, follow, max-snippet:-1, max-image-preview:large, max-video-preview:-1\" \/>\n<link rel=\"canonical\" href=\"https:\/\/orthodoxia.be\/fr\/2020\/03\/12\/annulation-exceptionnelle-de-la-divine-liturgie-interorthodoxe-au-grand-duche-de-luxembourg\/\" \/>\n<meta property=\"og:locale\" content=\"fr_FR\" \/>\n<meta property=\"og:type\" content=\"article\" \/>\n<meta property=\"og:title\" content=\"Annulation exceptionnelle de la Divine Liturgie Interorthodoxe au Grand-Duch\u00e9 de Luxembourg - Archev\u00each\u00e9 Orthodoxe de Belgique\" \/>\n<meta property=\"og:description\" content=\"Vu la situation inqui\u00e9tante de la propagation de la Pand\u00e9mie de Coronavirus, ayant pris en consid\u00e9ration les recommandations des autorit\u00e9s, les pr\u00e9occupations des fid\u00e8les orthodoxes du Luxembourg et par mesure de pr\u00e9caution destin\u00e9e \u00e0 r\u00e9duire le risque de contamination, Son \u00c9minence le M\u00e9tropolite de Belgique et Exarque des Pays-Bas et de Luxembourg a pris la &hellip; Continued\" \/>\n<meta property=\"og:url\" content=\"https:\/\/orthodoxia.be\/fr\/2020\/03\/12\/annulation-exceptionnelle-de-la-divine-liturgie-interorthodoxe-au-grand-duche-de-luxembourg\/\" \/>\n<meta property=\"og:site_name\" content=\"Archev\u00each\u00e9 Orthodoxe de Belgique\" \/>\n<meta property=\"article:publisher\" content=\"https:\/\/www.facebook.com\/orthobel\" \/>\n<meta property=\"article:published_time\" content=\"2020-03-12T09:50:40+00:00\" \/>\n<meta property=\"article:modified_time\" content=\"2020-03-12T09:54:48+00:00\" \/>\n<meta property=\"og:image\" content=\"https:\/\/orthodoxia.be\/wp-content\/uploads\/2018\/11\/2.jpg\" \/>\n\t<meta property=\"og:image:width\" content=\"427\" \/>\n\t<meta property=\"og:image:height\" content=\"640\" \/>\n\t<meta property=\"og:image:type\" content=\"image\/jpeg\" \/>\n<meta name=\"author\" content=\"fr. Emilianos Chatzivasileiou\" \/>\n<meta name=\"twitter:card\" content=\"summary_large_image\" \/>\n<meta name=\"twitter:creator\" content=\"@orthobel\" \/>\n<meta name=\"twitter:site\" content=\"@orthobel\" \/>\n<meta name=\"twitter:label1\" content=\"\u00c9crit par\" \/>\n\t<meta name=\"twitter:data1\" content=\"fr. Emilianos Chatzivasileiou\" \/>\n\t<meta name=\"twitter:label2\" content=\"Dur\u00e9e de lecture est.\" \/>\n\t<meta name=\"twitter:data2\" content=\"1 minute\" \/>\n<script type=\"application\/ld+json\" class=\"yoast-schema-graph\">{\"@context\":\"https:\/\/schema.org\",\"@graph\":[{\"@type\":\"Article\",\"@id\":\"https:\/\/orthodoxia.be\/fr\/2020\/03\/12\/annulation-exceptionnelle-de-la-divine-liturgie-interorthodoxe-au-grand-duche-de-luxembourg\/#article\",\"isPartOf\":{\"@id\":\"https:\/\/orthodoxia.be\/fr\/2020\/03\/12\/annulation-exceptionnelle-de-la-divine-liturgie-interorthodoxe-au-grand-duche-de-luxembourg\/\"},\"author\":{\"name\":\"fr. Emilianos Chatzivasileiou\",\"@id\":\"https:\/\/orthodoxia.be\/#\/schema\/person\/f6c4fd8f4c3dfc201522ccccede872c4\"},\"headline\":\"Annulation exceptionnelle de la Divine Liturgie Interorthodoxe au Grand-Duch\u00e9 de Luxembourg\",\"datePublished\":\"2020-03-12T09:50:40+00:00\",\"dateModified\":\"2020-03-12T09:54:48+00:00\",\"mainEntityOfPage\":{\"@id\":\"https:\/\/orthodoxia.be\/fr\/2020\/03\/12\/annulation-exceptionnelle-de-la-divine-liturgie-interorthodoxe-au-grand-duche-de-luxembourg\/\"},\"wordCount\":117,\"publisher\":{\"@id\":\"https:\/\/orthodoxia.be\/#organization\"},\"image\":{\"@id\":\"https:\/\/orthodoxia.be\/fr\/2020\/03\/12\/annulation-exceptionnelle-de-la-divine-liturgie-interorthodoxe-au-grand-duche-de-luxembourg\/#primaryimage\"},\"thumbnailUrl\":\"https:\/\/orthodoxia.be\/wp-content\/uploads\/2018\/11\/2.jpg\",\"articleSection\":[\"Actualit\u00e9\",\"Cath\u00e9drale Saint Nicolas \u00e0 Weiler-La-Tour\",\"Communiqu\u00e9\"],\"inLanguage\":\"fr-BE\"},{\"@type\":\"WebPage\",\"@id\":\"https:\/\/orthodoxia.be\/fr\/2020\/03\/12\/annulation-exceptionnelle-de-la-divine-liturgie-interorthodoxe-au-grand-duche-de-luxembourg\/\",\"url\":\"https:\/\/orthodoxia.be\/fr\/2020\/03\/12\/annulation-exceptionnelle-de-la-divine-liturgie-interorthodoxe-au-grand-duche-de-luxembourg\/\",\"name\":\"Annulation exceptionnelle de la Divine Liturgie Interorthodoxe au Grand-Duch\u00e9 de Luxembourg - Archev\u00each\u00e9 Orthodoxe de Belgique\",\"isPartOf\":{\"@id\":\"https:\/\/orthodoxia.be\/#website\"},\"primaryImageOfPage\":{\"@id\":\"https:\/\/orthodoxia.be\/fr\/2020\/03\/12\/annulation-exceptionnelle-de-la-divine-liturgie-interorthodoxe-au-grand-duche-de-luxembourg\/#primaryimage\"},\"image\":{\"@id\":\"https:\/\/orthodoxia.be\/fr\/2020\/03\/12\/annulation-exceptionnelle-de-la-divine-liturgie-interorthodoxe-au-grand-duche-de-luxembourg\/#primaryimage\"},\"thumbnailUrl\":\"https:\/\/orthodoxia.be\/wp-content\/uploads\/2018\/11\/2.jpg\",\"datePublished\":\"2020-03-12T09:50:40+00:00\",\"dateModified\":\"2020-03-12T09:54:48+00:00\",\"breadcrumb\":{\"@id\":\"https:\/\/orthodoxia.be\/fr\/2020\/03\/12\/annulation-exceptionnelle-de-la-divine-liturgie-interorthodoxe-au-grand-duche-de-luxembourg\/#breadcrumb\"},\"inLanguage\":\"fr-BE\",\"potentialAction\":[{\"@type\":\"ReadAction\",\"target\":[\"https:\/\/orthodoxia.be\/fr\/2020\/03\/12\/annulation-exceptionnelle-de-la-divine-liturgie-interorthodoxe-au-grand-duche-de-luxembourg\/\"]}]},{\"@type\":\"ImageObject\",\"inLanguage\":\"fr-BE\",\"@id\":\"https:\/\/orthodoxia.be\/fr\/2020\/03\/12\/annulation-exceptionnelle-de-la-divine-liturgie-interorthodoxe-au-grand-duche-de-luxembourg\/#primaryimage\",\"url\":\"https:\/\/orthodoxia.be\/wp-content\/uploads\/2018\/11\/2.jpg\",\"contentUrl\":\"https:\/\/orthodoxia.be\/wp-content\/uploads\/2018\/11\/2.jpg\",\"width\":427,\"height\":640},{\"@type\":\"BreadcrumbList\",\"@id\":\"https:\/\/orthodoxia.be\/fr\/2020\/03\/12\/annulation-exceptionnelle-de-la-divine-liturgie-interorthodoxe-au-grand-duche-de-luxembourg\/#breadcrumb\",\"itemListElement\":[{\"@type\":\"ListItem\",\"position\":1,\"name\":\"Home\",\"item\":\"https:\/\/orthodoxia.be\/fr\/\"},{\"@type\":\"ListItem\",\"position\":2,\"name\":\"Annulation exceptionnelle de la Divine Liturgie Interorthodoxe au Grand-Duch\u00e9 de Luxembourg\"}]},{\"@type\":\"WebSite\",\"@id\":\"https:\/\/orthodoxia.be\/#website\",\"url\":\"https:\/\/orthodoxia.be\/\",\"name\":\"Orthodox Archdiocese of Belgium (Benelux)\",\"description\":\"Exarque des Pays-Bas et du Luxembourg\",\"publisher\":{\"@id\":\"https:\/\/orthodoxia.be\/#organization\"},\"alternateName\":\"IMB\",\"potentialAction\":[{\"@type\":\"SearchAction\",\"target\":{\"@type\":\"EntryPoint\",\"urlTemplate\":\"https:\/\/orthodoxia.be\/?s={search_term_string}\"},\"query-input\":{\"@type\":\"PropertyValueSpecification\",\"valueRequired\":true,\"valueName\":\"search_term_string\"}}],\"inLanguage\":\"fr-BE\"},{\"@type\":\"Organization\",\"@id\":\"https:\/\/orthodoxia.be\/#organization\",\"name\":\"Orthodox Archdiocese of Belgium (Benelux)\",\"url\":\"https:\/\/orthodoxia.be\/\",\"logo\":{\"@type\":\"ImageObject\",\"inLanguage\":\"fr-BE\",\"@id\":\"https:\/\/orthodoxia.be\/#\/schema\/logo\/image\/\",\"url\":\"https:\/\/orthodoxia.be\/wp-content\/uploads\/2024\/02\/cropped-IMB-logo-512-cl-1.png\",\"contentUrl\":\"https:\/\/orthodoxia.be\/wp-content\/uploads\/2024\/02\/cropped-IMB-logo-512-cl-1.png\",\"width\":512,\"height\":512,\"caption\":\"Orthodox Archdiocese of Belgium (Benelux)\"},\"image\":{\"@id\":\"https:\/\/orthodoxia.be\/#\/schema\/logo\/image\/\"},\"sameAs\":[\"https:\/\/www.facebook.com\/orthobel\",\"https:\/\/x.com\/orthobel\",\"https:\/\/www.youtube.com\/c\/orthobel\",\"https:\/\/www.mixcloud.com\/orthobel\/\",\"https:\/\/www.flickr.com\/photos\/148264890@N07\/albums\",\"https:\/\/www.dailymotion.com\/Orthobel\"]},{\"@type\":\"Person\",\"@id\":\"https:\/\/orthodoxia.be\/#\/schema\/person\/f6c4fd8f4c3dfc201522ccccede872c4\",\"name\":\"fr. Emilianos Chatzivasileiou\",\"image\":{\"@type\":\"ImageObject\",\"inLanguage\":\"fr-BE\",\"@id\":\"https:\/\/orthodoxia.be\/#\/schema\/person\/image\/\",\"url\":\"https:\/\/secure.gravatar.com\/avatar\/5b67115dbb9ae1579c39e9ae857d39ac?s=96&d=mm&r=g\",\"contentUrl\":\"https:\/\/secure.gravatar.com\/avatar\/5b67115dbb9ae1579c39e9ae857d39ac?s=96&d=mm&r=g\",\"caption\":\"fr. Emilianos Chatzivasileiou\"},\"sameAs\":[\"http:\/\/orthodoxia.be\"],\"url\":\"https:\/\/orthodoxia.be\/fr\/author\/p-emilianos\/\"}]}<\/script>\n<!-- \/ Yoast SEO plugin. -->","yoast_head_json":{"title":"Annulation exceptionnelle de la Divine Liturgie Interorthodoxe au Grand-Duch\u00e9 de Luxembourg - Archev\u00each\u00e9 Orthodoxe de Belgique","robots":{"index":"index","follow":"follow","max-snippet":"max-snippet:-1","max-image-preview":"max-image-preview:large","max-video-preview":"max-video-preview:-1"},"canonical":"https:\/\/orthodoxia.be\/fr\/2020\/03\/12\/annulation-exceptionnelle-de-la-divine-liturgie-interorthodoxe-au-grand-duche-de-luxembourg\/","og_locale":"fr_FR","og_type":"article","og_title":"Annulation exceptionnelle de la Divine Liturgie Interorthodoxe au Grand-Duch\u00e9 de Luxembourg - Archev\u00each\u00e9 Orthodoxe de Belgique","og_description":"Vu la situation inqui\u00e9tante de la propagation de la Pand\u00e9mie de Coronavirus, ayant pris en consid\u00e9ration les recommandations des autorit\u00e9s, les pr\u00e9occupations des fid\u00e8les orthodoxes du Luxembourg et par mesure de pr\u00e9caution destin\u00e9e \u00e0 r\u00e9duire le risque de contamination, Son \u00c9minence le M\u00e9tropolite de Belgique et Exarque des Pays-Bas et de Luxembourg a pris la &hellip; Continued","og_url":"https:\/\/orthodoxia.be\/fr\/2020\/03\/12\/annulation-exceptionnelle-de-la-divine-liturgie-interorthodoxe-au-grand-duche-de-luxembourg\/","og_site_name":"Archev\u00each\u00e9 Orthodoxe de Belgique","article_publisher":"https:\/\/www.facebook.com\/orthobel","article_published_time":"2020-03-12T09:50:40+00:00","article_modified_time":"2020-03-12T09:54:48+00:00","og_image":[{"width":427,"height":640,"url":"https:\/\/orthodoxia.be\/wp-content\/uploads\/2018\/11\/2.jpg","type":"image\/jpeg"}],"author":"fr. Emilianos Chatzivasileiou","twitter_card":"summary_large_image","twitter_creator":"@orthobel","twitter_site":"@orthobel","twitter_misc":{"\u00c9crit par":"fr. Emilianos Chatzivasileiou","Dur\u00e9e de lecture est.":"1 minute"},"schema":{"@context":"https:\/\/schema.org","@graph":[{"@type":"Article","@id":"https:\/\/orthodoxia.be\/fr\/2020\/03\/12\/annulation-exceptionnelle-de-la-divine-liturgie-interorthodoxe-au-grand-duche-de-luxembourg\/#article","isPartOf":{"@id":"https:\/\/orthodoxia.be\/fr\/2020\/03\/12\/annulation-exceptionnelle-de-la-divine-liturgie-interorthodoxe-au-grand-duche-de-luxembourg\/"},"author":{"name":"fr. Emilianos Chatzivasileiou","@id":"https:\/\/orthodoxia.be\/#\/schema\/person\/f6c4fd8f4c3dfc201522ccccede872c4"},"headline":"Annulation exceptionnelle de la Divine Liturgie Interorthodoxe au Grand-Duch\u00e9 de Luxembourg","datePublished":"2020-03-12T09:50:40+00:00","dateModified":"2020-03-12T09:54:48+00:00","mainEntityOfPage":{"@id":"https:\/\/orthodoxia.be\/fr\/2020\/03\/12\/annulation-exceptionnelle-de-la-divine-liturgie-interorthodoxe-au-grand-duche-de-luxembourg\/"},"wordCount":117,"publisher":{"@id":"https:\/\/orthodoxia.be\/#organization"},"image":{"@id":"https:\/\/orthodoxia.be\/fr\/2020\/03\/12\/annulation-exceptionnelle-de-la-divine-liturgie-interorthodoxe-au-grand-duche-de-luxembourg\/#primaryimage"},"thumbnailUrl":"https:\/\/orthodoxia.be\/wp-content\/uploads\/2018\/11\/2.jpg","articleSection":["Actualit\u00e9","Cath\u00e9drale Saint Nicolas \u00e0 Weiler-La-Tour","Communiqu\u00e9"],"inLanguage":"fr-BE"},{"@type":"WebPage","@id":"https:\/\/orthodoxia.be\/fr\/2020\/03\/12\/annulation-exceptionnelle-de-la-divine-liturgie-interorthodoxe-au-grand-duche-de-luxembourg\/","url":"https:\/\/orthodoxia.be\/fr\/2020\/03\/12\/annulation-exceptionnelle-de-la-divine-liturgie-interorthodoxe-au-grand-duche-de-luxembourg\/","name":"Annulation exceptionnelle de la Divine Liturgie Interorthodoxe au Grand-Duch\u00e9 de Luxembourg - Archev\u00each\u00e9 Orthodoxe de Belgique","isPartOf":{"@id":"https:\/\/orthodoxia.be\/#website"},"primaryImageOfPage":{"@id":"https:\/\/orthodoxia.be\/fr\/2020\/03\/12\/annulation-exceptionnelle-de-la-divine-liturgie-interorthodoxe-au-grand-duche-de-luxembourg\/#primaryimage"},"image":{"@id":"https:\/\/orthodoxia.be\/fr\/2020\/03\/12\/annulation-exceptionnelle-de-la-divine-liturgie-interorthodoxe-au-grand-duche-de-luxembourg\/#primaryimage"},"thumbnailUrl":"https:\/\/orthodoxia.be\/wp-content\/uploads\/2018\/11\/2.jpg","datePublished":"2020-03-12T09:50:40+00:00","dateModified":"2020-03-12T09:54:48+00:00","breadcrumb":{"@id":"https:\/\/orthodoxia.be\/fr\/2020\/03\/12\/annulation-exceptionnelle-de-la-divine-liturgie-interorthodoxe-au-grand-duche-de-luxembourg\/#breadcrumb"},"inLanguage":"fr-BE","potentialAction":[{"@type":"ReadAction","target":["https:\/\/orthodoxia.be\/fr\/2020\/03\/12\/annulation-exceptionnelle-de-la-divine-liturgie-interorthodoxe-au-grand-duche-de-luxembourg\/"]}]},{"@type":"ImageObject","inLanguage":"fr-BE","@id":"https:\/\/orthodoxia.be\/fr\/2020\/03\/12\/annulation-exceptionnelle-de-la-divine-liturgie-interorthodoxe-au-grand-duche-de-luxembourg\/#primaryimage","url":"https:\/\/orthodoxia.be\/wp-content\/uploads\/2018\/11\/2.jpg","contentUrl":"https:\/\/orthodoxia.be\/wp-content\/uploads\/2018\/11\/2.jpg","width":427,"height":640},{"@type":"BreadcrumbList","@id":"https:\/\/orthodoxia.be\/fr\/2020\/03\/12\/annulation-exceptionnelle-de-la-divine-liturgie-interorthodoxe-au-grand-duche-de-luxembourg\/#breadcrumb","itemListElement":[{"@type":"ListItem","position":1,"name":"Home","item":"https:\/\/orthodoxia.be\/fr\/"},{"@type":"ListItem","position":2,"name":"Annulation exceptionnelle de la Divine Liturgie Interorthodoxe au Grand-Duch\u00e9 de Luxembourg"}]},{"@type":"WebSite","@id":"https:\/\/orthodoxia.be\/#website","url":"https:\/\/orthodoxia.be\/","name":"Orthodox Archdiocese of Belgium (Benelux)","description":"Exarque des Pays-Bas et du Luxembourg","publisher":{"@id":"https:\/\/orthodoxia.be\/#organization"},"alternateName":"IMB","potentialAction":[{"@type":"SearchAction","target":{"@type":"EntryPoint","urlTemplate":"https:\/\/orthodoxia.be\/?s={search_term_string}"},"query-input":{"@type":"PropertyValueSpecification","valueRequired":true,"valueName":"search_term_string"}}],"inLanguage":"fr-BE"},{"@type":"Organization","@id":"https:\/\/orthodoxia.be\/#organization","name":"Orthodox Archdiocese of Belgium (Benelux)","url":"https:\/\/orthodoxia.be\/","logo":{"@type":"ImageObject","inLanguage":"fr-BE","@id":"https:\/\/orthodoxia.be\/#\/schema\/logo\/image\/","url":"https:\/\/orthodoxia.be\/wp-content\/uploads\/2024\/02\/cropped-IMB-logo-512-cl-1.png","contentUrl":"https:\/\/orthodoxia.be\/wp-content\/uploads\/2024\/02\/cropped-IMB-logo-512-cl-1.png","width":512,"height":512,"caption":"Orthodox Archdiocese of Belgium (Benelux)"},"image":{"@id":"https:\/\/orthodoxia.be\/#\/schema\/logo\/image\/"},"sameAs":["https:\/\/www.facebook.com\/orthobel","https:\/\/x.com\/orthobel","https:\/\/www.youtube.com\/c\/orthobel","https:\/\/www.mixcloud.com\/orthobel\/","https:\/\/www.flickr.com\/photos\/148264890@N07\/albums","https:\/\/www.dailymotion.com\/Orthobel"]},{"@type":"Person","@id":"https:\/\/orthodoxia.be\/#\/schema\/person\/f6c4fd8f4c3dfc201522ccccede872c4","name":"fr. Emilianos Chatzivasileiou","image":{"@type":"ImageObject","inLanguage":"fr-BE","@id":"https:\/\/orthodoxia.be\/#\/schema\/person\/image\/","url":"https:\/\/secure.gravatar.com\/avatar\/5b67115dbb9ae1579c39e9ae857d39ac?s=96&d=mm&r=g","contentUrl":"https:\/\/secure.gravatar.com\/avatar\/5b67115dbb9ae1579c39e9ae857d39ac?s=96&d=mm&r=g","caption":"fr. Emilianos Chatzivasileiou"},"sameAs":["http:\/\/orthodoxia.be"],"url":"https:\/\/orthodoxia.be\/fr\/author\/p-emilianos\/"}]}},"_links":{"self":[{"href":"https:\/\/orthodoxia.be\/fr\/wp-json\/wp\/v2\/posts\/22759","targetHints":{"allow":["GET"]}}],"collection":[{"href":"https:\/\/orthodoxia.be\/fr\/wp-json\/wp\/v2\/posts"}],"about":[{"href":"https:\/\/orthodoxia.be\/fr\/wp-json\/wp\/v2\/types\/post"}],"author":[{"embeddable":true,"href":"https:\/\/orthodoxia.be\/fr\/wp-json\/wp\/v2\/users\/10"}],"replies":[{"embeddable":true,"href":"https:\/\/orthodoxia.be\/fr\/wp-json\/wp\/v2\/comments?post=22759"}],"version-history":[{"count":1,"href":"https:\/\/orthodoxia.be\/fr\/wp-json\/wp\/v2\/posts\/22759\/revisions"}],"predecessor-version":[{"id":22760,"href":"https:\/\/orthodoxia.be\/fr\/wp-json\/wp\/v2\/posts\/22759\/revisions\/22760"}],"wp:featuredmedia":[{"embeddable":true,"href":"https:\/\/orthodoxia.be\/fr\/wp-json\/wp\/v2\/media\/14201"}],"wp:attachment":[{"href":"https:\/\/orthodoxia.be\/fr\/wp-json\/wp\/v2\/media?parent=22759"}],"wp:term":[{"taxonomy":"category","embeddable":true,"href":"https:\/\/orthodoxia.be\/fr\/wp-json\/wp\/v2\/categories?post=22759"},{"taxonomy":"post_tag","embeddable":true,"href":"https:\/\/orthodoxia.be\/fr\/wp-json\/wp\/v2\/tags?post=22759"}],"curies":[{"name":"wp","href":"https:\/\/api.w.org\/{rel}","templated":true}]}}