{"id":24676,"date":"2020-03-29T18:29:40","date_gmt":"2020-03-29T16:29:40","guid":{"rendered":"http:\/\/orthodoxia.be\/?p=24676"},"modified":"2020-03-29T19:51:09","modified_gmt":"2020-03-29T17:51:09","slug":"divine-liturgie-a-la-chapelle-de-larcheveche","status":"publish","type":"post","link":"https:\/\/orthodoxia.be\/fr\/2020\/03\/29\/divine-liturgie-a-la-chapelle-de-larcheveche\/","title":{"rendered":"Divine Liturgie \u00e0 la Chapelle de l\u2019Archev\u00each\u00e9"},"content":{"rendered":"<p style=\"text-align: justify;\">29 mars 2020, IV\u00e8me Dimanche du Saint et Grand Car\u00eame et jour de m\u00e9moire de notre v\u00e9n\u00e9rable P\u00e8re Jean Climaque du Mont Sina\u00ef, Son \u00c9minence le M\u00e9tropolite Ath\u00e9nagoras de Belgique et Exarque des Pays-Bas et du Luxembourg a c\u00e9l\u00e9br\u00e9 la Divine Liturgie dans la chapelle de l\u2019Archev\u00each\u00e9, l\u2019\u00e9glise de Sainte Marina, en pr\u00e9sence de seulement deux pr\u00eatres de l\u2019Archev\u00each\u00e9.<\/p>\n<p style=\"text-align: justify;\">Son \u00c9minence, la personne qui incarne l\u2019\u00c9glise locale, a offert \u00e0 Dieu les Dons de l\u2019Eucharistie pour tout l\u2019Archev\u00each\u00e9, faisant m\u00e9moire des noms des \u00e9v\u00eaques et pr\u00eatres de l\u2019Archev\u00each\u00e9 et de ses autres Pr\u00e9sences orthodoxes, mais aussi pour les fid\u00e8les qui se sont endormis, demandant \u00e0 Dieu d\u2019avoir piti\u00e9 \u00ab dans sa grande mis\u00e9ricorde \u00bb de toute l\u2019humanit\u00e9 en cette situation difficile et in\u00e9dite.<\/p>\n<p style=\"text-align: justify;\">De cette mani\u00e8re, l\u2019Archev\u00each\u00e9, en cette p\u00e9riode dramatique, ne reste pas sans Liturgie, mais continue \u00e0 offrir l\u2019Eucharistie \u00ab pour la vie du monde \u00bb.<\/p>\n<p>[FAGP id=24670]<\/p>\n","protected":false},"excerpt":{"rendered":"<p>29 mars 2020, IV\u00e8me Dimanche du Saint et Grand Car\u00eame et jour de m\u00e9moire de notre v\u00e9n\u00e9rable P\u00e8re Jean Climaque du Mont Sina\u00ef, Son \u00c9minence le M\u00e9tropolite Ath\u00e9nagoras de Belgique et Exarque des Pays-Bas et du Luxembourg a c\u00e9l\u00e9br\u00e9 la Divine Liturgie dans la chapelle de l\u2019Archev\u00each\u00e9, l\u2019\u00e9glise de Sainte Marina, en pr\u00e9sence de seulement &hellip; <a href=\"https:\/\/orthodoxia.be\/fr\/2020\/03\/29\/divine-liturgie-a-la-chapelle-de-larcheveche\/\">Continued<\/a><\/p>\n","protected":false},"author":10,"featured_media":24664,"comment_status":"closed","ping_status":"open","sticky":false,"template":"","format":"standard","meta":{"_acf_changed":false,"footnotes":""},"categories":[14],"tags":[],"class_list":["post-24676","post","type-post","status-publish","format-standard","has-post-thumbnail","hentry","category-actualite"],"acf":[],"yoast_head":"<!-- This site is optimized with the Yoast SEO plugin v24.3 - https:\/\/yoast.com\/wordpress\/plugins\/seo\/ -->\n<title>Divine Liturgie \u00e0 la Chapelle de l\u2019Archev\u00each\u00e9 - Archev\u00each\u00e9 Orthodoxe de Belgique<\/title>\n<meta name=\"robots\" content=\"index, follow, max-snippet:-1, max-image-preview:large, max-video-preview:-1\" \/>\n<link rel=\"canonical\" href=\"https:\/\/orthodoxia.be\/fr\/2020\/03\/29\/divine-liturgie-a-la-chapelle-de-larcheveche\/\" \/>\n<meta property=\"og:locale\" content=\"fr_FR\" \/>\n<meta property=\"og:type\" content=\"article\" \/>\n<meta property=\"og:title\" content=\"Divine Liturgie \u00e0 la Chapelle de l\u2019Archev\u00each\u00e9 - Archev\u00each\u00e9 Orthodoxe de Belgique\" \/>\n<meta property=\"og:description\" content=\"29 mars 2020, IV\u00e8me Dimanche du Saint et Grand Car\u00eame et jour de m\u00e9moire de notre v\u00e9n\u00e9rable P\u00e8re Jean Climaque du Mont Sina\u00ef, Son \u00c9minence le M\u00e9tropolite Ath\u00e9nagoras de Belgique et Exarque des Pays-Bas et du Luxembourg a c\u00e9l\u00e9br\u00e9 la Divine Liturgie dans la chapelle de l\u2019Archev\u00each\u00e9, l\u2019\u00e9glise de Sainte Marina, en pr\u00e9sence de seulement &hellip; Continued\" \/>\n<meta property=\"og:url\" content=\"https:\/\/orthodoxia.be\/fr\/2020\/03\/29\/divine-liturgie-a-la-chapelle-de-larcheveche\/\" \/>\n<meta property=\"og:site_name\" content=\"Archev\u00each\u00e9 Orthodoxe de Belgique\" \/>\n<meta property=\"article:publisher\" content=\"https:\/\/www.facebook.com\/orthobel\" \/>\n<meta property=\"article:published_time\" content=\"2020-03-29T16:29:40+00:00\" \/>\n<meta property=\"article:modified_time\" content=\"2020-03-29T17:51:09+00:00\" \/>\n<meta property=\"og:image\" content=\"https:\/\/orthodoxia.be\/wp-content\/uploads\/2020\/03\/\u0395\u03be\u03ce\u03c6\u03c5\u03bb\u03bb\u03bf.jpg\" \/>\n\t<meta property=\"og:image:width\" content=\"4032\" \/>\n\t<meta property=\"og:image:height\" content=\"3024\" \/>\n\t<meta property=\"og:image:type\" content=\"image\/jpeg\" \/>\n<meta name=\"author\" content=\"fr. Emilianos Chatzivasileiou\" \/>\n<meta name=\"twitter:card\" content=\"summary_large_image\" \/>\n<meta name=\"twitter:creator\" content=\"@orthobel\" \/>\n<meta name=\"twitter:site\" content=\"@orthobel\" \/>\n<meta name=\"twitter:label1\" content=\"\u00c9crit par\" \/>\n\t<meta name=\"twitter:data1\" content=\"fr. Emilianos Chatzivasileiou\" \/>\n\t<meta name=\"twitter:label2\" content=\"Dur\u00e9e de lecture est.\" \/>\n\t<meta name=\"twitter:data2\" content=\"1 minute\" \/>\n<script type=\"application\/ld+json\" class=\"yoast-schema-graph\">{\"@context\":\"https:\/\/schema.org\",\"@graph\":[{\"@type\":\"Article\",\"@id\":\"https:\/\/orthodoxia.be\/fr\/2020\/03\/29\/divine-liturgie-a-la-chapelle-de-larcheveche\/#article\",\"isPartOf\":{\"@id\":\"https:\/\/orthodoxia.be\/fr\/2020\/03\/29\/divine-liturgie-a-la-chapelle-de-larcheveche\/\"},\"author\":{\"name\":\"fr. Emilianos Chatzivasileiou\",\"@id\":\"https:\/\/orthodoxia.be\/#\/schema\/person\/f6c4fd8f4c3dfc201522ccccede872c4\"},\"headline\":\"Divine Liturgie \u00e0 la Chapelle de l\u2019Archev\u00each\u00e9\",\"datePublished\":\"2020-03-29T16:29:40+00:00\",\"dateModified\":\"2020-03-29T17:51:09+00:00\",\"mainEntityOfPage\":{\"@id\":\"https:\/\/orthodoxia.be\/fr\/2020\/03\/29\/divine-liturgie-a-la-chapelle-de-larcheveche\/\"},\"wordCount\":186,\"publisher\":{\"@id\":\"https:\/\/orthodoxia.be\/#organization\"},\"image\":{\"@id\":\"https:\/\/orthodoxia.be\/fr\/2020\/03\/29\/divine-liturgie-a-la-chapelle-de-larcheveche\/#primaryimage\"},\"thumbnailUrl\":\"https:\/\/orthodoxia.be\/wp-content\/uploads\/2020\/03\/\u0395\u03be\u03ce\u03c6\u03c5\u03bb\u03bb\u03bf.jpg\",\"articleSection\":[\"Actualit\u00e9\"],\"inLanguage\":\"fr-BE\"},{\"@type\":\"WebPage\",\"@id\":\"https:\/\/orthodoxia.be\/fr\/2020\/03\/29\/divine-liturgie-a-la-chapelle-de-larcheveche\/\",\"url\":\"https:\/\/orthodoxia.be\/fr\/2020\/03\/29\/divine-liturgie-a-la-chapelle-de-larcheveche\/\",\"name\":\"Divine Liturgie \u00e0 la Chapelle de l\u2019Archev\u00each\u00e9 - Archev\u00each\u00e9 Orthodoxe de Belgique\",\"isPartOf\":{\"@id\":\"https:\/\/orthodoxia.be\/#website\"},\"primaryImageOfPage\":{\"@id\":\"https:\/\/orthodoxia.be\/fr\/2020\/03\/29\/divine-liturgie-a-la-chapelle-de-larcheveche\/#primaryimage\"},\"image\":{\"@id\":\"https:\/\/orthodoxia.be\/fr\/2020\/03\/29\/divine-liturgie-a-la-chapelle-de-larcheveche\/#primaryimage\"},\"thumbnailUrl\":\"https:\/\/orthodoxia.be\/wp-content\/uploads\/2020\/03\/\u0395\u03be\u03ce\u03c6\u03c5\u03bb\u03bb\u03bf.jpg\",\"datePublished\":\"2020-03-29T16:29:40+00:00\",\"dateModified\":\"2020-03-29T17:51:09+00:00\",\"breadcrumb\":{\"@id\":\"https:\/\/orthodoxia.be\/fr\/2020\/03\/29\/divine-liturgie-a-la-chapelle-de-larcheveche\/#breadcrumb\"},\"inLanguage\":\"fr-BE\",\"potentialAction\":[{\"@type\":\"ReadAction\",\"target\":[\"https:\/\/orthodoxia.be\/fr\/2020\/03\/29\/divine-liturgie-a-la-chapelle-de-larcheveche\/\"]}]},{\"@type\":\"ImageObject\",\"inLanguage\":\"fr-BE\",\"@id\":\"https:\/\/orthodoxia.be\/fr\/2020\/03\/29\/divine-liturgie-a-la-chapelle-de-larcheveche\/#primaryimage\",\"url\":\"https:\/\/orthodoxia.be\/wp-content\/uploads\/2020\/03\/\u0395\u03be\u03ce\u03c6\u03c5\u03bb\u03bb\u03bf.jpg\",\"contentUrl\":\"https:\/\/orthodoxia.be\/wp-content\/uploads\/2020\/03\/\u0395\u03be\u03ce\u03c6\u03c5\u03bb\u03bb\u03bf.jpg\",\"width\":4032,\"height\":3024},{\"@type\":\"BreadcrumbList\",\"@id\":\"https:\/\/orthodoxia.be\/fr\/2020\/03\/29\/divine-liturgie-a-la-chapelle-de-larcheveche\/#breadcrumb\",\"itemListElement\":[{\"@type\":\"ListItem\",\"position\":1,\"name\":\"Home\",\"item\":\"https:\/\/orthodoxia.be\/fr\/\"},{\"@type\":\"ListItem\",\"position\":2,\"name\":\"Divine Liturgie \u00e0 la Chapelle de l\u2019Archev\u00each\u00e9\"}]},{\"@type\":\"WebSite\",\"@id\":\"https:\/\/orthodoxia.be\/#website\",\"url\":\"https:\/\/orthodoxia.be\/\",\"name\":\"Orthodox Archdiocese of Belgium (Benelux)\",\"description\":\"Exarque des Pays-Bas et du Luxembourg\",\"publisher\":{\"@id\":\"https:\/\/orthodoxia.be\/#organization\"},\"alternateName\":\"IMB\",\"potentialAction\":[{\"@type\":\"SearchAction\",\"target\":{\"@type\":\"EntryPoint\",\"urlTemplate\":\"https:\/\/orthodoxia.be\/?s={search_term_string}\"},\"query-input\":{\"@type\":\"PropertyValueSpecification\",\"valueRequired\":true,\"valueName\":\"search_term_string\"}}],\"inLanguage\":\"fr-BE\"},{\"@type\":\"Organization\",\"@id\":\"https:\/\/orthodoxia.be\/#organization\",\"name\":\"Orthodox Archdiocese of Belgium (Benelux)\",\"url\":\"https:\/\/orthodoxia.be\/\",\"logo\":{\"@type\":\"ImageObject\",\"inLanguage\":\"fr-BE\",\"@id\":\"https:\/\/orthodoxia.be\/#\/schema\/logo\/image\/\",\"url\":\"https:\/\/orthodoxia.be\/wp-content\/uploads\/2024\/02\/cropped-IMB-logo-512-cl-1.png\",\"contentUrl\":\"https:\/\/orthodoxia.be\/wp-content\/uploads\/2024\/02\/cropped-IMB-logo-512-cl-1.png\",\"width\":512,\"height\":512,\"caption\":\"Orthodox Archdiocese of Belgium (Benelux)\"},\"image\":{\"@id\":\"https:\/\/orthodoxia.be\/#\/schema\/logo\/image\/\"},\"sameAs\":[\"https:\/\/www.facebook.com\/orthobel\",\"https:\/\/x.com\/orthobel\",\"https:\/\/www.youtube.com\/c\/orthobel\",\"https:\/\/www.mixcloud.com\/orthobel\/\",\"https:\/\/www.flickr.com\/photos\/148264890@N07\/albums\",\"https:\/\/www.dailymotion.com\/Orthobel\"]},{\"@type\":\"Person\",\"@id\":\"https:\/\/orthodoxia.be\/#\/schema\/person\/f6c4fd8f4c3dfc201522ccccede872c4\",\"name\":\"fr. Emilianos Chatzivasileiou\",\"image\":{\"@type\":\"ImageObject\",\"inLanguage\":\"fr-BE\",\"@id\":\"https:\/\/orthodoxia.be\/#\/schema\/person\/image\/\",\"url\":\"https:\/\/secure.gravatar.com\/avatar\/5b67115dbb9ae1579c39e9ae857d39ac?s=96&d=mm&r=g\",\"contentUrl\":\"https:\/\/secure.gravatar.com\/avatar\/5b67115dbb9ae1579c39e9ae857d39ac?s=96&d=mm&r=g\",\"caption\":\"fr. Emilianos Chatzivasileiou\"},\"sameAs\":[\"http:\/\/orthodoxia.be\"],\"url\":\"https:\/\/orthodoxia.be\/fr\/author\/p-emilianos\/\"}]}<\/script>\n<!-- \/ Yoast SEO plugin. -->","yoast_head_json":{"title":"Divine Liturgie \u00e0 la Chapelle de l\u2019Archev\u00each\u00e9 - Archev\u00each\u00e9 Orthodoxe de Belgique","robots":{"index":"index","follow":"follow","max-snippet":"max-snippet:-1","max-image-preview":"max-image-preview:large","max-video-preview":"max-video-preview:-1"},"canonical":"https:\/\/orthodoxia.be\/fr\/2020\/03\/29\/divine-liturgie-a-la-chapelle-de-larcheveche\/","og_locale":"fr_FR","og_type":"article","og_title":"Divine Liturgie \u00e0 la Chapelle de l\u2019Archev\u00each\u00e9 - Archev\u00each\u00e9 Orthodoxe de Belgique","og_description":"29 mars 2020, IV\u00e8me Dimanche du Saint et Grand Car\u00eame et jour de m\u00e9moire de notre v\u00e9n\u00e9rable P\u00e8re Jean Climaque du Mont Sina\u00ef, Son \u00c9minence le M\u00e9tropolite Ath\u00e9nagoras de Belgique et Exarque des Pays-Bas et du Luxembourg a c\u00e9l\u00e9br\u00e9 la Divine Liturgie dans la chapelle de l\u2019Archev\u00each\u00e9, l\u2019\u00e9glise de Sainte Marina, en pr\u00e9sence de seulement &hellip; Continued","og_url":"https:\/\/orthodoxia.be\/fr\/2020\/03\/29\/divine-liturgie-a-la-chapelle-de-larcheveche\/","og_site_name":"Archev\u00each\u00e9 Orthodoxe de Belgique","article_publisher":"https:\/\/www.facebook.com\/orthobel","article_published_time":"2020-03-29T16:29:40+00:00","article_modified_time":"2020-03-29T17:51:09+00:00","og_image":[{"width":4032,"height":3024,"url":"https:\/\/orthodoxia.be\/wp-content\/uploads\/2020\/03\/\u0395\u03be\u03ce\u03c6\u03c5\u03bb\u03bb\u03bf.jpg","type":"image\/jpeg"}],"author":"fr. Emilianos Chatzivasileiou","twitter_card":"summary_large_image","twitter_creator":"@orthobel","twitter_site":"@orthobel","twitter_misc":{"\u00c9crit par":"fr. Emilianos Chatzivasileiou","Dur\u00e9e de lecture est.":"1 minute"},"schema":{"@context":"https:\/\/schema.org","@graph":[{"@type":"Article","@id":"https:\/\/orthodoxia.be\/fr\/2020\/03\/29\/divine-liturgie-a-la-chapelle-de-larcheveche\/#article","isPartOf":{"@id":"https:\/\/orthodoxia.be\/fr\/2020\/03\/29\/divine-liturgie-a-la-chapelle-de-larcheveche\/"},"author":{"name":"fr. Emilianos Chatzivasileiou","@id":"https:\/\/orthodoxia.be\/#\/schema\/person\/f6c4fd8f4c3dfc201522ccccede872c4"},"headline":"Divine Liturgie \u00e0 la Chapelle de l\u2019Archev\u00each\u00e9","datePublished":"2020-03-29T16:29:40+00:00","dateModified":"2020-03-29T17:51:09+00:00","mainEntityOfPage":{"@id":"https:\/\/orthodoxia.be\/fr\/2020\/03\/29\/divine-liturgie-a-la-chapelle-de-larcheveche\/"},"wordCount":186,"publisher":{"@id":"https:\/\/orthodoxia.be\/#organization"},"image":{"@id":"https:\/\/orthodoxia.be\/fr\/2020\/03\/29\/divine-liturgie-a-la-chapelle-de-larcheveche\/#primaryimage"},"thumbnailUrl":"https:\/\/orthodoxia.be\/wp-content\/uploads\/2020\/03\/\u0395\u03be\u03ce\u03c6\u03c5\u03bb\u03bb\u03bf.jpg","articleSection":["Actualit\u00e9"],"inLanguage":"fr-BE"},{"@type":"WebPage","@id":"https:\/\/orthodoxia.be\/fr\/2020\/03\/29\/divine-liturgie-a-la-chapelle-de-larcheveche\/","url":"https:\/\/orthodoxia.be\/fr\/2020\/03\/29\/divine-liturgie-a-la-chapelle-de-larcheveche\/","name":"Divine Liturgie \u00e0 la Chapelle de l\u2019Archev\u00each\u00e9 - Archev\u00each\u00e9 Orthodoxe de Belgique","isPartOf":{"@id":"https:\/\/orthodoxia.be\/#website"},"primaryImageOfPage":{"@id":"https:\/\/orthodoxia.be\/fr\/2020\/03\/29\/divine-liturgie-a-la-chapelle-de-larcheveche\/#primaryimage"},"image":{"@id":"https:\/\/orthodoxia.be\/fr\/2020\/03\/29\/divine-liturgie-a-la-chapelle-de-larcheveche\/#primaryimage"},"thumbnailUrl":"https:\/\/orthodoxia.be\/wp-content\/uploads\/2020\/03\/\u0395\u03be\u03ce\u03c6\u03c5\u03bb\u03bb\u03bf.jpg","datePublished":"2020-03-29T16:29:40+00:00","dateModified":"2020-03-29T17:51:09+00:00","breadcrumb":{"@id":"https:\/\/orthodoxia.be\/fr\/2020\/03\/29\/divine-liturgie-a-la-chapelle-de-larcheveche\/#breadcrumb"},"inLanguage":"fr-BE","potentialAction":[{"@type":"ReadAction","target":["https:\/\/orthodoxia.be\/fr\/2020\/03\/29\/divine-liturgie-a-la-chapelle-de-larcheveche\/"]}]},{"@type":"ImageObject","inLanguage":"fr-BE","@id":"https:\/\/orthodoxia.be\/fr\/2020\/03\/29\/divine-liturgie-a-la-chapelle-de-larcheveche\/#primaryimage","url":"https:\/\/orthodoxia.be\/wp-content\/uploads\/2020\/03\/\u0395\u03be\u03ce\u03c6\u03c5\u03bb\u03bb\u03bf.jpg","contentUrl":"https:\/\/orthodoxia.be\/wp-content\/uploads\/2020\/03\/\u0395\u03be\u03ce\u03c6\u03c5\u03bb\u03bb\u03bf.jpg","width":4032,"height":3024},{"@type":"BreadcrumbList","@id":"https:\/\/orthodoxia.be\/fr\/2020\/03\/29\/divine-liturgie-a-la-chapelle-de-larcheveche\/#breadcrumb","itemListElement":[{"@type":"ListItem","position":1,"name":"Home","item":"https:\/\/orthodoxia.be\/fr\/"},{"@type":"ListItem","position":2,"name":"Divine Liturgie \u00e0 la Chapelle de l\u2019Archev\u00each\u00e9"}]},{"@type":"WebSite","@id":"https:\/\/orthodoxia.be\/#website","url":"https:\/\/orthodoxia.be\/","name":"Orthodox Archdiocese of Belgium (Benelux)","description":"Exarque des Pays-Bas et du Luxembourg","publisher":{"@id":"https:\/\/orthodoxia.be\/#organization"},"alternateName":"IMB","potentialAction":[{"@type":"SearchAction","target":{"@type":"EntryPoint","urlTemplate":"https:\/\/orthodoxia.be\/?s={search_term_string}"},"query-input":{"@type":"PropertyValueSpecification","valueRequired":true,"valueName":"search_term_string"}}],"inLanguage":"fr-BE"},{"@type":"Organization","@id":"https:\/\/orthodoxia.be\/#organization","name":"Orthodox Archdiocese of Belgium (Benelux)","url":"https:\/\/orthodoxia.be\/","logo":{"@type":"ImageObject","inLanguage":"fr-BE","@id":"https:\/\/orthodoxia.be\/#\/schema\/logo\/image\/","url":"https:\/\/orthodoxia.be\/wp-content\/uploads\/2024\/02\/cropped-IMB-logo-512-cl-1.png","contentUrl":"https:\/\/orthodoxia.be\/wp-content\/uploads\/2024\/02\/cropped-IMB-logo-512-cl-1.png","width":512,"height":512,"caption":"Orthodox Archdiocese of Belgium (Benelux)"},"image":{"@id":"https:\/\/orthodoxia.be\/#\/schema\/logo\/image\/"},"sameAs":["https:\/\/www.facebook.com\/orthobel","https:\/\/x.com\/orthobel","https:\/\/www.youtube.com\/c\/orthobel","https:\/\/www.mixcloud.com\/orthobel\/","https:\/\/www.flickr.com\/photos\/148264890@N07\/albums","https:\/\/www.dailymotion.com\/Orthobel"]},{"@type":"Person","@id":"https:\/\/orthodoxia.be\/#\/schema\/person\/f6c4fd8f4c3dfc201522ccccede872c4","name":"fr. Emilianos Chatzivasileiou","image":{"@type":"ImageObject","inLanguage":"fr-BE","@id":"https:\/\/orthodoxia.be\/#\/schema\/person\/image\/","url":"https:\/\/secure.gravatar.com\/avatar\/5b67115dbb9ae1579c39e9ae857d39ac?s=96&d=mm&r=g","contentUrl":"https:\/\/secure.gravatar.com\/avatar\/5b67115dbb9ae1579c39e9ae857d39ac?s=96&d=mm&r=g","caption":"fr. Emilianos Chatzivasileiou"},"sameAs":["http:\/\/orthodoxia.be"],"url":"https:\/\/orthodoxia.be\/fr\/author\/p-emilianos\/"}]}},"_links":{"self":[{"href":"https:\/\/orthodoxia.be\/fr\/wp-json\/wp\/v2\/posts\/24676","targetHints":{"allow":["GET"]}}],"collection":[{"href":"https:\/\/orthodoxia.be\/fr\/wp-json\/wp\/v2\/posts"}],"about":[{"href":"https:\/\/orthodoxia.be\/fr\/wp-json\/wp\/v2\/types\/post"}],"author":[{"embeddable":true,"href":"https:\/\/orthodoxia.be\/fr\/wp-json\/wp\/v2\/users\/10"}],"replies":[{"embeddable":true,"href":"https:\/\/orthodoxia.be\/fr\/wp-json\/wp\/v2\/comments?post=24676"}],"version-history":[{"count":1,"href":"https:\/\/orthodoxia.be\/fr\/wp-json\/wp\/v2\/posts\/24676\/revisions"}],"predecessor-version":[{"id":24677,"href":"https:\/\/orthodoxia.be\/fr\/wp-json\/wp\/v2\/posts\/24676\/revisions\/24677"}],"wp:featuredmedia":[{"embeddable":true,"href":"https:\/\/orthodoxia.be\/fr\/wp-json\/wp\/v2\/media\/24664"}],"wp:attachment":[{"href":"https:\/\/orthodoxia.be\/fr\/wp-json\/wp\/v2\/media?parent=24676"}],"wp:term":[{"taxonomy":"category","embeddable":true,"href":"https:\/\/orthodoxia.be\/fr\/wp-json\/wp\/v2\/categories?post=24676"},{"taxonomy":"post_tag","embeddable":true,"href":"https:\/\/orthodoxia.be\/fr\/wp-json\/wp\/v2\/tags?post=24676"}],"curies":[{"name":"wp","href":"https:\/\/api.w.org\/{rel}","templated":true}]}}