{"id":24708,"date":"2020-03-31T12:48:30","date_gmt":"2020-03-31T10:48:30","guid":{"rendered":"http:\/\/orthodoxia.be\/?p=24708"},"modified":"2020-03-31T12:48:30","modified_gmt":"2020-03-31T10:48:30","slug":"le-grand-careme-emission-radio-15-3-2009","status":"publish","type":"post","link":"https:\/\/orthodoxia.be\/fr\/2020\/03\/31\/le-grand-careme-emission-radio-15-3-2009\/","title":{"rendered":"\u201cLe Grand Car\u00eame\u201d, Emission Radio (15-3-2009)"},"content":{"rendered":"<p style=\"text-align: justify;\">Chers amis,<\/p>\n<p style=\"text-align: justify;\">Nous vous proposon une ancienne \u00e9mission radio, faite par Son Eminence notre M\u00e9tropolite Ath\u00e9nagoras, dans le cadre des \u00e9mission \u2018Orthodoxie\u2019 pour la RTBF.<\/p>\n<p style=\"text-align: justify;\">Le th\u00e8me de cette \u00e9mission est \u2018Le Grand Car\u00eame\u201d, comme pr\u00e9paration \u00e0 la grande f\u00eate de la R\u00e9surrection de notre Seigneur et Sauveur J\u00e9sus Christ.<\/p>\n<p style=\"text-align: justify;\">\u00a9 Orthodoxie \u2013 2009 (www.orthodoxia.be)<\/p>\n<p style=\"text-align: center;\"><!--[if lt IE 9]><script>document.createElement('audio');<\/script><![endif]-->\n<audio class=\"wp-audio-shortcode\" id=\"audio-24708-1\" preload=\"none\" style=\"width: 100%;\" controls=\"controls\"><source type=\"audio\/mpeg\" src=\"http:\/\/orthodoxia.be\/wp-content\/uploads\/2020\/03\/2009.03.15-Grand_Careme.mp3?_=1\" \/><a href=\"http:\/\/orthodoxia.be\/wp-content\/uploads\/2020\/03\/2009.03.15-Grand_Careme.mp3\">http:\/\/orthodoxia.be\/wp-content\/uploads\/2020\/03\/2009.03.15-Grand_Careme.mp3<\/a><\/audio><\/p>\n","protected":false},"excerpt":{"rendered":"<p>Chers amis, Nous vous proposon une ancienne \u00e9mission radio, faite par Son Eminence notre M\u00e9tropolite Ath\u00e9nagoras, dans le cadre des \u00e9mission \u2018Orthodoxie\u2019 pour la RTBF. Le th\u00e8me de cette \u00e9mission est \u2018Le Grand Car\u00eame\u201d, comme pr\u00e9paration \u00e0 la grande f\u00eate de la R\u00e9surrection de notre Seigneur et Sauveur J\u00e9sus Christ. \u00a9 Orthodoxie \u2013 2009 (www.orthodoxia.be)<\/p>\n","protected":false},"author":10,"featured_media":24718,"comment_status":"closed","ping_status":"open","sticky":false,"template":"","format":"standard","meta":{"_acf_changed":false,"footnotes":""},"categories":[14,75,303],"tags":[],"class_list":["post-24708","post","type-post","status-publish","format-standard","has-post-thumbnail","hentry","category-actualite","category-la-theologie-orthodoxe","category-rtbf"],"acf":[],"yoast_head":"<!-- This site is optimized with the Yoast SEO plugin v24.3 - https:\/\/yoast.com\/wordpress\/plugins\/seo\/ -->\n<title>\u201cLe Grand Car\u00eame\u201d, Emission Radio (15-3-2009) - Archev\u00each\u00e9 Orthodoxe de Belgique<\/title>\n<meta name=\"robots\" content=\"index, follow, max-snippet:-1, max-image-preview:large, max-video-preview:-1\" \/>\n<link rel=\"canonical\" href=\"https:\/\/orthodoxia.be\/fr\/2020\/03\/31\/le-grand-careme-emission-radio-15-3-2009\/\" \/>\n<meta property=\"og:locale\" content=\"fr_FR\" \/>\n<meta property=\"og:type\" content=\"article\" \/>\n<meta property=\"og:title\" content=\"\u201cLe Grand Car\u00eame\u201d, Emission Radio (15-3-2009) - Archev\u00each\u00e9 Orthodoxe de Belgique\" \/>\n<meta property=\"og:description\" content=\"Chers amis, Nous vous proposon une ancienne \u00e9mission radio, faite par Son Eminence notre M\u00e9tropolite Ath\u00e9nagoras, dans le cadre des \u00e9mission \u2018Orthodoxie\u2019 pour la RTBF. Le th\u00e8me de cette \u00e9mission est \u2018Le Grand Car\u00eame\u201d, comme pr\u00e9paration \u00e0 la grande f\u00eate de la R\u00e9surrection de notre Seigneur et Sauveur J\u00e9sus Christ. \u00a9 Orthodoxie \u2013 2009 (www.orthodoxia.be)\" \/>\n<meta property=\"og:url\" content=\"https:\/\/orthodoxia.be\/fr\/2020\/03\/31\/le-grand-careme-emission-radio-15-3-2009\/\" \/>\n<meta property=\"og:site_name\" content=\"Archev\u00each\u00e9 Orthodoxe de Belgique\" \/>\n<meta property=\"article:publisher\" content=\"https:\/\/www.facebook.com\/orthobel\" \/>\n<meta property=\"article:published_time\" content=\"2020-03-31T10:48:30+00:00\" \/>\n<meta property=\"og:image\" content=\"https:\/\/orthodoxia.be\/wp-content\/uploads\/2020\/03\/kyriakityrinis1.jpg\" \/>\n\t<meta property=\"og:image:width\" content=\"600\" \/>\n\t<meta property=\"og:image:height\" content=\"780\" \/>\n\t<meta property=\"og:image:type\" content=\"image\/jpeg\" \/>\n<meta name=\"author\" content=\"fr. Emilianos Chatzivasileiou\" \/>\n<meta name=\"twitter:card\" content=\"summary_large_image\" \/>\n<meta name=\"twitter:creator\" content=\"@orthobel\" \/>\n<meta name=\"twitter:site\" content=\"@orthobel\" \/>\n<meta name=\"twitter:label1\" content=\"\u00c9crit par\" \/>\n\t<meta name=\"twitter:data1\" content=\"fr. Emilianos Chatzivasileiou\" \/>\n<script type=\"application\/ld+json\" class=\"yoast-schema-graph\">{\"@context\":\"https:\/\/schema.org\",\"@graph\":[{\"@type\":\"Article\",\"@id\":\"https:\/\/orthodoxia.be\/fr\/2020\/03\/31\/le-grand-careme-emission-radio-15-3-2009\/#article\",\"isPartOf\":{\"@id\":\"https:\/\/orthodoxia.be\/fr\/2020\/03\/31\/le-grand-careme-emission-radio-15-3-2009\/\"},\"author\":{\"name\":\"fr. Emilianos Chatzivasileiou\",\"@id\":\"https:\/\/orthodoxia.be\/#\/schema\/person\/f6c4fd8f4c3dfc201522ccccede872c4\"},\"headline\":\"\u201cLe Grand Car\u00eame\u201d, Emission Radio (15-3-2009)\",\"datePublished\":\"2020-03-31T10:48:30+00:00\",\"dateModified\":\"2020-03-31T10:48:30+00:00\",\"mainEntityOfPage\":{\"@id\":\"https:\/\/orthodoxia.be\/fr\/2020\/03\/31\/le-grand-careme-emission-radio-15-3-2009\/\"},\"wordCount\":80,\"publisher\":{\"@id\":\"https:\/\/orthodoxia.be\/#organization\"},\"image\":{\"@id\":\"https:\/\/orthodoxia.be\/fr\/2020\/03\/31\/le-grand-careme-emission-radio-15-3-2009\/#primaryimage\"},\"thumbnailUrl\":\"https:\/\/orthodoxia.be\/wp-content\/uploads\/2020\/03\/kyriakityrinis1.jpg\",\"articleSection\":[\"Actualit\u00e9\",\"La th\u00e9ologie orthodoxe\",\"RTBF\"],\"inLanguage\":\"fr-BE\"},{\"@type\":\"WebPage\",\"@id\":\"https:\/\/orthodoxia.be\/fr\/2020\/03\/31\/le-grand-careme-emission-radio-15-3-2009\/\",\"url\":\"https:\/\/orthodoxia.be\/fr\/2020\/03\/31\/le-grand-careme-emission-radio-15-3-2009\/\",\"name\":\"\u201cLe Grand Car\u00eame\u201d, Emission Radio (15-3-2009) - Archev\u00each\u00e9 Orthodoxe de Belgique\",\"isPartOf\":{\"@id\":\"https:\/\/orthodoxia.be\/#website\"},\"primaryImageOfPage\":{\"@id\":\"https:\/\/orthodoxia.be\/fr\/2020\/03\/31\/le-grand-careme-emission-radio-15-3-2009\/#primaryimage\"},\"image\":{\"@id\":\"https:\/\/orthodoxia.be\/fr\/2020\/03\/31\/le-grand-careme-emission-radio-15-3-2009\/#primaryimage\"},\"thumbnailUrl\":\"https:\/\/orthodoxia.be\/wp-content\/uploads\/2020\/03\/kyriakityrinis1.jpg\",\"datePublished\":\"2020-03-31T10:48:30+00:00\",\"dateModified\":\"2020-03-31T10:48:30+00:00\",\"breadcrumb\":{\"@id\":\"https:\/\/orthodoxia.be\/fr\/2020\/03\/31\/le-grand-careme-emission-radio-15-3-2009\/#breadcrumb\"},\"inLanguage\":\"fr-BE\",\"potentialAction\":[{\"@type\":\"ReadAction\",\"target\":[\"https:\/\/orthodoxia.be\/fr\/2020\/03\/31\/le-grand-careme-emission-radio-15-3-2009\/\"]}]},{\"@type\":\"ImageObject\",\"inLanguage\":\"fr-BE\",\"@id\":\"https:\/\/orthodoxia.be\/fr\/2020\/03\/31\/le-grand-careme-emission-radio-15-3-2009\/#primaryimage\",\"url\":\"https:\/\/orthodoxia.be\/wp-content\/uploads\/2020\/03\/kyriakityrinis1.jpg\",\"contentUrl\":\"https:\/\/orthodoxia.be\/wp-content\/uploads\/2020\/03\/kyriakityrinis1.jpg\",\"width\":600,\"height\":780},{\"@type\":\"BreadcrumbList\",\"@id\":\"https:\/\/orthodoxia.be\/fr\/2020\/03\/31\/le-grand-careme-emission-radio-15-3-2009\/#breadcrumb\",\"itemListElement\":[{\"@type\":\"ListItem\",\"position\":1,\"name\":\"Home\",\"item\":\"https:\/\/orthodoxia.be\/fr\/\"},{\"@type\":\"ListItem\",\"position\":2,\"name\":\"\u201cLe Grand Car\u00eame\u201d, Emission Radio (15-3-2009)\"}]},{\"@type\":\"WebSite\",\"@id\":\"https:\/\/orthodoxia.be\/#website\",\"url\":\"https:\/\/orthodoxia.be\/\",\"name\":\"Orthodox Archdiocese of Belgium (Benelux)\",\"description\":\"Exarque des Pays-Bas et du Luxembourg\",\"publisher\":{\"@id\":\"https:\/\/orthodoxia.be\/#organization\"},\"alternateName\":\"IMB\",\"potentialAction\":[{\"@type\":\"SearchAction\",\"target\":{\"@type\":\"EntryPoint\",\"urlTemplate\":\"https:\/\/orthodoxia.be\/?s={search_term_string}\"},\"query-input\":{\"@type\":\"PropertyValueSpecification\",\"valueRequired\":true,\"valueName\":\"search_term_string\"}}],\"inLanguage\":\"fr-BE\"},{\"@type\":\"Organization\",\"@id\":\"https:\/\/orthodoxia.be\/#organization\",\"name\":\"Orthodox Archdiocese of Belgium (Benelux)\",\"url\":\"https:\/\/orthodoxia.be\/\",\"logo\":{\"@type\":\"ImageObject\",\"inLanguage\":\"fr-BE\",\"@id\":\"https:\/\/orthodoxia.be\/#\/schema\/logo\/image\/\",\"url\":\"https:\/\/orthodoxia.be\/wp-content\/uploads\/2024\/02\/cropped-IMB-logo-512-cl-1.png\",\"contentUrl\":\"https:\/\/orthodoxia.be\/wp-content\/uploads\/2024\/02\/cropped-IMB-logo-512-cl-1.png\",\"width\":512,\"height\":512,\"caption\":\"Orthodox Archdiocese of Belgium (Benelux)\"},\"image\":{\"@id\":\"https:\/\/orthodoxia.be\/#\/schema\/logo\/image\/\"},\"sameAs\":[\"https:\/\/www.facebook.com\/orthobel\",\"https:\/\/x.com\/orthobel\",\"https:\/\/www.youtube.com\/c\/orthobel\",\"https:\/\/www.mixcloud.com\/orthobel\/\",\"https:\/\/www.flickr.com\/photos\/148264890@N07\/albums\",\"https:\/\/www.dailymotion.com\/Orthobel\"]},{\"@type\":\"Person\",\"@id\":\"https:\/\/orthodoxia.be\/#\/schema\/person\/f6c4fd8f4c3dfc201522ccccede872c4\",\"name\":\"fr. Emilianos Chatzivasileiou\",\"image\":{\"@type\":\"ImageObject\",\"inLanguage\":\"fr-BE\",\"@id\":\"https:\/\/orthodoxia.be\/#\/schema\/person\/image\/\",\"url\":\"https:\/\/secure.gravatar.com\/avatar\/5b67115dbb9ae1579c39e9ae857d39ac?s=96&d=mm&r=g\",\"contentUrl\":\"https:\/\/secure.gravatar.com\/avatar\/5b67115dbb9ae1579c39e9ae857d39ac?s=96&d=mm&r=g\",\"caption\":\"fr. Emilianos Chatzivasileiou\"},\"sameAs\":[\"http:\/\/orthodoxia.be\"],\"url\":\"https:\/\/orthodoxia.be\/fr\/author\/p-emilianos\/\"}]}<\/script>\n<!-- \/ Yoast SEO plugin. -->","yoast_head_json":{"title":"\u201cLe Grand Car\u00eame\u201d, Emission Radio (15-3-2009) - Archev\u00each\u00e9 Orthodoxe de Belgique","robots":{"index":"index","follow":"follow","max-snippet":"max-snippet:-1","max-image-preview":"max-image-preview:large","max-video-preview":"max-video-preview:-1"},"canonical":"https:\/\/orthodoxia.be\/fr\/2020\/03\/31\/le-grand-careme-emission-radio-15-3-2009\/","og_locale":"fr_FR","og_type":"article","og_title":"\u201cLe Grand Car\u00eame\u201d, Emission Radio (15-3-2009) - Archev\u00each\u00e9 Orthodoxe de Belgique","og_description":"Chers amis, Nous vous proposon une ancienne \u00e9mission radio, faite par Son Eminence notre M\u00e9tropolite Ath\u00e9nagoras, dans le cadre des \u00e9mission \u2018Orthodoxie\u2019 pour la RTBF. Le th\u00e8me de cette \u00e9mission est \u2018Le Grand Car\u00eame\u201d, comme pr\u00e9paration \u00e0 la grande f\u00eate de la R\u00e9surrection de notre Seigneur et Sauveur J\u00e9sus Christ. \u00a9 Orthodoxie \u2013 2009 (www.orthodoxia.be)","og_url":"https:\/\/orthodoxia.be\/fr\/2020\/03\/31\/le-grand-careme-emission-radio-15-3-2009\/","og_site_name":"Archev\u00each\u00e9 Orthodoxe de Belgique","article_publisher":"https:\/\/www.facebook.com\/orthobel","article_published_time":"2020-03-31T10:48:30+00:00","og_image":[{"width":600,"height":780,"url":"https:\/\/orthodoxia.be\/wp-content\/uploads\/2020\/03\/kyriakityrinis1.jpg","type":"image\/jpeg"}],"author":"fr. Emilianos Chatzivasileiou","twitter_card":"summary_large_image","twitter_creator":"@orthobel","twitter_site":"@orthobel","twitter_misc":{"\u00c9crit par":"fr. Emilianos Chatzivasileiou"},"schema":{"@context":"https:\/\/schema.org","@graph":[{"@type":"Article","@id":"https:\/\/orthodoxia.be\/fr\/2020\/03\/31\/le-grand-careme-emission-radio-15-3-2009\/#article","isPartOf":{"@id":"https:\/\/orthodoxia.be\/fr\/2020\/03\/31\/le-grand-careme-emission-radio-15-3-2009\/"},"author":{"name":"fr. Emilianos Chatzivasileiou","@id":"https:\/\/orthodoxia.be\/#\/schema\/person\/f6c4fd8f4c3dfc201522ccccede872c4"},"headline":"\u201cLe Grand Car\u00eame\u201d, Emission Radio (15-3-2009)","datePublished":"2020-03-31T10:48:30+00:00","dateModified":"2020-03-31T10:48:30+00:00","mainEntityOfPage":{"@id":"https:\/\/orthodoxia.be\/fr\/2020\/03\/31\/le-grand-careme-emission-radio-15-3-2009\/"},"wordCount":80,"publisher":{"@id":"https:\/\/orthodoxia.be\/#organization"},"image":{"@id":"https:\/\/orthodoxia.be\/fr\/2020\/03\/31\/le-grand-careme-emission-radio-15-3-2009\/#primaryimage"},"thumbnailUrl":"https:\/\/orthodoxia.be\/wp-content\/uploads\/2020\/03\/kyriakityrinis1.jpg","articleSection":["Actualit\u00e9","La th\u00e9ologie orthodoxe","RTBF"],"inLanguage":"fr-BE"},{"@type":"WebPage","@id":"https:\/\/orthodoxia.be\/fr\/2020\/03\/31\/le-grand-careme-emission-radio-15-3-2009\/","url":"https:\/\/orthodoxia.be\/fr\/2020\/03\/31\/le-grand-careme-emission-radio-15-3-2009\/","name":"\u201cLe Grand Car\u00eame\u201d, Emission Radio (15-3-2009) - Archev\u00each\u00e9 Orthodoxe de Belgique","isPartOf":{"@id":"https:\/\/orthodoxia.be\/#website"},"primaryImageOfPage":{"@id":"https:\/\/orthodoxia.be\/fr\/2020\/03\/31\/le-grand-careme-emission-radio-15-3-2009\/#primaryimage"},"image":{"@id":"https:\/\/orthodoxia.be\/fr\/2020\/03\/31\/le-grand-careme-emission-radio-15-3-2009\/#primaryimage"},"thumbnailUrl":"https:\/\/orthodoxia.be\/wp-content\/uploads\/2020\/03\/kyriakityrinis1.jpg","datePublished":"2020-03-31T10:48:30+00:00","dateModified":"2020-03-31T10:48:30+00:00","breadcrumb":{"@id":"https:\/\/orthodoxia.be\/fr\/2020\/03\/31\/le-grand-careme-emission-radio-15-3-2009\/#breadcrumb"},"inLanguage":"fr-BE","potentialAction":[{"@type":"ReadAction","target":["https:\/\/orthodoxia.be\/fr\/2020\/03\/31\/le-grand-careme-emission-radio-15-3-2009\/"]}]},{"@type":"ImageObject","inLanguage":"fr-BE","@id":"https:\/\/orthodoxia.be\/fr\/2020\/03\/31\/le-grand-careme-emission-radio-15-3-2009\/#primaryimage","url":"https:\/\/orthodoxia.be\/wp-content\/uploads\/2020\/03\/kyriakityrinis1.jpg","contentUrl":"https:\/\/orthodoxia.be\/wp-content\/uploads\/2020\/03\/kyriakityrinis1.jpg","width":600,"height":780},{"@type":"BreadcrumbList","@id":"https:\/\/orthodoxia.be\/fr\/2020\/03\/31\/le-grand-careme-emission-radio-15-3-2009\/#breadcrumb","itemListElement":[{"@type":"ListItem","position":1,"name":"Home","item":"https:\/\/orthodoxia.be\/fr\/"},{"@type":"ListItem","position":2,"name":"\u201cLe Grand Car\u00eame\u201d, Emission Radio (15-3-2009)"}]},{"@type":"WebSite","@id":"https:\/\/orthodoxia.be\/#website","url":"https:\/\/orthodoxia.be\/","name":"Orthodox Archdiocese of Belgium (Benelux)","description":"Exarque des Pays-Bas et du Luxembourg","publisher":{"@id":"https:\/\/orthodoxia.be\/#organization"},"alternateName":"IMB","potentialAction":[{"@type":"SearchAction","target":{"@type":"EntryPoint","urlTemplate":"https:\/\/orthodoxia.be\/?s={search_term_string}"},"query-input":{"@type":"PropertyValueSpecification","valueRequired":true,"valueName":"search_term_string"}}],"inLanguage":"fr-BE"},{"@type":"Organization","@id":"https:\/\/orthodoxia.be\/#organization","name":"Orthodox Archdiocese of Belgium (Benelux)","url":"https:\/\/orthodoxia.be\/","logo":{"@type":"ImageObject","inLanguage":"fr-BE","@id":"https:\/\/orthodoxia.be\/#\/schema\/logo\/image\/","url":"https:\/\/orthodoxia.be\/wp-content\/uploads\/2024\/02\/cropped-IMB-logo-512-cl-1.png","contentUrl":"https:\/\/orthodoxia.be\/wp-content\/uploads\/2024\/02\/cropped-IMB-logo-512-cl-1.png","width":512,"height":512,"caption":"Orthodox Archdiocese of Belgium (Benelux)"},"image":{"@id":"https:\/\/orthodoxia.be\/#\/schema\/logo\/image\/"},"sameAs":["https:\/\/www.facebook.com\/orthobel","https:\/\/x.com\/orthobel","https:\/\/www.youtube.com\/c\/orthobel","https:\/\/www.mixcloud.com\/orthobel\/","https:\/\/www.flickr.com\/photos\/148264890@N07\/albums","https:\/\/www.dailymotion.com\/Orthobel"]},{"@type":"Person","@id":"https:\/\/orthodoxia.be\/#\/schema\/person\/f6c4fd8f4c3dfc201522ccccede872c4","name":"fr. Emilianos Chatzivasileiou","image":{"@type":"ImageObject","inLanguage":"fr-BE","@id":"https:\/\/orthodoxia.be\/#\/schema\/person\/image\/","url":"https:\/\/secure.gravatar.com\/avatar\/5b67115dbb9ae1579c39e9ae857d39ac?s=96&d=mm&r=g","contentUrl":"https:\/\/secure.gravatar.com\/avatar\/5b67115dbb9ae1579c39e9ae857d39ac?s=96&d=mm&r=g","caption":"fr. Emilianos Chatzivasileiou"},"sameAs":["http:\/\/orthodoxia.be"],"url":"https:\/\/orthodoxia.be\/fr\/author\/p-emilianos\/"}]}},"_links":{"self":[{"href":"https:\/\/orthodoxia.be\/fr\/wp-json\/wp\/v2\/posts\/24708","targetHints":{"allow":["GET"]}}],"collection":[{"href":"https:\/\/orthodoxia.be\/fr\/wp-json\/wp\/v2\/posts"}],"about":[{"href":"https:\/\/orthodoxia.be\/fr\/wp-json\/wp\/v2\/types\/post"}],"author":[{"embeddable":true,"href":"https:\/\/orthodoxia.be\/fr\/wp-json\/wp\/v2\/users\/10"}],"replies":[{"embeddable":true,"href":"https:\/\/orthodoxia.be\/fr\/wp-json\/wp\/v2\/comments?post=24708"}],"version-history":[{"count":1,"href":"https:\/\/orthodoxia.be\/fr\/wp-json\/wp\/v2\/posts\/24708\/revisions"}],"predecessor-version":[{"id":24727,"href":"https:\/\/orthodoxia.be\/fr\/wp-json\/wp\/v2\/posts\/24708\/revisions\/24727"}],"wp:featuredmedia":[{"embeddable":true,"href":"https:\/\/orthodoxia.be\/fr\/wp-json\/wp\/v2\/media\/24718"}],"wp:attachment":[{"href":"https:\/\/orthodoxia.be\/fr\/wp-json\/wp\/v2\/media?parent=24708"}],"wp:term":[{"taxonomy":"category","embeddable":true,"href":"https:\/\/orthodoxia.be\/fr\/wp-json\/wp\/v2\/categories?post=24708"},{"taxonomy":"post_tag","embeddable":true,"href":"https:\/\/orthodoxia.be\/fr\/wp-json\/wp\/v2\/tags?post=24708"}],"curies":[{"name":"wp","href":"https:\/\/api.w.org\/{rel}","templated":true}]}}