{"id":24765,"date":"2020-04-01T13:16:37","date_gmt":"2020-04-01T11:16:37","guid":{"rendered":"http:\/\/orthodoxia.be\/?p=24765"},"modified":"2020-04-01T13:28:33","modified_gmt":"2020-04-01T11:28:33","slug":"la-rencontre-annuelle-du-clerge-et-des-jeunes-est-annulee-1-mai-2020","status":"publish","type":"post","link":"https:\/\/orthodoxia.be\/fr\/2020\/04\/01\/la-rencontre-annuelle-du-clerge-et-des-jeunes-est-annulee-1-mai-2020\/","title":{"rendered":"La rencontre annuelle du clerg\u00e9 et des jeunes est annul\u00e9e (1 mai 2020)"},"content":{"rendered":"<p>A tous les jeunes de l&#8217;Archev\u00each\u00e9 de Belgique<\/p>\n<p>Comme chaque ann\u00e9e, l&#8217;Archev\u00each\u00e9 attend avec impatience la rencontre des jeunes et du clerg\u00e9 du 1er mai.<\/p>\n<p>En raison du risque actuel pour la sant\u00e9 mondiale de se rassembler en grands groupes et des restrictions relatives impos\u00e9es par les gouvernements du monde entier, l&#8217;Archev\u00each\u00e9 s\u2019est vu contraint d&#8217;annuler la journ\u00e9e de rencontre du 1er mai 2020.<\/p>\n<p>Cette journ\u00e9e de rencontre sera \u00e0 nouveau organis\u00e9e le 13 mai 2021 (Ascension Catholique Romaine), probablement au m\u00eame endroit qu&#8217;en 2019 : le domaine Castelhof \u00e0 Dilbeek.<\/p>\n<p>De plus amples nouvelles suivront plus tard.<\/p>\n","protected":false},"excerpt":{"rendered":"<p>A tous les jeunes de l&#8217;Archev\u00each\u00e9 de Belgique Comme chaque ann\u00e9e, l&#8217;Archev\u00each\u00e9 attend avec impatience la rencontre des jeunes et du clerg\u00e9 du 1er mai. En raison du risque actuel pour la sant\u00e9 mondiale de se rassembler en grands groupes et des restrictions relatives impos\u00e9es par les gouvernements du monde entier, l&#8217;Archev\u00each\u00e9 s\u2019est vu contraint &hellip; <a href=\"https:\/\/orthodoxia.be\/fr\/2020\/04\/01\/la-rencontre-annuelle-du-clerge-et-des-jeunes-est-annulee-1-mai-2020\/\">Continued<\/a><\/p>\n","protected":false},"author":10,"featured_media":18121,"comment_status":"closed","ping_status":"open","sticky":false,"template":"","format":"standard","meta":{"_acf_changed":false,"footnotes":""},"categories":[14,16,115],"tags":[],"class_list":["post-24765","post","type-post","status-publish","format-standard","has-post-thumbnail","hentry","category-actualite","category-communique","category-jeunesse-orthodoxe"],"acf":[],"yoast_head":"<!-- This site is optimized with the Yoast SEO plugin v24.3 - https:\/\/yoast.com\/wordpress\/plugins\/seo\/ -->\n<title>La rencontre annuelle du clerg\u00e9 et des jeunes est annul\u00e9e (1 mai 2020) - Archev\u00each\u00e9 Orthodoxe de Belgique<\/title>\n<meta name=\"robots\" content=\"index, follow, max-snippet:-1, max-image-preview:large, max-video-preview:-1\" \/>\n<link rel=\"canonical\" href=\"https:\/\/orthodoxia.be\/fr\/2020\/04\/01\/la-rencontre-annuelle-du-clerge-et-des-jeunes-est-annulee-1-mai-2020\/\" \/>\n<meta property=\"og:locale\" content=\"fr_FR\" \/>\n<meta property=\"og:type\" content=\"article\" \/>\n<meta property=\"og:title\" content=\"La rencontre annuelle du clerg\u00e9 et des jeunes est annul\u00e9e (1 mai 2020) - Archev\u00each\u00e9 Orthodoxe de Belgique\" \/>\n<meta property=\"og:description\" content=\"A tous les jeunes de l&#8217;Archev\u00each\u00e9 de Belgique Comme chaque ann\u00e9e, l&#8217;Archev\u00each\u00e9 attend avec impatience la rencontre des jeunes et du clerg\u00e9 du 1er mai. En raison du risque actuel pour la sant\u00e9 mondiale de se rassembler en grands groupes et des restrictions relatives impos\u00e9es par les gouvernements du monde entier, l&#8217;Archev\u00each\u00e9 s\u2019est vu contraint &hellip; Continued\" \/>\n<meta property=\"og:url\" content=\"https:\/\/orthodoxia.be\/fr\/2020\/04\/01\/la-rencontre-annuelle-du-clerge-et-des-jeunes-est-annulee-1-mai-2020\/\" \/>\n<meta property=\"og:site_name\" content=\"Archev\u00each\u00e9 Orthodoxe de Belgique\" \/>\n<meta property=\"article:publisher\" content=\"https:\/\/www.facebook.com\/orthobel\" \/>\n<meta property=\"article:published_time\" content=\"2020-04-01T11:16:37+00:00\" \/>\n<meta property=\"article:modified_time\" content=\"2020-04-01T11:28:33+00:00\" \/>\n<meta property=\"og:image\" content=\"https:\/\/orthodoxia.be\/wp-content\/uploads\/2019\/05\/neolaia.jpg\" \/>\n\t<meta property=\"og:image:width\" content=\"900\" \/>\n\t<meta property=\"og:image:height\" content=\"551\" \/>\n\t<meta property=\"og:image:type\" content=\"image\/jpeg\" \/>\n<meta name=\"author\" content=\"fr. Emilianos Chatzivasileiou\" \/>\n<meta name=\"twitter:card\" content=\"summary_large_image\" \/>\n<meta name=\"twitter:creator\" content=\"@orthobel\" \/>\n<meta name=\"twitter:site\" content=\"@orthobel\" \/>\n<meta name=\"twitter:label1\" content=\"\u00c9crit par\" \/>\n\t<meta name=\"twitter:data1\" content=\"fr. Emilianos Chatzivasileiou\" \/>\n\t<meta name=\"twitter:label2\" content=\"Dur\u00e9e de lecture est.\" \/>\n\t<meta name=\"twitter:data2\" content=\"1 minute\" \/>\n<script type=\"application\/ld+json\" class=\"yoast-schema-graph\">{\"@context\":\"https:\/\/schema.org\",\"@graph\":[{\"@type\":\"Article\",\"@id\":\"https:\/\/orthodoxia.be\/fr\/2020\/04\/01\/la-rencontre-annuelle-du-clerge-et-des-jeunes-est-annulee-1-mai-2020\/#article\",\"isPartOf\":{\"@id\":\"https:\/\/orthodoxia.be\/fr\/2020\/04\/01\/la-rencontre-annuelle-du-clerge-et-des-jeunes-est-annulee-1-mai-2020\/\"},\"author\":{\"name\":\"fr. Emilianos Chatzivasileiou\",\"@id\":\"https:\/\/orthodoxia.be\/#\/schema\/person\/f6c4fd8f4c3dfc201522ccccede872c4\"},\"headline\":\"La rencontre annuelle du clerg\u00e9 et des jeunes est annul\u00e9e (1 mai 2020)\",\"datePublished\":\"2020-04-01T11:16:37+00:00\",\"dateModified\":\"2020-04-01T11:28:33+00:00\",\"mainEntityOfPage\":{\"@id\":\"https:\/\/orthodoxia.be\/fr\/2020\/04\/01\/la-rencontre-annuelle-du-clerge-et-des-jeunes-est-annulee-1-mai-2020\/\"},\"wordCount\":118,\"publisher\":{\"@id\":\"https:\/\/orthodoxia.be\/#organization\"},\"image\":{\"@id\":\"https:\/\/orthodoxia.be\/fr\/2020\/04\/01\/la-rencontre-annuelle-du-clerge-et-des-jeunes-est-annulee-1-mai-2020\/#primaryimage\"},\"thumbnailUrl\":\"https:\/\/orthodoxia.be\/wp-content\/uploads\/2019\/05\/neolaia.jpg\",\"articleSection\":[\"Actualit\u00e9\",\"Communiqu\u00e9\",\"Jeunesse orthodoxe\"],\"inLanguage\":\"fr-BE\"},{\"@type\":\"WebPage\",\"@id\":\"https:\/\/orthodoxia.be\/fr\/2020\/04\/01\/la-rencontre-annuelle-du-clerge-et-des-jeunes-est-annulee-1-mai-2020\/\",\"url\":\"https:\/\/orthodoxia.be\/fr\/2020\/04\/01\/la-rencontre-annuelle-du-clerge-et-des-jeunes-est-annulee-1-mai-2020\/\",\"name\":\"La rencontre annuelle du clerg\u00e9 et des jeunes est annul\u00e9e (1 mai 2020) - Archev\u00each\u00e9 Orthodoxe de Belgique\",\"isPartOf\":{\"@id\":\"https:\/\/orthodoxia.be\/#website\"},\"primaryImageOfPage\":{\"@id\":\"https:\/\/orthodoxia.be\/fr\/2020\/04\/01\/la-rencontre-annuelle-du-clerge-et-des-jeunes-est-annulee-1-mai-2020\/#primaryimage\"},\"image\":{\"@id\":\"https:\/\/orthodoxia.be\/fr\/2020\/04\/01\/la-rencontre-annuelle-du-clerge-et-des-jeunes-est-annulee-1-mai-2020\/#primaryimage\"},\"thumbnailUrl\":\"https:\/\/orthodoxia.be\/wp-content\/uploads\/2019\/05\/neolaia.jpg\",\"datePublished\":\"2020-04-01T11:16:37+00:00\",\"dateModified\":\"2020-04-01T11:28:33+00:00\",\"breadcrumb\":{\"@id\":\"https:\/\/orthodoxia.be\/fr\/2020\/04\/01\/la-rencontre-annuelle-du-clerge-et-des-jeunes-est-annulee-1-mai-2020\/#breadcrumb\"},\"inLanguage\":\"fr-BE\",\"potentialAction\":[{\"@type\":\"ReadAction\",\"target\":[\"https:\/\/orthodoxia.be\/fr\/2020\/04\/01\/la-rencontre-annuelle-du-clerge-et-des-jeunes-est-annulee-1-mai-2020\/\"]}]},{\"@type\":\"ImageObject\",\"inLanguage\":\"fr-BE\",\"@id\":\"https:\/\/orthodoxia.be\/fr\/2020\/04\/01\/la-rencontre-annuelle-du-clerge-et-des-jeunes-est-annulee-1-mai-2020\/#primaryimage\",\"url\":\"https:\/\/orthodoxia.be\/wp-content\/uploads\/2019\/05\/neolaia.jpg\",\"contentUrl\":\"https:\/\/orthodoxia.be\/wp-content\/uploads\/2019\/05\/neolaia.jpg\",\"width\":900,\"height\":551},{\"@type\":\"BreadcrumbList\",\"@id\":\"https:\/\/orthodoxia.be\/fr\/2020\/04\/01\/la-rencontre-annuelle-du-clerge-et-des-jeunes-est-annulee-1-mai-2020\/#breadcrumb\",\"itemListElement\":[{\"@type\":\"ListItem\",\"position\":1,\"name\":\"Home\",\"item\":\"https:\/\/orthodoxia.be\/fr\/\"},{\"@type\":\"ListItem\",\"position\":2,\"name\":\"La rencontre annuelle du clerg\u00e9 et des jeunes est annul\u00e9e (1 mai 2020)\"}]},{\"@type\":\"WebSite\",\"@id\":\"https:\/\/orthodoxia.be\/#website\",\"url\":\"https:\/\/orthodoxia.be\/\",\"name\":\"Orthodox Archdiocese of Belgium (Benelux)\",\"description\":\"Exarque des Pays-Bas et du Luxembourg\",\"publisher\":{\"@id\":\"https:\/\/orthodoxia.be\/#organization\"},\"alternateName\":\"IMB\",\"potentialAction\":[{\"@type\":\"SearchAction\",\"target\":{\"@type\":\"EntryPoint\",\"urlTemplate\":\"https:\/\/orthodoxia.be\/?s={search_term_string}\"},\"query-input\":{\"@type\":\"PropertyValueSpecification\",\"valueRequired\":true,\"valueName\":\"search_term_string\"}}],\"inLanguage\":\"fr-BE\"},{\"@type\":\"Organization\",\"@id\":\"https:\/\/orthodoxia.be\/#organization\",\"name\":\"Orthodox Archdiocese of Belgium (Benelux)\",\"url\":\"https:\/\/orthodoxia.be\/\",\"logo\":{\"@type\":\"ImageObject\",\"inLanguage\":\"fr-BE\",\"@id\":\"https:\/\/orthodoxia.be\/#\/schema\/logo\/image\/\",\"url\":\"https:\/\/orthodoxia.be\/wp-content\/uploads\/2024\/02\/cropped-IMB-logo-512-cl-1.png\",\"contentUrl\":\"https:\/\/orthodoxia.be\/wp-content\/uploads\/2024\/02\/cropped-IMB-logo-512-cl-1.png\",\"width\":512,\"height\":512,\"caption\":\"Orthodox Archdiocese of Belgium (Benelux)\"},\"image\":{\"@id\":\"https:\/\/orthodoxia.be\/#\/schema\/logo\/image\/\"},\"sameAs\":[\"https:\/\/www.facebook.com\/orthobel\",\"https:\/\/x.com\/orthobel\",\"https:\/\/www.youtube.com\/c\/orthobel\",\"https:\/\/www.mixcloud.com\/orthobel\/\",\"https:\/\/www.flickr.com\/photos\/148264890@N07\/albums\",\"https:\/\/www.dailymotion.com\/Orthobel\"]},{\"@type\":\"Person\",\"@id\":\"https:\/\/orthodoxia.be\/#\/schema\/person\/f6c4fd8f4c3dfc201522ccccede872c4\",\"name\":\"fr. Emilianos Chatzivasileiou\",\"image\":{\"@type\":\"ImageObject\",\"inLanguage\":\"fr-BE\",\"@id\":\"https:\/\/orthodoxia.be\/#\/schema\/person\/image\/\",\"url\":\"https:\/\/secure.gravatar.com\/avatar\/5b67115dbb9ae1579c39e9ae857d39ac?s=96&d=mm&r=g\",\"contentUrl\":\"https:\/\/secure.gravatar.com\/avatar\/5b67115dbb9ae1579c39e9ae857d39ac?s=96&d=mm&r=g\",\"caption\":\"fr. Emilianos Chatzivasileiou\"},\"sameAs\":[\"http:\/\/orthodoxia.be\"],\"url\":\"https:\/\/orthodoxia.be\/fr\/author\/p-emilianos\/\"}]}<\/script>\n<!-- \/ Yoast SEO plugin. -->","yoast_head_json":{"title":"La rencontre annuelle du clerg\u00e9 et des jeunes est annul\u00e9e (1 mai 2020) - Archev\u00each\u00e9 Orthodoxe de Belgique","robots":{"index":"index","follow":"follow","max-snippet":"max-snippet:-1","max-image-preview":"max-image-preview:large","max-video-preview":"max-video-preview:-1"},"canonical":"https:\/\/orthodoxia.be\/fr\/2020\/04\/01\/la-rencontre-annuelle-du-clerge-et-des-jeunes-est-annulee-1-mai-2020\/","og_locale":"fr_FR","og_type":"article","og_title":"La rencontre annuelle du clerg\u00e9 et des jeunes est annul\u00e9e (1 mai 2020) - Archev\u00each\u00e9 Orthodoxe de Belgique","og_description":"A tous les jeunes de l&#8217;Archev\u00each\u00e9 de Belgique Comme chaque ann\u00e9e, l&#8217;Archev\u00each\u00e9 attend avec impatience la rencontre des jeunes et du clerg\u00e9 du 1er mai. En raison du risque actuel pour la sant\u00e9 mondiale de se rassembler en grands groupes et des restrictions relatives impos\u00e9es par les gouvernements du monde entier, l&#8217;Archev\u00each\u00e9 s\u2019est vu contraint &hellip; Continued","og_url":"https:\/\/orthodoxia.be\/fr\/2020\/04\/01\/la-rencontre-annuelle-du-clerge-et-des-jeunes-est-annulee-1-mai-2020\/","og_site_name":"Archev\u00each\u00e9 Orthodoxe de Belgique","article_publisher":"https:\/\/www.facebook.com\/orthobel","article_published_time":"2020-04-01T11:16:37+00:00","article_modified_time":"2020-04-01T11:28:33+00:00","og_image":[{"width":900,"height":551,"url":"https:\/\/orthodoxia.be\/wp-content\/uploads\/2019\/05\/neolaia.jpg","type":"image\/jpeg"}],"author":"fr. Emilianos Chatzivasileiou","twitter_card":"summary_large_image","twitter_creator":"@orthobel","twitter_site":"@orthobel","twitter_misc":{"\u00c9crit par":"fr. Emilianos Chatzivasileiou","Dur\u00e9e de lecture est.":"1 minute"},"schema":{"@context":"https:\/\/schema.org","@graph":[{"@type":"Article","@id":"https:\/\/orthodoxia.be\/fr\/2020\/04\/01\/la-rencontre-annuelle-du-clerge-et-des-jeunes-est-annulee-1-mai-2020\/#article","isPartOf":{"@id":"https:\/\/orthodoxia.be\/fr\/2020\/04\/01\/la-rencontre-annuelle-du-clerge-et-des-jeunes-est-annulee-1-mai-2020\/"},"author":{"name":"fr. Emilianos Chatzivasileiou","@id":"https:\/\/orthodoxia.be\/#\/schema\/person\/f6c4fd8f4c3dfc201522ccccede872c4"},"headline":"La rencontre annuelle du clerg\u00e9 et des jeunes est annul\u00e9e (1 mai 2020)","datePublished":"2020-04-01T11:16:37+00:00","dateModified":"2020-04-01T11:28:33+00:00","mainEntityOfPage":{"@id":"https:\/\/orthodoxia.be\/fr\/2020\/04\/01\/la-rencontre-annuelle-du-clerge-et-des-jeunes-est-annulee-1-mai-2020\/"},"wordCount":118,"publisher":{"@id":"https:\/\/orthodoxia.be\/#organization"},"image":{"@id":"https:\/\/orthodoxia.be\/fr\/2020\/04\/01\/la-rencontre-annuelle-du-clerge-et-des-jeunes-est-annulee-1-mai-2020\/#primaryimage"},"thumbnailUrl":"https:\/\/orthodoxia.be\/wp-content\/uploads\/2019\/05\/neolaia.jpg","articleSection":["Actualit\u00e9","Communiqu\u00e9","Jeunesse orthodoxe"],"inLanguage":"fr-BE"},{"@type":"WebPage","@id":"https:\/\/orthodoxia.be\/fr\/2020\/04\/01\/la-rencontre-annuelle-du-clerge-et-des-jeunes-est-annulee-1-mai-2020\/","url":"https:\/\/orthodoxia.be\/fr\/2020\/04\/01\/la-rencontre-annuelle-du-clerge-et-des-jeunes-est-annulee-1-mai-2020\/","name":"La rencontre annuelle du clerg\u00e9 et des jeunes est annul\u00e9e (1 mai 2020) - Archev\u00each\u00e9 Orthodoxe de Belgique","isPartOf":{"@id":"https:\/\/orthodoxia.be\/#website"},"primaryImageOfPage":{"@id":"https:\/\/orthodoxia.be\/fr\/2020\/04\/01\/la-rencontre-annuelle-du-clerge-et-des-jeunes-est-annulee-1-mai-2020\/#primaryimage"},"image":{"@id":"https:\/\/orthodoxia.be\/fr\/2020\/04\/01\/la-rencontre-annuelle-du-clerge-et-des-jeunes-est-annulee-1-mai-2020\/#primaryimage"},"thumbnailUrl":"https:\/\/orthodoxia.be\/wp-content\/uploads\/2019\/05\/neolaia.jpg","datePublished":"2020-04-01T11:16:37+00:00","dateModified":"2020-04-01T11:28:33+00:00","breadcrumb":{"@id":"https:\/\/orthodoxia.be\/fr\/2020\/04\/01\/la-rencontre-annuelle-du-clerge-et-des-jeunes-est-annulee-1-mai-2020\/#breadcrumb"},"inLanguage":"fr-BE","potentialAction":[{"@type":"ReadAction","target":["https:\/\/orthodoxia.be\/fr\/2020\/04\/01\/la-rencontre-annuelle-du-clerge-et-des-jeunes-est-annulee-1-mai-2020\/"]}]},{"@type":"ImageObject","inLanguage":"fr-BE","@id":"https:\/\/orthodoxia.be\/fr\/2020\/04\/01\/la-rencontre-annuelle-du-clerge-et-des-jeunes-est-annulee-1-mai-2020\/#primaryimage","url":"https:\/\/orthodoxia.be\/wp-content\/uploads\/2019\/05\/neolaia.jpg","contentUrl":"https:\/\/orthodoxia.be\/wp-content\/uploads\/2019\/05\/neolaia.jpg","width":900,"height":551},{"@type":"BreadcrumbList","@id":"https:\/\/orthodoxia.be\/fr\/2020\/04\/01\/la-rencontre-annuelle-du-clerge-et-des-jeunes-est-annulee-1-mai-2020\/#breadcrumb","itemListElement":[{"@type":"ListItem","position":1,"name":"Home","item":"https:\/\/orthodoxia.be\/fr\/"},{"@type":"ListItem","position":2,"name":"La rencontre annuelle du clerg\u00e9 et des jeunes est annul\u00e9e (1 mai 2020)"}]},{"@type":"WebSite","@id":"https:\/\/orthodoxia.be\/#website","url":"https:\/\/orthodoxia.be\/","name":"Orthodox Archdiocese of Belgium (Benelux)","description":"Exarque des Pays-Bas et du Luxembourg","publisher":{"@id":"https:\/\/orthodoxia.be\/#organization"},"alternateName":"IMB","potentialAction":[{"@type":"SearchAction","target":{"@type":"EntryPoint","urlTemplate":"https:\/\/orthodoxia.be\/?s={search_term_string}"},"query-input":{"@type":"PropertyValueSpecification","valueRequired":true,"valueName":"search_term_string"}}],"inLanguage":"fr-BE"},{"@type":"Organization","@id":"https:\/\/orthodoxia.be\/#organization","name":"Orthodox Archdiocese of Belgium (Benelux)","url":"https:\/\/orthodoxia.be\/","logo":{"@type":"ImageObject","inLanguage":"fr-BE","@id":"https:\/\/orthodoxia.be\/#\/schema\/logo\/image\/","url":"https:\/\/orthodoxia.be\/wp-content\/uploads\/2024\/02\/cropped-IMB-logo-512-cl-1.png","contentUrl":"https:\/\/orthodoxia.be\/wp-content\/uploads\/2024\/02\/cropped-IMB-logo-512-cl-1.png","width":512,"height":512,"caption":"Orthodox Archdiocese of Belgium (Benelux)"},"image":{"@id":"https:\/\/orthodoxia.be\/#\/schema\/logo\/image\/"},"sameAs":["https:\/\/www.facebook.com\/orthobel","https:\/\/x.com\/orthobel","https:\/\/www.youtube.com\/c\/orthobel","https:\/\/www.mixcloud.com\/orthobel\/","https:\/\/www.flickr.com\/photos\/148264890@N07\/albums","https:\/\/www.dailymotion.com\/Orthobel"]},{"@type":"Person","@id":"https:\/\/orthodoxia.be\/#\/schema\/person\/f6c4fd8f4c3dfc201522ccccede872c4","name":"fr. Emilianos Chatzivasileiou","image":{"@type":"ImageObject","inLanguage":"fr-BE","@id":"https:\/\/orthodoxia.be\/#\/schema\/person\/image\/","url":"https:\/\/secure.gravatar.com\/avatar\/5b67115dbb9ae1579c39e9ae857d39ac?s=96&d=mm&r=g","contentUrl":"https:\/\/secure.gravatar.com\/avatar\/5b67115dbb9ae1579c39e9ae857d39ac?s=96&d=mm&r=g","caption":"fr. Emilianos Chatzivasileiou"},"sameAs":["http:\/\/orthodoxia.be"],"url":"https:\/\/orthodoxia.be\/fr\/author\/p-emilianos\/"}]}},"_links":{"self":[{"href":"https:\/\/orthodoxia.be\/fr\/wp-json\/wp\/v2\/posts\/24765","targetHints":{"allow":["GET"]}}],"collection":[{"href":"https:\/\/orthodoxia.be\/fr\/wp-json\/wp\/v2\/posts"}],"about":[{"href":"https:\/\/orthodoxia.be\/fr\/wp-json\/wp\/v2\/types\/post"}],"author":[{"embeddable":true,"href":"https:\/\/orthodoxia.be\/fr\/wp-json\/wp\/v2\/users\/10"}],"replies":[{"embeddable":true,"href":"https:\/\/orthodoxia.be\/fr\/wp-json\/wp\/v2\/comments?post=24765"}],"version-history":[{"count":1,"href":"https:\/\/orthodoxia.be\/fr\/wp-json\/wp\/v2\/posts\/24765\/revisions"}],"predecessor-version":[{"id":24766,"href":"https:\/\/orthodoxia.be\/fr\/wp-json\/wp\/v2\/posts\/24765\/revisions\/24766"}],"wp:featuredmedia":[{"embeddable":true,"href":"https:\/\/orthodoxia.be\/fr\/wp-json\/wp\/v2\/media\/18121"}],"wp:attachment":[{"href":"https:\/\/orthodoxia.be\/fr\/wp-json\/wp\/v2\/media?parent=24765"}],"wp:term":[{"taxonomy":"category","embeddable":true,"href":"https:\/\/orthodoxia.be\/fr\/wp-json\/wp\/v2\/categories?post=24765"},{"taxonomy":"post_tag","embeddable":true,"href":"https:\/\/orthodoxia.be\/fr\/wp-json\/wp\/v2\/tags?post=24765"}],"curies":[{"name":"wp","href":"https:\/\/api.w.org\/{rel}","templated":true}]}}