{"id":24901,"date":"2020-04-06T13:17:15","date_gmt":"2020-04-06T11:17:15","guid":{"rendered":"http:\/\/orthodoxia.be\/?p=24901"},"modified":"2020-04-06T15:45:39","modified_gmt":"2020-04-06T13:45:39","slug":"corona-declaration-des-chefs-de-cultes-de-belgique-rester-unis-plus-que-jamais","status":"publish","type":"post","link":"https:\/\/orthodoxia.be\/fr\/2020\/04\/06\/corona-declaration-des-chefs-de-cultes-de-belgique-rester-unis-plus-que-jamais\/","title":{"rendered":"Corona : d\u00e9claration des chefs de cultes de Belgique : \u00abrester unis plus que jamais\u00bb."},"content":{"rendered":"<p style=\"text-align: justify;\">Tout est devenu tr\u00e8s calme aujourd\u2019hui. Ce que nous vivons est du jamais vu. Nous pensions que de tels \u00e9v\u00e9nements ne pouvaient plus se produire, jadis peut-\u00eatre et sans doute ailleurs mais s\u00fbrement pas dans une soci\u00e9t\u00e9 d\u00e9velopp\u00e9e comme la n\u00f4tre.<\/p>\n<p style=\"text-align: justify;\">Nous nous sentions seigneur et ma\u00eetre, intouchables. Le coronavirus Covid-19 nous enl\u00e8ve cette illusion: nous ne ma\u00eetrisons pas tout, nous sommes des \u00eatres fragiles et vuln\u00e9rables, non seulement ici ou l\u00e0, mais partout dans le monde.<\/p>\n<p style=\"text-align: justify;\">Dans cette ins\u00e9curit\u00e9 et cette angoisse germe cependant un signe d\u2019espoir et de force: on constate en effet, l\u2019ampleur de la solidarit\u00e9 au sein de notre soci\u00e9t\u00e9. On tente parfois de r\u00e9soudre les probl\u00e8mes et les d\u00e9fis auxquels on est confront\u00e9 en les maintenant hors de nos fronti\u00e8res, mais le virus ne conna\u00eet pas de fronti\u00e8res. Dieu nous a confi\u00e9 cette terre, c\u2019est notre maison commune. Nous sommes responsables les uns des autres.<\/p>\n<p style=\"text-align: justify;\">Notre attention va en premier lieu aux victimes du virus : ceux qui sont contamin\u00e9s, ceux qui sont hospitalis\u00e9s, principalement ceux qui en sont d\u00e9c\u00e9d\u00e9s et les familles qui vivent cela de tr\u00e8s pr\u00e8s. Notre reconnaissance est tr\u00e8s vive \u00e0 l\u2019\u00e9gard de tous ceux qui leur sont proches: les m\u00e9decins, le personnel soignant et les nombreux b\u00e9n\u00e9voles. A l\u2019\u00e9gard aussi de ceux qui continuent d\u2019assurer les services indispensables malgr\u00e9 l\u2019arr\u00eat de la vie sociale.<\/p>\n<p style=\"text-align: justify;\">En tant que dirigeants religieux de notre pays, nous exprimons toute notre estime \u00e0 ceux qui luttent r\u00e9solument contre le virus. Nous disons notre gratitude pour l\u2019aide \u00e0 ceux qui subissent de grandes difficult\u00e9s financi\u00e8res suite \u00e0 cette \u00e9pid\u00e9mie. Nous tenons \u00e9galement en haute estime le sens des responsabilit\u00e9s dont fait preuve la population de notre pays. Un excellent syst\u00e8me de soins de sant\u00e9 a pu \u00eatre mis sur pied dans notre pays au fil des ans. Nous r\u00e9alisons plus que jamais son importance pour l\u2019avenir.<\/p>\n<p style=\"text-align: justify;\">Nous sommes oblig\u00e9s de garder nos distances, mais cela ne peut nous emp\u00eacher de rester unis plus que jamais. Au travers de nos diversit\u00e9s culturelles et religieuses, c\u2019est notre humanit\u00e9 qui nous lie profond\u00e9ment les uns aux autres. Qui que nous soyons et quelles que soient nos convictions, nous sommes des compagnons de route, responsables les uns des autres.<\/p>\n<p style=\"text-align: justify;\">Nos communaut\u00e9s ne peuvent plus se rassembler pour prier dans les synagogues, les \u00e9glises et les mosqu\u00e9es. Mais la solidarit\u00e9 et le devoir de la pri\u00e8re restent toujours d\u2019application. Nous vous adressons un appel pressant: prions chacun selon sa propre tradition, pour les malades et les mourants et ceux qui les assistent. Prions les uns pour les autres et pour notre pays. Prions pour qu\u2019\u00e0 travers cette crise, nous puissions discerner ce qui est important dans la vie. Plus que jamais nos armes sont aujourd\u2019hui la pri\u00e8re et la solidarit\u00e9.<\/p>\n<p style=\"text-align: justify;\">Nous attendons tous la fin rapide de cette crise. Mais nous esp\u00e9rons aussi, qu\u2019une fois pass\u00e9e, nous n\u2019oublierons pas trop vite ce qui nous est arriv\u00e9. Car qui oublie, accroit sa fragilit\u00e9. Cette crise peut nous ouvrir les yeux et nous aider \u00e0 revoir nos priorit\u00e9s, tant dans notre vie priv\u00e9e que dans la vie en soci\u00e9t\u00e9. Puissions-nous, une fois la crise pass\u00e9e, nous souvenir que dans nos diversit\u00e9s, nous avons besoin les uns des autres. Cherchons de nouvelles formes d\u2019hospitalit\u00e9, de fraternit\u00e9 et de solidarit\u00e9. Les religions peuvent jouer un r\u00f4le important dans cette recherche et cette red\u00e9finition de nos priorit\u00e9s. C\u2019est au nom de cette responsabilit\u00e9 que nous, leaders religieux de notre pays, prenons ici la parole.<\/p>\n<p style=\"text-align: justify;\"><strong>Les chefs de cultes de Belgique:<\/strong><\/p>\n<p style=\"text-align: justify;\"><strong>Au nom des communaut\u00e9s juives, chr\u00e9tiennes et musulmanes :<\/strong><\/p>\n<p style=\"text-align: justify;\"><strong>Cardinal Jozef De Kesel,<\/strong><br \/>\n<strong>M\u00e9tropolite Athenagoras Peckstadt,<\/strong><br \/>\n<strong>Pasteur Steven Fuite,<\/strong><br \/>\n<strong>Chanoine Dr. Jack McDonald,<\/strong><br \/>\n<strong>Dr. Geert W. Lorein,<\/strong><br \/>\n<strong>Grand Rabbin Albert Guigui,<\/strong><br \/>\n<strong>Ma\u00eetre Philippe Markiewicz,<\/strong><br \/>\n<strong>Monsieur Mehmet \u00dcst\u00fcn.<\/strong><\/p>\n","protected":false},"excerpt":{"rendered":"<p>Tout est devenu tr\u00e8s calme aujourd\u2019hui. Ce que nous vivons est du jamais vu. Nous pensions que de tels \u00e9v\u00e9nements ne pouvaient plus se produire, jadis peut-\u00eatre et sans doute ailleurs mais s\u00fbrement pas dans une soci\u00e9t\u00e9 d\u00e9velopp\u00e9e comme la n\u00f4tre. Nous nous sentions seigneur et ma\u00eetre, intouchables. Le coronavirus Covid-19 nous enl\u00e8ve cette illusion: &hellip; <a href=\"https:\/\/orthodoxia.be\/fr\/2020\/04\/06\/corona-declaration-des-chefs-de-cultes-de-belgique-rester-unis-plus-que-jamais\/\">Continued<\/a><\/p>\n","protected":false},"author":10,"featured_media":24902,"comment_status":"closed","ping_status":"open","sticky":false,"template":"","format":"standard","meta":{"_acf_changed":false,"footnotes":""},"categories":[14],"tags":[],"class_list":["post-24901","post","type-post","status-publish","format-standard","has-post-thumbnail","hentry","category-actualite"],"acf":[],"yoast_head":"<!-- This site is optimized with the Yoast SEO plugin v24.3 - https:\/\/yoast.com\/wordpress\/plugins\/seo\/ -->\n<title>Corona : d\u00e9claration des chefs de cultes de Belgique : \u00abrester unis plus que jamais\u00bb. - Archev\u00each\u00e9 Orthodoxe de Belgique<\/title>\n<meta name=\"robots\" content=\"index, follow, max-snippet:-1, max-image-preview:large, max-video-preview:-1\" \/>\n<link rel=\"canonical\" href=\"https:\/\/orthodoxia.be\/fr\/2020\/04\/06\/corona-declaration-des-chefs-de-cultes-de-belgique-rester-unis-plus-que-jamais\/\" \/>\n<meta property=\"og:locale\" content=\"fr_FR\" \/>\n<meta property=\"og:type\" content=\"article\" \/>\n<meta property=\"og:title\" content=\"Corona : d\u00e9claration des chefs de cultes de Belgique : \u00abrester unis plus que jamais\u00bb. - Archev\u00each\u00e9 Orthodoxe de Belgique\" \/>\n<meta property=\"og:description\" content=\"Tout est devenu tr\u00e8s calme aujourd\u2019hui. Ce que nous vivons est du jamais vu. Nous pensions que de tels \u00e9v\u00e9nements ne pouvaient plus se produire, jadis peut-\u00eatre et sans doute ailleurs mais s\u00fbrement pas dans une soci\u00e9t\u00e9 d\u00e9velopp\u00e9e comme la n\u00f4tre. Nous nous sentions seigneur et ma\u00eetre, intouchables. Le coronavirus Covid-19 nous enl\u00e8ve cette illusion: &hellip; Continued\" \/>\n<meta property=\"og:url\" content=\"https:\/\/orthodoxia.be\/fr\/2020\/04\/06\/corona-declaration-des-chefs-de-cultes-de-belgique-rester-unis-plus-que-jamais\/\" \/>\n<meta property=\"og:site_name\" content=\"Archev\u00each\u00e9 Orthodoxe de Belgique\" \/>\n<meta property=\"article:publisher\" content=\"https:\/\/www.facebook.com\/orthobel\" \/>\n<meta property=\"article:published_time\" content=\"2020-04-06T11:17:15+00:00\" \/>\n<meta property=\"article:modified_time\" content=\"2020-04-06T13:45:39+00:00\" \/>\n<meta property=\"og:image\" content=\"https:\/\/orthodoxia.be\/wp-content\/uploads\/2020\/04\/image001-e1586171724602.jpg\" \/>\n\t<meta property=\"og:image:width\" content=\"1023\" \/>\n\t<meta property=\"og:image:height\" content=\"767\" \/>\n\t<meta property=\"og:image:type\" content=\"image\/jpeg\" \/>\n<meta name=\"author\" content=\"fr. Emilianos Chatzivasileiou\" \/>\n<meta name=\"twitter:card\" content=\"summary_large_image\" \/>\n<meta name=\"twitter:creator\" content=\"@orthobel\" \/>\n<meta name=\"twitter:site\" content=\"@orthobel\" \/>\n<meta name=\"twitter:label1\" content=\"\u00c9crit par\" \/>\n\t<meta name=\"twitter:data1\" content=\"fr. Emilianos Chatzivasileiou\" \/>\n\t<meta name=\"twitter:label2\" content=\"Dur\u00e9e de lecture est.\" \/>\n\t<meta name=\"twitter:data2\" content=\"3 minutes\" \/>\n<script type=\"application\/ld+json\" class=\"yoast-schema-graph\">{\"@context\":\"https:\/\/schema.org\",\"@graph\":[{\"@type\":\"Article\",\"@id\":\"https:\/\/orthodoxia.be\/fr\/2020\/04\/06\/corona-declaration-des-chefs-de-cultes-de-belgique-rester-unis-plus-que-jamais\/#article\",\"isPartOf\":{\"@id\":\"https:\/\/orthodoxia.be\/fr\/2020\/04\/06\/corona-declaration-des-chefs-de-cultes-de-belgique-rester-unis-plus-que-jamais\/\"},\"author\":{\"name\":\"fr. Emilianos Chatzivasileiou\",\"@id\":\"https:\/\/orthodoxia.be\/#\/schema\/person\/f6c4fd8f4c3dfc201522ccccede872c4\"},\"headline\":\"Corona : d\u00e9claration des chefs de cultes de Belgique : \u00abrester unis plus que jamais\u00bb.\",\"datePublished\":\"2020-04-06T11:17:15+00:00\",\"dateModified\":\"2020-04-06T13:45:39+00:00\",\"mainEntityOfPage\":{\"@id\":\"https:\/\/orthodoxia.be\/fr\/2020\/04\/06\/corona-declaration-des-chefs-de-cultes-de-belgique-rester-unis-plus-que-jamais\/\"},\"wordCount\":707,\"publisher\":{\"@id\":\"https:\/\/orthodoxia.be\/#organization\"},\"image\":{\"@id\":\"https:\/\/orthodoxia.be\/fr\/2020\/04\/06\/corona-declaration-des-chefs-de-cultes-de-belgique-rester-unis-plus-que-jamais\/#primaryimage\"},\"thumbnailUrl\":\"https:\/\/orthodoxia.be\/wp-content\/uploads\/2020\/04\/image001-e1586171724602.jpg\",\"articleSection\":[\"Actualit\u00e9\"],\"inLanguage\":\"fr-BE\"},{\"@type\":\"WebPage\",\"@id\":\"https:\/\/orthodoxia.be\/fr\/2020\/04\/06\/corona-declaration-des-chefs-de-cultes-de-belgique-rester-unis-plus-que-jamais\/\",\"url\":\"https:\/\/orthodoxia.be\/fr\/2020\/04\/06\/corona-declaration-des-chefs-de-cultes-de-belgique-rester-unis-plus-que-jamais\/\",\"name\":\"Corona : d\u00e9claration des chefs de cultes de Belgique : \u00abrester unis plus que jamais\u00bb. - Archev\u00each\u00e9 Orthodoxe de Belgique\",\"isPartOf\":{\"@id\":\"https:\/\/orthodoxia.be\/#website\"},\"primaryImageOfPage\":{\"@id\":\"https:\/\/orthodoxia.be\/fr\/2020\/04\/06\/corona-declaration-des-chefs-de-cultes-de-belgique-rester-unis-plus-que-jamais\/#primaryimage\"},\"image\":{\"@id\":\"https:\/\/orthodoxia.be\/fr\/2020\/04\/06\/corona-declaration-des-chefs-de-cultes-de-belgique-rester-unis-plus-que-jamais\/#primaryimage\"},\"thumbnailUrl\":\"https:\/\/orthodoxia.be\/wp-content\/uploads\/2020\/04\/image001-e1586171724602.jpg\",\"datePublished\":\"2020-04-06T11:17:15+00:00\",\"dateModified\":\"2020-04-06T13:45:39+00:00\",\"breadcrumb\":{\"@id\":\"https:\/\/orthodoxia.be\/fr\/2020\/04\/06\/corona-declaration-des-chefs-de-cultes-de-belgique-rester-unis-plus-que-jamais\/#breadcrumb\"},\"inLanguage\":\"fr-BE\",\"potentialAction\":[{\"@type\":\"ReadAction\",\"target\":[\"https:\/\/orthodoxia.be\/fr\/2020\/04\/06\/corona-declaration-des-chefs-de-cultes-de-belgique-rester-unis-plus-que-jamais\/\"]}]},{\"@type\":\"ImageObject\",\"inLanguage\":\"fr-BE\",\"@id\":\"https:\/\/orthodoxia.be\/fr\/2020\/04\/06\/corona-declaration-des-chefs-de-cultes-de-belgique-rester-unis-plus-que-jamais\/#primaryimage\",\"url\":\"https:\/\/orthodoxia.be\/wp-content\/uploads\/2020\/04\/image001-e1586171724602.jpg\",\"contentUrl\":\"https:\/\/orthodoxia.be\/wp-content\/uploads\/2020\/04\/image001-e1586171724602.jpg\",\"width\":1023,\"height\":767},{\"@type\":\"BreadcrumbList\",\"@id\":\"https:\/\/orthodoxia.be\/fr\/2020\/04\/06\/corona-declaration-des-chefs-de-cultes-de-belgique-rester-unis-plus-que-jamais\/#breadcrumb\",\"itemListElement\":[{\"@type\":\"ListItem\",\"position\":1,\"name\":\"Home\",\"item\":\"https:\/\/orthodoxia.be\/fr\/\"},{\"@type\":\"ListItem\",\"position\":2,\"name\":\"Corona : d\u00e9claration des chefs de cultes de Belgique : \u00abrester unis plus que jamais\u00bb.\"}]},{\"@type\":\"WebSite\",\"@id\":\"https:\/\/orthodoxia.be\/#website\",\"url\":\"https:\/\/orthodoxia.be\/\",\"name\":\"Orthodox Archdiocese of Belgium (Benelux)\",\"description\":\"Exarque des Pays-Bas et du Luxembourg\",\"publisher\":{\"@id\":\"https:\/\/orthodoxia.be\/#organization\"},\"alternateName\":\"IMB\",\"potentialAction\":[{\"@type\":\"SearchAction\",\"target\":{\"@type\":\"EntryPoint\",\"urlTemplate\":\"https:\/\/orthodoxia.be\/?s={search_term_string}\"},\"query-input\":{\"@type\":\"PropertyValueSpecification\",\"valueRequired\":true,\"valueName\":\"search_term_string\"}}],\"inLanguage\":\"fr-BE\"},{\"@type\":\"Organization\",\"@id\":\"https:\/\/orthodoxia.be\/#organization\",\"name\":\"Orthodox Archdiocese of Belgium (Benelux)\",\"url\":\"https:\/\/orthodoxia.be\/\",\"logo\":{\"@type\":\"ImageObject\",\"inLanguage\":\"fr-BE\",\"@id\":\"https:\/\/orthodoxia.be\/#\/schema\/logo\/image\/\",\"url\":\"https:\/\/orthodoxia.be\/wp-content\/uploads\/2024\/02\/cropped-IMB-logo-512-cl-1.png\",\"contentUrl\":\"https:\/\/orthodoxia.be\/wp-content\/uploads\/2024\/02\/cropped-IMB-logo-512-cl-1.png\",\"width\":512,\"height\":512,\"caption\":\"Orthodox Archdiocese of Belgium (Benelux)\"},\"image\":{\"@id\":\"https:\/\/orthodoxia.be\/#\/schema\/logo\/image\/\"},\"sameAs\":[\"https:\/\/www.facebook.com\/orthobel\",\"https:\/\/x.com\/orthobel\",\"https:\/\/www.youtube.com\/c\/orthobel\",\"https:\/\/www.mixcloud.com\/orthobel\/\",\"https:\/\/www.flickr.com\/photos\/148264890@N07\/albums\",\"https:\/\/www.dailymotion.com\/Orthobel\"]},{\"@type\":\"Person\",\"@id\":\"https:\/\/orthodoxia.be\/#\/schema\/person\/f6c4fd8f4c3dfc201522ccccede872c4\",\"name\":\"fr. Emilianos Chatzivasileiou\",\"image\":{\"@type\":\"ImageObject\",\"inLanguage\":\"fr-BE\",\"@id\":\"https:\/\/orthodoxia.be\/#\/schema\/person\/image\/\",\"url\":\"https:\/\/secure.gravatar.com\/avatar\/5b67115dbb9ae1579c39e9ae857d39ac?s=96&d=mm&r=g\",\"contentUrl\":\"https:\/\/secure.gravatar.com\/avatar\/5b67115dbb9ae1579c39e9ae857d39ac?s=96&d=mm&r=g\",\"caption\":\"fr. Emilianos Chatzivasileiou\"},\"sameAs\":[\"http:\/\/orthodoxia.be\"],\"url\":\"https:\/\/orthodoxia.be\/fr\/author\/p-emilianos\/\"}]}<\/script>\n<!-- \/ Yoast SEO plugin. -->","yoast_head_json":{"title":"Corona : d\u00e9claration des chefs de cultes de Belgique : \u00abrester unis plus que jamais\u00bb. - Archev\u00each\u00e9 Orthodoxe de Belgique","robots":{"index":"index","follow":"follow","max-snippet":"max-snippet:-1","max-image-preview":"max-image-preview:large","max-video-preview":"max-video-preview:-1"},"canonical":"https:\/\/orthodoxia.be\/fr\/2020\/04\/06\/corona-declaration-des-chefs-de-cultes-de-belgique-rester-unis-plus-que-jamais\/","og_locale":"fr_FR","og_type":"article","og_title":"Corona : d\u00e9claration des chefs de cultes de Belgique : \u00abrester unis plus que jamais\u00bb. - Archev\u00each\u00e9 Orthodoxe de Belgique","og_description":"Tout est devenu tr\u00e8s calme aujourd\u2019hui. Ce que nous vivons est du jamais vu. Nous pensions que de tels \u00e9v\u00e9nements ne pouvaient plus se produire, jadis peut-\u00eatre et sans doute ailleurs mais s\u00fbrement pas dans une soci\u00e9t\u00e9 d\u00e9velopp\u00e9e comme la n\u00f4tre. Nous nous sentions seigneur et ma\u00eetre, intouchables. Le coronavirus Covid-19 nous enl\u00e8ve cette illusion: &hellip; Continued","og_url":"https:\/\/orthodoxia.be\/fr\/2020\/04\/06\/corona-declaration-des-chefs-de-cultes-de-belgique-rester-unis-plus-que-jamais\/","og_site_name":"Archev\u00each\u00e9 Orthodoxe de Belgique","article_publisher":"https:\/\/www.facebook.com\/orthobel","article_published_time":"2020-04-06T11:17:15+00:00","article_modified_time":"2020-04-06T13:45:39+00:00","og_image":[{"width":1023,"height":767,"url":"https:\/\/orthodoxia.be\/wp-content\/uploads\/2020\/04\/image001-e1586171724602.jpg","type":"image\/jpeg"}],"author":"fr. Emilianos Chatzivasileiou","twitter_card":"summary_large_image","twitter_creator":"@orthobel","twitter_site":"@orthobel","twitter_misc":{"\u00c9crit par":"fr. Emilianos Chatzivasileiou","Dur\u00e9e de lecture est.":"3 minutes"},"schema":{"@context":"https:\/\/schema.org","@graph":[{"@type":"Article","@id":"https:\/\/orthodoxia.be\/fr\/2020\/04\/06\/corona-declaration-des-chefs-de-cultes-de-belgique-rester-unis-plus-que-jamais\/#article","isPartOf":{"@id":"https:\/\/orthodoxia.be\/fr\/2020\/04\/06\/corona-declaration-des-chefs-de-cultes-de-belgique-rester-unis-plus-que-jamais\/"},"author":{"name":"fr. Emilianos Chatzivasileiou","@id":"https:\/\/orthodoxia.be\/#\/schema\/person\/f6c4fd8f4c3dfc201522ccccede872c4"},"headline":"Corona : d\u00e9claration des chefs de cultes de Belgique : \u00abrester unis plus que jamais\u00bb.","datePublished":"2020-04-06T11:17:15+00:00","dateModified":"2020-04-06T13:45:39+00:00","mainEntityOfPage":{"@id":"https:\/\/orthodoxia.be\/fr\/2020\/04\/06\/corona-declaration-des-chefs-de-cultes-de-belgique-rester-unis-plus-que-jamais\/"},"wordCount":707,"publisher":{"@id":"https:\/\/orthodoxia.be\/#organization"},"image":{"@id":"https:\/\/orthodoxia.be\/fr\/2020\/04\/06\/corona-declaration-des-chefs-de-cultes-de-belgique-rester-unis-plus-que-jamais\/#primaryimage"},"thumbnailUrl":"https:\/\/orthodoxia.be\/wp-content\/uploads\/2020\/04\/image001-e1586171724602.jpg","articleSection":["Actualit\u00e9"],"inLanguage":"fr-BE"},{"@type":"WebPage","@id":"https:\/\/orthodoxia.be\/fr\/2020\/04\/06\/corona-declaration-des-chefs-de-cultes-de-belgique-rester-unis-plus-que-jamais\/","url":"https:\/\/orthodoxia.be\/fr\/2020\/04\/06\/corona-declaration-des-chefs-de-cultes-de-belgique-rester-unis-plus-que-jamais\/","name":"Corona : d\u00e9claration des chefs de cultes de Belgique : \u00abrester unis plus que jamais\u00bb. - Archev\u00each\u00e9 Orthodoxe de Belgique","isPartOf":{"@id":"https:\/\/orthodoxia.be\/#website"},"primaryImageOfPage":{"@id":"https:\/\/orthodoxia.be\/fr\/2020\/04\/06\/corona-declaration-des-chefs-de-cultes-de-belgique-rester-unis-plus-que-jamais\/#primaryimage"},"image":{"@id":"https:\/\/orthodoxia.be\/fr\/2020\/04\/06\/corona-declaration-des-chefs-de-cultes-de-belgique-rester-unis-plus-que-jamais\/#primaryimage"},"thumbnailUrl":"https:\/\/orthodoxia.be\/wp-content\/uploads\/2020\/04\/image001-e1586171724602.jpg","datePublished":"2020-04-06T11:17:15+00:00","dateModified":"2020-04-06T13:45:39+00:00","breadcrumb":{"@id":"https:\/\/orthodoxia.be\/fr\/2020\/04\/06\/corona-declaration-des-chefs-de-cultes-de-belgique-rester-unis-plus-que-jamais\/#breadcrumb"},"inLanguage":"fr-BE","potentialAction":[{"@type":"ReadAction","target":["https:\/\/orthodoxia.be\/fr\/2020\/04\/06\/corona-declaration-des-chefs-de-cultes-de-belgique-rester-unis-plus-que-jamais\/"]}]},{"@type":"ImageObject","inLanguage":"fr-BE","@id":"https:\/\/orthodoxia.be\/fr\/2020\/04\/06\/corona-declaration-des-chefs-de-cultes-de-belgique-rester-unis-plus-que-jamais\/#primaryimage","url":"https:\/\/orthodoxia.be\/wp-content\/uploads\/2020\/04\/image001-e1586171724602.jpg","contentUrl":"https:\/\/orthodoxia.be\/wp-content\/uploads\/2020\/04\/image001-e1586171724602.jpg","width":1023,"height":767},{"@type":"BreadcrumbList","@id":"https:\/\/orthodoxia.be\/fr\/2020\/04\/06\/corona-declaration-des-chefs-de-cultes-de-belgique-rester-unis-plus-que-jamais\/#breadcrumb","itemListElement":[{"@type":"ListItem","position":1,"name":"Home","item":"https:\/\/orthodoxia.be\/fr\/"},{"@type":"ListItem","position":2,"name":"Corona : d\u00e9claration des chefs de cultes de Belgique : \u00abrester unis plus que jamais\u00bb."}]},{"@type":"WebSite","@id":"https:\/\/orthodoxia.be\/#website","url":"https:\/\/orthodoxia.be\/","name":"Orthodox Archdiocese of Belgium (Benelux)","description":"Exarque des Pays-Bas et du Luxembourg","publisher":{"@id":"https:\/\/orthodoxia.be\/#organization"},"alternateName":"IMB","potentialAction":[{"@type":"SearchAction","target":{"@type":"EntryPoint","urlTemplate":"https:\/\/orthodoxia.be\/?s={search_term_string}"},"query-input":{"@type":"PropertyValueSpecification","valueRequired":true,"valueName":"search_term_string"}}],"inLanguage":"fr-BE"},{"@type":"Organization","@id":"https:\/\/orthodoxia.be\/#organization","name":"Orthodox Archdiocese of Belgium (Benelux)","url":"https:\/\/orthodoxia.be\/","logo":{"@type":"ImageObject","inLanguage":"fr-BE","@id":"https:\/\/orthodoxia.be\/#\/schema\/logo\/image\/","url":"https:\/\/orthodoxia.be\/wp-content\/uploads\/2024\/02\/cropped-IMB-logo-512-cl-1.png","contentUrl":"https:\/\/orthodoxia.be\/wp-content\/uploads\/2024\/02\/cropped-IMB-logo-512-cl-1.png","width":512,"height":512,"caption":"Orthodox Archdiocese of Belgium (Benelux)"},"image":{"@id":"https:\/\/orthodoxia.be\/#\/schema\/logo\/image\/"},"sameAs":["https:\/\/www.facebook.com\/orthobel","https:\/\/x.com\/orthobel","https:\/\/www.youtube.com\/c\/orthobel","https:\/\/www.mixcloud.com\/orthobel\/","https:\/\/www.flickr.com\/photos\/148264890@N07\/albums","https:\/\/www.dailymotion.com\/Orthobel"]},{"@type":"Person","@id":"https:\/\/orthodoxia.be\/#\/schema\/person\/f6c4fd8f4c3dfc201522ccccede872c4","name":"fr. Emilianos Chatzivasileiou","image":{"@type":"ImageObject","inLanguage":"fr-BE","@id":"https:\/\/orthodoxia.be\/#\/schema\/person\/image\/","url":"https:\/\/secure.gravatar.com\/avatar\/5b67115dbb9ae1579c39e9ae857d39ac?s=96&d=mm&r=g","contentUrl":"https:\/\/secure.gravatar.com\/avatar\/5b67115dbb9ae1579c39e9ae857d39ac?s=96&d=mm&r=g","caption":"fr. Emilianos Chatzivasileiou"},"sameAs":["http:\/\/orthodoxia.be"],"url":"https:\/\/orthodoxia.be\/fr\/author\/p-emilianos\/"}]}},"_links":{"self":[{"href":"https:\/\/orthodoxia.be\/fr\/wp-json\/wp\/v2\/posts\/24901","targetHints":{"allow":["GET"]}}],"collection":[{"href":"https:\/\/orthodoxia.be\/fr\/wp-json\/wp\/v2\/posts"}],"about":[{"href":"https:\/\/orthodoxia.be\/fr\/wp-json\/wp\/v2\/types\/post"}],"author":[{"embeddable":true,"href":"https:\/\/orthodoxia.be\/fr\/wp-json\/wp\/v2\/users\/10"}],"replies":[{"embeddable":true,"href":"https:\/\/orthodoxia.be\/fr\/wp-json\/wp\/v2\/comments?post=24901"}],"version-history":[{"count":3,"href":"https:\/\/orthodoxia.be\/fr\/wp-json\/wp\/v2\/posts\/24901\/revisions"}],"predecessor-version":[{"id":24915,"href":"https:\/\/orthodoxia.be\/fr\/wp-json\/wp\/v2\/posts\/24901\/revisions\/24915"}],"wp:featuredmedia":[{"embeddable":true,"href":"https:\/\/orthodoxia.be\/fr\/wp-json\/wp\/v2\/media\/24902"}],"wp:attachment":[{"href":"https:\/\/orthodoxia.be\/fr\/wp-json\/wp\/v2\/media?parent=24901"}],"wp:term":[{"taxonomy":"category","embeddable":true,"href":"https:\/\/orthodoxia.be\/fr\/wp-json\/wp\/v2\/categories?post=24901"},{"taxonomy":"post_tag","embeddable":true,"href":"https:\/\/orthodoxia.be\/fr\/wp-json\/wp\/v2\/tags?post=24901"}],"curies":[{"name":"wp","href":"https:\/\/api.w.org\/{rel}","templated":true}]}}