{"id":27785,"date":"2020-06-17T17:15:30","date_gmt":"2020-06-17T15:15:30","guid":{"rendered":"http:\/\/orthodoxia.be\/?p=27785"},"modified":"2020-06-17T17:19:11","modified_gmt":"2020-06-17T15:19:11","slug":"communique-19e-reunion-de-la-conference-episcopale-orthodoxe-du-benelux-ceob","status":"publish","type":"post","link":"https:\/\/orthodoxia.be\/fr\/2020\/06\/17\/communique-19e-reunion-de-la-conference-episcopale-orthodoxe-du-benelux-ceob\/","title":{"rendered":"Communiqu\u00e9 19e r\u00e9union de la Conf\u00e9rence Episcopale Orthodoxe du Benelux (CEOB)"},"content":{"rendered":"<h1 style=\"text-align: center;\"><span style=\"color: #800000;\">Communiqu\u00e9<\/span><br \/>\n<span style=\"color: #800000;\">19e r\u00e9union de la Conf\u00e9rence Episcopale Orthodoxe du Benelux (CEOB)<\/span><\/h1>\n<p style=\"text-align: justify;\">Bruxelles \u2013 La Conf\u00e9rence Episcopale Orthodoxe du Benelux (CEOB) s\u2019est r\u00e9unie, pour la dix-neuvi\u00e8me fois, au si\u00e8ge de la M\u00e9tropole Orthodoxe, Avenue Charbo 71 \u00e0 Bruxelles, le mercredi 17 juin 2020, sous la pr\u00e9sidence de Son Eminence le M\u00e9tropolite Ath\u00e9nagoras de Belgique (Patriarcat \u0152cum\u00e9nique), avec la participation de leurs Excellences l\u2019Ev\u00eaque Joachim d\u2019Apollonia (\u00c9v\u00eaque auxiliaire de l\u2019Archev\u00each\u00e9 Orthodoxe de Belgique (Patriarcat \u0152cum\u00e9nique), l\u2019Ev\u00eaque Marc de Neamts, repr\u00e9sentant du M\u00e9tropolite Joseph (Patriarcat de Roumanie) et l\u2019Ev\u00eaque Dosith\u00e9e (Patriarcat de G\u00e9orgie).<\/p>\n<p style=\"text-align: justify;\">Au d\u00e9but des travaux de cette r\u00e9union le pr\u00e9sident et les autres \u00e9v\u00eaques de la Conf\u00e9rence \u00c9piscopale Orthodoxe du Benelux ont accueilli parmi eux le nouveau membre de la CEOB, Son Excellence l\u2019\u00c9v\u00eaque Joachim d\u2019Apollonia, en exprimant leur joie et leurs v\u0153ux pour son \u00e9piscopat.<\/p>\n<p style=\"text-align: justify;\">Puis le pr\u00e9sident a donn\u00e9 aux autres \u00e9v\u00eaques des nouvelles concernant la vie de l\u2019Eglise orthodoxe dans les trois pays du Benelux. Les mesures impos\u00e9es par les gouvernements pour affronter la pand\u00e9mie de la COVID-19 et les r\u00e9percussions sur la vie cultuelle de l\u2019Eglise Orthodoxe dans les trois pays du Benelux \u00e9taient au centre des informations et de r\u00e9flexions partag\u00e9es par les \u00e9v\u00eaques durant les travaux de cette r\u00e9union. Les \u00e9v\u00eaques ont surtout \u00e9chang\u00e9 au sujet des diverses r\u00e9glementations en cette p\u00e9riode de crise sanitaire.<\/p>\n<p style=\"text-align: justify;\">Des informations au sujet de la nouvelle ordonnance en pr\u00e9paration pour la gestion des communaut\u00e9s cultuels en r\u00e9gion de Bruxelles-Capitale ainsi qu\u2019une rencontre avec le gouvernement flamand pour les demandes de reconnaissance de paroisses furent d\u2019autres points abord\u00e9s par les \u00e9v\u00eaques.<\/p>\n<p style=\"text-align: justify;\">L\u2019impact de la COVID-19 sur le d\u00e9roulement des festivit\u00e9s et des \u00ab Te Deum \u00bb traditionnels pour les f\u00eates nationales en Belgique et au Luxembourg a aussi \u00e9t\u00e9 examin\u00e9. Il y a eu la proposition de rassembler toutes les communaut\u00e9s orthodoxes de Bruxelles pour c\u00e9l\u00e9brer chaque ann\u00e9e, \u00e0 partir de 2021, un \u00ab Te Deum \u00bb \u00e0 un dimanche proche de la date de la F\u00eate Nationale de la Belgique comme c\u2019est d\u00e9j\u00e0 le cas au Grand-Duch\u00e9 de Luxembourg.<\/p>\n<p style=\"text-align: justify;\">Les \u00e9v\u00eaques ont \u00e9galement d\u00e9cid\u00e9 de r\u00e9aliser le p\u00e8lerinage en G\u00e9orgie au mois de mai de 2021.<\/p>\n<p style=\"text-align: justify;\">La pr\u00e9sence de l\u2019\u00e9glise Orthodoxe aux Pays-Bas ainsi que le transfert de l\u2019Institution de th\u00e9ologie orthodoxe \u00abSaint-Ir\u00e9n\u00e9e\u00bb de l\u2019Universit\u00e9 d\u2019Amsterdam \u00e0 l\u2019Universit\u00e9 de Nijmegen ont \u00e9galement \u00e9t\u00e9 \u00e9voqu\u00e9s.<\/p>\n<p style=\"text-align: justify;\">Les \u00e9v\u00eaques se sont pench\u00e9s sur la vie et le d\u00e9veloppement des diff\u00e9rents dioc\u00e8ses orthodoxes en Belgique, aux Pays-Bas et au Luxembourg en \u00e9changeant nouvelles et informations.<\/p>\n<p style=\"text-align: justify;\">La prochaine r\u00e9union de la Conf\u00e9rence Episcopale Orthodoxe du Benelux aura lieu le 17 novembre 2020.<\/p>\n<p style=\"text-align: justify;\">La Conf\u00e9rence \u00c9piscopale Orthodoxe du Benelux fut cr\u00e9\u00e9e sur d\u00e9cision prise par la IVe Conf\u00e9rence Panorthodoxe Pr\u00e9conciliaire, r\u00e9unie \u00e0 Chamb\u00e9sy (Gen\u00e8ve) en juin 2009.<\/p>\n<p>&nbsp;<\/p>\n<p>&nbsp;<\/p>\n<p>[FAGP id=27783]<\/p>\n","protected":false},"excerpt":{"rendered":"<p>Communiqu\u00e9 19e r\u00e9union de la Conf\u00e9rence Episcopale Orthodoxe du Benelux (CEOB) Bruxelles \u2013 La Conf\u00e9rence Episcopale Orthodoxe du Benelux (CEOB) s\u2019est r\u00e9unie, pour la dix-neuvi\u00e8me fois, au si\u00e8ge de la M\u00e9tropole Orthodoxe, Avenue Charbo 71 \u00e0 Bruxelles, le mercredi 17 juin 2020, sous la pr\u00e9sidence de Son Eminence le M\u00e9tropolite Ath\u00e9nagoras de Belgique (Patriarcat \u0152cum\u00e9nique), &hellip; <a href=\"https:\/\/orthodoxia.be\/fr\/2020\/06\/17\/communique-19e-reunion-de-la-conference-episcopale-orthodoxe-du-benelux-ceob\/\">Continued<\/a><\/p>\n","protected":false},"author":10,"featured_media":27777,"comment_status":"closed","ping_status":"open","sticky":false,"template":"","format":"standard","meta":{"_acf_changed":false,"footnotes":""},"categories":[14,16,311],"tags":[],"class_list":["post-27785","post","type-post","status-publish","format-standard","has-post-thumbnail","hentry","category-actualite","category-communique","category-ceob"],"acf":[],"yoast_head":"<!-- This site is optimized with the Yoast SEO plugin v24.3 - https:\/\/yoast.com\/wordpress\/plugins\/seo\/ -->\n<title>Communiqu\u00e9 19e r\u00e9union de la Conf\u00e9rence Episcopale Orthodoxe du Benelux (CEOB) - Archev\u00each\u00e9 Orthodoxe de Belgique<\/title>\n<meta name=\"robots\" content=\"index, follow, max-snippet:-1, max-image-preview:large, max-video-preview:-1\" \/>\n<link rel=\"canonical\" href=\"https:\/\/orthodoxia.be\/fr\/2020\/06\/17\/communique-19e-reunion-de-la-conference-episcopale-orthodoxe-du-benelux-ceob\/\" \/>\n<meta property=\"og:locale\" content=\"fr_FR\" \/>\n<meta property=\"og:type\" content=\"article\" \/>\n<meta property=\"og:title\" content=\"Communiqu\u00e9 19e r\u00e9union de la Conf\u00e9rence Episcopale Orthodoxe du Benelux (CEOB) - Archev\u00each\u00e9 Orthodoxe de Belgique\" \/>\n<meta property=\"og:description\" content=\"Communiqu\u00e9 19e r\u00e9union de la Conf\u00e9rence Episcopale Orthodoxe du Benelux (CEOB) Bruxelles \u2013 La Conf\u00e9rence Episcopale Orthodoxe du Benelux (CEOB) s\u2019est r\u00e9unie, pour la dix-neuvi\u00e8me fois, au si\u00e8ge de la M\u00e9tropole Orthodoxe, Avenue Charbo 71 \u00e0 Bruxelles, le mercredi 17 juin 2020, sous la pr\u00e9sidence de Son Eminence le M\u00e9tropolite Ath\u00e9nagoras de Belgique (Patriarcat \u0152cum\u00e9nique), &hellip; Continued\" \/>\n<meta property=\"og:url\" content=\"https:\/\/orthodoxia.be\/fr\/2020\/06\/17\/communique-19e-reunion-de-la-conference-episcopale-orthodoxe-du-benelux-ceob\/\" \/>\n<meta property=\"og:site_name\" content=\"Archev\u00each\u00e9 Orthodoxe de Belgique\" \/>\n<meta property=\"article:publisher\" content=\"https:\/\/www.facebook.com\/orthobel\" \/>\n<meta property=\"article:published_time\" content=\"2020-06-17T15:15:30+00:00\" \/>\n<meta property=\"article:modified_time\" content=\"2020-06-17T15:19:11+00:00\" \/>\n<meta property=\"og:image\" content=\"https:\/\/orthodoxia.be\/wp-content\/uploads\/2020\/06\/IMG_1590.jpg\" \/>\n\t<meta property=\"og:image:width\" content=\"1023\" \/>\n\t<meta property=\"og:image:height\" content=\"767\" \/>\n\t<meta property=\"og:image:type\" content=\"image\/jpeg\" \/>\n<meta name=\"author\" content=\"fr. Emilianos Chatzivasileiou\" \/>\n<meta name=\"twitter:card\" content=\"summary_large_image\" \/>\n<meta name=\"twitter:creator\" content=\"@orthobel\" \/>\n<meta name=\"twitter:site\" content=\"@orthobel\" \/>\n<meta name=\"twitter:label1\" content=\"\u00c9crit par\" \/>\n\t<meta name=\"twitter:data1\" content=\"fr. Emilianos Chatzivasileiou\" \/>\n\t<meta name=\"twitter:label2\" content=\"Dur\u00e9e de lecture est.\" \/>\n\t<meta name=\"twitter:data2\" content=\"3 minutes\" \/>\n<script type=\"application\/ld+json\" class=\"yoast-schema-graph\">{\"@context\":\"https:\/\/schema.org\",\"@graph\":[{\"@type\":\"Article\",\"@id\":\"https:\/\/orthodoxia.be\/fr\/2020\/06\/17\/communique-19e-reunion-de-la-conference-episcopale-orthodoxe-du-benelux-ceob\/#article\",\"isPartOf\":{\"@id\":\"https:\/\/orthodoxia.be\/fr\/2020\/06\/17\/communique-19e-reunion-de-la-conference-episcopale-orthodoxe-du-benelux-ceob\/\"},\"author\":{\"name\":\"fr. Emilianos Chatzivasileiou\",\"@id\":\"https:\/\/orthodoxia.be\/#\/schema\/person\/f6c4fd8f4c3dfc201522ccccede872c4\"},\"headline\":\"Communiqu\u00e9 19e r\u00e9union de la Conf\u00e9rence Episcopale Orthodoxe du Benelux (CEOB)\",\"datePublished\":\"2020-06-17T15:15:30+00:00\",\"dateModified\":\"2020-06-17T15:19:11+00:00\",\"mainEntityOfPage\":{\"@id\":\"https:\/\/orthodoxia.be\/fr\/2020\/06\/17\/communique-19e-reunion-de-la-conference-episcopale-orthodoxe-du-benelux-ceob\/\"},\"wordCount\":549,\"publisher\":{\"@id\":\"https:\/\/orthodoxia.be\/#organization\"},\"image\":{\"@id\":\"https:\/\/orthodoxia.be\/fr\/2020\/06\/17\/communique-19e-reunion-de-la-conference-episcopale-orthodoxe-du-benelux-ceob\/#primaryimage\"},\"thumbnailUrl\":\"https:\/\/orthodoxia.be\/wp-content\/uploads\/2020\/06\/IMG_1590.jpg\",\"articleSection\":[\"Actualit\u00e9\",\"Communiqu\u00e9\",\"Conf\u00e9rence Episcopale Orthodoxe du Benelux\"],\"inLanguage\":\"fr-BE\"},{\"@type\":\"WebPage\",\"@id\":\"https:\/\/orthodoxia.be\/fr\/2020\/06\/17\/communique-19e-reunion-de-la-conference-episcopale-orthodoxe-du-benelux-ceob\/\",\"url\":\"https:\/\/orthodoxia.be\/fr\/2020\/06\/17\/communique-19e-reunion-de-la-conference-episcopale-orthodoxe-du-benelux-ceob\/\",\"name\":\"Communiqu\u00e9 19e r\u00e9union de la Conf\u00e9rence Episcopale Orthodoxe du Benelux (CEOB) - Archev\u00each\u00e9 Orthodoxe de Belgique\",\"isPartOf\":{\"@id\":\"https:\/\/orthodoxia.be\/#website\"},\"primaryImageOfPage\":{\"@id\":\"https:\/\/orthodoxia.be\/fr\/2020\/06\/17\/communique-19e-reunion-de-la-conference-episcopale-orthodoxe-du-benelux-ceob\/#primaryimage\"},\"image\":{\"@id\":\"https:\/\/orthodoxia.be\/fr\/2020\/06\/17\/communique-19e-reunion-de-la-conference-episcopale-orthodoxe-du-benelux-ceob\/#primaryimage\"},\"thumbnailUrl\":\"https:\/\/orthodoxia.be\/wp-content\/uploads\/2020\/06\/IMG_1590.jpg\",\"datePublished\":\"2020-06-17T15:15:30+00:00\",\"dateModified\":\"2020-06-17T15:19:11+00:00\",\"breadcrumb\":{\"@id\":\"https:\/\/orthodoxia.be\/fr\/2020\/06\/17\/communique-19e-reunion-de-la-conference-episcopale-orthodoxe-du-benelux-ceob\/#breadcrumb\"},\"inLanguage\":\"fr-BE\",\"potentialAction\":[{\"@type\":\"ReadAction\",\"target\":[\"https:\/\/orthodoxia.be\/fr\/2020\/06\/17\/communique-19e-reunion-de-la-conference-episcopale-orthodoxe-du-benelux-ceob\/\"]}]},{\"@type\":\"ImageObject\",\"inLanguage\":\"fr-BE\",\"@id\":\"https:\/\/orthodoxia.be\/fr\/2020\/06\/17\/communique-19e-reunion-de-la-conference-episcopale-orthodoxe-du-benelux-ceob\/#primaryimage\",\"url\":\"https:\/\/orthodoxia.be\/wp-content\/uploads\/2020\/06\/IMG_1590.jpg\",\"contentUrl\":\"https:\/\/orthodoxia.be\/wp-content\/uploads\/2020\/06\/IMG_1590.jpg\",\"width\":1023,\"height\":767},{\"@type\":\"BreadcrumbList\",\"@id\":\"https:\/\/orthodoxia.be\/fr\/2020\/06\/17\/communique-19e-reunion-de-la-conference-episcopale-orthodoxe-du-benelux-ceob\/#breadcrumb\",\"itemListElement\":[{\"@type\":\"ListItem\",\"position\":1,\"name\":\"Home\",\"item\":\"https:\/\/orthodoxia.be\/fr\/\"},{\"@type\":\"ListItem\",\"position\":2,\"name\":\"Communiqu\u00e9 19e r\u00e9union de la Conf\u00e9rence Episcopale Orthodoxe du Benelux (CEOB)\"}]},{\"@type\":\"WebSite\",\"@id\":\"https:\/\/orthodoxia.be\/#website\",\"url\":\"https:\/\/orthodoxia.be\/\",\"name\":\"Orthodox Archdiocese of Belgium (Benelux)\",\"description\":\"Exarque des Pays-Bas et du Luxembourg\",\"publisher\":{\"@id\":\"https:\/\/orthodoxia.be\/#organization\"},\"alternateName\":\"IMB\",\"potentialAction\":[{\"@type\":\"SearchAction\",\"target\":{\"@type\":\"EntryPoint\",\"urlTemplate\":\"https:\/\/orthodoxia.be\/?s={search_term_string}\"},\"query-input\":{\"@type\":\"PropertyValueSpecification\",\"valueRequired\":true,\"valueName\":\"search_term_string\"}}],\"inLanguage\":\"fr-BE\"},{\"@type\":\"Organization\",\"@id\":\"https:\/\/orthodoxia.be\/#organization\",\"name\":\"Orthodox Archdiocese of Belgium (Benelux)\",\"url\":\"https:\/\/orthodoxia.be\/\",\"logo\":{\"@type\":\"ImageObject\",\"inLanguage\":\"fr-BE\",\"@id\":\"https:\/\/orthodoxia.be\/#\/schema\/logo\/image\/\",\"url\":\"https:\/\/orthodoxia.be\/wp-content\/uploads\/2024\/02\/cropped-IMB-logo-512-cl-1.png\",\"contentUrl\":\"https:\/\/orthodoxia.be\/wp-content\/uploads\/2024\/02\/cropped-IMB-logo-512-cl-1.png\",\"width\":512,\"height\":512,\"caption\":\"Orthodox Archdiocese of Belgium (Benelux)\"},\"image\":{\"@id\":\"https:\/\/orthodoxia.be\/#\/schema\/logo\/image\/\"},\"sameAs\":[\"https:\/\/www.facebook.com\/orthobel\",\"https:\/\/x.com\/orthobel\",\"https:\/\/www.youtube.com\/c\/orthobel\",\"https:\/\/www.mixcloud.com\/orthobel\/\",\"https:\/\/www.flickr.com\/photos\/148264890@N07\/albums\",\"https:\/\/www.dailymotion.com\/Orthobel\"]},{\"@type\":\"Person\",\"@id\":\"https:\/\/orthodoxia.be\/#\/schema\/person\/f6c4fd8f4c3dfc201522ccccede872c4\",\"name\":\"fr. Emilianos Chatzivasileiou\",\"image\":{\"@type\":\"ImageObject\",\"inLanguage\":\"fr-BE\",\"@id\":\"https:\/\/orthodoxia.be\/#\/schema\/person\/image\/\",\"url\":\"https:\/\/secure.gravatar.com\/avatar\/5b67115dbb9ae1579c39e9ae857d39ac?s=96&d=mm&r=g\",\"contentUrl\":\"https:\/\/secure.gravatar.com\/avatar\/5b67115dbb9ae1579c39e9ae857d39ac?s=96&d=mm&r=g\",\"caption\":\"fr. Emilianos Chatzivasileiou\"},\"sameAs\":[\"http:\/\/orthodoxia.be\"],\"url\":\"https:\/\/orthodoxia.be\/fr\/author\/p-emilianos\/\"}]}<\/script>\n<!-- \/ Yoast SEO plugin. -->","yoast_head_json":{"title":"Communiqu\u00e9 19e r\u00e9union de la Conf\u00e9rence Episcopale Orthodoxe du Benelux (CEOB) - Archev\u00each\u00e9 Orthodoxe de Belgique","robots":{"index":"index","follow":"follow","max-snippet":"max-snippet:-1","max-image-preview":"max-image-preview:large","max-video-preview":"max-video-preview:-1"},"canonical":"https:\/\/orthodoxia.be\/fr\/2020\/06\/17\/communique-19e-reunion-de-la-conference-episcopale-orthodoxe-du-benelux-ceob\/","og_locale":"fr_FR","og_type":"article","og_title":"Communiqu\u00e9 19e r\u00e9union de la Conf\u00e9rence Episcopale Orthodoxe du Benelux (CEOB) - Archev\u00each\u00e9 Orthodoxe de Belgique","og_description":"Communiqu\u00e9 19e r\u00e9union de la Conf\u00e9rence Episcopale Orthodoxe du Benelux (CEOB) Bruxelles \u2013 La Conf\u00e9rence Episcopale Orthodoxe du Benelux (CEOB) s\u2019est r\u00e9unie, pour la dix-neuvi\u00e8me fois, au si\u00e8ge de la M\u00e9tropole Orthodoxe, Avenue Charbo 71 \u00e0 Bruxelles, le mercredi 17 juin 2020, sous la pr\u00e9sidence de Son Eminence le M\u00e9tropolite Ath\u00e9nagoras de Belgique (Patriarcat \u0152cum\u00e9nique), &hellip; Continued","og_url":"https:\/\/orthodoxia.be\/fr\/2020\/06\/17\/communique-19e-reunion-de-la-conference-episcopale-orthodoxe-du-benelux-ceob\/","og_site_name":"Archev\u00each\u00e9 Orthodoxe de Belgique","article_publisher":"https:\/\/www.facebook.com\/orthobel","article_published_time":"2020-06-17T15:15:30+00:00","article_modified_time":"2020-06-17T15:19:11+00:00","og_image":[{"width":1023,"height":767,"url":"https:\/\/orthodoxia.be\/wp-content\/uploads\/2020\/06\/IMG_1590.jpg","type":"image\/jpeg"}],"author":"fr. Emilianos Chatzivasileiou","twitter_card":"summary_large_image","twitter_creator":"@orthobel","twitter_site":"@orthobel","twitter_misc":{"\u00c9crit par":"fr. Emilianos Chatzivasileiou","Dur\u00e9e de lecture est.":"3 minutes"},"schema":{"@context":"https:\/\/schema.org","@graph":[{"@type":"Article","@id":"https:\/\/orthodoxia.be\/fr\/2020\/06\/17\/communique-19e-reunion-de-la-conference-episcopale-orthodoxe-du-benelux-ceob\/#article","isPartOf":{"@id":"https:\/\/orthodoxia.be\/fr\/2020\/06\/17\/communique-19e-reunion-de-la-conference-episcopale-orthodoxe-du-benelux-ceob\/"},"author":{"name":"fr. Emilianos Chatzivasileiou","@id":"https:\/\/orthodoxia.be\/#\/schema\/person\/f6c4fd8f4c3dfc201522ccccede872c4"},"headline":"Communiqu\u00e9 19e r\u00e9union de la Conf\u00e9rence Episcopale Orthodoxe du Benelux (CEOB)","datePublished":"2020-06-17T15:15:30+00:00","dateModified":"2020-06-17T15:19:11+00:00","mainEntityOfPage":{"@id":"https:\/\/orthodoxia.be\/fr\/2020\/06\/17\/communique-19e-reunion-de-la-conference-episcopale-orthodoxe-du-benelux-ceob\/"},"wordCount":549,"publisher":{"@id":"https:\/\/orthodoxia.be\/#organization"},"image":{"@id":"https:\/\/orthodoxia.be\/fr\/2020\/06\/17\/communique-19e-reunion-de-la-conference-episcopale-orthodoxe-du-benelux-ceob\/#primaryimage"},"thumbnailUrl":"https:\/\/orthodoxia.be\/wp-content\/uploads\/2020\/06\/IMG_1590.jpg","articleSection":["Actualit\u00e9","Communiqu\u00e9","Conf\u00e9rence Episcopale Orthodoxe du Benelux"],"inLanguage":"fr-BE"},{"@type":"WebPage","@id":"https:\/\/orthodoxia.be\/fr\/2020\/06\/17\/communique-19e-reunion-de-la-conference-episcopale-orthodoxe-du-benelux-ceob\/","url":"https:\/\/orthodoxia.be\/fr\/2020\/06\/17\/communique-19e-reunion-de-la-conference-episcopale-orthodoxe-du-benelux-ceob\/","name":"Communiqu\u00e9 19e r\u00e9union de la Conf\u00e9rence Episcopale Orthodoxe du Benelux (CEOB) - Archev\u00each\u00e9 Orthodoxe de Belgique","isPartOf":{"@id":"https:\/\/orthodoxia.be\/#website"},"primaryImageOfPage":{"@id":"https:\/\/orthodoxia.be\/fr\/2020\/06\/17\/communique-19e-reunion-de-la-conference-episcopale-orthodoxe-du-benelux-ceob\/#primaryimage"},"image":{"@id":"https:\/\/orthodoxia.be\/fr\/2020\/06\/17\/communique-19e-reunion-de-la-conference-episcopale-orthodoxe-du-benelux-ceob\/#primaryimage"},"thumbnailUrl":"https:\/\/orthodoxia.be\/wp-content\/uploads\/2020\/06\/IMG_1590.jpg","datePublished":"2020-06-17T15:15:30+00:00","dateModified":"2020-06-17T15:19:11+00:00","breadcrumb":{"@id":"https:\/\/orthodoxia.be\/fr\/2020\/06\/17\/communique-19e-reunion-de-la-conference-episcopale-orthodoxe-du-benelux-ceob\/#breadcrumb"},"inLanguage":"fr-BE","potentialAction":[{"@type":"ReadAction","target":["https:\/\/orthodoxia.be\/fr\/2020\/06\/17\/communique-19e-reunion-de-la-conference-episcopale-orthodoxe-du-benelux-ceob\/"]}]},{"@type":"ImageObject","inLanguage":"fr-BE","@id":"https:\/\/orthodoxia.be\/fr\/2020\/06\/17\/communique-19e-reunion-de-la-conference-episcopale-orthodoxe-du-benelux-ceob\/#primaryimage","url":"https:\/\/orthodoxia.be\/wp-content\/uploads\/2020\/06\/IMG_1590.jpg","contentUrl":"https:\/\/orthodoxia.be\/wp-content\/uploads\/2020\/06\/IMG_1590.jpg","width":1023,"height":767},{"@type":"BreadcrumbList","@id":"https:\/\/orthodoxia.be\/fr\/2020\/06\/17\/communique-19e-reunion-de-la-conference-episcopale-orthodoxe-du-benelux-ceob\/#breadcrumb","itemListElement":[{"@type":"ListItem","position":1,"name":"Home","item":"https:\/\/orthodoxia.be\/fr\/"},{"@type":"ListItem","position":2,"name":"Communiqu\u00e9 19e r\u00e9union de la Conf\u00e9rence Episcopale Orthodoxe du Benelux (CEOB)"}]},{"@type":"WebSite","@id":"https:\/\/orthodoxia.be\/#website","url":"https:\/\/orthodoxia.be\/","name":"Orthodox Archdiocese of Belgium (Benelux)","description":"Exarque des Pays-Bas et du Luxembourg","publisher":{"@id":"https:\/\/orthodoxia.be\/#organization"},"alternateName":"IMB","potentialAction":[{"@type":"SearchAction","target":{"@type":"EntryPoint","urlTemplate":"https:\/\/orthodoxia.be\/?s={search_term_string}"},"query-input":{"@type":"PropertyValueSpecification","valueRequired":true,"valueName":"search_term_string"}}],"inLanguage":"fr-BE"},{"@type":"Organization","@id":"https:\/\/orthodoxia.be\/#organization","name":"Orthodox Archdiocese of Belgium (Benelux)","url":"https:\/\/orthodoxia.be\/","logo":{"@type":"ImageObject","inLanguage":"fr-BE","@id":"https:\/\/orthodoxia.be\/#\/schema\/logo\/image\/","url":"https:\/\/orthodoxia.be\/wp-content\/uploads\/2024\/02\/cropped-IMB-logo-512-cl-1.png","contentUrl":"https:\/\/orthodoxia.be\/wp-content\/uploads\/2024\/02\/cropped-IMB-logo-512-cl-1.png","width":512,"height":512,"caption":"Orthodox Archdiocese of Belgium (Benelux)"},"image":{"@id":"https:\/\/orthodoxia.be\/#\/schema\/logo\/image\/"},"sameAs":["https:\/\/www.facebook.com\/orthobel","https:\/\/x.com\/orthobel","https:\/\/www.youtube.com\/c\/orthobel","https:\/\/www.mixcloud.com\/orthobel\/","https:\/\/www.flickr.com\/photos\/148264890@N07\/albums","https:\/\/www.dailymotion.com\/Orthobel"]},{"@type":"Person","@id":"https:\/\/orthodoxia.be\/#\/schema\/person\/f6c4fd8f4c3dfc201522ccccede872c4","name":"fr. Emilianos Chatzivasileiou","image":{"@type":"ImageObject","inLanguage":"fr-BE","@id":"https:\/\/orthodoxia.be\/#\/schema\/person\/image\/","url":"https:\/\/secure.gravatar.com\/avatar\/5b67115dbb9ae1579c39e9ae857d39ac?s=96&d=mm&r=g","contentUrl":"https:\/\/secure.gravatar.com\/avatar\/5b67115dbb9ae1579c39e9ae857d39ac?s=96&d=mm&r=g","caption":"fr. Emilianos Chatzivasileiou"},"sameAs":["http:\/\/orthodoxia.be"],"url":"https:\/\/orthodoxia.be\/fr\/author\/p-emilianos\/"}]}},"_links":{"self":[{"href":"https:\/\/orthodoxia.be\/fr\/wp-json\/wp\/v2\/posts\/27785","targetHints":{"allow":["GET"]}}],"collection":[{"href":"https:\/\/orthodoxia.be\/fr\/wp-json\/wp\/v2\/posts"}],"about":[{"href":"https:\/\/orthodoxia.be\/fr\/wp-json\/wp\/v2\/types\/post"}],"author":[{"embeddable":true,"href":"https:\/\/orthodoxia.be\/fr\/wp-json\/wp\/v2\/users\/10"}],"replies":[{"embeddable":true,"href":"https:\/\/orthodoxia.be\/fr\/wp-json\/wp\/v2\/comments?post=27785"}],"version-history":[{"count":1,"href":"https:\/\/orthodoxia.be\/fr\/wp-json\/wp\/v2\/posts\/27785\/revisions"}],"predecessor-version":[{"id":27786,"href":"https:\/\/orthodoxia.be\/fr\/wp-json\/wp\/v2\/posts\/27785\/revisions\/27786"}],"wp:featuredmedia":[{"embeddable":true,"href":"https:\/\/orthodoxia.be\/fr\/wp-json\/wp\/v2\/media\/27777"}],"wp:attachment":[{"href":"https:\/\/orthodoxia.be\/fr\/wp-json\/wp\/v2\/media?parent=27785"}],"wp:term":[{"taxonomy":"category","embeddable":true,"href":"https:\/\/orthodoxia.be\/fr\/wp-json\/wp\/v2\/categories?post=27785"},{"taxonomy":"post_tag","embeddable":true,"href":"https:\/\/orthodoxia.be\/fr\/wp-json\/wp\/v2\/tags?post=27785"}],"curies":[{"name":"wp","href":"https:\/\/api.w.org\/{rel}","templated":true}]}}