{"id":28873,"date":"2020-11-17T15:18:18","date_gmt":"2020-11-17T14:18:18","guid":{"rendered":"http:\/\/orthodoxia.be\/?p=28873"},"modified":"2020-11-17T15:22:00","modified_gmt":"2020-11-17T14:22:00","slug":"xxe-reunion-de-la-conference-episcopale-orthodoxe-du-benelux-ceob-obb","status":"publish","type":"post","link":"https:\/\/orthodoxia.be\/fr\/2020\/11\/17\/xxe-reunion-de-la-conference-episcopale-orthodoxe-du-benelux-ceob-obb\/","title":{"rendered":"XXe r\u00e9union de la Conf\u00e9rence Episcopale Orthodoxe du Benelux (CEOB-OBB)"},"content":{"rendered":"<p style=\"text-align: justify;\">Bruxelles \u2013 La vingti\u00e8me r\u00e9union de la Conf\u00e9rence Episcopale Orthodoxe du Benelux (CEOB) a eu lieu par visioconf\u00e9rence, \u00e0 cause de la crise sanitaire, le mardi 17 novembre 2020 de 10h00 \u00e0 11h00, sous la pr\u00e9sidence de Son Eminence le M\u00e9tropolite Ath\u00e9nagoras de Belgique (Patriarcat \u0152cum\u00e9nique), avec la participation de leurs Excellences l\u2019Ev\u00eaque Marc de Neamts, repr\u00e9sentant du M\u00e9tropolite Joseph (Patriarcat de Roumanie), l\u2019Ev\u00eaque Dosith\u00e9e (Patriarcat de G\u00e9orgie) et l\u2019Ev\u00eaque Joachim d\u2019Apollonia (\u00e9v\u00eaque auxiliaire de l\u2019Archev\u00each\u00e9 Orthodoxe de Belgique, Patriarcat \u0152cum\u00e9nique).<\/p>\n<p style=\"text-align: justify;\">Vu la situation actuelle, cette rencontre virtuelle s\u2019est d\u00e9roul\u00e9e sur un ordre du jour r\u00e9duit.<\/p>\n<p style=\"text-align: justify;\">Son \u00c9minence le M\u00e9tropolite Ath\u00e9nagoras de Belgique a donn\u00e9 des informations concernant la vie de l\u2019Eglise Orthodoxe dans les trois pays du Benelux. Les \u00e9v\u00eaques ont \u00e9valu\u00e9 les cons\u00e9quences des mesures sanitaires impos\u00e9es par les gouvernements dans les trois pays du Benelux sur la vie de l\u2019\u00c9glise. Surtout en Belgique o\u00f9 un nouveau confinement g\u00e9n\u00e9ral a \u00e9t\u00e9 d\u00e9cr\u00e9t\u00e9 et o\u00f9 les c\u00e9l\u00e9brations liturgiques publiques, \u00e0 quelques rares exceptions pr\u00e8s, ne sont plus autoris\u00e9es jusqu\u2019au 13 d\u00e9cembre 2020 au moins. Les \u00e9v\u00eaques ont \u00e9chang\u00e9 leurs avis sur les r\u00e9percussions de cette situation sur la vie cultuelle et spirituelle de l\u2019\u00c9glise. Ils encouragent les pr\u00eatres de continuer de manifester leur attention aupr\u00e8s des personnes malades et des autres fid\u00e8les de leurs paroisses par tous les moyens possibles. Ils rappellent \u00e0 tous les clercs et tous les fid\u00e8les la n\u00e9cessit\u00e9 de respecter les mesures adopt\u00e9es par les gouvernements des trois pays du Benelux afin de lutter contre la propagation de la pand\u00e9mie.<\/p>\n<p style=\"text-align: justify;\">Les hi\u00e9rarques ont uni leurs pri\u00e8res pour un prompt r\u00e9tablissement de Leurs B\u00e9atitudes le Patriarche Ir\u00e9n\u00e9e de Serbie et l\u2019Archev\u00eaque Anastasios d\u2019Albanie, qui sont hospitalis\u00e9s, et pour tous les malades de Covid-19, tout en remerciant les m\u00e9decins et le personnel soignant.<\/p>\n<p style=\"text-align: justify;\">Les \u00e9v\u00eaques ont \u00e9galement partag\u00e9 des nouvelles et des informations au sujet de leurs dioc\u00e8ses et ont exprim\u00e9 leur espoir que les conditions sanitaires permettront de se r\u00e9unir la prochaine fois avec pr\u00e9sence physique.<\/p>\n<p style=\"text-align: justify;\">Les \u00e9v\u00eaques ont d\u00e9cid\u00e9 de faire la prochaine r\u00e9union de la Conf\u00e9rence Episcopale Orthodoxe du Benelux le 15 juin 2021.<\/p>\n<p style=\"text-align: justify;\">La Conf\u00e9rence \u00c9piscopale Orthodoxe du Benelux fut cr\u00e9\u00e9e sur d\u00e9cision prise par la IVe Conf\u00e9rence Panorthodoxe Pr\u00e9conciliaire, r\u00e9unie \u00e0 Chamb\u00e9sy (Gen\u00e8ve) en juin 2009.<\/p>\n","protected":false},"excerpt":{"rendered":"<p>Bruxelles \u2013 La vingti\u00e8me r\u00e9union de la Conf\u00e9rence Episcopale Orthodoxe du Benelux (CEOB) a eu lieu par visioconf\u00e9rence, \u00e0 cause de la crise sanitaire, le mardi 17 novembre 2020 de 10h00 \u00e0 11h00, sous la pr\u00e9sidence de Son Eminence le M\u00e9tropolite Ath\u00e9nagoras de Belgique (Patriarcat \u0152cum\u00e9nique), avec la participation de leurs Excellences l\u2019Ev\u00eaque Marc de &hellip; <a href=\"https:\/\/orthodoxia.be\/fr\/2020\/11\/17\/xxe-reunion-de-la-conference-episcopale-orthodoxe-du-benelux-ceob-obb\/\">Continued<\/a><\/p>\n","protected":false},"author":10,"featured_media":28866,"comment_status":"closed","ping_status":"open","sticky":false,"template":"","format":"standard","meta":{"_acf_changed":false,"footnotes":""},"categories":[14,16,311],"tags":[],"class_list":["post-28873","post","type-post","status-publish","format-standard","has-post-thumbnail","hentry","category-actualite","category-communique","category-ceob"],"acf":[],"yoast_head":"<!-- This site is optimized with the Yoast SEO plugin v24.3 - https:\/\/yoast.com\/wordpress\/plugins\/seo\/ -->\n<title>XXe r\u00e9union de la Conf\u00e9rence Episcopale Orthodoxe du Benelux (CEOB-OBB) - Archev\u00each\u00e9 Orthodoxe de Belgique<\/title>\n<meta name=\"robots\" content=\"index, follow, max-snippet:-1, max-image-preview:large, max-video-preview:-1\" \/>\n<link rel=\"canonical\" href=\"https:\/\/orthodoxia.be\/fr\/2020\/11\/17\/xxe-reunion-de-la-conference-episcopale-orthodoxe-du-benelux-ceob-obb\/\" \/>\n<meta property=\"og:locale\" content=\"fr_FR\" \/>\n<meta property=\"og:type\" content=\"article\" \/>\n<meta property=\"og:title\" content=\"XXe r\u00e9union de la Conf\u00e9rence Episcopale Orthodoxe du Benelux (CEOB-OBB) - Archev\u00each\u00e9 Orthodoxe de Belgique\" \/>\n<meta property=\"og:description\" content=\"Bruxelles \u2013 La vingti\u00e8me r\u00e9union de la Conf\u00e9rence Episcopale Orthodoxe du Benelux (CEOB) a eu lieu par visioconf\u00e9rence, \u00e0 cause de la crise sanitaire, le mardi 17 novembre 2020 de 10h00 \u00e0 11h00, sous la pr\u00e9sidence de Son Eminence le M\u00e9tropolite Ath\u00e9nagoras de Belgique (Patriarcat \u0152cum\u00e9nique), avec la participation de leurs Excellences l\u2019Ev\u00eaque Marc de &hellip; Continued\" \/>\n<meta property=\"og:url\" content=\"https:\/\/orthodoxia.be\/fr\/2020\/11\/17\/xxe-reunion-de-la-conference-episcopale-orthodoxe-du-benelux-ceob-obb\/\" \/>\n<meta property=\"og:site_name\" content=\"Archev\u00each\u00e9 Orthodoxe de Belgique\" \/>\n<meta property=\"article:publisher\" content=\"https:\/\/www.facebook.com\/orthobel\" \/>\n<meta property=\"article:published_time\" content=\"2020-11-17T14:18:18+00:00\" \/>\n<meta property=\"article:modified_time\" content=\"2020-11-17T14:22:00+00:00\" \/>\n<meta property=\"og:image\" content=\"https:\/\/orthodoxia.be\/wp-content\/uploads\/2020\/11\/image001.png\" \/>\n\t<meta property=\"og:image:width\" content=\"1023\" \/>\n\t<meta property=\"og:image:height\" content=\"871\" \/>\n\t<meta property=\"og:image:type\" content=\"image\/png\" \/>\n<meta name=\"author\" content=\"fr. Emilianos Chatzivasileiou\" \/>\n<meta name=\"twitter:card\" content=\"summary_large_image\" \/>\n<meta name=\"twitter:creator\" content=\"@orthobel\" \/>\n<meta name=\"twitter:site\" content=\"@orthobel\" \/>\n<meta name=\"twitter:label1\" content=\"\u00c9crit par\" \/>\n\t<meta name=\"twitter:data1\" content=\"fr. Emilianos Chatzivasileiou\" \/>\n\t<meta name=\"twitter:label2\" content=\"Dur\u00e9e de lecture est.\" \/>\n\t<meta name=\"twitter:data2\" content=\"2 minutes\" \/>\n<script type=\"application\/ld+json\" class=\"yoast-schema-graph\">{\"@context\":\"https:\/\/schema.org\",\"@graph\":[{\"@type\":\"Article\",\"@id\":\"https:\/\/orthodoxia.be\/fr\/2020\/11\/17\/xxe-reunion-de-la-conference-episcopale-orthodoxe-du-benelux-ceob-obb\/#article\",\"isPartOf\":{\"@id\":\"https:\/\/orthodoxia.be\/fr\/2020\/11\/17\/xxe-reunion-de-la-conference-episcopale-orthodoxe-du-benelux-ceob-obb\/\"},\"author\":{\"name\":\"fr. Emilianos Chatzivasileiou\",\"@id\":\"https:\/\/orthodoxia.be\/#\/schema\/person\/f6c4fd8f4c3dfc201522ccccede872c4\"},\"headline\":\"XXe r\u00e9union de la Conf\u00e9rence Episcopale Orthodoxe du Benelux (CEOB-OBB)\",\"datePublished\":\"2020-11-17T14:18:18+00:00\",\"dateModified\":\"2020-11-17T14:22:00+00:00\",\"mainEntityOfPage\":{\"@id\":\"https:\/\/orthodoxia.be\/fr\/2020\/11\/17\/xxe-reunion-de-la-conference-episcopale-orthodoxe-du-benelux-ceob-obb\/\"},\"wordCount\":454,\"publisher\":{\"@id\":\"https:\/\/orthodoxia.be\/#organization\"},\"image\":{\"@id\":\"https:\/\/orthodoxia.be\/fr\/2020\/11\/17\/xxe-reunion-de-la-conference-episcopale-orthodoxe-du-benelux-ceob-obb\/#primaryimage\"},\"thumbnailUrl\":\"https:\/\/orthodoxia.be\/wp-content\/uploads\/2020\/11\/image001.png\",\"articleSection\":[\"Actualit\u00e9\",\"Communiqu\u00e9\",\"Conf\u00e9rence Episcopale Orthodoxe du Benelux\"],\"inLanguage\":\"fr-BE\"},{\"@type\":\"WebPage\",\"@id\":\"https:\/\/orthodoxia.be\/fr\/2020\/11\/17\/xxe-reunion-de-la-conference-episcopale-orthodoxe-du-benelux-ceob-obb\/\",\"url\":\"https:\/\/orthodoxia.be\/fr\/2020\/11\/17\/xxe-reunion-de-la-conference-episcopale-orthodoxe-du-benelux-ceob-obb\/\",\"name\":\"XXe r\u00e9union de la Conf\u00e9rence Episcopale Orthodoxe du Benelux (CEOB-OBB) - Archev\u00each\u00e9 Orthodoxe de Belgique\",\"isPartOf\":{\"@id\":\"https:\/\/orthodoxia.be\/#website\"},\"primaryImageOfPage\":{\"@id\":\"https:\/\/orthodoxia.be\/fr\/2020\/11\/17\/xxe-reunion-de-la-conference-episcopale-orthodoxe-du-benelux-ceob-obb\/#primaryimage\"},\"image\":{\"@id\":\"https:\/\/orthodoxia.be\/fr\/2020\/11\/17\/xxe-reunion-de-la-conference-episcopale-orthodoxe-du-benelux-ceob-obb\/#primaryimage\"},\"thumbnailUrl\":\"https:\/\/orthodoxia.be\/wp-content\/uploads\/2020\/11\/image001.png\",\"datePublished\":\"2020-11-17T14:18:18+00:00\",\"dateModified\":\"2020-11-17T14:22:00+00:00\",\"breadcrumb\":{\"@id\":\"https:\/\/orthodoxia.be\/fr\/2020\/11\/17\/xxe-reunion-de-la-conference-episcopale-orthodoxe-du-benelux-ceob-obb\/#breadcrumb\"},\"inLanguage\":\"fr-BE\",\"potentialAction\":[{\"@type\":\"ReadAction\",\"target\":[\"https:\/\/orthodoxia.be\/fr\/2020\/11\/17\/xxe-reunion-de-la-conference-episcopale-orthodoxe-du-benelux-ceob-obb\/\"]}]},{\"@type\":\"ImageObject\",\"inLanguage\":\"fr-BE\",\"@id\":\"https:\/\/orthodoxia.be\/fr\/2020\/11\/17\/xxe-reunion-de-la-conference-episcopale-orthodoxe-du-benelux-ceob-obb\/#primaryimage\",\"url\":\"https:\/\/orthodoxia.be\/wp-content\/uploads\/2020\/11\/image001.png\",\"contentUrl\":\"https:\/\/orthodoxia.be\/wp-content\/uploads\/2020\/11\/image001.png\",\"width\":1023,\"height\":871},{\"@type\":\"BreadcrumbList\",\"@id\":\"https:\/\/orthodoxia.be\/fr\/2020\/11\/17\/xxe-reunion-de-la-conference-episcopale-orthodoxe-du-benelux-ceob-obb\/#breadcrumb\",\"itemListElement\":[{\"@type\":\"ListItem\",\"position\":1,\"name\":\"Home\",\"item\":\"https:\/\/orthodoxia.be\/fr\/\"},{\"@type\":\"ListItem\",\"position\":2,\"name\":\"XXe r\u00e9union de la Conf\u00e9rence Episcopale Orthodoxe du Benelux (CEOB-OBB)\"}]},{\"@type\":\"WebSite\",\"@id\":\"https:\/\/orthodoxia.be\/#website\",\"url\":\"https:\/\/orthodoxia.be\/\",\"name\":\"Orthodox Archdiocese of Belgium (Benelux)\",\"description\":\"Exarque des Pays-Bas et du Luxembourg\",\"publisher\":{\"@id\":\"https:\/\/orthodoxia.be\/#organization\"},\"alternateName\":\"IMB\",\"potentialAction\":[{\"@type\":\"SearchAction\",\"target\":{\"@type\":\"EntryPoint\",\"urlTemplate\":\"https:\/\/orthodoxia.be\/?s={search_term_string}\"},\"query-input\":{\"@type\":\"PropertyValueSpecification\",\"valueRequired\":true,\"valueName\":\"search_term_string\"}}],\"inLanguage\":\"fr-BE\"},{\"@type\":\"Organization\",\"@id\":\"https:\/\/orthodoxia.be\/#organization\",\"name\":\"Orthodox Archdiocese of Belgium (Benelux)\",\"url\":\"https:\/\/orthodoxia.be\/\",\"logo\":{\"@type\":\"ImageObject\",\"inLanguage\":\"fr-BE\",\"@id\":\"https:\/\/orthodoxia.be\/#\/schema\/logo\/image\/\",\"url\":\"https:\/\/orthodoxia.be\/wp-content\/uploads\/2024\/02\/cropped-IMB-logo-512-cl-1.png\",\"contentUrl\":\"https:\/\/orthodoxia.be\/wp-content\/uploads\/2024\/02\/cropped-IMB-logo-512-cl-1.png\",\"width\":512,\"height\":512,\"caption\":\"Orthodox Archdiocese of Belgium (Benelux)\"},\"image\":{\"@id\":\"https:\/\/orthodoxia.be\/#\/schema\/logo\/image\/\"},\"sameAs\":[\"https:\/\/www.facebook.com\/orthobel\",\"https:\/\/x.com\/orthobel\",\"https:\/\/www.youtube.com\/c\/orthobel\",\"https:\/\/www.mixcloud.com\/orthobel\/\",\"https:\/\/www.flickr.com\/photos\/148264890@N07\/albums\",\"https:\/\/www.dailymotion.com\/Orthobel\"]},{\"@type\":\"Person\",\"@id\":\"https:\/\/orthodoxia.be\/#\/schema\/person\/f6c4fd8f4c3dfc201522ccccede872c4\",\"name\":\"fr. Emilianos Chatzivasileiou\",\"image\":{\"@type\":\"ImageObject\",\"inLanguage\":\"fr-BE\",\"@id\":\"https:\/\/orthodoxia.be\/#\/schema\/person\/image\/\",\"url\":\"https:\/\/secure.gravatar.com\/avatar\/5b67115dbb9ae1579c39e9ae857d39ac?s=96&d=mm&r=g\",\"contentUrl\":\"https:\/\/secure.gravatar.com\/avatar\/5b67115dbb9ae1579c39e9ae857d39ac?s=96&d=mm&r=g\",\"caption\":\"fr. Emilianos Chatzivasileiou\"},\"sameAs\":[\"http:\/\/orthodoxia.be\"],\"url\":\"https:\/\/orthodoxia.be\/fr\/author\/p-emilianos\/\"}]}<\/script>\n<!-- \/ Yoast SEO plugin. -->","yoast_head_json":{"title":"XXe r\u00e9union de la Conf\u00e9rence Episcopale Orthodoxe du Benelux (CEOB-OBB) - Archev\u00each\u00e9 Orthodoxe de Belgique","robots":{"index":"index","follow":"follow","max-snippet":"max-snippet:-1","max-image-preview":"max-image-preview:large","max-video-preview":"max-video-preview:-1"},"canonical":"https:\/\/orthodoxia.be\/fr\/2020\/11\/17\/xxe-reunion-de-la-conference-episcopale-orthodoxe-du-benelux-ceob-obb\/","og_locale":"fr_FR","og_type":"article","og_title":"XXe r\u00e9union de la Conf\u00e9rence Episcopale Orthodoxe du Benelux (CEOB-OBB) - Archev\u00each\u00e9 Orthodoxe de Belgique","og_description":"Bruxelles \u2013 La vingti\u00e8me r\u00e9union de la Conf\u00e9rence Episcopale Orthodoxe du Benelux (CEOB) a eu lieu par visioconf\u00e9rence, \u00e0 cause de la crise sanitaire, le mardi 17 novembre 2020 de 10h00 \u00e0 11h00, sous la pr\u00e9sidence de Son Eminence le M\u00e9tropolite Ath\u00e9nagoras de Belgique (Patriarcat \u0152cum\u00e9nique), avec la participation de leurs Excellences l\u2019Ev\u00eaque Marc de &hellip; Continued","og_url":"https:\/\/orthodoxia.be\/fr\/2020\/11\/17\/xxe-reunion-de-la-conference-episcopale-orthodoxe-du-benelux-ceob-obb\/","og_site_name":"Archev\u00each\u00e9 Orthodoxe de Belgique","article_publisher":"https:\/\/www.facebook.com\/orthobel","article_published_time":"2020-11-17T14:18:18+00:00","article_modified_time":"2020-11-17T14:22:00+00:00","og_image":[{"width":1023,"height":871,"url":"https:\/\/orthodoxia.be\/wp-content\/uploads\/2020\/11\/image001.png","type":"image\/png"}],"author":"fr. Emilianos Chatzivasileiou","twitter_card":"summary_large_image","twitter_creator":"@orthobel","twitter_site":"@orthobel","twitter_misc":{"\u00c9crit par":"fr. Emilianos Chatzivasileiou","Dur\u00e9e de lecture est.":"2 minutes"},"schema":{"@context":"https:\/\/schema.org","@graph":[{"@type":"Article","@id":"https:\/\/orthodoxia.be\/fr\/2020\/11\/17\/xxe-reunion-de-la-conference-episcopale-orthodoxe-du-benelux-ceob-obb\/#article","isPartOf":{"@id":"https:\/\/orthodoxia.be\/fr\/2020\/11\/17\/xxe-reunion-de-la-conference-episcopale-orthodoxe-du-benelux-ceob-obb\/"},"author":{"name":"fr. Emilianos Chatzivasileiou","@id":"https:\/\/orthodoxia.be\/#\/schema\/person\/f6c4fd8f4c3dfc201522ccccede872c4"},"headline":"XXe r\u00e9union de la Conf\u00e9rence Episcopale Orthodoxe du Benelux (CEOB-OBB)","datePublished":"2020-11-17T14:18:18+00:00","dateModified":"2020-11-17T14:22:00+00:00","mainEntityOfPage":{"@id":"https:\/\/orthodoxia.be\/fr\/2020\/11\/17\/xxe-reunion-de-la-conference-episcopale-orthodoxe-du-benelux-ceob-obb\/"},"wordCount":454,"publisher":{"@id":"https:\/\/orthodoxia.be\/#organization"},"image":{"@id":"https:\/\/orthodoxia.be\/fr\/2020\/11\/17\/xxe-reunion-de-la-conference-episcopale-orthodoxe-du-benelux-ceob-obb\/#primaryimage"},"thumbnailUrl":"https:\/\/orthodoxia.be\/wp-content\/uploads\/2020\/11\/image001.png","articleSection":["Actualit\u00e9","Communiqu\u00e9","Conf\u00e9rence Episcopale Orthodoxe du Benelux"],"inLanguage":"fr-BE"},{"@type":"WebPage","@id":"https:\/\/orthodoxia.be\/fr\/2020\/11\/17\/xxe-reunion-de-la-conference-episcopale-orthodoxe-du-benelux-ceob-obb\/","url":"https:\/\/orthodoxia.be\/fr\/2020\/11\/17\/xxe-reunion-de-la-conference-episcopale-orthodoxe-du-benelux-ceob-obb\/","name":"XXe r\u00e9union de la Conf\u00e9rence Episcopale Orthodoxe du Benelux (CEOB-OBB) - Archev\u00each\u00e9 Orthodoxe de Belgique","isPartOf":{"@id":"https:\/\/orthodoxia.be\/#website"},"primaryImageOfPage":{"@id":"https:\/\/orthodoxia.be\/fr\/2020\/11\/17\/xxe-reunion-de-la-conference-episcopale-orthodoxe-du-benelux-ceob-obb\/#primaryimage"},"image":{"@id":"https:\/\/orthodoxia.be\/fr\/2020\/11\/17\/xxe-reunion-de-la-conference-episcopale-orthodoxe-du-benelux-ceob-obb\/#primaryimage"},"thumbnailUrl":"https:\/\/orthodoxia.be\/wp-content\/uploads\/2020\/11\/image001.png","datePublished":"2020-11-17T14:18:18+00:00","dateModified":"2020-11-17T14:22:00+00:00","breadcrumb":{"@id":"https:\/\/orthodoxia.be\/fr\/2020\/11\/17\/xxe-reunion-de-la-conference-episcopale-orthodoxe-du-benelux-ceob-obb\/#breadcrumb"},"inLanguage":"fr-BE","potentialAction":[{"@type":"ReadAction","target":["https:\/\/orthodoxia.be\/fr\/2020\/11\/17\/xxe-reunion-de-la-conference-episcopale-orthodoxe-du-benelux-ceob-obb\/"]}]},{"@type":"ImageObject","inLanguage":"fr-BE","@id":"https:\/\/orthodoxia.be\/fr\/2020\/11\/17\/xxe-reunion-de-la-conference-episcopale-orthodoxe-du-benelux-ceob-obb\/#primaryimage","url":"https:\/\/orthodoxia.be\/wp-content\/uploads\/2020\/11\/image001.png","contentUrl":"https:\/\/orthodoxia.be\/wp-content\/uploads\/2020\/11\/image001.png","width":1023,"height":871},{"@type":"BreadcrumbList","@id":"https:\/\/orthodoxia.be\/fr\/2020\/11\/17\/xxe-reunion-de-la-conference-episcopale-orthodoxe-du-benelux-ceob-obb\/#breadcrumb","itemListElement":[{"@type":"ListItem","position":1,"name":"Home","item":"https:\/\/orthodoxia.be\/fr\/"},{"@type":"ListItem","position":2,"name":"XXe r\u00e9union de la Conf\u00e9rence Episcopale Orthodoxe du Benelux (CEOB-OBB)"}]},{"@type":"WebSite","@id":"https:\/\/orthodoxia.be\/#website","url":"https:\/\/orthodoxia.be\/","name":"Orthodox Archdiocese of Belgium (Benelux)","description":"Exarque des Pays-Bas et du Luxembourg","publisher":{"@id":"https:\/\/orthodoxia.be\/#organization"},"alternateName":"IMB","potentialAction":[{"@type":"SearchAction","target":{"@type":"EntryPoint","urlTemplate":"https:\/\/orthodoxia.be\/?s={search_term_string}"},"query-input":{"@type":"PropertyValueSpecification","valueRequired":true,"valueName":"search_term_string"}}],"inLanguage":"fr-BE"},{"@type":"Organization","@id":"https:\/\/orthodoxia.be\/#organization","name":"Orthodox Archdiocese of Belgium (Benelux)","url":"https:\/\/orthodoxia.be\/","logo":{"@type":"ImageObject","inLanguage":"fr-BE","@id":"https:\/\/orthodoxia.be\/#\/schema\/logo\/image\/","url":"https:\/\/orthodoxia.be\/wp-content\/uploads\/2024\/02\/cropped-IMB-logo-512-cl-1.png","contentUrl":"https:\/\/orthodoxia.be\/wp-content\/uploads\/2024\/02\/cropped-IMB-logo-512-cl-1.png","width":512,"height":512,"caption":"Orthodox Archdiocese of Belgium (Benelux)"},"image":{"@id":"https:\/\/orthodoxia.be\/#\/schema\/logo\/image\/"},"sameAs":["https:\/\/www.facebook.com\/orthobel","https:\/\/x.com\/orthobel","https:\/\/www.youtube.com\/c\/orthobel","https:\/\/www.mixcloud.com\/orthobel\/","https:\/\/www.flickr.com\/photos\/148264890@N07\/albums","https:\/\/www.dailymotion.com\/Orthobel"]},{"@type":"Person","@id":"https:\/\/orthodoxia.be\/#\/schema\/person\/f6c4fd8f4c3dfc201522ccccede872c4","name":"fr. Emilianos Chatzivasileiou","image":{"@type":"ImageObject","inLanguage":"fr-BE","@id":"https:\/\/orthodoxia.be\/#\/schema\/person\/image\/","url":"https:\/\/secure.gravatar.com\/avatar\/5b67115dbb9ae1579c39e9ae857d39ac?s=96&d=mm&r=g","contentUrl":"https:\/\/secure.gravatar.com\/avatar\/5b67115dbb9ae1579c39e9ae857d39ac?s=96&d=mm&r=g","caption":"fr. Emilianos Chatzivasileiou"},"sameAs":["http:\/\/orthodoxia.be"],"url":"https:\/\/orthodoxia.be\/fr\/author\/p-emilianos\/"}]}},"_links":{"self":[{"href":"https:\/\/orthodoxia.be\/fr\/wp-json\/wp\/v2\/posts\/28873","targetHints":{"allow":["GET"]}}],"collection":[{"href":"https:\/\/orthodoxia.be\/fr\/wp-json\/wp\/v2\/posts"}],"about":[{"href":"https:\/\/orthodoxia.be\/fr\/wp-json\/wp\/v2\/types\/post"}],"author":[{"embeddable":true,"href":"https:\/\/orthodoxia.be\/fr\/wp-json\/wp\/v2\/users\/10"}],"replies":[{"embeddable":true,"href":"https:\/\/orthodoxia.be\/fr\/wp-json\/wp\/v2\/comments?post=28873"}],"version-history":[{"count":1,"href":"https:\/\/orthodoxia.be\/fr\/wp-json\/wp\/v2\/posts\/28873\/revisions"}],"predecessor-version":[{"id":28874,"href":"https:\/\/orthodoxia.be\/fr\/wp-json\/wp\/v2\/posts\/28873\/revisions\/28874"}],"wp:featuredmedia":[{"embeddable":true,"href":"https:\/\/orthodoxia.be\/fr\/wp-json\/wp\/v2\/media\/28866"}],"wp:attachment":[{"href":"https:\/\/orthodoxia.be\/fr\/wp-json\/wp\/v2\/media?parent=28873"}],"wp:term":[{"taxonomy":"category","embeddable":true,"href":"https:\/\/orthodoxia.be\/fr\/wp-json\/wp\/v2\/categories?post=28873"},{"taxonomy":"post_tag","embeddable":true,"href":"https:\/\/orthodoxia.be\/fr\/wp-json\/wp\/v2\/tags?post=28873"}],"curies":[{"name":"wp","href":"https:\/\/api.w.org\/{rel}","templated":true}]}}