{"id":28923,"date":"2020-11-24T13:59:19","date_gmt":"2020-11-24T12:59:19","guid":{"rendered":"http:\/\/orthodoxia.be\/?p=28923"},"modified":"2020-11-24T21:00:07","modified_gmt":"2020-11-24T20:00:07","slug":"ecole-de-musique-byzantine-de-larcheveche-de-belgique-un-mois-de-fonctionnement-nouveau-cours-dordo","status":"publish","type":"post","link":"https:\/\/orthodoxia.be\/fr\/2020\/11\/24\/ecole-de-musique-byzantine-de-larcheveche-de-belgique-un-mois-de-fonctionnement-nouveau-cours-dordo\/","title":{"rendered":"\u00c9cole de Musique Byzantine de l\u2019Archev\u00each\u00e9 de Belgique Un mois de fonctionnement Nouveau cours d\u2019Ordo"},"content":{"rendered":"<p style=\"text-align: justify;\">Avec l\u2019aide de Dieu et la b\u00e9n\u00e9diction de Son \u00c9minence notre Berger Mgr Ath\u00e9nagoras, l\u2019\u00c9cole de Musique Byzantine de l\u2019Archev\u00each\u00e9 de Belgique \u00ab Saint Hilaire, \u00c9v\u00eaque de Poitiers \u00bb compte d\u00e9sormais un mois d\u2019existence. Un beau mois, plein d\u2019exp\u00e9riences musicales et spirituelles aussi bien pour les enseignants que les nombreux enseign\u00e9s. L\u2019art sacr\u00e9 de Damasc\u00e8ne est enseign\u00e9 en grec, en fran\u00e7ais et en n\u00e9erlandais cr\u00e9ant un lien suppl\u00e9mentaire des personnes avec la vie adorative de notre \u00c9glise.<\/p>\n<p style=\"text-align: justify;\">La pand\u00e9mie du coronavirus a probablement bouscul\u00e9 les objectifs et perspectives de d\u00e9part, mais cela ne devrait en aucun cas nous faire perdre l\u2019espoir et impacter quelque progr\u00e8s que ce soit. Persuad\u00e9 que la vie du chr\u00e9tien ne peut comporter de voie sans issue et souhaitant continuer la belle \u0153uvre de transmission de la musique eccl\u00e9siastique, l\u2019\u00c9cole de notre Archev\u00each\u00e9, en accord avec les mesures de protection sanitaires dict\u00e9es par l\u2019\u00c9tat, a adopt\u00e9 l\u2019enseignement \u00e0 distance pour la r\u00e9alisation des cours.<\/p>\n<p style=\"text-align: justify;\">De plus, un nouveau cours s\u2019ajoute au cursus d\u00e9j\u00e0 propos\u00e9. Dans le cadre des pr\u00e9rogatives de notre \u00c9cole, l\u2019apprentissage de l\u2019Ordo est introduit en tant que cours, puisqu\u2019il met en \u00e9vidence l\u2019ensemble des informations concernant la structure et la charpente des Offices.<\/p>\n<p style=\"text-align: justify;\">Nous vous informons donc de l\u2019inauguration du cours d\u2019apprentissage \u00e0 l\u2019Ordo, \u00e0 raison d\u2019une fois par mois, en commen\u00e7ant par le mercredi 25\/11\/2020.<\/p>\n<p style=\"text-align: justify;\">L\u2019objectif de ce cours est ainsi la d\u00e9couverte avec le r\u00e8glement dans l\u2019\u00c9glise, la mani\u00e8re de proc\u00e9der au Patriarcat \u0152cum\u00e9nique et tout ce qui rend la beaut\u00e9 dans nos offices orthodoxes<\/p>\n<p style=\"text-align: justify;\">Ce cours est ouvert \u00e0 tous, m\u00eame \u00e0 ceux qui ne sont pas inscrits dans le cursus de l\u2019\u00c9cole. Pour de plus amples informations, les int\u00e9ress\u00e9s peuvent contacter le Diacre Constantin Dedes (t\u00e9l. : +32 470 98 69 23 &#8211; courriel : sxoli.bizantinis@gmail.com).<\/p>\n","protected":false},"excerpt":{"rendered":"<p>Avec l\u2019aide de Dieu et la b\u00e9n\u00e9diction de Son \u00c9minence notre Berger Mgr Ath\u00e9nagoras, l\u2019\u00c9cole de Musique Byzantine de l\u2019Archev\u00each\u00e9 de Belgique \u00ab Saint Hilaire, \u00c9v\u00eaque de Poitiers \u00bb compte d\u00e9sormais un mois d\u2019existence. Un beau mois, plein d\u2019exp\u00e9riences musicales et spirituelles aussi bien pour les enseignants que les nombreux enseign\u00e9s. L\u2019art sacr\u00e9 de Damasc\u00e8ne &hellip; <a href=\"https:\/\/orthodoxia.be\/fr\/2020\/11\/24\/ecole-de-musique-byzantine-de-larcheveche-de-belgique-un-mois-de-fonctionnement-nouveau-cours-dordo\/\">Continued<\/a><\/p>\n","protected":false},"author":10,"featured_media":28916,"comment_status":"closed","ping_status":"open","sticky":false,"template":"","format":"standard","meta":{"_acf_changed":false,"footnotes":""},"categories":[14],"tags":[],"class_list":["post-28923","post","type-post","status-publish","format-standard","has-post-thumbnail","hentry","category-actualite"],"acf":[],"yoast_head":"<!-- This site is optimized with the Yoast SEO plugin v24.3 - https:\/\/yoast.com\/wordpress\/plugins\/seo\/ -->\n<title>\u00c9cole de Musique Byzantine de l\u2019Archev\u00each\u00e9 de Belgique Un mois de fonctionnement Nouveau cours d\u2019Ordo - Archev\u00each\u00e9 Orthodoxe de Belgique<\/title>\n<meta name=\"robots\" content=\"index, follow, max-snippet:-1, max-image-preview:large, max-video-preview:-1\" \/>\n<link rel=\"canonical\" href=\"https:\/\/orthodoxia.be\/2020\/11\/24\/\u03ad\u03bd\u03b1\u03c2-\u03bc\u03ae\u03bd\u03b1\u03c2-\u03bb\u03b5\u03b9\u03c4\u03bf\u03c5\u03c1\u03b3\u03af\u03b1\u03c2-\u03c4\u03b7\u03c2-\u03c3\u03c7\u03bf\u03bb\u03ae\u03c2-\u03b2\u03c5\u03b6\/\" \/>\n<meta property=\"og:locale\" content=\"fr_FR\" \/>\n<meta property=\"og:type\" content=\"article\" \/>\n<meta property=\"og:title\" content=\"\u00c9cole de Musique Byzantine de l\u2019Archev\u00each\u00e9 de Belgique Un mois de fonctionnement Nouveau cours d\u2019Ordo - Archev\u00each\u00e9 Orthodoxe de Belgique\" \/>\n<meta property=\"og:description\" content=\"Avec l\u2019aide de Dieu et la b\u00e9n\u00e9diction de Son \u00c9minence notre Berger Mgr Ath\u00e9nagoras, l\u2019\u00c9cole de Musique Byzantine de l\u2019Archev\u00each\u00e9 de Belgique \u00ab Saint Hilaire, \u00c9v\u00eaque de Poitiers \u00bb compte d\u00e9sormais un mois d\u2019existence. Un beau mois, plein d\u2019exp\u00e9riences musicales et spirituelles aussi bien pour les enseignants que les nombreux enseign\u00e9s. L\u2019art sacr\u00e9 de Damasc\u00e8ne &hellip; Continued\" \/>\n<meta property=\"og:url\" content=\"https:\/\/orthodoxia.be\/2020\/11\/24\/\u03ad\u03bd\u03b1\u03c2-\u03bc\u03ae\u03bd\u03b1\u03c2-\u03bb\u03b5\u03b9\u03c4\u03bf\u03c5\u03c1\u03b3\u03af\u03b1\u03c2-\u03c4\u03b7\u03c2-\u03c3\u03c7\u03bf\u03bb\u03ae\u03c2-\u03b2\u03c5\u03b6\/\" \/>\n<meta property=\"og:site_name\" content=\"Archev\u00each\u00e9 Orthodoxe de Belgique\" \/>\n<meta property=\"article:publisher\" content=\"https:\/\/www.facebook.com\/orthobel\" \/>\n<meta property=\"article:published_time\" content=\"2020-11-24T12:59:19+00:00\" \/>\n<meta property=\"article:modified_time\" content=\"2020-11-24T20:00:07+00:00\" \/>\n<meta property=\"og:image\" content=\"https:\/\/orthodoxia.be\/wp-content\/uploads\/2020\/11\/001.jpg\" \/>\n\t<meta property=\"og:image:width\" content=\"819\" \/>\n\t<meta property=\"og:image:height\" content=\"946\" \/>\n\t<meta property=\"og:image:type\" content=\"image\/jpeg\" \/>\n<meta name=\"author\" content=\"fr. Emilianos Chatzivasileiou\" \/>\n<meta name=\"twitter:card\" content=\"summary_large_image\" \/>\n<meta name=\"twitter:creator\" content=\"@orthobel\" \/>\n<meta name=\"twitter:site\" content=\"@orthobel\" \/>\n<meta name=\"twitter:label1\" content=\"\u00c9crit par\" \/>\n\t<meta name=\"twitter:data1\" content=\"fr. Emilianos Chatzivasileiou\" \/>\n\t<meta name=\"twitter:label2\" content=\"Dur\u00e9e de lecture est.\" \/>\n\t<meta name=\"twitter:data2\" content=\"2 minutes\" \/>\n<script type=\"application\/ld+json\" class=\"yoast-schema-graph\">{\"@context\":\"https:\/\/schema.org\",\"@graph\":[{\"@type\":\"Article\",\"@id\":\"https:\/\/orthodoxia.be\/2020\/11\/24\/%ce%ad%ce%bd%ce%b1%cf%82-%ce%bc%ce%ae%ce%bd%ce%b1%cf%82-%ce%bb%ce%b5%ce%b9%cf%84%ce%bf%cf%85%cf%81%ce%b3%ce%af%ce%b1%cf%82-%cf%84%ce%b7%cf%82-%cf%83%cf%87%ce%bf%ce%bb%ce%ae%cf%82-%ce%b2%cf%85%ce%b6\/#article\",\"isPartOf\":{\"@id\":\"https:\/\/orthodoxia.be\/2020\/11\/24\/%ce%ad%ce%bd%ce%b1%cf%82-%ce%bc%ce%ae%ce%bd%ce%b1%cf%82-%ce%bb%ce%b5%ce%b9%cf%84%ce%bf%cf%85%cf%81%ce%b3%ce%af%ce%b1%cf%82-%cf%84%ce%b7%cf%82-%cf%83%cf%87%ce%bf%ce%bb%ce%ae%cf%82-%ce%b2%cf%85%ce%b6\/\"},\"author\":{\"name\":\"fr. Emilianos Chatzivasileiou\",\"@id\":\"https:\/\/orthodoxia.be\/#\/schema\/person\/f6c4fd8f4c3dfc201522ccccede872c4\"},\"headline\":\"\u00c9cole de Musique Byzantine de l\u2019Archev\u00each\u00e9 de Belgique Un mois de fonctionnement Nouveau cours d\u2019Ordo\",\"datePublished\":\"2020-11-24T12:59:19+00:00\",\"dateModified\":\"2020-11-24T20:00:07+00:00\",\"mainEntityOfPage\":{\"@id\":\"https:\/\/orthodoxia.be\/2020\/11\/24\/%ce%ad%ce%bd%ce%b1%cf%82-%ce%bc%ce%ae%ce%bd%ce%b1%cf%82-%ce%bb%ce%b5%ce%b9%cf%84%ce%bf%cf%85%cf%81%ce%b3%ce%af%ce%b1%cf%82-%cf%84%ce%b7%cf%82-%cf%83%cf%87%ce%bf%ce%bb%ce%ae%cf%82-%ce%b2%cf%85%ce%b6\/\"},\"wordCount\":358,\"publisher\":{\"@id\":\"https:\/\/orthodoxia.be\/#organization\"},\"image\":{\"@id\":\"https:\/\/orthodoxia.be\/2020\/11\/24\/%ce%ad%ce%bd%ce%b1%cf%82-%ce%bc%ce%ae%ce%bd%ce%b1%cf%82-%ce%bb%ce%b5%ce%b9%cf%84%ce%bf%cf%85%cf%81%ce%b3%ce%af%ce%b1%cf%82-%cf%84%ce%b7%cf%82-%cf%83%cf%87%ce%bf%ce%bb%ce%ae%cf%82-%ce%b2%cf%85%ce%b6\/#primaryimage\"},\"thumbnailUrl\":\"https:\/\/orthodoxia.be\/wp-content\/uploads\/2020\/11\/001.jpg\",\"articleSection\":[\"Actualit\u00e9\"],\"inLanguage\":\"fr-BE\"},{\"@type\":\"WebPage\",\"@id\":\"https:\/\/orthodoxia.be\/2020\/11\/24\/%ce%ad%ce%bd%ce%b1%cf%82-%ce%bc%ce%ae%ce%bd%ce%b1%cf%82-%ce%bb%ce%b5%ce%b9%cf%84%ce%bf%cf%85%cf%81%ce%b3%ce%af%ce%b1%cf%82-%cf%84%ce%b7%cf%82-%cf%83%cf%87%ce%bf%ce%bb%ce%ae%cf%82-%ce%b2%cf%85%ce%b6\/\",\"url\":\"https:\/\/orthodoxia.be\/2020\/11\/24\/%ce%ad%ce%bd%ce%b1%cf%82-%ce%bc%ce%ae%ce%bd%ce%b1%cf%82-%ce%bb%ce%b5%ce%b9%cf%84%ce%bf%cf%85%cf%81%ce%b3%ce%af%ce%b1%cf%82-%cf%84%ce%b7%cf%82-%cf%83%cf%87%ce%bf%ce%bb%ce%ae%cf%82-%ce%b2%cf%85%ce%b6\/\",\"name\":\"\u00c9cole de Musique Byzantine de l\u2019Archev\u00each\u00e9 de Belgique Un mois de fonctionnement Nouveau cours d\u2019Ordo - Archev\u00each\u00e9 Orthodoxe de Belgique\",\"isPartOf\":{\"@id\":\"https:\/\/orthodoxia.be\/#website\"},\"primaryImageOfPage\":{\"@id\":\"https:\/\/orthodoxia.be\/2020\/11\/24\/%ce%ad%ce%bd%ce%b1%cf%82-%ce%bc%ce%ae%ce%bd%ce%b1%cf%82-%ce%bb%ce%b5%ce%b9%cf%84%ce%bf%cf%85%cf%81%ce%b3%ce%af%ce%b1%cf%82-%cf%84%ce%b7%cf%82-%cf%83%cf%87%ce%bf%ce%bb%ce%ae%cf%82-%ce%b2%cf%85%ce%b6\/#primaryimage\"},\"image\":{\"@id\":\"https:\/\/orthodoxia.be\/2020\/11\/24\/%ce%ad%ce%bd%ce%b1%cf%82-%ce%bc%ce%ae%ce%bd%ce%b1%cf%82-%ce%bb%ce%b5%ce%b9%cf%84%ce%bf%cf%85%cf%81%ce%b3%ce%af%ce%b1%cf%82-%cf%84%ce%b7%cf%82-%cf%83%cf%87%ce%bf%ce%bb%ce%ae%cf%82-%ce%b2%cf%85%ce%b6\/#primaryimage\"},\"thumbnailUrl\":\"https:\/\/orthodoxia.be\/wp-content\/uploads\/2020\/11\/001.jpg\",\"datePublished\":\"2020-11-24T12:59:19+00:00\",\"dateModified\":\"2020-11-24T20:00:07+00:00\",\"breadcrumb\":{\"@id\":\"https:\/\/orthodoxia.be\/2020\/11\/24\/%ce%ad%ce%bd%ce%b1%cf%82-%ce%bc%ce%ae%ce%bd%ce%b1%cf%82-%ce%bb%ce%b5%ce%b9%cf%84%ce%bf%cf%85%cf%81%ce%b3%ce%af%ce%b1%cf%82-%cf%84%ce%b7%cf%82-%cf%83%cf%87%ce%bf%ce%bb%ce%ae%cf%82-%ce%b2%cf%85%ce%b6\/#breadcrumb\"},\"inLanguage\":\"fr-BE\",\"potentialAction\":[{\"@type\":\"ReadAction\",\"target\":[\"https:\/\/orthodoxia.be\/2020\/11\/24\/%ce%ad%ce%bd%ce%b1%cf%82-%ce%bc%ce%ae%ce%bd%ce%b1%cf%82-%ce%bb%ce%b5%ce%b9%cf%84%ce%bf%cf%85%cf%81%ce%b3%ce%af%ce%b1%cf%82-%cf%84%ce%b7%cf%82-%cf%83%cf%87%ce%bf%ce%bb%ce%ae%cf%82-%ce%b2%cf%85%ce%b6\/\"]}]},{\"@type\":\"ImageObject\",\"inLanguage\":\"fr-BE\",\"@id\":\"https:\/\/orthodoxia.be\/2020\/11\/24\/%ce%ad%ce%bd%ce%b1%cf%82-%ce%bc%ce%ae%ce%bd%ce%b1%cf%82-%ce%bb%ce%b5%ce%b9%cf%84%ce%bf%cf%85%cf%81%ce%b3%ce%af%ce%b1%cf%82-%cf%84%ce%b7%cf%82-%cf%83%cf%87%ce%bf%ce%bb%ce%ae%cf%82-%ce%b2%cf%85%ce%b6\/#primaryimage\",\"url\":\"https:\/\/orthodoxia.be\/wp-content\/uploads\/2020\/11\/001.jpg\",\"contentUrl\":\"https:\/\/orthodoxia.be\/wp-content\/uploads\/2020\/11\/001.jpg\",\"width\":819,\"height\":946},{\"@type\":\"BreadcrumbList\",\"@id\":\"https:\/\/orthodoxia.be\/2020\/11\/24\/%ce%ad%ce%bd%ce%b1%cf%82-%ce%bc%ce%ae%ce%bd%ce%b1%cf%82-%ce%bb%ce%b5%ce%b9%cf%84%ce%bf%cf%85%cf%81%ce%b3%ce%af%ce%b1%cf%82-%cf%84%ce%b7%cf%82-%cf%83%cf%87%ce%bf%ce%bb%ce%ae%cf%82-%ce%b2%cf%85%ce%b6\/#breadcrumb\",\"itemListElement\":[{\"@type\":\"ListItem\",\"position\":1,\"name\":\"Home\",\"item\":\"https:\/\/orthodoxia.be\/fr\/\"},{\"@type\":\"ListItem\",\"position\":2,\"name\":\"\u00c9cole de Musique Byzantine de l\u2019Archev\u00each\u00e9 de Belgique Un mois de fonctionnement Nouveau cours d\u2019Ordo\"}]},{\"@type\":\"WebSite\",\"@id\":\"https:\/\/orthodoxia.be\/#website\",\"url\":\"https:\/\/orthodoxia.be\/\",\"name\":\"Orthodox Archdiocese of Belgium (Benelux)\",\"description\":\"Exarque des Pays-Bas et du Luxembourg\",\"publisher\":{\"@id\":\"https:\/\/orthodoxia.be\/#organization\"},\"alternateName\":\"IMB\",\"potentialAction\":[{\"@type\":\"SearchAction\",\"target\":{\"@type\":\"EntryPoint\",\"urlTemplate\":\"https:\/\/orthodoxia.be\/?s={search_term_string}\"},\"query-input\":{\"@type\":\"PropertyValueSpecification\",\"valueRequired\":true,\"valueName\":\"search_term_string\"}}],\"inLanguage\":\"fr-BE\"},{\"@type\":\"Organization\",\"@id\":\"https:\/\/orthodoxia.be\/#organization\",\"name\":\"Orthodox Archdiocese of Belgium (Benelux)\",\"url\":\"https:\/\/orthodoxia.be\/\",\"logo\":{\"@type\":\"ImageObject\",\"inLanguage\":\"fr-BE\",\"@id\":\"https:\/\/orthodoxia.be\/#\/schema\/logo\/image\/\",\"url\":\"https:\/\/orthodoxia.be\/wp-content\/uploads\/2024\/02\/cropped-IMB-logo-512-cl-1.png\",\"contentUrl\":\"https:\/\/orthodoxia.be\/wp-content\/uploads\/2024\/02\/cropped-IMB-logo-512-cl-1.png\",\"width\":512,\"height\":512,\"caption\":\"Orthodox Archdiocese of Belgium (Benelux)\"},\"image\":{\"@id\":\"https:\/\/orthodoxia.be\/#\/schema\/logo\/image\/\"},\"sameAs\":[\"https:\/\/www.facebook.com\/orthobel\",\"https:\/\/x.com\/orthobel\",\"https:\/\/www.youtube.com\/c\/orthobel\",\"https:\/\/www.mixcloud.com\/orthobel\/\",\"https:\/\/www.flickr.com\/photos\/148264890@N07\/albums\",\"https:\/\/www.dailymotion.com\/Orthobel\"]},{\"@type\":\"Person\",\"@id\":\"https:\/\/orthodoxia.be\/#\/schema\/person\/f6c4fd8f4c3dfc201522ccccede872c4\",\"name\":\"fr. Emilianos Chatzivasileiou\",\"image\":{\"@type\":\"ImageObject\",\"inLanguage\":\"fr-BE\",\"@id\":\"https:\/\/orthodoxia.be\/#\/schema\/person\/image\/\",\"url\":\"https:\/\/secure.gravatar.com\/avatar\/5b67115dbb9ae1579c39e9ae857d39ac?s=96&d=mm&r=g\",\"contentUrl\":\"https:\/\/secure.gravatar.com\/avatar\/5b67115dbb9ae1579c39e9ae857d39ac?s=96&d=mm&r=g\",\"caption\":\"fr. Emilianos Chatzivasileiou\"},\"sameAs\":[\"http:\/\/orthodoxia.be\"],\"url\":\"https:\/\/orthodoxia.be\/fr\/author\/p-emilianos\/\"}]}<\/script>\n<!-- \/ Yoast SEO plugin. -->","yoast_head_json":{"title":"\u00c9cole de Musique Byzantine de l\u2019Archev\u00each\u00e9 de Belgique Un mois de fonctionnement Nouveau cours d\u2019Ordo - Archev\u00each\u00e9 Orthodoxe de Belgique","robots":{"index":"index","follow":"follow","max-snippet":"max-snippet:-1","max-image-preview":"max-image-preview:large","max-video-preview":"max-video-preview:-1"},"canonical":"https:\/\/orthodoxia.be\/2020\/11\/24\/\u03ad\u03bd\u03b1\u03c2-\u03bc\u03ae\u03bd\u03b1\u03c2-\u03bb\u03b5\u03b9\u03c4\u03bf\u03c5\u03c1\u03b3\u03af\u03b1\u03c2-\u03c4\u03b7\u03c2-\u03c3\u03c7\u03bf\u03bb\u03ae\u03c2-\u03b2\u03c5\u03b6\/","og_locale":"fr_FR","og_type":"article","og_title":"\u00c9cole de Musique Byzantine de l\u2019Archev\u00each\u00e9 de Belgique Un mois de fonctionnement Nouveau cours d\u2019Ordo - Archev\u00each\u00e9 Orthodoxe de Belgique","og_description":"Avec l\u2019aide de Dieu et la b\u00e9n\u00e9diction de Son \u00c9minence notre Berger Mgr Ath\u00e9nagoras, l\u2019\u00c9cole de Musique Byzantine de l\u2019Archev\u00each\u00e9 de Belgique \u00ab Saint Hilaire, \u00c9v\u00eaque de Poitiers \u00bb compte d\u00e9sormais un mois d\u2019existence. Un beau mois, plein d\u2019exp\u00e9riences musicales et spirituelles aussi bien pour les enseignants que les nombreux enseign\u00e9s. L\u2019art sacr\u00e9 de Damasc\u00e8ne &hellip; Continued","og_url":"https:\/\/orthodoxia.be\/2020\/11\/24\/\u03ad\u03bd\u03b1\u03c2-\u03bc\u03ae\u03bd\u03b1\u03c2-\u03bb\u03b5\u03b9\u03c4\u03bf\u03c5\u03c1\u03b3\u03af\u03b1\u03c2-\u03c4\u03b7\u03c2-\u03c3\u03c7\u03bf\u03bb\u03ae\u03c2-\u03b2\u03c5\u03b6\/","og_site_name":"Archev\u00each\u00e9 Orthodoxe de Belgique","article_publisher":"https:\/\/www.facebook.com\/orthobel","article_published_time":"2020-11-24T12:59:19+00:00","article_modified_time":"2020-11-24T20:00:07+00:00","og_image":[{"width":819,"height":946,"url":"https:\/\/orthodoxia.be\/wp-content\/uploads\/2020\/11\/001.jpg","type":"image\/jpeg"}],"author":"fr. Emilianos Chatzivasileiou","twitter_card":"summary_large_image","twitter_creator":"@orthobel","twitter_site":"@orthobel","twitter_misc":{"\u00c9crit par":"fr. Emilianos Chatzivasileiou","Dur\u00e9e de lecture est.":"2 minutes"},"schema":{"@context":"https:\/\/schema.org","@graph":[{"@type":"Article","@id":"https:\/\/orthodoxia.be\/2020\/11\/24\/%ce%ad%ce%bd%ce%b1%cf%82-%ce%bc%ce%ae%ce%bd%ce%b1%cf%82-%ce%bb%ce%b5%ce%b9%cf%84%ce%bf%cf%85%cf%81%ce%b3%ce%af%ce%b1%cf%82-%cf%84%ce%b7%cf%82-%cf%83%cf%87%ce%bf%ce%bb%ce%ae%cf%82-%ce%b2%cf%85%ce%b6\/#article","isPartOf":{"@id":"https:\/\/orthodoxia.be\/2020\/11\/24\/%ce%ad%ce%bd%ce%b1%cf%82-%ce%bc%ce%ae%ce%bd%ce%b1%cf%82-%ce%bb%ce%b5%ce%b9%cf%84%ce%bf%cf%85%cf%81%ce%b3%ce%af%ce%b1%cf%82-%cf%84%ce%b7%cf%82-%cf%83%cf%87%ce%bf%ce%bb%ce%ae%cf%82-%ce%b2%cf%85%ce%b6\/"},"author":{"name":"fr. Emilianos Chatzivasileiou","@id":"https:\/\/orthodoxia.be\/#\/schema\/person\/f6c4fd8f4c3dfc201522ccccede872c4"},"headline":"\u00c9cole de Musique Byzantine de l\u2019Archev\u00each\u00e9 de Belgique Un mois de fonctionnement Nouveau cours d\u2019Ordo","datePublished":"2020-11-24T12:59:19+00:00","dateModified":"2020-11-24T20:00:07+00:00","mainEntityOfPage":{"@id":"https:\/\/orthodoxia.be\/2020\/11\/24\/%ce%ad%ce%bd%ce%b1%cf%82-%ce%bc%ce%ae%ce%bd%ce%b1%cf%82-%ce%bb%ce%b5%ce%b9%cf%84%ce%bf%cf%85%cf%81%ce%b3%ce%af%ce%b1%cf%82-%cf%84%ce%b7%cf%82-%cf%83%cf%87%ce%bf%ce%bb%ce%ae%cf%82-%ce%b2%cf%85%ce%b6\/"},"wordCount":358,"publisher":{"@id":"https:\/\/orthodoxia.be\/#organization"},"image":{"@id":"https:\/\/orthodoxia.be\/2020\/11\/24\/%ce%ad%ce%bd%ce%b1%cf%82-%ce%bc%ce%ae%ce%bd%ce%b1%cf%82-%ce%bb%ce%b5%ce%b9%cf%84%ce%bf%cf%85%cf%81%ce%b3%ce%af%ce%b1%cf%82-%cf%84%ce%b7%cf%82-%cf%83%cf%87%ce%bf%ce%bb%ce%ae%cf%82-%ce%b2%cf%85%ce%b6\/#primaryimage"},"thumbnailUrl":"https:\/\/orthodoxia.be\/wp-content\/uploads\/2020\/11\/001.jpg","articleSection":["Actualit\u00e9"],"inLanguage":"fr-BE"},{"@type":"WebPage","@id":"https:\/\/orthodoxia.be\/2020\/11\/24\/%ce%ad%ce%bd%ce%b1%cf%82-%ce%bc%ce%ae%ce%bd%ce%b1%cf%82-%ce%bb%ce%b5%ce%b9%cf%84%ce%bf%cf%85%cf%81%ce%b3%ce%af%ce%b1%cf%82-%cf%84%ce%b7%cf%82-%cf%83%cf%87%ce%bf%ce%bb%ce%ae%cf%82-%ce%b2%cf%85%ce%b6\/","url":"https:\/\/orthodoxia.be\/2020\/11\/24\/%ce%ad%ce%bd%ce%b1%cf%82-%ce%bc%ce%ae%ce%bd%ce%b1%cf%82-%ce%bb%ce%b5%ce%b9%cf%84%ce%bf%cf%85%cf%81%ce%b3%ce%af%ce%b1%cf%82-%cf%84%ce%b7%cf%82-%cf%83%cf%87%ce%bf%ce%bb%ce%ae%cf%82-%ce%b2%cf%85%ce%b6\/","name":"\u00c9cole de Musique Byzantine de l\u2019Archev\u00each\u00e9 de Belgique Un mois de fonctionnement Nouveau cours d\u2019Ordo - Archev\u00each\u00e9 Orthodoxe de Belgique","isPartOf":{"@id":"https:\/\/orthodoxia.be\/#website"},"primaryImageOfPage":{"@id":"https:\/\/orthodoxia.be\/2020\/11\/24\/%ce%ad%ce%bd%ce%b1%cf%82-%ce%bc%ce%ae%ce%bd%ce%b1%cf%82-%ce%bb%ce%b5%ce%b9%cf%84%ce%bf%cf%85%cf%81%ce%b3%ce%af%ce%b1%cf%82-%cf%84%ce%b7%cf%82-%cf%83%cf%87%ce%bf%ce%bb%ce%ae%cf%82-%ce%b2%cf%85%ce%b6\/#primaryimage"},"image":{"@id":"https:\/\/orthodoxia.be\/2020\/11\/24\/%ce%ad%ce%bd%ce%b1%cf%82-%ce%bc%ce%ae%ce%bd%ce%b1%cf%82-%ce%bb%ce%b5%ce%b9%cf%84%ce%bf%cf%85%cf%81%ce%b3%ce%af%ce%b1%cf%82-%cf%84%ce%b7%cf%82-%cf%83%cf%87%ce%bf%ce%bb%ce%ae%cf%82-%ce%b2%cf%85%ce%b6\/#primaryimage"},"thumbnailUrl":"https:\/\/orthodoxia.be\/wp-content\/uploads\/2020\/11\/001.jpg","datePublished":"2020-11-24T12:59:19+00:00","dateModified":"2020-11-24T20:00:07+00:00","breadcrumb":{"@id":"https:\/\/orthodoxia.be\/2020\/11\/24\/%ce%ad%ce%bd%ce%b1%cf%82-%ce%bc%ce%ae%ce%bd%ce%b1%cf%82-%ce%bb%ce%b5%ce%b9%cf%84%ce%bf%cf%85%cf%81%ce%b3%ce%af%ce%b1%cf%82-%cf%84%ce%b7%cf%82-%cf%83%cf%87%ce%bf%ce%bb%ce%ae%cf%82-%ce%b2%cf%85%ce%b6\/#breadcrumb"},"inLanguage":"fr-BE","potentialAction":[{"@type":"ReadAction","target":["https:\/\/orthodoxia.be\/2020\/11\/24\/%ce%ad%ce%bd%ce%b1%cf%82-%ce%bc%ce%ae%ce%bd%ce%b1%cf%82-%ce%bb%ce%b5%ce%b9%cf%84%ce%bf%cf%85%cf%81%ce%b3%ce%af%ce%b1%cf%82-%cf%84%ce%b7%cf%82-%cf%83%cf%87%ce%bf%ce%bb%ce%ae%cf%82-%ce%b2%cf%85%ce%b6\/"]}]},{"@type":"ImageObject","inLanguage":"fr-BE","@id":"https:\/\/orthodoxia.be\/2020\/11\/24\/%ce%ad%ce%bd%ce%b1%cf%82-%ce%bc%ce%ae%ce%bd%ce%b1%cf%82-%ce%bb%ce%b5%ce%b9%cf%84%ce%bf%cf%85%cf%81%ce%b3%ce%af%ce%b1%cf%82-%cf%84%ce%b7%cf%82-%cf%83%cf%87%ce%bf%ce%bb%ce%ae%cf%82-%ce%b2%cf%85%ce%b6\/#primaryimage","url":"https:\/\/orthodoxia.be\/wp-content\/uploads\/2020\/11\/001.jpg","contentUrl":"https:\/\/orthodoxia.be\/wp-content\/uploads\/2020\/11\/001.jpg","width":819,"height":946},{"@type":"BreadcrumbList","@id":"https:\/\/orthodoxia.be\/2020\/11\/24\/%ce%ad%ce%bd%ce%b1%cf%82-%ce%bc%ce%ae%ce%bd%ce%b1%cf%82-%ce%bb%ce%b5%ce%b9%cf%84%ce%bf%cf%85%cf%81%ce%b3%ce%af%ce%b1%cf%82-%cf%84%ce%b7%cf%82-%cf%83%cf%87%ce%bf%ce%bb%ce%ae%cf%82-%ce%b2%cf%85%ce%b6\/#breadcrumb","itemListElement":[{"@type":"ListItem","position":1,"name":"Home","item":"https:\/\/orthodoxia.be\/fr\/"},{"@type":"ListItem","position":2,"name":"\u00c9cole de Musique Byzantine de l\u2019Archev\u00each\u00e9 de Belgique Un mois de fonctionnement Nouveau cours d\u2019Ordo"}]},{"@type":"WebSite","@id":"https:\/\/orthodoxia.be\/#website","url":"https:\/\/orthodoxia.be\/","name":"Orthodox Archdiocese of Belgium (Benelux)","description":"Exarque des Pays-Bas et du Luxembourg","publisher":{"@id":"https:\/\/orthodoxia.be\/#organization"},"alternateName":"IMB","potentialAction":[{"@type":"SearchAction","target":{"@type":"EntryPoint","urlTemplate":"https:\/\/orthodoxia.be\/?s={search_term_string}"},"query-input":{"@type":"PropertyValueSpecification","valueRequired":true,"valueName":"search_term_string"}}],"inLanguage":"fr-BE"},{"@type":"Organization","@id":"https:\/\/orthodoxia.be\/#organization","name":"Orthodox Archdiocese of Belgium (Benelux)","url":"https:\/\/orthodoxia.be\/","logo":{"@type":"ImageObject","inLanguage":"fr-BE","@id":"https:\/\/orthodoxia.be\/#\/schema\/logo\/image\/","url":"https:\/\/orthodoxia.be\/wp-content\/uploads\/2024\/02\/cropped-IMB-logo-512-cl-1.png","contentUrl":"https:\/\/orthodoxia.be\/wp-content\/uploads\/2024\/02\/cropped-IMB-logo-512-cl-1.png","width":512,"height":512,"caption":"Orthodox Archdiocese of Belgium (Benelux)"},"image":{"@id":"https:\/\/orthodoxia.be\/#\/schema\/logo\/image\/"},"sameAs":["https:\/\/www.facebook.com\/orthobel","https:\/\/x.com\/orthobel","https:\/\/www.youtube.com\/c\/orthobel","https:\/\/www.mixcloud.com\/orthobel\/","https:\/\/www.flickr.com\/photos\/148264890@N07\/albums","https:\/\/www.dailymotion.com\/Orthobel"]},{"@type":"Person","@id":"https:\/\/orthodoxia.be\/#\/schema\/person\/f6c4fd8f4c3dfc201522ccccede872c4","name":"fr. Emilianos Chatzivasileiou","image":{"@type":"ImageObject","inLanguage":"fr-BE","@id":"https:\/\/orthodoxia.be\/#\/schema\/person\/image\/","url":"https:\/\/secure.gravatar.com\/avatar\/5b67115dbb9ae1579c39e9ae857d39ac?s=96&d=mm&r=g","contentUrl":"https:\/\/secure.gravatar.com\/avatar\/5b67115dbb9ae1579c39e9ae857d39ac?s=96&d=mm&r=g","caption":"fr. Emilianos Chatzivasileiou"},"sameAs":["http:\/\/orthodoxia.be"],"url":"https:\/\/orthodoxia.be\/fr\/author\/p-emilianos\/"}]}},"_links":{"self":[{"href":"https:\/\/orthodoxia.be\/fr\/wp-json\/wp\/v2\/posts\/28923","targetHints":{"allow":["GET"]}}],"collection":[{"href":"https:\/\/orthodoxia.be\/fr\/wp-json\/wp\/v2\/posts"}],"about":[{"href":"https:\/\/orthodoxia.be\/fr\/wp-json\/wp\/v2\/types\/post"}],"author":[{"embeddable":true,"href":"https:\/\/orthodoxia.be\/fr\/wp-json\/wp\/v2\/users\/10"}],"replies":[{"embeddable":true,"href":"https:\/\/orthodoxia.be\/fr\/wp-json\/wp\/v2\/comments?post=28923"}],"version-history":[{"count":1,"href":"https:\/\/orthodoxia.be\/fr\/wp-json\/wp\/v2\/posts\/28923\/revisions"}],"predecessor-version":[{"id":28924,"href":"https:\/\/orthodoxia.be\/fr\/wp-json\/wp\/v2\/posts\/28923\/revisions\/28924"}],"wp:featuredmedia":[{"embeddable":true,"href":"https:\/\/orthodoxia.be\/fr\/wp-json\/wp\/v2\/media\/28916"}],"wp:attachment":[{"href":"https:\/\/orthodoxia.be\/fr\/wp-json\/wp\/v2\/media?parent=28923"}],"wp:term":[{"taxonomy":"category","embeddable":true,"href":"https:\/\/orthodoxia.be\/fr\/wp-json\/wp\/v2\/categories?post=28923"},{"taxonomy":"post_tag","embeddable":true,"href":"https:\/\/orthodoxia.be\/fr\/wp-json\/wp\/v2\/tags?post=28923"}],"curies":[{"name":"wp","href":"https:\/\/api.w.org\/{rel}","templated":true}]}}