{"id":29053,"date":"2020-11-28T16:02:32","date_gmt":"2020-11-28T15:02:32","guid":{"rendered":"http:\/\/orthodoxia.be\/?p=29053"},"modified":"2020-11-28T16:24:11","modified_gmt":"2020-11-28T15:24:11","slug":"le-metropolite-athenagoras-a-represente-le-croceu-a-la-reunion-de-haut-niveau-de-lue-avec-les-chefs-religieux-sur-le-mode-de-vie-europeen","status":"publish","type":"post","link":"https:\/\/orthodoxia.be\/fr\/2020\/11\/28\/le-metropolite-athenagoras-a-represente-le-croceu-a-la-reunion-de-haut-niveau-de-lue-avec-les-chefs-religieux-sur-le-mode-de-vie-europeen\/","title":{"rendered":"Le M\u00e9tropolite Ath\u00e9nagoras a repr\u00e9sent\u00e9 le CROCEU \u00e0 la r\u00e9union de haut niveau de l\u2019UE avec les Chefs Religieux sur le Mode de Vie Europ\u00e9en"},"content":{"rendered":"<p style=\"text-align: justify;\">La 15e r\u00e9union de haut niveau avec les Chefs Religieux s&#8217;est d\u00e9roul\u00e9e en ligne, ce vendredi 27 novembre 2020. Cette ann\u00e9e, la rencontre \u00e9tait consacr\u00e9e au mode de vie europ\u00e9en, en particulier \u00e0 la lumi\u00e8re des d\u00e9fis pressants de la pand\u00e9mie Covid19, des menaces terroristes et de la migration. Il s&#8217;agissait de la premi\u00e8re r\u00e9union de ce type sous l&#8217;actuelle Commission europ\u00e9enne et a \u00e9t\u00e9 accueillie par le Vice-Pr\u00e9sident de la CE, M. Margaritis Schinas. Mme Roberta Metsola, vice-pr\u00e9sidente du Parlement Europ\u00e9en, qui a \u00e9t\u00e9 nomm\u00e9e il y a un peu plus d&#8217;une semaine en tant que responsable du dialogue avec les acteurs religieux de l&#8217;UE, \u00e9tait \u00e9galement pr\u00e9sente \u00e0 la r\u00e9union. Le Comit\u00e9 des repr\u00e9sentants des \u00c9glises orthodoxes de l&#8217;Union Europ\u00e9enne (CROCEU) \u00e9tait repr\u00e9sent\u00e9 par le M\u00e9tropolite Ath\u00e9nagoras de Belgique (Patriarcat Oecum\u00e9nique).<\/p>\n<p style=\"text-align: justify;\">Prenant la parole en ouverture, le Vice-Pr\u00e9sident M. Margaritis Schinas a fait remarquer que, bien qu&#8217;il ait fallu un certain temps pour que ce dialogue soit initi\u00e9 dans le cadre de la nouvelle administration de la CE, cette r\u00e9union n&#8217;est qu&#8217;un nouveau d\u00e9part pour un dialogue beaucoup plus \u00e9troit et, esp\u00e9rons-le, r\u00e9gulier avec les acteurs religieux \u00e0 travers le continent, ce qui est de plus en plus n\u00e9cessaire dans des p\u00e9riodes aussi difficiles comme celle dans laquelle nous nous trouvons actuellement. Soulignant avec gratitude l&#8217;\u00e9norme contribution des communaut\u00e9s religieuses pour surmonter les multiples impacts de la pand\u00e9mie, M. Schinas a demand\u00e9, \u00e0 plusieurs reprises, aux chefs religieux pr\u00e9sents de poursuivre leurs efforts dans cette direction.<\/p>\n<p style=\"text-align: justify;\">Sur la m\u00eame longueur d\u2019onde, la vice-pr\u00e9sidente du Parlement Europ\u00e9en, Mme Roberta Metsola, a soulign\u00e9 le fait que la contribution des communaut\u00e9s religieuses aux soci\u00e9t\u00e9s a toujours \u00e9t\u00e9 tr\u00e8s significative, devenant encore plus visible dans le contexte de la pand\u00e9mie.<\/p>\n<p style=\"text-align: justify;\">L&#8217;\u00c9glise Orthodoxe \u00e9tait repr\u00e9sent\u00e9e \u00e0 la r\u00e9union par Son \u00c9minence le M\u00e9tropolite Ath\u00e9nagoras de Belgique (Patriarcat \u0153cum\u00e9nique), qui a pris la parole au nom du CROCEU. Dans son intervention, le M\u00e9tropolite a montr\u00e9 que la pand\u00e9mie en cours a eu un impact \u00e9norme sur la vie religieuse dans toute l&#8217;Europe. \u00ab Les d\u00e9cideurs devraient constamment ne pas perdre de vue que l&#8217;exp\u00e9rience religieuse en tant que telle est une exp\u00e9rience communautaire avant tout et qu&#8217;elle joue un r\u00f4le majeur pour assurer le bien-\u00eatre de nos soci\u00e9t\u00e9s. \u00c0 la lumi\u00e8re de cela, je pense que nous devons souligner la n\u00e9cessit\u00e9 pour un d\u00e9bat plus approfondi afin de parvenir \u00e0 un juste \u00e9quilibre entre les mesures de protection et les droits humains fondamentaux, notamment le droit \u00e0 la libert\u00e9 de religion \u00bb, a d\u00e9clar\u00e9 le M\u00e9tropolite Ath\u00e9nagoras. Plus loin, il a mis en avant l&#8217;\u00e9ducation &#8211; et plus particuli\u00e8rement l&#8217;\u00e9ducation religieuse &#8211; comme un outil des plus efficaces pour pr\u00e9venir la radicalisation et le terrorisme, sugg\u00e9rant \u00e9galement \u00e0 la CE de relancer le financement des programmes d&#8217;\u00e9change qui permettraient aux jeunes Europ\u00e9ens de mieux se conna\u00eetre, dans leur identit\u00e9 religieuse et culturelle. Enfin, sur la question migratoire, le M\u00e9tropolite Ath\u00e9nagoras a plaid\u00e9 pour une approche \u00e9quilibr\u00e9e, fid\u00e8le \u00e0 l&#8217;\u00c9vangile, tout en d\u00e9non\u00e7ant et luttant \u00e0 la fois contre le mal structurel, comme la traite des \u00eatres humains, une activit\u00e9 malheureusement florissante dans le contexte difficile du d\u00e9placement des populations \u00e0 proximit\u00e9 de l&#8217;UE et au-del\u00e0. \u00ab Nous devons \u00e9galement aider les nouveaux arrivants \u00e0 s&#8217;int\u00e9grer dans leurs nouveaux pays, \u00e0 apprendre la langue locale et \u00e0 contribuer \u00e0 la vie sociale. La pire chose qui puisse arriver est qu&#8217;ils finissent par vivre dans des ghettos. Nous devons \u00e0 tout prix l\u2019\u00e9viter, car cela conduit trop souvent pr\u00e9cis\u00e9ment \u00e0 la radicalisation et au terrorisme \u00bb, devait-il conclure.<\/p>\n<p style=\"text-align: justify;\">La r\u00e9union de haut niveau avec les chefs religieux en Europe repr\u00e9sente le point culminant annuel du dialogue ouvert, transparent et r\u00e9gulier entre les institutions de l&#8217;UE et les communaut\u00e9s religieuses. Depuis 2009, ce dialogue est \u00e9galement inscrit dans le Trait\u00e9 m\u00eame sur le Fonctionnement de l&#8217;UE (art. 17). D&#8217;autres r\u00e9unions plus cibl\u00e9es ont lieu tout au long de l&#8217;ann\u00e9e, entre experts d\u2019un domaine d\u00e9sign\u00e9. Au cours de ces rencontres, les repr\u00e9sentants religieux ont la possibilit\u00e9 d\u2019exprimer leur opinion sur les questions br\u00fblantes auxquelles les institutions de l\u2019UE sont actuellement confront\u00e9es.<\/p>\n<p style=\"text-align: justify;\">Liste des participants.<\/p>\n<p style=\"text-align: justify;\">1. Metropolitan ATHENAGORAS, Representative of the Ecumenical Patriarchate in Belgium, The Netherlands and Luxembourg<br \/>\n2. Prof. Dr. Heinrich BEDFORD-STROHM, Bishop of Bavaria and Chairman of the Council of the Evangelical Church of Germany (EKD)<br \/>\n3. Mr Abdassamad EL YAZIDI, Secretary General of the Central Council of Muslims, Germany<br \/>\n4. Mr Albert GUIGUI, Chief Rabbi of Brussels and Permanent Representative at Conference of European Rabbis.<br \/>\n5. Cardinal Jean-Claude HOLLERICH, Archbishop of Luxembourg, President of the Bishops\u2019 Conferences of the European Union (COMECE)<br \/>\n6. Rev. Christian KRIEGER, President of the Reformed Protestant Church of Alsace and Lorraine, President of the Conference of European Churches (CEC)<br \/>\n7. Rev. Dr. Saru SAARINEN, Lutheran Church of Finland<br \/>\n8. Bishop Youssef SOUEIF, Archbishop of the Maronites in Cyprus<\/p>\n<p style=\"text-align: justify;\">[FAGP id=29038]<\/p>\n","protected":false},"excerpt":{"rendered":"<p>La 15e r\u00e9union de haut niveau avec les Chefs Religieux s&#8217;est d\u00e9roul\u00e9e en ligne, ce vendredi 27 novembre 2020. Cette ann\u00e9e, la rencontre \u00e9tait consacr\u00e9e au mode de vie europ\u00e9en, en particulier \u00e0 la lumi\u00e8re des d\u00e9fis pressants de la pand\u00e9mie Covid19, des menaces terroristes et de la migration. Il s&#8217;agissait de la premi\u00e8re r\u00e9union &hellip; <a href=\"https:\/\/orthodoxia.be\/fr\/2020\/11\/28\/le-metropolite-athenagoras-a-represente-le-croceu-a-la-reunion-de-haut-niveau-de-lue-avec-les-chefs-religieux-sur-le-mode-de-vie-europeen\/\">Continued<\/a><\/p>\n","protected":false},"author":10,"featured_media":29045,"comment_status":"closed","ping_status":"open","sticky":false,"template":"","format":"standard","meta":{"_acf_changed":false,"footnotes":""},"categories":[14,16],"tags":[],"class_list":["post-29053","post","type-post","status-publish","format-standard","has-post-thumbnail","hentry","category-actualite","category-communique"],"acf":[],"yoast_head":"<!-- This site is optimized with the Yoast SEO plugin v24.3 - https:\/\/yoast.com\/wordpress\/plugins\/seo\/ -->\n<title>Le M\u00e9tropolite Ath\u00e9nagoras a repr\u00e9sent\u00e9 le CROCEU \u00e0 la r\u00e9union de haut niveau de l&#039;UE avec les Chefs Religieux sur le Mode de Vie Europ\u00e9en - Archev\u00each\u00e9 Orthodoxe de Belgique<\/title>\n<meta name=\"robots\" content=\"index, follow, max-snippet:-1, max-image-preview:large, max-video-preview:-1\" \/>\n<link rel=\"canonical\" href=\"https:\/\/orthodoxia.be\/2020\/11\/28\/\u1f41-\u03bc\u03b7\u03c4\u03c1\u03bf\u03c0\u03bf\u03bb\u03af\u03c4\u03b7\u03c2-\u03b2\u03b5\u03bb\u03b3\u03af\u03bf\u03c5-\u03ba-\u1f00\u03b8\u03b7\u03bd\u03b1\u03b3\u03cc\u03c1\u03b1\u03c2-3\/\" \/>\n<meta property=\"og:locale\" content=\"fr_FR\" \/>\n<meta property=\"og:type\" content=\"article\" \/>\n<meta property=\"og:title\" content=\"Le M\u00e9tropolite Ath\u00e9nagoras a repr\u00e9sent\u00e9 le CROCEU \u00e0 la r\u00e9union de haut niveau de l&#039;UE avec les Chefs Religieux sur le Mode de Vie Europ\u00e9en - Archev\u00each\u00e9 Orthodoxe de Belgique\" \/>\n<meta property=\"og:description\" content=\"La 15e r\u00e9union de haut niveau avec les Chefs Religieux s&#8217;est d\u00e9roul\u00e9e en ligne, ce vendredi 27 novembre 2020. Cette ann\u00e9e, la rencontre \u00e9tait consacr\u00e9e au mode de vie europ\u00e9en, en particulier \u00e0 la lumi\u00e8re des d\u00e9fis pressants de la pand\u00e9mie Covid19, des menaces terroristes et de la migration. Il s&#8217;agissait de la premi\u00e8re r\u00e9union &hellip; Continued\" \/>\n<meta property=\"og:url\" content=\"https:\/\/orthodoxia.be\/2020\/11\/28\/\u1f41-\u03bc\u03b7\u03c4\u03c1\u03bf\u03c0\u03bf\u03bb\u03af\u03c4\u03b7\u03c2-\u03b2\u03b5\u03bb\u03b3\u03af\u03bf\u03c5-\u03ba-\u1f00\u03b8\u03b7\u03bd\u03b1\u03b3\u03cc\u03c1\u03b1\u03c2-3\/\" \/>\n<meta property=\"og:site_name\" content=\"Archev\u00each\u00e9 Orthodoxe de Belgique\" \/>\n<meta property=\"article:publisher\" content=\"https:\/\/www.facebook.com\/orthobel\" \/>\n<meta property=\"article:published_time\" content=\"2020-11-28T15:02:32+00:00\" \/>\n<meta property=\"article:modified_time\" content=\"2020-11-28T15:24:11+00:00\" \/>\n<meta property=\"og:image\" content=\"https:\/\/orthodoxia.be\/wp-content\/uploads\/2020\/11\/Schermafbeelding-2020-11-27-om-12.21.26.jpg\" \/>\n\t<meta property=\"og:image:width\" content=\"1023\" \/>\n\t<meta property=\"og:image:height\" content=\"788\" \/>\n\t<meta property=\"og:image:type\" content=\"image\/jpeg\" \/>\n<meta name=\"author\" content=\"fr. Emilianos Chatzivasileiou\" \/>\n<meta name=\"twitter:card\" content=\"summary_large_image\" \/>\n<meta name=\"twitter:creator\" content=\"@orthobel\" \/>\n<meta name=\"twitter:site\" content=\"@orthobel\" \/>\n<meta name=\"twitter:label1\" content=\"\u00c9crit par\" \/>\n\t<meta name=\"twitter:data1\" content=\"fr. Emilianos Chatzivasileiou\" \/>\n\t<meta name=\"twitter:label2\" content=\"Dur\u00e9e de lecture est.\" \/>\n\t<meta name=\"twitter:data2\" content=\"4 minutes\" \/>\n<script type=\"application\/ld+json\" class=\"yoast-schema-graph\">{\"@context\":\"https:\/\/schema.org\",\"@graph\":[{\"@type\":\"Article\",\"@id\":\"https:\/\/orthodoxia.be\/2020\/11\/28\/%e1%bd%81-%ce%bc%ce%b7%cf%84%cf%81%ce%bf%cf%80%ce%bf%ce%bb%ce%af%cf%84%ce%b7%cf%82-%ce%b2%ce%b5%ce%bb%ce%b3%ce%af%ce%bf%cf%85-%ce%ba-%e1%bc%80%ce%b8%ce%b7%ce%bd%ce%b1%ce%b3%cf%8c%cf%81%ce%b1%cf%82-3\/#article\",\"isPartOf\":{\"@id\":\"https:\/\/orthodoxia.be\/2020\/11\/28\/%e1%bd%81-%ce%bc%ce%b7%cf%84%cf%81%ce%bf%cf%80%ce%bf%ce%bb%ce%af%cf%84%ce%b7%cf%82-%ce%b2%ce%b5%ce%bb%ce%b3%ce%af%ce%bf%cf%85-%ce%ba-%e1%bc%80%ce%b8%ce%b7%ce%bd%ce%b1%ce%b3%cf%8c%cf%81%ce%b1%cf%82-3\/\"},\"author\":{\"name\":\"fr. Emilianos Chatzivasileiou\",\"@id\":\"https:\/\/orthodoxia.be\/#\/schema\/person\/f6c4fd8f4c3dfc201522ccccede872c4\"},\"headline\":\"Le M\u00e9tropolite Ath\u00e9nagoras a repr\u00e9sent\u00e9 le CROCEU \u00e0 la r\u00e9union de haut niveau de l\u2019UE avec les Chefs Religieux sur le Mode de Vie Europ\u00e9en\",\"datePublished\":\"2020-11-28T15:02:32+00:00\",\"dateModified\":\"2020-11-28T15:24:11+00:00\",\"mainEntityOfPage\":{\"@id\":\"https:\/\/orthodoxia.be\/2020\/11\/28\/%e1%bd%81-%ce%bc%ce%b7%cf%84%cf%81%ce%bf%cf%80%ce%bf%ce%bb%ce%af%cf%84%ce%b7%cf%82-%ce%b2%ce%b5%ce%bb%ce%b3%ce%af%ce%bf%cf%85-%ce%ba-%e1%bc%80%ce%b8%ce%b7%ce%bd%ce%b1%ce%b3%cf%8c%cf%81%ce%b1%cf%82-3\/\"},\"wordCount\":926,\"publisher\":{\"@id\":\"https:\/\/orthodoxia.be\/#organization\"},\"image\":{\"@id\":\"https:\/\/orthodoxia.be\/2020\/11\/28\/%e1%bd%81-%ce%bc%ce%b7%cf%84%cf%81%ce%bf%cf%80%ce%bf%ce%bb%ce%af%cf%84%ce%b7%cf%82-%ce%b2%ce%b5%ce%bb%ce%b3%ce%af%ce%bf%cf%85-%ce%ba-%e1%bc%80%ce%b8%ce%b7%ce%bd%ce%b1%ce%b3%cf%8c%cf%81%ce%b1%cf%82-3\/#primaryimage\"},\"thumbnailUrl\":\"https:\/\/orthodoxia.be\/wp-content\/uploads\/2020\/11\/Schermafbeelding-2020-11-27-om-12.21.26.jpg\",\"articleSection\":[\"Actualit\u00e9\",\"Communiqu\u00e9\"],\"inLanguage\":\"fr-BE\"},{\"@type\":\"WebPage\",\"@id\":\"https:\/\/orthodoxia.be\/2020\/11\/28\/%e1%bd%81-%ce%bc%ce%b7%cf%84%cf%81%ce%bf%cf%80%ce%bf%ce%bb%ce%af%cf%84%ce%b7%cf%82-%ce%b2%ce%b5%ce%bb%ce%b3%ce%af%ce%bf%cf%85-%ce%ba-%e1%bc%80%ce%b8%ce%b7%ce%bd%ce%b1%ce%b3%cf%8c%cf%81%ce%b1%cf%82-3\/\",\"url\":\"https:\/\/orthodoxia.be\/2020\/11\/28\/%e1%bd%81-%ce%bc%ce%b7%cf%84%cf%81%ce%bf%cf%80%ce%bf%ce%bb%ce%af%cf%84%ce%b7%cf%82-%ce%b2%ce%b5%ce%bb%ce%b3%ce%af%ce%bf%cf%85-%ce%ba-%e1%bc%80%ce%b8%ce%b7%ce%bd%ce%b1%ce%b3%cf%8c%cf%81%ce%b1%cf%82-3\/\",\"name\":\"Le M\u00e9tropolite Ath\u00e9nagoras a repr\u00e9sent\u00e9 le CROCEU \u00e0 la r\u00e9union de haut niveau de l'UE avec les Chefs Religieux sur le Mode de Vie Europ\u00e9en - Archev\u00each\u00e9 Orthodoxe de Belgique\",\"isPartOf\":{\"@id\":\"https:\/\/orthodoxia.be\/#website\"},\"primaryImageOfPage\":{\"@id\":\"https:\/\/orthodoxia.be\/2020\/11\/28\/%e1%bd%81-%ce%bc%ce%b7%cf%84%cf%81%ce%bf%cf%80%ce%bf%ce%bb%ce%af%cf%84%ce%b7%cf%82-%ce%b2%ce%b5%ce%bb%ce%b3%ce%af%ce%bf%cf%85-%ce%ba-%e1%bc%80%ce%b8%ce%b7%ce%bd%ce%b1%ce%b3%cf%8c%cf%81%ce%b1%cf%82-3\/#primaryimage\"},\"image\":{\"@id\":\"https:\/\/orthodoxia.be\/2020\/11\/28\/%e1%bd%81-%ce%bc%ce%b7%cf%84%cf%81%ce%bf%cf%80%ce%bf%ce%bb%ce%af%cf%84%ce%b7%cf%82-%ce%b2%ce%b5%ce%bb%ce%b3%ce%af%ce%bf%cf%85-%ce%ba-%e1%bc%80%ce%b8%ce%b7%ce%bd%ce%b1%ce%b3%cf%8c%cf%81%ce%b1%cf%82-3\/#primaryimage\"},\"thumbnailUrl\":\"https:\/\/orthodoxia.be\/wp-content\/uploads\/2020\/11\/Schermafbeelding-2020-11-27-om-12.21.26.jpg\",\"datePublished\":\"2020-11-28T15:02:32+00:00\",\"dateModified\":\"2020-11-28T15:24:11+00:00\",\"breadcrumb\":{\"@id\":\"https:\/\/orthodoxia.be\/2020\/11\/28\/%e1%bd%81-%ce%bc%ce%b7%cf%84%cf%81%ce%bf%cf%80%ce%bf%ce%bb%ce%af%cf%84%ce%b7%cf%82-%ce%b2%ce%b5%ce%bb%ce%b3%ce%af%ce%bf%cf%85-%ce%ba-%e1%bc%80%ce%b8%ce%b7%ce%bd%ce%b1%ce%b3%cf%8c%cf%81%ce%b1%cf%82-3\/#breadcrumb\"},\"inLanguage\":\"fr-BE\",\"potentialAction\":[{\"@type\":\"ReadAction\",\"target\":[\"https:\/\/orthodoxia.be\/2020\/11\/28\/%e1%bd%81-%ce%bc%ce%b7%cf%84%cf%81%ce%bf%cf%80%ce%bf%ce%bb%ce%af%cf%84%ce%b7%cf%82-%ce%b2%ce%b5%ce%bb%ce%b3%ce%af%ce%bf%cf%85-%ce%ba-%e1%bc%80%ce%b8%ce%b7%ce%bd%ce%b1%ce%b3%cf%8c%cf%81%ce%b1%cf%82-3\/\"]}]},{\"@type\":\"ImageObject\",\"inLanguage\":\"fr-BE\",\"@id\":\"https:\/\/orthodoxia.be\/2020\/11\/28\/%e1%bd%81-%ce%bc%ce%b7%cf%84%cf%81%ce%bf%cf%80%ce%bf%ce%bb%ce%af%cf%84%ce%b7%cf%82-%ce%b2%ce%b5%ce%bb%ce%b3%ce%af%ce%bf%cf%85-%ce%ba-%e1%bc%80%ce%b8%ce%b7%ce%bd%ce%b1%ce%b3%cf%8c%cf%81%ce%b1%cf%82-3\/#primaryimage\",\"url\":\"https:\/\/orthodoxia.be\/wp-content\/uploads\/2020\/11\/Schermafbeelding-2020-11-27-om-12.21.26.jpg\",\"contentUrl\":\"https:\/\/orthodoxia.be\/wp-content\/uploads\/2020\/11\/Schermafbeelding-2020-11-27-om-12.21.26.jpg\",\"width\":1023,\"height\":788},{\"@type\":\"BreadcrumbList\",\"@id\":\"https:\/\/orthodoxia.be\/2020\/11\/28\/%e1%bd%81-%ce%bc%ce%b7%cf%84%cf%81%ce%bf%cf%80%ce%bf%ce%bb%ce%af%cf%84%ce%b7%cf%82-%ce%b2%ce%b5%ce%bb%ce%b3%ce%af%ce%bf%cf%85-%ce%ba-%e1%bc%80%ce%b8%ce%b7%ce%bd%ce%b1%ce%b3%cf%8c%cf%81%ce%b1%cf%82-3\/#breadcrumb\",\"itemListElement\":[{\"@type\":\"ListItem\",\"position\":1,\"name\":\"Home\",\"item\":\"https:\/\/orthodoxia.be\/fr\/\"},{\"@type\":\"ListItem\",\"position\":2,\"name\":\"Le M\u00e9tropolite Ath\u00e9nagoras a repr\u00e9sent\u00e9 le CROCEU \u00e0 la r\u00e9union de haut niveau de l&#8217;UE avec les Chefs Religieux sur le Mode de Vie Europ\u00e9en\"}]},{\"@type\":\"WebSite\",\"@id\":\"https:\/\/orthodoxia.be\/#website\",\"url\":\"https:\/\/orthodoxia.be\/\",\"name\":\"Orthodox Archdiocese of Belgium (Benelux)\",\"description\":\"Exarque des Pays-Bas et du Luxembourg\",\"publisher\":{\"@id\":\"https:\/\/orthodoxia.be\/#organization\"},\"alternateName\":\"IMB\",\"potentialAction\":[{\"@type\":\"SearchAction\",\"target\":{\"@type\":\"EntryPoint\",\"urlTemplate\":\"https:\/\/orthodoxia.be\/?s={search_term_string}\"},\"query-input\":{\"@type\":\"PropertyValueSpecification\",\"valueRequired\":true,\"valueName\":\"search_term_string\"}}],\"inLanguage\":\"fr-BE\"},{\"@type\":\"Organization\",\"@id\":\"https:\/\/orthodoxia.be\/#organization\",\"name\":\"Orthodox Archdiocese of Belgium (Benelux)\",\"url\":\"https:\/\/orthodoxia.be\/\",\"logo\":{\"@type\":\"ImageObject\",\"inLanguage\":\"fr-BE\",\"@id\":\"https:\/\/orthodoxia.be\/#\/schema\/logo\/image\/\",\"url\":\"https:\/\/orthodoxia.be\/wp-content\/uploads\/2024\/02\/cropped-IMB-logo-512-cl-1.png\",\"contentUrl\":\"https:\/\/orthodoxia.be\/wp-content\/uploads\/2024\/02\/cropped-IMB-logo-512-cl-1.png\",\"width\":512,\"height\":512,\"caption\":\"Orthodox Archdiocese of Belgium (Benelux)\"},\"image\":{\"@id\":\"https:\/\/orthodoxia.be\/#\/schema\/logo\/image\/\"},\"sameAs\":[\"https:\/\/www.facebook.com\/orthobel\",\"https:\/\/x.com\/orthobel\",\"https:\/\/www.youtube.com\/c\/orthobel\",\"https:\/\/www.mixcloud.com\/orthobel\/\",\"https:\/\/www.flickr.com\/photos\/148264890@N07\/albums\",\"https:\/\/www.dailymotion.com\/Orthobel\"]},{\"@type\":\"Person\",\"@id\":\"https:\/\/orthodoxia.be\/#\/schema\/person\/f6c4fd8f4c3dfc201522ccccede872c4\",\"name\":\"fr. Emilianos Chatzivasileiou\",\"image\":{\"@type\":\"ImageObject\",\"inLanguage\":\"fr-BE\",\"@id\":\"https:\/\/orthodoxia.be\/#\/schema\/person\/image\/\",\"url\":\"https:\/\/secure.gravatar.com\/avatar\/5b67115dbb9ae1579c39e9ae857d39ac?s=96&d=mm&r=g\",\"contentUrl\":\"https:\/\/secure.gravatar.com\/avatar\/5b67115dbb9ae1579c39e9ae857d39ac?s=96&d=mm&r=g\",\"caption\":\"fr. Emilianos Chatzivasileiou\"},\"sameAs\":[\"http:\/\/orthodoxia.be\"],\"url\":\"https:\/\/orthodoxia.be\/fr\/author\/p-emilianos\/\"}]}<\/script>\n<!-- \/ Yoast SEO plugin. -->","yoast_head_json":{"title":"Le M\u00e9tropolite Ath\u00e9nagoras a repr\u00e9sent\u00e9 le CROCEU \u00e0 la r\u00e9union de haut niveau de l'UE avec les Chefs Religieux sur le Mode de Vie Europ\u00e9en - Archev\u00each\u00e9 Orthodoxe de Belgique","robots":{"index":"index","follow":"follow","max-snippet":"max-snippet:-1","max-image-preview":"max-image-preview:large","max-video-preview":"max-video-preview:-1"},"canonical":"https:\/\/orthodoxia.be\/2020\/11\/28\/\u1f41-\u03bc\u03b7\u03c4\u03c1\u03bf\u03c0\u03bf\u03bb\u03af\u03c4\u03b7\u03c2-\u03b2\u03b5\u03bb\u03b3\u03af\u03bf\u03c5-\u03ba-\u1f00\u03b8\u03b7\u03bd\u03b1\u03b3\u03cc\u03c1\u03b1\u03c2-3\/","og_locale":"fr_FR","og_type":"article","og_title":"Le M\u00e9tropolite Ath\u00e9nagoras a repr\u00e9sent\u00e9 le CROCEU \u00e0 la r\u00e9union de haut niveau de l'UE avec les Chefs Religieux sur le Mode de Vie Europ\u00e9en - Archev\u00each\u00e9 Orthodoxe de Belgique","og_description":"La 15e r\u00e9union de haut niveau avec les Chefs Religieux s&#8217;est d\u00e9roul\u00e9e en ligne, ce vendredi 27 novembre 2020. Cette ann\u00e9e, la rencontre \u00e9tait consacr\u00e9e au mode de vie europ\u00e9en, en particulier \u00e0 la lumi\u00e8re des d\u00e9fis pressants de la pand\u00e9mie Covid19, des menaces terroristes et de la migration. Il s&#8217;agissait de la premi\u00e8re r\u00e9union &hellip; Continued","og_url":"https:\/\/orthodoxia.be\/2020\/11\/28\/\u1f41-\u03bc\u03b7\u03c4\u03c1\u03bf\u03c0\u03bf\u03bb\u03af\u03c4\u03b7\u03c2-\u03b2\u03b5\u03bb\u03b3\u03af\u03bf\u03c5-\u03ba-\u1f00\u03b8\u03b7\u03bd\u03b1\u03b3\u03cc\u03c1\u03b1\u03c2-3\/","og_site_name":"Archev\u00each\u00e9 Orthodoxe de Belgique","article_publisher":"https:\/\/www.facebook.com\/orthobel","article_published_time":"2020-11-28T15:02:32+00:00","article_modified_time":"2020-11-28T15:24:11+00:00","og_image":[{"width":1023,"height":788,"url":"https:\/\/orthodoxia.be\/wp-content\/uploads\/2020\/11\/Schermafbeelding-2020-11-27-om-12.21.26.jpg","type":"image\/jpeg"}],"author":"fr. Emilianos Chatzivasileiou","twitter_card":"summary_large_image","twitter_creator":"@orthobel","twitter_site":"@orthobel","twitter_misc":{"\u00c9crit par":"fr. Emilianos Chatzivasileiou","Dur\u00e9e de lecture est.":"4 minutes"},"schema":{"@context":"https:\/\/schema.org","@graph":[{"@type":"Article","@id":"https:\/\/orthodoxia.be\/2020\/11\/28\/%e1%bd%81-%ce%bc%ce%b7%cf%84%cf%81%ce%bf%cf%80%ce%bf%ce%bb%ce%af%cf%84%ce%b7%cf%82-%ce%b2%ce%b5%ce%bb%ce%b3%ce%af%ce%bf%cf%85-%ce%ba-%e1%bc%80%ce%b8%ce%b7%ce%bd%ce%b1%ce%b3%cf%8c%cf%81%ce%b1%cf%82-3\/#article","isPartOf":{"@id":"https:\/\/orthodoxia.be\/2020\/11\/28\/%e1%bd%81-%ce%bc%ce%b7%cf%84%cf%81%ce%bf%cf%80%ce%bf%ce%bb%ce%af%cf%84%ce%b7%cf%82-%ce%b2%ce%b5%ce%bb%ce%b3%ce%af%ce%bf%cf%85-%ce%ba-%e1%bc%80%ce%b8%ce%b7%ce%bd%ce%b1%ce%b3%cf%8c%cf%81%ce%b1%cf%82-3\/"},"author":{"name":"fr. Emilianos Chatzivasileiou","@id":"https:\/\/orthodoxia.be\/#\/schema\/person\/f6c4fd8f4c3dfc201522ccccede872c4"},"headline":"Le M\u00e9tropolite Ath\u00e9nagoras a repr\u00e9sent\u00e9 le CROCEU \u00e0 la r\u00e9union de haut niveau de l\u2019UE avec les Chefs Religieux sur le Mode de Vie Europ\u00e9en","datePublished":"2020-11-28T15:02:32+00:00","dateModified":"2020-11-28T15:24:11+00:00","mainEntityOfPage":{"@id":"https:\/\/orthodoxia.be\/2020\/11\/28\/%e1%bd%81-%ce%bc%ce%b7%cf%84%cf%81%ce%bf%cf%80%ce%bf%ce%bb%ce%af%cf%84%ce%b7%cf%82-%ce%b2%ce%b5%ce%bb%ce%b3%ce%af%ce%bf%cf%85-%ce%ba-%e1%bc%80%ce%b8%ce%b7%ce%bd%ce%b1%ce%b3%cf%8c%cf%81%ce%b1%cf%82-3\/"},"wordCount":926,"publisher":{"@id":"https:\/\/orthodoxia.be\/#organization"},"image":{"@id":"https:\/\/orthodoxia.be\/2020\/11\/28\/%e1%bd%81-%ce%bc%ce%b7%cf%84%cf%81%ce%bf%cf%80%ce%bf%ce%bb%ce%af%cf%84%ce%b7%cf%82-%ce%b2%ce%b5%ce%bb%ce%b3%ce%af%ce%bf%cf%85-%ce%ba-%e1%bc%80%ce%b8%ce%b7%ce%bd%ce%b1%ce%b3%cf%8c%cf%81%ce%b1%cf%82-3\/#primaryimage"},"thumbnailUrl":"https:\/\/orthodoxia.be\/wp-content\/uploads\/2020\/11\/Schermafbeelding-2020-11-27-om-12.21.26.jpg","articleSection":["Actualit\u00e9","Communiqu\u00e9"],"inLanguage":"fr-BE"},{"@type":"WebPage","@id":"https:\/\/orthodoxia.be\/2020\/11\/28\/%e1%bd%81-%ce%bc%ce%b7%cf%84%cf%81%ce%bf%cf%80%ce%bf%ce%bb%ce%af%cf%84%ce%b7%cf%82-%ce%b2%ce%b5%ce%bb%ce%b3%ce%af%ce%bf%cf%85-%ce%ba-%e1%bc%80%ce%b8%ce%b7%ce%bd%ce%b1%ce%b3%cf%8c%cf%81%ce%b1%cf%82-3\/","url":"https:\/\/orthodoxia.be\/2020\/11\/28\/%e1%bd%81-%ce%bc%ce%b7%cf%84%cf%81%ce%bf%cf%80%ce%bf%ce%bb%ce%af%cf%84%ce%b7%cf%82-%ce%b2%ce%b5%ce%bb%ce%b3%ce%af%ce%bf%cf%85-%ce%ba-%e1%bc%80%ce%b8%ce%b7%ce%bd%ce%b1%ce%b3%cf%8c%cf%81%ce%b1%cf%82-3\/","name":"Le M\u00e9tropolite Ath\u00e9nagoras a repr\u00e9sent\u00e9 le CROCEU \u00e0 la r\u00e9union de haut niveau de l'UE avec les Chefs Religieux sur le Mode de Vie Europ\u00e9en - Archev\u00each\u00e9 Orthodoxe de Belgique","isPartOf":{"@id":"https:\/\/orthodoxia.be\/#website"},"primaryImageOfPage":{"@id":"https:\/\/orthodoxia.be\/2020\/11\/28\/%e1%bd%81-%ce%bc%ce%b7%cf%84%cf%81%ce%bf%cf%80%ce%bf%ce%bb%ce%af%cf%84%ce%b7%cf%82-%ce%b2%ce%b5%ce%bb%ce%b3%ce%af%ce%bf%cf%85-%ce%ba-%e1%bc%80%ce%b8%ce%b7%ce%bd%ce%b1%ce%b3%cf%8c%cf%81%ce%b1%cf%82-3\/#primaryimage"},"image":{"@id":"https:\/\/orthodoxia.be\/2020\/11\/28\/%e1%bd%81-%ce%bc%ce%b7%cf%84%cf%81%ce%bf%cf%80%ce%bf%ce%bb%ce%af%cf%84%ce%b7%cf%82-%ce%b2%ce%b5%ce%bb%ce%b3%ce%af%ce%bf%cf%85-%ce%ba-%e1%bc%80%ce%b8%ce%b7%ce%bd%ce%b1%ce%b3%cf%8c%cf%81%ce%b1%cf%82-3\/#primaryimage"},"thumbnailUrl":"https:\/\/orthodoxia.be\/wp-content\/uploads\/2020\/11\/Schermafbeelding-2020-11-27-om-12.21.26.jpg","datePublished":"2020-11-28T15:02:32+00:00","dateModified":"2020-11-28T15:24:11+00:00","breadcrumb":{"@id":"https:\/\/orthodoxia.be\/2020\/11\/28\/%e1%bd%81-%ce%bc%ce%b7%cf%84%cf%81%ce%bf%cf%80%ce%bf%ce%bb%ce%af%cf%84%ce%b7%cf%82-%ce%b2%ce%b5%ce%bb%ce%b3%ce%af%ce%bf%cf%85-%ce%ba-%e1%bc%80%ce%b8%ce%b7%ce%bd%ce%b1%ce%b3%cf%8c%cf%81%ce%b1%cf%82-3\/#breadcrumb"},"inLanguage":"fr-BE","potentialAction":[{"@type":"ReadAction","target":["https:\/\/orthodoxia.be\/2020\/11\/28\/%e1%bd%81-%ce%bc%ce%b7%cf%84%cf%81%ce%bf%cf%80%ce%bf%ce%bb%ce%af%cf%84%ce%b7%cf%82-%ce%b2%ce%b5%ce%bb%ce%b3%ce%af%ce%bf%cf%85-%ce%ba-%e1%bc%80%ce%b8%ce%b7%ce%bd%ce%b1%ce%b3%cf%8c%cf%81%ce%b1%cf%82-3\/"]}]},{"@type":"ImageObject","inLanguage":"fr-BE","@id":"https:\/\/orthodoxia.be\/2020\/11\/28\/%e1%bd%81-%ce%bc%ce%b7%cf%84%cf%81%ce%bf%cf%80%ce%bf%ce%bb%ce%af%cf%84%ce%b7%cf%82-%ce%b2%ce%b5%ce%bb%ce%b3%ce%af%ce%bf%cf%85-%ce%ba-%e1%bc%80%ce%b8%ce%b7%ce%bd%ce%b1%ce%b3%cf%8c%cf%81%ce%b1%cf%82-3\/#primaryimage","url":"https:\/\/orthodoxia.be\/wp-content\/uploads\/2020\/11\/Schermafbeelding-2020-11-27-om-12.21.26.jpg","contentUrl":"https:\/\/orthodoxia.be\/wp-content\/uploads\/2020\/11\/Schermafbeelding-2020-11-27-om-12.21.26.jpg","width":1023,"height":788},{"@type":"BreadcrumbList","@id":"https:\/\/orthodoxia.be\/2020\/11\/28\/%e1%bd%81-%ce%bc%ce%b7%cf%84%cf%81%ce%bf%cf%80%ce%bf%ce%bb%ce%af%cf%84%ce%b7%cf%82-%ce%b2%ce%b5%ce%bb%ce%b3%ce%af%ce%bf%cf%85-%ce%ba-%e1%bc%80%ce%b8%ce%b7%ce%bd%ce%b1%ce%b3%cf%8c%cf%81%ce%b1%cf%82-3\/#breadcrumb","itemListElement":[{"@type":"ListItem","position":1,"name":"Home","item":"https:\/\/orthodoxia.be\/fr\/"},{"@type":"ListItem","position":2,"name":"Le M\u00e9tropolite Ath\u00e9nagoras a repr\u00e9sent\u00e9 le CROCEU \u00e0 la r\u00e9union de haut niveau de l&#8217;UE avec les Chefs Religieux sur le Mode de Vie Europ\u00e9en"}]},{"@type":"WebSite","@id":"https:\/\/orthodoxia.be\/#website","url":"https:\/\/orthodoxia.be\/","name":"Orthodox Archdiocese of Belgium (Benelux)","description":"Exarque des Pays-Bas et du Luxembourg","publisher":{"@id":"https:\/\/orthodoxia.be\/#organization"},"alternateName":"IMB","potentialAction":[{"@type":"SearchAction","target":{"@type":"EntryPoint","urlTemplate":"https:\/\/orthodoxia.be\/?s={search_term_string}"},"query-input":{"@type":"PropertyValueSpecification","valueRequired":true,"valueName":"search_term_string"}}],"inLanguage":"fr-BE"},{"@type":"Organization","@id":"https:\/\/orthodoxia.be\/#organization","name":"Orthodox Archdiocese of Belgium (Benelux)","url":"https:\/\/orthodoxia.be\/","logo":{"@type":"ImageObject","inLanguage":"fr-BE","@id":"https:\/\/orthodoxia.be\/#\/schema\/logo\/image\/","url":"https:\/\/orthodoxia.be\/wp-content\/uploads\/2024\/02\/cropped-IMB-logo-512-cl-1.png","contentUrl":"https:\/\/orthodoxia.be\/wp-content\/uploads\/2024\/02\/cropped-IMB-logo-512-cl-1.png","width":512,"height":512,"caption":"Orthodox Archdiocese of Belgium (Benelux)"},"image":{"@id":"https:\/\/orthodoxia.be\/#\/schema\/logo\/image\/"},"sameAs":["https:\/\/www.facebook.com\/orthobel","https:\/\/x.com\/orthobel","https:\/\/www.youtube.com\/c\/orthobel","https:\/\/www.mixcloud.com\/orthobel\/","https:\/\/www.flickr.com\/photos\/148264890@N07\/albums","https:\/\/www.dailymotion.com\/Orthobel"]},{"@type":"Person","@id":"https:\/\/orthodoxia.be\/#\/schema\/person\/f6c4fd8f4c3dfc201522ccccede872c4","name":"fr. Emilianos Chatzivasileiou","image":{"@type":"ImageObject","inLanguage":"fr-BE","@id":"https:\/\/orthodoxia.be\/#\/schema\/person\/image\/","url":"https:\/\/secure.gravatar.com\/avatar\/5b67115dbb9ae1579c39e9ae857d39ac?s=96&d=mm&r=g","contentUrl":"https:\/\/secure.gravatar.com\/avatar\/5b67115dbb9ae1579c39e9ae857d39ac?s=96&d=mm&r=g","caption":"fr. Emilianos Chatzivasileiou"},"sameAs":["http:\/\/orthodoxia.be"],"url":"https:\/\/orthodoxia.be\/fr\/author\/p-emilianos\/"}]}},"_links":{"self":[{"href":"https:\/\/orthodoxia.be\/fr\/wp-json\/wp\/v2\/posts\/29053","targetHints":{"allow":["GET"]}}],"collection":[{"href":"https:\/\/orthodoxia.be\/fr\/wp-json\/wp\/v2\/posts"}],"about":[{"href":"https:\/\/orthodoxia.be\/fr\/wp-json\/wp\/v2\/types\/post"}],"author":[{"embeddable":true,"href":"https:\/\/orthodoxia.be\/fr\/wp-json\/wp\/v2\/users\/10"}],"replies":[{"embeddable":true,"href":"https:\/\/orthodoxia.be\/fr\/wp-json\/wp\/v2\/comments?post=29053"}],"version-history":[{"count":3,"href":"https:\/\/orthodoxia.be\/fr\/wp-json\/wp\/v2\/posts\/29053\/revisions"}],"predecessor-version":[{"id":29058,"href":"https:\/\/orthodoxia.be\/fr\/wp-json\/wp\/v2\/posts\/29053\/revisions\/29058"}],"wp:featuredmedia":[{"embeddable":true,"href":"https:\/\/orthodoxia.be\/fr\/wp-json\/wp\/v2\/media\/29045"}],"wp:attachment":[{"href":"https:\/\/orthodoxia.be\/fr\/wp-json\/wp\/v2\/media?parent=29053"}],"wp:term":[{"taxonomy":"category","embeddable":true,"href":"https:\/\/orthodoxia.be\/fr\/wp-json\/wp\/v2\/categories?post=29053"},{"taxonomy":"post_tag","embeddable":true,"href":"https:\/\/orthodoxia.be\/fr\/wp-json\/wp\/v2\/tags?post=29053"}],"curies":[{"name":"wp","href":"https:\/\/api.w.org\/{rel}","templated":true}]}}