{"id":30110,"date":"2021-03-11T16:49:26","date_gmt":"2021-03-11T15:49:26","guid":{"rendered":"http:\/\/orthodoxia.be\/?p=30110"},"modified":"2021-03-11T18:19:08","modified_gmt":"2021-03-11T17:19:08","slug":"communique-de-la-conference-episcopale-orthodoxe-du-benelux-ceob-obb-5","status":"publish","type":"post","link":"https:\/\/orthodoxia.be\/fr\/2021\/03\/11\/communique-de-la-conference-episcopale-orthodoxe-du-benelux-ceob-obb-5\/","title":{"rendered":"Communiqu\u00e9 de la Conf\u00e9rence Episcopale Orthodoxe du Benelux (CEOB-OBB)"},"content":{"rendered":"<p>Bruxelles \u2013 La Conf\u00e9rence Episcopale Orthodoxe du Benelux (CEOB) a \u00e9t\u00e9 convoqu\u00e9e en r\u00e9union extraordinaire de coordination. Cette r\u00e9union s\u2019est d\u00e9roul\u00e9e par visioconf\u00e9rence, \u00e0 cause de la crise sanitaire, le jeudi 10 mars 2021 , sous la pr\u00e9sidence de Son Eminence le M\u00e9tropolite Ath\u00e9nagoras de Belgique (Patriarcat \u0152cum\u00e9nique) et avec la participation de Son Eminence le M\u00e9tropolite S\u00e9rafim (Patriarcat de Roumanie) et de leurs Excellences l\u2019Ev\u00eaque Marc de Neamts, repr\u00e9sentant du M\u00e9tropolite Joseph (Patriarcat de Roumanie), l\u2019Ev\u00eaque Dosith\u00e9e (Patriarcat de G\u00e9orgie) et l\u2019Ev\u00eaque Joachim d\u2019Apollonia (\u00e9v\u00eaque auxiliaire de l\u2019Archev\u00each\u00e9 Orthodoxe de Belgique &#8211; Patriarcat \u0152cum\u00e9nique),<\/p>\n<p>Son Eminence le M\u00e9tropolite de Belgique Ath\u00e9nagoras a donn\u00e9 aux h\u00a0i\u00e9rarques-membres de la CEOB des informations concernant les difficult\u00e9s au bon fonctionnement du culte, dues \u00e0 la crise sanitaire, et pr\u00e9sent\u00e9 les restrictions toujours en vigueur pour la participation des fid\u00e8les aux offices et c\u00e9l\u00e9brations dans les \u00e9glises en Belgique, aux Pays-Bas et au Luxembourg. Les \u00e9v\u00eaques ont \u00e9chang\u00e9 leur point de vue sur la situation en exprimant leur espoir que la pand\u00e9mie va enfin ralentir sa propagation. Ils ont aussi parl\u00e9 et exprim\u00e9 des avis au sujet de la s\u00e9curit\u00e9 dans les \u00e9glises en Europe.<\/p>\n<p>&nbsp;<\/p>\n<p>Constatant que pour cette ann\u00e9e la conc\u00e9l\u00e9bration festive pour le Dimanche de l\u2019Orthodoxie est impossible, les \u00e9v\u00eaques ont adopt\u00e9 un message adress\u00e9 aux fid\u00e8les orthodoxes de la part de la Conf\u00e9rence \u00c9piscopale Orthodoxe du Benelux afin de souligner la grande importance que ce jour a pour l\u2019histoire et la foi de l\u2019\u00c9glise, pour leur souhaiter un temps b\u00e9ni de car\u00eame et pour leur demander de faire encore un peu de patience jusqu\u2019\u00e0 ce que la vie liturgique retrouve sa normalit\u00e9. Dans ce m\u00eame message les \u00e9v\u00eaques expriment leur reconnaissance envers les m\u00e9decins et le corps soignant.<span>\u00a0\u00a0<\/span><\/p>\n<p><span>\u00a0\u00a0\u00a0\u00a0\u00a0 <\/span><span>\u00a0<\/span><\/p>\n<p>Les hi\u00e9rarques se sont pench\u00e9s sur un <em>\u00abPacte d\u2019engagements\u00bb<\/em> pour les gestionnaires des associations orthodoxes, ainsi que pour tous ceux qui assument une responsabilit\u00e9 de gestion mat\u00e9rielle ou financi\u00e8re, dans une paroisse orthodoxe. Ce pacte est conforme \u00e0 la <em>\u00abCharte pour les organes repr\u00e9sentatifs des cultes reconnus\u00bb<\/em> sign\u00e9e le 26 mars 2019 \u00e0 Bruxelles par le gouvernement belge et les chefs des cultes reconnus. Il s\u2019agit de la bonne gestion des biens de paroisses orthodoxes selon des crit\u00e8res concrets qui sont mentionn\u00e9s dans le texte de ladite Charte. La situation aux Pays-Bas et au Luxembourg a aussi \u00e9t\u00e9 \u00e9voqu\u00e9e.<\/p>\n<p>&nbsp;<\/p>\n<p>La n\u00e9cessit\u00e9 de renouveler les membres des diverses Commissions qui ont \u00e9t\u00e9 cr\u00e9\u00e9es et fonctionnent au sein de la Conf\u00e9rence \u00c9piscopale Orthodoxe du Benelux et de les revitaliser a \u00e9t\u00e9 examin\u00e9e par les \u00e9v\u00eaques.<span>\u00a0\u00a0<\/span>Les \u00e9v\u00eaques ont \u00e9galement partag\u00e9 d\u2019autres nouvelles et des informations au sujet de leurs dioc\u00e8ses.<\/p>\n<p>&nbsp;<\/p>\n<p>La prochaine r\u00e9union de la Conf\u00e9rence \u00c9piscopale Orthodoxe du Benelux est pr\u00e9vue pour le 15 juin 2021.<\/p>\n<p>La Conf\u00e9rence \u00c9piscopale Orthodoxe du Benelux fut cr\u00e9\u00e9e sur d\u00e9cision prise par la IVe Conf\u00e9rence Panorthodoxe Pr\u00e9conciliaire, r\u00e9unie \u00e0 Chamb\u00e9sy (Gen\u00e8ve) en juin 2009.<\/p>\n<p><span>\u00a0<\/span><\/p>\n<p><span>\u00a0<\/span><\/p>\n<p><span>\u00a0<\/span><\/p>\n","protected":false},"excerpt":{"rendered":"<p>Bruxelles \u2013 La Conf\u00e9rence Episcopale Orthodoxe du Benelux (CEOB) a \u00e9t\u00e9 convoqu\u00e9e en r\u00e9union extraordinaire de coordination. Cette r\u00e9union s\u2019est d\u00e9roul\u00e9e par visioconf\u00e9rence, \u00e0 cause de la crise sanitaire, le jeudi 10 mars 2021 , sous la pr\u00e9sidence de Son Eminence le M\u00e9tropolite Ath\u00e9nagoras de Belgique (Patriarcat \u0152cum\u00e9nique) et avec la participation de Son Eminence &hellip; <a href=\"https:\/\/orthodoxia.be\/fr\/2021\/03\/11\/communique-de-la-conference-episcopale-orthodoxe-du-benelux-ceob-obb-5\/\">Continued<\/a><\/p>\n","protected":false},"author":12,"featured_media":30111,"comment_status":"closed","ping_status":"open","sticky":false,"template":"","format":"standard","meta":{"_acf_changed":false,"footnotes":""},"categories":[14,16,311],"tags":[],"class_list":["post-30110","post","type-post","status-publish","format-standard","has-post-thumbnail","hentry","category-actualite","category-communique","category-ceob"],"acf":[],"yoast_head":"<!-- This site is optimized with the Yoast SEO plugin v24.3 - https:\/\/yoast.com\/wordpress\/plugins\/seo\/ -->\n<title>Communiqu\u00e9 de la Conf\u00e9rence Episcopale Orthodoxe du Benelux (CEOB-OBB) - Archev\u00each\u00e9 Orthodoxe de Belgique<\/title>\n<meta name=\"robots\" content=\"index, follow, max-snippet:-1, max-image-preview:large, max-video-preview:-1\" \/>\n<link rel=\"canonical\" href=\"https:\/\/orthodoxia.be\/fr\/2021\/03\/11\/communique-de-la-conference-episcopale-orthodoxe-du-benelux-ceob-obb-5\/\" \/>\n<meta property=\"og:locale\" content=\"fr_FR\" \/>\n<meta property=\"og:type\" content=\"article\" \/>\n<meta property=\"og:title\" content=\"Communiqu\u00e9 de la Conf\u00e9rence Episcopale Orthodoxe du Benelux (CEOB-OBB) - Archev\u00each\u00e9 Orthodoxe de Belgique\" \/>\n<meta property=\"og:description\" content=\"Bruxelles \u2013 La Conf\u00e9rence Episcopale Orthodoxe du Benelux (CEOB) a \u00e9t\u00e9 convoqu\u00e9e en r\u00e9union extraordinaire de coordination. Cette r\u00e9union s\u2019est d\u00e9roul\u00e9e par visioconf\u00e9rence, \u00e0 cause de la crise sanitaire, le jeudi 10 mars 2021 , sous la pr\u00e9sidence de Son Eminence le M\u00e9tropolite Ath\u00e9nagoras de Belgique (Patriarcat \u0152cum\u00e9nique) et avec la participation de Son Eminence &hellip; Continued\" \/>\n<meta property=\"og:url\" content=\"https:\/\/orthodoxia.be\/fr\/2021\/03\/11\/communique-de-la-conference-episcopale-orthodoxe-du-benelux-ceob-obb-5\/\" \/>\n<meta property=\"og:site_name\" content=\"Archev\u00each\u00e9 Orthodoxe de Belgique\" \/>\n<meta property=\"article:publisher\" content=\"https:\/\/www.facebook.com\/orthobel\" \/>\n<meta property=\"article:published_time\" content=\"2021-03-11T15:49:26+00:00\" \/>\n<meta property=\"article:modified_time\" content=\"2021-03-11T17:19:08+00:00\" \/>\n<meta property=\"og:image\" content=\"https:\/\/orthodoxia.be\/wp-content\/uploads\/2021\/03\/\u0395\u03c0\u03b9\u03c3\u03ba\u03bf\u03c0\u03b9\u03ba\u03ae-\u03c3\u03c5\u03bd\u03ac\u03bd\u03c4\u03b7\u03c3\u03b7.png\" \/>\n\t<meta property=\"og:image:width\" content=\"2206\" \/>\n\t<meta property=\"og:image:height\" content=\"1390\" \/>\n\t<meta property=\"og:image:type\" content=\"image\/png\" \/>\n<meta name=\"author\" content=\"\u0391\u03c1\u03c7\u03b5\u03af\u03bf \u03a3\u03c5\u03bd\u03b5\u03c1\u03b3\u03b1\u03c4\u03ce\u03bd\" \/>\n<meta name=\"twitter:card\" content=\"summary_large_image\" \/>\n<meta name=\"twitter:creator\" content=\"@orthobel\" \/>\n<meta name=\"twitter:site\" content=\"@orthobel\" \/>\n<meta name=\"twitter:label1\" content=\"\u00c9crit par\" \/>\n\t<meta name=\"twitter:data1\" content=\"\u0391\u03c1\u03c7\u03b5\u03af\u03bf \u03a3\u03c5\u03bd\u03b5\u03c1\u03b3\u03b1\u03c4\u03ce\u03bd\" \/>\n\t<meta name=\"twitter:label2\" content=\"Dur\u00e9e de lecture est.\" \/>\n\t<meta name=\"twitter:data2\" content=\"3 minutes\" \/>\n<script type=\"application\/ld+json\" class=\"yoast-schema-graph\">{\"@context\":\"https:\/\/schema.org\",\"@graph\":[{\"@type\":\"Article\",\"@id\":\"https:\/\/orthodoxia.be\/fr\/2021\/03\/11\/communique-de-la-conference-episcopale-orthodoxe-du-benelux-ceob-obb-5\/#article\",\"isPartOf\":{\"@id\":\"https:\/\/orthodoxia.be\/fr\/2021\/03\/11\/communique-de-la-conference-episcopale-orthodoxe-du-benelux-ceob-obb-5\/\"},\"author\":{\"name\":\"\u0391\u03c1\u03c7\u03b5\u03af\u03bf \u03a3\u03c5\u03bd\u03b5\u03c1\u03b3\u03b1\u03c4\u03ce\u03bd\",\"@id\":\"https:\/\/orthodoxia.be\/#\/schema\/person\/4641c70600fbb1aac968996a0ef6d284\"},\"headline\":\"Communiqu\u00e9 de la Conf\u00e9rence Episcopale Orthodoxe du Benelux (CEOB-OBB)\",\"datePublished\":\"2021-03-11T15:49:26+00:00\",\"dateModified\":\"2021-03-11T17:19:08+00:00\",\"mainEntityOfPage\":{\"@id\":\"https:\/\/orthodoxia.be\/fr\/2021\/03\/11\/communique-de-la-conference-episcopale-orthodoxe-du-benelux-ceob-obb-5\/\"},\"wordCount\":560,\"publisher\":{\"@id\":\"https:\/\/orthodoxia.be\/#organization\"},\"image\":{\"@id\":\"https:\/\/orthodoxia.be\/fr\/2021\/03\/11\/communique-de-la-conference-episcopale-orthodoxe-du-benelux-ceob-obb-5\/#primaryimage\"},\"thumbnailUrl\":\"https:\/\/orthodoxia.be\/wp-content\/uploads\/2021\/03\/\u0395\u03c0\u03b9\u03c3\u03ba\u03bf\u03c0\u03b9\u03ba\u03ae-\u03c3\u03c5\u03bd\u03ac\u03bd\u03c4\u03b7\u03c3\u03b7.png\",\"articleSection\":[\"Actualit\u00e9\",\"Communiqu\u00e9\",\"Conf\u00e9rence Episcopale Orthodoxe du Benelux\"],\"inLanguage\":\"fr-BE\"},{\"@type\":\"WebPage\",\"@id\":\"https:\/\/orthodoxia.be\/fr\/2021\/03\/11\/communique-de-la-conference-episcopale-orthodoxe-du-benelux-ceob-obb-5\/\",\"url\":\"https:\/\/orthodoxia.be\/fr\/2021\/03\/11\/communique-de-la-conference-episcopale-orthodoxe-du-benelux-ceob-obb-5\/\",\"name\":\"Communiqu\u00e9 de la Conf\u00e9rence Episcopale Orthodoxe du Benelux (CEOB-OBB) - Archev\u00each\u00e9 Orthodoxe de Belgique\",\"isPartOf\":{\"@id\":\"https:\/\/orthodoxia.be\/#website\"},\"primaryImageOfPage\":{\"@id\":\"https:\/\/orthodoxia.be\/fr\/2021\/03\/11\/communique-de-la-conference-episcopale-orthodoxe-du-benelux-ceob-obb-5\/#primaryimage\"},\"image\":{\"@id\":\"https:\/\/orthodoxia.be\/fr\/2021\/03\/11\/communique-de-la-conference-episcopale-orthodoxe-du-benelux-ceob-obb-5\/#primaryimage\"},\"thumbnailUrl\":\"https:\/\/orthodoxia.be\/wp-content\/uploads\/2021\/03\/\u0395\u03c0\u03b9\u03c3\u03ba\u03bf\u03c0\u03b9\u03ba\u03ae-\u03c3\u03c5\u03bd\u03ac\u03bd\u03c4\u03b7\u03c3\u03b7.png\",\"datePublished\":\"2021-03-11T15:49:26+00:00\",\"dateModified\":\"2021-03-11T17:19:08+00:00\",\"breadcrumb\":{\"@id\":\"https:\/\/orthodoxia.be\/fr\/2021\/03\/11\/communique-de-la-conference-episcopale-orthodoxe-du-benelux-ceob-obb-5\/#breadcrumb\"},\"inLanguage\":\"fr-BE\",\"potentialAction\":[{\"@type\":\"ReadAction\",\"target\":[\"https:\/\/orthodoxia.be\/fr\/2021\/03\/11\/communique-de-la-conference-episcopale-orthodoxe-du-benelux-ceob-obb-5\/\"]}]},{\"@type\":\"ImageObject\",\"inLanguage\":\"fr-BE\",\"@id\":\"https:\/\/orthodoxia.be\/fr\/2021\/03\/11\/communique-de-la-conference-episcopale-orthodoxe-du-benelux-ceob-obb-5\/#primaryimage\",\"url\":\"https:\/\/orthodoxia.be\/wp-content\/uploads\/2021\/03\/\u0395\u03c0\u03b9\u03c3\u03ba\u03bf\u03c0\u03b9\u03ba\u03ae-\u03c3\u03c5\u03bd\u03ac\u03bd\u03c4\u03b7\u03c3\u03b7.png\",\"contentUrl\":\"https:\/\/orthodoxia.be\/wp-content\/uploads\/2021\/03\/\u0395\u03c0\u03b9\u03c3\u03ba\u03bf\u03c0\u03b9\u03ba\u03ae-\u03c3\u03c5\u03bd\u03ac\u03bd\u03c4\u03b7\u03c3\u03b7.png\",\"width\":2206,\"height\":1390},{\"@type\":\"BreadcrumbList\",\"@id\":\"https:\/\/orthodoxia.be\/fr\/2021\/03\/11\/communique-de-la-conference-episcopale-orthodoxe-du-benelux-ceob-obb-5\/#breadcrumb\",\"itemListElement\":[{\"@type\":\"ListItem\",\"position\":1,\"name\":\"Home\",\"item\":\"https:\/\/orthodoxia.be\/fr\/\"},{\"@type\":\"ListItem\",\"position\":2,\"name\":\"Communiqu\u00e9 de la Conf\u00e9rence Episcopale Orthodoxe du Benelux (CEOB-OBB)\"}]},{\"@type\":\"WebSite\",\"@id\":\"https:\/\/orthodoxia.be\/#website\",\"url\":\"https:\/\/orthodoxia.be\/\",\"name\":\"Orthodox Archdiocese of Belgium (Benelux)\",\"description\":\"Exarque des Pays-Bas et du Luxembourg\",\"publisher\":{\"@id\":\"https:\/\/orthodoxia.be\/#organization\"},\"alternateName\":\"IMB\",\"potentialAction\":[{\"@type\":\"SearchAction\",\"target\":{\"@type\":\"EntryPoint\",\"urlTemplate\":\"https:\/\/orthodoxia.be\/?s={search_term_string}\"},\"query-input\":{\"@type\":\"PropertyValueSpecification\",\"valueRequired\":true,\"valueName\":\"search_term_string\"}}],\"inLanguage\":\"fr-BE\"},{\"@type\":\"Organization\",\"@id\":\"https:\/\/orthodoxia.be\/#organization\",\"name\":\"Orthodox Archdiocese of Belgium (Benelux)\",\"url\":\"https:\/\/orthodoxia.be\/\",\"logo\":{\"@type\":\"ImageObject\",\"inLanguage\":\"fr-BE\",\"@id\":\"https:\/\/orthodoxia.be\/#\/schema\/logo\/image\/\",\"url\":\"https:\/\/orthodoxia.be\/wp-content\/uploads\/2024\/02\/cropped-IMB-logo-512-cl-1.png\",\"contentUrl\":\"https:\/\/orthodoxia.be\/wp-content\/uploads\/2024\/02\/cropped-IMB-logo-512-cl-1.png\",\"width\":512,\"height\":512,\"caption\":\"Orthodox Archdiocese of Belgium (Benelux)\"},\"image\":{\"@id\":\"https:\/\/orthodoxia.be\/#\/schema\/logo\/image\/\"},\"sameAs\":[\"https:\/\/www.facebook.com\/orthobel\",\"https:\/\/x.com\/orthobel\",\"https:\/\/www.youtube.com\/c\/orthobel\",\"https:\/\/www.mixcloud.com\/orthobel\/\",\"https:\/\/www.flickr.com\/photos\/148264890@N07\/albums\",\"https:\/\/www.dailymotion.com\/Orthobel\"]},{\"@type\":\"Person\",\"@id\":\"https:\/\/orthodoxia.be\/#\/schema\/person\/4641c70600fbb1aac968996a0ef6d284\",\"name\":\"\u0391\u03c1\u03c7\u03b5\u03af\u03bf \u03a3\u03c5\u03bd\u03b5\u03c1\u03b3\u03b1\u03c4\u03ce\u03bd\",\"image\":{\"@type\":\"ImageObject\",\"inLanguage\":\"fr-BE\",\"@id\":\"https:\/\/orthodoxia.be\/#\/schema\/person\/image\/\",\"url\":\"https:\/\/secure.gravatar.com\/avatar\/0bf791bec6a55758e3ee18a1fc90f09b?s=96&d=mm&r=g\",\"contentUrl\":\"https:\/\/secure.gravatar.com\/avatar\/0bf791bec6a55758e3ee18a1fc90f09b?s=96&d=mm&r=g\",\"caption\":\"\u0391\u03c1\u03c7\u03b5\u03af\u03bf \u03a3\u03c5\u03bd\u03b5\u03c1\u03b3\u03b1\u03c4\u03ce\u03bd\"},\"url\":\"https:\/\/orthodoxia.be\/fr\/author\/archives\/\"}]}<\/script>\n<!-- \/ Yoast SEO plugin. -->","yoast_head_json":{"title":"Communiqu\u00e9 de la Conf\u00e9rence Episcopale Orthodoxe du Benelux (CEOB-OBB) - Archev\u00each\u00e9 Orthodoxe de Belgique","robots":{"index":"index","follow":"follow","max-snippet":"max-snippet:-1","max-image-preview":"max-image-preview:large","max-video-preview":"max-video-preview:-1"},"canonical":"https:\/\/orthodoxia.be\/fr\/2021\/03\/11\/communique-de-la-conference-episcopale-orthodoxe-du-benelux-ceob-obb-5\/","og_locale":"fr_FR","og_type":"article","og_title":"Communiqu\u00e9 de la Conf\u00e9rence Episcopale Orthodoxe du Benelux (CEOB-OBB) - Archev\u00each\u00e9 Orthodoxe de Belgique","og_description":"Bruxelles \u2013 La Conf\u00e9rence Episcopale Orthodoxe du Benelux (CEOB) a \u00e9t\u00e9 convoqu\u00e9e en r\u00e9union extraordinaire de coordination. Cette r\u00e9union s\u2019est d\u00e9roul\u00e9e par visioconf\u00e9rence, \u00e0 cause de la crise sanitaire, le jeudi 10 mars 2021 , sous la pr\u00e9sidence de Son Eminence le M\u00e9tropolite Ath\u00e9nagoras de Belgique (Patriarcat \u0152cum\u00e9nique) et avec la participation de Son Eminence &hellip; Continued","og_url":"https:\/\/orthodoxia.be\/fr\/2021\/03\/11\/communique-de-la-conference-episcopale-orthodoxe-du-benelux-ceob-obb-5\/","og_site_name":"Archev\u00each\u00e9 Orthodoxe de Belgique","article_publisher":"https:\/\/www.facebook.com\/orthobel","article_published_time":"2021-03-11T15:49:26+00:00","article_modified_time":"2021-03-11T17:19:08+00:00","og_image":[{"width":2206,"height":1390,"url":"https:\/\/orthodoxia.be\/wp-content\/uploads\/2021\/03\/\u0395\u03c0\u03b9\u03c3\u03ba\u03bf\u03c0\u03b9\u03ba\u03ae-\u03c3\u03c5\u03bd\u03ac\u03bd\u03c4\u03b7\u03c3\u03b7.png","type":"image\/png"}],"author":"\u0391\u03c1\u03c7\u03b5\u03af\u03bf \u03a3\u03c5\u03bd\u03b5\u03c1\u03b3\u03b1\u03c4\u03ce\u03bd","twitter_card":"summary_large_image","twitter_creator":"@orthobel","twitter_site":"@orthobel","twitter_misc":{"\u00c9crit par":"\u0391\u03c1\u03c7\u03b5\u03af\u03bf \u03a3\u03c5\u03bd\u03b5\u03c1\u03b3\u03b1\u03c4\u03ce\u03bd","Dur\u00e9e de lecture est.":"3 minutes"},"schema":{"@context":"https:\/\/schema.org","@graph":[{"@type":"Article","@id":"https:\/\/orthodoxia.be\/fr\/2021\/03\/11\/communique-de-la-conference-episcopale-orthodoxe-du-benelux-ceob-obb-5\/#article","isPartOf":{"@id":"https:\/\/orthodoxia.be\/fr\/2021\/03\/11\/communique-de-la-conference-episcopale-orthodoxe-du-benelux-ceob-obb-5\/"},"author":{"name":"\u0391\u03c1\u03c7\u03b5\u03af\u03bf \u03a3\u03c5\u03bd\u03b5\u03c1\u03b3\u03b1\u03c4\u03ce\u03bd","@id":"https:\/\/orthodoxia.be\/#\/schema\/person\/4641c70600fbb1aac968996a0ef6d284"},"headline":"Communiqu\u00e9 de la Conf\u00e9rence Episcopale Orthodoxe du Benelux (CEOB-OBB)","datePublished":"2021-03-11T15:49:26+00:00","dateModified":"2021-03-11T17:19:08+00:00","mainEntityOfPage":{"@id":"https:\/\/orthodoxia.be\/fr\/2021\/03\/11\/communique-de-la-conference-episcopale-orthodoxe-du-benelux-ceob-obb-5\/"},"wordCount":560,"publisher":{"@id":"https:\/\/orthodoxia.be\/#organization"},"image":{"@id":"https:\/\/orthodoxia.be\/fr\/2021\/03\/11\/communique-de-la-conference-episcopale-orthodoxe-du-benelux-ceob-obb-5\/#primaryimage"},"thumbnailUrl":"https:\/\/orthodoxia.be\/wp-content\/uploads\/2021\/03\/\u0395\u03c0\u03b9\u03c3\u03ba\u03bf\u03c0\u03b9\u03ba\u03ae-\u03c3\u03c5\u03bd\u03ac\u03bd\u03c4\u03b7\u03c3\u03b7.png","articleSection":["Actualit\u00e9","Communiqu\u00e9","Conf\u00e9rence Episcopale Orthodoxe du Benelux"],"inLanguage":"fr-BE"},{"@type":"WebPage","@id":"https:\/\/orthodoxia.be\/fr\/2021\/03\/11\/communique-de-la-conference-episcopale-orthodoxe-du-benelux-ceob-obb-5\/","url":"https:\/\/orthodoxia.be\/fr\/2021\/03\/11\/communique-de-la-conference-episcopale-orthodoxe-du-benelux-ceob-obb-5\/","name":"Communiqu\u00e9 de la Conf\u00e9rence Episcopale Orthodoxe du Benelux (CEOB-OBB) - Archev\u00each\u00e9 Orthodoxe de Belgique","isPartOf":{"@id":"https:\/\/orthodoxia.be\/#website"},"primaryImageOfPage":{"@id":"https:\/\/orthodoxia.be\/fr\/2021\/03\/11\/communique-de-la-conference-episcopale-orthodoxe-du-benelux-ceob-obb-5\/#primaryimage"},"image":{"@id":"https:\/\/orthodoxia.be\/fr\/2021\/03\/11\/communique-de-la-conference-episcopale-orthodoxe-du-benelux-ceob-obb-5\/#primaryimage"},"thumbnailUrl":"https:\/\/orthodoxia.be\/wp-content\/uploads\/2021\/03\/\u0395\u03c0\u03b9\u03c3\u03ba\u03bf\u03c0\u03b9\u03ba\u03ae-\u03c3\u03c5\u03bd\u03ac\u03bd\u03c4\u03b7\u03c3\u03b7.png","datePublished":"2021-03-11T15:49:26+00:00","dateModified":"2021-03-11T17:19:08+00:00","breadcrumb":{"@id":"https:\/\/orthodoxia.be\/fr\/2021\/03\/11\/communique-de-la-conference-episcopale-orthodoxe-du-benelux-ceob-obb-5\/#breadcrumb"},"inLanguage":"fr-BE","potentialAction":[{"@type":"ReadAction","target":["https:\/\/orthodoxia.be\/fr\/2021\/03\/11\/communique-de-la-conference-episcopale-orthodoxe-du-benelux-ceob-obb-5\/"]}]},{"@type":"ImageObject","inLanguage":"fr-BE","@id":"https:\/\/orthodoxia.be\/fr\/2021\/03\/11\/communique-de-la-conference-episcopale-orthodoxe-du-benelux-ceob-obb-5\/#primaryimage","url":"https:\/\/orthodoxia.be\/wp-content\/uploads\/2021\/03\/\u0395\u03c0\u03b9\u03c3\u03ba\u03bf\u03c0\u03b9\u03ba\u03ae-\u03c3\u03c5\u03bd\u03ac\u03bd\u03c4\u03b7\u03c3\u03b7.png","contentUrl":"https:\/\/orthodoxia.be\/wp-content\/uploads\/2021\/03\/\u0395\u03c0\u03b9\u03c3\u03ba\u03bf\u03c0\u03b9\u03ba\u03ae-\u03c3\u03c5\u03bd\u03ac\u03bd\u03c4\u03b7\u03c3\u03b7.png","width":2206,"height":1390},{"@type":"BreadcrumbList","@id":"https:\/\/orthodoxia.be\/fr\/2021\/03\/11\/communique-de-la-conference-episcopale-orthodoxe-du-benelux-ceob-obb-5\/#breadcrumb","itemListElement":[{"@type":"ListItem","position":1,"name":"Home","item":"https:\/\/orthodoxia.be\/fr\/"},{"@type":"ListItem","position":2,"name":"Communiqu\u00e9 de la Conf\u00e9rence Episcopale Orthodoxe du Benelux (CEOB-OBB)"}]},{"@type":"WebSite","@id":"https:\/\/orthodoxia.be\/#website","url":"https:\/\/orthodoxia.be\/","name":"Orthodox Archdiocese of Belgium (Benelux)","description":"Exarque des Pays-Bas et du Luxembourg","publisher":{"@id":"https:\/\/orthodoxia.be\/#organization"},"alternateName":"IMB","potentialAction":[{"@type":"SearchAction","target":{"@type":"EntryPoint","urlTemplate":"https:\/\/orthodoxia.be\/?s={search_term_string}"},"query-input":{"@type":"PropertyValueSpecification","valueRequired":true,"valueName":"search_term_string"}}],"inLanguage":"fr-BE"},{"@type":"Organization","@id":"https:\/\/orthodoxia.be\/#organization","name":"Orthodox Archdiocese of Belgium (Benelux)","url":"https:\/\/orthodoxia.be\/","logo":{"@type":"ImageObject","inLanguage":"fr-BE","@id":"https:\/\/orthodoxia.be\/#\/schema\/logo\/image\/","url":"https:\/\/orthodoxia.be\/wp-content\/uploads\/2024\/02\/cropped-IMB-logo-512-cl-1.png","contentUrl":"https:\/\/orthodoxia.be\/wp-content\/uploads\/2024\/02\/cropped-IMB-logo-512-cl-1.png","width":512,"height":512,"caption":"Orthodox Archdiocese of Belgium (Benelux)"},"image":{"@id":"https:\/\/orthodoxia.be\/#\/schema\/logo\/image\/"},"sameAs":["https:\/\/www.facebook.com\/orthobel","https:\/\/x.com\/orthobel","https:\/\/www.youtube.com\/c\/orthobel","https:\/\/www.mixcloud.com\/orthobel\/","https:\/\/www.flickr.com\/photos\/148264890@N07\/albums","https:\/\/www.dailymotion.com\/Orthobel"]},{"@type":"Person","@id":"https:\/\/orthodoxia.be\/#\/schema\/person\/4641c70600fbb1aac968996a0ef6d284","name":"\u0391\u03c1\u03c7\u03b5\u03af\u03bf \u03a3\u03c5\u03bd\u03b5\u03c1\u03b3\u03b1\u03c4\u03ce\u03bd","image":{"@type":"ImageObject","inLanguage":"fr-BE","@id":"https:\/\/orthodoxia.be\/#\/schema\/person\/image\/","url":"https:\/\/secure.gravatar.com\/avatar\/0bf791bec6a55758e3ee18a1fc90f09b?s=96&d=mm&r=g","contentUrl":"https:\/\/secure.gravatar.com\/avatar\/0bf791bec6a55758e3ee18a1fc90f09b?s=96&d=mm&r=g","caption":"\u0391\u03c1\u03c7\u03b5\u03af\u03bf \u03a3\u03c5\u03bd\u03b5\u03c1\u03b3\u03b1\u03c4\u03ce\u03bd"},"url":"https:\/\/orthodoxia.be\/fr\/author\/archives\/"}]}},"_links":{"self":[{"href":"https:\/\/orthodoxia.be\/fr\/wp-json\/wp\/v2\/posts\/30110","targetHints":{"allow":["GET"]}}],"collection":[{"href":"https:\/\/orthodoxia.be\/fr\/wp-json\/wp\/v2\/posts"}],"about":[{"href":"https:\/\/orthodoxia.be\/fr\/wp-json\/wp\/v2\/types\/post"}],"author":[{"embeddable":true,"href":"https:\/\/orthodoxia.be\/fr\/wp-json\/wp\/v2\/users\/12"}],"replies":[{"embeddable":true,"href":"https:\/\/orthodoxia.be\/fr\/wp-json\/wp\/v2\/comments?post=30110"}],"version-history":[{"count":3,"href":"https:\/\/orthodoxia.be\/fr\/wp-json\/wp\/v2\/posts\/30110\/revisions"}],"predecessor-version":[{"id":30135,"href":"https:\/\/orthodoxia.be\/fr\/wp-json\/wp\/v2\/posts\/30110\/revisions\/30135"}],"wp:featuredmedia":[{"embeddable":true,"href":"https:\/\/orthodoxia.be\/fr\/wp-json\/wp\/v2\/media\/30111"}],"wp:attachment":[{"href":"https:\/\/orthodoxia.be\/fr\/wp-json\/wp\/v2\/media?parent=30110"}],"wp:term":[{"taxonomy":"category","embeddable":true,"href":"https:\/\/orthodoxia.be\/fr\/wp-json\/wp\/v2\/categories?post=30110"},{"taxonomy":"post_tag","embeddable":true,"href":"https:\/\/orthodoxia.be\/fr\/wp-json\/wp\/v2\/tags?post=30110"}],"curies":[{"name":"wp","href":"https:\/\/api.w.org\/{rel}","templated":true}]}}