{"id":31054,"date":"2021-04-18T23:25:27","date_gmt":"2021-04-18T21:25:27","guid":{"rendered":"http:\/\/orthodoxia.be\/?p=31054"},"modified":"2021-04-19T11:44:28","modified_gmt":"2021-04-19T09:44:28","slug":"ordination-diaconale-a-larcheveche-de-belgique-2","status":"publish","type":"post","link":"https:\/\/orthodoxia.be\/fr\/2021\/04\/18\/ordination-diaconale-a-larcheveche-de-belgique-2\/","title":{"rendered":"Ordination diaconale \u00e0 l\u2019Archev\u00each\u00e9 de Belgique"},"content":{"rendered":"<p style=\"text-align: justify;\">Ce 5\u00e8me dimanche de Grand Car\u00eame, 18 avril 2021, Son Eminence le M\u00e9tropolite Ath\u00e9nagoras de Belgique et Exarque des Pays-Bas et du Luxembourg a c\u00e9l\u00e9br\u00e9 la Divine Liturgie au Monast\u00e8re de la Nativit\u00e9 de la M\u00e8re de Dieu \u00e0 Asten (Pays-Bas), proc\u00e9dant \u00e9galement \u00e0 l\u2019ordination diaconale de Monsieur Quinten Koning, le tout dans le respect des mesures de restriction et de protection en vigueur aux Pays-Bas pour \u00e9viter la propagation de la pand\u00e9mie du coronavirus.<\/p>\n<p style=\"text-align: justify;\">Le nouveau diacre, qui porte le pr\u00e9nom de Saint Quentin, saint occidental du III\u00e8me si\u00e8cle martyris\u00e9 en France, est d\u2019origine hollandaise, mari\u00e9 et p\u00e8re de quatre enfants. Dipl\u00f4m\u00e9 de l\u2019Ecole Athoniade, il est en tr\u00e8s bonne relation avec le Monast\u00e8re Karakalou du Mont Athos, l\u2019Higoum \u00e8ne Archimandrite Philotheos \u00e9tant son p\u00e8re spirituel.<\/p>\n<p style=\"text-align: justify;\">Son Eminence dans son discours au nouvel ordonn\u00e9 d\u00e9veloppa le sens et le r\u00f4le du diacre dans l\u2019\u00c9glise en tant que serviteur des sacrements du Christ, mais aussi en tant que serviteur de l\u2019Ev\u00eaque dans la vie liturgique, pastorale et philanthropique de l\u2019Eglise selon Saint Ignace le Th\u00e9ophore. Un peu plus loin, il devait souligner la signification de la diaconie dans l\u2019\u00c9glise, mais aussi la responsabilit\u00e9 que cette diaconie soit toujours dans le respect envers l\u2019Archev\u00each\u00e9 et le Patriarcat Oecum\u00e9nique.<\/p>\n<p style=\"text-align: justify;\">Apr\u00e8s la cl\u00f4ture de la Divine Liturgie, Son Eminence c\u00e9l\u00e9bra devant la tombe de la G\u00e9rontissa Maria, &#8211; que le nouveau diacre connaissait depuis son enfance &#8211; , une pri\u00e8re de m\u00e9moire pour le repos des \u00e2mes de ceux qui se sont endormis r\u00e9cemment, feu les Hi\u00e9rarques du Patriarcat Oecum\u00e9nique G\u00e9ron Constantin M\u00e9tropolite de Nic\u00e9e et Dionysios M\u00e9tropolite de Synadon ; l\u2019Archipr\u00eatre Silouan Osseel, premier vicaire du Monast\u00e8re, la G\u00e9rontissa Maria et Monsieur Nikolaos Manginas.<\/p>\n","protected":false},"excerpt":{"rendered":"<p>Ce 5\u00e8me dimanche de Grand Car\u00eame, 18 avril 2021, Son Eminence le M\u00e9tropolite Ath\u00e9nagoras de Belgique et Exarque des Pays-Bas et du Luxembourg a c\u00e9l\u00e9br\u00e9 la Divine Liturgie au Monast\u00e8re de la Nativit\u00e9 de la M\u00e8re de Dieu \u00e0 Asten (Pays-Bas), proc\u00e9dant \u00e9galement \u00e0 l\u2019ordination diaconale de Monsieur Quinten Koning, le tout dans le respect &hellip; <a href=\"https:\/\/orthodoxia.be\/fr\/2021\/04\/18\/ordination-diaconale-a-larcheveche-de-belgique-2\/\">Continued<\/a><\/p>\n","protected":false},"author":12,"featured_media":31033,"comment_status":"closed","ping_status":"open","sticky":false,"template":"","format":"standard","meta":{"_acf_changed":false,"footnotes":""},"categories":[14,16,32],"tags":[],"class_list":["post-31054","post","type-post","status-publish","format-standard","has-post-thumbnail","hentry","category-actualite","category-communique","category-ordinations-nominations"],"acf":[],"yoast_head":"<!-- This site is optimized with the Yoast SEO plugin v24.3 - https:\/\/yoast.com\/wordpress\/plugins\/seo\/ -->\n<title>Ordination diaconale \u00e0 l\u2019Archev\u00each\u00e9 de Belgique - Archev\u00each\u00e9 Orthodoxe de Belgique<\/title>\n<meta name=\"robots\" content=\"index, follow, max-snippet:-1, max-image-preview:large, max-video-preview:-1\" \/>\n<link rel=\"canonical\" href=\"https:\/\/orthodoxia.be\/fr\/2021\/04\/18\/ordination-diaconale-a-larcheveche-de-belgique-2\/\" \/>\n<meta property=\"og:locale\" content=\"fr_FR\" \/>\n<meta property=\"og:type\" content=\"article\" \/>\n<meta property=\"og:title\" content=\"Ordination diaconale \u00e0 l\u2019Archev\u00each\u00e9 de Belgique - Archev\u00each\u00e9 Orthodoxe de Belgique\" \/>\n<meta property=\"og:description\" content=\"Ce 5\u00e8me dimanche de Grand Car\u00eame, 18 avril 2021, Son Eminence le M\u00e9tropolite Ath\u00e9nagoras de Belgique et Exarque des Pays-Bas et du Luxembourg a c\u00e9l\u00e9br\u00e9 la Divine Liturgie au Monast\u00e8re de la Nativit\u00e9 de la M\u00e8re de Dieu \u00e0 Asten (Pays-Bas), proc\u00e9dant \u00e9galement \u00e0 l\u2019ordination diaconale de Monsieur Quinten Koning, le tout dans le respect &hellip; Continued\" \/>\n<meta property=\"og:url\" content=\"https:\/\/orthodoxia.be\/fr\/2021\/04\/18\/ordination-diaconale-a-larcheveche-de-belgique-2\/\" \/>\n<meta property=\"og:site_name\" content=\"Archev\u00each\u00e9 Orthodoxe de Belgique\" \/>\n<meta property=\"article:publisher\" content=\"https:\/\/www.facebook.com\/orthobel\" \/>\n<meta property=\"article:published_time\" content=\"2021-04-18T21:25:27+00:00\" \/>\n<meta property=\"article:modified_time\" content=\"2021-04-19T09:44:28+00:00\" \/>\n<meta property=\"og:image\" content=\"https:\/\/orthodoxia.be\/wp-content\/uploads\/2021\/04\/Wijding_Quinten_03_05.jpg\" \/>\n\t<meta property=\"og:image:width\" content=\"500\" \/>\n\t<meta property=\"og:image:height\" content=\"667\" \/>\n\t<meta property=\"og:image:type\" content=\"image\/jpeg\" \/>\n<meta name=\"author\" content=\"\u0391\u03c1\u03c7\u03b5\u03af\u03bf \u03a3\u03c5\u03bd\u03b5\u03c1\u03b3\u03b1\u03c4\u03ce\u03bd\" \/>\n<meta name=\"twitter:card\" content=\"summary_large_image\" \/>\n<meta name=\"twitter:creator\" content=\"@orthobel\" \/>\n<meta name=\"twitter:site\" content=\"@orthobel\" \/>\n<meta name=\"twitter:label1\" content=\"\u00c9crit par\" \/>\n\t<meta name=\"twitter:data1\" content=\"\u0391\u03c1\u03c7\u03b5\u03af\u03bf \u03a3\u03c5\u03bd\u03b5\u03c1\u03b3\u03b1\u03c4\u03ce\u03bd\" \/>\n\t<meta name=\"twitter:label2\" content=\"Dur\u00e9e de lecture est.\" \/>\n\t<meta name=\"twitter:data2\" content=\"2 minutes\" \/>\n<script type=\"application\/ld+json\" class=\"yoast-schema-graph\">{\"@context\":\"https:\/\/schema.org\",\"@graph\":[{\"@type\":\"Article\",\"@id\":\"https:\/\/orthodoxia.be\/fr\/2021\/04\/18\/ordination-diaconale-a-larcheveche-de-belgique-2\/#article\",\"isPartOf\":{\"@id\":\"https:\/\/orthodoxia.be\/fr\/2021\/04\/18\/ordination-diaconale-a-larcheveche-de-belgique-2\/\"},\"author\":{\"name\":\"\u0391\u03c1\u03c7\u03b5\u03af\u03bf \u03a3\u03c5\u03bd\u03b5\u03c1\u03b3\u03b1\u03c4\u03ce\u03bd\",\"@id\":\"https:\/\/orthodoxia.be\/#\/schema\/person\/4641c70600fbb1aac968996a0ef6d284\"},\"headline\":\"Ordination diaconale \u00e0 l\u2019Archev\u00each\u00e9 de Belgique\",\"datePublished\":\"2021-04-18T21:25:27+00:00\",\"dateModified\":\"2021-04-19T09:44:28+00:00\",\"mainEntityOfPage\":{\"@id\":\"https:\/\/orthodoxia.be\/fr\/2021\/04\/18\/ordination-diaconale-a-larcheveche-de-belgique-2\/\"},\"wordCount\":333,\"publisher\":{\"@id\":\"https:\/\/orthodoxia.be\/#organization\"},\"image\":{\"@id\":\"https:\/\/orthodoxia.be\/fr\/2021\/04\/18\/ordination-diaconale-a-larcheveche-de-belgique-2\/#primaryimage\"},\"thumbnailUrl\":\"https:\/\/orthodoxia.be\/wp-content\/uploads\/2021\/04\/Wijding_Quinten_03_05.jpg\",\"articleSection\":[\"Actualit\u00e9\",\"Communiqu\u00e9\",\"Ordinations - Nominations\"],\"inLanguage\":\"fr-BE\"},{\"@type\":\"WebPage\",\"@id\":\"https:\/\/orthodoxia.be\/fr\/2021\/04\/18\/ordination-diaconale-a-larcheveche-de-belgique-2\/\",\"url\":\"https:\/\/orthodoxia.be\/fr\/2021\/04\/18\/ordination-diaconale-a-larcheveche-de-belgique-2\/\",\"name\":\"Ordination diaconale \u00e0 l\u2019Archev\u00each\u00e9 de Belgique - Archev\u00each\u00e9 Orthodoxe de Belgique\",\"isPartOf\":{\"@id\":\"https:\/\/orthodoxia.be\/#website\"},\"primaryImageOfPage\":{\"@id\":\"https:\/\/orthodoxia.be\/fr\/2021\/04\/18\/ordination-diaconale-a-larcheveche-de-belgique-2\/#primaryimage\"},\"image\":{\"@id\":\"https:\/\/orthodoxia.be\/fr\/2021\/04\/18\/ordination-diaconale-a-larcheveche-de-belgique-2\/#primaryimage\"},\"thumbnailUrl\":\"https:\/\/orthodoxia.be\/wp-content\/uploads\/2021\/04\/Wijding_Quinten_03_05.jpg\",\"datePublished\":\"2021-04-18T21:25:27+00:00\",\"dateModified\":\"2021-04-19T09:44:28+00:00\",\"breadcrumb\":{\"@id\":\"https:\/\/orthodoxia.be\/fr\/2021\/04\/18\/ordination-diaconale-a-larcheveche-de-belgique-2\/#breadcrumb\"},\"inLanguage\":\"fr-BE\",\"potentialAction\":[{\"@type\":\"ReadAction\",\"target\":[\"https:\/\/orthodoxia.be\/fr\/2021\/04\/18\/ordination-diaconale-a-larcheveche-de-belgique-2\/\"]}]},{\"@type\":\"ImageObject\",\"inLanguage\":\"fr-BE\",\"@id\":\"https:\/\/orthodoxia.be\/fr\/2021\/04\/18\/ordination-diaconale-a-larcheveche-de-belgique-2\/#primaryimage\",\"url\":\"https:\/\/orthodoxia.be\/wp-content\/uploads\/2021\/04\/Wijding_Quinten_03_05.jpg\",\"contentUrl\":\"https:\/\/orthodoxia.be\/wp-content\/uploads\/2021\/04\/Wijding_Quinten_03_05.jpg\",\"width\":500,\"height\":667},{\"@type\":\"BreadcrumbList\",\"@id\":\"https:\/\/orthodoxia.be\/fr\/2021\/04\/18\/ordination-diaconale-a-larcheveche-de-belgique-2\/#breadcrumb\",\"itemListElement\":[{\"@type\":\"ListItem\",\"position\":1,\"name\":\"Home\",\"item\":\"https:\/\/orthodoxia.be\/fr\/\"},{\"@type\":\"ListItem\",\"position\":2,\"name\":\"Ordination diaconale \u00e0 l\u2019Archev\u00each\u00e9 de Belgique\"}]},{\"@type\":\"WebSite\",\"@id\":\"https:\/\/orthodoxia.be\/#website\",\"url\":\"https:\/\/orthodoxia.be\/\",\"name\":\"Orthodox Archdiocese of Belgium (Benelux)\",\"description\":\"Exarque des Pays-Bas et du Luxembourg\",\"publisher\":{\"@id\":\"https:\/\/orthodoxia.be\/#organization\"},\"alternateName\":\"IMB\",\"potentialAction\":[{\"@type\":\"SearchAction\",\"target\":{\"@type\":\"EntryPoint\",\"urlTemplate\":\"https:\/\/orthodoxia.be\/?s={search_term_string}\"},\"query-input\":{\"@type\":\"PropertyValueSpecification\",\"valueRequired\":true,\"valueName\":\"search_term_string\"}}],\"inLanguage\":\"fr-BE\"},{\"@type\":\"Organization\",\"@id\":\"https:\/\/orthodoxia.be\/#organization\",\"name\":\"Orthodox Archdiocese of Belgium (Benelux)\",\"url\":\"https:\/\/orthodoxia.be\/\",\"logo\":{\"@type\":\"ImageObject\",\"inLanguage\":\"fr-BE\",\"@id\":\"https:\/\/orthodoxia.be\/#\/schema\/logo\/image\/\",\"url\":\"https:\/\/orthodoxia.be\/wp-content\/uploads\/2024\/02\/cropped-IMB-logo-512-cl-1.png\",\"contentUrl\":\"https:\/\/orthodoxia.be\/wp-content\/uploads\/2024\/02\/cropped-IMB-logo-512-cl-1.png\",\"width\":512,\"height\":512,\"caption\":\"Orthodox Archdiocese of Belgium (Benelux)\"},\"image\":{\"@id\":\"https:\/\/orthodoxia.be\/#\/schema\/logo\/image\/\"},\"sameAs\":[\"https:\/\/www.facebook.com\/orthobel\",\"https:\/\/x.com\/orthobel\",\"https:\/\/www.youtube.com\/c\/orthobel\",\"https:\/\/www.mixcloud.com\/orthobel\/\",\"https:\/\/www.flickr.com\/photos\/148264890@N07\/albums\",\"https:\/\/www.dailymotion.com\/Orthobel\"]},{\"@type\":\"Person\",\"@id\":\"https:\/\/orthodoxia.be\/#\/schema\/person\/4641c70600fbb1aac968996a0ef6d284\",\"name\":\"\u0391\u03c1\u03c7\u03b5\u03af\u03bf \u03a3\u03c5\u03bd\u03b5\u03c1\u03b3\u03b1\u03c4\u03ce\u03bd\",\"image\":{\"@type\":\"ImageObject\",\"inLanguage\":\"fr-BE\",\"@id\":\"https:\/\/orthodoxia.be\/#\/schema\/person\/image\/\",\"url\":\"https:\/\/secure.gravatar.com\/avatar\/0bf791bec6a55758e3ee18a1fc90f09b?s=96&d=mm&r=g\",\"contentUrl\":\"https:\/\/secure.gravatar.com\/avatar\/0bf791bec6a55758e3ee18a1fc90f09b?s=96&d=mm&r=g\",\"caption\":\"\u0391\u03c1\u03c7\u03b5\u03af\u03bf \u03a3\u03c5\u03bd\u03b5\u03c1\u03b3\u03b1\u03c4\u03ce\u03bd\"},\"url\":\"https:\/\/orthodoxia.be\/fr\/author\/archives\/\"}]}<\/script>\n<!-- \/ Yoast SEO plugin. -->","yoast_head_json":{"title":"Ordination diaconale \u00e0 l\u2019Archev\u00each\u00e9 de Belgique - Archev\u00each\u00e9 Orthodoxe de Belgique","robots":{"index":"index","follow":"follow","max-snippet":"max-snippet:-1","max-image-preview":"max-image-preview:large","max-video-preview":"max-video-preview:-1"},"canonical":"https:\/\/orthodoxia.be\/fr\/2021\/04\/18\/ordination-diaconale-a-larcheveche-de-belgique-2\/","og_locale":"fr_FR","og_type":"article","og_title":"Ordination diaconale \u00e0 l\u2019Archev\u00each\u00e9 de Belgique - Archev\u00each\u00e9 Orthodoxe de Belgique","og_description":"Ce 5\u00e8me dimanche de Grand Car\u00eame, 18 avril 2021, Son Eminence le M\u00e9tropolite Ath\u00e9nagoras de Belgique et Exarque des Pays-Bas et du Luxembourg a c\u00e9l\u00e9br\u00e9 la Divine Liturgie au Monast\u00e8re de la Nativit\u00e9 de la M\u00e8re de Dieu \u00e0 Asten (Pays-Bas), proc\u00e9dant \u00e9galement \u00e0 l\u2019ordination diaconale de Monsieur Quinten Koning, le tout dans le respect &hellip; Continued","og_url":"https:\/\/orthodoxia.be\/fr\/2021\/04\/18\/ordination-diaconale-a-larcheveche-de-belgique-2\/","og_site_name":"Archev\u00each\u00e9 Orthodoxe de Belgique","article_publisher":"https:\/\/www.facebook.com\/orthobel","article_published_time":"2021-04-18T21:25:27+00:00","article_modified_time":"2021-04-19T09:44:28+00:00","og_image":[{"width":500,"height":667,"url":"https:\/\/orthodoxia.be\/wp-content\/uploads\/2021\/04\/Wijding_Quinten_03_05.jpg","type":"image\/jpeg"}],"author":"\u0391\u03c1\u03c7\u03b5\u03af\u03bf \u03a3\u03c5\u03bd\u03b5\u03c1\u03b3\u03b1\u03c4\u03ce\u03bd","twitter_card":"summary_large_image","twitter_creator":"@orthobel","twitter_site":"@orthobel","twitter_misc":{"\u00c9crit par":"\u0391\u03c1\u03c7\u03b5\u03af\u03bf \u03a3\u03c5\u03bd\u03b5\u03c1\u03b3\u03b1\u03c4\u03ce\u03bd","Dur\u00e9e de lecture est.":"2 minutes"},"schema":{"@context":"https:\/\/schema.org","@graph":[{"@type":"Article","@id":"https:\/\/orthodoxia.be\/fr\/2021\/04\/18\/ordination-diaconale-a-larcheveche-de-belgique-2\/#article","isPartOf":{"@id":"https:\/\/orthodoxia.be\/fr\/2021\/04\/18\/ordination-diaconale-a-larcheveche-de-belgique-2\/"},"author":{"name":"\u0391\u03c1\u03c7\u03b5\u03af\u03bf \u03a3\u03c5\u03bd\u03b5\u03c1\u03b3\u03b1\u03c4\u03ce\u03bd","@id":"https:\/\/orthodoxia.be\/#\/schema\/person\/4641c70600fbb1aac968996a0ef6d284"},"headline":"Ordination diaconale \u00e0 l\u2019Archev\u00each\u00e9 de Belgique","datePublished":"2021-04-18T21:25:27+00:00","dateModified":"2021-04-19T09:44:28+00:00","mainEntityOfPage":{"@id":"https:\/\/orthodoxia.be\/fr\/2021\/04\/18\/ordination-diaconale-a-larcheveche-de-belgique-2\/"},"wordCount":333,"publisher":{"@id":"https:\/\/orthodoxia.be\/#organization"},"image":{"@id":"https:\/\/orthodoxia.be\/fr\/2021\/04\/18\/ordination-diaconale-a-larcheveche-de-belgique-2\/#primaryimage"},"thumbnailUrl":"https:\/\/orthodoxia.be\/wp-content\/uploads\/2021\/04\/Wijding_Quinten_03_05.jpg","articleSection":["Actualit\u00e9","Communiqu\u00e9","Ordinations - Nominations"],"inLanguage":"fr-BE"},{"@type":"WebPage","@id":"https:\/\/orthodoxia.be\/fr\/2021\/04\/18\/ordination-diaconale-a-larcheveche-de-belgique-2\/","url":"https:\/\/orthodoxia.be\/fr\/2021\/04\/18\/ordination-diaconale-a-larcheveche-de-belgique-2\/","name":"Ordination diaconale \u00e0 l\u2019Archev\u00each\u00e9 de Belgique - Archev\u00each\u00e9 Orthodoxe de Belgique","isPartOf":{"@id":"https:\/\/orthodoxia.be\/#website"},"primaryImageOfPage":{"@id":"https:\/\/orthodoxia.be\/fr\/2021\/04\/18\/ordination-diaconale-a-larcheveche-de-belgique-2\/#primaryimage"},"image":{"@id":"https:\/\/orthodoxia.be\/fr\/2021\/04\/18\/ordination-diaconale-a-larcheveche-de-belgique-2\/#primaryimage"},"thumbnailUrl":"https:\/\/orthodoxia.be\/wp-content\/uploads\/2021\/04\/Wijding_Quinten_03_05.jpg","datePublished":"2021-04-18T21:25:27+00:00","dateModified":"2021-04-19T09:44:28+00:00","breadcrumb":{"@id":"https:\/\/orthodoxia.be\/fr\/2021\/04\/18\/ordination-diaconale-a-larcheveche-de-belgique-2\/#breadcrumb"},"inLanguage":"fr-BE","potentialAction":[{"@type":"ReadAction","target":["https:\/\/orthodoxia.be\/fr\/2021\/04\/18\/ordination-diaconale-a-larcheveche-de-belgique-2\/"]}]},{"@type":"ImageObject","inLanguage":"fr-BE","@id":"https:\/\/orthodoxia.be\/fr\/2021\/04\/18\/ordination-diaconale-a-larcheveche-de-belgique-2\/#primaryimage","url":"https:\/\/orthodoxia.be\/wp-content\/uploads\/2021\/04\/Wijding_Quinten_03_05.jpg","contentUrl":"https:\/\/orthodoxia.be\/wp-content\/uploads\/2021\/04\/Wijding_Quinten_03_05.jpg","width":500,"height":667},{"@type":"BreadcrumbList","@id":"https:\/\/orthodoxia.be\/fr\/2021\/04\/18\/ordination-diaconale-a-larcheveche-de-belgique-2\/#breadcrumb","itemListElement":[{"@type":"ListItem","position":1,"name":"Home","item":"https:\/\/orthodoxia.be\/fr\/"},{"@type":"ListItem","position":2,"name":"Ordination diaconale \u00e0 l\u2019Archev\u00each\u00e9 de Belgique"}]},{"@type":"WebSite","@id":"https:\/\/orthodoxia.be\/#website","url":"https:\/\/orthodoxia.be\/","name":"Orthodox Archdiocese of Belgium (Benelux)","description":"Exarque des Pays-Bas et du Luxembourg","publisher":{"@id":"https:\/\/orthodoxia.be\/#organization"},"alternateName":"IMB","potentialAction":[{"@type":"SearchAction","target":{"@type":"EntryPoint","urlTemplate":"https:\/\/orthodoxia.be\/?s={search_term_string}"},"query-input":{"@type":"PropertyValueSpecification","valueRequired":true,"valueName":"search_term_string"}}],"inLanguage":"fr-BE"},{"@type":"Organization","@id":"https:\/\/orthodoxia.be\/#organization","name":"Orthodox Archdiocese of Belgium (Benelux)","url":"https:\/\/orthodoxia.be\/","logo":{"@type":"ImageObject","inLanguage":"fr-BE","@id":"https:\/\/orthodoxia.be\/#\/schema\/logo\/image\/","url":"https:\/\/orthodoxia.be\/wp-content\/uploads\/2024\/02\/cropped-IMB-logo-512-cl-1.png","contentUrl":"https:\/\/orthodoxia.be\/wp-content\/uploads\/2024\/02\/cropped-IMB-logo-512-cl-1.png","width":512,"height":512,"caption":"Orthodox Archdiocese of Belgium (Benelux)"},"image":{"@id":"https:\/\/orthodoxia.be\/#\/schema\/logo\/image\/"},"sameAs":["https:\/\/www.facebook.com\/orthobel","https:\/\/x.com\/orthobel","https:\/\/www.youtube.com\/c\/orthobel","https:\/\/www.mixcloud.com\/orthobel\/","https:\/\/www.flickr.com\/photos\/148264890@N07\/albums","https:\/\/www.dailymotion.com\/Orthobel"]},{"@type":"Person","@id":"https:\/\/orthodoxia.be\/#\/schema\/person\/4641c70600fbb1aac968996a0ef6d284","name":"\u0391\u03c1\u03c7\u03b5\u03af\u03bf \u03a3\u03c5\u03bd\u03b5\u03c1\u03b3\u03b1\u03c4\u03ce\u03bd","image":{"@type":"ImageObject","inLanguage":"fr-BE","@id":"https:\/\/orthodoxia.be\/#\/schema\/person\/image\/","url":"https:\/\/secure.gravatar.com\/avatar\/0bf791bec6a55758e3ee18a1fc90f09b?s=96&d=mm&r=g","contentUrl":"https:\/\/secure.gravatar.com\/avatar\/0bf791bec6a55758e3ee18a1fc90f09b?s=96&d=mm&r=g","caption":"\u0391\u03c1\u03c7\u03b5\u03af\u03bf \u03a3\u03c5\u03bd\u03b5\u03c1\u03b3\u03b1\u03c4\u03ce\u03bd"},"url":"https:\/\/orthodoxia.be\/fr\/author\/archives\/"}]}},"_links":{"self":[{"href":"https:\/\/orthodoxia.be\/fr\/wp-json\/wp\/v2\/posts\/31054","targetHints":{"allow":["GET"]}}],"collection":[{"href":"https:\/\/orthodoxia.be\/fr\/wp-json\/wp\/v2\/posts"}],"about":[{"href":"https:\/\/orthodoxia.be\/fr\/wp-json\/wp\/v2\/types\/post"}],"author":[{"embeddable":true,"href":"https:\/\/orthodoxia.be\/fr\/wp-json\/wp\/v2\/users\/12"}],"replies":[{"embeddable":true,"href":"https:\/\/orthodoxia.be\/fr\/wp-json\/wp\/v2\/comments?post=31054"}],"version-history":[{"count":2,"href":"https:\/\/orthodoxia.be\/fr\/wp-json\/wp\/v2\/posts\/31054\/revisions"}],"predecessor-version":[{"id":31056,"href":"https:\/\/orthodoxia.be\/fr\/wp-json\/wp\/v2\/posts\/31054\/revisions\/31056"}],"wp:featuredmedia":[{"embeddable":true,"href":"https:\/\/orthodoxia.be\/fr\/wp-json\/wp\/v2\/media\/31033"}],"wp:attachment":[{"href":"https:\/\/orthodoxia.be\/fr\/wp-json\/wp\/v2\/media?parent=31054"}],"wp:term":[{"taxonomy":"category","embeddable":true,"href":"https:\/\/orthodoxia.be\/fr\/wp-json\/wp\/v2\/categories?post=31054"},{"taxonomy":"post_tag","embeddable":true,"href":"https:\/\/orthodoxia.be\/fr\/wp-json\/wp\/v2\/tags?post=31054"}],"curies":[{"name":"wp","href":"https:\/\/api.w.org\/{rel}","templated":true}]}}