{"id":3122,"date":"2010-02-13T11:05:14","date_gmt":"2010-02-13T11:05:14","guid":{"rendered":"http:\/\/new.orthodoxia.be\/?p=3122"},"modified":"2017-11-21T12:20:12","modified_gmt":"2017-11-21T12:20:12","slug":"invitation","status":"publish","type":"post","link":"https:\/\/orthodoxia.be\/fr\/2010\/02\/13\/invitation\/","title":{"rendered":"INVITATION"},"content":{"rendered":"<h1 style=\"text-align: left;\"><b><span style=\"font-size: x-large;\">DIMANCHE DE L&#8217;ORTHODOXIE<\/span><\/b><\/h1>\n<h2><b><span style=\"font-size: large;\">CELEBRATION PANORTHODOXE EN LA CATHEDRALE ORTHODOXE A BRUXELLES<\/span><\/b><\/h2>\n<p>Pour la 29\u00e8me fois, le Dimanche de l\u2019Orthodoxie a \u00e9t\u00e9 marqu\u00e9 \u00e0 Bruxelles, cette ann\u00e9e, le 13 mars 2011, par le rassemblement de nombreux fid\u00e8les orthodoxes dans la Cath\u00e9drale Orthodoxe des Saints Archanges pour la Liturgie Eucharistique. Pr\u00e9sid\u00e9e par le M\u00e9tropolite PANTELEIMON de Belgique (Patriarcat Oecum\u00e9nique), entour\u00e9 de l&#8217;Archev\u00eaque SIMON (Patriarcat de Moscou), de l&#8217;Ev\u00eaque ATHENAGORAS de SInope (\u00e9v\u00eaque auxiliaire du M\u00e9tropolite de Belgique), de 14 pr\u00eatres et de 6 diacres, la liturgie fut chant\u00e9e en grec, slavon, serbe, roumain, bulgare, g\u00e9orgien, fran\u00e7ais et n\u00e9erlandais. Les chants \u00e9taient ex\u00e9cut\u00e9s par 4 chorales: la byzantine de la Cath\u00e9drale sous la direction de l&#8217;Archipr\u00eatre Stavros Triantafyllou (vicaire g\u00e9n\u00e9ral), la chorale interparoissiale dirig\u00e9e par Carlo Snauwaert (Bruges), la chorale de la paroisse orthodoxe Saint Nicolas (Bruxelles &#8211; Patriarcat de Roumanie) et la chorale de la paroisse Sainte Nino (Bruxelles &#8211; Patriarcat de G\u00e9orgie). Dans l\u2019assembl\u00e9e on remarqua encore des ambassadeurs des pays orthodoxes, ainsi que des repr\u00e9sentants militaires aupr\u00e8s de l&#8217;OTAN et le SHAPE; mais aussi les Archontes du Patriarcat Oecum\u00e9nique.<\/p>\n<p>L&#8217;hom\u00e9lie fut assur\u00e9e par l\u2019Archimandrite Ignatios Sotiriadis (Bureau de l&#8217;Eglise de Gr\u00e8ce aupr\u00e8s de l&#8217;Union Europ\u00e9enne) qui a parl\u00e9 sur la &#8220;foi des orthodoxes dans l&#8217;Europe contemporaine&#8221;.<\/p>\n<p>A l&#8217;issue de la c\u00e9l\u00e9bration eut lieu une procession avec les ic\u00f4nes et un office de comm\u00e9moration pour tous qui sont d\u00e9c\u00e9d\u00e9 pour la foi orthodoxe. Le M\u00e9tropolite PANTELEIMON a remerci\u00e9 les participants.<\/p>\n<p>Apr\u00e8s eut lieu une r\u00e9ception fraternelle dans la salle paroissiale \u00e0 c\u00f4t\u00e9 de la Cath\u00e9drale.<\/p>\n<p>Les pr\u00eatres et diacres conc\u00e9l\u00e9brants: Archimandrite Ignatios Sotiriadis (Bureau de l&#8217;Eglise de Gr\u00e8ce aupr\u00e8s de l&#8217;Union Europ\u00e9enne), les Economes Pius Pauwelyn (Courtrai) et Bernard Peckstadt (Bruges et Ostende), les Pr\u00eatres Dominique Verbeke (Gand), Jozef Moes (Eindhoven) et Athanase de Theux (Bruxelles), l&#8217;Archidiacre Emmanuel Mavrogiannakis (Bruxelles) et le Diacre Ciprian Popescu (Bruxelles) &#8211; tous du Patriarcat Oecum\u00e9nique &#8211; l&#8217;Archipr\u00eatre Alexandre Yavarouski (Leuven) et le Pr\u00eatre Serge Model (Bruxelles), le Protodiacre Alexandre Kurjatkin (Bruxelles) et les DIacres Igor Luchko (Leuven), Michael Lomax (Bruxelles) et Victor Yudin (Leuven) du Patriarcat de Moscou &#8211; Archipr\u00eatre Jakov Markovic (Bruxelles) du Patriarcat de Serbie &#8211; les P\u00e8res Patriciu Vlaicu (Bruxelles) et Bogdan (Bruxelles) du Patriarcat de Roumanie &#8211; Pr\u00eatre Dimitri Dimitrov (Bruxelles) du Patriarcat de Bulgarie &#8211; et l&#8217;Archimandrite Dosith\u00e9e (Bruxelles) du Patriarcat de G\u00e9orgie.<\/p>\n<p>On y notait aussi la pr\u00e9sence de M\u00e8re Maria et 2 soeurs du Monast\u00e8re Orthodoxe \u00e0 Asten (Pays-Bas).<\/p>\n<p>L&#8217;Eglise orthodoxe en Belgique rassemble, autour de cinq \u00e9v\u00eaques, une bonne cinqantaine de pr\u00eatres et quelques diacres, plus de 80.000 fid\u00e8les. Quarante-cinq paroisses (grecques, russes, ukrainiennes, serbe, roumaines, bulgare, g\u00e9orgiennes, mais aussi francophones et n\u00e9erlandophones) sont r\u00e9parties \u00e0 travers le pays. L&#8217;Eglise orthodoxe a \u00e9t\u00e9 reconnue par l&#8217;Etat belge en 1985, au m\u00eame titre que d&#8217;autres cultes officiels (catholique, protestant, anglican, isra\u00e9lite et musulman).<\/p>\n","protected":false},"excerpt":{"rendered":"<p>DIMANCHE DE L&#8217;ORTHODOXIE CELEBRATION PANORTHODOXE EN LA CATHEDRALE ORTHODOXE A BRUXELLES Pour la 29\u00e8me fois, le Dimanche de l\u2019Orthodoxie a \u00e9t\u00e9 marqu\u00e9 \u00e0 Bruxelles, cette ann\u00e9e, le 13 mars 2011, par le rassemblement de nombreux fid\u00e8les orthodoxes dans la Cath\u00e9drale Orthodoxe des Saints Archanges pour la Liturgie Eucharistique. Pr\u00e9sid\u00e9e par le M\u00e9tropolite PANTELEIMON de Belgique &hellip; <a href=\"https:\/\/orthodoxia.be\/fr\/2010\/02\/13\/invitation\/\">Continued<\/a><\/p>\n","protected":false},"author":12,"featured_media":0,"comment_status":"closed","ping_status":"closed","sticky":false,"template":"","format":"standard","meta":{"_acf_changed":false,"footnotes":""},"categories":[14,16],"tags":[],"class_list":["post-3122","post","type-post","status-publish","format-standard","hentry","category-actualite","category-communique"],"acf":[],"yoast_head":"<!-- This site is optimized with the Yoast SEO plugin v24.3 - https:\/\/yoast.com\/wordpress\/plugins\/seo\/ -->\n<title>INVITATION - Archev\u00each\u00e9 Orthodoxe de Belgique<\/title>\n<meta name=\"robots\" content=\"index, follow, max-snippet:-1, max-image-preview:large, max-video-preview:-1\" \/>\n<link rel=\"canonical\" href=\"https:\/\/orthodoxia.be\/fr\/2010\/02\/13\/invitation\/\" \/>\n<meta property=\"og:locale\" content=\"fr_FR\" \/>\n<meta property=\"og:type\" content=\"article\" \/>\n<meta property=\"og:title\" content=\"INVITATION - Archev\u00each\u00e9 Orthodoxe de Belgique\" \/>\n<meta property=\"og:description\" content=\"DIMANCHE DE L&#8217;ORTHODOXIE CELEBRATION PANORTHODOXE EN LA CATHEDRALE ORTHODOXE A BRUXELLES Pour la 29\u00e8me fois, le Dimanche de l\u2019Orthodoxie a \u00e9t\u00e9 marqu\u00e9 \u00e0 Bruxelles, cette ann\u00e9e, le 13 mars 2011, par le rassemblement de nombreux fid\u00e8les orthodoxes dans la Cath\u00e9drale Orthodoxe des Saints Archanges pour la Liturgie Eucharistique. Pr\u00e9sid\u00e9e par le M\u00e9tropolite PANTELEIMON de Belgique &hellip; Continued\" \/>\n<meta property=\"og:url\" content=\"https:\/\/orthodoxia.be\/fr\/2010\/02\/13\/invitation\/\" \/>\n<meta property=\"og:site_name\" content=\"Archev\u00each\u00e9 Orthodoxe de Belgique\" \/>\n<meta property=\"article:publisher\" content=\"https:\/\/www.facebook.com\/orthobel\" \/>\n<meta property=\"article:published_time\" content=\"2010-02-13T11:05:14+00:00\" \/>\n<meta property=\"article:modified_time\" content=\"2017-11-21T12:20:12+00:00\" \/>\n<meta property=\"og:image\" content=\"https:\/\/orthodoxia.be\/wp-content\/uploads\/2025\/02\/Orthobel.jpg\" \/>\n\t<meta property=\"og:image:width\" content=\"1200\" \/>\n\t<meta property=\"og:image:height\" content=\"675\" \/>\n\t<meta property=\"og:image:type\" content=\"image\/jpeg\" \/>\n<meta name=\"author\" content=\"\u0391\u03c1\u03c7\u03b5\u03af\u03bf \u03a3\u03c5\u03bd\u03b5\u03c1\u03b3\u03b1\u03c4\u03ce\u03bd\" \/>\n<meta name=\"twitter:card\" content=\"summary_large_image\" \/>\n<meta name=\"twitter:creator\" content=\"@orthobel\" \/>\n<meta name=\"twitter:site\" content=\"@orthobel\" \/>\n<meta name=\"twitter:label1\" content=\"\u00c9crit par\" \/>\n\t<meta name=\"twitter:data1\" content=\"\u0391\u03c1\u03c7\u03b5\u03af\u03bf \u03a3\u03c5\u03bd\u03b5\u03c1\u03b3\u03b1\u03c4\u03ce\u03bd\" \/>\n\t<meta name=\"twitter:label2\" content=\"Dur\u00e9e de lecture est.\" \/>\n\t<meta name=\"twitter:data2\" content=\"3 minutes\" \/>\n<script type=\"application\/ld+json\" class=\"yoast-schema-graph\">{\"@context\":\"https:\/\/schema.org\",\"@graph\":[{\"@type\":\"Article\",\"@id\":\"https:\/\/orthodoxia.be\/fr\/2010\/02\/13\/invitation\/#article\",\"isPartOf\":{\"@id\":\"https:\/\/orthodoxia.be\/fr\/2010\/02\/13\/invitation\/\"},\"author\":{\"name\":\"\u0391\u03c1\u03c7\u03b5\u03af\u03bf \u03a3\u03c5\u03bd\u03b5\u03c1\u03b3\u03b1\u03c4\u03ce\u03bd\",\"@id\":\"https:\/\/orthodoxia.be\/#\/schema\/person\/4641c70600fbb1aac968996a0ef6d284\"},\"headline\":\"INVITATION\",\"datePublished\":\"2010-02-13T11:05:14+00:00\",\"dateModified\":\"2017-11-21T12:20:12+00:00\",\"mainEntityOfPage\":{\"@id\":\"https:\/\/orthodoxia.be\/fr\/2010\/02\/13\/invitation\/\"},\"wordCount\":546,\"publisher\":{\"@id\":\"https:\/\/orthodoxia.be\/#organization\"},\"articleSection\":[\"Actualit\u00e9\",\"Communiqu\u00e9\"],\"inLanguage\":\"fr-BE\"},{\"@type\":\"WebPage\",\"@id\":\"https:\/\/orthodoxia.be\/fr\/2010\/02\/13\/invitation\/\",\"url\":\"https:\/\/orthodoxia.be\/fr\/2010\/02\/13\/invitation\/\",\"name\":\"INVITATION - Archev\u00each\u00e9 Orthodoxe de Belgique\",\"isPartOf\":{\"@id\":\"https:\/\/orthodoxia.be\/#website\"},\"datePublished\":\"2010-02-13T11:05:14+00:00\",\"dateModified\":\"2017-11-21T12:20:12+00:00\",\"breadcrumb\":{\"@id\":\"https:\/\/orthodoxia.be\/fr\/2010\/02\/13\/invitation\/#breadcrumb\"},\"inLanguage\":\"fr-BE\",\"potentialAction\":[{\"@type\":\"ReadAction\",\"target\":[\"https:\/\/orthodoxia.be\/fr\/2010\/02\/13\/invitation\/\"]}]},{\"@type\":\"BreadcrumbList\",\"@id\":\"https:\/\/orthodoxia.be\/fr\/2010\/02\/13\/invitation\/#breadcrumb\",\"itemListElement\":[{\"@type\":\"ListItem\",\"position\":1,\"name\":\"Home\",\"item\":\"https:\/\/orthodoxia.be\/fr\/\"},{\"@type\":\"ListItem\",\"position\":2,\"name\":\"INVITATION\"}]},{\"@type\":\"WebSite\",\"@id\":\"https:\/\/orthodoxia.be\/#website\",\"url\":\"https:\/\/orthodoxia.be\/\",\"name\":\"Orthodox Archdiocese of Belgium (Benelux)\",\"description\":\"Exarque des Pays-Bas et du Luxembourg\",\"publisher\":{\"@id\":\"https:\/\/orthodoxia.be\/#organization\"},\"alternateName\":\"IMB\",\"potentialAction\":[{\"@type\":\"SearchAction\",\"target\":{\"@type\":\"EntryPoint\",\"urlTemplate\":\"https:\/\/orthodoxia.be\/?s={search_term_string}\"},\"query-input\":{\"@type\":\"PropertyValueSpecification\",\"valueRequired\":true,\"valueName\":\"search_term_string\"}}],\"inLanguage\":\"fr-BE\"},{\"@type\":\"Organization\",\"@id\":\"https:\/\/orthodoxia.be\/#organization\",\"name\":\"Orthodox Archdiocese of Belgium (Benelux)\",\"url\":\"https:\/\/orthodoxia.be\/\",\"logo\":{\"@type\":\"ImageObject\",\"inLanguage\":\"fr-BE\",\"@id\":\"https:\/\/orthodoxia.be\/#\/schema\/logo\/image\/\",\"url\":\"https:\/\/orthodoxia.be\/wp-content\/uploads\/2024\/02\/cropped-IMB-logo-512-cl-1.png\",\"contentUrl\":\"https:\/\/orthodoxia.be\/wp-content\/uploads\/2024\/02\/cropped-IMB-logo-512-cl-1.png\",\"width\":512,\"height\":512,\"caption\":\"Orthodox Archdiocese of Belgium (Benelux)\"},\"image\":{\"@id\":\"https:\/\/orthodoxia.be\/#\/schema\/logo\/image\/\"},\"sameAs\":[\"https:\/\/www.facebook.com\/orthobel\",\"https:\/\/x.com\/orthobel\",\"https:\/\/www.youtube.com\/c\/orthobel\",\"https:\/\/www.mixcloud.com\/orthobel\/\",\"https:\/\/www.flickr.com\/photos\/148264890@N07\/albums\",\"https:\/\/www.dailymotion.com\/Orthobel\"]},{\"@type\":\"Person\",\"@id\":\"https:\/\/orthodoxia.be\/#\/schema\/person\/4641c70600fbb1aac968996a0ef6d284\",\"name\":\"\u0391\u03c1\u03c7\u03b5\u03af\u03bf \u03a3\u03c5\u03bd\u03b5\u03c1\u03b3\u03b1\u03c4\u03ce\u03bd\",\"image\":{\"@type\":\"ImageObject\",\"inLanguage\":\"fr-BE\",\"@id\":\"https:\/\/orthodoxia.be\/#\/schema\/person\/image\/\",\"url\":\"https:\/\/secure.gravatar.com\/avatar\/0bf791bec6a55758e3ee18a1fc90f09b?s=96&d=mm&r=g\",\"contentUrl\":\"https:\/\/secure.gravatar.com\/avatar\/0bf791bec6a55758e3ee18a1fc90f09b?s=96&d=mm&r=g\",\"caption\":\"\u0391\u03c1\u03c7\u03b5\u03af\u03bf \u03a3\u03c5\u03bd\u03b5\u03c1\u03b3\u03b1\u03c4\u03ce\u03bd\"},\"url\":\"https:\/\/orthodoxia.be\/fr\/author\/archives\/\"}]}<\/script>\n<!-- \/ Yoast SEO plugin. -->","yoast_head_json":{"title":"INVITATION - Archev\u00each\u00e9 Orthodoxe de Belgique","robots":{"index":"index","follow":"follow","max-snippet":"max-snippet:-1","max-image-preview":"max-image-preview:large","max-video-preview":"max-video-preview:-1"},"canonical":"https:\/\/orthodoxia.be\/fr\/2010\/02\/13\/invitation\/","og_locale":"fr_FR","og_type":"article","og_title":"INVITATION - Archev\u00each\u00e9 Orthodoxe de Belgique","og_description":"DIMANCHE DE L&#8217;ORTHODOXIE CELEBRATION PANORTHODOXE EN LA CATHEDRALE ORTHODOXE A BRUXELLES Pour la 29\u00e8me fois, le Dimanche de l\u2019Orthodoxie a \u00e9t\u00e9 marqu\u00e9 \u00e0 Bruxelles, cette ann\u00e9e, le 13 mars 2011, par le rassemblement de nombreux fid\u00e8les orthodoxes dans la Cath\u00e9drale Orthodoxe des Saints Archanges pour la Liturgie Eucharistique. Pr\u00e9sid\u00e9e par le M\u00e9tropolite PANTELEIMON de Belgique &hellip; Continued","og_url":"https:\/\/orthodoxia.be\/fr\/2010\/02\/13\/invitation\/","og_site_name":"Archev\u00each\u00e9 Orthodoxe de Belgique","article_publisher":"https:\/\/www.facebook.com\/orthobel","article_published_time":"2010-02-13T11:05:14+00:00","article_modified_time":"2017-11-21T12:20:12+00:00","og_image":[{"width":1200,"height":675,"url":"https:\/\/orthodoxia.be\/wp-content\/uploads\/2025\/02\/Orthobel.jpg","type":"image\/jpeg"}],"author":"\u0391\u03c1\u03c7\u03b5\u03af\u03bf \u03a3\u03c5\u03bd\u03b5\u03c1\u03b3\u03b1\u03c4\u03ce\u03bd","twitter_card":"summary_large_image","twitter_creator":"@orthobel","twitter_site":"@orthobel","twitter_misc":{"\u00c9crit par":"\u0391\u03c1\u03c7\u03b5\u03af\u03bf \u03a3\u03c5\u03bd\u03b5\u03c1\u03b3\u03b1\u03c4\u03ce\u03bd","Dur\u00e9e de lecture est.":"3 minutes"},"schema":{"@context":"https:\/\/schema.org","@graph":[{"@type":"Article","@id":"https:\/\/orthodoxia.be\/fr\/2010\/02\/13\/invitation\/#article","isPartOf":{"@id":"https:\/\/orthodoxia.be\/fr\/2010\/02\/13\/invitation\/"},"author":{"name":"\u0391\u03c1\u03c7\u03b5\u03af\u03bf \u03a3\u03c5\u03bd\u03b5\u03c1\u03b3\u03b1\u03c4\u03ce\u03bd","@id":"https:\/\/orthodoxia.be\/#\/schema\/person\/4641c70600fbb1aac968996a0ef6d284"},"headline":"INVITATION","datePublished":"2010-02-13T11:05:14+00:00","dateModified":"2017-11-21T12:20:12+00:00","mainEntityOfPage":{"@id":"https:\/\/orthodoxia.be\/fr\/2010\/02\/13\/invitation\/"},"wordCount":546,"publisher":{"@id":"https:\/\/orthodoxia.be\/#organization"},"articleSection":["Actualit\u00e9","Communiqu\u00e9"],"inLanguage":"fr-BE"},{"@type":"WebPage","@id":"https:\/\/orthodoxia.be\/fr\/2010\/02\/13\/invitation\/","url":"https:\/\/orthodoxia.be\/fr\/2010\/02\/13\/invitation\/","name":"INVITATION - Archev\u00each\u00e9 Orthodoxe de Belgique","isPartOf":{"@id":"https:\/\/orthodoxia.be\/#website"},"datePublished":"2010-02-13T11:05:14+00:00","dateModified":"2017-11-21T12:20:12+00:00","breadcrumb":{"@id":"https:\/\/orthodoxia.be\/fr\/2010\/02\/13\/invitation\/#breadcrumb"},"inLanguage":"fr-BE","potentialAction":[{"@type":"ReadAction","target":["https:\/\/orthodoxia.be\/fr\/2010\/02\/13\/invitation\/"]}]},{"@type":"BreadcrumbList","@id":"https:\/\/orthodoxia.be\/fr\/2010\/02\/13\/invitation\/#breadcrumb","itemListElement":[{"@type":"ListItem","position":1,"name":"Home","item":"https:\/\/orthodoxia.be\/fr\/"},{"@type":"ListItem","position":2,"name":"INVITATION"}]},{"@type":"WebSite","@id":"https:\/\/orthodoxia.be\/#website","url":"https:\/\/orthodoxia.be\/","name":"Orthodox Archdiocese of Belgium (Benelux)","description":"Exarque des Pays-Bas et du Luxembourg","publisher":{"@id":"https:\/\/orthodoxia.be\/#organization"},"alternateName":"IMB","potentialAction":[{"@type":"SearchAction","target":{"@type":"EntryPoint","urlTemplate":"https:\/\/orthodoxia.be\/?s={search_term_string}"},"query-input":{"@type":"PropertyValueSpecification","valueRequired":true,"valueName":"search_term_string"}}],"inLanguage":"fr-BE"},{"@type":"Organization","@id":"https:\/\/orthodoxia.be\/#organization","name":"Orthodox Archdiocese of Belgium (Benelux)","url":"https:\/\/orthodoxia.be\/","logo":{"@type":"ImageObject","inLanguage":"fr-BE","@id":"https:\/\/orthodoxia.be\/#\/schema\/logo\/image\/","url":"https:\/\/orthodoxia.be\/wp-content\/uploads\/2024\/02\/cropped-IMB-logo-512-cl-1.png","contentUrl":"https:\/\/orthodoxia.be\/wp-content\/uploads\/2024\/02\/cropped-IMB-logo-512-cl-1.png","width":512,"height":512,"caption":"Orthodox Archdiocese of Belgium (Benelux)"},"image":{"@id":"https:\/\/orthodoxia.be\/#\/schema\/logo\/image\/"},"sameAs":["https:\/\/www.facebook.com\/orthobel","https:\/\/x.com\/orthobel","https:\/\/www.youtube.com\/c\/orthobel","https:\/\/www.mixcloud.com\/orthobel\/","https:\/\/www.flickr.com\/photos\/148264890@N07\/albums","https:\/\/www.dailymotion.com\/Orthobel"]},{"@type":"Person","@id":"https:\/\/orthodoxia.be\/#\/schema\/person\/4641c70600fbb1aac968996a0ef6d284","name":"\u0391\u03c1\u03c7\u03b5\u03af\u03bf \u03a3\u03c5\u03bd\u03b5\u03c1\u03b3\u03b1\u03c4\u03ce\u03bd","image":{"@type":"ImageObject","inLanguage":"fr-BE","@id":"https:\/\/orthodoxia.be\/#\/schema\/person\/image\/","url":"https:\/\/secure.gravatar.com\/avatar\/0bf791bec6a55758e3ee18a1fc90f09b?s=96&d=mm&r=g","contentUrl":"https:\/\/secure.gravatar.com\/avatar\/0bf791bec6a55758e3ee18a1fc90f09b?s=96&d=mm&r=g","caption":"\u0391\u03c1\u03c7\u03b5\u03af\u03bf \u03a3\u03c5\u03bd\u03b5\u03c1\u03b3\u03b1\u03c4\u03ce\u03bd"},"url":"https:\/\/orthodoxia.be\/fr\/author\/archives\/"}]}},"_links":{"self":[{"href":"https:\/\/orthodoxia.be\/fr\/wp-json\/wp\/v2\/posts\/3122","targetHints":{"allow":["GET"]}}],"collection":[{"href":"https:\/\/orthodoxia.be\/fr\/wp-json\/wp\/v2\/posts"}],"about":[{"href":"https:\/\/orthodoxia.be\/fr\/wp-json\/wp\/v2\/types\/post"}],"author":[{"embeddable":true,"href":"https:\/\/orthodoxia.be\/fr\/wp-json\/wp\/v2\/users\/12"}],"replies":[{"embeddable":true,"href":"https:\/\/orthodoxia.be\/fr\/wp-json\/wp\/v2\/comments?post=3122"}],"version-history":[{"count":1,"href":"https:\/\/orthodoxia.be\/fr\/wp-json\/wp\/v2\/posts\/3122\/revisions"}],"predecessor-version":[{"id":3123,"href":"https:\/\/orthodoxia.be\/fr\/wp-json\/wp\/v2\/posts\/3122\/revisions\/3123"}],"wp:attachment":[{"href":"https:\/\/orthodoxia.be\/fr\/wp-json\/wp\/v2\/media?parent=3122"}],"wp:term":[{"taxonomy":"category","embeddable":true,"href":"https:\/\/orthodoxia.be\/fr\/wp-json\/wp\/v2\/categories?post=3122"},{"taxonomy":"post_tag","embeddable":true,"href":"https:\/\/orthodoxia.be\/fr\/wp-json\/wp\/v2\/tags?post=3122"}],"curies":[{"name":"wp","href":"https:\/\/api.w.org\/{rel}","templated":true}]}}