{"id":3145,"date":"2010-02-27T10:33:35","date_gmt":"2010-02-27T10:33:35","guid":{"rendered":"http:\/\/new.orthodoxia.be\/?p=3145"},"modified":"2017-11-21T12:19:47","modified_gmt":"2017-11-21T12:19:47","slug":"commemoration-nationale-pour-victimes-de-laccident-ferroviaire","status":"publish","type":"post","link":"https:\/\/orthodoxia.be\/fr\/2010\/02\/27\/commemoration-nationale-pour-victimes-de-laccident-ferroviaire\/","title":{"rendered":"COMMEMORATION NATIONALE POUR VICTIMES DE L\u2019ACCIDENT FERROVIAIRE"},"content":{"rendered":"<p>Bruxelles (27 f\u00e9vrvier 2010) &#8211; Une comm\u00e9moration nationale pour les victimes de l&#8217;accident ferroviaire survenu le 15 f\u00e9vrier \u00e0 Buizingen s&#8217;est d\u00e9roul\u00e9e au Palais des Beaux-Arts \u00e0 Bruxelles, \u00e0 l&#8217;initiative du gouvernement f\u00e9d\u00e9ral. Le Prince Philippe, Premier Yves Leterme et les diff\u00e9rentes personnalit\u00e9s du pays ont notamment assist\u00e9 \u00e0 cette c\u00e9r\u00e9monie aux c\u00f4t\u00e9s des familles des victimes et des services de secours qui ont aid\u00e9 les voyageurs lors de la collision le 15 f\u00e9vrier.<\/p>\n<p>Le discours du Premier-Ministre Yves Leterme<br \/>\nLe chef du gouvernement a \u00e9voqu\u00e9 dans un discours les vers d&#8217;un po\u00e8me de feu Paul Eluard \u00e9crits apr\u00e8s le d\u00e9c\u00e8s tragique de son \u00e9pouse en 1946. &#8220;Mon amour si l\u00e9ger prend le poids d&#8217;un supplice&#8221;, a \u00e9nonc\u00e9 Yves Leterme lors de quelques mots d&#8217;introduction. &#8220;J&#8217;\u00e9tais si pr\u00e8s de toi que j&#8217;ai froid pr\u00e8s des autres&#8221;, a-t-il conclu. S&#8217;adressant \u00e0 un parterre laiss\u00e9 quasi vide par les proches des victimes, le Premier ministre a soulign\u00e9 que si les mots faisaient d\u00e9faut dans ce genre d&#8217;\u00e9v\u00e9nements, et ne peuvent gu\u00e9rir les blessures, ils peuvent &#8220;consoler et r\u00e9chauffer les coeurs&#8221;.<br \/>\nYves Leterme a remerci\u00e9 le travail des sauveteurs, des services de secours et de s\u00e9curit\u00e9, les travailleurs du rail et tous ceux qui sont intervenus le 15 f\u00e9vrier.<\/p>\n<p>Ponctu\u00e9e d&#8217;interm\u00e8des musicaux interpr\u00e9t\u00e9s par la musique royale des guides, les discours se succ\u00e9daient samedi matin, les repr\u00e9sentants de la la\u00efcit\u00e9 et des cultes musulman, isra\u00e9lite, protestant, orthodoxe et catholique intervenant dans la foul\u00e9e du premier ministre. C&#8217;est Son Eminence le M\u00e9tropolite Panteleimon de Belgique, repr\u00e9sentant officiel du culte orthodoxe, qui y prena la parole. Le gouverneur du Brabant flamand Lodewijk De Witte sera le dernier orateur \u00e0 s&#8217;exprimer.<\/p>\n<p>La classe politique pr\u00e9sente en nombre&#8230;<br \/>\nLa classe politique a fait le d\u00e9placement en nombre samedi \u00e0 Bruxelles. Outre les ministres-pr\u00e9sidents, les pr\u00e9sidents d&#8217;assembl\u00e9e et les pr\u00e9sidents de partis sont \u00e9galement pr\u00e9sents pour dont le pr\u00e9sident du PS, Elio Di Rupo, bourgmestre de Mons dont la r\u00e9gion a \u00e9t\u00e9 particuli\u00e8rement touch\u00e9e par l&#8217;\u00e9v\u00e9nement. Les repr\u00e9sentants des cultes et de l&#8217;action la\u00efque marquent cette c\u00e9r\u00e9monie de leur pr\u00e9sence. Les patrons du rail ont \u00e9galement rejoint le Palais des Beaux-Arts o\u00f9 se trouvent les \u00e9quipes de secours intervenues \u00e0 Hal.<\/p>\n<p>&#8230;contrairement aux proches des victimes<br \/>\nEn revanche, moins de cent personnes parmi les proches de victimes sur les 680 invit\u00e9es ont pris place sur les si\u00e8ges. Ils n&#8217;ont pas cach\u00e9 leur \u00e9motion et leur col\u00e8re ces derniers jours. Faisant l&#8217;objet d&#8217;une enqu\u00eate judiciaire, l&#8217;origine de cet accident, l&#8217;un des pires de l&#8217;histoire du chemin de fer belge, n&#8217;est pas encore connue m\u00eame si l&#8217;on a \u00e9voqu\u00e9 la possibilit\u00e9 du franchissement d&#8217;un feu rouge par l&#8217;un des deux trains qui se sont percut\u00e9s de front. La catastrophe de Hal a suscit\u00e9 un d\u00e9bat politique sur la s\u00e9curit\u00e9 du rail, qui trouvera un prolongement moyennant la mise sur pied d&#8217;une Commission sp\u00e9ciale \u00e0 la Chambre.<\/p>\n<p>&nbsp;<\/p>\n","protected":false},"excerpt":{"rendered":"<p>Bruxelles (27 f\u00e9vrvier 2010) &#8211; Une comm\u00e9moration nationale pour les victimes de l&#8217;accident ferroviaire survenu le 15 f\u00e9vrier \u00e0 Buizingen s&#8217;est d\u00e9roul\u00e9e au Palais des Beaux-Arts \u00e0 Bruxelles, \u00e0 l&#8217;initiative du gouvernement f\u00e9d\u00e9ral. Le Prince Philippe, Premier Yves Leterme et les diff\u00e9rentes personnalit\u00e9s du pays ont notamment assist\u00e9 \u00e0 cette c\u00e9r\u00e9monie aux c\u00f4t\u00e9s des familles &hellip; <a href=\"https:\/\/orthodoxia.be\/fr\/2010\/02\/27\/commemoration-nationale-pour-victimes-de-laccident-ferroviaire\/\">Continued<\/a><\/p>\n","protected":false},"author":12,"featured_media":3147,"comment_status":"open","ping_status":"open","sticky":false,"template":"","format":"standard","meta":{"_acf_changed":false,"footnotes":""},"categories":[14,16],"tags":[],"class_list":["post-3145","post","type-post","status-publish","format-standard","has-post-thumbnail","hentry","category-actualite","category-communique"],"acf":[],"yoast_head":"<!-- This site is optimized with the Yoast SEO plugin v24.3 - https:\/\/yoast.com\/wordpress\/plugins\/seo\/ -->\n<title>COMMEMORATION NATIONALE POUR VICTIMES DE L&#039;ACCIDENT FERROVIAIRE - Archev\u00each\u00e9 Orthodoxe de Belgique<\/title>\n<meta name=\"robots\" content=\"index, follow, max-snippet:-1, max-image-preview:large, max-video-preview:-1\" \/>\n<link rel=\"canonical\" href=\"https:\/\/orthodoxia.be\/fr\/2010\/02\/27\/commemoration-nationale-pour-victimes-de-laccident-ferroviaire\/\" \/>\n<meta property=\"og:locale\" content=\"fr_FR\" \/>\n<meta property=\"og:type\" content=\"article\" \/>\n<meta property=\"og:title\" content=\"COMMEMORATION NATIONALE POUR VICTIMES DE L&#039;ACCIDENT FERROVIAIRE - Archev\u00each\u00e9 Orthodoxe de Belgique\" \/>\n<meta property=\"og:description\" content=\"Bruxelles (27 f\u00e9vrvier 2010) &#8211; Une comm\u00e9moration nationale pour les victimes de l&#8217;accident ferroviaire survenu le 15 f\u00e9vrier \u00e0 Buizingen s&#8217;est d\u00e9roul\u00e9e au Palais des Beaux-Arts \u00e0 Bruxelles, \u00e0 l&#8217;initiative du gouvernement f\u00e9d\u00e9ral. Le Prince Philippe, Premier Yves Leterme et les diff\u00e9rentes personnalit\u00e9s du pays ont notamment assist\u00e9 \u00e0 cette c\u00e9r\u00e9monie aux c\u00f4t\u00e9s des familles &hellip; Continued\" \/>\n<meta property=\"og:url\" content=\"https:\/\/orthodoxia.be\/fr\/2010\/02\/27\/commemoration-nationale-pour-victimes-de-laccident-ferroviaire\/\" \/>\n<meta property=\"og:site_name\" content=\"Archev\u00each\u00e9 Orthodoxe de Belgique\" \/>\n<meta property=\"article:publisher\" content=\"https:\/\/www.facebook.com\/orthobel\" \/>\n<meta property=\"article:published_time\" content=\"2010-02-27T10:33:35+00:00\" \/>\n<meta property=\"article:modified_time\" content=\"2017-11-21T12:19:47+00:00\" \/>\n<meta property=\"og:image\" content=\"https:\/\/orthodoxia.be\/wp-content\/uploads\/2010\/02\/Treinramp_01.jpg\" \/>\n\t<meta property=\"og:image:width\" content=\"568\" \/>\n\t<meta property=\"og:image:height\" content=\"372\" \/>\n\t<meta property=\"og:image:type\" content=\"image\/jpeg\" \/>\n<meta name=\"author\" content=\"\u0391\u03c1\u03c7\u03b5\u03af\u03bf \u03a3\u03c5\u03bd\u03b5\u03c1\u03b3\u03b1\u03c4\u03ce\u03bd\" \/>\n<meta name=\"twitter:card\" content=\"summary_large_image\" \/>\n<meta name=\"twitter:creator\" content=\"@orthobel\" \/>\n<meta name=\"twitter:site\" content=\"@orthobel\" \/>\n<meta name=\"twitter:label1\" content=\"\u00c9crit par\" \/>\n\t<meta name=\"twitter:data1\" content=\"\u0391\u03c1\u03c7\u03b5\u03af\u03bf \u03a3\u03c5\u03bd\u03b5\u03c1\u03b3\u03b1\u03c4\u03ce\u03bd\" \/>\n\t<meta name=\"twitter:label2\" content=\"Dur\u00e9e de lecture est.\" \/>\n\t<meta name=\"twitter:data2\" content=\"3 minutes\" \/>\n<script type=\"application\/ld+json\" class=\"yoast-schema-graph\">{\"@context\":\"https:\/\/schema.org\",\"@graph\":[{\"@type\":\"Article\",\"@id\":\"https:\/\/orthodoxia.be\/fr\/2010\/02\/27\/commemoration-nationale-pour-victimes-de-laccident-ferroviaire\/#article\",\"isPartOf\":{\"@id\":\"https:\/\/orthodoxia.be\/fr\/2010\/02\/27\/commemoration-nationale-pour-victimes-de-laccident-ferroviaire\/\"},\"author\":{\"name\":\"\u0391\u03c1\u03c7\u03b5\u03af\u03bf \u03a3\u03c5\u03bd\u03b5\u03c1\u03b3\u03b1\u03c4\u03ce\u03bd\",\"@id\":\"https:\/\/orthodoxia.be\/#\/schema\/person\/4641c70600fbb1aac968996a0ef6d284\"},\"headline\":\"COMMEMORATION NATIONALE POUR VICTIMES DE L\u2019ACCIDENT FERROVIAIRE\",\"datePublished\":\"2010-02-27T10:33:35+00:00\",\"dateModified\":\"2017-11-21T12:19:47+00:00\",\"mainEntityOfPage\":{\"@id\":\"https:\/\/orthodoxia.be\/fr\/2010\/02\/27\/commemoration-nationale-pour-victimes-de-laccident-ferroviaire\/\"},\"wordCount\":560,\"commentCount\":0,\"publisher\":{\"@id\":\"https:\/\/orthodoxia.be\/#organization\"},\"image\":{\"@id\":\"https:\/\/orthodoxia.be\/fr\/2010\/02\/27\/commemoration-nationale-pour-victimes-de-laccident-ferroviaire\/#primaryimage\"},\"thumbnailUrl\":\"https:\/\/orthodoxia.be\/wp-content\/uploads\/2010\/02\/Treinramp_01.jpg\",\"articleSection\":[\"Actualit\u00e9\",\"Communiqu\u00e9\"],\"inLanguage\":\"fr-BE\",\"potentialAction\":[{\"@type\":\"CommentAction\",\"name\":\"Comment\",\"target\":[\"https:\/\/orthodoxia.be\/fr\/2010\/02\/27\/commemoration-nationale-pour-victimes-de-laccident-ferroviaire\/#respond\"]}]},{\"@type\":\"WebPage\",\"@id\":\"https:\/\/orthodoxia.be\/fr\/2010\/02\/27\/commemoration-nationale-pour-victimes-de-laccident-ferroviaire\/\",\"url\":\"https:\/\/orthodoxia.be\/fr\/2010\/02\/27\/commemoration-nationale-pour-victimes-de-laccident-ferroviaire\/\",\"name\":\"COMMEMORATION NATIONALE POUR VICTIMES DE L'ACCIDENT FERROVIAIRE - Archev\u00each\u00e9 Orthodoxe de Belgique\",\"isPartOf\":{\"@id\":\"https:\/\/orthodoxia.be\/#website\"},\"primaryImageOfPage\":{\"@id\":\"https:\/\/orthodoxia.be\/fr\/2010\/02\/27\/commemoration-nationale-pour-victimes-de-laccident-ferroviaire\/#primaryimage\"},\"image\":{\"@id\":\"https:\/\/orthodoxia.be\/fr\/2010\/02\/27\/commemoration-nationale-pour-victimes-de-laccident-ferroviaire\/#primaryimage\"},\"thumbnailUrl\":\"https:\/\/orthodoxia.be\/wp-content\/uploads\/2010\/02\/Treinramp_01.jpg\",\"datePublished\":\"2010-02-27T10:33:35+00:00\",\"dateModified\":\"2017-11-21T12:19:47+00:00\",\"breadcrumb\":{\"@id\":\"https:\/\/orthodoxia.be\/fr\/2010\/02\/27\/commemoration-nationale-pour-victimes-de-laccident-ferroviaire\/#breadcrumb\"},\"inLanguage\":\"fr-BE\",\"potentialAction\":[{\"@type\":\"ReadAction\",\"target\":[\"https:\/\/orthodoxia.be\/fr\/2010\/02\/27\/commemoration-nationale-pour-victimes-de-laccident-ferroviaire\/\"]}]},{\"@type\":\"ImageObject\",\"inLanguage\":\"fr-BE\",\"@id\":\"https:\/\/orthodoxia.be\/fr\/2010\/02\/27\/commemoration-nationale-pour-victimes-de-laccident-ferroviaire\/#primaryimage\",\"url\":\"https:\/\/orthodoxia.be\/wp-content\/uploads\/2010\/02\/Treinramp_01.jpg\",\"contentUrl\":\"https:\/\/orthodoxia.be\/wp-content\/uploads\/2010\/02\/Treinramp_01.jpg\",\"width\":568,\"height\":372},{\"@type\":\"BreadcrumbList\",\"@id\":\"https:\/\/orthodoxia.be\/fr\/2010\/02\/27\/commemoration-nationale-pour-victimes-de-laccident-ferroviaire\/#breadcrumb\",\"itemListElement\":[{\"@type\":\"ListItem\",\"position\":1,\"name\":\"Home\",\"item\":\"https:\/\/orthodoxia.be\/fr\/\"},{\"@type\":\"ListItem\",\"position\":2,\"name\":\"COMMEMORATION NATIONALE POUR VICTIMES DE L&#8217;ACCIDENT FERROVIAIRE\"}]},{\"@type\":\"WebSite\",\"@id\":\"https:\/\/orthodoxia.be\/#website\",\"url\":\"https:\/\/orthodoxia.be\/\",\"name\":\"Orthodox Archdiocese of Belgium (Benelux)\",\"description\":\"Exarque des Pays-Bas et du Luxembourg\",\"publisher\":{\"@id\":\"https:\/\/orthodoxia.be\/#organization\"},\"alternateName\":\"IMB\",\"potentialAction\":[{\"@type\":\"SearchAction\",\"target\":{\"@type\":\"EntryPoint\",\"urlTemplate\":\"https:\/\/orthodoxia.be\/?s={search_term_string}\"},\"query-input\":{\"@type\":\"PropertyValueSpecification\",\"valueRequired\":true,\"valueName\":\"search_term_string\"}}],\"inLanguage\":\"fr-BE\"},{\"@type\":\"Organization\",\"@id\":\"https:\/\/orthodoxia.be\/#organization\",\"name\":\"Orthodox Archdiocese of Belgium (Benelux)\",\"url\":\"https:\/\/orthodoxia.be\/\",\"logo\":{\"@type\":\"ImageObject\",\"inLanguage\":\"fr-BE\",\"@id\":\"https:\/\/orthodoxia.be\/#\/schema\/logo\/image\/\",\"url\":\"https:\/\/orthodoxia.be\/wp-content\/uploads\/2024\/02\/cropped-IMB-logo-512-cl-1.png\",\"contentUrl\":\"https:\/\/orthodoxia.be\/wp-content\/uploads\/2024\/02\/cropped-IMB-logo-512-cl-1.png\",\"width\":512,\"height\":512,\"caption\":\"Orthodox Archdiocese of Belgium (Benelux)\"},\"image\":{\"@id\":\"https:\/\/orthodoxia.be\/#\/schema\/logo\/image\/\"},\"sameAs\":[\"https:\/\/www.facebook.com\/orthobel\",\"https:\/\/x.com\/orthobel\",\"https:\/\/www.youtube.com\/c\/orthobel\",\"https:\/\/www.mixcloud.com\/orthobel\/\",\"https:\/\/www.flickr.com\/photos\/148264890@N07\/albums\",\"https:\/\/www.dailymotion.com\/Orthobel\"]},{\"@type\":\"Person\",\"@id\":\"https:\/\/orthodoxia.be\/#\/schema\/person\/4641c70600fbb1aac968996a0ef6d284\",\"name\":\"\u0391\u03c1\u03c7\u03b5\u03af\u03bf \u03a3\u03c5\u03bd\u03b5\u03c1\u03b3\u03b1\u03c4\u03ce\u03bd\",\"image\":{\"@type\":\"ImageObject\",\"inLanguage\":\"fr-BE\",\"@id\":\"https:\/\/orthodoxia.be\/#\/schema\/person\/image\/\",\"url\":\"https:\/\/secure.gravatar.com\/avatar\/0bf791bec6a55758e3ee18a1fc90f09b?s=96&d=mm&r=g\",\"contentUrl\":\"https:\/\/secure.gravatar.com\/avatar\/0bf791bec6a55758e3ee18a1fc90f09b?s=96&d=mm&r=g\",\"caption\":\"\u0391\u03c1\u03c7\u03b5\u03af\u03bf \u03a3\u03c5\u03bd\u03b5\u03c1\u03b3\u03b1\u03c4\u03ce\u03bd\"},\"url\":\"https:\/\/orthodoxia.be\/fr\/author\/archives\/\"}]}<\/script>\n<!-- \/ Yoast SEO plugin. -->","yoast_head_json":{"title":"COMMEMORATION NATIONALE POUR VICTIMES DE L'ACCIDENT FERROVIAIRE - Archev\u00each\u00e9 Orthodoxe de Belgique","robots":{"index":"index","follow":"follow","max-snippet":"max-snippet:-1","max-image-preview":"max-image-preview:large","max-video-preview":"max-video-preview:-1"},"canonical":"https:\/\/orthodoxia.be\/fr\/2010\/02\/27\/commemoration-nationale-pour-victimes-de-laccident-ferroviaire\/","og_locale":"fr_FR","og_type":"article","og_title":"COMMEMORATION NATIONALE POUR VICTIMES DE L'ACCIDENT FERROVIAIRE - Archev\u00each\u00e9 Orthodoxe de Belgique","og_description":"Bruxelles (27 f\u00e9vrvier 2010) &#8211; Une comm\u00e9moration nationale pour les victimes de l&#8217;accident ferroviaire survenu le 15 f\u00e9vrier \u00e0 Buizingen s&#8217;est d\u00e9roul\u00e9e au Palais des Beaux-Arts \u00e0 Bruxelles, \u00e0 l&#8217;initiative du gouvernement f\u00e9d\u00e9ral. Le Prince Philippe, Premier Yves Leterme et les diff\u00e9rentes personnalit\u00e9s du pays ont notamment assist\u00e9 \u00e0 cette c\u00e9r\u00e9monie aux c\u00f4t\u00e9s des familles &hellip; Continued","og_url":"https:\/\/orthodoxia.be\/fr\/2010\/02\/27\/commemoration-nationale-pour-victimes-de-laccident-ferroviaire\/","og_site_name":"Archev\u00each\u00e9 Orthodoxe de Belgique","article_publisher":"https:\/\/www.facebook.com\/orthobel","article_published_time":"2010-02-27T10:33:35+00:00","article_modified_time":"2017-11-21T12:19:47+00:00","og_image":[{"width":568,"height":372,"url":"https:\/\/orthodoxia.be\/wp-content\/uploads\/2010\/02\/Treinramp_01.jpg","type":"image\/jpeg"}],"author":"\u0391\u03c1\u03c7\u03b5\u03af\u03bf \u03a3\u03c5\u03bd\u03b5\u03c1\u03b3\u03b1\u03c4\u03ce\u03bd","twitter_card":"summary_large_image","twitter_creator":"@orthobel","twitter_site":"@orthobel","twitter_misc":{"\u00c9crit par":"\u0391\u03c1\u03c7\u03b5\u03af\u03bf \u03a3\u03c5\u03bd\u03b5\u03c1\u03b3\u03b1\u03c4\u03ce\u03bd","Dur\u00e9e de lecture est.":"3 minutes"},"schema":{"@context":"https:\/\/schema.org","@graph":[{"@type":"Article","@id":"https:\/\/orthodoxia.be\/fr\/2010\/02\/27\/commemoration-nationale-pour-victimes-de-laccident-ferroviaire\/#article","isPartOf":{"@id":"https:\/\/orthodoxia.be\/fr\/2010\/02\/27\/commemoration-nationale-pour-victimes-de-laccident-ferroviaire\/"},"author":{"name":"\u0391\u03c1\u03c7\u03b5\u03af\u03bf \u03a3\u03c5\u03bd\u03b5\u03c1\u03b3\u03b1\u03c4\u03ce\u03bd","@id":"https:\/\/orthodoxia.be\/#\/schema\/person\/4641c70600fbb1aac968996a0ef6d284"},"headline":"COMMEMORATION NATIONALE POUR VICTIMES DE L\u2019ACCIDENT FERROVIAIRE","datePublished":"2010-02-27T10:33:35+00:00","dateModified":"2017-11-21T12:19:47+00:00","mainEntityOfPage":{"@id":"https:\/\/orthodoxia.be\/fr\/2010\/02\/27\/commemoration-nationale-pour-victimes-de-laccident-ferroviaire\/"},"wordCount":560,"commentCount":0,"publisher":{"@id":"https:\/\/orthodoxia.be\/#organization"},"image":{"@id":"https:\/\/orthodoxia.be\/fr\/2010\/02\/27\/commemoration-nationale-pour-victimes-de-laccident-ferroviaire\/#primaryimage"},"thumbnailUrl":"https:\/\/orthodoxia.be\/wp-content\/uploads\/2010\/02\/Treinramp_01.jpg","articleSection":["Actualit\u00e9","Communiqu\u00e9"],"inLanguage":"fr-BE","potentialAction":[{"@type":"CommentAction","name":"Comment","target":["https:\/\/orthodoxia.be\/fr\/2010\/02\/27\/commemoration-nationale-pour-victimes-de-laccident-ferroviaire\/#respond"]}]},{"@type":"WebPage","@id":"https:\/\/orthodoxia.be\/fr\/2010\/02\/27\/commemoration-nationale-pour-victimes-de-laccident-ferroviaire\/","url":"https:\/\/orthodoxia.be\/fr\/2010\/02\/27\/commemoration-nationale-pour-victimes-de-laccident-ferroviaire\/","name":"COMMEMORATION NATIONALE POUR VICTIMES DE L'ACCIDENT FERROVIAIRE - Archev\u00each\u00e9 Orthodoxe de Belgique","isPartOf":{"@id":"https:\/\/orthodoxia.be\/#website"},"primaryImageOfPage":{"@id":"https:\/\/orthodoxia.be\/fr\/2010\/02\/27\/commemoration-nationale-pour-victimes-de-laccident-ferroviaire\/#primaryimage"},"image":{"@id":"https:\/\/orthodoxia.be\/fr\/2010\/02\/27\/commemoration-nationale-pour-victimes-de-laccident-ferroviaire\/#primaryimage"},"thumbnailUrl":"https:\/\/orthodoxia.be\/wp-content\/uploads\/2010\/02\/Treinramp_01.jpg","datePublished":"2010-02-27T10:33:35+00:00","dateModified":"2017-11-21T12:19:47+00:00","breadcrumb":{"@id":"https:\/\/orthodoxia.be\/fr\/2010\/02\/27\/commemoration-nationale-pour-victimes-de-laccident-ferroviaire\/#breadcrumb"},"inLanguage":"fr-BE","potentialAction":[{"@type":"ReadAction","target":["https:\/\/orthodoxia.be\/fr\/2010\/02\/27\/commemoration-nationale-pour-victimes-de-laccident-ferroviaire\/"]}]},{"@type":"ImageObject","inLanguage":"fr-BE","@id":"https:\/\/orthodoxia.be\/fr\/2010\/02\/27\/commemoration-nationale-pour-victimes-de-laccident-ferroviaire\/#primaryimage","url":"https:\/\/orthodoxia.be\/wp-content\/uploads\/2010\/02\/Treinramp_01.jpg","contentUrl":"https:\/\/orthodoxia.be\/wp-content\/uploads\/2010\/02\/Treinramp_01.jpg","width":568,"height":372},{"@type":"BreadcrumbList","@id":"https:\/\/orthodoxia.be\/fr\/2010\/02\/27\/commemoration-nationale-pour-victimes-de-laccident-ferroviaire\/#breadcrumb","itemListElement":[{"@type":"ListItem","position":1,"name":"Home","item":"https:\/\/orthodoxia.be\/fr\/"},{"@type":"ListItem","position":2,"name":"COMMEMORATION NATIONALE POUR VICTIMES DE L&#8217;ACCIDENT FERROVIAIRE"}]},{"@type":"WebSite","@id":"https:\/\/orthodoxia.be\/#website","url":"https:\/\/orthodoxia.be\/","name":"Orthodox Archdiocese of Belgium (Benelux)","description":"Exarque des Pays-Bas et du Luxembourg","publisher":{"@id":"https:\/\/orthodoxia.be\/#organization"},"alternateName":"IMB","potentialAction":[{"@type":"SearchAction","target":{"@type":"EntryPoint","urlTemplate":"https:\/\/orthodoxia.be\/?s={search_term_string}"},"query-input":{"@type":"PropertyValueSpecification","valueRequired":true,"valueName":"search_term_string"}}],"inLanguage":"fr-BE"},{"@type":"Organization","@id":"https:\/\/orthodoxia.be\/#organization","name":"Orthodox Archdiocese of Belgium (Benelux)","url":"https:\/\/orthodoxia.be\/","logo":{"@type":"ImageObject","inLanguage":"fr-BE","@id":"https:\/\/orthodoxia.be\/#\/schema\/logo\/image\/","url":"https:\/\/orthodoxia.be\/wp-content\/uploads\/2024\/02\/cropped-IMB-logo-512-cl-1.png","contentUrl":"https:\/\/orthodoxia.be\/wp-content\/uploads\/2024\/02\/cropped-IMB-logo-512-cl-1.png","width":512,"height":512,"caption":"Orthodox Archdiocese of Belgium (Benelux)"},"image":{"@id":"https:\/\/orthodoxia.be\/#\/schema\/logo\/image\/"},"sameAs":["https:\/\/www.facebook.com\/orthobel","https:\/\/x.com\/orthobel","https:\/\/www.youtube.com\/c\/orthobel","https:\/\/www.mixcloud.com\/orthobel\/","https:\/\/www.flickr.com\/photos\/148264890@N07\/albums","https:\/\/www.dailymotion.com\/Orthobel"]},{"@type":"Person","@id":"https:\/\/orthodoxia.be\/#\/schema\/person\/4641c70600fbb1aac968996a0ef6d284","name":"\u0391\u03c1\u03c7\u03b5\u03af\u03bf \u03a3\u03c5\u03bd\u03b5\u03c1\u03b3\u03b1\u03c4\u03ce\u03bd","image":{"@type":"ImageObject","inLanguage":"fr-BE","@id":"https:\/\/orthodoxia.be\/#\/schema\/person\/image\/","url":"https:\/\/secure.gravatar.com\/avatar\/0bf791bec6a55758e3ee18a1fc90f09b?s=96&d=mm&r=g","contentUrl":"https:\/\/secure.gravatar.com\/avatar\/0bf791bec6a55758e3ee18a1fc90f09b?s=96&d=mm&r=g","caption":"\u0391\u03c1\u03c7\u03b5\u03af\u03bf \u03a3\u03c5\u03bd\u03b5\u03c1\u03b3\u03b1\u03c4\u03ce\u03bd"},"url":"https:\/\/orthodoxia.be\/fr\/author\/archives\/"}]}},"_links":{"self":[{"href":"https:\/\/orthodoxia.be\/fr\/wp-json\/wp\/v2\/posts\/3145","targetHints":{"allow":["GET"]}}],"collection":[{"href":"https:\/\/orthodoxia.be\/fr\/wp-json\/wp\/v2\/posts"}],"about":[{"href":"https:\/\/orthodoxia.be\/fr\/wp-json\/wp\/v2\/types\/post"}],"author":[{"embeddable":true,"href":"https:\/\/orthodoxia.be\/fr\/wp-json\/wp\/v2\/users\/12"}],"replies":[{"embeddable":true,"href":"https:\/\/orthodoxia.be\/fr\/wp-json\/wp\/v2\/comments?post=3145"}],"version-history":[{"count":1,"href":"https:\/\/orthodoxia.be\/fr\/wp-json\/wp\/v2\/posts\/3145\/revisions"}],"predecessor-version":[{"id":3146,"href":"https:\/\/orthodoxia.be\/fr\/wp-json\/wp\/v2\/posts\/3145\/revisions\/3146"}],"wp:featuredmedia":[{"embeddable":true,"href":"https:\/\/orthodoxia.be\/fr\/wp-json\/wp\/v2\/media\/3147"}],"wp:attachment":[{"href":"https:\/\/orthodoxia.be\/fr\/wp-json\/wp\/v2\/media?parent=3145"}],"wp:term":[{"taxonomy":"category","embeddable":true,"href":"https:\/\/orthodoxia.be\/fr\/wp-json\/wp\/v2\/categories?post=3145"},{"taxonomy":"post_tag","embeddable":true,"href":"https:\/\/orthodoxia.be\/fr\/wp-json\/wp\/v2\/tags?post=3145"}],"curies":[{"name":"wp","href":"https:\/\/api.w.org\/{rel}","templated":true}]}}