{"id":3159,"date":"2010-08-10T14:55:44","date_gmt":"2010-08-10T14:55:44","guid":{"rendered":"http:\/\/new.orthodoxia.be\/?p=3159"},"modified":"2017-11-21T12:19:34","modified_gmt":"2017-11-21T12:19:34","slug":"rencontre-du-ministre-belge-des-affaires-etrangeres-steven-vanackere-avec-le-patriarche-oecumenique-bartholomee","status":"publish","type":"post","link":"https:\/\/orthodoxia.be\/fr\/2010\/08\/10\/rencontre-du-ministre-belge-des-affaires-etrangeres-steven-vanackere-avec-le-patriarche-oecumenique-bartholomee\/","title":{"rendered":"RENCONTRE DU MINISTRE BELGE DES AFFAIRES ETRANGERES STEVEN VANACKERE AVEC LE PATRIARCHE OECUMENIQUE BARTHOLOMEE"},"content":{"rendered":"<p>Ce 10 ao\u00fbt 2010 a eu lieu une rencontre \u00e0 Constantinople<br \/>\nentre le Ministre des Affaires Etrang\u00e8res belge Steven Vanackere (CD&amp;V) &#8211;<br \/>\nqui pr\u00e9side actuellement le Conseil des Affaires G\u00e9n\u00e9rales de l&#8217;Union<br \/>\nEurop\u00e9enne &#8211; avec Sa Toute-Saintet\u00e9 le Patriarche \u0152cum\u00e9nique Bartholom\u00e9e,<br \/>\nprimus inter pares de l&#8217;Orthodoxie au niveau mondial.<\/p>\n<p>Le ministre s&#8217;est laiss\u00e9 informer par le patriarche au sujet des conditions<br \/>\ndans lesquelles survit le Patriarcat \u0152cum\u00e9nique en Turquie. Il<br \/>\ns&#8217;entretinrent entre autre de la reconnaissance du titre d&#8217; &#8220;oecum\u00e9nique&#8221; du<br \/>\npatriarche, ce que les autorit\u00e9s turques n&#8217;ont pas encore fait \u00e0 ce jour<br \/>\n(ils ne consid\u00e8rent le patriarcat que comme le responsable de l&#8217;infime<br \/>\nminorit\u00e9 grecque en Turquie). Ils discut\u00e8rent encore du besoin de la<br \/>\nr\u00e9ouverture de l&#8217;Institut Th\u00e9ologique de Halki (ferm\u00e9 par les autorit\u00e9s<br \/>\nturques depuis 1971); du droit de propri\u00e9t\u00e9 de biens immeubles du patriarcat<br \/>\n(\u00e9glises, instituts, etc.), droit qui lui est toujours compl\u00e8tement d\u00e9ni\u00e9 ;<br \/>\net plus g\u00e9n\u00e9ralement de de l&#8217;avenir du patriarcat et de la possibilit\u00e9<br \/>\nd&#8217;adh\u00e9sion de la Turquie \u00e0 l&#8217;Union Europ\u00e9enne. Le Patriarche \u0152cum\u00e9nique<br \/>\nBartholom\u00e9e a toujours soutenu cette candidature.<\/p>\n<p>Marc Van den Reeck (Cabinet des Affaires Etrang\u00e8res) faisait \u00e9galement<br \/>\npartie de la d\u00e9l\u00e9gation belge et a particip\u00e9 aux conversations avec le<br \/>\npatriarche!<\/p>\n<p>Le Ministre Vanackere aurait \u00e9galement eu une conversation avec une<br \/>\nd\u00e9l\u00e9gation d&#8217;organisations turques des droits de l&#8217;homme ainsi qu&#8217;avec<br \/>\nd&#8217;autres repr\u00e9sentants des diverses communaut\u00e9s chr\u00e9tiennes et juives.<\/p>\n","protected":false},"excerpt":{"rendered":"<p>Ce 10 ao\u00fbt 2010 a eu lieu une rencontre \u00e0 Constantinople entre le Ministre des Affaires Etrang\u00e8res belge Steven Vanackere (CD&amp;V) &#8211; qui pr\u00e9side actuellement le Conseil des Affaires G\u00e9n\u00e9rales de l&#8217;Union Europ\u00e9enne &#8211; avec Sa Toute-Saintet\u00e9 le Patriarche \u0152cum\u00e9nique Bartholom\u00e9e, primus inter pares de l&#8217;Orthodoxie au niveau mondial. Le ministre s&#8217;est laiss\u00e9 informer par &hellip; <a href=\"https:\/\/orthodoxia.be\/fr\/2010\/08\/10\/rencontre-du-ministre-belge-des-affaires-etrangeres-steven-vanackere-avec-le-patriarche-oecumenique-bartholomee\/\">Continued<\/a><\/p>\n","protected":false},"author":12,"featured_media":0,"comment_status":"closed","ping_status":"closed","sticky":false,"template":"","format":"standard","meta":{"_acf_changed":false,"footnotes":""},"categories":[14,16],"tags":[],"class_list":["post-3159","post","type-post","status-publish","format-standard","hentry","category-actualite","category-communique"],"acf":[],"yoast_head":"<!-- This site is optimized with the Yoast SEO plugin v24.3 - https:\/\/yoast.com\/wordpress\/plugins\/seo\/ -->\n<title>RENCONTRE DU MINISTRE BELGE DES AFFAIRES ETRANGERES STEVEN VANACKERE AVEC LE PATRIARCHE OECUMENIQUE BARTHOLOMEE - Archev\u00each\u00e9 Orthodoxe de Belgique<\/title>\n<meta name=\"robots\" content=\"index, follow, max-snippet:-1, max-image-preview:large, max-video-preview:-1\" \/>\n<link rel=\"canonical\" href=\"https:\/\/orthodoxia.be\/fr\/2010\/08\/10\/rencontre-du-ministre-belge-des-affaires-etrangeres-steven-vanackere-avec-le-patriarche-oecumenique-bartholomee\/\" \/>\n<meta property=\"og:locale\" content=\"fr_FR\" \/>\n<meta property=\"og:type\" content=\"article\" \/>\n<meta property=\"og:title\" content=\"RENCONTRE DU MINISTRE BELGE DES AFFAIRES ETRANGERES STEVEN VANACKERE AVEC LE PATRIARCHE OECUMENIQUE BARTHOLOMEE - Archev\u00each\u00e9 Orthodoxe de Belgique\" \/>\n<meta property=\"og:description\" content=\"Ce 10 ao\u00fbt 2010 a eu lieu une rencontre \u00e0 Constantinople entre le Ministre des Affaires Etrang\u00e8res belge Steven Vanackere (CD&amp;V) &#8211; qui pr\u00e9side actuellement le Conseil des Affaires G\u00e9n\u00e9rales de l&#8217;Union Europ\u00e9enne &#8211; avec Sa Toute-Saintet\u00e9 le Patriarche \u0152cum\u00e9nique Bartholom\u00e9e, primus inter pares de l&#8217;Orthodoxie au niveau mondial. Le ministre s&#8217;est laiss\u00e9 informer par &hellip; Continued\" \/>\n<meta property=\"og:url\" content=\"https:\/\/orthodoxia.be\/fr\/2010\/08\/10\/rencontre-du-ministre-belge-des-affaires-etrangeres-steven-vanackere-avec-le-patriarche-oecumenique-bartholomee\/\" \/>\n<meta property=\"og:site_name\" content=\"Archev\u00each\u00e9 Orthodoxe de Belgique\" \/>\n<meta property=\"article:publisher\" content=\"https:\/\/www.facebook.com\/orthobel\" \/>\n<meta property=\"article:published_time\" content=\"2010-08-10T14:55:44+00:00\" \/>\n<meta property=\"article:modified_time\" content=\"2017-11-21T12:19:34+00:00\" \/>\n<meta property=\"og:image\" content=\"https:\/\/orthodoxia.be\/wp-content\/uploads\/2025\/02\/Orthobel.jpg\" \/>\n\t<meta property=\"og:image:width\" content=\"1200\" \/>\n\t<meta property=\"og:image:height\" content=\"675\" \/>\n\t<meta property=\"og:image:type\" content=\"image\/jpeg\" \/>\n<meta name=\"author\" content=\"\u0391\u03c1\u03c7\u03b5\u03af\u03bf \u03a3\u03c5\u03bd\u03b5\u03c1\u03b3\u03b1\u03c4\u03ce\u03bd\" \/>\n<meta name=\"twitter:card\" content=\"summary_large_image\" \/>\n<meta name=\"twitter:creator\" content=\"@orthobel\" \/>\n<meta name=\"twitter:site\" content=\"@orthobel\" \/>\n<meta name=\"twitter:label1\" content=\"\u00c9crit par\" \/>\n\t<meta name=\"twitter:data1\" content=\"\u0391\u03c1\u03c7\u03b5\u03af\u03bf \u03a3\u03c5\u03bd\u03b5\u03c1\u03b3\u03b1\u03c4\u03ce\u03bd\" \/>\n\t<meta name=\"twitter:label2\" content=\"Dur\u00e9e de lecture est.\" \/>\n\t<meta name=\"twitter:data2\" content=\"1 minute\" \/>\n<script type=\"application\/ld+json\" class=\"yoast-schema-graph\">{\"@context\":\"https:\/\/schema.org\",\"@graph\":[{\"@type\":\"Article\",\"@id\":\"https:\/\/orthodoxia.be\/fr\/2010\/08\/10\/rencontre-du-ministre-belge-des-affaires-etrangeres-steven-vanackere-avec-le-patriarche-oecumenique-bartholomee\/#article\",\"isPartOf\":{\"@id\":\"https:\/\/orthodoxia.be\/fr\/2010\/08\/10\/rencontre-du-ministre-belge-des-affaires-etrangeres-steven-vanackere-avec-le-patriarche-oecumenique-bartholomee\/\"},\"author\":{\"name\":\"\u0391\u03c1\u03c7\u03b5\u03af\u03bf \u03a3\u03c5\u03bd\u03b5\u03c1\u03b3\u03b1\u03c4\u03ce\u03bd\",\"@id\":\"https:\/\/orthodoxia.be\/#\/schema\/person\/4641c70600fbb1aac968996a0ef6d284\"},\"headline\":\"RENCONTRE DU MINISTRE BELGE DES AFFAIRES ETRANGERES STEVEN VANACKERE AVEC LE PATRIARCHE OECUMENIQUE BARTHOLOMEE\",\"datePublished\":\"2010-08-10T14:55:44+00:00\",\"dateModified\":\"2017-11-21T12:19:34+00:00\",\"mainEntityOfPage\":{\"@id\":\"https:\/\/orthodoxia.be\/fr\/2010\/08\/10\/rencontre-du-ministre-belge-des-affaires-etrangeres-steven-vanackere-avec-le-patriarche-oecumenique-bartholomee\/\"},\"wordCount\":283,\"publisher\":{\"@id\":\"https:\/\/orthodoxia.be\/#organization\"},\"articleSection\":[\"Actualit\u00e9\",\"Communiqu\u00e9\"],\"inLanguage\":\"fr-BE\"},{\"@type\":\"WebPage\",\"@id\":\"https:\/\/orthodoxia.be\/fr\/2010\/08\/10\/rencontre-du-ministre-belge-des-affaires-etrangeres-steven-vanackere-avec-le-patriarche-oecumenique-bartholomee\/\",\"url\":\"https:\/\/orthodoxia.be\/fr\/2010\/08\/10\/rencontre-du-ministre-belge-des-affaires-etrangeres-steven-vanackere-avec-le-patriarche-oecumenique-bartholomee\/\",\"name\":\"RENCONTRE DU MINISTRE BELGE DES AFFAIRES ETRANGERES STEVEN VANACKERE AVEC LE PATRIARCHE OECUMENIQUE BARTHOLOMEE - Archev\u00each\u00e9 Orthodoxe de Belgique\",\"isPartOf\":{\"@id\":\"https:\/\/orthodoxia.be\/#website\"},\"datePublished\":\"2010-08-10T14:55:44+00:00\",\"dateModified\":\"2017-11-21T12:19:34+00:00\",\"breadcrumb\":{\"@id\":\"https:\/\/orthodoxia.be\/fr\/2010\/08\/10\/rencontre-du-ministre-belge-des-affaires-etrangeres-steven-vanackere-avec-le-patriarche-oecumenique-bartholomee\/#breadcrumb\"},\"inLanguage\":\"fr-BE\",\"potentialAction\":[{\"@type\":\"ReadAction\",\"target\":[\"https:\/\/orthodoxia.be\/fr\/2010\/08\/10\/rencontre-du-ministre-belge-des-affaires-etrangeres-steven-vanackere-avec-le-patriarche-oecumenique-bartholomee\/\"]}]},{\"@type\":\"BreadcrumbList\",\"@id\":\"https:\/\/orthodoxia.be\/fr\/2010\/08\/10\/rencontre-du-ministre-belge-des-affaires-etrangeres-steven-vanackere-avec-le-patriarche-oecumenique-bartholomee\/#breadcrumb\",\"itemListElement\":[{\"@type\":\"ListItem\",\"position\":1,\"name\":\"Home\",\"item\":\"https:\/\/orthodoxia.be\/fr\/\"},{\"@type\":\"ListItem\",\"position\":2,\"name\":\"RENCONTRE DU MINISTRE BELGE DES AFFAIRES ETRANGERES STEVEN VANACKERE AVEC LE PATRIARCHE OECUMENIQUE BARTHOLOMEE\"}]},{\"@type\":\"WebSite\",\"@id\":\"https:\/\/orthodoxia.be\/#website\",\"url\":\"https:\/\/orthodoxia.be\/\",\"name\":\"Orthodox Archdiocese of Belgium (Benelux)\",\"description\":\"Exarque des Pays-Bas et du Luxembourg\",\"publisher\":{\"@id\":\"https:\/\/orthodoxia.be\/#organization\"},\"alternateName\":\"IMB\",\"potentialAction\":[{\"@type\":\"SearchAction\",\"target\":{\"@type\":\"EntryPoint\",\"urlTemplate\":\"https:\/\/orthodoxia.be\/?s={search_term_string}\"},\"query-input\":{\"@type\":\"PropertyValueSpecification\",\"valueRequired\":true,\"valueName\":\"search_term_string\"}}],\"inLanguage\":\"fr-BE\"},{\"@type\":\"Organization\",\"@id\":\"https:\/\/orthodoxia.be\/#organization\",\"name\":\"Orthodox Archdiocese of Belgium (Benelux)\",\"url\":\"https:\/\/orthodoxia.be\/\",\"logo\":{\"@type\":\"ImageObject\",\"inLanguage\":\"fr-BE\",\"@id\":\"https:\/\/orthodoxia.be\/#\/schema\/logo\/image\/\",\"url\":\"https:\/\/orthodoxia.be\/wp-content\/uploads\/2024\/02\/cropped-IMB-logo-512-cl-1.png\",\"contentUrl\":\"https:\/\/orthodoxia.be\/wp-content\/uploads\/2024\/02\/cropped-IMB-logo-512-cl-1.png\",\"width\":512,\"height\":512,\"caption\":\"Orthodox Archdiocese of Belgium (Benelux)\"},\"image\":{\"@id\":\"https:\/\/orthodoxia.be\/#\/schema\/logo\/image\/\"},\"sameAs\":[\"https:\/\/www.facebook.com\/orthobel\",\"https:\/\/x.com\/orthobel\",\"https:\/\/www.youtube.com\/c\/orthobel\",\"https:\/\/www.mixcloud.com\/orthobel\/\",\"https:\/\/www.flickr.com\/photos\/148264890@N07\/albums\",\"https:\/\/www.dailymotion.com\/Orthobel\"]},{\"@type\":\"Person\",\"@id\":\"https:\/\/orthodoxia.be\/#\/schema\/person\/4641c70600fbb1aac968996a0ef6d284\",\"name\":\"\u0391\u03c1\u03c7\u03b5\u03af\u03bf \u03a3\u03c5\u03bd\u03b5\u03c1\u03b3\u03b1\u03c4\u03ce\u03bd\",\"image\":{\"@type\":\"ImageObject\",\"inLanguage\":\"fr-BE\",\"@id\":\"https:\/\/orthodoxia.be\/#\/schema\/person\/image\/\",\"url\":\"https:\/\/secure.gravatar.com\/avatar\/0bf791bec6a55758e3ee18a1fc90f09b?s=96&d=mm&r=g\",\"contentUrl\":\"https:\/\/secure.gravatar.com\/avatar\/0bf791bec6a55758e3ee18a1fc90f09b?s=96&d=mm&r=g\",\"caption\":\"\u0391\u03c1\u03c7\u03b5\u03af\u03bf \u03a3\u03c5\u03bd\u03b5\u03c1\u03b3\u03b1\u03c4\u03ce\u03bd\"},\"url\":\"https:\/\/orthodoxia.be\/fr\/author\/archives\/\"}]}<\/script>\n<!-- \/ Yoast SEO plugin. -->","yoast_head_json":{"title":"RENCONTRE DU MINISTRE BELGE DES AFFAIRES ETRANGERES STEVEN VANACKERE AVEC LE PATRIARCHE OECUMENIQUE BARTHOLOMEE - Archev\u00each\u00e9 Orthodoxe de Belgique","robots":{"index":"index","follow":"follow","max-snippet":"max-snippet:-1","max-image-preview":"max-image-preview:large","max-video-preview":"max-video-preview:-1"},"canonical":"https:\/\/orthodoxia.be\/fr\/2010\/08\/10\/rencontre-du-ministre-belge-des-affaires-etrangeres-steven-vanackere-avec-le-patriarche-oecumenique-bartholomee\/","og_locale":"fr_FR","og_type":"article","og_title":"RENCONTRE DU MINISTRE BELGE DES AFFAIRES ETRANGERES STEVEN VANACKERE AVEC LE PATRIARCHE OECUMENIQUE BARTHOLOMEE - Archev\u00each\u00e9 Orthodoxe de Belgique","og_description":"Ce 10 ao\u00fbt 2010 a eu lieu une rencontre \u00e0 Constantinople entre le Ministre des Affaires Etrang\u00e8res belge Steven Vanackere (CD&amp;V) &#8211; qui pr\u00e9side actuellement le Conseil des Affaires G\u00e9n\u00e9rales de l&#8217;Union Europ\u00e9enne &#8211; avec Sa Toute-Saintet\u00e9 le Patriarche \u0152cum\u00e9nique Bartholom\u00e9e, primus inter pares de l&#8217;Orthodoxie au niveau mondial. Le ministre s&#8217;est laiss\u00e9 informer par &hellip; Continued","og_url":"https:\/\/orthodoxia.be\/fr\/2010\/08\/10\/rencontre-du-ministre-belge-des-affaires-etrangeres-steven-vanackere-avec-le-patriarche-oecumenique-bartholomee\/","og_site_name":"Archev\u00each\u00e9 Orthodoxe de Belgique","article_publisher":"https:\/\/www.facebook.com\/orthobel","article_published_time":"2010-08-10T14:55:44+00:00","article_modified_time":"2017-11-21T12:19:34+00:00","og_image":[{"width":1200,"height":675,"url":"https:\/\/orthodoxia.be\/wp-content\/uploads\/2025\/02\/Orthobel.jpg","type":"image\/jpeg"}],"author":"\u0391\u03c1\u03c7\u03b5\u03af\u03bf \u03a3\u03c5\u03bd\u03b5\u03c1\u03b3\u03b1\u03c4\u03ce\u03bd","twitter_card":"summary_large_image","twitter_creator":"@orthobel","twitter_site":"@orthobel","twitter_misc":{"\u00c9crit par":"\u0391\u03c1\u03c7\u03b5\u03af\u03bf \u03a3\u03c5\u03bd\u03b5\u03c1\u03b3\u03b1\u03c4\u03ce\u03bd","Dur\u00e9e de lecture est.":"1 minute"},"schema":{"@context":"https:\/\/schema.org","@graph":[{"@type":"Article","@id":"https:\/\/orthodoxia.be\/fr\/2010\/08\/10\/rencontre-du-ministre-belge-des-affaires-etrangeres-steven-vanackere-avec-le-patriarche-oecumenique-bartholomee\/#article","isPartOf":{"@id":"https:\/\/orthodoxia.be\/fr\/2010\/08\/10\/rencontre-du-ministre-belge-des-affaires-etrangeres-steven-vanackere-avec-le-patriarche-oecumenique-bartholomee\/"},"author":{"name":"\u0391\u03c1\u03c7\u03b5\u03af\u03bf \u03a3\u03c5\u03bd\u03b5\u03c1\u03b3\u03b1\u03c4\u03ce\u03bd","@id":"https:\/\/orthodoxia.be\/#\/schema\/person\/4641c70600fbb1aac968996a0ef6d284"},"headline":"RENCONTRE DU MINISTRE BELGE DES AFFAIRES ETRANGERES STEVEN VANACKERE AVEC LE PATRIARCHE OECUMENIQUE BARTHOLOMEE","datePublished":"2010-08-10T14:55:44+00:00","dateModified":"2017-11-21T12:19:34+00:00","mainEntityOfPage":{"@id":"https:\/\/orthodoxia.be\/fr\/2010\/08\/10\/rencontre-du-ministre-belge-des-affaires-etrangeres-steven-vanackere-avec-le-patriarche-oecumenique-bartholomee\/"},"wordCount":283,"publisher":{"@id":"https:\/\/orthodoxia.be\/#organization"},"articleSection":["Actualit\u00e9","Communiqu\u00e9"],"inLanguage":"fr-BE"},{"@type":"WebPage","@id":"https:\/\/orthodoxia.be\/fr\/2010\/08\/10\/rencontre-du-ministre-belge-des-affaires-etrangeres-steven-vanackere-avec-le-patriarche-oecumenique-bartholomee\/","url":"https:\/\/orthodoxia.be\/fr\/2010\/08\/10\/rencontre-du-ministre-belge-des-affaires-etrangeres-steven-vanackere-avec-le-patriarche-oecumenique-bartholomee\/","name":"RENCONTRE DU MINISTRE BELGE DES AFFAIRES ETRANGERES STEVEN VANACKERE AVEC LE PATRIARCHE OECUMENIQUE BARTHOLOMEE - Archev\u00each\u00e9 Orthodoxe de Belgique","isPartOf":{"@id":"https:\/\/orthodoxia.be\/#website"},"datePublished":"2010-08-10T14:55:44+00:00","dateModified":"2017-11-21T12:19:34+00:00","breadcrumb":{"@id":"https:\/\/orthodoxia.be\/fr\/2010\/08\/10\/rencontre-du-ministre-belge-des-affaires-etrangeres-steven-vanackere-avec-le-patriarche-oecumenique-bartholomee\/#breadcrumb"},"inLanguage":"fr-BE","potentialAction":[{"@type":"ReadAction","target":["https:\/\/orthodoxia.be\/fr\/2010\/08\/10\/rencontre-du-ministre-belge-des-affaires-etrangeres-steven-vanackere-avec-le-patriarche-oecumenique-bartholomee\/"]}]},{"@type":"BreadcrumbList","@id":"https:\/\/orthodoxia.be\/fr\/2010\/08\/10\/rencontre-du-ministre-belge-des-affaires-etrangeres-steven-vanackere-avec-le-patriarche-oecumenique-bartholomee\/#breadcrumb","itemListElement":[{"@type":"ListItem","position":1,"name":"Home","item":"https:\/\/orthodoxia.be\/fr\/"},{"@type":"ListItem","position":2,"name":"RENCONTRE DU MINISTRE BELGE DES AFFAIRES ETRANGERES STEVEN VANACKERE AVEC LE PATRIARCHE OECUMENIQUE BARTHOLOMEE"}]},{"@type":"WebSite","@id":"https:\/\/orthodoxia.be\/#website","url":"https:\/\/orthodoxia.be\/","name":"Orthodox Archdiocese of Belgium (Benelux)","description":"Exarque des Pays-Bas et du Luxembourg","publisher":{"@id":"https:\/\/orthodoxia.be\/#organization"},"alternateName":"IMB","potentialAction":[{"@type":"SearchAction","target":{"@type":"EntryPoint","urlTemplate":"https:\/\/orthodoxia.be\/?s={search_term_string}"},"query-input":{"@type":"PropertyValueSpecification","valueRequired":true,"valueName":"search_term_string"}}],"inLanguage":"fr-BE"},{"@type":"Organization","@id":"https:\/\/orthodoxia.be\/#organization","name":"Orthodox Archdiocese of Belgium (Benelux)","url":"https:\/\/orthodoxia.be\/","logo":{"@type":"ImageObject","inLanguage":"fr-BE","@id":"https:\/\/orthodoxia.be\/#\/schema\/logo\/image\/","url":"https:\/\/orthodoxia.be\/wp-content\/uploads\/2024\/02\/cropped-IMB-logo-512-cl-1.png","contentUrl":"https:\/\/orthodoxia.be\/wp-content\/uploads\/2024\/02\/cropped-IMB-logo-512-cl-1.png","width":512,"height":512,"caption":"Orthodox Archdiocese of Belgium (Benelux)"},"image":{"@id":"https:\/\/orthodoxia.be\/#\/schema\/logo\/image\/"},"sameAs":["https:\/\/www.facebook.com\/orthobel","https:\/\/x.com\/orthobel","https:\/\/www.youtube.com\/c\/orthobel","https:\/\/www.mixcloud.com\/orthobel\/","https:\/\/www.flickr.com\/photos\/148264890@N07\/albums","https:\/\/www.dailymotion.com\/Orthobel"]},{"@type":"Person","@id":"https:\/\/orthodoxia.be\/#\/schema\/person\/4641c70600fbb1aac968996a0ef6d284","name":"\u0391\u03c1\u03c7\u03b5\u03af\u03bf \u03a3\u03c5\u03bd\u03b5\u03c1\u03b3\u03b1\u03c4\u03ce\u03bd","image":{"@type":"ImageObject","inLanguage":"fr-BE","@id":"https:\/\/orthodoxia.be\/#\/schema\/person\/image\/","url":"https:\/\/secure.gravatar.com\/avatar\/0bf791bec6a55758e3ee18a1fc90f09b?s=96&d=mm&r=g","contentUrl":"https:\/\/secure.gravatar.com\/avatar\/0bf791bec6a55758e3ee18a1fc90f09b?s=96&d=mm&r=g","caption":"\u0391\u03c1\u03c7\u03b5\u03af\u03bf \u03a3\u03c5\u03bd\u03b5\u03c1\u03b3\u03b1\u03c4\u03ce\u03bd"},"url":"https:\/\/orthodoxia.be\/fr\/author\/archives\/"}]}},"_links":{"self":[{"href":"https:\/\/orthodoxia.be\/fr\/wp-json\/wp\/v2\/posts\/3159","targetHints":{"allow":["GET"]}}],"collection":[{"href":"https:\/\/orthodoxia.be\/fr\/wp-json\/wp\/v2\/posts"}],"about":[{"href":"https:\/\/orthodoxia.be\/fr\/wp-json\/wp\/v2\/types\/post"}],"author":[{"embeddable":true,"href":"https:\/\/orthodoxia.be\/fr\/wp-json\/wp\/v2\/users\/12"}],"replies":[{"embeddable":true,"href":"https:\/\/orthodoxia.be\/fr\/wp-json\/wp\/v2\/comments?post=3159"}],"version-history":[{"count":1,"href":"https:\/\/orthodoxia.be\/fr\/wp-json\/wp\/v2\/posts\/3159\/revisions"}],"predecessor-version":[{"id":3160,"href":"https:\/\/orthodoxia.be\/fr\/wp-json\/wp\/v2\/posts\/3159\/revisions\/3160"}],"wp:attachment":[{"href":"https:\/\/orthodoxia.be\/fr\/wp-json\/wp\/v2\/media?parent=3159"}],"wp:term":[{"taxonomy":"category","embeddable":true,"href":"https:\/\/orthodoxia.be\/fr\/wp-json\/wp\/v2\/categories?post=3159"},{"taxonomy":"post_tag","embeddable":true,"href":"https:\/\/orthodoxia.be\/fr\/wp-json\/wp\/v2\/tags?post=3159"}],"curies":[{"name":"wp","href":"https:\/\/api.w.org\/{rel}","templated":true}]}}