{"id":31768,"date":"2021-06-08T12:14:10","date_gmt":"2021-06-08T10:14:10","guid":{"rendered":"http:\/\/orthodoxia.be\/?p=31768"},"modified":"2021-06-08T14:20:15","modified_gmt":"2021-06-08T12:20:15","slug":"protocole-pour-le-culte-a-partir-du-9-juin-2021","status":"publish","type":"post","link":"https:\/\/orthodoxia.be\/fr\/2021\/06\/08\/protocole-pour-le-culte-a-partir-du-9-juin-2021\/","title":{"rendered":"Protocole pour le culte \u00e0 partir du 9 juin 2021"},"content":{"rendered":"<p><strong>PROTOCOLE CONCLU ENTRE :<\/strong><\/p>\n<p>La Conf\u00e9rence \u00e9piscopale de Belgique, repr\u00e9sent\u00e9e par le cardinal J. De Kesel,<\/p>\n<p>Le Conseil administratif du Culte protestant \u00e9vang\u00e9lique, repr\u00e9sent\u00e9 par les copr\u00e9sidents S. Fuite et G. W. Lorein,<\/p>\n<p>Le Consistoire central isra\u00e9lite de Belgique, repr\u00e9sent\u00e9 par le pr\u00e9sident P. Markiewicz,<\/p>\n<p>Le Comit\u00e9 Central du Culte Anglican en Belgique, repr\u00e9sent\u00e9 par le chapelain-pr\u00e9sident J. McDonald,<\/p>\n<p>L\u2019Ex\u00e9cutif des Musulmans de Belgique, repr\u00e9sent\u00e9 par le pr\u00e9sident M. \u00dcst\u00fcn,<\/p>\n<p>L\u2019\u00c9glise orthodoxe en Belgique, repr\u00e9sent\u00e9e par le M\u00e9tropolite-Archev\u00eaque du Patriarcat \u0153cum\u00e9nique de Constantinople, le M\u00e9tropolite Ath\u00e9nagoras,<\/p>\n<p>Le Conseil central des Communaut\u00e9s philosophiques non confessionnelles de Belgique, repr\u00e9sent\u00e9 par les copr\u00e9sidents V. De Keyser et F. Mortier,<\/p>\n<p>L\u2019Union bouddhique belge, repr\u00e9sent\u00e9e par le pr\u00e9sident C. Luyckx,<\/p>\n<p>ET<\/p>\n<p>L\u2019\u00c9tat belge, repr\u00e9sent\u00e9 par le ministre de la Justice, Vincent Van Quickenborne, dont le cabinet est \u00e9tabli \u00e0 1000 Bruxelles, Boulevard du Jardin Botanique 50, bo\u00eete 65.<\/p>\n<p>&nbsp;<\/p>\n<p><a href=\"http:\/\/orthodoxia.be\/wp-content\/uploads\/2021\/06\/20210607-Protocol-plan-exterieur-bis-1.pdf\">T\u00e9l\u00e9charger &#8211; Protocol-plan-exterieur<\/a><\/p>\n<p><a href=\"http:\/\/orthodoxia.be\/wp-content\/uploads\/2021\/06\/20210607-Protocol-plan-interieur-bis-1.pdf\">T\u00e9l\u00e9charger &#8211; Protocol-plan-interieur<\/a><\/p>\n<p>&nbsp;<\/p>\n<p style=\"text-align: center;\"><strong>Mesures communes<\/strong><\/p>\n<p style=\"text-align: left;\"><span style=\"text-decoration: underline;\">1. Champ d\u2019application<\/span><br \/>\nLe 14 avril 2021, le Comit\u00e9 de concertation a d\u00e9cid\u00e9 qu\u2019un plan plein air entrera en vigueur \u00e0 partir du 8 mai 2021, pour autant que la situation \u00e9pid\u00e9miologique le permette et en fonction de la pression sur les h\u00f4pitaux et de l\u2019avancement de la campagne de vaccination (7 personnes de 65 ans et plus sur 10 doivent avoir \u00e9t\u00e9 vaccin\u00e9es), plan qui autoriserait notamment les cultes \u00e0 l\u2019ext\u00e9rieur, moyennant le respect des r\u00e8gles de distanciation et l\u2019obligation de port du masque.<\/p>\n<p>Ce plan ext\u00e9rieur vise \u00e0 fixer les conditions et les modalit\u00e9s \u00e0 cet \u00e9gard pour les cultes reconnus, la la\u00efcit\u00e9 organis\u00e9e et le bouddhisme.<\/p>\n<p>Ce plan ext\u00e9rieur s\u2019applique \u00e0 l\u2019exercice individuel \/ collectif du culte et \u00e0 l\u2019exercice individuel \/ collectif de l\u2019assistance morale selon une conception philosophique non confessionnelle pour autant qu\u2019ils soient organis\u00e9s \u00e0 l\u2019ext\u00e9rieur, en plein air.<\/p>\n<p>En cas d\u2019adoption par le Comit\u00e9 de concertation d\u2019autres mesures que celles pr\u00e9vues dans le pr\u00e9sent protocole, les d\u00e9cisions prises par le Comit\u00e9 de concertation s\u2019appliquent int\u00e9gralement.<\/p>\n<p><span style=\"text-decoration: underline;\">2. O\u00f9 ?<\/span><br \/>\nL\u2019exercice collectif du culte et de l\u2019assistance morale selon une conception philosophique non confessionnelle est uniquement possible sur des parcelles priv\u00e9es en plein air, qui ne jouxtent pas la voie publique (p. ex. cour int\u00e9rieure, jardin int\u00e9rieur ou parking priv\u00e9 en plein air, cour de r\u00e9cr\u00e9ation d\u2019\u00e9cole, terrain de mouvement de jeunesse ou jardin d\u2019un presbyt\u00e8re\u2026).<\/p>\n<p style=\"text-align: left;\"><span style=\"text-decoration: underline;\">3. Qui ?<\/span><br \/>\nMaximum 200, et \u00e0 partir du 1 juillet maximum 400 personnes [1] except\u00e9 l\u2019officiant (ministre du culte ou conseiller la\u00efque humaniste \/ conseiller bouddhique) et les enfants jusqu\u2019\u00e0 l\u2019\u00e2ge de 12 ans accomplis.<br \/>\nLes chants font partie int\u00e9grante de tout service (du culte). Les membres de la chorale ou les chantres doivent chanter en portant un masque couvrant la bouche et le nez et en respectant la distance d\u20191,5 m\u00e8tre entre eux OU, s\u2019ils ne portent pas de masque couvrant la bouche et le nez, en respectant la distance de 3 m\u00e8tres entre eux. Une distance d\u2019au moins 5 m\u00e8tres doit s\u00e9parer la chorale\/le(s) chantre(s) de l\u2019assistance*. Les distances pr\u00e9cit\u00e9es peuvent \u00eatre remplac\u00e9es par l\u2019utilisation d\u2019une paroi en plexiglas d\u2019au moins 1,8m de hauteur.<br \/>\nLes autres personnes pr\u00e9sentes continuent \u00e9galement de porter leur masque couvrant la bouche et le nez durant les chants.<br \/>\nUn autel ou un ambon est autoris\u00e9, \u00e0 une distance d\u2019au moins 5 m\u00e8tres de l\u2019assistance.<br \/>\nLes personnes faisant partie d\u2019un groupe \u00e0 risque sont invit\u00e9es \u00e0 rester chez elles.<br \/>\nLes personnes pr\u00e9sentant des sympt\u00f4mes d\u2019une infection au COVID-19 (toux, fi\u00e8vre, fatigue, difficult\u00e9s respiratoires, perte de l\u2019odorat ou du go\u00fbt\u2026) et leur famille ne sont pas autoris\u00e9es \u00e0 participer.<br \/>\nLes personnes malades et leur famille ne sont pas autoris\u00e9es \u00e0 participer.<br \/>\nLe culte, la c\u00e9r\u00e9monie ou l\u2019assistance morale peuvent \u00eatre organis\u00e9s en plusieurs sessions pour permettre \u00e0 plusieurs groupes de X personnes maximum d\u2019y participer.<br \/>\n\u00c9ventuelle inscription\/r\u00e9servation \u00e0 l\u2019avance.<br \/>\nOrdre et s\u00e9curit\u00e9<br \/>\nUn responsable corona est d\u00e9sign\u00e9. Celui-ci veille \u00e0 ce que les activit\u00e9s se d\u00e9roulent conform\u00e9ment aux mesures de pr\u00e9vention contre le coronavirus.<br \/>\nToutes les personnes pr\u00e9sentes sont inform\u00e9es en temps utile et de mani\u00e8re claire sur les mesures (de s\u00e9curit\u00e9) en vigueur ; les membres du personnel et les stewards re\u00e7oivent une formation appropri\u00e9e \u00e0 ce sujet.<br \/>\nSi le responsable corona, le ministre du culte, le conseiller la\u00efque humaniste \/ le conseiller bouddhique ou le steward constate que certains \u00e9l\u00e9ments sont contraires aux dispositions en vigueur, il doit exiger qu\u2019il y soit rem\u00e9di\u00e9 dans les plus brefs d\u00e9lais. Si la personne concern\u00e9e refuse d\u2019y donner suite, il lui sera demand\u00e9 de quitter l\u2019activit\u00e9. En cas de refus, il est indiqu\u00e9 de faire appel \u00e0 la police.<br \/>\nIl est recommand\u00e9 de recourir \u00e0 des stewards. Ceux-ci surveillent notamment le nombre maximal de personnes pr\u00e9sentes et veillent au respect de toutes les r\u00e8gles. Ils donnent \u00e9galement les indications n\u00e9cessaires. Ils doivent \u00eatre clairement identifiables et sont dirig\u00e9s par le responsable corona.<br \/>\nLe couvre-feu \/ l\u2019interdiction de rassemblement nocturne doivent toujours \u00eatre respect\u00e9s.<br \/>\nLes r\u00e9ceptions avant ou apr\u00e8s la c\u00e9r\u00e9monie sont autoris\u00e9es sur la base des d\u00e9cisions du comit\u00e9 de concertation[2].<br \/>\nLes activit\u00e9s sont organis\u00e9es de sorte \u00e0 \u00e9viter tout rassemblement. Une attention toute particuli\u00e8re sera ainsi accord\u00e9e aux personnes en attente (p. ex. lorsque le nombre maximal de personnes pr\u00e9sentes est atteint) ; celles-ci sont renvoy\u00e9es sur-le-champ.<br \/>\nAu terme du service (du culte) ou de la c\u00e9r\u00e9monie, les lieux sont quitt\u00e9s le plus rapidement possible.<br \/>\nLes rassemblements ne sont pas autoris\u00e9s.<br \/>\nLa collecte est organis\u00e9e sans passer de bol ni de corbeille. \u00c0 la place, on conviendra d\u2019un ou de deux points de collecte, qui seront indiqu\u00e9s et surveill\u00e9s. Le ministre du culte \/ le conseiller la\u00efque humaniste \/ le conseiller bouddhique encourage les donations en ligne dans ses communications et durant la c\u00e9r\u00e9monie.<br \/>\nIl est interdit de manger* durant le service (du culte). Boire est autoris\u00e9, \u00e0 condition d\u2019apporter sa propre boisson*.<br \/>\nIl est possible d\u2019installer un auvent \/ une tente sans fermeture lat\u00e9rale tant pour le public que pour le ministre du culte \/ le conseiller la\u00efque humaniste \/ le conseiller bouddhique*.<br \/>\nL\u2019installation et l\u2019utilisation de l\u2019application \u2018corona alert\u2019 sont fortement recommand\u00e9es aux personnes pr\u00e9sentes.<br \/>\n<span style=\"text-decoration: underline;\">5. Distanciation sociale<\/span><br \/>\nLa distanciation sociale doit \u00eatre en tout temps respect\u00e9e : une distance d\u20191,5 m\u00e8tre entre chaque groupe de quatre personnes maximum (ou plus s\u2019il s\u2019agit de personnes vivant sous le m\u00eame toit) est garantie.<br \/>\nPour aider les personnes pr\u00e9sentes \u00e0 garder cette distance, les places sont indiqu\u00e9es avec du ruban adh\u00e9sif, des tabourets, etc.<br \/>\nLes fid\u00e8les restent assis \/ debout autant que possible au m\u00eame endroit. Les d\u00e9placements sont limit\u00e9s au strict n\u00e9cessaire.<br \/>\n<span style=\"text-decoration: underline;\">6. R\u00e8gles d\u2019hygi\u00e8ne<\/span><br \/>\nMasque couvrant la bouche et le nez : toujours obligatoire pour tous les fid\u00e8les d\u00e8s l\u2019\u00e2ge de 12 ans, que l\u2019on soit au repos assis \/ debout ou en mouvement.<br \/>\nLe ministre du culte \/ le conseiller la\u00efque humaniste \/ le conseiller bouddhique d\u00e9cide lui-m\u00eame de porter ou non un masque couvrant la bouche et le nez lorsqu\u2019il c\u00e9l\u00e8bre la c\u00e9r\u00e9monie.<br \/>\nDes moyens suffisants pour l\u2019hygi\u00e8ne obligatoire des mains sont mis \u00e0 disposition \u00e0 l\u2019entr\u00e9e ainsi qu\u2019\u00e0 diff\u00e9rents endroits.<br \/>\nLes rituels ou actes symboliques par lesquels des objets sont transmis ou sont touch\u00e9s par plusieurs personnes ne sont pas autoris\u00e9s.<br \/>\nIl est pr\u00e9vu un micro individuel, une tribune et un si\u00e8ge (lavables), qui ne peuvent \u00eatre utilis\u00e9s que par le ministre \/ le conseiller la\u00efque humaniste \/ le conseiller bouddhique pendant toute la c\u00e9r\u00e9monie. Ce mat\u00e9riel est d\u00e9sinfect\u00e9 avant et apr\u00e8s utilisation.<br \/>\nTous les intervenants apportent leurs propres textes. Si un micro, une tribune et\/ou un si\u00e8ge sont utilis\u00e9s ici aussi, ils sont pr\u00e9vus en plus. Les fid\u00e8les qui sont invit\u00e9s \u00e0 prendre la parole ne touchent pas le pupitre, \u00e0 moins que celui-ci n\u2019ait \u00e9t\u00e9 d\u00e9sinfect\u00e9 entre-temps.<br \/>\nMariage : les anneaux sont pr\u00e9par\u00e9s \u00e0 l\u2019avance et pris uniquement par les nouveaux mari\u00e9s.<br \/>\nLes mesures d\u2019hygi\u00e8ne adapt\u00e9es sont prises pour d\u00e9sinfecter r\u00e9guli\u00e8rement le mat\u00e9riel utilis\u00e9.<br \/>\nIl n\u2019est pas fait usage de livres, de chapelets de pri\u00e8re, ni de tout autre objet pouvant \u00eatre touch\u00e9 par les personnes pr\u00e9sentes. Les rituels ou actes symboliques par lesquels des objets sont transmis ou doivent \u00eatre touch\u00e9s par plusieurs personnes ne sont pas autoris\u00e9s.<br \/>\nLe mat\u00e9riel n\u00e9cessaire pour le service (du culte) peut \u00eatre projet\u00e9 sur un \u00e9cran ou imprim\u00e9 sur papier pour un usage unique. Missels et recueils de chants peuvent \u00eatre utilis\u00e9s, \u00e0 condition d\u2019\u00eatre \u00ab plac\u00e9s en quarantaine \u00bb apr\u00e8s chaque utilisation au moins 48 heures.<br \/>\nLes contacts physiques entre les personnes sont interdits, sauf entre les membres d\u2019un m\u00eame m\u00e9nage. Il est interdit de se saluer par une poign\u00e9e de main ou la bise.<br \/>\n<span style=\"text-decoration: underline;\">7. Communication<\/span><br \/>\nUn responsable corona charg\u00e9 de veiller \u00e0 la mise en \u0153uvre des mesures de lutte contre le coronavirus d\u00e9termin\u00e9es dans ce plan ext\u00e9rieur est d\u00e9sign\u00e9.<br \/>\nToutes les mesures sont annonc\u00e9es par le plus grand nombre possible de canaux : site internet, liste de diffusion, m\u00e9dias sociaux, etc.<br \/>\nL\u2019installation et l\u2019utilisation de l\u2019application \u2018Coronalert\u2019 sont fortement recommand\u00e9es.<br \/>\nToutes les personnes pr\u00e9sentes sont inform\u00e9es en temps utile et de mani\u00e8re claire sur les mesures (de s\u00e9curit\u00e9) en vigueur.<br \/>\nLes membres du personnel et les stewards re\u00e7oivent une formation appropri\u00e9e \u00e0 ce sujet.<br \/>\nLes stewards donnent les indications n\u00e9cessaires. Ils doivent \u00eatre clairement identifiables.<br \/>\nLe ministre du culte \/ le conseiller la\u00efque humaniste \/ le conseiller bouddhique et les stewards veillent \u00e0 ce que les personnes pr\u00e9sentes suivent les r\u00e8gles.<br \/>\nLe ministre du culte \/ le conseiller la\u00efque humaniste \/ le conseiller bouddhique rappelle qu\u2019un m\u00e9lange de g\u00e9n\u00e9rations comporte certains risques.<\/p>\n<p style=\"text-align: center;\"><strong>II. Mesures sp\u00e9cifiques suppl\u00e9mentaires<\/strong><\/p>\n<p><span style=\"text-decoration: underline;\">1. Communion<\/span><br \/>\nSeul le c\u00e9l\u00e9brant pr\u00e9pare l\u2019autel ;<br \/>\nUne seule hostie sur une pat\u00e8ne et le calice contenant le vin sont plac\u00e9s pour le c\u00e9l\u00e9brant. Un ciboire contenant les hosties qui seront distribu\u00e9es est plac\u00e9 un peu plus loin du c\u00e9l\u00e9brant et recouvert d\u2019un linge ;<br \/>\nAu moment de la cons\u00e9cration du pain, le c\u00e9l\u00e9brant touche l\u00e9g\u00e8rement le ciboire ;<br \/>\nSeul le c\u00e9l\u00e9brant peut consommer l\u2019hostie bris\u00e9e et le vin. Le vin n\u2019est pas distribu\u00e9 ;<br \/>\nAvant la distribution du pain consacr\u00e9, le c\u00e9l\u00e9brant se d\u00e9sinfecte \u00e0 nouveau les mains ; apr\u00e8s la distribution, le c\u00e9l\u00e9brant se d\u00e9sinfecte \u00e0 nouveau les mains ;<br \/>\nLe c\u00e9l\u00e9brant prononce les paroles pour la distribution une seule fois et les personnes r\u00e9pondent ensemble ;<br \/>\nUne \u00e0 une, en gardant une distance de 1,5 m\u00e8tre, les personnes s\u2019approchent du c\u00e9l\u00e9brant. Elles ne peuvent pas s\u2019agenouiller au banc de communion ;<br \/>\nLe c\u00e9l\u00e9brant \/ la personne qui donne la communion d\u00e9pose doucement le pain consacr\u00e9 \/ l\u2019hostie directement dans les mains de chaque communiant, sans toucher les mains du communiant.Il n\u2019est pas autoris\u00e9 de d\u00e9poser l\u2019hostie sur la langue du communiant.<\/p>\n<p><span style=\"text-decoration: underline;\">2. Culte catholique<\/span><br \/>\nL\u2019horaire \u00e0 l\u2019ext\u00e9rieur doit correspondre \u00e0 l\u2019horaire qui s\u2019appliquerait si les offices se d\u00e9roulaient \u00e0 l\u2019int\u00e9rieur ;<br \/>\nC\u00e9l\u00e9brations qui entrent en consid\u00e9ration :<br \/>\nune eucharistie ou une r\u00e9union de pri\u00e8res (avec autel et ambon)<br \/>\nun rosaire ou une pri\u00e8re non liturgique (sans autel ni ambon)<br \/>\nen principe, tous les autres sacrements \u00e9galement, dans la dignit\u00e9 et la s\u00e9r\u00e9nit\u00e9 requises<br \/>\nL\u2019officiant est la m\u00eame personne qui officierait normalement \u00e0 l\u2019int\u00e9rieur de l\u2019\u00e9glise. Il suit le m\u00eame rituel et porte les m\u00eames habits qu\u2019\u00e0 l\u2019int\u00e9rieur de l\u2019\u00e9glise ;<br \/>\nL\u2019ambon et l\u2019autel doivent \u00eatre plac\u00e9s \u00e0 un endroit digne.<\/p>\n<p><span style=\"text-decoration: underline;\">3.Culte protestant \u00e9vang\u00e9lique<\/span><br \/>\nSainte-C\u00e8ne<\/p>\n<p>Le ministre (qui porte un masque lui couvrant le nez et la bouche) peut tendre le bol avec des morceaux de pain \u00e0 chacun ; idem pour les coupes.<br \/>\nUne autre possibilit\u00e9 consiste \u00e0 ce que les fid\u00e8les se rendent \u00e0 la table de la Sainte-C\u00e8ne en suivant un trajet d\u00e9termin\u00e9 et y prennent un morceau de pain et une coupe.<\/p>\n<p>Bapt\u00eame<\/p>\n<p>Le contact physique ne peut pas \u00eatre \u00e9vit\u00e9, surtout pour le bapt\u00eame par immersion. Les risques peuvent \u00eatre limit\u00e9s par l\u2019utilisation de masques couvrant le nez et la bouche et de gants et par le bon sens, tant par le baptis\u00e9 que par le ministre. En tout cas, il convient de renouveler l\u2019eau compl\u00e8tement pour le bapt\u00eame d\u2019une personne suivante, ce qui rend impossible dans la pratique de baptiser plus d\u2019une personne par culte. Si le bapt\u00eame a lieu dans une piscine, il convient de s\u2019en tenir \u00e0 la r\u00e9glementation en vigueur \u00e0 cet endroit.<\/p>\n<p><span style=\"text-decoration: underline;\">4. Culte islamique<\/span><br \/>\nSe pr\u00e9senter \u00e0 la mosqu\u00e9e en \u00e9tat de propret\u00e9 rituelle ;<br \/>\nSe laver les mains avec de l\u2019eau et du savon ou se d\u00e9sinfecter les mains avant d\u2019entrer dans la mosqu\u00e9e ou le lieu de pri\u00e8re ;<br \/>\nApporter soi-m\u00eame un tapis de pri\u00e8re individuel.<\/p>\n<p><span style=\"text-decoration: underline;\">5. Culte orthodoxe<\/span><br \/>\nLa mani\u00e8re de communier doit \u00eatre adapt\u00e9e aux mesures qui sont propos\u00e9es par le comit\u00e9 de concertation, sachant \u201cl\u2019interdiction de contacts physiques entre personnes et d\u2019objets par plusieurs participants\u201d.<br \/>\nL\u2019antidoron (pain) est soigneusement coup\u00e9 par un acolyte \u2013 portant un masque et des gants \u00e0 usage unique \u2013 qui met chaque morceau dans un petit sachet et place le tout dans un panier. Chaque fid\u00e8le a la possibilit\u00e9 de prendre un sachet \u00e0 la fin de la Liturgie.<br \/>\n<span style=\"text-decoration: underline;\">6. Bouddhisme<\/span><br \/>\nOutre la pratique quotidienne, seules les c\u00e9r\u00e9monies de Dana (dons), de mariage et d\u2019enterrement sont organis\u00e9es. Les rituels de la tradition sp\u00e9cifique sont adapt\u00e9s lorsque c\u2019est n\u00e9cessaire pour garantir la s\u00e9curit\u00e9. Lors des c\u00e9r\u00e9monies de Dana, les dons sont plus particuli\u00e8rement remis sans contact physique.<br \/>\nLa circumambulation m\u00e9ditative autour du stupa se d\u00e9roule dans le respect des r\u00e8gles de distanciation.<\/p>\n<p><span style=\"text-decoration: underline;\">7. Assistance morale non confessionnelle<\/span><br \/>\nNaissance, f\u00eate la\u00efque et f\u00eate de la jeunesse la\u00efque<\/p>\n<p>il est pr\u00e9vu un micro individuel, une tribune et un si\u00e8ge (lavables), qui ne peuvent \u00eatre utilis\u00e9s que par le conseiller la\u00efque humaniste pendant toute la c\u00e9r\u00e9monie. D\u00e9sinfection avant utilisation ;<br \/>\ntous les intervenants, y compris les parents, les grands-parents, le parrain, la marraine, etc., apportent leurs propres textes. Si un micro, une tribune et\/ou un si\u00e8ge sont utilis\u00e9s ici aussi, ils sont pr\u00e9vus en plus ;<br \/>\nles rituels ou actes symboliques par lesquels des objets sont transmis ou doivent \u00eatre touch\u00e9s par plusieurs personnes ne sont pas autoris\u00e9s ;<br \/>\nle conseiller la\u00efque humaniste rappelle qu\u2019un m\u00e9lange de g\u00e9n\u00e9rations comporte certains risques.<br \/>\nComm\u00e9moration<\/p>\n<p>il est pr\u00e9vu un micro individuel, une tribune et un si\u00e8ge (lavables), qui ne peuvent \u00eatre utilis\u00e9s que par le conseiller la\u00efque humaniste pendant toute la c\u00e9r\u00e9monie. D\u00e9sinfection avant utilisation ;<br \/>\ntous les intervenants apportent leurs propres textes. Si un micro, une tribune et\/ou un si\u00e8ge sont utilis\u00e9s ici aussi, ils sont pr\u00e9vus en plus ;<br \/>\nles rituels ou actes symboliques par lesquels des objets sont transmis ou doivent \u00eatre touch\u00e9s par plusieurs personnes ne sont pas autoris\u00e9s ;<br \/>\npas de condol\u00e9ances avec serrement de main ;<br \/>\nles souvenirs sont distribu\u00e9s avec des gants ou mis \u00e0 disposition ;<br \/>\nle conseiller la\u00efque humaniste rappelle qu\u2019un m\u00e9lange de g\u00e9n\u00e9rations comporte certains risques.<br \/>\nMariage<\/p>\n<p>il est pr\u00e9vu un micro individuel, une tribune et un si\u00e8ge (lavables), qui ne peuvent \u00eatre utilis\u00e9s que par le conseiller la\u00efque humaniste pendant toute la c\u00e9r\u00e9monie. D\u00e9sinfection avant utilisation ;<br \/>\ntous les intervenants, y compris les nouveaux mari\u00e9s, apportent leurs propres textes. Si un micro, une tribune et\/ou un si\u00e8ge sont utilis\u00e9s ici aussi, ils sont pr\u00e9vus en plus ;<br \/>\nles rituels ou actes symboliques par lesquels des objets sont transmis ou doivent \u00eatre touch\u00e9s par plusieurs personnes ne sont pas autoris\u00e9s ;<br \/>\napr\u00e8s la c\u00e9r\u00e9monie, il n\u2019est pas autoris\u00e9 de se rassembler en groupe, de serrer les mains, ni de faire un baisemain pour f\u00e9liciter les nouveaux mari\u00e9s ;<br \/>\nles anneaux sont pr\u00e9par\u00e9s \u00e0 l\u2019avance et pris uniquement par les nouveaux mari\u00e9s ;<br \/>\nle conseiller la\u00efque humaniste rappelle qu\u2019un m\u00e9lange de g\u00e9n\u00e9rations comporte certains risques.<\/p>\n<p>&nbsp;<\/p>\n<p>___________<\/p>\n<p>[1] Ce chiffre est fix\u00e9 par le Comit\u00e9 de concertation. \u00c0 la date d\u2019entr\u00e9e en vigueur des modifications de ce protocole, soit le 9 juin 2021, ce chiffre \u00e9tait de 200 maximum, mais il pourrait encore changer.<\/p>\n<p>[2] \u00c0 la date de la signature du pr\u00e9sent protocole, cela est (uniquement) possible \u00e0 l\u2019ext\u00e9rieur, avec un maximum de 50 personnes.<\/p>\n<p>&nbsp;<\/p>\n<p>&nbsp;<\/p>\n","protected":false},"excerpt":{"rendered":"<p>PROTOCOLE CONCLU ENTRE : La Conf\u00e9rence \u00e9piscopale de Belgique, repr\u00e9sent\u00e9e par le cardinal J. De Kesel, Le Conseil administratif du Culte protestant \u00e9vang\u00e9lique, repr\u00e9sent\u00e9 par les copr\u00e9sidents S. Fuite et G. W. Lorein, Le Consistoire central isra\u00e9lite de Belgique, repr\u00e9sent\u00e9 par le pr\u00e9sident P. Markiewicz, Le Comit\u00e9 Central du Culte Anglican en Belgique, repr\u00e9sent\u00e9 par &hellip; <a href=\"https:\/\/orthodoxia.be\/fr\/2021\/06\/08\/protocole-pour-le-culte-a-partir-du-9-juin-2021\/\">Continued<\/a><\/p>\n","protected":false},"author":12,"featured_media":30854,"comment_status":"closed","ping_status":"open","sticky":false,"template":"","format":"standard","meta":{"_acf_changed":false,"footnotes":""},"categories":[14],"tags":[],"class_list":["post-31768","post","type-post","status-publish","format-standard","has-post-thumbnail","hentry","category-actualite"],"acf":[],"yoast_head":"<!-- This site is optimized with the Yoast SEO plugin v24.3 - https:\/\/yoast.com\/wordpress\/plugins\/seo\/ -->\n<title>Protocole pour le culte \u00e0 partir du 9 juin 2021 - Archev\u00each\u00e9 Orthodoxe de Belgique<\/title>\n<meta name=\"robots\" content=\"index, follow, max-snippet:-1, max-image-preview:large, max-video-preview:-1\" \/>\n<link rel=\"canonical\" href=\"https:\/\/orthodoxia.be\/fr\/2021\/06\/08\/protocole-pour-le-culte-a-partir-du-9-juin-2021\/\" \/>\n<meta property=\"og:locale\" content=\"fr_FR\" \/>\n<meta property=\"og:type\" content=\"article\" \/>\n<meta property=\"og:title\" content=\"Protocole pour le culte \u00e0 partir du 9 juin 2021 - Archev\u00each\u00e9 Orthodoxe de Belgique\" \/>\n<meta property=\"og:description\" content=\"PROTOCOLE CONCLU ENTRE : La Conf\u00e9rence \u00e9piscopale de Belgique, repr\u00e9sent\u00e9e par le cardinal J. De Kesel, Le Conseil administratif du Culte protestant \u00e9vang\u00e9lique, repr\u00e9sent\u00e9 par les copr\u00e9sidents S. Fuite et G. W. Lorein, Le Consistoire central isra\u00e9lite de Belgique, repr\u00e9sent\u00e9 par le pr\u00e9sident P. Markiewicz, Le Comit\u00e9 Central du Culte Anglican en Belgique, repr\u00e9sent\u00e9 par &hellip; Continued\" \/>\n<meta property=\"og:url\" content=\"https:\/\/orthodoxia.be\/fr\/2021\/06\/08\/protocole-pour-le-culte-a-partir-du-9-juin-2021\/\" \/>\n<meta property=\"og:site_name\" content=\"Archev\u00each\u00e9 Orthodoxe de Belgique\" \/>\n<meta property=\"article:publisher\" content=\"https:\/\/www.facebook.com\/orthobel\" \/>\n<meta property=\"article:published_time\" content=\"2021-06-08T10:14:10+00:00\" \/>\n<meta property=\"article:modified_time\" content=\"2021-06-08T12:20:15+00:00\" \/>\n<meta property=\"og:image\" content=\"https:\/\/orthodoxia.be\/wp-content\/uploads\/2018\/05\/21-13-e1623148371321.jpg\" \/>\n\t<meta property=\"og:image:width\" content=\"800\" \/>\n\t<meta property=\"og:image:height\" content=\"533\" \/>\n\t<meta property=\"og:image:type\" content=\"image\/jpeg\" \/>\n<meta name=\"author\" content=\"\u0391\u03c1\u03c7\u03b5\u03af\u03bf \u03a3\u03c5\u03bd\u03b5\u03c1\u03b3\u03b1\u03c4\u03ce\u03bd\" \/>\n<meta name=\"twitter:card\" content=\"summary_large_image\" \/>\n<meta name=\"twitter:creator\" content=\"@orthobel\" \/>\n<meta name=\"twitter:site\" content=\"@orthobel\" \/>\n<meta name=\"twitter:label1\" content=\"\u00c9crit par\" \/>\n\t<meta name=\"twitter:data1\" content=\"\u0391\u03c1\u03c7\u03b5\u03af\u03bf \u03a3\u03c5\u03bd\u03b5\u03c1\u03b3\u03b1\u03c4\u03ce\u03bd\" \/>\n\t<meta name=\"twitter:label2\" content=\"Dur\u00e9e de lecture est.\" \/>\n\t<meta name=\"twitter:data2\" content=\"15 minutes\" \/>\n<script type=\"application\/ld+json\" class=\"yoast-schema-graph\">{\"@context\":\"https:\/\/schema.org\",\"@graph\":[{\"@type\":\"Article\",\"@id\":\"https:\/\/orthodoxia.be\/fr\/2021\/06\/08\/protocole-pour-le-culte-a-partir-du-9-juin-2021\/#article\",\"isPartOf\":{\"@id\":\"https:\/\/orthodoxia.be\/fr\/2021\/06\/08\/protocole-pour-le-culte-a-partir-du-9-juin-2021\/\"},\"author\":{\"name\":\"\u0391\u03c1\u03c7\u03b5\u03af\u03bf \u03a3\u03c5\u03bd\u03b5\u03c1\u03b3\u03b1\u03c4\u03ce\u03bd\",\"@id\":\"https:\/\/orthodoxia.be\/#\/schema\/person\/4641c70600fbb1aac968996a0ef6d284\"},\"headline\":\"Protocole pour le culte \u00e0 partir du 9 juin 2021\",\"datePublished\":\"2021-06-08T10:14:10+00:00\",\"dateModified\":\"2021-06-08T12:20:15+00:00\",\"mainEntityOfPage\":{\"@id\":\"https:\/\/orthodoxia.be\/fr\/2021\/06\/08\/protocole-pour-le-culte-a-partir-du-9-juin-2021\/\"},\"wordCount\":2973,\"publisher\":{\"@id\":\"https:\/\/orthodoxia.be\/#organization\"},\"image\":{\"@id\":\"https:\/\/orthodoxia.be\/fr\/2021\/06\/08\/protocole-pour-le-culte-a-partir-du-9-juin-2021\/#primaryimage\"},\"thumbnailUrl\":\"https:\/\/orthodoxia.be\/wp-content\/uploads\/2018\/05\/21-13-e1623148371321.jpg\",\"articleSection\":[\"Actualit\u00e9\"],\"inLanguage\":\"fr-BE\"},{\"@type\":\"WebPage\",\"@id\":\"https:\/\/orthodoxia.be\/fr\/2021\/06\/08\/protocole-pour-le-culte-a-partir-du-9-juin-2021\/\",\"url\":\"https:\/\/orthodoxia.be\/fr\/2021\/06\/08\/protocole-pour-le-culte-a-partir-du-9-juin-2021\/\",\"name\":\"Protocole pour le culte \u00e0 partir du 9 juin 2021 - Archev\u00each\u00e9 Orthodoxe de Belgique\",\"isPartOf\":{\"@id\":\"https:\/\/orthodoxia.be\/#website\"},\"primaryImageOfPage\":{\"@id\":\"https:\/\/orthodoxia.be\/fr\/2021\/06\/08\/protocole-pour-le-culte-a-partir-du-9-juin-2021\/#primaryimage\"},\"image\":{\"@id\":\"https:\/\/orthodoxia.be\/fr\/2021\/06\/08\/protocole-pour-le-culte-a-partir-du-9-juin-2021\/#primaryimage\"},\"thumbnailUrl\":\"https:\/\/orthodoxia.be\/wp-content\/uploads\/2018\/05\/21-13-e1623148371321.jpg\",\"datePublished\":\"2021-06-08T10:14:10+00:00\",\"dateModified\":\"2021-06-08T12:20:15+00:00\",\"breadcrumb\":{\"@id\":\"https:\/\/orthodoxia.be\/fr\/2021\/06\/08\/protocole-pour-le-culte-a-partir-du-9-juin-2021\/#breadcrumb\"},\"inLanguage\":\"fr-BE\",\"potentialAction\":[{\"@type\":\"ReadAction\",\"target\":[\"https:\/\/orthodoxia.be\/fr\/2021\/06\/08\/protocole-pour-le-culte-a-partir-du-9-juin-2021\/\"]}]},{\"@type\":\"ImageObject\",\"inLanguage\":\"fr-BE\",\"@id\":\"https:\/\/orthodoxia.be\/fr\/2021\/06\/08\/protocole-pour-le-culte-a-partir-du-9-juin-2021\/#primaryimage\",\"url\":\"https:\/\/orthodoxia.be\/wp-content\/uploads\/2018\/05\/21-13-e1623148371321.jpg\",\"contentUrl\":\"https:\/\/orthodoxia.be\/wp-content\/uploads\/2018\/05\/21-13-e1623148371321.jpg\",\"width\":800,\"height\":533},{\"@type\":\"BreadcrumbList\",\"@id\":\"https:\/\/orthodoxia.be\/fr\/2021\/06\/08\/protocole-pour-le-culte-a-partir-du-9-juin-2021\/#breadcrumb\",\"itemListElement\":[{\"@type\":\"ListItem\",\"position\":1,\"name\":\"Home\",\"item\":\"https:\/\/orthodoxia.be\/fr\/\"},{\"@type\":\"ListItem\",\"position\":2,\"name\":\"Protocole pour le culte \u00e0 partir du 9 juin 2021\"}]},{\"@type\":\"WebSite\",\"@id\":\"https:\/\/orthodoxia.be\/#website\",\"url\":\"https:\/\/orthodoxia.be\/\",\"name\":\"Orthodox Archdiocese of Belgium (Benelux)\",\"description\":\"Exarque des Pays-Bas et du Luxembourg\",\"publisher\":{\"@id\":\"https:\/\/orthodoxia.be\/#organization\"},\"alternateName\":\"IMB\",\"potentialAction\":[{\"@type\":\"SearchAction\",\"target\":{\"@type\":\"EntryPoint\",\"urlTemplate\":\"https:\/\/orthodoxia.be\/?s={search_term_string}\"},\"query-input\":{\"@type\":\"PropertyValueSpecification\",\"valueRequired\":true,\"valueName\":\"search_term_string\"}}],\"inLanguage\":\"fr-BE\"},{\"@type\":\"Organization\",\"@id\":\"https:\/\/orthodoxia.be\/#organization\",\"name\":\"Orthodox Archdiocese of Belgium (Benelux)\",\"url\":\"https:\/\/orthodoxia.be\/\",\"logo\":{\"@type\":\"ImageObject\",\"inLanguage\":\"fr-BE\",\"@id\":\"https:\/\/orthodoxia.be\/#\/schema\/logo\/image\/\",\"url\":\"https:\/\/orthodoxia.be\/wp-content\/uploads\/2024\/02\/cropped-IMB-logo-512-cl-1.png\",\"contentUrl\":\"https:\/\/orthodoxia.be\/wp-content\/uploads\/2024\/02\/cropped-IMB-logo-512-cl-1.png\",\"width\":512,\"height\":512,\"caption\":\"Orthodox Archdiocese of Belgium (Benelux)\"},\"image\":{\"@id\":\"https:\/\/orthodoxia.be\/#\/schema\/logo\/image\/\"},\"sameAs\":[\"https:\/\/www.facebook.com\/orthobel\",\"https:\/\/x.com\/orthobel\",\"https:\/\/www.youtube.com\/c\/orthobel\",\"https:\/\/www.mixcloud.com\/orthobel\/\",\"https:\/\/www.flickr.com\/photos\/148264890@N07\/albums\",\"https:\/\/www.dailymotion.com\/Orthobel\"]},{\"@type\":\"Person\",\"@id\":\"https:\/\/orthodoxia.be\/#\/schema\/person\/4641c70600fbb1aac968996a0ef6d284\",\"name\":\"\u0391\u03c1\u03c7\u03b5\u03af\u03bf \u03a3\u03c5\u03bd\u03b5\u03c1\u03b3\u03b1\u03c4\u03ce\u03bd\",\"image\":{\"@type\":\"ImageObject\",\"inLanguage\":\"fr-BE\",\"@id\":\"https:\/\/orthodoxia.be\/#\/schema\/person\/image\/\",\"url\":\"https:\/\/secure.gravatar.com\/avatar\/0bf791bec6a55758e3ee18a1fc90f09b?s=96&d=mm&r=g\",\"contentUrl\":\"https:\/\/secure.gravatar.com\/avatar\/0bf791bec6a55758e3ee18a1fc90f09b?s=96&d=mm&r=g\",\"caption\":\"\u0391\u03c1\u03c7\u03b5\u03af\u03bf \u03a3\u03c5\u03bd\u03b5\u03c1\u03b3\u03b1\u03c4\u03ce\u03bd\"},\"url\":\"https:\/\/orthodoxia.be\/fr\/author\/archives\/\"}]}<\/script>\n<!-- \/ Yoast SEO plugin. -->","yoast_head_json":{"title":"Protocole pour le culte \u00e0 partir du 9 juin 2021 - Archev\u00each\u00e9 Orthodoxe de Belgique","robots":{"index":"index","follow":"follow","max-snippet":"max-snippet:-1","max-image-preview":"max-image-preview:large","max-video-preview":"max-video-preview:-1"},"canonical":"https:\/\/orthodoxia.be\/fr\/2021\/06\/08\/protocole-pour-le-culte-a-partir-du-9-juin-2021\/","og_locale":"fr_FR","og_type":"article","og_title":"Protocole pour le culte \u00e0 partir du 9 juin 2021 - Archev\u00each\u00e9 Orthodoxe de Belgique","og_description":"PROTOCOLE CONCLU ENTRE : La Conf\u00e9rence \u00e9piscopale de Belgique, repr\u00e9sent\u00e9e par le cardinal J. De Kesel, Le Conseil administratif du Culte protestant \u00e9vang\u00e9lique, repr\u00e9sent\u00e9 par les copr\u00e9sidents S. Fuite et G. W. Lorein, Le Consistoire central isra\u00e9lite de Belgique, repr\u00e9sent\u00e9 par le pr\u00e9sident P. Markiewicz, Le Comit\u00e9 Central du Culte Anglican en Belgique, repr\u00e9sent\u00e9 par &hellip; Continued","og_url":"https:\/\/orthodoxia.be\/fr\/2021\/06\/08\/protocole-pour-le-culte-a-partir-du-9-juin-2021\/","og_site_name":"Archev\u00each\u00e9 Orthodoxe de Belgique","article_publisher":"https:\/\/www.facebook.com\/orthobel","article_published_time":"2021-06-08T10:14:10+00:00","article_modified_time":"2021-06-08T12:20:15+00:00","og_image":[{"width":800,"height":533,"url":"https:\/\/orthodoxia.be\/wp-content\/uploads\/2018\/05\/21-13-e1623148371321.jpg","type":"image\/jpeg"}],"author":"\u0391\u03c1\u03c7\u03b5\u03af\u03bf \u03a3\u03c5\u03bd\u03b5\u03c1\u03b3\u03b1\u03c4\u03ce\u03bd","twitter_card":"summary_large_image","twitter_creator":"@orthobel","twitter_site":"@orthobel","twitter_misc":{"\u00c9crit par":"\u0391\u03c1\u03c7\u03b5\u03af\u03bf \u03a3\u03c5\u03bd\u03b5\u03c1\u03b3\u03b1\u03c4\u03ce\u03bd","Dur\u00e9e de lecture est.":"15 minutes"},"schema":{"@context":"https:\/\/schema.org","@graph":[{"@type":"Article","@id":"https:\/\/orthodoxia.be\/fr\/2021\/06\/08\/protocole-pour-le-culte-a-partir-du-9-juin-2021\/#article","isPartOf":{"@id":"https:\/\/orthodoxia.be\/fr\/2021\/06\/08\/protocole-pour-le-culte-a-partir-du-9-juin-2021\/"},"author":{"name":"\u0391\u03c1\u03c7\u03b5\u03af\u03bf \u03a3\u03c5\u03bd\u03b5\u03c1\u03b3\u03b1\u03c4\u03ce\u03bd","@id":"https:\/\/orthodoxia.be\/#\/schema\/person\/4641c70600fbb1aac968996a0ef6d284"},"headline":"Protocole pour le culte \u00e0 partir du 9 juin 2021","datePublished":"2021-06-08T10:14:10+00:00","dateModified":"2021-06-08T12:20:15+00:00","mainEntityOfPage":{"@id":"https:\/\/orthodoxia.be\/fr\/2021\/06\/08\/protocole-pour-le-culte-a-partir-du-9-juin-2021\/"},"wordCount":2973,"publisher":{"@id":"https:\/\/orthodoxia.be\/#organization"},"image":{"@id":"https:\/\/orthodoxia.be\/fr\/2021\/06\/08\/protocole-pour-le-culte-a-partir-du-9-juin-2021\/#primaryimage"},"thumbnailUrl":"https:\/\/orthodoxia.be\/wp-content\/uploads\/2018\/05\/21-13-e1623148371321.jpg","articleSection":["Actualit\u00e9"],"inLanguage":"fr-BE"},{"@type":"WebPage","@id":"https:\/\/orthodoxia.be\/fr\/2021\/06\/08\/protocole-pour-le-culte-a-partir-du-9-juin-2021\/","url":"https:\/\/orthodoxia.be\/fr\/2021\/06\/08\/protocole-pour-le-culte-a-partir-du-9-juin-2021\/","name":"Protocole pour le culte \u00e0 partir du 9 juin 2021 - Archev\u00each\u00e9 Orthodoxe de Belgique","isPartOf":{"@id":"https:\/\/orthodoxia.be\/#website"},"primaryImageOfPage":{"@id":"https:\/\/orthodoxia.be\/fr\/2021\/06\/08\/protocole-pour-le-culte-a-partir-du-9-juin-2021\/#primaryimage"},"image":{"@id":"https:\/\/orthodoxia.be\/fr\/2021\/06\/08\/protocole-pour-le-culte-a-partir-du-9-juin-2021\/#primaryimage"},"thumbnailUrl":"https:\/\/orthodoxia.be\/wp-content\/uploads\/2018\/05\/21-13-e1623148371321.jpg","datePublished":"2021-06-08T10:14:10+00:00","dateModified":"2021-06-08T12:20:15+00:00","breadcrumb":{"@id":"https:\/\/orthodoxia.be\/fr\/2021\/06\/08\/protocole-pour-le-culte-a-partir-du-9-juin-2021\/#breadcrumb"},"inLanguage":"fr-BE","potentialAction":[{"@type":"ReadAction","target":["https:\/\/orthodoxia.be\/fr\/2021\/06\/08\/protocole-pour-le-culte-a-partir-du-9-juin-2021\/"]}]},{"@type":"ImageObject","inLanguage":"fr-BE","@id":"https:\/\/orthodoxia.be\/fr\/2021\/06\/08\/protocole-pour-le-culte-a-partir-du-9-juin-2021\/#primaryimage","url":"https:\/\/orthodoxia.be\/wp-content\/uploads\/2018\/05\/21-13-e1623148371321.jpg","contentUrl":"https:\/\/orthodoxia.be\/wp-content\/uploads\/2018\/05\/21-13-e1623148371321.jpg","width":800,"height":533},{"@type":"BreadcrumbList","@id":"https:\/\/orthodoxia.be\/fr\/2021\/06\/08\/protocole-pour-le-culte-a-partir-du-9-juin-2021\/#breadcrumb","itemListElement":[{"@type":"ListItem","position":1,"name":"Home","item":"https:\/\/orthodoxia.be\/fr\/"},{"@type":"ListItem","position":2,"name":"Protocole pour le culte \u00e0 partir du 9 juin 2021"}]},{"@type":"WebSite","@id":"https:\/\/orthodoxia.be\/#website","url":"https:\/\/orthodoxia.be\/","name":"Orthodox Archdiocese of Belgium (Benelux)","description":"Exarque des Pays-Bas et du Luxembourg","publisher":{"@id":"https:\/\/orthodoxia.be\/#organization"},"alternateName":"IMB","potentialAction":[{"@type":"SearchAction","target":{"@type":"EntryPoint","urlTemplate":"https:\/\/orthodoxia.be\/?s={search_term_string}"},"query-input":{"@type":"PropertyValueSpecification","valueRequired":true,"valueName":"search_term_string"}}],"inLanguage":"fr-BE"},{"@type":"Organization","@id":"https:\/\/orthodoxia.be\/#organization","name":"Orthodox Archdiocese of Belgium (Benelux)","url":"https:\/\/orthodoxia.be\/","logo":{"@type":"ImageObject","inLanguage":"fr-BE","@id":"https:\/\/orthodoxia.be\/#\/schema\/logo\/image\/","url":"https:\/\/orthodoxia.be\/wp-content\/uploads\/2024\/02\/cropped-IMB-logo-512-cl-1.png","contentUrl":"https:\/\/orthodoxia.be\/wp-content\/uploads\/2024\/02\/cropped-IMB-logo-512-cl-1.png","width":512,"height":512,"caption":"Orthodox Archdiocese of Belgium (Benelux)"},"image":{"@id":"https:\/\/orthodoxia.be\/#\/schema\/logo\/image\/"},"sameAs":["https:\/\/www.facebook.com\/orthobel","https:\/\/x.com\/orthobel","https:\/\/www.youtube.com\/c\/orthobel","https:\/\/www.mixcloud.com\/orthobel\/","https:\/\/www.flickr.com\/photos\/148264890@N07\/albums","https:\/\/www.dailymotion.com\/Orthobel"]},{"@type":"Person","@id":"https:\/\/orthodoxia.be\/#\/schema\/person\/4641c70600fbb1aac968996a0ef6d284","name":"\u0391\u03c1\u03c7\u03b5\u03af\u03bf \u03a3\u03c5\u03bd\u03b5\u03c1\u03b3\u03b1\u03c4\u03ce\u03bd","image":{"@type":"ImageObject","inLanguage":"fr-BE","@id":"https:\/\/orthodoxia.be\/#\/schema\/person\/image\/","url":"https:\/\/secure.gravatar.com\/avatar\/0bf791bec6a55758e3ee18a1fc90f09b?s=96&d=mm&r=g","contentUrl":"https:\/\/secure.gravatar.com\/avatar\/0bf791bec6a55758e3ee18a1fc90f09b?s=96&d=mm&r=g","caption":"\u0391\u03c1\u03c7\u03b5\u03af\u03bf \u03a3\u03c5\u03bd\u03b5\u03c1\u03b3\u03b1\u03c4\u03ce\u03bd"},"url":"https:\/\/orthodoxia.be\/fr\/author\/archives\/"}]}},"_links":{"self":[{"href":"https:\/\/orthodoxia.be\/fr\/wp-json\/wp\/v2\/posts\/31768","targetHints":{"allow":["GET"]}}],"collection":[{"href":"https:\/\/orthodoxia.be\/fr\/wp-json\/wp\/v2\/posts"}],"about":[{"href":"https:\/\/orthodoxia.be\/fr\/wp-json\/wp\/v2\/types\/post"}],"author":[{"embeddable":true,"href":"https:\/\/orthodoxia.be\/fr\/wp-json\/wp\/v2\/users\/12"}],"replies":[{"embeddable":true,"href":"https:\/\/orthodoxia.be\/fr\/wp-json\/wp\/v2\/comments?post=31768"}],"version-history":[{"count":5,"href":"https:\/\/orthodoxia.be\/fr\/wp-json\/wp\/v2\/posts\/31768\/revisions"}],"predecessor-version":[{"id":31891,"href":"https:\/\/orthodoxia.be\/fr\/wp-json\/wp\/v2\/posts\/31768\/revisions\/31891"}],"wp:featuredmedia":[{"embeddable":true,"href":"https:\/\/orthodoxia.be\/fr\/wp-json\/wp\/v2\/media\/30854"}],"wp:attachment":[{"href":"https:\/\/orthodoxia.be\/fr\/wp-json\/wp\/v2\/media?parent=31768"}],"wp:term":[{"taxonomy":"category","embeddable":true,"href":"https:\/\/orthodoxia.be\/fr\/wp-json\/wp\/v2\/categories?post=31768"},{"taxonomy":"post_tag","embeddable":true,"href":"https:\/\/orthodoxia.be\/fr\/wp-json\/wp\/v2\/tags?post=31768"}],"curies":[{"name":"wp","href":"https:\/\/api.w.org\/{rel}","templated":true}]}}