{"id":3206,"date":"2010-02-13T12:02:23","date_gmt":"2010-02-13T12:02:23","guid":{"rendered":"http:\/\/new.orthodoxia.be\/?p=3206"},"modified":"2017-11-21T12:20:06","modified_gmt":"2017-11-21T12:20:06","slug":"message-du-patriarche-oecumenique-bartholomee-sur-lexplosion-dans-la-centrale-nucleaire-au-japon","status":"publish","type":"post","link":"https:\/\/orthodoxia.be\/fr\/2010\/02\/13\/message-du-patriarche-oecumenique-bartholomee-sur-lexplosion-dans-la-centrale-nucleaire-au-japon\/","title":{"rendered":"MESSAGE DU PATRIARCHE OECUMENIQUE BARTHOLOMEE SUR L\u2019EXPLOSION DANS LA CENTRALE NUCLEAIRE AU JAPON"},"content":{"rendered":"<p>&nbsp;<\/p>\n<p>Constantinople \u2013 Le c\u0153ur serr\u00e9 de douleur, l\u2019humanit\u00e9 toute enti\u00e8re vit le drame du s\u00e9isme qui a \u00e9branl\u00e9 le Japon, co\u00fbtant la vie \u00e0 tant de nos semblables. Elle constate avec angoisse les dommages collat\u00e9raux dans le pays du soleil levant et dans les autres contr\u00e9es de l\u2019oc\u00e9an Pacifique. Des pri\u00e8res s\u2019\u00e9l\u00e8vent de toute part pour les disparus mais aussi pour ceux qui vont encore \u00eatre \u00e9prouv\u00e9s et mis en danger par les explosions post-sismiques. H\u00e9las, l\u2019explosion de la centrale nucl\u00e9aire de Fukoshima est survenue, autre cons\u00e9quence tragique du tremblement de terre, rendant plus horrible encore le cauchemar du Japon. Ses affreuses cons\u00e9quences seront sensibles sur une plus grande \u00e9chelle encore. A propos des tremblements de terre, l\u2019homme n\u2019a rien \u00e0 dire, car leurs causes le d\u00e9passent. Mais relativement \u00e0 l\u2019explosion de la centrale nucl\u00e9aire et plus g\u00e9n\u00e9ralement l\u2019\u00e9nergie atomique, il a droit \u00e0 la parole.<\/p>\n<p>Avec tout le respect d\u00fb \u00e0 la science, nous proposons, \u00e0 la place de l\u2019\u00e9nergie atomique si dangereuse pour la survie de l\u2019humanit\u00e9, les diverses formes d\u2019\u00e9nergie verte, qui sont inoffensives et respectent et l\u2019environnement et l\u2019homme et qui sont capables de r\u00e9pondre ses besoins \u00e0 suffisance. Le Cr\u00e9ateur nous a offert le soleil, l\u2019air, les vagues des mers et des oc\u00e9ans, \u00e0 partir desquels nous pouvons produire de l\u2019\u00e9nergie. La science respectueuse de l\u2019environnement a mis au point des techniques permettant m\u00eame d\u2019acqu\u00e9rir une \u00e9nergie inoffensive \u00e0 partir des d\u00e9chets. Nous nous interrogeons donc : Pourquoi se tourner vers des entreprises si dangereuses ? Ne s\u2019agit-il pas l\u00e0 d\u2019un outrage \u00e0 la nature ? La nature, elle, se venge !<\/p>\n<p>Du Patriarcat Oecum\u00e9nique nous \u00e9levons des pri\u00e8res ferventes pour le peuple japonais ami, afflig\u00e9 et \u00e9prouv\u00e9, et nous lan\u00e7ons un appel dans toutes les directions en vue d\u2019une r\u00e9vision de la politique des Etats en faveur de l\u2019\u00e9nergie nucl\u00e9aire.<\/p>\n<p>&nbsp;<\/p>\n<p>Source: www.orthodoxie.com<\/p>\n","protected":false},"excerpt":{"rendered":"<p>&nbsp; Constantinople \u2013 Le c\u0153ur serr\u00e9 de douleur, l\u2019humanit\u00e9 toute enti\u00e8re vit le drame du s\u00e9isme qui a \u00e9branl\u00e9 le Japon, co\u00fbtant la vie \u00e0 tant de nos semblables. Elle constate avec angoisse les dommages collat\u00e9raux dans le pays du soleil levant et dans les autres contr\u00e9es de l\u2019oc\u00e9an Pacifique. Des pri\u00e8res s\u2019\u00e9l\u00e8vent de toute &hellip; <a href=\"https:\/\/orthodoxia.be\/fr\/2010\/02\/13\/message-du-patriarche-oecumenique-bartholomee-sur-lexplosion-dans-la-centrale-nucleaire-au-japon\/\">Continued<\/a><\/p>\n","protected":false},"author":12,"featured_media":0,"comment_status":"open","ping_status":"open","sticky":false,"template":"","format":"standard","meta":{"_acf_changed":false,"footnotes":""},"categories":[14,16],"tags":[],"class_list":["post-3206","post","type-post","status-publish","format-standard","hentry","category-actualite","category-communique"],"acf":[],"yoast_head":"<!-- This site is optimized with the Yoast SEO plugin v24.3 - https:\/\/yoast.com\/wordpress\/plugins\/seo\/ -->\n<title>MESSAGE DU PATRIARCHE OECUMENIQUE BARTHOLOMEE SUR L&#039;EXPLOSION DANS LA CENTRALE NUCLEAIRE AU JAPON - Archev\u00each\u00e9 Orthodoxe de Belgique<\/title>\n<meta name=\"robots\" content=\"index, follow, max-snippet:-1, max-image-preview:large, max-video-preview:-1\" \/>\n<link rel=\"canonical\" href=\"https:\/\/orthodoxia.be\/fr\/2010\/02\/13\/message-du-patriarche-oecumenique-bartholomee-sur-lexplosion-dans-la-centrale-nucleaire-au-japon\/\" \/>\n<meta property=\"og:locale\" content=\"fr_FR\" \/>\n<meta property=\"og:type\" content=\"article\" \/>\n<meta property=\"og:title\" content=\"MESSAGE DU PATRIARCHE OECUMENIQUE BARTHOLOMEE SUR L&#039;EXPLOSION DANS LA CENTRALE NUCLEAIRE AU JAPON - Archev\u00each\u00e9 Orthodoxe de Belgique\" \/>\n<meta property=\"og:description\" content=\"&nbsp; Constantinople \u2013 Le c\u0153ur serr\u00e9 de douleur, l\u2019humanit\u00e9 toute enti\u00e8re vit le drame du s\u00e9isme qui a \u00e9branl\u00e9 le Japon, co\u00fbtant la vie \u00e0 tant de nos semblables. Elle constate avec angoisse les dommages collat\u00e9raux dans le pays du soleil levant et dans les autres contr\u00e9es de l\u2019oc\u00e9an Pacifique. Des pri\u00e8res s\u2019\u00e9l\u00e8vent de toute &hellip; Continued\" \/>\n<meta property=\"og:url\" content=\"https:\/\/orthodoxia.be\/fr\/2010\/02\/13\/message-du-patriarche-oecumenique-bartholomee-sur-lexplosion-dans-la-centrale-nucleaire-au-japon\/\" \/>\n<meta property=\"og:site_name\" content=\"Archev\u00each\u00e9 Orthodoxe de Belgique\" \/>\n<meta property=\"article:publisher\" content=\"https:\/\/www.facebook.com\/orthobel\" \/>\n<meta property=\"article:published_time\" content=\"2010-02-13T12:02:23+00:00\" \/>\n<meta property=\"article:modified_time\" content=\"2017-11-21T12:20:06+00:00\" \/>\n<meta property=\"og:image\" content=\"https:\/\/orthodoxia.be\/wp-content\/uploads\/2025\/02\/Orthobel.jpg\" \/>\n\t<meta property=\"og:image:width\" content=\"1200\" \/>\n\t<meta property=\"og:image:height\" content=\"675\" \/>\n\t<meta property=\"og:image:type\" content=\"image\/jpeg\" \/>\n<meta name=\"author\" content=\"\u0391\u03c1\u03c7\u03b5\u03af\u03bf \u03a3\u03c5\u03bd\u03b5\u03c1\u03b3\u03b1\u03c4\u03ce\u03bd\" \/>\n<meta name=\"twitter:card\" content=\"summary_large_image\" \/>\n<meta name=\"twitter:creator\" content=\"@orthobel\" \/>\n<meta name=\"twitter:site\" content=\"@orthobel\" \/>\n<meta name=\"twitter:label1\" content=\"\u00c9crit par\" \/>\n\t<meta name=\"twitter:data1\" content=\"\u0391\u03c1\u03c7\u03b5\u03af\u03bf \u03a3\u03c5\u03bd\u03b5\u03c1\u03b3\u03b1\u03c4\u03ce\u03bd\" \/>\n\t<meta name=\"twitter:label2\" content=\"Dur\u00e9e de lecture est.\" \/>\n\t<meta name=\"twitter:data2\" content=\"2 minutes\" \/>\n<script type=\"application\/ld+json\" class=\"yoast-schema-graph\">{\"@context\":\"https:\/\/schema.org\",\"@graph\":[{\"@type\":\"Article\",\"@id\":\"https:\/\/orthodoxia.be\/fr\/2010\/02\/13\/message-du-patriarche-oecumenique-bartholomee-sur-lexplosion-dans-la-centrale-nucleaire-au-japon\/#article\",\"isPartOf\":{\"@id\":\"https:\/\/orthodoxia.be\/fr\/2010\/02\/13\/message-du-patriarche-oecumenique-bartholomee-sur-lexplosion-dans-la-centrale-nucleaire-au-japon\/\"},\"author\":{\"name\":\"\u0391\u03c1\u03c7\u03b5\u03af\u03bf \u03a3\u03c5\u03bd\u03b5\u03c1\u03b3\u03b1\u03c4\u03ce\u03bd\",\"@id\":\"https:\/\/orthodoxia.be\/#\/schema\/person\/4641c70600fbb1aac968996a0ef6d284\"},\"headline\":\"MESSAGE DU PATRIARCHE OECUMENIQUE BARTHOLOMEE SUR L\u2019EXPLOSION DANS LA CENTRALE NUCLEAIRE AU JAPON\",\"datePublished\":\"2010-02-13T12:02:23+00:00\",\"dateModified\":\"2017-11-21T12:20:06+00:00\",\"mainEntityOfPage\":{\"@id\":\"https:\/\/orthodoxia.be\/fr\/2010\/02\/13\/message-du-patriarche-oecumenique-bartholomee-sur-lexplosion-dans-la-centrale-nucleaire-au-japon\/\"},\"wordCount\":361,\"commentCount\":0,\"publisher\":{\"@id\":\"https:\/\/orthodoxia.be\/#organization\"},\"articleSection\":[\"Actualit\u00e9\",\"Communiqu\u00e9\"],\"inLanguage\":\"fr-BE\",\"potentialAction\":[{\"@type\":\"CommentAction\",\"name\":\"Comment\",\"target\":[\"https:\/\/orthodoxia.be\/fr\/2010\/02\/13\/message-du-patriarche-oecumenique-bartholomee-sur-lexplosion-dans-la-centrale-nucleaire-au-japon\/#respond\"]}]},{\"@type\":\"WebPage\",\"@id\":\"https:\/\/orthodoxia.be\/fr\/2010\/02\/13\/message-du-patriarche-oecumenique-bartholomee-sur-lexplosion-dans-la-centrale-nucleaire-au-japon\/\",\"url\":\"https:\/\/orthodoxia.be\/fr\/2010\/02\/13\/message-du-patriarche-oecumenique-bartholomee-sur-lexplosion-dans-la-centrale-nucleaire-au-japon\/\",\"name\":\"MESSAGE DU PATRIARCHE OECUMENIQUE BARTHOLOMEE SUR L'EXPLOSION DANS LA CENTRALE NUCLEAIRE AU JAPON - Archev\u00each\u00e9 Orthodoxe de Belgique\",\"isPartOf\":{\"@id\":\"https:\/\/orthodoxia.be\/#website\"},\"datePublished\":\"2010-02-13T12:02:23+00:00\",\"dateModified\":\"2017-11-21T12:20:06+00:00\",\"breadcrumb\":{\"@id\":\"https:\/\/orthodoxia.be\/fr\/2010\/02\/13\/message-du-patriarche-oecumenique-bartholomee-sur-lexplosion-dans-la-centrale-nucleaire-au-japon\/#breadcrumb\"},\"inLanguage\":\"fr-BE\",\"potentialAction\":[{\"@type\":\"ReadAction\",\"target\":[\"https:\/\/orthodoxia.be\/fr\/2010\/02\/13\/message-du-patriarche-oecumenique-bartholomee-sur-lexplosion-dans-la-centrale-nucleaire-au-japon\/\"]}]},{\"@type\":\"BreadcrumbList\",\"@id\":\"https:\/\/orthodoxia.be\/fr\/2010\/02\/13\/message-du-patriarche-oecumenique-bartholomee-sur-lexplosion-dans-la-centrale-nucleaire-au-japon\/#breadcrumb\",\"itemListElement\":[{\"@type\":\"ListItem\",\"position\":1,\"name\":\"Home\",\"item\":\"https:\/\/orthodoxia.be\/fr\/\"},{\"@type\":\"ListItem\",\"position\":2,\"name\":\"MESSAGE DU PATRIARCHE OECUMENIQUE BARTHOLOMEE SUR L&#8217;EXPLOSION DANS LA CENTRALE NUCLEAIRE AU JAPON\"}]},{\"@type\":\"WebSite\",\"@id\":\"https:\/\/orthodoxia.be\/#website\",\"url\":\"https:\/\/orthodoxia.be\/\",\"name\":\"Orthodox Archdiocese of Belgium (Benelux)\",\"description\":\"Exarque des Pays-Bas et du Luxembourg\",\"publisher\":{\"@id\":\"https:\/\/orthodoxia.be\/#organization\"},\"alternateName\":\"IMB\",\"potentialAction\":[{\"@type\":\"SearchAction\",\"target\":{\"@type\":\"EntryPoint\",\"urlTemplate\":\"https:\/\/orthodoxia.be\/?s={search_term_string}\"},\"query-input\":{\"@type\":\"PropertyValueSpecification\",\"valueRequired\":true,\"valueName\":\"search_term_string\"}}],\"inLanguage\":\"fr-BE\"},{\"@type\":\"Organization\",\"@id\":\"https:\/\/orthodoxia.be\/#organization\",\"name\":\"Orthodox Archdiocese of Belgium (Benelux)\",\"url\":\"https:\/\/orthodoxia.be\/\",\"logo\":{\"@type\":\"ImageObject\",\"inLanguage\":\"fr-BE\",\"@id\":\"https:\/\/orthodoxia.be\/#\/schema\/logo\/image\/\",\"url\":\"https:\/\/orthodoxia.be\/wp-content\/uploads\/2024\/02\/cropped-IMB-logo-512-cl-1.png\",\"contentUrl\":\"https:\/\/orthodoxia.be\/wp-content\/uploads\/2024\/02\/cropped-IMB-logo-512-cl-1.png\",\"width\":512,\"height\":512,\"caption\":\"Orthodox Archdiocese of Belgium (Benelux)\"},\"image\":{\"@id\":\"https:\/\/orthodoxia.be\/#\/schema\/logo\/image\/\"},\"sameAs\":[\"https:\/\/www.facebook.com\/orthobel\",\"https:\/\/x.com\/orthobel\",\"https:\/\/www.youtube.com\/c\/orthobel\",\"https:\/\/www.mixcloud.com\/orthobel\/\",\"https:\/\/www.flickr.com\/photos\/148264890@N07\/albums\",\"https:\/\/www.dailymotion.com\/Orthobel\"]},{\"@type\":\"Person\",\"@id\":\"https:\/\/orthodoxia.be\/#\/schema\/person\/4641c70600fbb1aac968996a0ef6d284\",\"name\":\"\u0391\u03c1\u03c7\u03b5\u03af\u03bf \u03a3\u03c5\u03bd\u03b5\u03c1\u03b3\u03b1\u03c4\u03ce\u03bd\",\"image\":{\"@type\":\"ImageObject\",\"inLanguage\":\"fr-BE\",\"@id\":\"https:\/\/orthodoxia.be\/#\/schema\/person\/image\/\",\"url\":\"https:\/\/secure.gravatar.com\/avatar\/0bf791bec6a55758e3ee18a1fc90f09b?s=96&d=mm&r=g\",\"contentUrl\":\"https:\/\/secure.gravatar.com\/avatar\/0bf791bec6a55758e3ee18a1fc90f09b?s=96&d=mm&r=g\",\"caption\":\"\u0391\u03c1\u03c7\u03b5\u03af\u03bf \u03a3\u03c5\u03bd\u03b5\u03c1\u03b3\u03b1\u03c4\u03ce\u03bd\"},\"url\":\"https:\/\/orthodoxia.be\/fr\/author\/archives\/\"}]}<\/script>\n<!-- \/ Yoast SEO plugin. -->","yoast_head_json":{"title":"MESSAGE DU PATRIARCHE OECUMENIQUE BARTHOLOMEE SUR L'EXPLOSION DANS LA CENTRALE NUCLEAIRE AU JAPON - Archev\u00each\u00e9 Orthodoxe de Belgique","robots":{"index":"index","follow":"follow","max-snippet":"max-snippet:-1","max-image-preview":"max-image-preview:large","max-video-preview":"max-video-preview:-1"},"canonical":"https:\/\/orthodoxia.be\/fr\/2010\/02\/13\/message-du-patriarche-oecumenique-bartholomee-sur-lexplosion-dans-la-centrale-nucleaire-au-japon\/","og_locale":"fr_FR","og_type":"article","og_title":"MESSAGE DU PATRIARCHE OECUMENIQUE BARTHOLOMEE SUR L'EXPLOSION DANS LA CENTRALE NUCLEAIRE AU JAPON - Archev\u00each\u00e9 Orthodoxe de Belgique","og_description":"&nbsp; Constantinople \u2013 Le c\u0153ur serr\u00e9 de douleur, l\u2019humanit\u00e9 toute enti\u00e8re vit le drame du s\u00e9isme qui a \u00e9branl\u00e9 le Japon, co\u00fbtant la vie \u00e0 tant de nos semblables. Elle constate avec angoisse les dommages collat\u00e9raux dans le pays du soleil levant et dans les autres contr\u00e9es de l\u2019oc\u00e9an Pacifique. Des pri\u00e8res s\u2019\u00e9l\u00e8vent de toute &hellip; Continued","og_url":"https:\/\/orthodoxia.be\/fr\/2010\/02\/13\/message-du-patriarche-oecumenique-bartholomee-sur-lexplosion-dans-la-centrale-nucleaire-au-japon\/","og_site_name":"Archev\u00each\u00e9 Orthodoxe de Belgique","article_publisher":"https:\/\/www.facebook.com\/orthobel","article_published_time":"2010-02-13T12:02:23+00:00","article_modified_time":"2017-11-21T12:20:06+00:00","og_image":[{"width":1200,"height":675,"url":"https:\/\/orthodoxia.be\/wp-content\/uploads\/2025\/02\/Orthobel.jpg","type":"image\/jpeg"}],"author":"\u0391\u03c1\u03c7\u03b5\u03af\u03bf \u03a3\u03c5\u03bd\u03b5\u03c1\u03b3\u03b1\u03c4\u03ce\u03bd","twitter_card":"summary_large_image","twitter_creator":"@orthobel","twitter_site":"@orthobel","twitter_misc":{"\u00c9crit par":"\u0391\u03c1\u03c7\u03b5\u03af\u03bf \u03a3\u03c5\u03bd\u03b5\u03c1\u03b3\u03b1\u03c4\u03ce\u03bd","Dur\u00e9e de lecture est.":"2 minutes"},"schema":{"@context":"https:\/\/schema.org","@graph":[{"@type":"Article","@id":"https:\/\/orthodoxia.be\/fr\/2010\/02\/13\/message-du-patriarche-oecumenique-bartholomee-sur-lexplosion-dans-la-centrale-nucleaire-au-japon\/#article","isPartOf":{"@id":"https:\/\/orthodoxia.be\/fr\/2010\/02\/13\/message-du-patriarche-oecumenique-bartholomee-sur-lexplosion-dans-la-centrale-nucleaire-au-japon\/"},"author":{"name":"\u0391\u03c1\u03c7\u03b5\u03af\u03bf \u03a3\u03c5\u03bd\u03b5\u03c1\u03b3\u03b1\u03c4\u03ce\u03bd","@id":"https:\/\/orthodoxia.be\/#\/schema\/person\/4641c70600fbb1aac968996a0ef6d284"},"headline":"MESSAGE DU PATRIARCHE OECUMENIQUE BARTHOLOMEE SUR L\u2019EXPLOSION DANS LA CENTRALE NUCLEAIRE AU JAPON","datePublished":"2010-02-13T12:02:23+00:00","dateModified":"2017-11-21T12:20:06+00:00","mainEntityOfPage":{"@id":"https:\/\/orthodoxia.be\/fr\/2010\/02\/13\/message-du-patriarche-oecumenique-bartholomee-sur-lexplosion-dans-la-centrale-nucleaire-au-japon\/"},"wordCount":361,"commentCount":0,"publisher":{"@id":"https:\/\/orthodoxia.be\/#organization"},"articleSection":["Actualit\u00e9","Communiqu\u00e9"],"inLanguage":"fr-BE","potentialAction":[{"@type":"CommentAction","name":"Comment","target":["https:\/\/orthodoxia.be\/fr\/2010\/02\/13\/message-du-patriarche-oecumenique-bartholomee-sur-lexplosion-dans-la-centrale-nucleaire-au-japon\/#respond"]}]},{"@type":"WebPage","@id":"https:\/\/orthodoxia.be\/fr\/2010\/02\/13\/message-du-patriarche-oecumenique-bartholomee-sur-lexplosion-dans-la-centrale-nucleaire-au-japon\/","url":"https:\/\/orthodoxia.be\/fr\/2010\/02\/13\/message-du-patriarche-oecumenique-bartholomee-sur-lexplosion-dans-la-centrale-nucleaire-au-japon\/","name":"MESSAGE DU PATRIARCHE OECUMENIQUE BARTHOLOMEE SUR L'EXPLOSION DANS LA CENTRALE NUCLEAIRE AU JAPON - Archev\u00each\u00e9 Orthodoxe de Belgique","isPartOf":{"@id":"https:\/\/orthodoxia.be\/#website"},"datePublished":"2010-02-13T12:02:23+00:00","dateModified":"2017-11-21T12:20:06+00:00","breadcrumb":{"@id":"https:\/\/orthodoxia.be\/fr\/2010\/02\/13\/message-du-patriarche-oecumenique-bartholomee-sur-lexplosion-dans-la-centrale-nucleaire-au-japon\/#breadcrumb"},"inLanguage":"fr-BE","potentialAction":[{"@type":"ReadAction","target":["https:\/\/orthodoxia.be\/fr\/2010\/02\/13\/message-du-patriarche-oecumenique-bartholomee-sur-lexplosion-dans-la-centrale-nucleaire-au-japon\/"]}]},{"@type":"BreadcrumbList","@id":"https:\/\/orthodoxia.be\/fr\/2010\/02\/13\/message-du-patriarche-oecumenique-bartholomee-sur-lexplosion-dans-la-centrale-nucleaire-au-japon\/#breadcrumb","itemListElement":[{"@type":"ListItem","position":1,"name":"Home","item":"https:\/\/orthodoxia.be\/fr\/"},{"@type":"ListItem","position":2,"name":"MESSAGE DU PATRIARCHE OECUMENIQUE BARTHOLOMEE SUR L&#8217;EXPLOSION DANS LA CENTRALE NUCLEAIRE AU JAPON"}]},{"@type":"WebSite","@id":"https:\/\/orthodoxia.be\/#website","url":"https:\/\/orthodoxia.be\/","name":"Orthodox Archdiocese of Belgium (Benelux)","description":"Exarque des Pays-Bas et du Luxembourg","publisher":{"@id":"https:\/\/orthodoxia.be\/#organization"},"alternateName":"IMB","potentialAction":[{"@type":"SearchAction","target":{"@type":"EntryPoint","urlTemplate":"https:\/\/orthodoxia.be\/?s={search_term_string}"},"query-input":{"@type":"PropertyValueSpecification","valueRequired":true,"valueName":"search_term_string"}}],"inLanguage":"fr-BE"},{"@type":"Organization","@id":"https:\/\/orthodoxia.be\/#organization","name":"Orthodox Archdiocese of Belgium (Benelux)","url":"https:\/\/orthodoxia.be\/","logo":{"@type":"ImageObject","inLanguage":"fr-BE","@id":"https:\/\/orthodoxia.be\/#\/schema\/logo\/image\/","url":"https:\/\/orthodoxia.be\/wp-content\/uploads\/2024\/02\/cropped-IMB-logo-512-cl-1.png","contentUrl":"https:\/\/orthodoxia.be\/wp-content\/uploads\/2024\/02\/cropped-IMB-logo-512-cl-1.png","width":512,"height":512,"caption":"Orthodox Archdiocese of Belgium (Benelux)"},"image":{"@id":"https:\/\/orthodoxia.be\/#\/schema\/logo\/image\/"},"sameAs":["https:\/\/www.facebook.com\/orthobel","https:\/\/x.com\/orthobel","https:\/\/www.youtube.com\/c\/orthobel","https:\/\/www.mixcloud.com\/orthobel\/","https:\/\/www.flickr.com\/photos\/148264890@N07\/albums","https:\/\/www.dailymotion.com\/Orthobel"]},{"@type":"Person","@id":"https:\/\/orthodoxia.be\/#\/schema\/person\/4641c70600fbb1aac968996a0ef6d284","name":"\u0391\u03c1\u03c7\u03b5\u03af\u03bf \u03a3\u03c5\u03bd\u03b5\u03c1\u03b3\u03b1\u03c4\u03ce\u03bd","image":{"@type":"ImageObject","inLanguage":"fr-BE","@id":"https:\/\/orthodoxia.be\/#\/schema\/person\/image\/","url":"https:\/\/secure.gravatar.com\/avatar\/0bf791bec6a55758e3ee18a1fc90f09b?s=96&d=mm&r=g","contentUrl":"https:\/\/secure.gravatar.com\/avatar\/0bf791bec6a55758e3ee18a1fc90f09b?s=96&d=mm&r=g","caption":"\u0391\u03c1\u03c7\u03b5\u03af\u03bf \u03a3\u03c5\u03bd\u03b5\u03c1\u03b3\u03b1\u03c4\u03ce\u03bd"},"url":"https:\/\/orthodoxia.be\/fr\/author\/archives\/"}]}},"_links":{"self":[{"href":"https:\/\/orthodoxia.be\/fr\/wp-json\/wp\/v2\/posts\/3206","targetHints":{"allow":["GET"]}}],"collection":[{"href":"https:\/\/orthodoxia.be\/fr\/wp-json\/wp\/v2\/posts"}],"about":[{"href":"https:\/\/orthodoxia.be\/fr\/wp-json\/wp\/v2\/types\/post"}],"author":[{"embeddable":true,"href":"https:\/\/orthodoxia.be\/fr\/wp-json\/wp\/v2\/users\/12"}],"replies":[{"embeddable":true,"href":"https:\/\/orthodoxia.be\/fr\/wp-json\/wp\/v2\/comments?post=3206"}],"version-history":[{"count":1,"href":"https:\/\/orthodoxia.be\/fr\/wp-json\/wp\/v2\/posts\/3206\/revisions"}],"predecessor-version":[{"id":3207,"href":"https:\/\/orthodoxia.be\/fr\/wp-json\/wp\/v2\/posts\/3206\/revisions\/3207"}],"wp:attachment":[{"href":"https:\/\/orthodoxia.be\/fr\/wp-json\/wp\/v2\/media?parent=3206"}],"wp:term":[{"taxonomy":"category","embeddable":true,"href":"https:\/\/orthodoxia.be\/fr\/wp-json\/wp\/v2\/categories?post=3206"},{"taxonomy":"post_tag","embeddable":true,"href":"https:\/\/orthodoxia.be\/fr\/wp-json\/wp\/v2\/tags?post=3206"}],"curies":[{"name":"wp","href":"https:\/\/api.w.org\/{rel}","templated":true}]}}