{"id":32767,"date":"2021-07-24T23:01:14","date_gmt":"2021-07-24T21:01:14","guid":{"rendered":"http:\/\/orthodoxia.be\/?p=32767"},"modified":"2021-07-25T18:08:31","modified_gmt":"2021-07-25T16:08:31","slug":"la-fete-onomastique-du-metropolite-athenagoras-de-belgique-et-nomination-dun-nouveau-vicaire-general-de-larcheveche","status":"publish","type":"post","link":"https:\/\/orthodoxia.be\/fr\/2021\/07\/24\/la-fete-onomastique-du-metropolite-athenagoras-de-belgique-et-nomination-dun-nouveau-vicaire-general-de-larcheveche\/","title":{"rendered":"La f\u00eate onomastique du M\u00e9tropolite Ath\u00e9nagoras de Belgique et nomination d\u2019un nouveau Vicaire g\u00e9n\u00e9ral de l\u2019Archev\u00each\u00e9"},"content":{"rendered":"<p style=\"text-align: justify;\">Le samedi 24 juillet 2021, jour de m\u00e9moire de Saint Ath\u00e9nagoras d\u2019Ath\u00e8nes l\u2019Apolog\u00e8te, Son Eminence le M\u00e9tropolite Ath\u00e9nagoras de Belgique et Exarque des Pays-Bas et de Luxembourg a honor\u00e9 sa f\u00eate onomastique en pr\u00e9sidant la c\u00e9l\u00e9bration de la Divine Liturgie \u00e0 laquelle des clercs r\u00e9sidant \u00e0 Bruxelles ont particip\u00e9. Afin que les mesures sanitaires en vigueur soient respect\u00e9es, un nombre restreint de fid\u00e8les y \u00e9taient aussi pr\u00e9sents.<\/p>\n<p style=\"text-align: justify;\">A la fin de la Divine Liturgie, Son Eminence a remerci\u00e9 Son Excellence l\u2019Archev\u00eaque des Chr\u00e9tiens Syro-jacobites, Mgr Georges Kourie, pour l\u2019honneur de sa pr\u00e9sence \u00e0 la f\u00eate onomastique. Les deux \u00e9v\u00eaques ont fait leurs \u00e9tudes, de quelques ann\u00e9es de diff\u00e9rence, \u00e0 la m\u00eame Facult\u00e9 de Th\u00e9ologie de l\u2019Universit\u00e9 d\u2019Aristote \u00e0 Thessalonique. Le M\u00e9tropolite Ath\u00e9nagoras a remerci\u00e9 l&#8217;Archev\u00eaque Syro-jacobite aussi pour leur bonne et harmonieuse collaboration. Son Eminence a \u00e9galement adress\u00e9 ses remerciements pour l\u2019honneur de leurs pr\u00e9sences \u00e0 M. Vasile Zarmpalis, Consul G\u00e9n\u00e9ral de Gr\u00e8ce en Belgique, M. Stylianos Kymparidis, Archon Ieromnimon de la Sainte et Grande Eglise du Christ, M. Dimitri Argyropoulos, pr\u00e9sident de la Communaut\u00e9 Hell\u00e9nique de Bruxelles, et \u00e0 tous les fid\u00e8les venus pour rendre hommage \u00e0 leur Pasteur.<\/p>\n<p style=\"text-align: justify;\">Enfin, Son Eminence a remerci\u00e9 les membres du clerg\u00e9 pour leur pr\u00e9sence d\u2019honneur et tout particuli\u00e8rement ces pr\u00eatres et diacres qui sont ses collaborateurs imm\u00e9diats et en tout premier lieu le directeur de son Bureau particulier le Tr\u00e8s R\u00e9v\u00e9rend Archimandrite M. Philadelphos Kafalis qu\u2019Il a nomm\u00e9, \u00e0 partir de ce jour, Vicaire g\u00e9n\u00e9ral de l\u2019Archev\u00each\u00e9 de Belgique et Exarchat des Pays-Bas et de Luxembourg.<\/p>\n<p style=\"text-align: justify;\">Dans une br\u00e8ve allocution, adress\u00e9e au nouveau Vicaire g\u00e9n\u00e9ral, Son Eminence a dit : \u00ab Aujourd\u2019hui le moment est venu pour que je nomme le p\u00e8re Philadelphos, un de mes bons collaborateurs, Vicaire g\u00e9n\u00e9ral de notre Archev\u00each\u00e9. Dans les M\u00e9tropoles du Tr\u00f4ne \u0152cum\u00e9nique le Vicaire g\u00e9n\u00e9ral est nomm\u00e9, parmi les clercs c\u00e9libataires, par le M\u00e9tropolite. De l\u2019Imposition des mains pour cette fonction se fait uniquement au Saint Centre de l\u2019Eglise Orthodoxe, le Patriarcat \u0152cum\u00e9nique de Constantinople, par le Patriarche. La fonction du Vicaire g\u00e9n\u00e9ral implique des obligations eccl\u00e9siastiques, administratives et sociales. C\u2019est une personne de confiance absolue pour son M\u00e9tropolite qu\u2019il seconde dans les t\u00e2ches, les difficult\u00e9s et les peines administratives de la M\u00e9tropole. Il pense comme son M\u00e9tropolite et agit toujours avec l\u2019autorisation et la b\u00e9n\u00e9diction de son M\u00e9tropolite, \u00e0 la fa\u00e7on d\u2019un moine envers son higoum\u00e8ne. Son programme est celui de son M\u00e9tropolite \u00bb. En conclusion, son Eminence a souhait\u00e9 au nouveau Vicaire g\u00e9n\u00e9ral une bonne et digne diaconie.<\/p>\n<p style=\"text-align: justify;\">[FAGP id=32755]<\/p>\n","protected":false},"excerpt":{"rendered":"<p>Le samedi 24 juillet 2021, jour de m\u00e9moire de Saint Ath\u00e9nagoras d\u2019Ath\u00e8nes l\u2019Apolog\u00e8te, Son Eminence le M\u00e9tropolite Ath\u00e9nagoras de Belgique et Exarque des Pays-Bas et de Luxembourg a honor\u00e9 sa f\u00eate onomastique en pr\u00e9sidant la c\u00e9l\u00e9bration de la Divine Liturgie \u00e0 laquelle des clercs r\u00e9sidant \u00e0 Bruxelles ont particip\u00e9. Afin que les mesures sanitaires en &hellip; <a href=\"https:\/\/orthodoxia.be\/fr\/2021\/07\/24\/la-fete-onomastique-du-metropolite-athenagoras-de-belgique-et-nomination-dun-nouveau-vicaire-general-de-larcheveche\/\">Continued<\/a><\/p>\n","protected":false},"author":10,"featured_media":32761,"comment_status":"closed","ping_status":"open","sticky":false,"template":"","format":"standard","meta":{"_acf_changed":false,"footnotes":""},"categories":[14,151],"tags":[],"class_list":["post-32767","post","type-post","status-publish","format-standard","has-post-thumbnail","hentry","category-actualite","category-cathedrale-des-saints-archanges-bruxelles"],"acf":[],"yoast_head":"<!-- This site is optimized with the Yoast SEO plugin v24.3 - https:\/\/yoast.com\/wordpress\/plugins\/seo\/ -->\n<title>La f\u00eate onomastique du M\u00e9tropolite Ath\u00e9nagoras de Belgique et nomination d\u2019un nouveau Vicaire g\u00e9n\u00e9ral de l\u2019Archev\u00each\u00e9 - Archev\u00each\u00e9 Orthodoxe de Belgique<\/title>\n<meta name=\"robots\" content=\"index, follow, max-snippet:-1, max-image-preview:large, max-video-preview:-1\" \/>\n<link rel=\"canonical\" href=\"https:\/\/orthodoxia.be\/fr\/2021\/07\/24\/la-fete-onomastique-du-metropolite-athenagoras-de-belgique-et-nomination-dun-nouveau-vicaire-general-de-larcheveche\/\" \/>\n<meta property=\"og:locale\" content=\"fr_FR\" \/>\n<meta property=\"og:type\" content=\"article\" \/>\n<meta property=\"og:title\" content=\"La f\u00eate onomastique du M\u00e9tropolite Ath\u00e9nagoras de Belgique et nomination d\u2019un nouveau Vicaire g\u00e9n\u00e9ral de l\u2019Archev\u00each\u00e9 - Archev\u00each\u00e9 Orthodoxe de Belgique\" \/>\n<meta property=\"og:description\" content=\"Le samedi 24 juillet 2021, jour de m\u00e9moire de Saint Ath\u00e9nagoras d\u2019Ath\u00e8nes l\u2019Apolog\u00e8te, Son Eminence le M\u00e9tropolite Ath\u00e9nagoras de Belgique et Exarque des Pays-Bas et de Luxembourg a honor\u00e9 sa f\u00eate onomastique en pr\u00e9sidant la c\u00e9l\u00e9bration de la Divine Liturgie \u00e0 laquelle des clercs r\u00e9sidant \u00e0 Bruxelles ont particip\u00e9. Afin que les mesures sanitaires en &hellip; Continued\" \/>\n<meta property=\"og:url\" content=\"https:\/\/orthodoxia.be\/fr\/2021\/07\/24\/la-fete-onomastique-du-metropolite-athenagoras-de-belgique-et-nomination-dun-nouveau-vicaire-general-de-larcheveche\/\" \/>\n<meta property=\"og:site_name\" content=\"Archev\u00each\u00e9 Orthodoxe de Belgique\" \/>\n<meta property=\"article:publisher\" content=\"https:\/\/www.facebook.com\/orthobel\" \/>\n<meta property=\"article:published_time\" content=\"2021-07-24T21:01:14+00:00\" \/>\n<meta property=\"article:modified_time\" content=\"2021-07-25T16:08:31+00:00\" \/>\n<meta property=\"og:image\" content=\"https:\/\/orthodoxia.be\/wp-content\/uploads\/2021\/07\/51331579602_b921f1c9bc_o.jpg\" \/>\n\t<meta property=\"og:image:width\" content=\"1023\" \/>\n\t<meta property=\"og:image:height\" content=\"683\" \/>\n\t<meta property=\"og:image:type\" content=\"image\/jpeg\" \/>\n<meta name=\"author\" content=\"fr. Emilianos Chatzivasileiou\" \/>\n<meta name=\"twitter:card\" content=\"summary_large_image\" \/>\n<meta name=\"twitter:creator\" content=\"@orthobel\" \/>\n<meta name=\"twitter:site\" content=\"@orthobel\" \/>\n<meta name=\"twitter:label1\" content=\"\u00c9crit par\" \/>\n\t<meta name=\"twitter:data1\" content=\"fr. Emilianos Chatzivasileiou\" \/>\n\t<meta name=\"twitter:label2\" content=\"Dur\u00e9e de lecture est.\" \/>\n\t<meta name=\"twitter:data2\" content=\"2 minutes\" \/>\n<script type=\"application\/ld+json\" class=\"yoast-schema-graph\">{\"@context\":\"https:\/\/schema.org\",\"@graph\":[{\"@type\":\"Article\",\"@id\":\"https:\/\/orthodoxia.be\/fr\/2021\/07\/24\/la-fete-onomastique-du-metropolite-athenagoras-de-belgique-et-nomination-dun-nouveau-vicaire-general-de-larcheveche\/#article\",\"isPartOf\":{\"@id\":\"https:\/\/orthodoxia.be\/fr\/2021\/07\/24\/la-fete-onomastique-du-metropolite-athenagoras-de-belgique-et-nomination-dun-nouveau-vicaire-general-de-larcheveche\/\"},\"author\":{\"name\":\"fr. Emilianos Chatzivasileiou\",\"@id\":\"https:\/\/orthodoxia.be\/#\/schema\/person\/f6c4fd8f4c3dfc201522ccccede872c4\"},\"headline\":\"La f\u00eate onomastique du M\u00e9tropolite Ath\u00e9nagoras de Belgique et nomination d\u2019un nouveau Vicaire g\u00e9n\u00e9ral de l\u2019Archev\u00each\u00e9\",\"datePublished\":\"2021-07-24T21:01:14+00:00\",\"dateModified\":\"2021-07-25T16:08:31+00:00\",\"mainEntityOfPage\":{\"@id\":\"https:\/\/orthodoxia.be\/fr\/2021\/07\/24\/la-fete-onomastique-du-metropolite-athenagoras-de-belgique-et-nomination-dun-nouveau-vicaire-general-de-larcheveche\/\"},\"wordCount\":519,\"publisher\":{\"@id\":\"https:\/\/orthodoxia.be\/#organization\"},\"image\":{\"@id\":\"https:\/\/orthodoxia.be\/fr\/2021\/07\/24\/la-fete-onomastique-du-metropolite-athenagoras-de-belgique-et-nomination-dun-nouveau-vicaire-general-de-larcheveche\/#primaryimage\"},\"thumbnailUrl\":\"https:\/\/orthodoxia.be\/wp-content\/uploads\/2021\/07\/51331579602_b921f1c9bc_o.jpg\",\"articleSection\":[\"Actualit\u00e9\",\"Cath\u00e9drale des Saints Archanges (Bruxelles)\"],\"inLanguage\":\"fr-BE\"},{\"@type\":\"WebPage\",\"@id\":\"https:\/\/orthodoxia.be\/fr\/2021\/07\/24\/la-fete-onomastique-du-metropolite-athenagoras-de-belgique-et-nomination-dun-nouveau-vicaire-general-de-larcheveche\/\",\"url\":\"https:\/\/orthodoxia.be\/fr\/2021\/07\/24\/la-fete-onomastique-du-metropolite-athenagoras-de-belgique-et-nomination-dun-nouveau-vicaire-general-de-larcheveche\/\",\"name\":\"La f\u00eate onomastique du M\u00e9tropolite Ath\u00e9nagoras de Belgique et nomination d\u2019un nouveau Vicaire g\u00e9n\u00e9ral de l\u2019Archev\u00each\u00e9 - Archev\u00each\u00e9 Orthodoxe de Belgique\",\"isPartOf\":{\"@id\":\"https:\/\/orthodoxia.be\/#website\"},\"primaryImageOfPage\":{\"@id\":\"https:\/\/orthodoxia.be\/fr\/2021\/07\/24\/la-fete-onomastique-du-metropolite-athenagoras-de-belgique-et-nomination-dun-nouveau-vicaire-general-de-larcheveche\/#primaryimage\"},\"image\":{\"@id\":\"https:\/\/orthodoxia.be\/fr\/2021\/07\/24\/la-fete-onomastique-du-metropolite-athenagoras-de-belgique-et-nomination-dun-nouveau-vicaire-general-de-larcheveche\/#primaryimage\"},\"thumbnailUrl\":\"https:\/\/orthodoxia.be\/wp-content\/uploads\/2021\/07\/51331579602_b921f1c9bc_o.jpg\",\"datePublished\":\"2021-07-24T21:01:14+00:00\",\"dateModified\":\"2021-07-25T16:08:31+00:00\",\"breadcrumb\":{\"@id\":\"https:\/\/orthodoxia.be\/fr\/2021\/07\/24\/la-fete-onomastique-du-metropolite-athenagoras-de-belgique-et-nomination-dun-nouveau-vicaire-general-de-larcheveche\/#breadcrumb\"},\"inLanguage\":\"fr-BE\",\"potentialAction\":[{\"@type\":\"ReadAction\",\"target\":[\"https:\/\/orthodoxia.be\/fr\/2021\/07\/24\/la-fete-onomastique-du-metropolite-athenagoras-de-belgique-et-nomination-dun-nouveau-vicaire-general-de-larcheveche\/\"]}]},{\"@type\":\"ImageObject\",\"inLanguage\":\"fr-BE\",\"@id\":\"https:\/\/orthodoxia.be\/fr\/2021\/07\/24\/la-fete-onomastique-du-metropolite-athenagoras-de-belgique-et-nomination-dun-nouveau-vicaire-general-de-larcheveche\/#primaryimage\",\"url\":\"https:\/\/orthodoxia.be\/wp-content\/uploads\/2021\/07\/51331579602_b921f1c9bc_o.jpg\",\"contentUrl\":\"https:\/\/orthodoxia.be\/wp-content\/uploads\/2021\/07\/51331579602_b921f1c9bc_o.jpg\",\"width\":1023,\"height\":683},{\"@type\":\"BreadcrumbList\",\"@id\":\"https:\/\/orthodoxia.be\/fr\/2021\/07\/24\/la-fete-onomastique-du-metropolite-athenagoras-de-belgique-et-nomination-dun-nouveau-vicaire-general-de-larcheveche\/#breadcrumb\",\"itemListElement\":[{\"@type\":\"ListItem\",\"position\":1,\"name\":\"Home\",\"item\":\"https:\/\/orthodoxia.be\/fr\/\"},{\"@type\":\"ListItem\",\"position\":2,\"name\":\"La f\u00eate onomastique du M\u00e9tropolite Ath\u00e9nagoras de Belgique et nomination d\u2019un nouveau Vicaire g\u00e9n\u00e9ral de l\u2019Archev\u00each\u00e9\"}]},{\"@type\":\"WebSite\",\"@id\":\"https:\/\/orthodoxia.be\/#website\",\"url\":\"https:\/\/orthodoxia.be\/\",\"name\":\"Orthodox Archdiocese of Belgium (Benelux)\",\"description\":\"Exarque des Pays-Bas et du Luxembourg\",\"publisher\":{\"@id\":\"https:\/\/orthodoxia.be\/#organization\"},\"alternateName\":\"IMB\",\"potentialAction\":[{\"@type\":\"SearchAction\",\"target\":{\"@type\":\"EntryPoint\",\"urlTemplate\":\"https:\/\/orthodoxia.be\/?s={search_term_string}\"},\"query-input\":{\"@type\":\"PropertyValueSpecification\",\"valueRequired\":true,\"valueName\":\"search_term_string\"}}],\"inLanguage\":\"fr-BE\"},{\"@type\":\"Organization\",\"@id\":\"https:\/\/orthodoxia.be\/#organization\",\"name\":\"Orthodox Archdiocese of Belgium (Benelux)\",\"url\":\"https:\/\/orthodoxia.be\/\",\"logo\":{\"@type\":\"ImageObject\",\"inLanguage\":\"fr-BE\",\"@id\":\"https:\/\/orthodoxia.be\/#\/schema\/logo\/image\/\",\"url\":\"https:\/\/orthodoxia.be\/wp-content\/uploads\/2024\/02\/cropped-IMB-logo-512-cl-1.png\",\"contentUrl\":\"https:\/\/orthodoxia.be\/wp-content\/uploads\/2024\/02\/cropped-IMB-logo-512-cl-1.png\",\"width\":512,\"height\":512,\"caption\":\"Orthodox Archdiocese of Belgium (Benelux)\"},\"image\":{\"@id\":\"https:\/\/orthodoxia.be\/#\/schema\/logo\/image\/\"},\"sameAs\":[\"https:\/\/www.facebook.com\/orthobel\",\"https:\/\/x.com\/orthobel\",\"https:\/\/www.youtube.com\/c\/orthobel\",\"https:\/\/www.mixcloud.com\/orthobel\/\",\"https:\/\/www.flickr.com\/photos\/148264890@N07\/albums\",\"https:\/\/www.dailymotion.com\/Orthobel\"]},{\"@type\":\"Person\",\"@id\":\"https:\/\/orthodoxia.be\/#\/schema\/person\/f6c4fd8f4c3dfc201522ccccede872c4\",\"name\":\"fr. Emilianos Chatzivasileiou\",\"image\":{\"@type\":\"ImageObject\",\"inLanguage\":\"fr-BE\",\"@id\":\"https:\/\/orthodoxia.be\/#\/schema\/person\/image\/\",\"url\":\"https:\/\/secure.gravatar.com\/avatar\/5b67115dbb9ae1579c39e9ae857d39ac?s=96&d=mm&r=g\",\"contentUrl\":\"https:\/\/secure.gravatar.com\/avatar\/5b67115dbb9ae1579c39e9ae857d39ac?s=96&d=mm&r=g\",\"caption\":\"fr. Emilianos Chatzivasileiou\"},\"sameAs\":[\"http:\/\/orthodoxia.be\"],\"url\":\"https:\/\/orthodoxia.be\/fr\/author\/p-emilianos\/\"}]}<\/script>\n<!-- \/ Yoast SEO plugin. -->","yoast_head_json":{"title":"La f\u00eate onomastique du M\u00e9tropolite Ath\u00e9nagoras de Belgique et nomination d\u2019un nouveau Vicaire g\u00e9n\u00e9ral de l\u2019Archev\u00each\u00e9 - Archev\u00each\u00e9 Orthodoxe de Belgique","robots":{"index":"index","follow":"follow","max-snippet":"max-snippet:-1","max-image-preview":"max-image-preview:large","max-video-preview":"max-video-preview:-1"},"canonical":"https:\/\/orthodoxia.be\/fr\/2021\/07\/24\/la-fete-onomastique-du-metropolite-athenagoras-de-belgique-et-nomination-dun-nouveau-vicaire-general-de-larcheveche\/","og_locale":"fr_FR","og_type":"article","og_title":"La f\u00eate onomastique du M\u00e9tropolite Ath\u00e9nagoras de Belgique et nomination d\u2019un nouveau Vicaire g\u00e9n\u00e9ral de l\u2019Archev\u00each\u00e9 - Archev\u00each\u00e9 Orthodoxe de Belgique","og_description":"Le samedi 24 juillet 2021, jour de m\u00e9moire de Saint Ath\u00e9nagoras d\u2019Ath\u00e8nes l\u2019Apolog\u00e8te, Son Eminence le M\u00e9tropolite Ath\u00e9nagoras de Belgique et Exarque des Pays-Bas et de Luxembourg a honor\u00e9 sa f\u00eate onomastique en pr\u00e9sidant la c\u00e9l\u00e9bration de la Divine Liturgie \u00e0 laquelle des clercs r\u00e9sidant \u00e0 Bruxelles ont particip\u00e9. Afin que les mesures sanitaires en &hellip; Continued","og_url":"https:\/\/orthodoxia.be\/fr\/2021\/07\/24\/la-fete-onomastique-du-metropolite-athenagoras-de-belgique-et-nomination-dun-nouveau-vicaire-general-de-larcheveche\/","og_site_name":"Archev\u00each\u00e9 Orthodoxe de Belgique","article_publisher":"https:\/\/www.facebook.com\/orthobel","article_published_time":"2021-07-24T21:01:14+00:00","article_modified_time":"2021-07-25T16:08:31+00:00","og_image":[{"width":1023,"height":683,"url":"https:\/\/orthodoxia.be\/wp-content\/uploads\/2021\/07\/51331579602_b921f1c9bc_o.jpg","type":"image\/jpeg"}],"author":"fr. Emilianos Chatzivasileiou","twitter_card":"summary_large_image","twitter_creator":"@orthobel","twitter_site":"@orthobel","twitter_misc":{"\u00c9crit par":"fr. Emilianos Chatzivasileiou","Dur\u00e9e de lecture est.":"2 minutes"},"schema":{"@context":"https:\/\/schema.org","@graph":[{"@type":"Article","@id":"https:\/\/orthodoxia.be\/fr\/2021\/07\/24\/la-fete-onomastique-du-metropolite-athenagoras-de-belgique-et-nomination-dun-nouveau-vicaire-general-de-larcheveche\/#article","isPartOf":{"@id":"https:\/\/orthodoxia.be\/fr\/2021\/07\/24\/la-fete-onomastique-du-metropolite-athenagoras-de-belgique-et-nomination-dun-nouveau-vicaire-general-de-larcheveche\/"},"author":{"name":"fr. Emilianos Chatzivasileiou","@id":"https:\/\/orthodoxia.be\/#\/schema\/person\/f6c4fd8f4c3dfc201522ccccede872c4"},"headline":"La f\u00eate onomastique du M\u00e9tropolite Ath\u00e9nagoras de Belgique et nomination d\u2019un nouveau Vicaire g\u00e9n\u00e9ral de l\u2019Archev\u00each\u00e9","datePublished":"2021-07-24T21:01:14+00:00","dateModified":"2021-07-25T16:08:31+00:00","mainEntityOfPage":{"@id":"https:\/\/orthodoxia.be\/fr\/2021\/07\/24\/la-fete-onomastique-du-metropolite-athenagoras-de-belgique-et-nomination-dun-nouveau-vicaire-general-de-larcheveche\/"},"wordCount":519,"publisher":{"@id":"https:\/\/orthodoxia.be\/#organization"},"image":{"@id":"https:\/\/orthodoxia.be\/fr\/2021\/07\/24\/la-fete-onomastique-du-metropolite-athenagoras-de-belgique-et-nomination-dun-nouveau-vicaire-general-de-larcheveche\/#primaryimage"},"thumbnailUrl":"https:\/\/orthodoxia.be\/wp-content\/uploads\/2021\/07\/51331579602_b921f1c9bc_o.jpg","articleSection":["Actualit\u00e9","Cath\u00e9drale des Saints Archanges (Bruxelles)"],"inLanguage":"fr-BE"},{"@type":"WebPage","@id":"https:\/\/orthodoxia.be\/fr\/2021\/07\/24\/la-fete-onomastique-du-metropolite-athenagoras-de-belgique-et-nomination-dun-nouveau-vicaire-general-de-larcheveche\/","url":"https:\/\/orthodoxia.be\/fr\/2021\/07\/24\/la-fete-onomastique-du-metropolite-athenagoras-de-belgique-et-nomination-dun-nouveau-vicaire-general-de-larcheveche\/","name":"La f\u00eate onomastique du M\u00e9tropolite Ath\u00e9nagoras de Belgique et nomination d\u2019un nouveau Vicaire g\u00e9n\u00e9ral de l\u2019Archev\u00each\u00e9 - Archev\u00each\u00e9 Orthodoxe de Belgique","isPartOf":{"@id":"https:\/\/orthodoxia.be\/#website"},"primaryImageOfPage":{"@id":"https:\/\/orthodoxia.be\/fr\/2021\/07\/24\/la-fete-onomastique-du-metropolite-athenagoras-de-belgique-et-nomination-dun-nouveau-vicaire-general-de-larcheveche\/#primaryimage"},"image":{"@id":"https:\/\/orthodoxia.be\/fr\/2021\/07\/24\/la-fete-onomastique-du-metropolite-athenagoras-de-belgique-et-nomination-dun-nouveau-vicaire-general-de-larcheveche\/#primaryimage"},"thumbnailUrl":"https:\/\/orthodoxia.be\/wp-content\/uploads\/2021\/07\/51331579602_b921f1c9bc_o.jpg","datePublished":"2021-07-24T21:01:14+00:00","dateModified":"2021-07-25T16:08:31+00:00","breadcrumb":{"@id":"https:\/\/orthodoxia.be\/fr\/2021\/07\/24\/la-fete-onomastique-du-metropolite-athenagoras-de-belgique-et-nomination-dun-nouveau-vicaire-general-de-larcheveche\/#breadcrumb"},"inLanguage":"fr-BE","potentialAction":[{"@type":"ReadAction","target":["https:\/\/orthodoxia.be\/fr\/2021\/07\/24\/la-fete-onomastique-du-metropolite-athenagoras-de-belgique-et-nomination-dun-nouveau-vicaire-general-de-larcheveche\/"]}]},{"@type":"ImageObject","inLanguage":"fr-BE","@id":"https:\/\/orthodoxia.be\/fr\/2021\/07\/24\/la-fete-onomastique-du-metropolite-athenagoras-de-belgique-et-nomination-dun-nouveau-vicaire-general-de-larcheveche\/#primaryimage","url":"https:\/\/orthodoxia.be\/wp-content\/uploads\/2021\/07\/51331579602_b921f1c9bc_o.jpg","contentUrl":"https:\/\/orthodoxia.be\/wp-content\/uploads\/2021\/07\/51331579602_b921f1c9bc_o.jpg","width":1023,"height":683},{"@type":"BreadcrumbList","@id":"https:\/\/orthodoxia.be\/fr\/2021\/07\/24\/la-fete-onomastique-du-metropolite-athenagoras-de-belgique-et-nomination-dun-nouveau-vicaire-general-de-larcheveche\/#breadcrumb","itemListElement":[{"@type":"ListItem","position":1,"name":"Home","item":"https:\/\/orthodoxia.be\/fr\/"},{"@type":"ListItem","position":2,"name":"La f\u00eate onomastique du M\u00e9tropolite Ath\u00e9nagoras de Belgique et nomination d\u2019un nouveau Vicaire g\u00e9n\u00e9ral de l\u2019Archev\u00each\u00e9"}]},{"@type":"WebSite","@id":"https:\/\/orthodoxia.be\/#website","url":"https:\/\/orthodoxia.be\/","name":"Orthodox Archdiocese of Belgium (Benelux)","description":"Exarque des Pays-Bas et du Luxembourg","publisher":{"@id":"https:\/\/orthodoxia.be\/#organization"},"alternateName":"IMB","potentialAction":[{"@type":"SearchAction","target":{"@type":"EntryPoint","urlTemplate":"https:\/\/orthodoxia.be\/?s={search_term_string}"},"query-input":{"@type":"PropertyValueSpecification","valueRequired":true,"valueName":"search_term_string"}}],"inLanguage":"fr-BE"},{"@type":"Organization","@id":"https:\/\/orthodoxia.be\/#organization","name":"Orthodox Archdiocese of Belgium (Benelux)","url":"https:\/\/orthodoxia.be\/","logo":{"@type":"ImageObject","inLanguage":"fr-BE","@id":"https:\/\/orthodoxia.be\/#\/schema\/logo\/image\/","url":"https:\/\/orthodoxia.be\/wp-content\/uploads\/2024\/02\/cropped-IMB-logo-512-cl-1.png","contentUrl":"https:\/\/orthodoxia.be\/wp-content\/uploads\/2024\/02\/cropped-IMB-logo-512-cl-1.png","width":512,"height":512,"caption":"Orthodox Archdiocese of Belgium (Benelux)"},"image":{"@id":"https:\/\/orthodoxia.be\/#\/schema\/logo\/image\/"},"sameAs":["https:\/\/www.facebook.com\/orthobel","https:\/\/x.com\/orthobel","https:\/\/www.youtube.com\/c\/orthobel","https:\/\/www.mixcloud.com\/orthobel\/","https:\/\/www.flickr.com\/photos\/148264890@N07\/albums","https:\/\/www.dailymotion.com\/Orthobel"]},{"@type":"Person","@id":"https:\/\/orthodoxia.be\/#\/schema\/person\/f6c4fd8f4c3dfc201522ccccede872c4","name":"fr. Emilianos Chatzivasileiou","image":{"@type":"ImageObject","inLanguage":"fr-BE","@id":"https:\/\/orthodoxia.be\/#\/schema\/person\/image\/","url":"https:\/\/secure.gravatar.com\/avatar\/5b67115dbb9ae1579c39e9ae857d39ac?s=96&d=mm&r=g","contentUrl":"https:\/\/secure.gravatar.com\/avatar\/5b67115dbb9ae1579c39e9ae857d39ac?s=96&d=mm&r=g","caption":"fr. Emilianos Chatzivasileiou"},"sameAs":["http:\/\/orthodoxia.be"],"url":"https:\/\/orthodoxia.be\/fr\/author\/p-emilianos\/"}]}},"_links":{"self":[{"href":"https:\/\/orthodoxia.be\/fr\/wp-json\/wp\/v2\/posts\/32767","targetHints":{"allow":["GET"]}}],"collection":[{"href":"https:\/\/orthodoxia.be\/fr\/wp-json\/wp\/v2\/posts"}],"about":[{"href":"https:\/\/orthodoxia.be\/fr\/wp-json\/wp\/v2\/types\/post"}],"author":[{"embeddable":true,"href":"https:\/\/orthodoxia.be\/fr\/wp-json\/wp\/v2\/users\/10"}],"replies":[{"embeddable":true,"href":"https:\/\/orthodoxia.be\/fr\/wp-json\/wp\/v2\/comments?post=32767"}],"version-history":[{"count":1,"href":"https:\/\/orthodoxia.be\/fr\/wp-json\/wp\/v2\/posts\/32767\/revisions"}],"predecessor-version":[{"id":32768,"href":"https:\/\/orthodoxia.be\/fr\/wp-json\/wp\/v2\/posts\/32767\/revisions\/32768"}],"wp:featuredmedia":[{"embeddable":true,"href":"https:\/\/orthodoxia.be\/fr\/wp-json\/wp\/v2\/media\/32761"}],"wp:attachment":[{"href":"https:\/\/orthodoxia.be\/fr\/wp-json\/wp\/v2\/media?parent=32767"}],"wp:term":[{"taxonomy":"category","embeddable":true,"href":"https:\/\/orthodoxia.be\/fr\/wp-json\/wp\/v2\/categories?post=32767"},{"taxonomy":"post_tag","embeddable":true,"href":"https:\/\/orthodoxia.be\/fr\/wp-json\/wp\/v2\/tags?post=32767"}],"curies":[{"name":"wp","href":"https:\/\/api.w.org\/{rel}","templated":true}]}}