{"id":33076,"date":"2021-08-23T11:04:00","date_gmt":"2021-08-23T09:04:00","guid":{"rendered":"http:\/\/orthodoxia.be\/?p=33076"},"modified":"2021-08-23T14:48:46","modified_gmt":"2021-08-23T12:48:46","slug":"invitation-5","status":"publish","type":"post","link":"https:\/\/orthodoxia.be\/fr\/2021\/08\/23\/invitation-5\/","title":{"rendered":"Invitation"},"content":{"rendered":"<p>La f\u00eate patronale de la paroisse orthodoxe de la Nativit\u00e9 de la M\u00e8re de Dieu sera c\u00e9l\u00e9br\u00e9e le dimanche 5 septembre 2021 \u00e0 Rue de la Floraison 35 1070 Anderlecht, avec la c\u00e9l\u00e9bration des Matines (9h00) et la Liturgie pontificale (vers 10h00). La Liturgie sera pr\u00e9sid\u00e9e par Son Eminence le M\u00e9tropolite Athenagoras de Belgique et Exarque des Pays-Bas et du Luxembourg.<\/p>\n<p>Vous \u00eates les bienvenus pour c\u00e9l\u00e9brer ce moment de joie en communaut\u00e9.<br \/>\nEnsuite, aura lieu une r\u00e9ception festive o\u00f9 tous sont cordialement invit\u00e9s.<\/p>\n<p>&nbsp;<\/p>\n<p>R.S.V.P 02\/09\/2021<br \/>\nArchipr\u00eatre Pawel Cecha<\/p>\n","protected":false},"excerpt":{"rendered":"<p>La f\u00eate patronale de la paroisse orthodoxe de la Nativit\u00e9 de la M\u00e8re de Dieu sera c\u00e9l\u00e9br\u00e9e le dimanche 5 septembre 2021 \u00e0 Rue de la Floraison 35 1070 Anderlecht, avec la c\u00e9l\u00e9bration des Matines (9h00) et la Liturgie pontificale (vers 10h00). La Liturgie sera pr\u00e9sid\u00e9e par Son Eminence le M\u00e9tropolite Athenagoras de Belgique et &hellip; <a href=\"https:\/\/orthodoxia.be\/fr\/2021\/08\/23\/invitation-5\/\">Continued<\/a><\/p>\n","protected":false},"author":12,"featured_media":33067,"comment_status":"closed","ping_status":"open","sticky":false,"template":"","format":"standard","meta":{"_acf_changed":false,"footnotes":""},"categories":[14,16,199,86],"tags":[],"class_list":["post-33076","post","type-post","status-publish","format-standard","has-post-thumbnail","hentry","category-actualite","category-communique","category-paroisse-de-la-naissance-de-la-mere-de-dieu-a-anderlecht","category-prochainement"],"acf":[],"yoast_head":"<!-- This site is optimized with the Yoast SEO plugin v24.3 - https:\/\/yoast.com\/wordpress\/plugins\/seo\/ -->\n<title>Invitation - Archev\u00each\u00e9 Orthodoxe de Belgique<\/title>\n<meta name=\"robots\" content=\"index, follow, max-snippet:-1, max-image-preview:large, max-video-preview:-1\" \/>\n<link rel=\"canonical\" href=\"https:\/\/orthodoxia.be\/fr\/2021\/08\/23\/invitation-5\/\" \/>\n<meta property=\"og:locale\" content=\"fr_FR\" \/>\n<meta property=\"og:type\" content=\"article\" \/>\n<meta property=\"og:title\" content=\"Invitation - Archev\u00each\u00e9 Orthodoxe de Belgique\" \/>\n<meta property=\"og:description\" content=\"La f\u00eate patronale de la paroisse orthodoxe de la Nativit\u00e9 de la M\u00e8re de Dieu sera c\u00e9l\u00e9br\u00e9e le dimanche 5 septembre 2021 \u00e0 Rue de la Floraison 35 1070 Anderlecht, avec la c\u00e9l\u00e9bration des Matines (9h00) et la Liturgie pontificale (vers 10h00). La Liturgie sera pr\u00e9sid\u00e9e par Son Eminence le M\u00e9tropolite Athenagoras de Belgique et &hellip; Continued\" \/>\n<meta property=\"og:url\" content=\"https:\/\/orthodoxia.be\/fr\/2021\/08\/23\/invitation-5\/\" \/>\n<meta property=\"og:site_name\" content=\"Archev\u00each\u00e9 Orthodoxe de Belgique\" \/>\n<meta property=\"article:publisher\" content=\"https:\/\/www.facebook.com\/orthobel\" \/>\n<meta property=\"article:published_time\" content=\"2021-08-23T09:04:00+00:00\" \/>\n<meta property=\"article:modified_time\" content=\"2021-08-23T12:48:46+00:00\" \/>\n<meta property=\"og:image\" content=\"https:\/\/orthodoxia.be\/wp-content\/uploads\/2021\/08\/unnamed-e1629724078607.jpg\" \/>\n\t<meta property=\"og:image:width\" content=\"700\" \/>\n\t<meta property=\"og:image:height\" content=\"856\" \/>\n\t<meta property=\"og:image:type\" content=\"image\/jpeg\" \/>\n<meta name=\"author\" content=\"\u0391\u03c1\u03c7\u03b5\u03af\u03bf \u03a3\u03c5\u03bd\u03b5\u03c1\u03b3\u03b1\u03c4\u03ce\u03bd\" \/>\n<meta name=\"twitter:card\" content=\"summary_large_image\" \/>\n<meta name=\"twitter:creator\" content=\"@orthobel\" \/>\n<meta name=\"twitter:site\" content=\"@orthobel\" \/>\n<meta name=\"twitter:label1\" content=\"\u00c9crit par\" \/>\n\t<meta name=\"twitter:data1\" content=\"\u0391\u03c1\u03c7\u03b5\u03af\u03bf \u03a3\u03c5\u03bd\u03b5\u03c1\u03b3\u03b1\u03c4\u03ce\u03bd\" \/>\n\t<meta name=\"twitter:label2\" content=\"Dur\u00e9e de lecture est.\" \/>\n\t<meta name=\"twitter:data2\" content=\"1 minute\" \/>\n<script type=\"application\/ld+json\" class=\"yoast-schema-graph\">{\"@context\":\"https:\/\/schema.org\",\"@graph\":[{\"@type\":\"Article\",\"@id\":\"https:\/\/orthodoxia.be\/fr\/2021\/08\/23\/invitation-5\/#article\",\"isPartOf\":{\"@id\":\"https:\/\/orthodoxia.be\/fr\/2021\/08\/23\/invitation-5\/\"},\"author\":{\"name\":\"\u0391\u03c1\u03c7\u03b5\u03af\u03bf \u03a3\u03c5\u03bd\u03b5\u03c1\u03b3\u03b1\u03c4\u03ce\u03bd\",\"@id\":\"https:\/\/orthodoxia.be\/#\/schema\/person\/4641c70600fbb1aac968996a0ef6d284\"},\"headline\":\"Invitation\",\"datePublished\":\"2021-08-23T09:04:00+00:00\",\"dateModified\":\"2021-08-23T12:48:46+00:00\",\"mainEntityOfPage\":{\"@id\":\"https:\/\/orthodoxia.be\/fr\/2021\/08\/23\/invitation-5\/\"},\"wordCount\":103,\"publisher\":{\"@id\":\"https:\/\/orthodoxia.be\/#organization\"},\"image\":{\"@id\":\"https:\/\/orthodoxia.be\/fr\/2021\/08\/23\/invitation-5\/#primaryimage\"},\"thumbnailUrl\":\"https:\/\/orthodoxia.be\/wp-content\/uploads\/2021\/08\/unnamed-e1629724078607.jpg\",\"articleSection\":[\"Actualit\u00e9\",\"Communiqu\u00e9\",\"Paroisse de la Naissance de la M\u00e8re de Dieu \u00e0 Anderlecht\",\"Prochainement\"],\"inLanguage\":\"fr-BE\"},{\"@type\":\"WebPage\",\"@id\":\"https:\/\/orthodoxia.be\/fr\/2021\/08\/23\/invitation-5\/\",\"url\":\"https:\/\/orthodoxia.be\/fr\/2021\/08\/23\/invitation-5\/\",\"name\":\"Invitation - Archev\u00each\u00e9 Orthodoxe de Belgique\",\"isPartOf\":{\"@id\":\"https:\/\/orthodoxia.be\/#website\"},\"primaryImageOfPage\":{\"@id\":\"https:\/\/orthodoxia.be\/fr\/2021\/08\/23\/invitation-5\/#primaryimage\"},\"image\":{\"@id\":\"https:\/\/orthodoxia.be\/fr\/2021\/08\/23\/invitation-5\/#primaryimage\"},\"thumbnailUrl\":\"https:\/\/orthodoxia.be\/wp-content\/uploads\/2021\/08\/unnamed-e1629724078607.jpg\",\"datePublished\":\"2021-08-23T09:04:00+00:00\",\"dateModified\":\"2021-08-23T12:48:46+00:00\",\"breadcrumb\":{\"@id\":\"https:\/\/orthodoxia.be\/fr\/2021\/08\/23\/invitation-5\/#breadcrumb\"},\"inLanguage\":\"fr-BE\",\"potentialAction\":[{\"@type\":\"ReadAction\",\"target\":[\"https:\/\/orthodoxia.be\/fr\/2021\/08\/23\/invitation-5\/\"]}]},{\"@type\":\"ImageObject\",\"inLanguage\":\"fr-BE\",\"@id\":\"https:\/\/orthodoxia.be\/fr\/2021\/08\/23\/invitation-5\/#primaryimage\",\"url\":\"https:\/\/orthodoxia.be\/wp-content\/uploads\/2021\/08\/unnamed-e1629724078607.jpg\",\"contentUrl\":\"https:\/\/orthodoxia.be\/wp-content\/uploads\/2021\/08\/unnamed-e1629724078607.jpg\",\"width\":700,\"height\":856},{\"@type\":\"BreadcrumbList\",\"@id\":\"https:\/\/orthodoxia.be\/fr\/2021\/08\/23\/invitation-5\/#breadcrumb\",\"itemListElement\":[{\"@type\":\"ListItem\",\"position\":1,\"name\":\"Home\",\"item\":\"https:\/\/orthodoxia.be\/fr\/\"},{\"@type\":\"ListItem\",\"position\":2,\"name\":\"Invitation\"}]},{\"@type\":\"WebSite\",\"@id\":\"https:\/\/orthodoxia.be\/#website\",\"url\":\"https:\/\/orthodoxia.be\/\",\"name\":\"Orthodox Archdiocese of Belgium (Benelux)\",\"description\":\"Exarque des Pays-Bas et du Luxembourg\",\"publisher\":{\"@id\":\"https:\/\/orthodoxia.be\/#organization\"},\"alternateName\":\"IMB\",\"potentialAction\":[{\"@type\":\"SearchAction\",\"target\":{\"@type\":\"EntryPoint\",\"urlTemplate\":\"https:\/\/orthodoxia.be\/?s={search_term_string}\"},\"query-input\":{\"@type\":\"PropertyValueSpecification\",\"valueRequired\":true,\"valueName\":\"search_term_string\"}}],\"inLanguage\":\"fr-BE\"},{\"@type\":\"Organization\",\"@id\":\"https:\/\/orthodoxia.be\/#organization\",\"name\":\"Orthodox Archdiocese of Belgium (Benelux)\",\"url\":\"https:\/\/orthodoxia.be\/\",\"logo\":{\"@type\":\"ImageObject\",\"inLanguage\":\"fr-BE\",\"@id\":\"https:\/\/orthodoxia.be\/#\/schema\/logo\/image\/\",\"url\":\"https:\/\/orthodoxia.be\/wp-content\/uploads\/2024\/02\/cropped-IMB-logo-512-cl-1.png\",\"contentUrl\":\"https:\/\/orthodoxia.be\/wp-content\/uploads\/2024\/02\/cropped-IMB-logo-512-cl-1.png\",\"width\":512,\"height\":512,\"caption\":\"Orthodox Archdiocese of Belgium (Benelux)\"},\"image\":{\"@id\":\"https:\/\/orthodoxia.be\/#\/schema\/logo\/image\/\"},\"sameAs\":[\"https:\/\/www.facebook.com\/orthobel\",\"https:\/\/x.com\/orthobel\",\"https:\/\/www.youtube.com\/c\/orthobel\",\"https:\/\/www.mixcloud.com\/orthobel\/\",\"https:\/\/www.flickr.com\/photos\/148264890@N07\/albums\",\"https:\/\/www.dailymotion.com\/Orthobel\"]},{\"@type\":\"Person\",\"@id\":\"https:\/\/orthodoxia.be\/#\/schema\/person\/4641c70600fbb1aac968996a0ef6d284\",\"name\":\"\u0391\u03c1\u03c7\u03b5\u03af\u03bf \u03a3\u03c5\u03bd\u03b5\u03c1\u03b3\u03b1\u03c4\u03ce\u03bd\",\"image\":{\"@type\":\"ImageObject\",\"inLanguage\":\"fr-BE\",\"@id\":\"https:\/\/orthodoxia.be\/#\/schema\/person\/image\/\",\"url\":\"https:\/\/secure.gravatar.com\/avatar\/0bf791bec6a55758e3ee18a1fc90f09b?s=96&d=mm&r=g\",\"contentUrl\":\"https:\/\/secure.gravatar.com\/avatar\/0bf791bec6a55758e3ee18a1fc90f09b?s=96&d=mm&r=g\",\"caption\":\"\u0391\u03c1\u03c7\u03b5\u03af\u03bf \u03a3\u03c5\u03bd\u03b5\u03c1\u03b3\u03b1\u03c4\u03ce\u03bd\"},\"url\":\"https:\/\/orthodoxia.be\/fr\/author\/archives\/\"}]}<\/script>\n<!-- \/ Yoast SEO plugin. -->","yoast_head_json":{"title":"Invitation - Archev\u00each\u00e9 Orthodoxe de Belgique","robots":{"index":"index","follow":"follow","max-snippet":"max-snippet:-1","max-image-preview":"max-image-preview:large","max-video-preview":"max-video-preview:-1"},"canonical":"https:\/\/orthodoxia.be\/fr\/2021\/08\/23\/invitation-5\/","og_locale":"fr_FR","og_type":"article","og_title":"Invitation - Archev\u00each\u00e9 Orthodoxe de Belgique","og_description":"La f\u00eate patronale de la paroisse orthodoxe de la Nativit\u00e9 de la M\u00e8re de Dieu sera c\u00e9l\u00e9br\u00e9e le dimanche 5 septembre 2021 \u00e0 Rue de la Floraison 35 1070 Anderlecht, avec la c\u00e9l\u00e9bration des Matines (9h00) et la Liturgie pontificale (vers 10h00). La Liturgie sera pr\u00e9sid\u00e9e par Son Eminence le M\u00e9tropolite Athenagoras de Belgique et &hellip; Continued","og_url":"https:\/\/orthodoxia.be\/fr\/2021\/08\/23\/invitation-5\/","og_site_name":"Archev\u00each\u00e9 Orthodoxe de Belgique","article_publisher":"https:\/\/www.facebook.com\/orthobel","article_published_time":"2021-08-23T09:04:00+00:00","article_modified_time":"2021-08-23T12:48:46+00:00","og_image":[{"width":700,"height":856,"url":"https:\/\/orthodoxia.be\/wp-content\/uploads\/2021\/08\/unnamed-e1629724078607.jpg","type":"image\/jpeg"}],"author":"\u0391\u03c1\u03c7\u03b5\u03af\u03bf \u03a3\u03c5\u03bd\u03b5\u03c1\u03b3\u03b1\u03c4\u03ce\u03bd","twitter_card":"summary_large_image","twitter_creator":"@orthobel","twitter_site":"@orthobel","twitter_misc":{"\u00c9crit par":"\u0391\u03c1\u03c7\u03b5\u03af\u03bf \u03a3\u03c5\u03bd\u03b5\u03c1\u03b3\u03b1\u03c4\u03ce\u03bd","Dur\u00e9e de lecture est.":"1 minute"},"schema":{"@context":"https:\/\/schema.org","@graph":[{"@type":"Article","@id":"https:\/\/orthodoxia.be\/fr\/2021\/08\/23\/invitation-5\/#article","isPartOf":{"@id":"https:\/\/orthodoxia.be\/fr\/2021\/08\/23\/invitation-5\/"},"author":{"name":"\u0391\u03c1\u03c7\u03b5\u03af\u03bf \u03a3\u03c5\u03bd\u03b5\u03c1\u03b3\u03b1\u03c4\u03ce\u03bd","@id":"https:\/\/orthodoxia.be\/#\/schema\/person\/4641c70600fbb1aac968996a0ef6d284"},"headline":"Invitation","datePublished":"2021-08-23T09:04:00+00:00","dateModified":"2021-08-23T12:48:46+00:00","mainEntityOfPage":{"@id":"https:\/\/orthodoxia.be\/fr\/2021\/08\/23\/invitation-5\/"},"wordCount":103,"publisher":{"@id":"https:\/\/orthodoxia.be\/#organization"},"image":{"@id":"https:\/\/orthodoxia.be\/fr\/2021\/08\/23\/invitation-5\/#primaryimage"},"thumbnailUrl":"https:\/\/orthodoxia.be\/wp-content\/uploads\/2021\/08\/unnamed-e1629724078607.jpg","articleSection":["Actualit\u00e9","Communiqu\u00e9","Paroisse de la Naissance de la M\u00e8re de Dieu \u00e0 Anderlecht","Prochainement"],"inLanguage":"fr-BE"},{"@type":"WebPage","@id":"https:\/\/orthodoxia.be\/fr\/2021\/08\/23\/invitation-5\/","url":"https:\/\/orthodoxia.be\/fr\/2021\/08\/23\/invitation-5\/","name":"Invitation - Archev\u00each\u00e9 Orthodoxe de Belgique","isPartOf":{"@id":"https:\/\/orthodoxia.be\/#website"},"primaryImageOfPage":{"@id":"https:\/\/orthodoxia.be\/fr\/2021\/08\/23\/invitation-5\/#primaryimage"},"image":{"@id":"https:\/\/orthodoxia.be\/fr\/2021\/08\/23\/invitation-5\/#primaryimage"},"thumbnailUrl":"https:\/\/orthodoxia.be\/wp-content\/uploads\/2021\/08\/unnamed-e1629724078607.jpg","datePublished":"2021-08-23T09:04:00+00:00","dateModified":"2021-08-23T12:48:46+00:00","breadcrumb":{"@id":"https:\/\/orthodoxia.be\/fr\/2021\/08\/23\/invitation-5\/#breadcrumb"},"inLanguage":"fr-BE","potentialAction":[{"@type":"ReadAction","target":["https:\/\/orthodoxia.be\/fr\/2021\/08\/23\/invitation-5\/"]}]},{"@type":"ImageObject","inLanguage":"fr-BE","@id":"https:\/\/orthodoxia.be\/fr\/2021\/08\/23\/invitation-5\/#primaryimage","url":"https:\/\/orthodoxia.be\/wp-content\/uploads\/2021\/08\/unnamed-e1629724078607.jpg","contentUrl":"https:\/\/orthodoxia.be\/wp-content\/uploads\/2021\/08\/unnamed-e1629724078607.jpg","width":700,"height":856},{"@type":"BreadcrumbList","@id":"https:\/\/orthodoxia.be\/fr\/2021\/08\/23\/invitation-5\/#breadcrumb","itemListElement":[{"@type":"ListItem","position":1,"name":"Home","item":"https:\/\/orthodoxia.be\/fr\/"},{"@type":"ListItem","position":2,"name":"Invitation"}]},{"@type":"WebSite","@id":"https:\/\/orthodoxia.be\/#website","url":"https:\/\/orthodoxia.be\/","name":"Orthodox Archdiocese of Belgium (Benelux)","description":"Exarque des Pays-Bas et du Luxembourg","publisher":{"@id":"https:\/\/orthodoxia.be\/#organization"},"alternateName":"IMB","potentialAction":[{"@type":"SearchAction","target":{"@type":"EntryPoint","urlTemplate":"https:\/\/orthodoxia.be\/?s={search_term_string}"},"query-input":{"@type":"PropertyValueSpecification","valueRequired":true,"valueName":"search_term_string"}}],"inLanguage":"fr-BE"},{"@type":"Organization","@id":"https:\/\/orthodoxia.be\/#organization","name":"Orthodox Archdiocese of Belgium (Benelux)","url":"https:\/\/orthodoxia.be\/","logo":{"@type":"ImageObject","inLanguage":"fr-BE","@id":"https:\/\/orthodoxia.be\/#\/schema\/logo\/image\/","url":"https:\/\/orthodoxia.be\/wp-content\/uploads\/2024\/02\/cropped-IMB-logo-512-cl-1.png","contentUrl":"https:\/\/orthodoxia.be\/wp-content\/uploads\/2024\/02\/cropped-IMB-logo-512-cl-1.png","width":512,"height":512,"caption":"Orthodox Archdiocese of Belgium (Benelux)"},"image":{"@id":"https:\/\/orthodoxia.be\/#\/schema\/logo\/image\/"},"sameAs":["https:\/\/www.facebook.com\/orthobel","https:\/\/x.com\/orthobel","https:\/\/www.youtube.com\/c\/orthobel","https:\/\/www.mixcloud.com\/orthobel\/","https:\/\/www.flickr.com\/photos\/148264890@N07\/albums","https:\/\/www.dailymotion.com\/Orthobel"]},{"@type":"Person","@id":"https:\/\/orthodoxia.be\/#\/schema\/person\/4641c70600fbb1aac968996a0ef6d284","name":"\u0391\u03c1\u03c7\u03b5\u03af\u03bf \u03a3\u03c5\u03bd\u03b5\u03c1\u03b3\u03b1\u03c4\u03ce\u03bd","image":{"@type":"ImageObject","inLanguage":"fr-BE","@id":"https:\/\/orthodoxia.be\/#\/schema\/person\/image\/","url":"https:\/\/secure.gravatar.com\/avatar\/0bf791bec6a55758e3ee18a1fc90f09b?s=96&d=mm&r=g","contentUrl":"https:\/\/secure.gravatar.com\/avatar\/0bf791bec6a55758e3ee18a1fc90f09b?s=96&d=mm&r=g","caption":"\u0391\u03c1\u03c7\u03b5\u03af\u03bf \u03a3\u03c5\u03bd\u03b5\u03c1\u03b3\u03b1\u03c4\u03ce\u03bd"},"url":"https:\/\/orthodoxia.be\/fr\/author\/archives\/"}]}},"_links":{"self":[{"href":"https:\/\/orthodoxia.be\/fr\/wp-json\/wp\/v2\/posts\/33076","targetHints":{"allow":["GET"]}}],"collection":[{"href":"https:\/\/orthodoxia.be\/fr\/wp-json\/wp\/v2\/posts"}],"about":[{"href":"https:\/\/orthodoxia.be\/fr\/wp-json\/wp\/v2\/types\/post"}],"author":[{"embeddable":true,"href":"https:\/\/orthodoxia.be\/fr\/wp-json\/wp\/v2\/users\/12"}],"replies":[{"embeddable":true,"href":"https:\/\/orthodoxia.be\/fr\/wp-json\/wp\/v2\/comments?post=33076"}],"version-history":[{"count":1,"href":"https:\/\/orthodoxia.be\/fr\/wp-json\/wp\/v2\/posts\/33076\/revisions"}],"predecessor-version":[{"id":33077,"href":"https:\/\/orthodoxia.be\/fr\/wp-json\/wp\/v2\/posts\/33076\/revisions\/33077"}],"wp:featuredmedia":[{"embeddable":true,"href":"https:\/\/orthodoxia.be\/fr\/wp-json\/wp\/v2\/media\/33067"}],"wp:attachment":[{"href":"https:\/\/orthodoxia.be\/fr\/wp-json\/wp\/v2\/media?parent=33076"}],"wp:term":[{"taxonomy":"category","embeddable":true,"href":"https:\/\/orthodoxia.be\/fr\/wp-json\/wp\/v2\/categories?post=33076"},{"taxonomy":"post_tag","embeddable":true,"href":"https:\/\/orthodoxia.be\/fr\/wp-json\/wp\/v2\/tags?post=33076"}],"curies":[{"name":"wp","href":"https:\/\/api.w.org\/{rel}","templated":true}]}}