{"id":35014,"date":"2021-11-02T09:46:37","date_gmt":"2021-11-02T08:46:37","guid":{"rendered":"http:\/\/orthodoxia.be\/?p=35014"},"modified":"2021-11-09T15:35:17","modified_gmt":"2021-11-09T14:35:17","slug":"te-deum-pour-la-fete-nationale-grecque-du-28-octobre-a-bruxelles","status":"publish","type":"post","link":"https:\/\/orthodoxia.be\/fr\/2021\/11\/02\/te-deum-pour-la-fete-nationale-grecque-du-28-octobre-a-bruxelles\/","title":{"rendered":"Te Deum pour la F\u00eate Nationale grecque du 28 octobre \u00e0 Bruxelles"},"content":{"rendered":"<p style=\"text-align: justify;\">Dimanche 31 octobre 2021, Son Eminence le M\u00e9tropolite Ath\u00e9nagoras de Belgique et Exarque des Pays-Bas et du Luxembourg a c\u00e9l\u00e9br\u00e9 la Divine Liturgie en la Cath\u00e9drale orthodoxe de Bruxelles, entour\u00e9 de pr\u00eatres de l\u2019Archev\u00each\u00e9 et de Gr\u00e8ce.<\/p>\n<p style=\"text-align: justify;\">L\u2019hom\u00e9lie fut prononc\u00e9e \u00e0 la demande de Son Eminence par l\u2019Archipr\u00eatre Athanasios Gikas, Professeur de la Facult\u00e9 de Th\u00e9ologie de l\u2019Universit\u00e9 Aristote de Thessalonique, en Belgique ces jours-ci comme conf\u00e9rencier \u00e0 la Synaxe Cl\u00e9ricale de l\u2019Archev\u00each\u00e9, se r\u00e9f\u00e9rant et analysant la p\u00e9ricope de l\u2019Evangile du jour.<\/p>\n<p style=\"text-align: justify;\">Un Te Deum fut c\u00e9l\u00e9br\u00e9 ensuite \u00e0 l\u2019occasion de l\u2019anniversaire du 28 octobre (f\u00eate nationale hell\u00e9nique) en pr\u00e9sence des Autorit\u00e9s Diplomatiques de Gr\u00e8ce en Belgique avec \u00e0 leur t\u00eate l\u2019Ambassadeur M. Dionysios Kalavrezos, et des Autorit\u00e9s militaires de Gr\u00e8ce aupr\u00e8s de l\u2019OTAN avec \u00e0 leur t\u00eate le Vice-Amiral Ioannis Pavlopoulos.<\/p>\n<p style=\"text-align: justify;\">Le pan\u00e9gyrique de la journ\u00e9e fut prononc\u00e9 par Son Excellence l\u2019Ambassadeur de Gr\u00e8ce en Belgique M. Dionysios Kalamvrezos, qui s\u2019est r\u00e9f\u00e9r\u00e9 \u00e0 l\u2019importance de la f\u00eate et la notion d\u2019unit\u00e9 du peuple dans le pass\u00e9 mais \u00e9galement pour son avenir.<br \/>\nSon Eminence, remerciant Monsieur l\u2019Ambassadeur pour son discours, souhaita toute bonne chose pour la F\u00eate Nationale de la Gr\u00e8ce.<br \/>\nL\u2019Hymne National de Gr\u00e8ce avec la Braban\u00e7onne furent entonn\u00e9s par toute l\u2019assembl\u00e9e.<br \/>\nEnfin, une pri\u00e8re de m\u00e9moire et un d\u00e9p\u00f4t de couronnes furent ex\u00e9cut\u00e9s au cimeti\u00e8re o\u00f9 reposent trois soldats grecs.<\/p>\n<p>[FAGP id=34854]<\/p>\n","protected":false},"excerpt":{"rendered":"<p>Dimanche 31 octobre 2021, Son Eminence le M\u00e9tropolite Ath\u00e9nagoras de Belgique et Exarque des Pays-Bas et du Luxembourg a c\u00e9l\u00e9br\u00e9 la Divine Liturgie en la Cath\u00e9drale orthodoxe de Bruxelles, entour\u00e9 de pr\u00eatres de l\u2019Archev\u00each\u00e9 et de Gr\u00e8ce. L\u2019hom\u00e9lie fut prononc\u00e9e \u00e0 la demande de Son Eminence par l\u2019Archipr\u00eatre Athanasios Gikas, Professeur de la Facult\u00e9 de &hellip; <a href=\"https:\/\/orthodoxia.be\/fr\/2021\/11\/02\/te-deum-pour-la-fete-nationale-grecque-du-28-octobre-a-bruxelles\/\">Continued<\/a><\/p>\n","protected":false},"author":12,"featured_media":34861,"comment_status":"closed","ping_status":"open","sticky":false,"template":"","format":"standard","meta":{"_acf_changed":false,"footnotes":""},"categories":[14,16],"tags":[],"class_list":["post-35014","post","type-post","status-publish","format-standard","has-post-thumbnail","hentry","category-actualite","category-communique"],"acf":[],"yoast_head":"<!-- This site is optimized with the Yoast SEO plugin v24.3 - https:\/\/yoast.com\/wordpress\/plugins\/seo\/ -->\n<title>Te Deum pour la F\u00eate Nationale grecque du 28 octobre \u00e0 Bruxelles - Archev\u00each\u00e9 Orthodoxe de Belgique<\/title>\n<meta name=\"robots\" content=\"index, follow, max-snippet:-1, max-image-preview:large, max-video-preview:-1\" \/>\n<link rel=\"canonical\" href=\"https:\/\/orthodoxia.be\/fr\/2021\/11\/02\/te-deum-pour-la-fete-nationale-grecque-du-28-octobre-a-bruxelles\/\" \/>\n<meta property=\"og:locale\" content=\"fr_FR\" \/>\n<meta property=\"og:type\" content=\"article\" \/>\n<meta property=\"og:title\" content=\"Te Deum pour la F\u00eate Nationale grecque du 28 octobre \u00e0 Bruxelles - Archev\u00each\u00e9 Orthodoxe de Belgique\" \/>\n<meta property=\"og:description\" content=\"Dimanche 31 octobre 2021, Son Eminence le M\u00e9tropolite Ath\u00e9nagoras de Belgique et Exarque des Pays-Bas et du Luxembourg a c\u00e9l\u00e9br\u00e9 la Divine Liturgie en la Cath\u00e9drale orthodoxe de Bruxelles, entour\u00e9 de pr\u00eatres de l\u2019Archev\u00each\u00e9 et de Gr\u00e8ce. L\u2019hom\u00e9lie fut prononc\u00e9e \u00e0 la demande de Son Eminence par l\u2019Archipr\u00eatre Athanasios Gikas, Professeur de la Facult\u00e9 de &hellip; Continued\" \/>\n<meta property=\"og:url\" content=\"https:\/\/orthodoxia.be\/fr\/2021\/11\/02\/te-deum-pour-la-fete-nationale-grecque-du-28-octobre-a-bruxelles\/\" \/>\n<meta property=\"og:site_name\" content=\"Archev\u00each\u00e9 Orthodoxe de Belgique\" \/>\n<meta property=\"article:publisher\" content=\"https:\/\/www.facebook.com\/orthobel\" \/>\n<meta property=\"article:published_time\" content=\"2021-11-02T08:46:37+00:00\" \/>\n<meta property=\"article:modified_time\" content=\"2021-11-09T14:35:17+00:00\" \/>\n<meta property=\"og:image\" content=\"https:\/\/orthodoxia.be\/wp-content\/uploads\/2021\/11\/image00027.jpeg\" \/>\n\t<meta property=\"og:image:width\" content=\"1000\" \/>\n\t<meta property=\"og:image:height\" content=\"750\" \/>\n\t<meta property=\"og:image:type\" content=\"image\/jpeg\" \/>\n<meta name=\"author\" content=\"\u0391\u03c1\u03c7\u03b5\u03af\u03bf \u03a3\u03c5\u03bd\u03b5\u03c1\u03b3\u03b1\u03c4\u03ce\u03bd\" \/>\n<meta name=\"twitter:card\" content=\"summary_large_image\" \/>\n<meta name=\"twitter:creator\" content=\"@orthobel\" \/>\n<meta name=\"twitter:site\" content=\"@orthobel\" \/>\n<meta name=\"twitter:label1\" content=\"\u00c9crit par\" \/>\n\t<meta name=\"twitter:data1\" content=\"\u0391\u03c1\u03c7\u03b5\u03af\u03bf \u03a3\u03c5\u03bd\u03b5\u03c1\u03b3\u03b1\u03c4\u03ce\u03bd\" \/>\n\t<meta name=\"twitter:label2\" content=\"Dur\u00e9e de lecture est.\" \/>\n\t<meta name=\"twitter:data2\" content=\"1 minute\" \/>\n<script type=\"application\/ld+json\" class=\"yoast-schema-graph\">{\"@context\":\"https:\/\/schema.org\",\"@graph\":[{\"@type\":\"Article\",\"@id\":\"https:\/\/orthodoxia.be\/fr\/2021\/11\/02\/te-deum-pour-la-fete-nationale-grecque-du-28-octobre-a-bruxelles\/#article\",\"isPartOf\":{\"@id\":\"https:\/\/orthodoxia.be\/fr\/2021\/11\/02\/te-deum-pour-la-fete-nationale-grecque-du-28-octobre-a-bruxelles\/\"},\"author\":{\"name\":\"\u0391\u03c1\u03c7\u03b5\u03af\u03bf \u03a3\u03c5\u03bd\u03b5\u03c1\u03b3\u03b1\u03c4\u03ce\u03bd\",\"@id\":\"https:\/\/orthodoxia.be\/#\/schema\/person\/4641c70600fbb1aac968996a0ef6d284\"},\"headline\":\"Te Deum pour la F\u00eate Nationale grecque du 28 octobre \u00e0 Bruxelles\",\"datePublished\":\"2021-11-02T08:46:37+00:00\",\"dateModified\":\"2021-11-09T14:35:17+00:00\",\"mainEntityOfPage\":{\"@id\":\"https:\/\/orthodoxia.be\/fr\/2021\/11\/02\/te-deum-pour-la-fete-nationale-grecque-du-28-octobre-a-bruxelles\/\"},\"wordCount\":293,\"publisher\":{\"@id\":\"https:\/\/orthodoxia.be\/#organization\"},\"image\":{\"@id\":\"https:\/\/orthodoxia.be\/fr\/2021\/11\/02\/te-deum-pour-la-fete-nationale-grecque-du-28-octobre-a-bruxelles\/#primaryimage\"},\"thumbnailUrl\":\"https:\/\/orthodoxia.be\/wp-content\/uploads\/2021\/11\/image00027.jpeg\",\"articleSection\":[\"Actualit\u00e9\",\"Communiqu\u00e9\"],\"inLanguage\":\"fr-BE\"},{\"@type\":\"WebPage\",\"@id\":\"https:\/\/orthodoxia.be\/fr\/2021\/11\/02\/te-deum-pour-la-fete-nationale-grecque-du-28-octobre-a-bruxelles\/\",\"url\":\"https:\/\/orthodoxia.be\/fr\/2021\/11\/02\/te-deum-pour-la-fete-nationale-grecque-du-28-octobre-a-bruxelles\/\",\"name\":\"Te Deum pour la F\u00eate Nationale grecque du 28 octobre \u00e0 Bruxelles - Archev\u00each\u00e9 Orthodoxe de Belgique\",\"isPartOf\":{\"@id\":\"https:\/\/orthodoxia.be\/#website\"},\"primaryImageOfPage\":{\"@id\":\"https:\/\/orthodoxia.be\/fr\/2021\/11\/02\/te-deum-pour-la-fete-nationale-grecque-du-28-octobre-a-bruxelles\/#primaryimage\"},\"image\":{\"@id\":\"https:\/\/orthodoxia.be\/fr\/2021\/11\/02\/te-deum-pour-la-fete-nationale-grecque-du-28-octobre-a-bruxelles\/#primaryimage\"},\"thumbnailUrl\":\"https:\/\/orthodoxia.be\/wp-content\/uploads\/2021\/11\/image00027.jpeg\",\"datePublished\":\"2021-11-02T08:46:37+00:00\",\"dateModified\":\"2021-11-09T14:35:17+00:00\",\"breadcrumb\":{\"@id\":\"https:\/\/orthodoxia.be\/fr\/2021\/11\/02\/te-deum-pour-la-fete-nationale-grecque-du-28-octobre-a-bruxelles\/#breadcrumb\"},\"inLanguage\":\"fr-BE\",\"potentialAction\":[{\"@type\":\"ReadAction\",\"target\":[\"https:\/\/orthodoxia.be\/fr\/2021\/11\/02\/te-deum-pour-la-fete-nationale-grecque-du-28-octobre-a-bruxelles\/\"]}]},{\"@type\":\"ImageObject\",\"inLanguage\":\"fr-BE\",\"@id\":\"https:\/\/orthodoxia.be\/fr\/2021\/11\/02\/te-deum-pour-la-fete-nationale-grecque-du-28-octobre-a-bruxelles\/#primaryimage\",\"url\":\"https:\/\/orthodoxia.be\/wp-content\/uploads\/2021\/11\/image00027.jpeg\",\"contentUrl\":\"https:\/\/orthodoxia.be\/wp-content\/uploads\/2021\/11\/image00027.jpeg\",\"width\":1000,\"height\":750},{\"@type\":\"BreadcrumbList\",\"@id\":\"https:\/\/orthodoxia.be\/fr\/2021\/11\/02\/te-deum-pour-la-fete-nationale-grecque-du-28-octobre-a-bruxelles\/#breadcrumb\",\"itemListElement\":[{\"@type\":\"ListItem\",\"position\":1,\"name\":\"Home\",\"item\":\"https:\/\/orthodoxia.be\/fr\/\"},{\"@type\":\"ListItem\",\"position\":2,\"name\":\"Te Deum pour la F\u00eate Nationale grecque du 28 octobre \u00e0 Bruxelles\"}]},{\"@type\":\"WebSite\",\"@id\":\"https:\/\/orthodoxia.be\/#website\",\"url\":\"https:\/\/orthodoxia.be\/\",\"name\":\"Orthodox Archdiocese of Belgium (Benelux)\",\"description\":\"Exarque des Pays-Bas et du Luxembourg\",\"publisher\":{\"@id\":\"https:\/\/orthodoxia.be\/#organization\"},\"alternateName\":\"IMB\",\"potentialAction\":[{\"@type\":\"SearchAction\",\"target\":{\"@type\":\"EntryPoint\",\"urlTemplate\":\"https:\/\/orthodoxia.be\/?s={search_term_string}\"},\"query-input\":{\"@type\":\"PropertyValueSpecification\",\"valueRequired\":true,\"valueName\":\"search_term_string\"}}],\"inLanguage\":\"fr-BE\"},{\"@type\":\"Organization\",\"@id\":\"https:\/\/orthodoxia.be\/#organization\",\"name\":\"Orthodox Archdiocese of Belgium (Benelux)\",\"url\":\"https:\/\/orthodoxia.be\/\",\"logo\":{\"@type\":\"ImageObject\",\"inLanguage\":\"fr-BE\",\"@id\":\"https:\/\/orthodoxia.be\/#\/schema\/logo\/image\/\",\"url\":\"https:\/\/orthodoxia.be\/wp-content\/uploads\/2024\/02\/cropped-IMB-logo-512-cl-1.png\",\"contentUrl\":\"https:\/\/orthodoxia.be\/wp-content\/uploads\/2024\/02\/cropped-IMB-logo-512-cl-1.png\",\"width\":512,\"height\":512,\"caption\":\"Orthodox Archdiocese of Belgium (Benelux)\"},\"image\":{\"@id\":\"https:\/\/orthodoxia.be\/#\/schema\/logo\/image\/\"},\"sameAs\":[\"https:\/\/www.facebook.com\/orthobel\",\"https:\/\/x.com\/orthobel\",\"https:\/\/www.youtube.com\/c\/orthobel\",\"https:\/\/www.mixcloud.com\/orthobel\/\",\"https:\/\/www.flickr.com\/photos\/148264890@N07\/albums\",\"https:\/\/www.dailymotion.com\/Orthobel\"]},{\"@type\":\"Person\",\"@id\":\"https:\/\/orthodoxia.be\/#\/schema\/person\/4641c70600fbb1aac968996a0ef6d284\",\"name\":\"\u0391\u03c1\u03c7\u03b5\u03af\u03bf \u03a3\u03c5\u03bd\u03b5\u03c1\u03b3\u03b1\u03c4\u03ce\u03bd\",\"image\":{\"@type\":\"ImageObject\",\"inLanguage\":\"fr-BE\",\"@id\":\"https:\/\/orthodoxia.be\/#\/schema\/person\/image\/\",\"url\":\"https:\/\/secure.gravatar.com\/avatar\/0bf791bec6a55758e3ee18a1fc90f09b?s=96&d=mm&r=g\",\"contentUrl\":\"https:\/\/secure.gravatar.com\/avatar\/0bf791bec6a55758e3ee18a1fc90f09b?s=96&d=mm&r=g\",\"caption\":\"\u0391\u03c1\u03c7\u03b5\u03af\u03bf \u03a3\u03c5\u03bd\u03b5\u03c1\u03b3\u03b1\u03c4\u03ce\u03bd\"},\"url\":\"https:\/\/orthodoxia.be\/fr\/author\/archives\/\"}]}<\/script>\n<!-- \/ Yoast SEO plugin. -->","yoast_head_json":{"title":"Te Deum pour la F\u00eate Nationale grecque du 28 octobre \u00e0 Bruxelles - Archev\u00each\u00e9 Orthodoxe de Belgique","robots":{"index":"index","follow":"follow","max-snippet":"max-snippet:-1","max-image-preview":"max-image-preview:large","max-video-preview":"max-video-preview:-1"},"canonical":"https:\/\/orthodoxia.be\/fr\/2021\/11\/02\/te-deum-pour-la-fete-nationale-grecque-du-28-octobre-a-bruxelles\/","og_locale":"fr_FR","og_type":"article","og_title":"Te Deum pour la F\u00eate Nationale grecque du 28 octobre \u00e0 Bruxelles - Archev\u00each\u00e9 Orthodoxe de Belgique","og_description":"Dimanche 31 octobre 2021, Son Eminence le M\u00e9tropolite Ath\u00e9nagoras de Belgique et Exarque des Pays-Bas et du Luxembourg a c\u00e9l\u00e9br\u00e9 la Divine Liturgie en la Cath\u00e9drale orthodoxe de Bruxelles, entour\u00e9 de pr\u00eatres de l\u2019Archev\u00each\u00e9 et de Gr\u00e8ce. L\u2019hom\u00e9lie fut prononc\u00e9e \u00e0 la demande de Son Eminence par l\u2019Archipr\u00eatre Athanasios Gikas, Professeur de la Facult\u00e9 de &hellip; Continued","og_url":"https:\/\/orthodoxia.be\/fr\/2021\/11\/02\/te-deum-pour-la-fete-nationale-grecque-du-28-octobre-a-bruxelles\/","og_site_name":"Archev\u00each\u00e9 Orthodoxe de Belgique","article_publisher":"https:\/\/www.facebook.com\/orthobel","article_published_time":"2021-11-02T08:46:37+00:00","article_modified_time":"2021-11-09T14:35:17+00:00","og_image":[{"width":1000,"height":750,"url":"https:\/\/orthodoxia.be\/wp-content\/uploads\/2021\/11\/image00027.jpeg","type":"image\/jpeg"}],"author":"\u0391\u03c1\u03c7\u03b5\u03af\u03bf \u03a3\u03c5\u03bd\u03b5\u03c1\u03b3\u03b1\u03c4\u03ce\u03bd","twitter_card":"summary_large_image","twitter_creator":"@orthobel","twitter_site":"@orthobel","twitter_misc":{"\u00c9crit par":"\u0391\u03c1\u03c7\u03b5\u03af\u03bf \u03a3\u03c5\u03bd\u03b5\u03c1\u03b3\u03b1\u03c4\u03ce\u03bd","Dur\u00e9e de lecture est.":"1 minute"},"schema":{"@context":"https:\/\/schema.org","@graph":[{"@type":"Article","@id":"https:\/\/orthodoxia.be\/fr\/2021\/11\/02\/te-deum-pour-la-fete-nationale-grecque-du-28-octobre-a-bruxelles\/#article","isPartOf":{"@id":"https:\/\/orthodoxia.be\/fr\/2021\/11\/02\/te-deum-pour-la-fete-nationale-grecque-du-28-octobre-a-bruxelles\/"},"author":{"name":"\u0391\u03c1\u03c7\u03b5\u03af\u03bf \u03a3\u03c5\u03bd\u03b5\u03c1\u03b3\u03b1\u03c4\u03ce\u03bd","@id":"https:\/\/orthodoxia.be\/#\/schema\/person\/4641c70600fbb1aac968996a0ef6d284"},"headline":"Te Deum pour la F\u00eate Nationale grecque du 28 octobre \u00e0 Bruxelles","datePublished":"2021-11-02T08:46:37+00:00","dateModified":"2021-11-09T14:35:17+00:00","mainEntityOfPage":{"@id":"https:\/\/orthodoxia.be\/fr\/2021\/11\/02\/te-deum-pour-la-fete-nationale-grecque-du-28-octobre-a-bruxelles\/"},"wordCount":293,"publisher":{"@id":"https:\/\/orthodoxia.be\/#organization"},"image":{"@id":"https:\/\/orthodoxia.be\/fr\/2021\/11\/02\/te-deum-pour-la-fete-nationale-grecque-du-28-octobre-a-bruxelles\/#primaryimage"},"thumbnailUrl":"https:\/\/orthodoxia.be\/wp-content\/uploads\/2021\/11\/image00027.jpeg","articleSection":["Actualit\u00e9","Communiqu\u00e9"],"inLanguage":"fr-BE"},{"@type":"WebPage","@id":"https:\/\/orthodoxia.be\/fr\/2021\/11\/02\/te-deum-pour-la-fete-nationale-grecque-du-28-octobre-a-bruxelles\/","url":"https:\/\/orthodoxia.be\/fr\/2021\/11\/02\/te-deum-pour-la-fete-nationale-grecque-du-28-octobre-a-bruxelles\/","name":"Te Deum pour la F\u00eate Nationale grecque du 28 octobre \u00e0 Bruxelles - Archev\u00each\u00e9 Orthodoxe de Belgique","isPartOf":{"@id":"https:\/\/orthodoxia.be\/#website"},"primaryImageOfPage":{"@id":"https:\/\/orthodoxia.be\/fr\/2021\/11\/02\/te-deum-pour-la-fete-nationale-grecque-du-28-octobre-a-bruxelles\/#primaryimage"},"image":{"@id":"https:\/\/orthodoxia.be\/fr\/2021\/11\/02\/te-deum-pour-la-fete-nationale-grecque-du-28-octobre-a-bruxelles\/#primaryimage"},"thumbnailUrl":"https:\/\/orthodoxia.be\/wp-content\/uploads\/2021\/11\/image00027.jpeg","datePublished":"2021-11-02T08:46:37+00:00","dateModified":"2021-11-09T14:35:17+00:00","breadcrumb":{"@id":"https:\/\/orthodoxia.be\/fr\/2021\/11\/02\/te-deum-pour-la-fete-nationale-grecque-du-28-octobre-a-bruxelles\/#breadcrumb"},"inLanguage":"fr-BE","potentialAction":[{"@type":"ReadAction","target":["https:\/\/orthodoxia.be\/fr\/2021\/11\/02\/te-deum-pour-la-fete-nationale-grecque-du-28-octobre-a-bruxelles\/"]}]},{"@type":"ImageObject","inLanguage":"fr-BE","@id":"https:\/\/orthodoxia.be\/fr\/2021\/11\/02\/te-deum-pour-la-fete-nationale-grecque-du-28-octobre-a-bruxelles\/#primaryimage","url":"https:\/\/orthodoxia.be\/wp-content\/uploads\/2021\/11\/image00027.jpeg","contentUrl":"https:\/\/orthodoxia.be\/wp-content\/uploads\/2021\/11\/image00027.jpeg","width":1000,"height":750},{"@type":"BreadcrumbList","@id":"https:\/\/orthodoxia.be\/fr\/2021\/11\/02\/te-deum-pour-la-fete-nationale-grecque-du-28-octobre-a-bruxelles\/#breadcrumb","itemListElement":[{"@type":"ListItem","position":1,"name":"Home","item":"https:\/\/orthodoxia.be\/fr\/"},{"@type":"ListItem","position":2,"name":"Te Deum pour la F\u00eate Nationale grecque du 28 octobre \u00e0 Bruxelles"}]},{"@type":"WebSite","@id":"https:\/\/orthodoxia.be\/#website","url":"https:\/\/orthodoxia.be\/","name":"Orthodox Archdiocese of Belgium (Benelux)","description":"Exarque des Pays-Bas et du Luxembourg","publisher":{"@id":"https:\/\/orthodoxia.be\/#organization"},"alternateName":"IMB","potentialAction":[{"@type":"SearchAction","target":{"@type":"EntryPoint","urlTemplate":"https:\/\/orthodoxia.be\/?s={search_term_string}"},"query-input":{"@type":"PropertyValueSpecification","valueRequired":true,"valueName":"search_term_string"}}],"inLanguage":"fr-BE"},{"@type":"Organization","@id":"https:\/\/orthodoxia.be\/#organization","name":"Orthodox Archdiocese of Belgium (Benelux)","url":"https:\/\/orthodoxia.be\/","logo":{"@type":"ImageObject","inLanguage":"fr-BE","@id":"https:\/\/orthodoxia.be\/#\/schema\/logo\/image\/","url":"https:\/\/orthodoxia.be\/wp-content\/uploads\/2024\/02\/cropped-IMB-logo-512-cl-1.png","contentUrl":"https:\/\/orthodoxia.be\/wp-content\/uploads\/2024\/02\/cropped-IMB-logo-512-cl-1.png","width":512,"height":512,"caption":"Orthodox Archdiocese of Belgium (Benelux)"},"image":{"@id":"https:\/\/orthodoxia.be\/#\/schema\/logo\/image\/"},"sameAs":["https:\/\/www.facebook.com\/orthobel","https:\/\/x.com\/orthobel","https:\/\/www.youtube.com\/c\/orthobel","https:\/\/www.mixcloud.com\/orthobel\/","https:\/\/www.flickr.com\/photos\/148264890@N07\/albums","https:\/\/www.dailymotion.com\/Orthobel"]},{"@type":"Person","@id":"https:\/\/orthodoxia.be\/#\/schema\/person\/4641c70600fbb1aac968996a0ef6d284","name":"\u0391\u03c1\u03c7\u03b5\u03af\u03bf \u03a3\u03c5\u03bd\u03b5\u03c1\u03b3\u03b1\u03c4\u03ce\u03bd","image":{"@type":"ImageObject","inLanguage":"fr-BE","@id":"https:\/\/orthodoxia.be\/#\/schema\/person\/image\/","url":"https:\/\/secure.gravatar.com\/avatar\/0bf791bec6a55758e3ee18a1fc90f09b?s=96&d=mm&r=g","contentUrl":"https:\/\/secure.gravatar.com\/avatar\/0bf791bec6a55758e3ee18a1fc90f09b?s=96&d=mm&r=g","caption":"\u0391\u03c1\u03c7\u03b5\u03af\u03bf \u03a3\u03c5\u03bd\u03b5\u03c1\u03b3\u03b1\u03c4\u03ce\u03bd"},"url":"https:\/\/orthodoxia.be\/fr\/author\/archives\/"}]}},"_links":{"self":[{"href":"https:\/\/orthodoxia.be\/fr\/wp-json\/wp\/v2\/posts\/35014","targetHints":{"allow":["GET"]}}],"collection":[{"href":"https:\/\/orthodoxia.be\/fr\/wp-json\/wp\/v2\/posts"}],"about":[{"href":"https:\/\/orthodoxia.be\/fr\/wp-json\/wp\/v2\/types\/post"}],"author":[{"embeddable":true,"href":"https:\/\/orthodoxia.be\/fr\/wp-json\/wp\/v2\/users\/12"}],"replies":[{"embeddable":true,"href":"https:\/\/orthodoxia.be\/fr\/wp-json\/wp\/v2\/comments?post=35014"}],"version-history":[{"count":1,"href":"https:\/\/orthodoxia.be\/fr\/wp-json\/wp\/v2\/posts\/35014\/revisions"}],"predecessor-version":[{"id":35015,"href":"https:\/\/orthodoxia.be\/fr\/wp-json\/wp\/v2\/posts\/35014\/revisions\/35015"}],"wp:featuredmedia":[{"embeddable":true,"href":"https:\/\/orthodoxia.be\/fr\/wp-json\/wp\/v2\/media\/34861"}],"wp:attachment":[{"href":"https:\/\/orthodoxia.be\/fr\/wp-json\/wp\/v2\/media?parent=35014"}],"wp:term":[{"taxonomy":"category","embeddable":true,"href":"https:\/\/orthodoxia.be\/fr\/wp-json\/wp\/v2\/categories?post=35014"},{"taxonomy":"post_tag","embeddable":true,"href":"https:\/\/orthodoxia.be\/fr\/wp-json\/wp\/v2\/tags?post=35014"}],"curies":[{"name":"wp","href":"https:\/\/api.w.org\/{rel}","templated":true}]}}