{"id":35341,"date":"2021-11-30T10:54:54","date_gmt":"2021-11-30T09:54:54","guid":{"rendered":"http:\/\/orthodoxia.be\/?p=35341"},"modified":"2021-11-30T13:11:30","modified_gmt":"2021-11-30T12:11:30","slug":"rencontre-a-bruxelles-du-metropolite-de-belgique-avec-la-ministre-de-leducation-de-grece","status":"publish","type":"post","link":"https:\/\/orthodoxia.be\/fr\/2021\/11\/30\/rencontre-a-bruxelles-du-metropolite-de-belgique-avec-la-ministre-de-leducation-de-grece\/","title":{"rendered":"Rencontre \u00e0 Bruxelles du M\u00e9tropolite de Belgique  avec la Ministre de l\u2019\u00c9ducation de Gr\u00e8ce"},"content":{"rendered":"<p style=\"text-align: justify;\">Mardi 30 novembre 2021, Son Eminence le M\u00e9tropolite Ath\u00e9nagoras de Belgique et Exarque des Pays-Bas et du Luxembourg a rencontr\u00e9 Mme Niki Kerameos, Ministre de l\u2019Education et des Cultes de Gr\u00e8ce, pr\u00e9sente \u00e0 Bruxelles pour les travaux du Conseil Europ\u00e9en des Ministres de l\u2019Education.<\/p>\n<p style=\"text-align: justify;\">La rencontre s\u2019est d\u00e9roul\u00e9e dans une ambiance cordiale, tandis que la discussion s\u2019est focalis\u00e9e sur le fonctionnement de l\u2019Ecole Hell\u00e9nique Kestekidion de Bruxelles, qui est h\u00e9berg\u00e9e dans un b\u00e2timent de l\u2019Eglise (Patriarcat \u0152cum\u00e9nique) et constitue un \u00e9l\u00e9ment d\u2019excellente collaboration entre l\u2019Archev\u00each\u00e9 et l\u2019Etat Hell\u00e9nique.<\/p>\n<p style=\"text-align: justify;\">Madame la Ministre a exprim\u00e9 un grand int\u00e9r\u00eat tant pour l\u2019Ecole Kestekidion que pour divers sujets qui pr\u00e9occupent l\u2019Archev\u00each\u00e9 et la communaut\u00e9 hell\u00e9nique r\u00e9sidant au Benelux.<\/p>\n<p>[FAGP id=35327]<\/p>\n","protected":false},"excerpt":{"rendered":"<p>Mardi 30 novembre 2021, Son Eminence le M\u00e9tropolite Ath\u00e9nagoras de Belgique et Exarque des Pays-Bas et du Luxembourg a rencontr\u00e9 Mme Niki Kerameos, Ministre de l\u2019Education et des Cultes de Gr\u00e8ce, pr\u00e9sente \u00e0 Bruxelles pour les travaux du Conseil Europ\u00e9en des Ministres de l\u2019Education. La rencontre s\u2019est d\u00e9roul\u00e9e dans une ambiance cordiale, tandis que la &hellip; <a href=\"https:\/\/orthodoxia.be\/fr\/2021\/11\/30\/rencontre-a-bruxelles-du-metropolite-de-belgique-avec-la-ministre-de-leducation-de-grece\/\">Continued<\/a><\/p>\n","protected":false},"author":12,"featured_media":35335,"comment_status":"closed","ping_status":"open","sticky":false,"template":"","format":"standard","meta":{"_acf_changed":false,"footnotes":""},"categories":[14,16],"tags":[],"class_list":["post-35341","post","type-post","status-publish","format-standard","has-post-thumbnail","hentry","category-actualite","category-communique"],"acf":[],"yoast_head":"<!-- This site is optimized with the Yoast SEO plugin v24.3 - https:\/\/yoast.com\/wordpress\/plugins\/seo\/ -->\n<title>Rencontre \u00e0 Bruxelles du M\u00e9tropolite de Belgique avec la Ministre de l\u2019\u00c9ducation de Gr\u00e8ce - Archev\u00each\u00e9 Orthodoxe de Belgique<\/title>\n<meta name=\"robots\" content=\"index, follow, max-snippet:-1, max-image-preview:large, max-video-preview:-1\" \/>\n<link rel=\"canonical\" href=\"https:\/\/orthodoxia.be\/fr\/2021\/11\/30\/rencontre-a-bruxelles-du-metropolite-de-belgique-avec-la-ministre-de-leducation-de-grece\/\" \/>\n<meta property=\"og:locale\" content=\"fr_FR\" \/>\n<meta property=\"og:type\" content=\"article\" \/>\n<meta property=\"og:title\" content=\"Rencontre \u00e0 Bruxelles du M\u00e9tropolite de Belgique avec la Ministre de l\u2019\u00c9ducation de Gr\u00e8ce - Archev\u00each\u00e9 Orthodoxe de Belgique\" \/>\n<meta property=\"og:description\" content=\"Mardi 30 novembre 2021, Son Eminence le M\u00e9tropolite Ath\u00e9nagoras de Belgique et Exarque des Pays-Bas et du Luxembourg a rencontr\u00e9 Mme Niki Kerameos, Ministre de l\u2019Education et des Cultes de Gr\u00e8ce, pr\u00e9sente \u00e0 Bruxelles pour les travaux du Conseil Europ\u00e9en des Ministres de l\u2019Education. La rencontre s\u2019est d\u00e9roul\u00e9e dans une ambiance cordiale, tandis que la &hellip; Continued\" \/>\n<meta property=\"og:url\" content=\"https:\/\/orthodoxia.be\/fr\/2021\/11\/30\/rencontre-a-bruxelles-du-metropolite-de-belgique-avec-la-ministre-de-leducation-de-grece\/\" \/>\n<meta property=\"og:site_name\" content=\"Archev\u00each\u00e9 Orthodoxe de Belgique\" \/>\n<meta property=\"article:publisher\" content=\"https:\/\/www.facebook.com\/orthobel\" \/>\n<meta property=\"article:published_time\" content=\"2021-11-30T09:54:54+00:00\" \/>\n<meta property=\"article:modified_time\" content=\"2021-11-30T12:11:30+00:00\" \/>\n<meta property=\"og:image\" content=\"https:\/\/orthodoxia.be\/wp-content\/uploads\/2021\/11\/IMG-1467-1.jpg\" \/>\n\t<meta property=\"og:image:width\" content=\"1000\" \/>\n\t<meta property=\"og:image:height\" content=\"750\" \/>\n\t<meta property=\"og:image:type\" content=\"image\/jpeg\" \/>\n<meta name=\"author\" content=\"\u0391\u03c1\u03c7\u03b5\u03af\u03bf \u03a3\u03c5\u03bd\u03b5\u03c1\u03b3\u03b1\u03c4\u03ce\u03bd\" \/>\n<meta name=\"twitter:card\" content=\"summary_large_image\" \/>\n<meta name=\"twitter:creator\" content=\"@orthobel\" \/>\n<meta name=\"twitter:site\" content=\"@orthobel\" \/>\n<meta name=\"twitter:label1\" content=\"\u00c9crit par\" \/>\n\t<meta name=\"twitter:data1\" content=\"\u0391\u03c1\u03c7\u03b5\u03af\u03bf \u03a3\u03c5\u03bd\u03b5\u03c1\u03b3\u03b1\u03c4\u03ce\u03bd\" \/>\n\t<meta name=\"twitter:label2\" content=\"Dur\u00e9e de lecture est.\" \/>\n\t<meta name=\"twitter:data2\" content=\"1 minute\" \/>\n<script type=\"application\/ld+json\" class=\"yoast-schema-graph\">{\"@context\":\"https:\/\/schema.org\",\"@graph\":[{\"@type\":\"Article\",\"@id\":\"https:\/\/orthodoxia.be\/fr\/2021\/11\/30\/rencontre-a-bruxelles-du-metropolite-de-belgique-avec-la-ministre-de-leducation-de-grece\/#article\",\"isPartOf\":{\"@id\":\"https:\/\/orthodoxia.be\/fr\/2021\/11\/30\/rencontre-a-bruxelles-du-metropolite-de-belgique-avec-la-ministre-de-leducation-de-grece\/\"},\"author\":{\"name\":\"\u0391\u03c1\u03c7\u03b5\u03af\u03bf \u03a3\u03c5\u03bd\u03b5\u03c1\u03b3\u03b1\u03c4\u03ce\u03bd\",\"@id\":\"https:\/\/orthodoxia.be\/#\/schema\/person\/4641c70600fbb1aac968996a0ef6d284\"},\"headline\":\"Rencontre \u00e0 Bruxelles du M\u00e9tropolite de Belgique avec la Ministre de l\u2019\u00c9ducation de Gr\u00e8ce\",\"datePublished\":\"2021-11-30T09:54:54+00:00\",\"dateModified\":\"2021-11-30T12:11:30+00:00\",\"mainEntityOfPage\":{\"@id\":\"https:\/\/orthodoxia.be\/fr\/2021\/11\/30\/rencontre-a-bruxelles-du-metropolite-de-belgique-avec-la-ministre-de-leducation-de-grece\/\"},\"wordCount\":162,\"publisher\":{\"@id\":\"https:\/\/orthodoxia.be\/#organization\"},\"image\":{\"@id\":\"https:\/\/orthodoxia.be\/fr\/2021\/11\/30\/rencontre-a-bruxelles-du-metropolite-de-belgique-avec-la-ministre-de-leducation-de-grece\/#primaryimage\"},\"thumbnailUrl\":\"https:\/\/orthodoxia.be\/wp-content\/uploads\/2021\/11\/IMG-1467-1.jpg\",\"articleSection\":[\"Actualit\u00e9\",\"Communiqu\u00e9\"],\"inLanguage\":\"fr-BE\"},{\"@type\":\"WebPage\",\"@id\":\"https:\/\/orthodoxia.be\/fr\/2021\/11\/30\/rencontre-a-bruxelles-du-metropolite-de-belgique-avec-la-ministre-de-leducation-de-grece\/\",\"url\":\"https:\/\/orthodoxia.be\/fr\/2021\/11\/30\/rencontre-a-bruxelles-du-metropolite-de-belgique-avec-la-ministre-de-leducation-de-grece\/\",\"name\":\"Rencontre \u00e0 Bruxelles du M\u00e9tropolite de Belgique avec la Ministre de l\u2019\u00c9ducation de Gr\u00e8ce - Archev\u00each\u00e9 Orthodoxe de Belgique\",\"isPartOf\":{\"@id\":\"https:\/\/orthodoxia.be\/#website\"},\"primaryImageOfPage\":{\"@id\":\"https:\/\/orthodoxia.be\/fr\/2021\/11\/30\/rencontre-a-bruxelles-du-metropolite-de-belgique-avec-la-ministre-de-leducation-de-grece\/#primaryimage\"},\"image\":{\"@id\":\"https:\/\/orthodoxia.be\/fr\/2021\/11\/30\/rencontre-a-bruxelles-du-metropolite-de-belgique-avec-la-ministre-de-leducation-de-grece\/#primaryimage\"},\"thumbnailUrl\":\"https:\/\/orthodoxia.be\/wp-content\/uploads\/2021\/11\/IMG-1467-1.jpg\",\"datePublished\":\"2021-11-30T09:54:54+00:00\",\"dateModified\":\"2021-11-30T12:11:30+00:00\",\"breadcrumb\":{\"@id\":\"https:\/\/orthodoxia.be\/fr\/2021\/11\/30\/rencontre-a-bruxelles-du-metropolite-de-belgique-avec-la-ministre-de-leducation-de-grece\/#breadcrumb\"},\"inLanguage\":\"fr-BE\",\"potentialAction\":[{\"@type\":\"ReadAction\",\"target\":[\"https:\/\/orthodoxia.be\/fr\/2021\/11\/30\/rencontre-a-bruxelles-du-metropolite-de-belgique-avec-la-ministre-de-leducation-de-grece\/\"]}]},{\"@type\":\"ImageObject\",\"inLanguage\":\"fr-BE\",\"@id\":\"https:\/\/orthodoxia.be\/fr\/2021\/11\/30\/rencontre-a-bruxelles-du-metropolite-de-belgique-avec-la-ministre-de-leducation-de-grece\/#primaryimage\",\"url\":\"https:\/\/orthodoxia.be\/wp-content\/uploads\/2021\/11\/IMG-1467-1.jpg\",\"contentUrl\":\"https:\/\/orthodoxia.be\/wp-content\/uploads\/2021\/11\/IMG-1467-1.jpg\",\"width\":1000,\"height\":750},{\"@type\":\"BreadcrumbList\",\"@id\":\"https:\/\/orthodoxia.be\/fr\/2021\/11\/30\/rencontre-a-bruxelles-du-metropolite-de-belgique-avec-la-ministre-de-leducation-de-grece\/#breadcrumb\",\"itemListElement\":[{\"@type\":\"ListItem\",\"position\":1,\"name\":\"Home\",\"item\":\"https:\/\/orthodoxia.be\/fr\/\"},{\"@type\":\"ListItem\",\"position\":2,\"name\":\"Rencontre \u00e0 Bruxelles du M\u00e9tropolite de Belgique avec la Ministre de l\u2019\u00c9ducation de Gr\u00e8ce\"}]},{\"@type\":\"WebSite\",\"@id\":\"https:\/\/orthodoxia.be\/#website\",\"url\":\"https:\/\/orthodoxia.be\/\",\"name\":\"Orthodox Archdiocese of Belgium (Benelux)\",\"description\":\"Exarque des Pays-Bas et du Luxembourg\",\"publisher\":{\"@id\":\"https:\/\/orthodoxia.be\/#organization\"},\"alternateName\":\"IMB\",\"potentialAction\":[{\"@type\":\"SearchAction\",\"target\":{\"@type\":\"EntryPoint\",\"urlTemplate\":\"https:\/\/orthodoxia.be\/?s={search_term_string}\"},\"query-input\":{\"@type\":\"PropertyValueSpecification\",\"valueRequired\":true,\"valueName\":\"search_term_string\"}}],\"inLanguage\":\"fr-BE\"},{\"@type\":\"Organization\",\"@id\":\"https:\/\/orthodoxia.be\/#organization\",\"name\":\"Orthodox Archdiocese of Belgium (Benelux)\",\"url\":\"https:\/\/orthodoxia.be\/\",\"logo\":{\"@type\":\"ImageObject\",\"inLanguage\":\"fr-BE\",\"@id\":\"https:\/\/orthodoxia.be\/#\/schema\/logo\/image\/\",\"url\":\"https:\/\/orthodoxia.be\/wp-content\/uploads\/2024\/02\/cropped-IMB-logo-512-cl-1.png\",\"contentUrl\":\"https:\/\/orthodoxia.be\/wp-content\/uploads\/2024\/02\/cropped-IMB-logo-512-cl-1.png\",\"width\":512,\"height\":512,\"caption\":\"Orthodox Archdiocese of Belgium (Benelux)\"},\"image\":{\"@id\":\"https:\/\/orthodoxia.be\/#\/schema\/logo\/image\/\"},\"sameAs\":[\"https:\/\/www.facebook.com\/orthobel\",\"https:\/\/x.com\/orthobel\",\"https:\/\/www.youtube.com\/c\/orthobel\",\"https:\/\/www.mixcloud.com\/orthobel\/\",\"https:\/\/www.flickr.com\/photos\/148264890@N07\/albums\",\"https:\/\/www.dailymotion.com\/Orthobel\"]},{\"@type\":\"Person\",\"@id\":\"https:\/\/orthodoxia.be\/#\/schema\/person\/4641c70600fbb1aac968996a0ef6d284\",\"name\":\"\u0391\u03c1\u03c7\u03b5\u03af\u03bf \u03a3\u03c5\u03bd\u03b5\u03c1\u03b3\u03b1\u03c4\u03ce\u03bd\",\"image\":{\"@type\":\"ImageObject\",\"inLanguage\":\"fr-BE\",\"@id\":\"https:\/\/orthodoxia.be\/#\/schema\/person\/image\/\",\"url\":\"https:\/\/secure.gravatar.com\/avatar\/0bf791bec6a55758e3ee18a1fc90f09b?s=96&d=mm&r=g\",\"contentUrl\":\"https:\/\/secure.gravatar.com\/avatar\/0bf791bec6a55758e3ee18a1fc90f09b?s=96&d=mm&r=g\",\"caption\":\"\u0391\u03c1\u03c7\u03b5\u03af\u03bf \u03a3\u03c5\u03bd\u03b5\u03c1\u03b3\u03b1\u03c4\u03ce\u03bd\"},\"url\":\"https:\/\/orthodoxia.be\/fr\/author\/archives\/\"}]}<\/script>\n<!-- \/ Yoast SEO plugin. -->","yoast_head_json":{"title":"Rencontre \u00e0 Bruxelles du M\u00e9tropolite de Belgique avec la Ministre de l\u2019\u00c9ducation de Gr\u00e8ce - Archev\u00each\u00e9 Orthodoxe de Belgique","robots":{"index":"index","follow":"follow","max-snippet":"max-snippet:-1","max-image-preview":"max-image-preview:large","max-video-preview":"max-video-preview:-1"},"canonical":"https:\/\/orthodoxia.be\/fr\/2021\/11\/30\/rencontre-a-bruxelles-du-metropolite-de-belgique-avec-la-ministre-de-leducation-de-grece\/","og_locale":"fr_FR","og_type":"article","og_title":"Rencontre \u00e0 Bruxelles du M\u00e9tropolite de Belgique avec la Ministre de l\u2019\u00c9ducation de Gr\u00e8ce - Archev\u00each\u00e9 Orthodoxe de Belgique","og_description":"Mardi 30 novembre 2021, Son Eminence le M\u00e9tropolite Ath\u00e9nagoras de Belgique et Exarque des Pays-Bas et du Luxembourg a rencontr\u00e9 Mme Niki Kerameos, Ministre de l\u2019Education et des Cultes de Gr\u00e8ce, pr\u00e9sente \u00e0 Bruxelles pour les travaux du Conseil Europ\u00e9en des Ministres de l\u2019Education. La rencontre s\u2019est d\u00e9roul\u00e9e dans une ambiance cordiale, tandis que la &hellip; Continued","og_url":"https:\/\/orthodoxia.be\/fr\/2021\/11\/30\/rencontre-a-bruxelles-du-metropolite-de-belgique-avec-la-ministre-de-leducation-de-grece\/","og_site_name":"Archev\u00each\u00e9 Orthodoxe de Belgique","article_publisher":"https:\/\/www.facebook.com\/orthobel","article_published_time":"2021-11-30T09:54:54+00:00","article_modified_time":"2021-11-30T12:11:30+00:00","og_image":[{"width":1000,"height":750,"url":"https:\/\/orthodoxia.be\/wp-content\/uploads\/2021\/11\/IMG-1467-1.jpg","type":"image\/jpeg"}],"author":"\u0391\u03c1\u03c7\u03b5\u03af\u03bf \u03a3\u03c5\u03bd\u03b5\u03c1\u03b3\u03b1\u03c4\u03ce\u03bd","twitter_card":"summary_large_image","twitter_creator":"@orthobel","twitter_site":"@orthobel","twitter_misc":{"\u00c9crit par":"\u0391\u03c1\u03c7\u03b5\u03af\u03bf \u03a3\u03c5\u03bd\u03b5\u03c1\u03b3\u03b1\u03c4\u03ce\u03bd","Dur\u00e9e de lecture est.":"1 minute"},"schema":{"@context":"https:\/\/schema.org","@graph":[{"@type":"Article","@id":"https:\/\/orthodoxia.be\/fr\/2021\/11\/30\/rencontre-a-bruxelles-du-metropolite-de-belgique-avec-la-ministre-de-leducation-de-grece\/#article","isPartOf":{"@id":"https:\/\/orthodoxia.be\/fr\/2021\/11\/30\/rencontre-a-bruxelles-du-metropolite-de-belgique-avec-la-ministre-de-leducation-de-grece\/"},"author":{"name":"\u0391\u03c1\u03c7\u03b5\u03af\u03bf \u03a3\u03c5\u03bd\u03b5\u03c1\u03b3\u03b1\u03c4\u03ce\u03bd","@id":"https:\/\/orthodoxia.be\/#\/schema\/person\/4641c70600fbb1aac968996a0ef6d284"},"headline":"Rencontre \u00e0 Bruxelles du M\u00e9tropolite de Belgique avec la Ministre de l\u2019\u00c9ducation de Gr\u00e8ce","datePublished":"2021-11-30T09:54:54+00:00","dateModified":"2021-11-30T12:11:30+00:00","mainEntityOfPage":{"@id":"https:\/\/orthodoxia.be\/fr\/2021\/11\/30\/rencontre-a-bruxelles-du-metropolite-de-belgique-avec-la-ministre-de-leducation-de-grece\/"},"wordCount":162,"publisher":{"@id":"https:\/\/orthodoxia.be\/#organization"},"image":{"@id":"https:\/\/orthodoxia.be\/fr\/2021\/11\/30\/rencontre-a-bruxelles-du-metropolite-de-belgique-avec-la-ministre-de-leducation-de-grece\/#primaryimage"},"thumbnailUrl":"https:\/\/orthodoxia.be\/wp-content\/uploads\/2021\/11\/IMG-1467-1.jpg","articleSection":["Actualit\u00e9","Communiqu\u00e9"],"inLanguage":"fr-BE"},{"@type":"WebPage","@id":"https:\/\/orthodoxia.be\/fr\/2021\/11\/30\/rencontre-a-bruxelles-du-metropolite-de-belgique-avec-la-ministre-de-leducation-de-grece\/","url":"https:\/\/orthodoxia.be\/fr\/2021\/11\/30\/rencontre-a-bruxelles-du-metropolite-de-belgique-avec-la-ministre-de-leducation-de-grece\/","name":"Rencontre \u00e0 Bruxelles du M\u00e9tropolite de Belgique avec la Ministre de l\u2019\u00c9ducation de Gr\u00e8ce - Archev\u00each\u00e9 Orthodoxe de Belgique","isPartOf":{"@id":"https:\/\/orthodoxia.be\/#website"},"primaryImageOfPage":{"@id":"https:\/\/orthodoxia.be\/fr\/2021\/11\/30\/rencontre-a-bruxelles-du-metropolite-de-belgique-avec-la-ministre-de-leducation-de-grece\/#primaryimage"},"image":{"@id":"https:\/\/orthodoxia.be\/fr\/2021\/11\/30\/rencontre-a-bruxelles-du-metropolite-de-belgique-avec-la-ministre-de-leducation-de-grece\/#primaryimage"},"thumbnailUrl":"https:\/\/orthodoxia.be\/wp-content\/uploads\/2021\/11\/IMG-1467-1.jpg","datePublished":"2021-11-30T09:54:54+00:00","dateModified":"2021-11-30T12:11:30+00:00","breadcrumb":{"@id":"https:\/\/orthodoxia.be\/fr\/2021\/11\/30\/rencontre-a-bruxelles-du-metropolite-de-belgique-avec-la-ministre-de-leducation-de-grece\/#breadcrumb"},"inLanguage":"fr-BE","potentialAction":[{"@type":"ReadAction","target":["https:\/\/orthodoxia.be\/fr\/2021\/11\/30\/rencontre-a-bruxelles-du-metropolite-de-belgique-avec-la-ministre-de-leducation-de-grece\/"]}]},{"@type":"ImageObject","inLanguage":"fr-BE","@id":"https:\/\/orthodoxia.be\/fr\/2021\/11\/30\/rencontre-a-bruxelles-du-metropolite-de-belgique-avec-la-ministre-de-leducation-de-grece\/#primaryimage","url":"https:\/\/orthodoxia.be\/wp-content\/uploads\/2021\/11\/IMG-1467-1.jpg","contentUrl":"https:\/\/orthodoxia.be\/wp-content\/uploads\/2021\/11\/IMG-1467-1.jpg","width":1000,"height":750},{"@type":"BreadcrumbList","@id":"https:\/\/orthodoxia.be\/fr\/2021\/11\/30\/rencontre-a-bruxelles-du-metropolite-de-belgique-avec-la-ministre-de-leducation-de-grece\/#breadcrumb","itemListElement":[{"@type":"ListItem","position":1,"name":"Home","item":"https:\/\/orthodoxia.be\/fr\/"},{"@type":"ListItem","position":2,"name":"Rencontre \u00e0 Bruxelles du M\u00e9tropolite de Belgique avec la Ministre de l\u2019\u00c9ducation de Gr\u00e8ce"}]},{"@type":"WebSite","@id":"https:\/\/orthodoxia.be\/#website","url":"https:\/\/orthodoxia.be\/","name":"Orthodox Archdiocese of Belgium (Benelux)","description":"Exarque des Pays-Bas et du Luxembourg","publisher":{"@id":"https:\/\/orthodoxia.be\/#organization"},"alternateName":"IMB","potentialAction":[{"@type":"SearchAction","target":{"@type":"EntryPoint","urlTemplate":"https:\/\/orthodoxia.be\/?s={search_term_string}"},"query-input":{"@type":"PropertyValueSpecification","valueRequired":true,"valueName":"search_term_string"}}],"inLanguage":"fr-BE"},{"@type":"Organization","@id":"https:\/\/orthodoxia.be\/#organization","name":"Orthodox Archdiocese of Belgium (Benelux)","url":"https:\/\/orthodoxia.be\/","logo":{"@type":"ImageObject","inLanguage":"fr-BE","@id":"https:\/\/orthodoxia.be\/#\/schema\/logo\/image\/","url":"https:\/\/orthodoxia.be\/wp-content\/uploads\/2024\/02\/cropped-IMB-logo-512-cl-1.png","contentUrl":"https:\/\/orthodoxia.be\/wp-content\/uploads\/2024\/02\/cropped-IMB-logo-512-cl-1.png","width":512,"height":512,"caption":"Orthodox Archdiocese of Belgium (Benelux)"},"image":{"@id":"https:\/\/orthodoxia.be\/#\/schema\/logo\/image\/"},"sameAs":["https:\/\/www.facebook.com\/orthobel","https:\/\/x.com\/orthobel","https:\/\/www.youtube.com\/c\/orthobel","https:\/\/www.mixcloud.com\/orthobel\/","https:\/\/www.flickr.com\/photos\/148264890@N07\/albums","https:\/\/www.dailymotion.com\/Orthobel"]},{"@type":"Person","@id":"https:\/\/orthodoxia.be\/#\/schema\/person\/4641c70600fbb1aac968996a0ef6d284","name":"\u0391\u03c1\u03c7\u03b5\u03af\u03bf \u03a3\u03c5\u03bd\u03b5\u03c1\u03b3\u03b1\u03c4\u03ce\u03bd","image":{"@type":"ImageObject","inLanguage":"fr-BE","@id":"https:\/\/orthodoxia.be\/#\/schema\/person\/image\/","url":"https:\/\/secure.gravatar.com\/avatar\/0bf791bec6a55758e3ee18a1fc90f09b?s=96&d=mm&r=g","contentUrl":"https:\/\/secure.gravatar.com\/avatar\/0bf791bec6a55758e3ee18a1fc90f09b?s=96&d=mm&r=g","caption":"\u0391\u03c1\u03c7\u03b5\u03af\u03bf \u03a3\u03c5\u03bd\u03b5\u03c1\u03b3\u03b1\u03c4\u03ce\u03bd"},"url":"https:\/\/orthodoxia.be\/fr\/author\/archives\/"}]}},"_links":{"self":[{"href":"https:\/\/orthodoxia.be\/fr\/wp-json\/wp\/v2\/posts\/35341","targetHints":{"allow":["GET"]}}],"collection":[{"href":"https:\/\/orthodoxia.be\/fr\/wp-json\/wp\/v2\/posts"}],"about":[{"href":"https:\/\/orthodoxia.be\/fr\/wp-json\/wp\/v2\/types\/post"}],"author":[{"embeddable":true,"href":"https:\/\/orthodoxia.be\/fr\/wp-json\/wp\/v2\/users\/12"}],"replies":[{"embeddable":true,"href":"https:\/\/orthodoxia.be\/fr\/wp-json\/wp\/v2\/comments?post=35341"}],"version-history":[{"count":1,"href":"https:\/\/orthodoxia.be\/fr\/wp-json\/wp\/v2\/posts\/35341\/revisions"}],"predecessor-version":[{"id":35342,"href":"https:\/\/orthodoxia.be\/fr\/wp-json\/wp\/v2\/posts\/35341\/revisions\/35342"}],"wp:featuredmedia":[{"embeddable":true,"href":"https:\/\/orthodoxia.be\/fr\/wp-json\/wp\/v2\/media\/35335"}],"wp:attachment":[{"href":"https:\/\/orthodoxia.be\/fr\/wp-json\/wp\/v2\/media?parent=35341"}],"wp:term":[{"taxonomy":"category","embeddable":true,"href":"https:\/\/orthodoxia.be\/fr\/wp-json\/wp\/v2\/categories?post=35341"},{"taxonomy":"post_tag","embeddable":true,"href":"https:\/\/orthodoxia.be\/fr\/wp-json\/wp\/v2\/tags?post=35341"}],"curies":[{"name":"wp","href":"https:\/\/api.w.org\/{rel}","templated":true}]}}