{"id":35854,"date":"2021-12-29T17:57:37","date_gmt":"2021-12-29T16:57:37","guid":{"rendered":"http:\/\/orthodoxia.be\/?p=35854"},"modified":"2021-12-31T09:44:06","modified_gmt":"2021-12-31T08:44:06","slug":"annonce-de-letat-de-sante-du-patriarcheoecumenique","status":"publish","type":"post","link":"https:\/\/orthodoxia.be\/fr\/2021\/12\/29\/annonce-de-letat-de-sante-du-patriarcheoecumenique\/","title":{"rendered":"Annonce de l\u2019\u00e9tat de sant\u00e9 du Patriarche\u0152cum\u00e9nique"},"content":{"rendered":"<p>&nbsp;<\/p>\n<p>Sa Toute Saintet\u00e9 le Patriarche \u0152cum\u00e9nique Bartholom\u00e9e, dans le cadre des examens diagnostiques r\u00e9guliers effectu\u00e9s au Phanar, a \u00e9t\u00e9 diagnostiqu\u00e9 aujourd&#8217;hui, vendredi 24 d\u00e9cembre 2021, comme positif au coronavirus.<\/p>\n<p>Sa Saintet\u00e9, qui est enti\u00e8rement vaccin\u00e9e, pr\u00e9sente actuellement de l\u00e9gers sympt\u00f4mes, mais son \u00e9tat g\u00e9n\u00e9ral est bon.<\/p>\n<p>Imm\u00e9diatement apr\u00e8s le diagnostic, il s&#8217;est rendu \u00e0 l&#8217;h\u00f4pital principal de la ville pour des examens compl\u00e9mentaires.<\/p>\n<p>Le patriarche \u0153cum\u00e9nique remercie tous ceux qui ont manifest\u00e9 leur int\u00e9r\u00eat pour son \u00e9tat de sant\u00e9 et exhorte paternellement, une fois de plus, tout le monde \u00e0 suivre les recommandations des m\u00e9decins et des sp\u00e9cialistes, ainsi que ceux qui n&#8217;ont pas encore \u00e9t\u00e9 vaccin\u00e9s, \u00e0 le faire pour leur propre bien et celui de la communaut\u00e9.<\/p>\n<p>Il profite de cette occasion pour souhaiter \u00e0 tous un No\u00ebl heureux et b\u00e9ni.<\/p>\n<p>&nbsp;<\/p>\n","protected":false},"excerpt":{"rendered":"<p>&nbsp; Sa Toute Saintet\u00e9 le Patriarche \u0152cum\u00e9nique Bartholom\u00e9e, dans le cadre des examens diagnostiques r\u00e9guliers effectu\u00e9s au Phanar, a \u00e9t\u00e9 diagnostiqu\u00e9 aujourd&#8217;hui, vendredi 24 d\u00e9cembre 2021, comme positif au coronavirus. Sa Saintet\u00e9, qui est enti\u00e8rement vaccin\u00e9e, pr\u00e9sente actuellement de l\u00e9gers sympt\u00f4mes, mais son \u00e9tat g\u00e9n\u00e9ral est bon. Imm\u00e9diatement apr\u00e8s le diagnostic, il s&#8217;est rendu \u00e0 &hellip; <a href=\"https:\/\/orthodoxia.be\/fr\/2021\/12\/29\/annonce-de-letat-de-sante-du-patriarcheoecumenique\/\">Continued<\/a><\/p>\n","protected":false},"author":12,"featured_media":35839,"comment_status":"closed","ping_status":"open","sticky":false,"template":"","format":"standard","meta":{"_acf_changed":false,"footnotes":""},"categories":[14,16],"tags":[],"class_list":["post-35854","post","type-post","status-publish","format-standard","has-post-thumbnail","hentry","category-actualite","category-communique"],"acf":[],"yoast_head":"<!-- This site is optimized with the Yoast SEO plugin v24.3 - https:\/\/yoast.com\/wordpress\/plugins\/seo\/ -->\n<title>Annonce de l&#039;\u00e9tat de sant\u00e9 du Patriarche\u0152cum\u00e9nique - Archev\u00each\u00e9 Orthodoxe de Belgique<\/title>\n<meta name=\"robots\" content=\"index, follow, max-snippet:-1, max-image-preview:large, max-video-preview:-1\" \/>\n<link rel=\"canonical\" href=\"https:\/\/orthodoxia.be\/fr\/2021\/12\/29\/annonce-de-letat-de-sante-du-patriarcheoecumenique\/\" \/>\n<meta property=\"og:locale\" content=\"fr_FR\" \/>\n<meta property=\"og:type\" content=\"article\" \/>\n<meta property=\"og:title\" content=\"Annonce de l&#039;\u00e9tat de sant\u00e9 du Patriarche\u0152cum\u00e9nique - Archev\u00each\u00e9 Orthodoxe de Belgique\" \/>\n<meta property=\"og:description\" content=\"&nbsp; Sa Toute Saintet\u00e9 le Patriarche \u0152cum\u00e9nique Bartholom\u00e9e, dans le cadre des examens diagnostiques r\u00e9guliers effectu\u00e9s au Phanar, a \u00e9t\u00e9 diagnostiqu\u00e9 aujourd&#8217;hui, vendredi 24 d\u00e9cembre 2021, comme positif au coronavirus. Sa Saintet\u00e9, qui est enti\u00e8rement vaccin\u00e9e, pr\u00e9sente actuellement de l\u00e9gers sympt\u00f4mes, mais son \u00e9tat g\u00e9n\u00e9ral est bon. Imm\u00e9diatement apr\u00e8s le diagnostic, il s&#8217;est rendu \u00e0 &hellip; Continued\" \/>\n<meta property=\"og:url\" content=\"https:\/\/orthodoxia.be\/fr\/2021\/12\/29\/annonce-de-letat-de-sante-du-patriarcheoecumenique\/\" \/>\n<meta property=\"og:site_name\" content=\"Archev\u00each\u00e9 Orthodoxe de Belgique\" \/>\n<meta property=\"article:publisher\" content=\"https:\/\/www.facebook.com\/orthobel\" \/>\n<meta property=\"article:published_time\" content=\"2021-12-29T16:57:37+00:00\" \/>\n<meta property=\"article:modified_time\" content=\"2021-12-31T08:44:06+00:00\" \/>\n<meta property=\"og:image\" content=\"https:\/\/orthodoxia.be\/wp-content\/uploads\/2021\/12\/\u0391\u03bd\u03b1\u03ba\u03bf\u03b9\u03bd\u03c9\u03b8\u03ad\u03bd.jpeg\" \/>\n\t<meta property=\"og:image:width\" content=\"577\" \/>\n\t<meta property=\"og:image:height\" content=\"858\" \/>\n\t<meta property=\"og:image:type\" content=\"image\/jpeg\" \/>\n<meta name=\"author\" content=\"\u0391\u03c1\u03c7\u03b5\u03af\u03bf \u03a3\u03c5\u03bd\u03b5\u03c1\u03b3\u03b1\u03c4\u03ce\u03bd\" \/>\n<meta name=\"twitter:card\" content=\"summary_large_image\" \/>\n<meta name=\"twitter:creator\" content=\"@orthobel\" \/>\n<meta name=\"twitter:site\" content=\"@orthobel\" \/>\n<meta name=\"twitter:label1\" content=\"\u00c9crit par\" \/>\n\t<meta name=\"twitter:data1\" content=\"\u0391\u03c1\u03c7\u03b5\u03af\u03bf \u03a3\u03c5\u03bd\u03b5\u03c1\u03b3\u03b1\u03c4\u03ce\u03bd\" \/>\n\t<meta name=\"twitter:label2\" content=\"Dur\u00e9e de lecture est.\" \/>\n\t<meta name=\"twitter:data2\" content=\"1 minute\" \/>\n<script type=\"application\/ld+json\" class=\"yoast-schema-graph\">{\"@context\":\"https:\/\/schema.org\",\"@graph\":[{\"@type\":\"Article\",\"@id\":\"https:\/\/orthodoxia.be\/fr\/2021\/12\/29\/annonce-de-letat-de-sante-du-patriarcheoecumenique\/#article\",\"isPartOf\":{\"@id\":\"https:\/\/orthodoxia.be\/fr\/2021\/12\/29\/annonce-de-letat-de-sante-du-patriarcheoecumenique\/\"},\"author\":{\"name\":\"\u0391\u03c1\u03c7\u03b5\u03af\u03bf \u03a3\u03c5\u03bd\u03b5\u03c1\u03b3\u03b1\u03c4\u03ce\u03bd\",\"@id\":\"https:\/\/orthodoxia.be\/#\/schema\/person\/4641c70600fbb1aac968996a0ef6d284\"},\"headline\":\"Annonce de l\u2019\u00e9tat de sant\u00e9 du Patriarche\u0152cum\u00e9nique\",\"datePublished\":\"2021-12-29T16:57:37+00:00\",\"dateModified\":\"2021-12-31T08:44:06+00:00\",\"mainEntityOfPage\":{\"@id\":\"https:\/\/orthodoxia.be\/fr\/2021\/12\/29\/annonce-de-letat-de-sante-du-patriarcheoecumenique\/\"},\"wordCount\":167,\"publisher\":{\"@id\":\"https:\/\/orthodoxia.be\/#organization\"},\"image\":{\"@id\":\"https:\/\/orthodoxia.be\/fr\/2021\/12\/29\/annonce-de-letat-de-sante-du-patriarcheoecumenique\/#primaryimage\"},\"thumbnailUrl\":\"https:\/\/orthodoxia.be\/wp-content\/uploads\/2021\/12\/\u0391\u03bd\u03b1\u03ba\u03bf\u03b9\u03bd\u03c9\u03b8\u03ad\u03bd.jpeg\",\"articleSection\":[\"Actualit\u00e9\",\"Communiqu\u00e9\"],\"inLanguage\":\"fr-BE\"},{\"@type\":\"WebPage\",\"@id\":\"https:\/\/orthodoxia.be\/fr\/2021\/12\/29\/annonce-de-letat-de-sante-du-patriarcheoecumenique\/\",\"url\":\"https:\/\/orthodoxia.be\/fr\/2021\/12\/29\/annonce-de-letat-de-sante-du-patriarcheoecumenique\/\",\"name\":\"Annonce de l'\u00e9tat de sant\u00e9 du Patriarche\u0152cum\u00e9nique - Archev\u00each\u00e9 Orthodoxe de Belgique\",\"isPartOf\":{\"@id\":\"https:\/\/orthodoxia.be\/#website\"},\"primaryImageOfPage\":{\"@id\":\"https:\/\/orthodoxia.be\/fr\/2021\/12\/29\/annonce-de-letat-de-sante-du-patriarcheoecumenique\/#primaryimage\"},\"image\":{\"@id\":\"https:\/\/orthodoxia.be\/fr\/2021\/12\/29\/annonce-de-letat-de-sante-du-patriarcheoecumenique\/#primaryimage\"},\"thumbnailUrl\":\"https:\/\/orthodoxia.be\/wp-content\/uploads\/2021\/12\/\u0391\u03bd\u03b1\u03ba\u03bf\u03b9\u03bd\u03c9\u03b8\u03ad\u03bd.jpeg\",\"datePublished\":\"2021-12-29T16:57:37+00:00\",\"dateModified\":\"2021-12-31T08:44:06+00:00\",\"breadcrumb\":{\"@id\":\"https:\/\/orthodoxia.be\/fr\/2021\/12\/29\/annonce-de-letat-de-sante-du-patriarcheoecumenique\/#breadcrumb\"},\"inLanguage\":\"fr-BE\",\"potentialAction\":[{\"@type\":\"ReadAction\",\"target\":[\"https:\/\/orthodoxia.be\/fr\/2021\/12\/29\/annonce-de-letat-de-sante-du-patriarcheoecumenique\/\"]}]},{\"@type\":\"ImageObject\",\"inLanguage\":\"fr-BE\",\"@id\":\"https:\/\/orthodoxia.be\/fr\/2021\/12\/29\/annonce-de-letat-de-sante-du-patriarcheoecumenique\/#primaryimage\",\"url\":\"https:\/\/orthodoxia.be\/wp-content\/uploads\/2021\/12\/\u0391\u03bd\u03b1\u03ba\u03bf\u03b9\u03bd\u03c9\u03b8\u03ad\u03bd.jpeg\",\"contentUrl\":\"https:\/\/orthodoxia.be\/wp-content\/uploads\/2021\/12\/\u0391\u03bd\u03b1\u03ba\u03bf\u03b9\u03bd\u03c9\u03b8\u03ad\u03bd.jpeg\",\"width\":577,\"height\":858},{\"@type\":\"BreadcrumbList\",\"@id\":\"https:\/\/orthodoxia.be\/fr\/2021\/12\/29\/annonce-de-letat-de-sante-du-patriarcheoecumenique\/#breadcrumb\",\"itemListElement\":[{\"@type\":\"ListItem\",\"position\":1,\"name\":\"Home\",\"item\":\"https:\/\/orthodoxia.be\/fr\/\"},{\"@type\":\"ListItem\",\"position\":2,\"name\":\"Annonce de l&#8217;\u00e9tat de sant\u00e9 du Patriarche\u0152cum\u00e9nique\"}]},{\"@type\":\"WebSite\",\"@id\":\"https:\/\/orthodoxia.be\/#website\",\"url\":\"https:\/\/orthodoxia.be\/\",\"name\":\"Orthodox Archdiocese of Belgium (Benelux)\",\"description\":\"Exarque des Pays-Bas et du Luxembourg\",\"publisher\":{\"@id\":\"https:\/\/orthodoxia.be\/#organization\"},\"alternateName\":\"IMB\",\"potentialAction\":[{\"@type\":\"SearchAction\",\"target\":{\"@type\":\"EntryPoint\",\"urlTemplate\":\"https:\/\/orthodoxia.be\/?s={search_term_string}\"},\"query-input\":{\"@type\":\"PropertyValueSpecification\",\"valueRequired\":true,\"valueName\":\"search_term_string\"}}],\"inLanguage\":\"fr-BE\"},{\"@type\":\"Organization\",\"@id\":\"https:\/\/orthodoxia.be\/#organization\",\"name\":\"Orthodox Archdiocese of Belgium (Benelux)\",\"url\":\"https:\/\/orthodoxia.be\/\",\"logo\":{\"@type\":\"ImageObject\",\"inLanguage\":\"fr-BE\",\"@id\":\"https:\/\/orthodoxia.be\/#\/schema\/logo\/image\/\",\"url\":\"https:\/\/orthodoxia.be\/wp-content\/uploads\/2024\/02\/cropped-IMB-logo-512-cl-1.png\",\"contentUrl\":\"https:\/\/orthodoxia.be\/wp-content\/uploads\/2024\/02\/cropped-IMB-logo-512-cl-1.png\",\"width\":512,\"height\":512,\"caption\":\"Orthodox Archdiocese of Belgium (Benelux)\"},\"image\":{\"@id\":\"https:\/\/orthodoxia.be\/#\/schema\/logo\/image\/\"},\"sameAs\":[\"https:\/\/www.facebook.com\/orthobel\",\"https:\/\/x.com\/orthobel\",\"https:\/\/www.youtube.com\/c\/orthobel\",\"https:\/\/www.mixcloud.com\/orthobel\/\",\"https:\/\/www.flickr.com\/photos\/148264890@N07\/albums\",\"https:\/\/www.dailymotion.com\/Orthobel\"]},{\"@type\":\"Person\",\"@id\":\"https:\/\/orthodoxia.be\/#\/schema\/person\/4641c70600fbb1aac968996a0ef6d284\",\"name\":\"\u0391\u03c1\u03c7\u03b5\u03af\u03bf \u03a3\u03c5\u03bd\u03b5\u03c1\u03b3\u03b1\u03c4\u03ce\u03bd\",\"image\":{\"@type\":\"ImageObject\",\"inLanguage\":\"fr-BE\",\"@id\":\"https:\/\/orthodoxia.be\/#\/schema\/person\/image\/\",\"url\":\"https:\/\/secure.gravatar.com\/avatar\/0bf791bec6a55758e3ee18a1fc90f09b?s=96&d=mm&r=g\",\"contentUrl\":\"https:\/\/secure.gravatar.com\/avatar\/0bf791bec6a55758e3ee18a1fc90f09b?s=96&d=mm&r=g\",\"caption\":\"\u0391\u03c1\u03c7\u03b5\u03af\u03bf \u03a3\u03c5\u03bd\u03b5\u03c1\u03b3\u03b1\u03c4\u03ce\u03bd\"},\"url\":\"https:\/\/orthodoxia.be\/fr\/author\/archives\/\"}]}<\/script>\n<!-- \/ Yoast SEO plugin. -->","yoast_head_json":{"title":"Annonce de l'\u00e9tat de sant\u00e9 du Patriarche\u0152cum\u00e9nique - Archev\u00each\u00e9 Orthodoxe de Belgique","robots":{"index":"index","follow":"follow","max-snippet":"max-snippet:-1","max-image-preview":"max-image-preview:large","max-video-preview":"max-video-preview:-1"},"canonical":"https:\/\/orthodoxia.be\/fr\/2021\/12\/29\/annonce-de-letat-de-sante-du-patriarcheoecumenique\/","og_locale":"fr_FR","og_type":"article","og_title":"Annonce de l'\u00e9tat de sant\u00e9 du Patriarche\u0152cum\u00e9nique - Archev\u00each\u00e9 Orthodoxe de Belgique","og_description":"&nbsp; Sa Toute Saintet\u00e9 le Patriarche \u0152cum\u00e9nique Bartholom\u00e9e, dans le cadre des examens diagnostiques r\u00e9guliers effectu\u00e9s au Phanar, a \u00e9t\u00e9 diagnostiqu\u00e9 aujourd&#8217;hui, vendredi 24 d\u00e9cembre 2021, comme positif au coronavirus. Sa Saintet\u00e9, qui est enti\u00e8rement vaccin\u00e9e, pr\u00e9sente actuellement de l\u00e9gers sympt\u00f4mes, mais son \u00e9tat g\u00e9n\u00e9ral est bon. Imm\u00e9diatement apr\u00e8s le diagnostic, il s&#8217;est rendu \u00e0 &hellip; Continued","og_url":"https:\/\/orthodoxia.be\/fr\/2021\/12\/29\/annonce-de-letat-de-sante-du-patriarcheoecumenique\/","og_site_name":"Archev\u00each\u00e9 Orthodoxe de Belgique","article_publisher":"https:\/\/www.facebook.com\/orthobel","article_published_time":"2021-12-29T16:57:37+00:00","article_modified_time":"2021-12-31T08:44:06+00:00","og_image":[{"width":577,"height":858,"url":"https:\/\/orthodoxia.be\/wp-content\/uploads\/2021\/12\/\u0391\u03bd\u03b1\u03ba\u03bf\u03b9\u03bd\u03c9\u03b8\u03ad\u03bd.jpeg","type":"image\/jpeg"}],"author":"\u0391\u03c1\u03c7\u03b5\u03af\u03bf \u03a3\u03c5\u03bd\u03b5\u03c1\u03b3\u03b1\u03c4\u03ce\u03bd","twitter_card":"summary_large_image","twitter_creator":"@orthobel","twitter_site":"@orthobel","twitter_misc":{"\u00c9crit par":"\u0391\u03c1\u03c7\u03b5\u03af\u03bf \u03a3\u03c5\u03bd\u03b5\u03c1\u03b3\u03b1\u03c4\u03ce\u03bd","Dur\u00e9e de lecture est.":"1 minute"},"schema":{"@context":"https:\/\/schema.org","@graph":[{"@type":"Article","@id":"https:\/\/orthodoxia.be\/fr\/2021\/12\/29\/annonce-de-letat-de-sante-du-patriarcheoecumenique\/#article","isPartOf":{"@id":"https:\/\/orthodoxia.be\/fr\/2021\/12\/29\/annonce-de-letat-de-sante-du-patriarcheoecumenique\/"},"author":{"name":"\u0391\u03c1\u03c7\u03b5\u03af\u03bf \u03a3\u03c5\u03bd\u03b5\u03c1\u03b3\u03b1\u03c4\u03ce\u03bd","@id":"https:\/\/orthodoxia.be\/#\/schema\/person\/4641c70600fbb1aac968996a0ef6d284"},"headline":"Annonce de l\u2019\u00e9tat de sant\u00e9 du Patriarche\u0152cum\u00e9nique","datePublished":"2021-12-29T16:57:37+00:00","dateModified":"2021-12-31T08:44:06+00:00","mainEntityOfPage":{"@id":"https:\/\/orthodoxia.be\/fr\/2021\/12\/29\/annonce-de-letat-de-sante-du-patriarcheoecumenique\/"},"wordCount":167,"publisher":{"@id":"https:\/\/orthodoxia.be\/#organization"},"image":{"@id":"https:\/\/orthodoxia.be\/fr\/2021\/12\/29\/annonce-de-letat-de-sante-du-patriarcheoecumenique\/#primaryimage"},"thumbnailUrl":"https:\/\/orthodoxia.be\/wp-content\/uploads\/2021\/12\/\u0391\u03bd\u03b1\u03ba\u03bf\u03b9\u03bd\u03c9\u03b8\u03ad\u03bd.jpeg","articleSection":["Actualit\u00e9","Communiqu\u00e9"],"inLanguage":"fr-BE"},{"@type":"WebPage","@id":"https:\/\/orthodoxia.be\/fr\/2021\/12\/29\/annonce-de-letat-de-sante-du-patriarcheoecumenique\/","url":"https:\/\/orthodoxia.be\/fr\/2021\/12\/29\/annonce-de-letat-de-sante-du-patriarcheoecumenique\/","name":"Annonce de l'\u00e9tat de sant\u00e9 du Patriarche\u0152cum\u00e9nique - Archev\u00each\u00e9 Orthodoxe de Belgique","isPartOf":{"@id":"https:\/\/orthodoxia.be\/#website"},"primaryImageOfPage":{"@id":"https:\/\/orthodoxia.be\/fr\/2021\/12\/29\/annonce-de-letat-de-sante-du-patriarcheoecumenique\/#primaryimage"},"image":{"@id":"https:\/\/orthodoxia.be\/fr\/2021\/12\/29\/annonce-de-letat-de-sante-du-patriarcheoecumenique\/#primaryimage"},"thumbnailUrl":"https:\/\/orthodoxia.be\/wp-content\/uploads\/2021\/12\/\u0391\u03bd\u03b1\u03ba\u03bf\u03b9\u03bd\u03c9\u03b8\u03ad\u03bd.jpeg","datePublished":"2021-12-29T16:57:37+00:00","dateModified":"2021-12-31T08:44:06+00:00","breadcrumb":{"@id":"https:\/\/orthodoxia.be\/fr\/2021\/12\/29\/annonce-de-letat-de-sante-du-patriarcheoecumenique\/#breadcrumb"},"inLanguage":"fr-BE","potentialAction":[{"@type":"ReadAction","target":["https:\/\/orthodoxia.be\/fr\/2021\/12\/29\/annonce-de-letat-de-sante-du-patriarcheoecumenique\/"]}]},{"@type":"ImageObject","inLanguage":"fr-BE","@id":"https:\/\/orthodoxia.be\/fr\/2021\/12\/29\/annonce-de-letat-de-sante-du-patriarcheoecumenique\/#primaryimage","url":"https:\/\/orthodoxia.be\/wp-content\/uploads\/2021\/12\/\u0391\u03bd\u03b1\u03ba\u03bf\u03b9\u03bd\u03c9\u03b8\u03ad\u03bd.jpeg","contentUrl":"https:\/\/orthodoxia.be\/wp-content\/uploads\/2021\/12\/\u0391\u03bd\u03b1\u03ba\u03bf\u03b9\u03bd\u03c9\u03b8\u03ad\u03bd.jpeg","width":577,"height":858},{"@type":"BreadcrumbList","@id":"https:\/\/orthodoxia.be\/fr\/2021\/12\/29\/annonce-de-letat-de-sante-du-patriarcheoecumenique\/#breadcrumb","itemListElement":[{"@type":"ListItem","position":1,"name":"Home","item":"https:\/\/orthodoxia.be\/fr\/"},{"@type":"ListItem","position":2,"name":"Annonce de l&#8217;\u00e9tat de sant\u00e9 du Patriarche\u0152cum\u00e9nique"}]},{"@type":"WebSite","@id":"https:\/\/orthodoxia.be\/#website","url":"https:\/\/orthodoxia.be\/","name":"Orthodox Archdiocese of Belgium (Benelux)","description":"Exarque des Pays-Bas et du Luxembourg","publisher":{"@id":"https:\/\/orthodoxia.be\/#organization"},"alternateName":"IMB","potentialAction":[{"@type":"SearchAction","target":{"@type":"EntryPoint","urlTemplate":"https:\/\/orthodoxia.be\/?s={search_term_string}"},"query-input":{"@type":"PropertyValueSpecification","valueRequired":true,"valueName":"search_term_string"}}],"inLanguage":"fr-BE"},{"@type":"Organization","@id":"https:\/\/orthodoxia.be\/#organization","name":"Orthodox Archdiocese of Belgium (Benelux)","url":"https:\/\/orthodoxia.be\/","logo":{"@type":"ImageObject","inLanguage":"fr-BE","@id":"https:\/\/orthodoxia.be\/#\/schema\/logo\/image\/","url":"https:\/\/orthodoxia.be\/wp-content\/uploads\/2024\/02\/cropped-IMB-logo-512-cl-1.png","contentUrl":"https:\/\/orthodoxia.be\/wp-content\/uploads\/2024\/02\/cropped-IMB-logo-512-cl-1.png","width":512,"height":512,"caption":"Orthodox Archdiocese of Belgium (Benelux)"},"image":{"@id":"https:\/\/orthodoxia.be\/#\/schema\/logo\/image\/"},"sameAs":["https:\/\/www.facebook.com\/orthobel","https:\/\/x.com\/orthobel","https:\/\/www.youtube.com\/c\/orthobel","https:\/\/www.mixcloud.com\/orthobel\/","https:\/\/www.flickr.com\/photos\/148264890@N07\/albums","https:\/\/www.dailymotion.com\/Orthobel"]},{"@type":"Person","@id":"https:\/\/orthodoxia.be\/#\/schema\/person\/4641c70600fbb1aac968996a0ef6d284","name":"\u0391\u03c1\u03c7\u03b5\u03af\u03bf \u03a3\u03c5\u03bd\u03b5\u03c1\u03b3\u03b1\u03c4\u03ce\u03bd","image":{"@type":"ImageObject","inLanguage":"fr-BE","@id":"https:\/\/orthodoxia.be\/#\/schema\/person\/image\/","url":"https:\/\/secure.gravatar.com\/avatar\/0bf791bec6a55758e3ee18a1fc90f09b?s=96&d=mm&r=g","contentUrl":"https:\/\/secure.gravatar.com\/avatar\/0bf791bec6a55758e3ee18a1fc90f09b?s=96&d=mm&r=g","caption":"\u0391\u03c1\u03c7\u03b5\u03af\u03bf \u03a3\u03c5\u03bd\u03b5\u03c1\u03b3\u03b1\u03c4\u03ce\u03bd"},"url":"https:\/\/orthodoxia.be\/fr\/author\/archives\/"}]}},"_links":{"self":[{"href":"https:\/\/orthodoxia.be\/fr\/wp-json\/wp\/v2\/posts\/35854","targetHints":{"allow":["GET"]}}],"collection":[{"href":"https:\/\/orthodoxia.be\/fr\/wp-json\/wp\/v2\/posts"}],"about":[{"href":"https:\/\/orthodoxia.be\/fr\/wp-json\/wp\/v2\/types\/post"}],"author":[{"embeddable":true,"href":"https:\/\/orthodoxia.be\/fr\/wp-json\/wp\/v2\/users\/12"}],"replies":[{"embeddable":true,"href":"https:\/\/orthodoxia.be\/fr\/wp-json\/wp\/v2\/comments?post=35854"}],"version-history":[{"count":1,"href":"https:\/\/orthodoxia.be\/fr\/wp-json\/wp\/v2\/posts\/35854\/revisions"}],"predecessor-version":[{"id":35855,"href":"https:\/\/orthodoxia.be\/fr\/wp-json\/wp\/v2\/posts\/35854\/revisions\/35855"}],"wp:featuredmedia":[{"embeddable":true,"href":"https:\/\/orthodoxia.be\/fr\/wp-json\/wp\/v2\/media\/35839"}],"wp:attachment":[{"href":"https:\/\/orthodoxia.be\/fr\/wp-json\/wp\/v2\/media?parent=35854"}],"wp:term":[{"taxonomy":"category","embeddable":true,"href":"https:\/\/orthodoxia.be\/fr\/wp-json\/wp\/v2\/categories?post=35854"},{"taxonomy":"post_tag","embeddable":true,"href":"https:\/\/orthodoxia.be\/fr\/wp-json\/wp\/v2\/tags?post=35854"}],"curies":[{"name":"wp","href":"https:\/\/api.w.org\/{rel}","templated":true}]}}