{"id":36166,"date":"2022-01-18T11:12:38","date_gmt":"2022-01-18T10:12:38","guid":{"rendered":"http:\/\/orthodoxia.be\/?p=36166"},"modified":"2022-01-19T11:00:39","modified_gmt":"2022-01-19T10:00:39","slug":"fete-de-saint-hilaire-eveque-de-poitiers-et-session-hivernale-dexamens-a-lecole-de-musique-byzantine-de-larcheveche-de-belgique","status":"publish","type":"post","link":"https:\/\/orthodoxia.be\/fr\/2022\/01\/18\/fete-de-saint-hilaire-eveque-de-poitiers-et-session-hivernale-dexamens-a-lecole-de-musique-byzantine-de-larcheveche-de-belgique\/","title":{"rendered":"F\u00eate de Saint Hilaire \u00c9v\u00eaque de Poitiers et session hivernale d\u2019examens \u00e0 l\u2019\u00c9cole de Musique Byzantine de l\u2019Archev\u00each\u00e9 de Belgique"},"content":{"rendered":"<p>C\u2019est son protecteur, Saint Hilaire Ev\u00eaque de Poitiers, que l\u2019Ecole de Musique byzantine et d\u2019Art psaltique de l\u2019Archev\u00each\u00e9 de Belgique a honor\u00e9 ce samedi 15 janvier 2022.<\/p>\n<p>Les Offices de Matines et de Divine Liturgie furent c\u00e9l\u00e9br\u00e9es dans l\u2019accueillante paroisse<span>\u00a0 <\/span>de Sainte Marina de Bruxelles par le Vicaire G\u00e9n\u00e9ral de l\u2019Archev\u00each\u00e9 le Tr\u00e8s R\u00e9v\u00e9rend Archimandrite Philadelphos Kafalis, en pr\u00e9sence du corps enseignant et des \u00e9tudiants de l\u2019Ecole.<\/p>\n<p>Avant l\u2019envoi, p\u00e8re Philadelphos transmettait \u00e0 tous les v\u0153ux paternels de Son \u00c9minence le M\u00e9tropolite Ath\u00e9nagoras deBelgique et Exarque des Pays-Bas et du Luxembourg, appel\u00e9 \u00e0 d\u2019autres obligations pastorales en Hollande, tandis qu\u2019il f\u00e9licitait les enseignants et les enseign\u00e9s pour l\u2019\u0153uvre accomplie \u00e0 l\u2019\u00c9cole. Il devait \u00e9galement souhaiter que l\u2019\u00c9cole de Musique byzantine puisse constituer un vivier qui permettra l\u2019\u00e9closion de jeunes et talentueux chantres en mesure d\u2019encadrer les ch\u0153urs de notre Archev\u00each\u00e9.<\/p>\n<p>Ensuite, on c\u00e9l\u00e9bra un office en m\u00e9moire de tous les chantres d\u00e9c\u00e9d\u00e9s qui avaient offerts leurs services en Belgique, aux Pays-Bas et au Luxembourg, ainsi qu\u2019un \u00e9tudiant d\u00e9c\u00e9d\u00e9 derni\u00e8rement.<\/p>\n<p>La chorale assur\u00e9e par le ch\u0153ur psaltique de l\u2019Ecole, on proc\u00e9da \u00e0 la b\u00e9n\u00e9diction du G\u00e2teau de St Basile sous les chants de Nouvel An inspir\u00e9s de la tradition de l\u2019\u00eele de Chios.<\/p>\n<p>La suite devait se poursuivre au si\u00e8ge de l\u2019\u00c9cole et Biblioth\u00e8que de l\u2019Archev\u00each\u00e9 o\u00f9 se d\u00e9roula la session hivernale d\u2019examens 2021-2022, avec la participation de plus de 40 \u00e9tudiant(e)s qui obtinrent tous des r\u00e9sultats excellents.<\/p>\n<p>Le comit\u00e9 des examinateurs fut constitu\u00e9 par les enseignants p\u00e8res Constantin Dedes et Antoine Tarlizos\u00a0; Mesdames Despina Gaspari, Maria Noussis et Chryssoula Psimouli \u2013Magoula\u00a0; Monsieur Christos Papaconstantinou.<\/p>\n<p>La pr\u00e9sence en d\u00e9but d\u2019apr\u00e8s-midi de Son \u00c9minence le M\u00e9tropolite Ath\u00e9nagoras de Belgique, venu suivre le processus des examens, a apport\u00e9 \u00e9norm\u00e9ment de joie. Ce dernier f\u00e9licitait tout le monde, les encourageant \u00e0 continuer l\u2019\u0153uvre de l\u2019\u00c9cole avec le m\u00eame amour et le m\u00eame z\u00e8le.<\/p>\n<p>Un autre moment de joie fut la connexion en ligne du Dr Georges Konstantinou, qui n\u2019a jamais cess\u00e9 d\u2019entourer avec entrain et soutenir avec amour l\u2019\u0153uvre et les activit\u00e9s de l\u2019\u00e9cole de musique de l\u2019Archev\u00each\u00e9.<\/p>\n<p>Enfin, le Directeur p. Constantin Dedes remercia d\u2019abord Son Eminence notre M\u00e9tropolite pour l\u2019honneur de sa pr\u00e9sence. Il adressait ensuite ses remerciements aux forces vives de l\u2019Ecole, les professeurs, les \u00e9tudiants ainsi que les personnes soutenantes et souhaitait que Dieu illumine et donne la force \u00e0 chacun, d\u00e9voilant \u00e0 chaque enseign\u00e9 le sens divin des tropaires par les intercessions des Saints de notre Eglise qui ont tant servi la psaltique.<\/p>\n<p><span>\u00a0<\/span><\/p>\n<p>[FAGP id=36150]<\/p>\n","protected":false},"excerpt":{"rendered":"<p>C\u2019est son protecteur, Saint Hilaire Ev\u00eaque de Poitiers, que l\u2019Ecole de Musique byzantine et d\u2019Art psaltique de l\u2019Archev\u00each\u00e9 de Belgique a honor\u00e9 ce samedi 15 janvier 2022. Les Offices de Matines et de Divine Liturgie furent c\u00e9l\u00e9br\u00e9es dans l\u2019accueillante paroisse\u00a0 de Sainte Marina de Bruxelles par le Vicaire G\u00e9n\u00e9ral de l\u2019Archev\u00each\u00e9 le Tr\u00e8s R\u00e9v\u00e9rend Archimandrite &hellip; <a href=\"https:\/\/orthodoxia.be\/fr\/2022\/01\/18\/fete-de-saint-hilaire-eveque-de-poitiers-et-session-hivernale-dexamens-a-lecole-de-musique-byzantine-de-larcheveche-de-belgique\/\">Continued<\/a><\/p>\n","protected":false},"author":12,"featured_media":36156,"comment_status":"closed","ping_status":"open","sticky":false,"template":"","format":"standard","meta":{"_acf_changed":false,"footnotes":""},"categories":[14,16],"tags":[],"class_list":["post-36166","post","type-post","status-publish","format-standard","has-post-thumbnail","hentry","category-actualite","category-communique"],"acf":[],"yoast_head":"<!-- This site is optimized with the Yoast SEO plugin v24.3 - https:\/\/yoast.com\/wordpress\/plugins\/seo\/ -->\n<title>F\u00eate de Saint Hilaire \u00c9v\u00eaque de Poitiers et session hivernale d\u2019examens \u00e0 l\u2019\u00c9cole de Musique Byzantine de l\u2019Archev\u00each\u00e9 de Belgique - Archev\u00each\u00e9 Orthodoxe de Belgique<\/title>\n<meta name=\"robots\" content=\"index, follow, max-snippet:-1, max-image-preview:large, max-video-preview:-1\" \/>\n<link rel=\"canonical\" href=\"https:\/\/orthodoxia.be\/fr\/2022\/01\/18\/fete-de-saint-hilaire-eveque-de-poitiers-et-session-hivernale-dexamens-a-lecole-de-musique-byzantine-de-larcheveche-de-belgique\/\" \/>\n<meta property=\"og:locale\" content=\"fr_FR\" \/>\n<meta property=\"og:type\" content=\"article\" \/>\n<meta property=\"og:title\" content=\"F\u00eate de Saint Hilaire \u00c9v\u00eaque de Poitiers et session hivernale d\u2019examens \u00e0 l\u2019\u00c9cole de Musique Byzantine de l\u2019Archev\u00each\u00e9 de Belgique - Archev\u00each\u00e9 Orthodoxe de Belgique\" \/>\n<meta property=\"og:description\" content=\"C\u2019est son protecteur, Saint Hilaire Ev\u00eaque de Poitiers, que l\u2019Ecole de Musique byzantine et d\u2019Art psaltique de l\u2019Archev\u00each\u00e9 de Belgique a honor\u00e9 ce samedi 15 janvier 2022. Les Offices de Matines et de Divine Liturgie furent c\u00e9l\u00e9br\u00e9es dans l\u2019accueillante paroisse\u00a0 de Sainte Marina de Bruxelles par le Vicaire G\u00e9n\u00e9ral de l\u2019Archev\u00each\u00e9 le Tr\u00e8s R\u00e9v\u00e9rend Archimandrite &hellip; Continued\" \/>\n<meta property=\"og:url\" content=\"https:\/\/orthodoxia.be\/fr\/2022\/01\/18\/fete-de-saint-hilaire-eveque-de-poitiers-et-session-hivernale-dexamens-a-lecole-de-musique-byzantine-de-larcheveche-de-belgique\/\" \/>\n<meta property=\"og:site_name\" content=\"Archev\u00each\u00e9 Orthodoxe de Belgique\" \/>\n<meta property=\"article:publisher\" content=\"https:\/\/www.facebook.com\/orthobel\" \/>\n<meta property=\"article:published_time\" content=\"2022-01-18T10:12:38+00:00\" \/>\n<meta property=\"article:modified_time\" content=\"2022-01-19T10:00:39+00:00\" \/>\n<meta property=\"og:image\" content=\"https:\/\/orthodoxia.be\/wp-content\/uploads\/2022\/01\/271435083_338679084770863_3889313128131545123_n.jpg\" \/>\n\t<meta property=\"og:image:width\" content=\"720\" \/>\n\t<meta property=\"og:image:height\" content=\"960\" \/>\n\t<meta property=\"og:image:type\" content=\"image\/jpeg\" \/>\n<meta name=\"author\" content=\"\u0391\u03c1\u03c7\u03b5\u03af\u03bf \u03a3\u03c5\u03bd\u03b5\u03c1\u03b3\u03b1\u03c4\u03ce\u03bd\" \/>\n<meta name=\"twitter:card\" content=\"summary_large_image\" \/>\n<meta name=\"twitter:creator\" content=\"@orthobel\" \/>\n<meta name=\"twitter:site\" content=\"@orthobel\" \/>\n<meta name=\"twitter:label1\" content=\"\u00c9crit par\" \/>\n\t<meta name=\"twitter:data1\" content=\"\u0391\u03c1\u03c7\u03b5\u03af\u03bf \u03a3\u03c5\u03bd\u03b5\u03c1\u03b3\u03b1\u03c4\u03ce\u03bd\" \/>\n\t<meta name=\"twitter:label2\" content=\"Dur\u00e9e de lecture est.\" \/>\n\t<meta name=\"twitter:data2\" content=\"2 minutes\" \/>\n<script type=\"application\/ld+json\" class=\"yoast-schema-graph\">{\"@context\":\"https:\/\/schema.org\",\"@graph\":[{\"@type\":\"Article\",\"@id\":\"https:\/\/orthodoxia.be\/fr\/2022\/01\/18\/fete-de-saint-hilaire-eveque-de-poitiers-et-session-hivernale-dexamens-a-lecole-de-musique-byzantine-de-larcheveche-de-belgique\/#article\",\"isPartOf\":{\"@id\":\"https:\/\/orthodoxia.be\/fr\/2022\/01\/18\/fete-de-saint-hilaire-eveque-de-poitiers-et-session-hivernale-dexamens-a-lecole-de-musique-byzantine-de-larcheveche-de-belgique\/\"},\"author\":{\"name\":\"\u0391\u03c1\u03c7\u03b5\u03af\u03bf \u03a3\u03c5\u03bd\u03b5\u03c1\u03b3\u03b1\u03c4\u03ce\u03bd\",\"@id\":\"https:\/\/orthodoxia.be\/#\/schema\/person\/4641c70600fbb1aac968996a0ef6d284\"},\"headline\":\"F\u00eate de Saint Hilaire \u00c9v\u00eaque de Poitiers et session hivernale d\u2019examens \u00e0 l\u2019\u00c9cole de Musique Byzantine de l\u2019Archev\u00each\u00e9 de Belgique\",\"datePublished\":\"2022-01-18T10:12:38+00:00\",\"dateModified\":\"2022-01-19T10:00:39+00:00\",\"mainEntityOfPage\":{\"@id\":\"https:\/\/orthodoxia.be\/fr\/2022\/01\/18\/fete-de-saint-hilaire-eveque-de-poitiers-et-session-hivernale-dexamens-a-lecole-de-musique-byzantine-de-larcheveche-de-belgique\/\"},\"wordCount\":522,\"publisher\":{\"@id\":\"https:\/\/orthodoxia.be\/#organization\"},\"image\":{\"@id\":\"https:\/\/orthodoxia.be\/fr\/2022\/01\/18\/fete-de-saint-hilaire-eveque-de-poitiers-et-session-hivernale-dexamens-a-lecole-de-musique-byzantine-de-larcheveche-de-belgique\/#primaryimage\"},\"thumbnailUrl\":\"https:\/\/orthodoxia.be\/wp-content\/uploads\/2022\/01\/271435083_338679084770863_3889313128131545123_n.jpg\",\"articleSection\":[\"Actualit\u00e9\",\"Communiqu\u00e9\"],\"inLanguage\":\"fr-BE\"},{\"@type\":\"WebPage\",\"@id\":\"https:\/\/orthodoxia.be\/fr\/2022\/01\/18\/fete-de-saint-hilaire-eveque-de-poitiers-et-session-hivernale-dexamens-a-lecole-de-musique-byzantine-de-larcheveche-de-belgique\/\",\"url\":\"https:\/\/orthodoxia.be\/fr\/2022\/01\/18\/fete-de-saint-hilaire-eveque-de-poitiers-et-session-hivernale-dexamens-a-lecole-de-musique-byzantine-de-larcheveche-de-belgique\/\",\"name\":\"F\u00eate de Saint Hilaire \u00c9v\u00eaque de Poitiers et session hivernale d\u2019examens \u00e0 l\u2019\u00c9cole de Musique Byzantine de l\u2019Archev\u00each\u00e9 de Belgique - Archev\u00each\u00e9 Orthodoxe de Belgique\",\"isPartOf\":{\"@id\":\"https:\/\/orthodoxia.be\/#website\"},\"primaryImageOfPage\":{\"@id\":\"https:\/\/orthodoxia.be\/fr\/2022\/01\/18\/fete-de-saint-hilaire-eveque-de-poitiers-et-session-hivernale-dexamens-a-lecole-de-musique-byzantine-de-larcheveche-de-belgique\/#primaryimage\"},\"image\":{\"@id\":\"https:\/\/orthodoxia.be\/fr\/2022\/01\/18\/fete-de-saint-hilaire-eveque-de-poitiers-et-session-hivernale-dexamens-a-lecole-de-musique-byzantine-de-larcheveche-de-belgique\/#primaryimage\"},\"thumbnailUrl\":\"https:\/\/orthodoxia.be\/wp-content\/uploads\/2022\/01\/271435083_338679084770863_3889313128131545123_n.jpg\",\"datePublished\":\"2022-01-18T10:12:38+00:00\",\"dateModified\":\"2022-01-19T10:00:39+00:00\",\"breadcrumb\":{\"@id\":\"https:\/\/orthodoxia.be\/fr\/2022\/01\/18\/fete-de-saint-hilaire-eveque-de-poitiers-et-session-hivernale-dexamens-a-lecole-de-musique-byzantine-de-larcheveche-de-belgique\/#breadcrumb\"},\"inLanguage\":\"fr-BE\",\"potentialAction\":[{\"@type\":\"ReadAction\",\"target\":[\"https:\/\/orthodoxia.be\/fr\/2022\/01\/18\/fete-de-saint-hilaire-eveque-de-poitiers-et-session-hivernale-dexamens-a-lecole-de-musique-byzantine-de-larcheveche-de-belgique\/\"]}]},{\"@type\":\"ImageObject\",\"inLanguage\":\"fr-BE\",\"@id\":\"https:\/\/orthodoxia.be\/fr\/2022\/01\/18\/fete-de-saint-hilaire-eveque-de-poitiers-et-session-hivernale-dexamens-a-lecole-de-musique-byzantine-de-larcheveche-de-belgique\/#primaryimage\",\"url\":\"https:\/\/orthodoxia.be\/wp-content\/uploads\/2022\/01\/271435083_338679084770863_3889313128131545123_n.jpg\",\"contentUrl\":\"https:\/\/orthodoxia.be\/wp-content\/uploads\/2022\/01\/271435083_338679084770863_3889313128131545123_n.jpg\",\"width\":720,\"height\":960},{\"@type\":\"BreadcrumbList\",\"@id\":\"https:\/\/orthodoxia.be\/fr\/2022\/01\/18\/fete-de-saint-hilaire-eveque-de-poitiers-et-session-hivernale-dexamens-a-lecole-de-musique-byzantine-de-larcheveche-de-belgique\/#breadcrumb\",\"itemListElement\":[{\"@type\":\"ListItem\",\"position\":1,\"name\":\"Home\",\"item\":\"https:\/\/orthodoxia.be\/fr\/\"},{\"@type\":\"ListItem\",\"position\":2,\"name\":\"F\u00eate de Saint Hilaire \u00c9v\u00eaque de Poitiers et session hivernale d\u2019examens \u00e0 l\u2019\u00c9cole de Musique Byzantine de l\u2019Archev\u00each\u00e9 de Belgique\"}]},{\"@type\":\"WebSite\",\"@id\":\"https:\/\/orthodoxia.be\/#website\",\"url\":\"https:\/\/orthodoxia.be\/\",\"name\":\"Orthodox Archdiocese of Belgium (Benelux)\",\"description\":\"Exarque des Pays-Bas et du Luxembourg\",\"publisher\":{\"@id\":\"https:\/\/orthodoxia.be\/#organization\"},\"alternateName\":\"IMB\",\"potentialAction\":[{\"@type\":\"SearchAction\",\"target\":{\"@type\":\"EntryPoint\",\"urlTemplate\":\"https:\/\/orthodoxia.be\/?s={search_term_string}\"},\"query-input\":{\"@type\":\"PropertyValueSpecification\",\"valueRequired\":true,\"valueName\":\"search_term_string\"}}],\"inLanguage\":\"fr-BE\"},{\"@type\":\"Organization\",\"@id\":\"https:\/\/orthodoxia.be\/#organization\",\"name\":\"Orthodox Archdiocese of Belgium (Benelux)\",\"url\":\"https:\/\/orthodoxia.be\/\",\"logo\":{\"@type\":\"ImageObject\",\"inLanguage\":\"fr-BE\",\"@id\":\"https:\/\/orthodoxia.be\/#\/schema\/logo\/image\/\",\"url\":\"https:\/\/orthodoxia.be\/wp-content\/uploads\/2024\/02\/cropped-IMB-logo-512-cl-1.png\",\"contentUrl\":\"https:\/\/orthodoxia.be\/wp-content\/uploads\/2024\/02\/cropped-IMB-logo-512-cl-1.png\",\"width\":512,\"height\":512,\"caption\":\"Orthodox Archdiocese of Belgium (Benelux)\"},\"image\":{\"@id\":\"https:\/\/orthodoxia.be\/#\/schema\/logo\/image\/\"},\"sameAs\":[\"https:\/\/www.facebook.com\/orthobel\",\"https:\/\/x.com\/orthobel\",\"https:\/\/www.youtube.com\/c\/orthobel\",\"https:\/\/www.mixcloud.com\/orthobel\/\",\"https:\/\/www.flickr.com\/photos\/148264890@N07\/albums\",\"https:\/\/www.dailymotion.com\/Orthobel\"]},{\"@type\":\"Person\",\"@id\":\"https:\/\/orthodoxia.be\/#\/schema\/person\/4641c70600fbb1aac968996a0ef6d284\",\"name\":\"\u0391\u03c1\u03c7\u03b5\u03af\u03bf \u03a3\u03c5\u03bd\u03b5\u03c1\u03b3\u03b1\u03c4\u03ce\u03bd\",\"image\":{\"@type\":\"ImageObject\",\"inLanguage\":\"fr-BE\",\"@id\":\"https:\/\/orthodoxia.be\/#\/schema\/person\/image\/\",\"url\":\"https:\/\/secure.gravatar.com\/avatar\/0bf791bec6a55758e3ee18a1fc90f09b?s=96&d=mm&r=g\",\"contentUrl\":\"https:\/\/secure.gravatar.com\/avatar\/0bf791bec6a55758e3ee18a1fc90f09b?s=96&d=mm&r=g\",\"caption\":\"\u0391\u03c1\u03c7\u03b5\u03af\u03bf \u03a3\u03c5\u03bd\u03b5\u03c1\u03b3\u03b1\u03c4\u03ce\u03bd\"},\"url\":\"https:\/\/orthodoxia.be\/fr\/author\/archives\/\"}]}<\/script>\n<!-- \/ Yoast SEO plugin. -->","yoast_head_json":{"title":"F\u00eate de Saint Hilaire \u00c9v\u00eaque de Poitiers et session hivernale d\u2019examens \u00e0 l\u2019\u00c9cole de Musique Byzantine de l\u2019Archev\u00each\u00e9 de Belgique - Archev\u00each\u00e9 Orthodoxe de Belgique","robots":{"index":"index","follow":"follow","max-snippet":"max-snippet:-1","max-image-preview":"max-image-preview:large","max-video-preview":"max-video-preview:-1"},"canonical":"https:\/\/orthodoxia.be\/fr\/2022\/01\/18\/fete-de-saint-hilaire-eveque-de-poitiers-et-session-hivernale-dexamens-a-lecole-de-musique-byzantine-de-larcheveche-de-belgique\/","og_locale":"fr_FR","og_type":"article","og_title":"F\u00eate de Saint Hilaire \u00c9v\u00eaque de Poitiers et session hivernale d\u2019examens \u00e0 l\u2019\u00c9cole de Musique Byzantine de l\u2019Archev\u00each\u00e9 de Belgique - Archev\u00each\u00e9 Orthodoxe de Belgique","og_description":"C\u2019est son protecteur, Saint Hilaire Ev\u00eaque de Poitiers, que l\u2019Ecole de Musique byzantine et d\u2019Art psaltique de l\u2019Archev\u00each\u00e9 de Belgique a honor\u00e9 ce samedi 15 janvier 2022. Les Offices de Matines et de Divine Liturgie furent c\u00e9l\u00e9br\u00e9es dans l\u2019accueillante paroisse\u00a0 de Sainte Marina de Bruxelles par le Vicaire G\u00e9n\u00e9ral de l\u2019Archev\u00each\u00e9 le Tr\u00e8s R\u00e9v\u00e9rend Archimandrite &hellip; Continued","og_url":"https:\/\/orthodoxia.be\/fr\/2022\/01\/18\/fete-de-saint-hilaire-eveque-de-poitiers-et-session-hivernale-dexamens-a-lecole-de-musique-byzantine-de-larcheveche-de-belgique\/","og_site_name":"Archev\u00each\u00e9 Orthodoxe de Belgique","article_publisher":"https:\/\/www.facebook.com\/orthobel","article_published_time":"2022-01-18T10:12:38+00:00","article_modified_time":"2022-01-19T10:00:39+00:00","og_image":[{"width":720,"height":960,"url":"https:\/\/orthodoxia.be\/wp-content\/uploads\/2022\/01\/271435083_338679084770863_3889313128131545123_n.jpg","type":"image\/jpeg"}],"author":"\u0391\u03c1\u03c7\u03b5\u03af\u03bf \u03a3\u03c5\u03bd\u03b5\u03c1\u03b3\u03b1\u03c4\u03ce\u03bd","twitter_card":"summary_large_image","twitter_creator":"@orthobel","twitter_site":"@orthobel","twitter_misc":{"\u00c9crit par":"\u0391\u03c1\u03c7\u03b5\u03af\u03bf \u03a3\u03c5\u03bd\u03b5\u03c1\u03b3\u03b1\u03c4\u03ce\u03bd","Dur\u00e9e de lecture est.":"2 minutes"},"schema":{"@context":"https:\/\/schema.org","@graph":[{"@type":"Article","@id":"https:\/\/orthodoxia.be\/fr\/2022\/01\/18\/fete-de-saint-hilaire-eveque-de-poitiers-et-session-hivernale-dexamens-a-lecole-de-musique-byzantine-de-larcheveche-de-belgique\/#article","isPartOf":{"@id":"https:\/\/orthodoxia.be\/fr\/2022\/01\/18\/fete-de-saint-hilaire-eveque-de-poitiers-et-session-hivernale-dexamens-a-lecole-de-musique-byzantine-de-larcheveche-de-belgique\/"},"author":{"name":"\u0391\u03c1\u03c7\u03b5\u03af\u03bf \u03a3\u03c5\u03bd\u03b5\u03c1\u03b3\u03b1\u03c4\u03ce\u03bd","@id":"https:\/\/orthodoxia.be\/#\/schema\/person\/4641c70600fbb1aac968996a0ef6d284"},"headline":"F\u00eate de Saint Hilaire \u00c9v\u00eaque de Poitiers et session hivernale d\u2019examens \u00e0 l\u2019\u00c9cole de Musique Byzantine de l\u2019Archev\u00each\u00e9 de Belgique","datePublished":"2022-01-18T10:12:38+00:00","dateModified":"2022-01-19T10:00:39+00:00","mainEntityOfPage":{"@id":"https:\/\/orthodoxia.be\/fr\/2022\/01\/18\/fete-de-saint-hilaire-eveque-de-poitiers-et-session-hivernale-dexamens-a-lecole-de-musique-byzantine-de-larcheveche-de-belgique\/"},"wordCount":522,"publisher":{"@id":"https:\/\/orthodoxia.be\/#organization"},"image":{"@id":"https:\/\/orthodoxia.be\/fr\/2022\/01\/18\/fete-de-saint-hilaire-eveque-de-poitiers-et-session-hivernale-dexamens-a-lecole-de-musique-byzantine-de-larcheveche-de-belgique\/#primaryimage"},"thumbnailUrl":"https:\/\/orthodoxia.be\/wp-content\/uploads\/2022\/01\/271435083_338679084770863_3889313128131545123_n.jpg","articleSection":["Actualit\u00e9","Communiqu\u00e9"],"inLanguage":"fr-BE"},{"@type":"WebPage","@id":"https:\/\/orthodoxia.be\/fr\/2022\/01\/18\/fete-de-saint-hilaire-eveque-de-poitiers-et-session-hivernale-dexamens-a-lecole-de-musique-byzantine-de-larcheveche-de-belgique\/","url":"https:\/\/orthodoxia.be\/fr\/2022\/01\/18\/fete-de-saint-hilaire-eveque-de-poitiers-et-session-hivernale-dexamens-a-lecole-de-musique-byzantine-de-larcheveche-de-belgique\/","name":"F\u00eate de Saint Hilaire \u00c9v\u00eaque de Poitiers et session hivernale d\u2019examens \u00e0 l\u2019\u00c9cole de Musique Byzantine de l\u2019Archev\u00each\u00e9 de Belgique - Archev\u00each\u00e9 Orthodoxe de Belgique","isPartOf":{"@id":"https:\/\/orthodoxia.be\/#website"},"primaryImageOfPage":{"@id":"https:\/\/orthodoxia.be\/fr\/2022\/01\/18\/fete-de-saint-hilaire-eveque-de-poitiers-et-session-hivernale-dexamens-a-lecole-de-musique-byzantine-de-larcheveche-de-belgique\/#primaryimage"},"image":{"@id":"https:\/\/orthodoxia.be\/fr\/2022\/01\/18\/fete-de-saint-hilaire-eveque-de-poitiers-et-session-hivernale-dexamens-a-lecole-de-musique-byzantine-de-larcheveche-de-belgique\/#primaryimage"},"thumbnailUrl":"https:\/\/orthodoxia.be\/wp-content\/uploads\/2022\/01\/271435083_338679084770863_3889313128131545123_n.jpg","datePublished":"2022-01-18T10:12:38+00:00","dateModified":"2022-01-19T10:00:39+00:00","breadcrumb":{"@id":"https:\/\/orthodoxia.be\/fr\/2022\/01\/18\/fete-de-saint-hilaire-eveque-de-poitiers-et-session-hivernale-dexamens-a-lecole-de-musique-byzantine-de-larcheveche-de-belgique\/#breadcrumb"},"inLanguage":"fr-BE","potentialAction":[{"@type":"ReadAction","target":["https:\/\/orthodoxia.be\/fr\/2022\/01\/18\/fete-de-saint-hilaire-eveque-de-poitiers-et-session-hivernale-dexamens-a-lecole-de-musique-byzantine-de-larcheveche-de-belgique\/"]}]},{"@type":"ImageObject","inLanguage":"fr-BE","@id":"https:\/\/orthodoxia.be\/fr\/2022\/01\/18\/fete-de-saint-hilaire-eveque-de-poitiers-et-session-hivernale-dexamens-a-lecole-de-musique-byzantine-de-larcheveche-de-belgique\/#primaryimage","url":"https:\/\/orthodoxia.be\/wp-content\/uploads\/2022\/01\/271435083_338679084770863_3889313128131545123_n.jpg","contentUrl":"https:\/\/orthodoxia.be\/wp-content\/uploads\/2022\/01\/271435083_338679084770863_3889313128131545123_n.jpg","width":720,"height":960},{"@type":"BreadcrumbList","@id":"https:\/\/orthodoxia.be\/fr\/2022\/01\/18\/fete-de-saint-hilaire-eveque-de-poitiers-et-session-hivernale-dexamens-a-lecole-de-musique-byzantine-de-larcheveche-de-belgique\/#breadcrumb","itemListElement":[{"@type":"ListItem","position":1,"name":"Home","item":"https:\/\/orthodoxia.be\/fr\/"},{"@type":"ListItem","position":2,"name":"F\u00eate de Saint Hilaire \u00c9v\u00eaque de Poitiers et session hivernale d\u2019examens \u00e0 l\u2019\u00c9cole de Musique Byzantine de l\u2019Archev\u00each\u00e9 de Belgique"}]},{"@type":"WebSite","@id":"https:\/\/orthodoxia.be\/#website","url":"https:\/\/orthodoxia.be\/","name":"Orthodox Archdiocese of Belgium (Benelux)","description":"Exarque des Pays-Bas et du Luxembourg","publisher":{"@id":"https:\/\/orthodoxia.be\/#organization"},"alternateName":"IMB","potentialAction":[{"@type":"SearchAction","target":{"@type":"EntryPoint","urlTemplate":"https:\/\/orthodoxia.be\/?s={search_term_string}"},"query-input":{"@type":"PropertyValueSpecification","valueRequired":true,"valueName":"search_term_string"}}],"inLanguage":"fr-BE"},{"@type":"Organization","@id":"https:\/\/orthodoxia.be\/#organization","name":"Orthodox Archdiocese of Belgium (Benelux)","url":"https:\/\/orthodoxia.be\/","logo":{"@type":"ImageObject","inLanguage":"fr-BE","@id":"https:\/\/orthodoxia.be\/#\/schema\/logo\/image\/","url":"https:\/\/orthodoxia.be\/wp-content\/uploads\/2024\/02\/cropped-IMB-logo-512-cl-1.png","contentUrl":"https:\/\/orthodoxia.be\/wp-content\/uploads\/2024\/02\/cropped-IMB-logo-512-cl-1.png","width":512,"height":512,"caption":"Orthodox Archdiocese of Belgium (Benelux)"},"image":{"@id":"https:\/\/orthodoxia.be\/#\/schema\/logo\/image\/"},"sameAs":["https:\/\/www.facebook.com\/orthobel","https:\/\/x.com\/orthobel","https:\/\/www.youtube.com\/c\/orthobel","https:\/\/www.mixcloud.com\/orthobel\/","https:\/\/www.flickr.com\/photos\/148264890@N07\/albums","https:\/\/www.dailymotion.com\/Orthobel"]},{"@type":"Person","@id":"https:\/\/orthodoxia.be\/#\/schema\/person\/4641c70600fbb1aac968996a0ef6d284","name":"\u0391\u03c1\u03c7\u03b5\u03af\u03bf \u03a3\u03c5\u03bd\u03b5\u03c1\u03b3\u03b1\u03c4\u03ce\u03bd","image":{"@type":"ImageObject","inLanguage":"fr-BE","@id":"https:\/\/orthodoxia.be\/#\/schema\/person\/image\/","url":"https:\/\/secure.gravatar.com\/avatar\/0bf791bec6a55758e3ee18a1fc90f09b?s=96&d=mm&r=g","contentUrl":"https:\/\/secure.gravatar.com\/avatar\/0bf791bec6a55758e3ee18a1fc90f09b?s=96&d=mm&r=g","caption":"\u0391\u03c1\u03c7\u03b5\u03af\u03bf \u03a3\u03c5\u03bd\u03b5\u03c1\u03b3\u03b1\u03c4\u03ce\u03bd"},"url":"https:\/\/orthodoxia.be\/fr\/author\/archives\/"}]}},"_links":{"self":[{"href":"https:\/\/orthodoxia.be\/fr\/wp-json\/wp\/v2\/posts\/36166","targetHints":{"allow":["GET"]}}],"collection":[{"href":"https:\/\/orthodoxia.be\/fr\/wp-json\/wp\/v2\/posts"}],"about":[{"href":"https:\/\/orthodoxia.be\/fr\/wp-json\/wp\/v2\/types\/post"}],"author":[{"embeddable":true,"href":"https:\/\/orthodoxia.be\/fr\/wp-json\/wp\/v2\/users\/12"}],"replies":[{"embeddable":true,"href":"https:\/\/orthodoxia.be\/fr\/wp-json\/wp\/v2\/comments?post=36166"}],"version-history":[{"count":1,"href":"https:\/\/orthodoxia.be\/fr\/wp-json\/wp\/v2\/posts\/36166\/revisions"}],"predecessor-version":[{"id":36167,"href":"https:\/\/orthodoxia.be\/fr\/wp-json\/wp\/v2\/posts\/36166\/revisions\/36167"}],"wp:featuredmedia":[{"embeddable":true,"href":"https:\/\/orthodoxia.be\/fr\/wp-json\/wp\/v2\/media\/36156"}],"wp:attachment":[{"href":"https:\/\/orthodoxia.be\/fr\/wp-json\/wp\/v2\/media?parent=36166"}],"wp:term":[{"taxonomy":"category","embeddable":true,"href":"https:\/\/orthodoxia.be\/fr\/wp-json\/wp\/v2\/categories?post=36166"},{"taxonomy":"post_tag","embeddable":true,"href":"https:\/\/orthodoxia.be\/fr\/wp-json\/wp\/v2\/tags?post=36166"}],"curies":[{"name":"wp","href":"https:\/\/api.w.org\/{rel}","templated":true}]}}