{"id":36935,"date":"2022-02-28T12:06:36","date_gmt":"2022-02-28T11:06:36","guid":{"rendered":"http:\/\/orthodoxia.be\/?p=36935"},"modified":"2022-03-01T10:48:44","modified_gmt":"2022-03-01T09:48:44","slug":"ordination-presbyterale-au-sein-de-la-paroisse-de-saint-apotre-andre-a-gand","status":"publish","type":"post","link":"https:\/\/orthodoxia.be\/fr\/2022\/02\/28\/ordination-presbyterale-au-sein-de-la-paroisse-de-saint-apotre-andre-a-gand\/","title":{"rendered":"Ordination presbyt\u00e9rale au sein de la paroisse de Saint-Ap\u00f4tre Andr\u00e9 \u00e0 Gand"},"content":{"rendered":"<p><span style=\"font-weight: 400;\">C\u2019est le dimanche 27 f\u00e9vrier 2022 \u00e0 Gand que l&#8217;ordination presbyt\u00e9rale du diacre Barnabas Genbrugge, qui servira d\u00e9sormais la paroisse en tant que pr\u00eatre, a eu lieu. Son \u00c9minence le M\u00e9tropolite Ath\u00e9nagoras de Belgique et Exarque des Pays-Bas et du Luxembourg pr\u00e9sida cette c\u00e9l\u00e9bration, entour\u00e9 de Son \u00c9minence le M\u00e9tropolite Joseph de Buenos Aires et Exarque d&#8217;Am\u00e9rique du Sud et de Son Excellence l&#8217;\u00e9v\u00eaque Joachim d&#8217;Apollonia, ainsi que de quelques pr\u00eatres et diacres. Parmi eux, nous tenons \u00e0 mentionner la pr\u00e9sence de l\u2019hi\u00e9romoine Bartholomeos du Monast\u00e8re Patriarcal de Saint-Jean-Baptiste \u00e0 Essex.<\/span><\/p>\n<p><span style=\"font-weight: 400;\">\u00a0<\/span><\/p>\n<p><span style=\"font-weight: 400;\">Dans son discours avant la cons\u00e9cration, le M\u00e9tropolite Ath\u00e9nagoras a notamment d\u00e9clar\u00e9 : <\/span><i><span style=\"font-weight: 400;\">&#8220;L&#8217;imposition des mains (la dite ordination) est le signe tangible du transfert de l&#8217;Esprit Saint de l&#8217;un \u00e0 l&#8217;autre. L&#8217;\u00e9v\u00eaque consacrant, en tant que porteur de la gr\u00e2ce sacerdotale de l&#8217;Esprit Saint, la transmet au presbytre nouvellement ordonn\u00e9. Ce myst\u00e8re donn\u00e9 par Dieu nous garantit la v\u00e9rit\u00e9 du fait &#8211; et c&#8217;est vraiment un don de Dieu &#8211; qu&#8217;en effet, lors de l&#8217;imposition des mains par l&#8217;\u00e9v\u00eaque, l&#8217;Esprit Saint est transmis \u00e0 l&#8217;ordonn\u00e9, ind\u00e9pendamment de la saintet\u00e9 ou de la dignit\u00e9 de l&#8217;\u00e9v\u00eaque ou de l&#8217;ordonn\u00e9. C&#8217;est exactement ce qui se passe lors de la c\u00e9l\u00e9bration de tous les sacrements par les \u00e9v\u00eaques et les pr\u00eatres&#8221;.<\/span><\/i><\/p>\n<p><span style=\"font-weight: 400;\">\u00a0<\/span><\/p>\n<p><span style=\"font-weight: 400;\">Il a \u00e9galement \u00e9voqu\u00e9 les temps difficiles que nous vivons, dans lesquels notre soci\u00e9t\u00e9 tourne de plus en plus le dos \u00e0 Dieu et \u00e0 son \u00c9glise : <\/span><i><span style=\"font-weight: 400;\">&#8220;Nous vivons dans un monde s\u00e9cularis\u00e9, dans lequel il y a encore peu de place pour Dieu et l&#8217;exp\u00e9rience religieuse. Malheureusement, le dimanche n&#8217;est plus le &#8220;jour du Seigneur&#8221;. Beaucoup consid\u00e8rent le dimanche comme un jour pour faire ce que l&#8217;on aime faire. Un jour pour faire la grasse matin\u00e9e, pour un d\u00e9licieux petit-d\u00e9jeuner, pour faire du sport ou regarder un match, pour simplement passer du temps en famille ; mais ce n&#8217;est plus le jour que Dieu a cr\u00e9\u00e9 comme un jour de repos, d\u00e9di\u00e9 \u00e0 Dieu. Il semble tr\u00e8s difficile d&#8217;inspirer nos jeunes et les gens en g\u00e9n\u00e9ral. Il semble de plus en plus difficile d&#8217;encourager les gens \u00e0 se donner \u00e0 eux-m\u00eames et \u00e0 leurs familles quelconque nourriture spirituelle. Et quelle nourriture spirituelle ? Le Corps et le Sang du Christ ; c&#8217;est devenir participant des choses divines, participant aux grands myst\u00e8res qui nous font un avec Dieu et sa Sainte \u00c9glise&#8221;.<\/span><\/i><\/p>\n<p><span style=\"font-weight: 400;\">\u00a0<\/span><\/p>\n<p><span style=\"font-weight: 400;\">Il a poursuivi en rassurant le cons\u00e9crateur : <\/span><i><span style=\"font-weight: 400;\">&#8220;N&#8217;aie pas peur ! Car tu n&#8217;es pas seul, tu as aussi le soutien et l&#8217;aide de ta ch\u00e8re \u00e9pouse Sofia, de tes chers enfants, mais aussi de ton bon p\u00e8re spirituel et des P\u00e8res Dominique et Paolo, qui aujourd&#8217;hui &#8211; avec toute la communaut\u00e9 paroissiale &#8211; t&#8217;accueillent comme un coll\u00e8gue pr\u00eatre ! Le r\u00f4le de la presbytera, l&#8217;\u00e9pouse du pr\u00eatre, ne peut \u00eatre n\u00e9glig\u00e9 dans l&#8217;\u00c9glise orthodoxe. Elle est toujours aux c\u00f4t\u00e9s de son mari, le pr\u00eatre, et est pr\u00e9sente dans toutes les c\u00e9l\u00e9brations liturgiques, comme une figure maternelle, comme un exemple, tr\u00e8s humble, mais pr\u00e9sente. En ce moment sacr\u00e9, nous prions Dieu de l&#8217;\u00e9clairer et de l&#8217;aider dans sa t\u00e2che et son omnipr\u00e9sence en tant qu&#8217;oreille attentive et voix de conseil&#8221;.<\/span><\/i><\/p>\n<p><span style=\"font-weight: 400;\">\u00a0<\/span><\/p>\n<p><span style=\"font-weight: 400;\">Le p\u00e8re Barnabas est en effet mari\u00e9 et p\u00e8re de deux fils. Il est architecte de formation et a \u00e9t\u00e9 ordonn\u00e9 diacre par le M\u00e9tropolite <\/span><span style=\"font-weight: 400;\">\u2026<\/span> <span style=\"font-weight: 400;\">\u00a0en 2014. C&#8217;est Sa Saintet\u00e9 le Patriarche \u0152cum\u00e9nique Bartholomeos qui lui a confi\u00e9 le nom de &#8220;Barnabas&#8221;, afin que &#8220;d\u00e9sormais, ils puissent c\u00e9l\u00e9brer ensemble leur f\u00eate patronale&#8221;, a d\u00e9clar\u00e9 le Patriarche.<\/span><\/p>\n<p><span style=\"font-weight: 400;\">\u00a0<\/span><\/p>\n<p><span style=\"font-weight: 400;\">La paroisse de Gand compte donc d\u00e9sormais trois pr\u00eatres : le protopresbytre Dominique Verbeke, qui est le recteur, l&#8217;archipr\u00eatre Paolo Perletti, qui est \u00e9galement professeur \u00e0 l&#8217;universit\u00e9 de Milan, et le pr\u00eatre Barnabas, nouvellement ordonn\u00e9. Que Dieu les b\u00e9nisse et les rende toujours dignes !\u00a0<\/span><\/p>\n<p>&nbsp;<\/p>\n<p>[FAGP id=36895]<\/p>\n","protected":false},"excerpt":{"rendered":"<p>C\u2019est le dimanche 27 f\u00e9vrier 2022 \u00e0 Gand que l&#8217;ordination presbyt\u00e9rale du diacre Barnabas Genbrugge, qui servira d\u00e9sormais la paroisse en tant que pr\u00eatre, a eu lieu. Son \u00c9minence le M\u00e9tropolite Ath\u00e9nagoras de Belgique et Exarque des Pays-Bas et du Luxembourg pr\u00e9sida cette c\u00e9l\u00e9bration, entour\u00e9 de Son \u00c9minence le M\u00e9tropolite Joseph de Buenos Aires et &hellip; <a href=\"https:\/\/orthodoxia.be\/fr\/2022\/02\/28\/ordination-presbyterale-au-sein-de-la-paroisse-de-saint-apotre-andre-a-gand\/\">Continued<\/a><\/p>\n","protected":false},"author":12,"featured_media":36900,"comment_status":"closed","ping_status":"open","sticky":false,"template":"","format":"standard","meta":{"_acf_changed":false,"footnotes":""},"categories":[14,16],"tags":[],"class_list":["post-36935","post","type-post","status-publish","format-standard","has-post-thumbnail","hentry","category-actualite","category-communique"],"acf":[],"yoast_head":"<!-- This site is optimized with the Yoast SEO plugin v24.3 - https:\/\/yoast.com\/wordpress\/plugins\/seo\/ -->\n<title>Ordination presbyt\u00e9rale au sein de la paroisse de Saint-Ap\u00f4tre Andr\u00e9 \u00e0 Gand - Archev\u00each\u00e9 Orthodoxe de Belgique<\/title>\n<meta name=\"robots\" content=\"index, follow, max-snippet:-1, max-image-preview:large, max-video-preview:-1\" \/>\n<link rel=\"canonical\" href=\"https:\/\/orthodoxia.be\/fr\/2022\/02\/28\/ordination-presbyterale-au-sein-de-la-paroisse-de-saint-apotre-andre-a-gand\/\" \/>\n<meta property=\"og:locale\" content=\"fr_FR\" \/>\n<meta property=\"og:type\" content=\"article\" \/>\n<meta property=\"og:title\" content=\"Ordination presbyt\u00e9rale au sein de la paroisse de Saint-Ap\u00f4tre Andr\u00e9 \u00e0 Gand - Archev\u00each\u00e9 Orthodoxe de Belgique\" \/>\n<meta property=\"og:description\" content=\"C\u2019est le dimanche 27 f\u00e9vrier 2022 \u00e0 Gand que l&#8217;ordination presbyt\u00e9rale du diacre Barnabas Genbrugge, qui servira d\u00e9sormais la paroisse en tant que pr\u00eatre, a eu lieu. Son \u00c9minence le M\u00e9tropolite Ath\u00e9nagoras de Belgique et Exarque des Pays-Bas et du Luxembourg pr\u00e9sida cette c\u00e9l\u00e9bration, entour\u00e9 de Son \u00c9minence le M\u00e9tropolite Joseph de Buenos Aires et &hellip; Continued\" \/>\n<meta property=\"og:url\" content=\"https:\/\/orthodoxia.be\/fr\/2022\/02\/28\/ordination-presbyterale-au-sein-de-la-paroisse-de-saint-apotre-andre-a-gand\/\" \/>\n<meta property=\"og:site_name\" content=\"Archev\u00each\u00e9 Orthodoxe de Belgique\" \/>\n<meta property=\"article:publisher\" content=\"https:\/\/www.facebook.com\/orthobel\" \/>\n<meta property=\"article:published_time\" content=\"2022-02-28T11:06:36+00:00\" \/>\n<meta property=\"article:modified_time\" content=\"2022-03-01T09:48:44+00:00\" \/>\n<meta property=\"og:image\" content=\"https:\/\/orthodoxia.be\/wp-content\/uploads\/2022\/02\/DSC_6143.jpg\" \/>\n\t<meta property=\"og:image:width\" content=\"6016\" \/>\n\t<meta property=\"og:image:height\" content=\"4016\" \/>\n\t<meta property=\"og:image:type\" content=\"image\/jpeg\" \/>\n<meta name=\"author\" content=\"\u0391\u03c1\u03c7\u03b5\u03af\u03bf \u03a3\u03c5\u03bd\u03b5\u03c1\u03b3\u03b1\u03c4\u03ce\u03bd\" \/>\n<meta name=\"twitter:card\" content=\"summary_large_image\" \/>\n<meta name=\"twitter:creator\" content=\"@orthobel\" \/>\n<meta name=\"twitter:site\" content=\"@orthobel\" \/>\n<meta name=\"twitter:label1\" content=\"\u00c9crit par\" \/>\n\t<meta name=\"twitter:data1\" content=\"\u0391\u03c1\u03c7\u03b5\u03af\u03bf \u03a3\u03c5\u03bd\u03b5\u03c1\u03b3\u03b1\u03c4\u03ce\u03bd\" \/>\n\t<meta name=\"twitter:label2\" content=\"Dur\u00e9e de lecture est.\" \/>\n\t<meta name=\"twitter:data2\" content=\"3 minutes\" \/>\n<script type=\"application\/ld+json\" class=\"yoast-schema-graph\">{\"@context\":\"https:\/\/schema.org\",\"@graph\":[{\"@type\":\"Article\",\"@id\":\"https:\/\/orthodoxia.be\/fr\/2022\/02\/28\/ordination-presbyterale-au-sein-de-la-paroisse-de-saint-apotre-andre-a-gand\/#article\",\"isPartOf\":{\"@id\":\"https:\/\/orthodoxia.be\/fr\/2022\/02\/28\/ordination-presbyterale-au-sein-de-la-paroisse-de-saint-apotre-andre-a-gand\/\"},\"author\":{\"name\":\"\u0391\u03c1\u03c7\u03b5\u03af\u03bf \u03a3\u03c5\u03bd\u03b5\u03c1\u03b3\u03b1\u03c4\u03ce\u03bd\",\"@id\":\"https:\/\/orthodoxia.be\/#\/schema\/person\/4641c70600fbb1aac968996a0ef6d284\"},\"headline\":\"Ordination presbyt\u00e9rale au sein de la paroisse de Saint-Ap\u00f4tre Andr\u00e9 \u00e0 Gand\",\"datePublished\":\"2022-02-28T11:06:36+00:00\",\"dateModified\":\"2022-03-01T09:48:44+00:00\",\"mainEntityOfPage\":{\"@id\":\"https:\/\/orthodoxia.be\/fr\/2022\/02\/28\/ordination-presbyterale-au-sein-de-la-paroisse-de-saint-apotre-andre-a-gand\/\"},\"wordCount\":734,\"publisher\":{\"@id\":\"https:\/\/orthodoxia.be\/#organization\"},\"image\":{\"@id\":\"https:\/\/orthodoxia.be\/fr\/2022\/02\/28\/ordination-presbyterale-au-sein-de-la-paroisse-de-saint-apotre-andre-a-gand\/#primaryimage\"},\"thumbnailUrl\":\"https:\/\/orthodoxia.be\/wp-content\/uploads\/2022\/02\/DSC_6143.jpg\",\"articleSection\":[\"Actualit\u00e9\",\"Communiqu\u00e9\"],\"inLanguage\":\"fr-BE\"},{\"@type\":\"WebPage\",\"@id\":\"https:\/\/orthodoxia.be\/fr\/2022\/02\/28\/ordination-presbyterale-au-sein-de-la-paroisse-de-saint-apotre-andre-a-gand\/\",\"url\":\"https:\/\/orthodoxia.be\/fr\/2022\/02\/28\/ordination-presbyterale-au-sein-de-la-paroisse-de-saint-apotre-andre-a-gand\/\",\"name\":\"Ordination presbyt\u00e9rale au sein de la paroisse de Saint-Ap\u00f4tre Andr\u00e9 \u00e0 Gand - Archev\u00each\u00e9 Orthodoxe de Belgique\",\"isPartOf\":{\"@id\":\"https:\/\/orthodoxia.be\/#website\"},\"primaryImageOfPage\":{\"@id\":\"https:\/\/orthodoxia.be\/fr\/2022\/02\/28\/ordination-presbyterale-au-sein-de-la-paroisse-de-saint-apotre-andre-a-gand\/#primaryimage\"},\"image\":{\"@id\":\"https:\/\/orthodoxia.be\/fr\/2022\/02\/28\/ordination-presbyterale-au-sein-de-la-paroisse-de-saint-apotre-andre-a-gand\/#primaryimage\"},\"thumbnailUrl\":\"https:\/\/orthodoxia.be\/wp-content\/uploads\/2022\/02\/DSC_6143.jpg\",\"datePublished\":\"2022-02-28T11:06:36+00:00\",\"dateModified\":\"2022-03-01T09:48:44+00:00\",\"breadcrumb\":{\"@id\":\"https:\/\/orthodoxia.be\/fr\/2022\/02\/28\/ordination-presbyterale-au-sein-de-la-paroisse-de-saint-apotre-andre-a-gand\/#breadcrumb\"},\"inLanguage\":\"fr-BE\",\"potentialAction\":[{\"@type\":\"ReadAction\",\"target\":[\"https:\/\/orthodoxia.be\/fr\/2022\/02\/28\/ordination-presbyterale-au-sein-de-la-paroisse-de-saint-apotre-andre-a-gand\/\"]}]},{\"@type\":\"ImageObject\",\"inLanguage\":\"fr-BE\",\"@id\":\"https:\/\/orthodoxia.be\/fr\/2022\/02\/28\/ordination-presbyterale-au-sein-de-la-paroisse-de-saint-apotre-andre-a-gand\/#primaryimage\",\"url\":\"https:\/\/orthodoxia.be\/wp-content\/uploads\/2022\/02\/DSC_6143.jpg\",\"contentUrl\":\"https:\/\/orthodoxia.be\/wp-content\/uploads\/2022\/02\/DSC_6143.jpg\",\"width\":6016,\"height\":4016},{\"@type\":\"BreadcrumbList\",\"@id\":\"https:\/\/orthodoxia.be\/fr\/2022\/02\/28\/ordination-presbyterale-au-sein-de-la-paroisse-de-saint-apotre-andre-a-gand\/#breadcrumb\",\"itemListElement\":[{\"@type\":\"ListItem\",\"position\":1,\"name\":\"Home\",\"item\":\"https:\/\/orthodoxia.be\/fr\/\"},{\"@type\":\"ListItem\",\"position\":2,\"name\":\"Ordination presbyt\u00e9rale au sein de la paroisse de Saint-Ap\u00f4tre Andr\u00e9 \u00e0 Gand\"}]},{\"@type\":\"WebSite\",\"@id\":\"https:\/\/orthodoxia.be\/#website\",\"url\":\"https:\/\/orthodoxia.be\/\",\"name\":\"Orthodox Archdiocese of Belgium (Benelux)\",\"description\":\"Exarque des Pays-Bas et du Luxembourg\",\"publisher\":{\"@id\":\"https:\/\/orthodoxia.be\/#organization\"},\"alternateName\":\"IMB\",\"potentialAction\":[{\"@type\":\"SearchAction\",\"target\":{\"@type\":\"EntryPoint\",\"urlTemplate\":\"https:\/\/orthodoxia.be\/?s={search_term_string}\"},\"query-input\":{\"@type\":\"PropertyValueSpecification\",\"valueRequired\":true,\"valueName\":\"search_term_string\"}}],\"inLanguage\":\"fr-BE\"},{\"@type\":\"Organization\",\"@id\":\"https:\/\/orthodoxia.be\/#organization\",\"name\":\"Orthodox Archdiocese of Belgium (Benelux)\",\"url\":\"https:\/\/orthodoxia.be\/\",\"logo\":{\"@type\":\"ImageObject\",\"inLanguage\":\"fr-BE\",\"@id\":\"https:\/\/orthodoxia.be\/#\/schema\/logo\/image\/\",\"url\":\"https:\/\/orthodoxia.be\/wp-content\/uploads\/2024\/02\/cropped-IMB-logo-512-cl-1.png\",\"contentUrl\":\"https:\/\/orthodoxia.be\/wp-content\/uploads\/2024\/02\/cropped-IMB-logo-512-cl-1.png\",\"width\":512,\"height\":512,\"caption\":\"Orthodox Archdiocese of Belgium (Benelux)\"},\"image\":{\"@id\":\"https:\/\/orthodoxia.be\/#\/schema\/logo\/image\/\"},\"sameAs\":[\"https:\/\/www.facebook.com\/orthobel\",\"https:\/\/x.com\/orthobel\",\"https:\/\/www.youtube.com\/c\/orthobel\",\"https:\/\/www.mixcloud.com\/orthobel\/\",\"https:\/\/www.flickr.com\/photos\/148264890@N07\/albums\",\"https:\/\/www.dailymotion.com\/Orthobel\"]},{\"@type\":\"Person\",\"@id\":\"https:\/\/orthodoxia.be\/#\/schema\/person\/4641c70600fbb1aac968996a0ef6d284\",\"name\":\"\u0391\u03c1\u03c7\u03b5\u03af\u03bf \u03a3\u03c5\u03bd\u03b5\u03c1\u03b3\u03b1\u03c4\u03ce\u03bd\",\"image\":{\"@type\":\"ImageObject\",\"inLanguage\":\"fr-BE\",\"@id\":\"https:\/\/orthodoxia.be\/#\/schema\/person\/image\/\",\"url\":\"https:\/\/secure.gravatar.com\/avatar\/0bf791bec6a55758e3ee18a1fc90f09b?s=96&d=mm&r=g\",\"contentUrl\":\"https:\/\/secure.gravatar.com\/avatar\/0bf791bec6a55758e3ee18a1fc90f09b?s=96&d=mm&r=g\",\"caption\":\"\u0391\u03c1\u03c7\u03b5\u03af\u03bf \u03a3\u03c5\u03bd\u03b5\u03c1\u03b3\u03b1\u03c4\u03ce\u03bd\"},\"url\":\"https:\/\/orthodoxia.be\/fr\/author\/archives\/\"}]}<\/script>\n<!-- \/ Yoast SEO plugin. -->","yoast_head_json":{"title":"Ordination presbyt\u00e9rale au sein de la paroisse de Saint-Ap\u00f4tre Andr\u00e9 \u00e0 Gand - Archev\u00each\u00e9 Orthodoxe de Belgique","robots":{"index":"index","follow":"follow","max-snippet":"max-snippet:-1","max-image-preview":"max-image-preview:large","max-video-preview":"max-video-preview:-1"},"canonical":"https:\/\/orthodoxia.be\/fr\/2022\/02\/28\/ordination-presbyterale-au-sein-de-la-paroisse-de-saint-apotre-andre-a-gand\/","og_locale":"fr_FR","og_type":"article","og_title":"Ordination presbyt\u00e9rale au sein de la paroisse de Saint-Ap\u00f4tre Andr\u00e9 \u00e0 Gand - Archev\u00each\u00e9 Orthodoxe de Belgique","og_description":"C\u2019est le dimanche 27 f\u00e9vrier 2022 \u00e0 Gand que l&#8217;ordination presbyt\u00e9rale du diacre Barnabas Genbrugge, qui servira d\u00e9sormais la paroisse en tant que pr\u00eatre, a eu lieu. Son \u00c9minence le M\u00e9tropolite Ath\u00e9nagoras de Belgique et Exarque des Pays-Bas et du Luxembourg pr\u00e9sida cette c\u00e9l\u00e9bration, entour\u00e9 de Son \u00c9minence le M\u00e9tropolite Joseph de Buenos Aires et &hellip; Continued","og_url":"https:\/\/orthodoxia.be\/fr\/2022\/02\/28\/ordination-presbyterale-au-sein-de-la-paroisse-de-saint-apotre-andre-a-gand\/","og_site_name":"Archev\u00each\u00e9 Orthodoxe de Belgique","article_publisher":"https:\/\/www.facebook.com\/orthobel","article_published_time":"2022-02-28T11:06:36+00:00","article_modified_time":"2022-03-01T09:48:44+00:00","og_image":[{"width":6016,"height":4016,"url":"https:\/\/orthodoxia.be\/wp-content\/uploads\/2022\/02\/DSC_6143.jpg","type":"image\/jpeg"}],"author":"\u0391\u03c1\u03c7\u03b5\u03af\u03bf \u03a3\u03c5\u03bd\u03b5\u03c1\u03b3\u03b1\u03c4\u03ce\u03bd","twitter_card":"summary_large_image","twitter_creator":"@orthobel","twitter_site":"@orthobel","twitter_misc":{"\u00c9crit par":"\u0391\u03c1\u03c7\u03b5\u03af\u03bf \u03a3\u03c5\u03bd\u03b5\u03c1\u03b3\u03b1\u03c4\u03ce\u03bd","Dur\u00e9e de lecture est.":"3 minutes"},"schema":{"@context":"https:\/\/schema.org","@graph":[{"@type":"Article","@id":"https:\/\/orthodoxia.be\/fr\/2022\/02\/28\/ordination-presbyterale-au-sein-de-la-paroisse-de-saint-apotre-andre-a-gand\/#article","isPartOf":{"@id":"https:\/\/orthodoxia.be\/fr\/2022\/02\/28\/ordination-presbyterale-au-sein-de-la-paroisse-de-saint-apotre-andre-a-gand\/"},"author":{"name":"\u0391\u03c1\u03c7\u03b5\u03af\u03bf \u03a3\u03c5\u03bd\u03b5\u03c1\u03b3\u03b1\u03c4\u03ce\u03bd","@id":"https:\/\/orthodoxia.be\/#\/schema\/person\/4641c70600fbb1aac968996a0ef6d284"},"headline":"Ordination presbyt\u00e9rale au sein de la paroisse de Saint-Ap\u00f4tre Andr\u00e9 \u00e0 Gand","datePublished":"2022-02-28T11:06:36+00:00","dateModified":"2022-03-01T09:48:44+00:00","mainEntityOfPage":{"@id":"https:\/\/orthodoxia.be\/fr\/2022\/02\/28\/ordination-presbyterale-au-sein-de-la-paroisse-de-saint-apotre-andre-a-gand\/"},"wordCount":734,"publisher":{"@id":"https:\/\/orthodoxia.be\/#organization"},"image":{"@id":"https:\/\/orthodoxia.be\/fr\/2022\/02\/28\/ordination-presbyterale-au-sein-de-la-paroisse-de-saint-apotre-andre-a-gand\/#primaryimage"},"thumbnailUrl":"https:\/\/orthodoxia.be\/wp-content\/uploads\/2022\/02\/DSC_6143.jpg","articleSection":["Actualit\u00e9","Communiqu\u00e9"],"inLanguage":"fr-BE"},{"@type":"WebPage","@id":"https:\/\/orthodoxia.be\/fr\/2022\/02\/28\/ordination-presbyterale-au-sein-de-la-paroisse-de-saint-apotre-andre-a-gand\/","url":"https:\/\/orthodoxia.be\/fr\/2022\/02\/28\/ordination-presbyterale-au-sein-de-la-paroisse-de-saint-apotre-andre-a-gand\/","name":"Ordination presbyt\u00e9rale au sein de la paroisse de Saint-Ap\u00f4tre Andr\u00e9 \u00e0 Gand - Archev\u00each\u00e9 Orthodoxe de Belgique","isPartOf":{"@id":"https:\/\/orthodoxia.be\/#website"},"primaryImageOfPage":{"@id":"https:\/\/orthodoxia.be\/fr\/2022\/02\/28\/ordination-presbyterale-au-sein-de-la-paroisse-de-saint-apotre-andre-a-gand\/#primaryimage"},"image":{"@id":"https:\/\/orthodoxia.be\/fr\/2022\/02\/28\/ordination-presbyterale-au-sein-de-la-paroisse-de-saint-apotre-andre-a-gand\/#primaryimage"},"thumbnailUrl":"https:\/\/orthodoxia.be\/wp-content\/uploads\/2022\/02\/DSC_6143.jpg","datePublished":"2022-02-28T11:06:36+00:00","dateModified":"2022-03-01T09:48:44+00:00","breadcrumb":{"@id":"https:\/\/orthodoxia.be\/fr\/2022\/02\/28\/ordination-presbyterale-au-sein-de-la-paroisse-de-saint-apotre-andre-a-gand\/#breadcrumb"},"inLanguage":"fr-BE","potentialAction":[{"@type":"ReadAction","target":["https:\/\/orthodoxia.be\/fr\/2022\/02\/28\/ordination-presbyterale-au-sein-de-la-paroisse-de-saint-apotre-andre-a-gand\/"]}]},{"@type":"ImageObject","inLanguage":"fr-BE","@id":"https:\/\/orthodoxia.be\/fr\/2022\/02\/28\/ordination-presbyterale-au-sein-de-la-paroisse-de-saint-apotre-andre-a-gand\/#primaryimage","url":"https:\/\/orthodoxia.be\/wp-content\/uploads\/2022\/02\/DSC_6143.jpg","contentUrl":"https:\/\/orthodoxia.be\/wp-content\/uploads\/2022\/02\/DSC_6143.jpg","width":6016,"height":4016},{"@type":"BreadcrumbList","@id":"https:\/\/orthodoxia.be\/fr\/2022\/02\/28\/ordination-presbyterale-au-sein-de-la-paroisse-de-saint-apotre-andre-a-gand\/#breadcrumb","itemListElement":[{"@type":"ListItem","position":1,"name":"Home","item":"https:\/\/orthodoxia.be\/fr\/"},{"@type":"ListItem","position":2,"name":"Ordination presbyt\u00e9rale au sein de la paroisse de Saint-Ap\u00f4tre Andr\u00e9 \u00e0 Gand"}]},{"@type":"WebSite","@id":"https:\/\/orthodoxia.be\/#website","url":"https:\/\/orthodoxia.be\/","name":"Orthodox Archdiocese of Belgium (Benelux)","description":"Exarque des Pays-Bas et du Luxembourg","publisher":{"@id":"https:\/\/orthodoxia.be\/#organization"},"alternateName":"IMB","potentialAction":[{"@type":"SearchAction","target":{"@type":"EntryPoint","urlTemplate":"https:\/\/orthodoxia.be\/?s={search_term_string}"},"query-input":{"@type":"PropertyValueSpecification","valueRequired":true,"valueName":"search_term_string"}}],"inLanguage":"fr-BE"},{"@type":"Organization","@id":"https:\/\/orthodoxia.be\/#organization","name":"Orthodox Archdiocese of Belgium (Benelux)","url":"https:\/\/orthodoxia.be\/","logo":{"@type":"ImageObject","inLanguage":"fr-BE","@id":"https:\/\/orthodoxia.be\/#\/schema\/logo\/image\/","url":"https:\/\/orthodoxia.be\/wp-content\/uploads\/2024\/02\/cropped-IMB-logo-512-cl-1.png","contentUrl":"https:\/\/orthodoxia.be\/wp-content\/uploads\/2024\/02\/cropped-IMB-logo-512-cl-1.png","width":512,"height":512,"caption":"Orthodox Archdiocese of Belgium (Benelux)"},"image":{"@id":"https:\/\/orthodoxia.be\/#\/schema\/logo\/image\/"},"sameAs":["https:\/\/www.facebook.com\/orthobel","https:\/\/x.com\/orthobel","https:\/\/www.youtube.com\/c\/orthobel","https:\/\/www.mixcloud.com\/orthobel\/","https:\/\/www.flickr.com\/photos\/148264890@N07\/albums","https:\/\/www.dailymotion.com\/Orthobel"]},{"@type":"Person","@id":"https:\/\/orthodoxia.be\/#\/schema\/person\/4641c70600fbb1aac968996a0ef6d284","name":"\u0391\u03c1\u03c7\u03b5\u03af\u03bf \u03a3\u03c5\u03bd\u03b5\u03c1\u03b3\u03b1\u03c4\u03ce\u03bd","image":{"@type":"ImageObject","inLanguage":"fr-BE","@id":"https:\/\/orthodoxia.be\/#\/schema\/person\/image\/","url":"https:\/\/secure.gravatar.com\/avatar\/0bf791bec6a55758e3ee18a1fc90f09b?s=96&d=mm&r=g","contentUrl":"https:\/\/secure.gravatar.com\/avatar\/0bf791bec6a55758e3ee18a1fc90f09b?s=96&d=mm&r=g","caption":"\u0391\u03c1\u03c7\u03b5\u03af\u03bf \u03a3\u03c5\u03bd\u03b5\u03c1\u03b3\u03b1\u03c4\u03ce\u03bd"},"url":"https:\/\/orthodoxia.be\/fr\/author\/archives\/"}]}},"_links":{"self":[{"href":"https:\/\/orthodoxia.be\/fr\/wp-json\/wp\/v2\/posts\/36935","targetHints":{"allow":["GET"]}}],"collection":[{"href":"https:\/\/orthodoxia.be\/fr\/wp-json\/wp\/v2\/posts"}],"about":[{"href":"https:\/\/orthodoxia.be\/fr\/wp-json\/wp\/v2\/types\/post"}],"author":[{"embeddable":true,"href":"https:\/\/orthodoxia.be\/fr\/wp-json\/wp\/v2\/users\/12"}],"replies":[{"embeddable":true,"href":"https:\/\/orthodoxia.be\/fr\/wp-json\/wp\/v2\/comments?post=36935"}],"version-history":[{"count":1,"href":"https:\/\/orthodoxia.be\/fr\/wp-json\/wp\/v2\/posts\/36935\/revisions"}],"predecessor-version":[{"id":36936,"href":"https:\/\/orthodoxia.be\/fr\/wp-json\/wp\/v2\/posts\/36935\/revisions\/36936"}],"wp:featuredmedia":[{"embeddable":true,"href":"https:\/\/orthodoxia.be\/fr\/wp-json\/wp\/v2\/media\/36900"}],"wp:attachment":[{"href":"https:\/\/orthodoxia.be\/fr\/wp-json\/wp\/v2\/media?parent=36935"}],"wp:term":[{"taxonomy":"category","embeddable":true,"href":"https:\/\/orthodoxia.be\/fr\/wp-json\/wp\/v2\/categories?post=36935"},{"taxonomy":"post_tag","embeddable":true,"href":"https:\/\/orthodoxia.be\/fr\/wp-json\/wp\/v2\/tags?post=36935"}],"curies":[{"name":"wp","href":"https:\/\/api.w.org\/{rel}","templated":true}]}}