{"id":37539,"date":"2022-04-11T09:27:17","date_gmt":"2022-04-11T07:27:17","guid":{"rendered":"http:\/\/orthodoxia.be\/?p=37539"},"modified":"2022-04-11T13:25:02","modified_gmt":"2022-04-11T11:25:02","slug":"hauts-grades-dahepa-chez-le-metropolite-de-belgique","status":"publish","type":"post","link":"https:\/\/orthodoxia.be\/fr\/2022\/04\/11\/hauts-grades-dahepa-chez-le-metropolite-de-belgique\/","title":{"rendered":"Hauts grad\u00e9s d\u2019AHEPA chez le M\u00e9tropolite de Belgique"},"content":{"rendered":"<p>&nbsp;<\/p>\n<p>Des membres du Conseil G\u00e9n\u00e9ral de l\u2019association AHEPA ( American Hellenic Educational Progressive Association ) ont \u00e9t\u00e9 re\u00e7us par Son \u00c9minence le M\u00e9tropolite Ath\u00e9nagoras de Belgique et Exarque des Pays-Bas et du Luxembourg, le vendredi 8 avril 2022, au si\u00e8ge de l\u2019Archev\u00each\u00e9 Orthodoxe \u00e0 Bruxelles.<\/p>\n<p>Les membres d\u2019AHEPA, venant tout droit d\u2019Am\u00e9rique, d\u2019Europe, de Gr\u00e8ce et de Chypre, se trouvent en Belgique pour pr\u00e9parer le Congr\u00e8s des sections europ\u00e9ennes de l\u2019organisation qui se d\u00e9roule actuellement dans la p\u00e9riph\u00e9rie de Bruxelles.<\/p>\n<p>La rencontre s\u2019est d\u00e9roul\u00e9e dans une tr\u00e8s bonne atmosph\u00e8re, tandis que la discussion a port\u00e9 sur des questions d\u2019actualit\u00e9, mais aussi sur les possibilit\u00e9s de coop\u00e9ration et d\u2019actions communes.<\/p>\n<p>&nbsp;<\/p>\n<p><img loading=\"lazy\" decoding=\"async\" src=\"http:\/\/orthodoxia.be\/wp-content\/uploads\/2022\/04\/AHEPA-2-1024x800.jpg\" alt=\"\" width=\"783\" height=\"612\" class=\"aligncenter wp-image-37518 \" srcset=\"https:\/\/orthodoxia.be\/wp-content\/uploads\/2022\/04\/AHEPA-2-1024x800.jpg 1024w, https:\/\/orthodoxia.be\/wp-content\/uploads\/2022\/04\/AHEPA-2-300x234.jpg 300w, https:\/\/orthodoxia.be\/wp-content\/uploads\/2022\/04\/AHEPA-2-768x600.jpg 768w\" sizes=\"auto, (max-width: 783px) 100vw, 783px\" \/><\/p>\n","protected":false},"excerpt":{"rendered":"<p>&nbsp; Des membres du Conseil G\u00e9n\u00e9ral de l\u2019association AHEPA ( American Hellenic Educational Progressive Association ) ont \u00e9t\u00e9 re\u00e7us par Son \u00c9minence le M\u00e9tropolite Ath\u00e9nagoras de Belgique et Exarque des Pays-Bas et du Luxembourg, le vendredi 8 avril 2022, au si\u00e8ge de l\u2019Archev\u00each\u00e9 Orthodoxe \u00e0 Bruxelles. Les membres d\u2019AHEPA, venant tout droit d\u2019Am\u00e9rique, d\u2019Europe, de &hellip; <a href=\"https:\/\/orthodoxia.be\/fr\/2022\/04\/11\/hauts-grades-dahepa-chez-le-metropolite-de-belgique\/\">Continued<\/a><\/p>\n","protected":false},"author":12,"featured_media":37531,"comment_status":"closed","ping_status":"open","sticky":false,"template":"","format":"standard","meta":{"_acf_changed":false,"footnotes":""},"categories":[14,16],"tags":[463],"class_list":["post-37539","post","type-post","status-publish","format-standard","has-post-thumbnail","hentry","category-actualite","category-communique","tag-ahepa"],"acf":[],"yoast_head":"<!-- This site is optimized with the Yoast SEO plugin v24.3 - https:\/\/yoast.com\/wordpress\/plugins\/seo\/ -->\n<title>Hauts grad\u00e9s d\u2019AHEPA chez le M\u00e9tropolite de Belgique - Archev\u00each\u00e9 Orthodoxe de Belgique<\/title>\n<meta name=\"robots\" content=\"index, follow, max-snippet:-1, max-image-preview:large, max-video-preview:-1\" \/>\n<link rel=\"canonical\" href=\"https:\/\/orthodoxia.be\/fr\/2022\/04\/11\/hauts-grades-dahepa-chez-le-metropolite-de-belgique\/\" \/>\n<meta property=\"og:locale\" content=\"fr_FR\" \/>\n<meta property=\"og:type\" content=\"article\" \/>\n<meta property=\"og:title\" content=\"Hauts grad\u00e9s d\u2019AHEPA chez le M\u00e9tropolite de Belgique - Archev\u00each\u00e9 Orthodoxe de Belgique\" \/>\n<meta property=\"og:description\" content=\"&nbsp; Des membres du Conseil G\u00e9n\u00e9ral de l\u2019association AHEPA ( American Hellenic Educational Progressive Association ) ont \u00e9t\u00e9 re\u00e7us par Son \u00c9minence le M\u00e9tropolite Ath\u00e9nagoras de Belgique et Exarque des Pays-Bas et du Luxembourg, le vendredi 8 avril 2022, au si\u00e8ge de l\u2019Archev\u00each\u00e9 Orthodoxe \u00e0 Bruxelles. Les membres d\u2019AHEPA, venant tout droit d\u2019Am\u00e9rique, d\u2019Europe, de &hellip; Continued\" \/>\n<meta property=\"og:url\" content=\"https:\/\/orthodoxia.be\/fr\/2022\/04\/11\/hauts-grades-dahepa-chez-le-metropolite-de-belgique\/\" \/>\n<meta property=\"og:site_name\" content=\"Archev\u00each\u00e9 Orthodoxe de Belgique\" \/>\n<meta property=\"article:publisher\" content=\"https:\/\/www.facebook.com\/orthobel\" \/>\n<meta property=\"article:published_time\" content=\"2022-04-11T07:27:17+00:00\" \/>\n<meta property=\"article:modified_time\" content=\"2022-04-11T11:25:02+00:00\" \/>\n<meta property=\"og:image\" content=\"https:\/\/orthodoxia.be\/wp-content\/uploads\/2022\/04\/unnamed.jpg\" \/>\n\t<meta property=\"og:image:width\" content=\"4032\" \/>\n\t<meta property=\"og:image:height\" content=\"3024\" \/>\n\t<meta property=\"og:image:type\" content=\"image\/jpeg\" \/>\n<meta name=\"author\" content=\"\u0391\u03c1\u03c7\u03b5\u03af\u03bf \u03a3\u03c5\u03bd\u03b5\u03c1\u03b3\u03b1\u03c4\u03ce\u03bd\" \/>\n<meta name=\"twitter:card\" content=\"summary_large_image\" \/>\n<meta name=\"twitter:creator\" content=\"@orthobel\" \/>\n<meta name=\"twitter:site\" content=\"@orthobel\" \/>\n<meta name=\"twitter:label1\" content=\"\u00c9crit par\" \/>\n\t<meta name=\"twitter:data1\" content=\"\u0391\u03c1\u03c7\u03b5\u03af\u03bf \u03a3\u03c5\u03bd\u03b5\u03c1\u03b3\u03b1\u03c4\u03ce\u03bd\" \/>\n\t<meta name=\"twitter:label2\" content=\"Dur\u00e9e de lecture est.\" \/>\n\t<meta name=\"twitter:data2\" content=\"1 minute\" \/>\n<script type=\"application\/ld+json\" class=\"yoast-schema-graph\">{\"@context\":\"https:\/\/schema.org\",\"@graph\":[{\"@type\":\"Article\",\"@id\":\"https:\/\/orthodoxia.be\/fr\/2022\/04\/11\/hauts-grades-dahepa-chez-le-metropolite-de-belgique\/#article\",\"isPartOf\":{\"@id\":\"https:\/\/orthodoxia.be\/fr\/2022\/04\/11\/hauts-grades-dahepa-chez-le-metropolite-de-belgique\/\"},\"author\":{\"name\":\"\u0391\u03c1\u03c7\u03b5\u03af\u03bf \u03a3\u03c5\u03bd\u03b5\u03c1\u03b3\u03b1\u03c4\u03ce\u03bd\",\"@id\":\"https:\/\/orthodoxia.be\/#\/schema\/person\/4641c70600fbb1aac968996a0ef6d284\"},\"headline\":\"Hauts grad\u00e9s d\u2019AHEPA chez le M\u00e9tropolite de Belgique\",\"datePublished\":\"2022-04-11T07:27:17+00:00\",\"dateModified\":\"2022-04-11T11:25:02+00:00\",\"mainEntityOfPage\":{\"@id\":\"https:\/\/orthodoxia.be\/fr\/2022\/04\/11\/hauts-grades-dahepa-chez-le-metropolite-de-belgique\/\"},\"wordCount\":147,\"publisher\":{\"@id\":\"https:\/\/orthodoxia.be\/#organization\"},\"image\":{\"@id\":\"https:\/\/orthodoxia.be\/fr\/2022\/04\/11\/hauts-grades-dahepa-chez-le-metropolite-de-belgique\/#primaryimage\"},\"thumbnailUrl\":\"https:\/\/orthodoxia.be\/wp-content\/uploads\/2022\/04\/unnamed.jpg\",\"keywords\":[\"AHEPA\"],\"articleSection\":[\"Actualit\u00e9\",\"Communiqu\u00e9\"],\"inLanguage\":\"fr-BE\"},{\"@type\":\"WebPage\",\"@id\":\"https:\/\/orthodoxia.be\/fr\/2022\/04\/11\/hauts-grades-dahepa-chez-le-metropolite-de-belgique\/\",\"url\":\"https:\/\/orthodoxia.be\/fr\/2022\/04\/11\/hauts-grades-dahepa-chez-le-metropolite-de-belgique\/\",\"name\":\"Hauts grad\u00e9s d\u2019AHEPA chez le M\u00e9tropolite de Belgique - Archev\u00each\u00e9 Orthodoxe de Belgique\",\"isPartOf\":{\"@id\":\"https:\/\/orthodoxia.be\/#website\"},\"primaryImageOfPage\":{\"@id\":\"https:\/\/orthodoxia.be\/fr\/2022\/04\/11\/hauts-grades-dahepa-chez-le-metropolite-de-belgique\/#primaryimage\"},\"image\":{\"@id\":\"https:\/\/orthodoxia.be\/fr\/2022\/04\/11\/hauts-grades-dahepa-chez-le-metropolite-de-belgique\/#primaryimage\"},\"thumbnailUrl\":\"https:\/\/orthodoxia.be\/wp-content\/uploads\/2022\/04\/unnamed.jpg\",\"datePublished\":\"2022-04-11T07:27:17+00:00\",\"dateModified\":\"2022-04-11T11:25:02+00:00\",\"breadcrumb\":{\"@id\":\"https:\/\/orthodoxia.be\/fr\/2022\/04\/11\/hauts-grades-dahepa-chez-le-metropolite-de-belgique\/#breadcrumb\"},\"inLanguage\":\"fr-BE\",\"potentialAction\":[{\"@type\":\"ReadAction\",\"target\":[\"https:\/\/orthodoxia.be\/fr\/2022\/04\/11\/hauts-grades-dahepa-chez-le-metropolite-de-belgique\/\"]}]},{\"@type\":\"ImageObject\",\"inLanguage\":\"fr-BE\",\"@id\":\"https:\/\/orthodoxia.be\/fr\/2022\/04\/11\/hauts-grades-dahepa-chez-le-metropolite-de-belgique\/#primaryimage\",\"url\":\"https:\/\/orthodoxia.be\/wp-content\/uploads\/2022\/04\/unnamed.jpg\",\"contentUrl\":\"https:\/\/orthodoxia.be\/wp-content\/uploads\/2022\/04\/unnamed.jpg\",\"width\":4032,\"height\":3024},{\"@type\":\"BreadcrumbList\",\"@id\":\"https:\/\/orthodoxia.be\/fr\/2022\/04\/11\/hauts-grades-dahepa-chez-le-metropolite-de-belgique\/#breadcrumb\",\"itemListElement\":[{\"@type\":\"ListItem\",\"position\":1,\"name\":\"Home\",\"item\":\"https:\/\/orthodoxia.be\/fr\/\"},{\"@type\":\"ListItem\",\"position\":2,\"name\":\"Hauts grad\u00e9s d\u2019AHEPA chez le M\u00e9tropolite de Belgique\"}]},{\"@type\":\"WebSite\",\"@id\":\"https:\/\/orthodoxia.be\/#website\",\"url\":\"https:\/\/orthodoxia.be\/\",\"name\":\"Orthodox Archdiocese of Belgium (Benelux)\",\"description\":\"Exarque des Pays-Bas et du Luxembourg\",\"publisher\":{\"@id\":\"https:\/\/orthodoxia.be\/#organization\"},\"alternateName\":\"IMB\",\"potentialAction\":[{\"@type\":\"SearchAction\",\"target\":{\"@type\":\"EntryPoint\",\"urlTemplate\":\"https:\/\/orthodoxia.be\/?s={search_term_string}\"},\"query-input\":{\"@type\":\"PropertyValueSpecification\",\"valueRequired\":true,\"valueName\":\"search_term_string\"}}],\"inLanguage\":\"fr-BE\"},{\"@type\":\"Organization\",\"@id\":\"https:\/\/orthodoxia.be\/#organization\",\"name\":\"Orthodox Archdiocese of Belgium (Benelux)\",\"url\":\"https:\/\/orthodoxia.be\/\",\"logo\":{\"@type\":\"ImageObject\",\"inLanguage\":\"fr-BE\",\"@id\":\"https:\/\/orthodoxia.be\/#\/schema\/logo\/image\/\",\"url\":\"https:\/\/orthodoxia.be\/wp-content\/uploads\/2024\/02\/cropped-IMB-logo-512-cl-1.png\",\"contentUrl\":\"https:\/\/orthodoxia.be\/wp-content\/uploads\/2024\/02\/cropped-IMB-logo-512-cl-1.png\",\"width\":512,\"height\":512,\"caption\":\"Orthodox Archdiocese of Belgium (Benelux)\"},\"image\":{\"@id\":\"https:\/\/orthodoxia.be\/#\/schema\/logo\/image\/\"},\"sameAs\":[\"https:\/\/www.facebook.com\/orthobel\",\"https:\/\/x.com\/orthobel\",\"https:\/\/www.youtube.com\/c\/orthobel\",\"https:\/\/www.mixcloud.com\/orthobel\/\",\"https:\/\/www.flickr.com\/photos\/148264890@N07\/albums\",\"https:\/\/www.dailymotion.com\/Orthobel\"]},{\"@type\":\"Person\",\"@id\":\"https:\/\/orthodoxia.be\/#\/schema\/person\/4641c70600fbb1aac968996a0ef6d284\",\"name\":\"\u0391\u03c1\u03c7\u03b5\u03af\u03bf \u03a3\u03c5\u03bd\u03b5\u03c1\u03b3\u03b1\u03c4\u03ce\u03bd\",\"image\":{\"@type\":\"ImageObject\",\"inLanguage\":\"fr-BE\",\"@id\":\"https:\/\/orthodoxia.be\/#\/schema\/person\/image\/\",\"url\":\"https:\/\/secure.gravatar.com\/avatar\/0bf791bec6a55758e3ee18a1fc90f09b?s=96&d=mm&r=g\",\"contentUrl\":\"https:\/\/secure.gravatar.com\/avatar\/0bf791bec6a55758e3ee18a1fc90f09b?s=96&d=mm&r=g\",\"caption\":\"\u0391\u03c1\u03c7\u03b5\u03af\u03bf \u03a3\u03c5\u03bd\u03b5\u03c1\u03b3\u03b1\u03c4\u03ce\u03bd\"},\"url\":\"https:\/\/orthodoxia.be\/fr\/author\/archives\/\"}]}<\/script>\n<!-- \/ Yoast SEO plugin. -->","yoast_head_json":{"title":"Hauts grad\u00e9s d\u2019AHEPA chez le M\u00e9tropolite de Belgique - Archev\u00each\u00e9 Orthodoxe de Belgique","robots":{"index":"index","follow":"follow","max-snippet":"max-snippet:-1","max-image-preview":"max-image-preview:large","max-video-preview":"max-video-preview:-1"},"canonical":"https:\/\/orthodoxia.be\/fr\/2022\/04\/11\/hauts-grades-dahepa-chez-le-metropolite-de-belgique\/","og_locale":"fr_FR","og_type":"article","og_title":"Hauts grad\u00e9s d\u2019AHEPA chez le M\u00e9tropolite de Belgique - Archev\u00each\u00e9 Orthodoxe de Belgique","og_description":"&nbsp; Des membres du Conseil G\u00e9n\u00e9ral de l\u2019association AHEPA ( American Hellenic Educational Progressive Association ) ont \u00e9t\u00e9 re\u00e7us par Son \u00c9minence le M\u00e9tropolite Ath\u00e9nagoras de Belgique et Exarque des Pays-Bas et du Luxembourg, le vendredi 8 avril 2022, au si\u00e8ge de l\u2019Archev\u00each\u00e9 Orthodoxe \u00e0 Bruxelles. Les membres d\u2019AHEPA, venant tout droit d\u2019Am\u00e9rique, d\u2019Europe, de &hellip; Continued","og_url":"https:\/\/orthodoxia.be\/fr\/2022\/04\/11\/hauts-grades-dahepa-chez-le-metropolite-de-belgique\/","og_site_name":"Archev\u00each\u00e9 Orthodoxe de Belgique","article_publisher":"https:\/\/www.facebook.com\/orthobel","article_published_time":"2022-04-11T07:27:17+00:00","article_modified_time":"2022-04-11T11:25:02+00:00","og_image":[{"width":4032,"height":3024,"url":"https:\/\/orthodoxia.be\/wp-content\/uploads\/2022\/04\/unnamed.jpg","type":"image\/jpeg"}],"author":"\u0391\u03c1\u03c7\u03b5\u03af\u03bf \u03a3\u03c5\u03bd\u03b5\u03c1\u03b3\u03b1\u03c4\u03ce\u03bd","twitter_card":"summary_large_image","twitter_creator":"@orthobel","twitter_site":"@orthobel","twitter_misc":{"\u00c9crit par":"\u0391\u03c1\u03c7\u03b5\u03af\u03bf \u03a3\u03c5\u03bd\u03b5\u03c1\u03b3\u03b1\u03c4\u03ce\u03bd","Dur\u00e9e de lecture est.":"1 minute"},"schema":{"@context":"https:\/\/schema.org","@graph":[{"@type":"Article","@id":"https:\/\/orthodoxia.be\/fr\/2022\/04\/11\/hauts-grades-dahepa-chez-le-metropolite-de-belgique\/#article","isPartOf":{"@id":"https:\/\/orthodoxia.be\/fr\/2022\/04\/11\/hauts-grades-dahepa-chez-le-metropolite-de-belgique\/"},"author":{"name":"\u0391\u03c1\u03c7\u03b5\u03af\u03bf \u03a3\u03c5\u03bd\u03b5\u03c1\u03b3\u03b1\u03c4\u03ce\u03bd","@id":"https:\/\/orthodoxia.be\/#\/schema\/person\/4641c70600fbb1aac968996a0ef6d284"},"headline":"Hauts grad\u00e9s d\u2019AHEPA chez le M\u00e9tropolite de Belgique","datePublished":"2022-04-11T07:27:17+00:00","dateModified":"2022-04-11T11:25:02+00:00","mainEntityOfPage":{"@id":"https:\/\/orthodoxia.be\/fr\/2022\/04\/11\/hauts-grades-dahepa-chez-le-metropolite-de-belgique\/"},"wordCount":147,"publisher":{"@id":"https:\/\/orthodoxia.be\/#organization"},"image":{"@id":"https:\/\/orthodoxia.be\/fr\/2022\/04\/11\/hauts-grades-dahepa-chez-le-metropolite-de-belgique\/#primaryimage"},"thumbnailUrl":"https:\/\/orthodoxia.be\/wp-content\/uploads\/2022\/04\/unnamed.jpg","keywords":["AHEPA"],"articleSection":["Actualit\u00e9","Communiqu\u00e9"],"inLanguage":"fr-BE"},{"@type":"WebPage","@id":"https:\/\/orthodoxia.be\/fr\/2022\/04\/11\/hauts-grades-dahepa-chez-le-metropolite-de-belgique\/","url":"https:\/\/orthodoxia.be\/fr\/2022\/04\/11\/hauts-grades-dahepa-chez-le-metropolite-de-belgique\/","name":"Hauts grad\u00e9s d\u2019AHEPA chez le M\u00e9tropolite de Belgique - Archev\u00each\u00e9 Orthodoxe de Belgique","isPartOf":{"@id":"https:\/\/orthodoxia.be\/#website"},"primaryImageOfPage":{"@id":"https:\/\/orthodoxia.be\/fr\/2022\/04\/11\/hauts-grades-dahepa-chez-le-metropolite-de-belgique\/#primaryimage"},"image":{"@id":"https:\/\/orthodoxia.be\/fr\/2022\/04\/11\/hauts-grades-dahepa-chez-le-metropolite-de-belgique\/#primaryimage"},"thumbnailUrl":"https:\/\/orthodoxia.be\/wp-content\/uploads\/2022\/04\/unnamed.jpg","datePublished":"2022-04-11T07:27:17+00:00","dateModified":"2022-04-11T11:25:02+00:00","breadcrumb":{"@id":"https:\/\/orthodoxia.be\/fr\/2022\/04\/11\/hauts-grades-dahepa-chez-le-metropolite-de-belgique\/#breadcrumb"},"inLanguage":"fr-BE","potentialAction":[{"@type":"ReadAction","target":["https:\/\/orthodoxia.be\/fr\/2022\/04\/11\/hauts-grades-dahepa-chez-le-metropolite-de-belgique\/"]}]},{"@type":"ImageObject","inLanguage":"fr-BE","@id":"https:\/\/orthodoxia.be\/fr\/2022\/04\/11\/hauts-grades-dahepa-chez-le-metropolite-de-belgique\/#primaryimage","url":"https:\/\/orthodoxia.be\/wp-content\/uploads\/2022\/04\/unnamed.jpg","contentUrl":"https:\/\/orthodoxia.be\/wp-content\/uploads\/2022\/04\/unnamed.jpg","width":4032,"height":3024},{"@type":"BreadcrumbList","@id":"https:\/\/orthodoxia.be\/fr\/2022\/04\/11\/hauts-grades-dahepa-chez-le-metropolite-de-belgique\/#breadcrumb","itemListElement":[{"@type":"ListItem","position":1,"name":"Home","item":"https:\/\/orthodoxia.be\/fr\/"},{"@type":"ListItem","position":2,"name":"Hauts grad\u00e9s d\u2019AHEPA chez le M\u00e9tropolite de Belgique"}]},{"@type":"WebSite","@id":"https:\/\/orthodoxia.be\/#website","url":"https:\/\/orthodoxia.be\/","name":"Orthodox Archdiocese of Belgium (Benelux)","description":"Exarque des Pays-Bas et du Luxembourg","publisher":{"@id":"https:\/\/orthodoxia.be\/#organization"},"alternateName":"IMB","potentialAction":[{"@type":"SearchAction","target":{"@type":"EntryPoint","urlTemplate":"https:\/\/orthodoxia.be\/?s={search_term_string}"},"query-input":{"@type":"PropertyValueSpecification","valueRequired":true,"valueName":"search_term_string"}}],"inLanguage":"fr-BE"},{"@type":"Organization","@id":"https:\/\/orthodoxia.be\/#organization","name":"Orthodox Archdiocese of Belgium (Benelux)","url":"https:\/\/orthodoxia.be\/","logo":{"@type":"ImageObject","inLanguage":"fr-BE","@id":"https:\/\/orthodoxia.be\/#\/schema\/logo\/image\/","url":"https:\/\/orthodoxia.be\/wp-content\/uploads\/2024\/02\/cropped-IMB-logo-512-cl-1.png","contentUrl":"https:\/\/orthodoxia.be\/wp-content\/uploads\/2024\/02\/cropped-IMB-logo-512-cl-1.png","width":512,"height":512,"caption":"Orthodox Archdiocese of Belgium (Benelux)"},"image":{"@id":"https:\/\/orthodoxia.be\/#\/schema\/logo\/image\/"},"sameAs":["https:\/\/www.facebook.com\/orthobel","https:\/\/x.com\/orthobel","https:\/\/www.youtube.com\/c\/orthobel","https:\/\/www.mixcloud.com\/orthobel\/","https:\/\/www.flickr.com\/photos\/148264890@N07\/albums","https:\/\/www.dailymotion.com\/Orthobel"]},{"@type":"Person","@id":"https:\/\/orthodoxia.be\/#\/schema\/person\/4641c70600fbb1aac968996a0ef6d284","name":"\u0391\u03c1\u03c7\u03b5\u03af\u03bf \u03a3\u03c5\u03bd\u03b5\u03c1\u03b3\u03b1\u03c4\u03ce\u03bd","image":{"@type":"ImageObject","inLanguage":"fr-BE","@id":"https:\/\/orthodoxia.be\/#\/schema\/person\/image\/","url":"https:\/\/secure.gravatar.com\/avatar\/0bf791bec6a55758e3ee18a1fc90f09b?s=96&d=mm&r=g","contentUrl":"https:\/\/secure.gravatar.com\/avatar\/0bf791bec6a55758e3ee18a1fc90f09b?s=96&d=mm&r=g","caption":"\u0391\u03c1\u03c7\u03b5\u03af\u03bf \u03a3\u03c5\u03bd\u03b5\u03c1\u03b3\u03b1\u03c4\u03ce\u03bd"},"url":"https:\/\/orthodoxia.be\/fr\/author\/archives\/"}]}},"_links":{"self":[{"href":"https:\/\/orthodoxia.be\/fr\/wp-json\/wp\/v2\/posts\/37539","targetHints":{"allow":["GET"]}}],"collection":[{"href":"https:\/\/orthodoxia.be\/fr\/wp-json\/wp\/v2\/posts"}],"about":[{"href":"https:\/\/orthodoxia.be\/fr\/wp-json\/wp\/v2\/types\/post"}],"author":[{"embeddable":true,"href":"https:\/\/orthodoxia.be\/fr\/wp-json\/wp\/v2\/users\/12"}],"replies":[{"embeddable":true,"href":"https:\/\/orthodoxia.be\/fr\/wp-json\/wp\/v2\/comments?post=37539"}],"version-history":[{"count":2,"href":"https:\/\/orthodoxia.be\/fr\/wp-json\/wp\/v2\/posts\/37539\/revisions"}],"predecessor-version":[{"id":37541,"href":"https:\/\/orthodoxia.be\/fr\/wp-json\/wp\/v2\/posts\/37539\/revisions\/37541"}],"wp:featuredmedia":[{"embeddable":true,"href":"https:\/\/orthodoxia.be\/fr\/wp-json\/wp\/v2\/media\/37531"}],"wp:attachment":[{"href":"https:\/\/orthodoxia.be\/fr\/wp-json\/wp\/v2\/media?parent=37539"}],"wp:term":[{"taxonomy":"category","embeddable":true,"href":"https:\/\/orthodoxia.be\/fr\/wp-json\/wp\/v2\/categories?post=37539"},{"taxonomy":"post_tag","embeddable":true,"href":"https:\/\/orthodoxia.be\/fr\/wp-json\/wp\/v2\/tags?post=37539"}],"curies":[{"name":"wp","href":"https:\/\/api.w.org\/{rel}","templated":true}]}}