{"id":37877,"date":"2022-04-23T18:07:45","date_gmt":"2022-04-23T16:07:45","guid":{"rendered":"http:\/\/orthodoxia.be\/?p=37877"},"modified":"2022-05-09T11:49:46","modified_gmt":"2022-05-09T09:49:46","slug":"loffice-de-la-mise-au-tombeau-a-la-cathedrale-de-bruxelles","status":"publish","type":"post","link":"https:\/\/orthodoxia.be\/fr\/2022\/04\/23\/loffice-de-la-mise-au-tombeau-a-la-cathedrale-de-bruxelles\/","title":{"rendered":"L\u2019Office de la Mise au Tombeau \u00e0 la Cath\u00e9drale de Bruxelles"},"content":{"rendered":"<p style=\"text-align: justify;\">Le Vendredi Saint, 22 avril 2022, apr\u00e8s deux ann\u00e9es de pand\u00e9mie, au cours desquelles il n&#8217;a pas \u00e9t\u00e9 possible pour les fid\u00e8les d&#8217;assister aux Offices de la Semaine Sainte, l&#8217;office de la Mise au Tombeau a \u00e9t\u00e9 c\u00e9l\u00e9br\u00e9 avec toute la solennit\u00e9 et la d\u00e9votion requises dans la Cath\u00e9drale des Saints Archanges Michel et Gabriel de Bruxelles, pr\u00e9sid\u00e9 par Son \u00c9minence le M\u00e9tropolite Ath\u00e9nagoras de Belgique et Exarque des Pays-Bas et du Luxembourg.<\/p>\n<p style=\"text-align: justify;\">Les chants des lamentations \u00bb ont \u00e9t\u00e9 chant\u00e9es par une chorale de femmes et peu apr\u00e8s, a suivi la traditionnelle procession jusqu&#8217;\u00e0 la place adjacente de la Cath\u00e9drale avec la participation des fid\u00e8les, puis le retour \u00e0 l&#8217;\u00c9glise pour la conclusion de l\u2019Office.<\/p>\n<p style=\"text-align: justify;\">Parmi les paroissiens, on notait la pr\u00e9sence Son Excellence l\u2019Ambassadeur de Gr\u00e8ce en Belgique, M. Dionysios Kalamvrezos. A la fin de l&#8217;Office, Son Eminence a remerci\u00e9 l&#8217;Ambassadeur pour sa pr\u00e9sence honorifique et lui a souhait\u00e9 bonne force et beaucoup de succ\u00e8s dans son travail. Il a ensuite invit\u00e9 les fid\u00e8les \u00e0 assister \u00e0 la R\u00e9surrection et \u00e0 la Divine Liturgie de la R\u00e9surrection en prenant part aux Saints Sacrements, la v\u00e9ritable lumi\u00e8re de la R\u00e9surrection.<\/p>\n<p>&nbsp;<\/p>\n<p>[FAGP id=37770]<\/p>\n","protected":false},"excerpt":{"rendered":"<p>Le Vendredi Saint, 22 avril 2022, apr\u00e8s deux ann\u00e9es de pand\u00e9mie, au cours desquelles il n&#8217;a pas \u00e9t\u00e9 possible pour les fid\u00e8les d&#8217;assister aux Offices de la Semaine Sainte, l&#8217;office de la Mise au Tombeau a \u00e9t\u00e9 c\u00e9l\u00e9br\u00e9 avec toute la solennit\u00e9 et la d\u00e9votion requises dans la Cath\u00e9drale des Saints Archanges Michel et Gabriel &hellip; <a href=\"https:\/\/orthodoxia.be\/fr\/2022\/04\/23\/loffice-de-la-mise-au-tombeau-a-la-cathedrale-de-bruxelles\/\">Continued<\/a><\/p>\n","protected":false},"author":12,"featured_media":37775,"comment_status":"closed","ping_status":"open","sticky":false,"template":"","format":"standard","meta":{"_acf_changed":false,"footnotes":""},"categories":[14,16],"tags":[],"class_list":["post-37877","post","type-post","status-publish","format-standard","has-post-thumbnail","hentry","category-actualite","category-communique"],"acf":[],"yoast_head":"<!-- This site is optimized with the Yoast SEO plugin v24.3 - https:\/\/yoast.com\/wordpress\/plugins\/seo\/ -->\n<title>L\u2019Office de la Mise au Tombeau \u00e0 la Cath\u00e9drale de Bruxelles - Archev\u00each\u00e9 Orthodoxe de Belgique<\/title>\n<meta name=\"robots\" content=\"index, follow, max-snippet:-1, max-image-preview:large, max-video-preview:-1\" \/>\n<link rel=\"canonical\" href=\"https:\/\/orthodoxia.be\/2022\/04\/23\/\u03b7-\u03b1\u03ba\u03bf\u03bb\u03bf\u03c5\u03b8\u03af\u03b1-\u03c4\u03bf\u03c5-\u03b5\u03c0\u03b9\u03c4\u03b1\u03c6\u03af\u03bf\u03c5-\u03c3\u03c4\u03bf\u03bd-\u03bc\u03b7\u03c4\u03c1\u03bf\u03c0-2\/\" \/>\n<meta property=\"og:locale\" content=\"fr_FR\" \/>\n<meta property=\"og:type\" content=\"article\" \/>\n<meta property=\"og:title\" content=\"L\u2019Office de la Mise au Tombeau \u00e0 la Cath\u00e9drale de Bruxelles - Archev\u00each\u00e9 Orthodoxe de Belgique\" \/>\n<meta property=\"og:description\" content=\"Le Vendredi Saint, 22 avril 2022, apr\u00e8s deux ann\u00e9es de pand\u00e9mie, au cours desquelles il n&#8217;a pas \u00e9t\u00e9 possible pour les fid\u00e8les d&#8217;assister aux Offices de la Semaine Sainte, l&#8217;office de la Mise au Tombeau a \u00e9t\u00e9 c\u00e9l\u00e9br\u00e9 avec toute la solennit\u00e9 et la d\u00e9votion requises dans la Cath\u00e9drale des Saints Archanges Michel et Gabriel &hellip; Continued\" \/>\n<meta property=\"og:url\" content=\"https:\/\/orthodoxia.be\/2022\/04\/23\/\u03b7-\u03b1\u03ba\u03bf\u03bb\u03bf\u03c5\u03b8\u03af\u03b1-\u03c4\u03bf\u03c5-\u03b5\u03c0\u03b9\u03c4\u03b1\u03c6\u03af\u03bf\u03c5-\u03c3\u03c4\u03bf\u03bd-\u03bc\u03b7\u03c4\u03c1\u03bf\u03c0-2\/\" \/>\n<meta property=\"og:site_name\" content=\"Archev\u00each\u00e9 Orthodoxe de Belgique\" \/>\n<meta property=\"article:publisher\" content=\"https:\/\/www.facebook.com\/orthobel\" \/>\n<meta property=\"article:published_time\" content=\"2022-04-23T16:07:45+00:00\" \/>\n<meta property=\"article:modified_time\" content=\"2022-05-09T09:49:46+00:00\" \/>\n<meta property=\"og:image\" content=\"https:\/\/orthodoxia.be\/wp-content\/uploads\/2022\/04\/52024032685_0cb1a5fdc2_c.jpg\" \/>\n\t<meta property=\"og:image:width\" content=\"800\" \/>\n\t<meta property=\"og:image:height\" content=\"600\" \/>\n\t<meta property=\"og:image:type\" content=\"image\/jpeg\" \/>\n<meta name=\"author\" content=\"\u0391\u03c1\u03c7\u03b5\u03af\u03bf \u03a3\u03c5\u03bd\u03b5\u03c1\u03b3\u03b1\u03c4\u03ce\u03bd\" \/>\n<meta name=\"twitter:card\" content=\"summary_large_image\" \/>\n<meta name=\"twitter:creator\" content=\"@orthobel\" \/>\n<meta name=\"twitter:site\" content=\"@orthobel\" \/>\n<meta name=\"twitter:label1\" content=\"\u00c9crit par\" \/>\n\t<meta name=\"twitter:data1\" content=\"\u0391\u03c1\u03c7\u03b5\u03af\u03bf \u03a3\u03c5\u03bd\u03b5\u03c1\u03b3\u03b1\u03c4\u03ce\u03bd\" \/>\n\t<meta name=\"twitter:label2\" content=\"Dur\u00e9e de lecture est.\" \/>\n\t<meta name=\"twitter:data2\" content=\"1 minute\" \/>\n<script type=\"application\/ld+json\" class=\"yoast-schema-graph\">{\"@context\":\"https:\/\/schema.org\",\"@graph\":[{\"@type\":\"Article\",\"@id\":\"https:\/\/orthodoxia.be\/2022\/04\/23\/%ce%b7-%ce%b1%ce%ba%ce%bf%ce%bb%ce%bf%cf%85%ce%b8%ce%af%ce%b1-%cf%84%ce%bf%cf%85-%ce%b5%cf%80%ce%b9%cf%84%ce%b1%cf%86%ce%af%ce%bf%cf%85-%cf%83%cf%84%ce%bf%ce%bd-%ce%bc%ce%b7%cf%84%cf%81%ce%bf%cf%80-2\/#article\",\"isPartOf\":{\"@id\":\"https:\/\/orthodoxia.be\/2022\/04\/23\/%ce%b7-%ce%b1%ce%ba%ce%bf%ce%bb%ce%bf%cf%85%ce%b8%ce%af%ce%b1-%cf%84%ce%bf%cf%85-%ce%b5%cf%80%ce%b9%cf%84%ce%b1%cf%86%ce%af%ce%bf%cf%85-%cf%83%cf%84%ce%bf%ce%bd-%ce%bc%ce%b7%cf%84%cf%81%ce%bf%cf%80-2\/\"},\"author\":{\"name\":\"\u0391\u03c1\u03c7\u03b5\u03af\u03bf \u03a3\u03c5\u03bd\u03b5\u03c1\u03b3\u03b1\u03c4\u03ce\u03bd\",\"@id\":\"https:\/\/orthodoxia.be\/#\/schema\/person\/4641c70600fbb1aac968996a0ef6d284\"},\"headline\":\"L\u2019Office de la Mise au Tombeau \u00e0 la Cath\u00e9drale de Bruxelles\",\"datePublished\":\"2022-04-23T16:07:45+00:00\",\"dateModified\":\"2022-05-09T09:49:46+00:00\",\"mainEntityOfPage\":{\"@id\":\"https:\/\/orthodoxia.be\/2022\/04\/23\/%ce%b7-%ce%b1%ce%ba%ce%bf%ce%bb%ce%bf%cf%85%ce%b8%ce%af%ce%b1-%cf%84%ce%bf%cf%85-%ce%b5%cf%80%ce%b9%cf%84%ce%b1%cf%86%ce%af%ce%bf%cf%85-%cf%83%cf%84%ce%bf%ce%bd-%ce%bc%ce%b7%cf%84%cf%81%ce%bf%cf%80-2\/\"},\"wordCount\":232,\"publisher\":{\"@id\":\"https:\/\/orthodoxia.be\/#organization\"},\"image\":{\"@id\":\"https:\/\/orthodoxia.be\/2022\/04\/23\/%ce%b7-%ce%b1%ce%ba%ce%bf%ce%bb%ce%bf%cf%85%ce%b8%ce%af%ce%b1-%cf%84%ce%bf%cf%85-%ce%b5%cf%80%ce%b9%cf%84%ce%b1%cf%86%ce%af%ce%bf%cf%85-%cf%83%cf%84%ce%bf%ce%bd-%ce%bc%ce%b7%cf%84%cf%81%ce%bf%cf%80-2\/#primaryimage\"},\"thumbnailUrl\":\"https:\/\/orthodoxia.be\/wp-content\/uploads\/2022\/04\/52024032685_0cb1a5fdc2_c.jpg\",\"articleSection\":[\"Actualit\u00e9\",\"Communiqu\u00e9\"],\"inLanguage\":\"fr-BE\"},{\"@type\":\"WebPage\",\"@id\":\"https:\/\/orthodoxia.be\/2022\/04\/23\/%ce%b7-%ce%b1%ce%ba%ce%bf%ce%bb%ce%bf%cf%85%ce%b8%ce%af%ce%b1-%cf%84%ce%bf%cf%85-%ce%b5%cf%80%ce%b9%cf%84%ce%b1%cf%86%ce%af%ce%bf%cf%85-%cf%83%cf%84%ce%bf%ce%bd-%ce%bc%ce%b7%cf%84%cf%81%ce%bf%cf%80-2\/\",\"url\":\"https:\/\/orthodoxia.be\/2022\/04\/23\/%ce%b7-%ce%b1%ce%ba%ce%bf%ce%bb%ce%bf%cf%85%ce%b8%ce%af%ce%b1-%cf%84%ce%bf%cf%85-%ce%b5%cf%80%ce%b9%cf%84%ce%b1%cf%86%ce%af%ce%bf%cf%85-%cf%83%cf%84%ce%bf%ce%bd-%ce%bc%ce%b7%cf%84%cf%81%ce%bf%cf%80-2\/\",\"name\":\"L\u2019Office de la Mise au Tombeau \u00e0 la Cath\u00e9drale de Bruxelles - Archev\u00each\u00e9 Orthodoxe de Belgique\",\"isPartOf\":{\"@id\":\"https:\/\/orthodoxia.be\/#website\"},\"primaryImageOfPage\":{\"@id\":\"https:\/\/orthodoxia.be\/2022\/04\/23\/%ce%b7-%ce%b1%ce%ba%ce%bf%ce%bb%ce%bf%cf%85%ce%b8%ce%af%ce%b1-%cf%84%ce%bf%cf%85-%ce%b5%cf%80%ce%b9%cf%84%ce%b1%cf%86%ce%af%ce%bf%cf%85-%cf%83%cf%84%ce%bf%ce%bd-%ce%bc%ce%b7%cf%84%cf%81%ce%bf%cf%80-2\/#primaryimage\"},\"image\":{\"@id\":\"https:\/\/orthodoxia.be\/2022\/04\/23\/%ce%b7-%ce%b1%ce%ba%ce%bf%ce%bb%ce%bf%cf%85%ce%b8%ce%af%ce%b1-%cf%84%ce%bf%cf%85-%ce%b5%cf%80%ce%b9%cf%84%ce%b1%cf%86%ce%af%ce%bf%cf%85-%cf%83%cf%84%ce%bf%ce%bd-%ce%bc%ce%b7%cf%84%cf%81%ce%bf%cf%80-2\/#primaryimage\"},\"thumbnailUrl\":\"https:\/\/orthodoxia.be\/wp-content\/uploads\/2022\/04\/52024032685_0cb1a5fdc2_c.jpg\",\"datePublished\":\"2022-04-23T16:07:45+00:00\",\"dateModified\":\"2022-05-09T09:49:46+00:00\",\"breadcrumb\":{\"@id\":\"https:\/\/orthodoxia.be\/2022\/04\/23\/%ce%b7-%ce%b1%ce%ba%ce%bf%ce%bb%ce%bf%cf%85%ce%b8%ce%af%ce%b1-%cf%84%ce%bf%cf%85-%ce%b5%cf%80%ce%b9%cf%84%ce%b1%cf%86%ce%af%ce%bf%cf%85-%cf%83%cf%84%ce%bf%ce%bd-%ce%bc%ce%b7%cf%84%cf%81%ce%bf%cf%80-2\/#breadcrumb\"},\"inLanguage\":\"fr-BE\",\"potentialAction\":[{\"@type\":\"ReadAction\",\"target\":[\"https:\/\/orthodoxia.be\/2022\/04\/23\/%ce%b7-%ce%b1%ce%ba%ce%bf%ce%bb%ce%bf%cf%85%ce%b8%ce%af%ce%b1-%cf%84%ce%bf%cf%85-%ce%b5%cf%80%ce%b9%cf%84%ce%b1%cf%86%ce%af%ce%bf%cf%85-%cf%83%cf%84%ce%bf%ce%bd-%ce%bc%ce%b7%cf%84%cf%81%ce%bf%cf%80-2\/\"]}]},{\"@type\":\"ImageObject\",\"inLanguage\":\"fr-BE\",\"@id\":\"https:\/\/orthodoxia.be\/2022\/04\/23\/%ce%b7-%ce%b1%ce%ba%ce%bf%ce%bb%ce%bf%cf%85%ce%b8%ce%af%ce%b1-%cf%84%ce%bf%cf%85-%ce%b5%cf%80%ce%b9%cf%84%ce%b1%cf%86%ce%af%ce%bf%cf%85-%cf%83%cf%84%ce%bf%ce%bd-%ce%bc%ce%b7%cf%84%cf%81%ce%bf%cf%80-2\/#primaryimage\",\"url\":\"https:\/\/orthodoxia.be\/wp-content\/uploads\/2022\/04\/52024032685_0cb1a5fdc2_c.jpg\",\"contentUrl\":\"https:\/\/orthodoxia.be\/wp-content\/uploads\/2022\/04\/52024032685_0cb1a5fdc2_c.jpg\",\"width\":800,\"height\":600},{\"@type\":\"BreadcrumbList\",\"@id\":\"https:\/\/orthodoxia.be\/2022\/04\/23\/%ce%b7-%ce%b1%ce%ba%ce%bf%ce%bb%ce%bf%cf%85%ce%b8%ce%af%ce%b1-%cf%84%ce%bf%cf%85-%ce%b5%cf%80%ce%b9%cf%84%ce%b1%cf%86%ce%af%ce%bf%cf%85-%cf%83%cf%84%ce%bf%ce%bd-%ce%bc%ce%b7%cf%84%cf%81%ce%bf%cf%80-2\/#breadcrumb\",\"itemListElement\":[{\"@type\":\"ListItem\",\"position\":1,\"name\":\"Home\",\"item\":\"https:\/\/orthodoxia.be\/fr\/\"},{\"@type\":\"ListItem\",\"position\":2,\"name\":\"L\u2019Office de la Mise au Tombeau \u00e0 la Cath\u00e9drale de Bruxelles\"}]},{\"@type\":\"WebSite\",\"@id\":\"https:\/\/orthodoxia.be\/#website\",\"url\":\"https:\/\/orthodoxia.be\/\",\"name\":\"Orthodox Archdiocese of Belgium (Benelux)\",\"description\":\"Exarque des Pays-Bas et du Luxembourg\",\"publisher\":{\"@id\":\"https:\/\/orthodoxia.be\/#organization\"},\"alternateName\":\"IMB\",\"potentialAction\":[{\"@type\":\"SearchAction\",\"target\":{\"@type\":\"EntryPoint\",\"urlTemplate\":\"https:\/\/orthodoxia.be\/?s={search_term_string}\"},\"query-input\":{\"@type\":\"PropertyValueSpecification\",\"valueRequired\":true,\"valueName\":\"search_term_string\"}}],\"inLanguage\":\"fr-BE\"},{\"@type\":\"Organization\",\"@id\":\"https:\/\/orthodoxia.be\/#organization\",\"name\":\"Orthodox Archdiocese of Belgium (Benelux)\",\"url\":\"https:\/\/orthodoxia.be\/\",\"logo\":{\"@type\":\"ImageObject\",\"inLanguage\":\"fr-BE\",\"@id\":\"https:\/\/orthodoxia.be\/#\/schema\/logo\/image\/\",\"url\":\"https:\/\/orthodoxia.be\/wp-content\/uploads\/2024\/02\/cropped-IMB-logo-512-cl-1.png\",\"contentUrl\":\"https:\/\/orthodoxia.be\/wp-content\/uploads\/2024\/02\/cropped-IMB-logo-512-cl-1.png\",\"width\":512,\"height\":512,\"caption\":\"Orthodox Archdiocese of Belgium (Benelux)\"},\"image\":{\"@id\":\"https:\/\/orthodoxia.be\/#\/schema\/logo\/image\/\"},\"sameAs\":[\"https:\/\/www.facebook.com\/orthobel\",\"https:\/\/x.com\/orthobel\",\"https:\/\/www.youtube.com\/c\/orthobel\",\"https:\/\/www.mixcloud.com\/orthobel\/\",\"https:\/\/www.flickr.com\/photos\/148264890@N07\/albums\",\"https:\/\/www.dailymotion.com\/Orthobel\"]},{\"@type\":\"Person\",\"@id\":\"https:\/\/orthodoxia.be\/#\/schema\/person\/4641c70600fbb1aac968996a0ef6d284\",\"name\":\"\u0391\u03c1\u03c7\u03b5\u03af\u03bf \u03a3\u03c5\u03bd\u03b5\u03c1\u03b3\u03b1\u03c4\u03ce\u03bd\",\"image\":{\"@type\":\"ImageObject\",\"inLanguage\":\"fr-BE\",\"@id\":\"https:\/\/orthodoxia.be\/#\/schema\/person\/image\/\",\"url\":\"https:\/\/secure.gravatar.com\/avatar\/0bf791bec6a55758e3ee18a1fc90f09b?s=96&d=mm&r=g\",\"contentUrl\":\"https:\/\/secure.gravatar.com\/avatar\/0bf791bec6a55758e3ee18a1fc90f09b?s=96&d=mm&r=g\",\"caption\":\"\u0391\u03c1\u03c7\u03b5\u03af\u03bf \u03a3\u03c5\u03bd\u03b5\u03c1\u03b3\u03b1\u03c4\u03ce\u03bd\"},\"url\":\"https:\/\/orthodoxia.be\/fr\/author\/archives\/\"}]}<\/script>\n<!-- \/ Yoast SEO plugin. -->","yoast_head_json":{"title":"L\u2019Office de la Mise au Tombeau \u00e0 la Cath\u00e9drale de Bruxelles - Archev\u00each\u00e9 Orthodoxe de Belgique","robots":{"index":"index","follow":"follow","max-snippet":"max-snippet:-1","max-image-preview":"max-image-preview:large","max-video-preview":"max-video-preview:-1"},"canonical":"https:\/\/orthodoxia.be\/2022\/04\/23\/\u03b7-\u03b1\u03ba\u03bf\u03bb\u03bf\u03c5\u03b8\u03af\u03b1-\u03c4\u03bf\u03c5-\u03b5\u03c0\u03b9\u03c4\u03b1\u03c6\u03af\u03bf\u03c5-\u03c3\u03c4\u03bf\u03bd-\u03bc\u03b7\u03c4\u03c1\u03bf\u03c0-2\/","og_locale":"fr_FR","og_type":"article","og_title":"L\u2019Office de la Mise au Tombeau \u00e0 la Cath\u00e9drale de Bruxelles - Archev\u00each\u00e9 Orthodoxe de Belgique","og_description":"Le Vendredi Saint, 22 avril 2022, apr\u00e8s deux ann\u00e9es de pand\u00e9mie, au cours desquelles il n&#8217;a pas \u00e9t\u00e9 possible pour les fid\u00e8les d&#8217;assister aux Offices de la Semaine Sainte, l&#8217;office de la Mise au Tombeau a \u00e9t\u00e9 c\u00e9l\u00e9br\u00e9 avec toute la solennit\u00e9 et la d\u00e9votion requises dans la Cath\u00e9drale des Saints Archanges Michel et Gabriel &hellip; Continued","og_url":"https:\/\/orthodoxia.be\/2022\/04\/23\/\u03b7-\u03b1\u03ba\u03bf\u03bb\u03bf\u03c5\u03b8\u03af\u03b1-\u03c4\u03bf\u03c5-\u03b5\u03c0\u03b9\u03c4\u03b1\u03c6\u03af\u03bf\u03c5-\u03c3\u03c4\u03bf\u03bd-\u03bc\u03b7\u03c4\u03c1\u03bf\u03c0-2\/","og_site_name":"Archev\u00each\u00e9 Orthodoxe de Belgique","article_publisher":"https:\/\/www.facebook.com\/orthobel","article_published_time":"2022-04-23T16:07:45+00:00","article_modified_time":"2022-05-09T09:49:46+00:00","og_image":[{"width":800,"height":600,"url":"https:\/\/orthodoxia.be\/wp-content\/uploads\/2022\/04\/52024032685_0cb1a5fdc2_c.jpg","type":"image\/jpeg"}],"author":"\u0391\u03c1\u03c7\u03b5\u03af\u03bf \u03a3\u03c5\u03bd\u03b5\u03c1\u03b3\u03b1\u03c4\u03ce\u03bd","twitter_card":"summary_large_image","twitter_creator":"@orthobel","twitter_site":"@orthobel","twitter_misc":{"\u00c9crit par":"\u0391\u03c1\u03c7\u03b5\u03af\u03bf \u03a3\u03c5\u03bd\u03b5\u03c1\u03b3\u03b1\u03c4\u03ce\u03bd","Dur\u00e9e de lecture est.":"1 minute"},"schema":{"@context":"https:\/\/schema.org","@graph":[{"@type":"Article","@id":"https:\/\/orthodoxia.be\/2022\/04\/23\/%ce%b7-%ce%b1%ce%ba%ce%bf%ce%bb%ce%bf%cf%85%ce%b8%ce%af%ce%b1-%cf%84%ce%bf%cf%85-%ce%b5%cf%80%ce%b9%cf%84%ce%b1%cf%86%ce%af%ce%bf%cf%85-%cf%83%cf%84%ce%bf%ce%bd-%ce%bc%ce%b7%cf%84%cf%81%ce%bf%cf%80-2\/#article","isPartOf":{"@id":"https:\/\/orthodoxia.be\/2022\/04\/23\/%ce%b7-%ce%b1%ce%ba%ce%bf%ce%bb%ce%bf%cf%85%ce%b8%ce%af%ce%b1-%cf%84%ce%bf%cf%85-%ce%b5%cf%80%ce%b9%cf%84%ce%b1%cf%86%ce%af%ce%bf%cf%85-%cf%83%cf%84%ce%bf%ce%bd-%ce%bc%ce%b7%cf%84%cf%81%ce%bf%cf%80-2\/"},"author":{"name":"\u0391\u03c1\u03c7\u03b5\u03af\u03bf \u03a3\u03c5\u03bd\u03b5\u03c1\u03b3\u03b1\u03c4\u03ce\u03bd","@id":"https:\/\/orthodoxia.be\/#\/schema\/person\/4641c70600fbb1aac968996a0ef6d284"},"headline":"L\u2019Office de la Mise au Tombeau \u00e0 la Cath\u00e9drale de Bruxelles","datePublished":"2022-04-23T16:07:45+00:00","dateModified":"2022-05-09T09:49:46+00:00","mainEntityOfPage":{"@id":"https:\/\/orthodoxia.be\/2022\/04\/23\/%ce%b7-%ce%b1%ce%ba%ce%bf%ce%bb%ce%bf%cf%85%ce%b8%ce%af%ce%b1-%cf%84%ce%bf%cf%85-%ce%b5%cf%80%ce%b9%cf%84%ce%b1%cf%86%ce%af%ce%bf%cf%85-%cf%83%cf%84%ce%bf%ce%bd-%ce%bc%ce%b7%cf%84%cf%81%ce%bf%cf%80-2\/"},"wordCount":232,"publisher":{"@id":"https:\/\/orthodoxia.be\/#organization"},"image":{"@id":"https:\/\/orthodoxia.be\/2022\/04\/23\/%ce%b7-%ce%b1%ce%ba%ce%bf%ce%bb%ce%bf%cf%85%ce%b8%ce%af%ce%b1-%cf%84%ce%bf%cf%85-%ce%b5%cf%80%ce%b9%cf%84%ce%b1%cf%86%ce%af%ce%bf%cf%85-%cf%83%cf%84%ce%bf%ce%bd-%ce%bc%ce%b7%cf%84%cf%81%ce%bf%cf%80-2\/#primaryimage"},"thumbnailUrl":"https:\/\/orthodoxia.be\/wp-content\/uploads\/2022\/04\/52024032685_0cb1a5fdc2_c.jpg","articleSection":["Actualit\u00e9","Communiqu\u00e9"],"inLanguage":"fr-BE"},{"@type":"WebPage","@id":"https:\/\/orthodoxia.be\/2022\/04\/23\/%ce%b7-%ce%b1%ce%ba%ce%bf%ce%bb%ce%bf%cf%85%ce%b8%ce%af%ce%b1-%cf%84%ce%bf%cf%85-%ce%b5%cf%80%ce%b9%cf%84%ce%b1%cf%86%ce%af%ce%bf%cf%85-%cf%83%cf%84%ce%bf%ce%bd-%ce%bc%ce%b7%cf%84%cf%81%ce%bf%cf%80-2\/","url":"https:\/\/orthodoxia.be\/2022\/04\/23\/%ce%b7-%ce%b1%ce%ba%ce%bf%ce%bb%ce%bf%cf%85%ce%b8%ce%af%ce%b1-%cf%84%ce%bf%cf%85-%ce%b5%cf%80%ce%b9%cf%84%ce%b1%cf%86%ce%af%ce%bf%cf%85-%cf%83%cf%84%ce%bf%ce%bd-%ce%bc%ce%b7%cf%84%cf%81%ce%bf%cf%80-2\/","name":"L\u2019Office de la Mise au Tombeau \u00e0 la Cath\u00e9drale de Bruxelles - Archev\u00each\u00e9 Orthodoxe de Belgique","isPartOf":{"@id":"https:\/\/orthodoxia.be\/#website"},"primaryImageOfPage":{"@id":"https:\/\/orthodoxia.be\/2022\/04\/23\/%ce%b7-%ce%b1%ce%ba%ce%bf%ce%bb%ce%bf%cf%85%ce%b8%ce%af%ce%b1-%cf%84%ce%bf%cf%85-%ce%b5%cf%80%ce%b9%cf%84%ce%b1%cf%86%ce%af%ce%bf%cf%85-%cf%83%cf%84%ce%bf%ce%bd-%ce%bc%ce%b7%cf%84%cf%81%ce%bf%cf%80-2\/#primaryimage"},"image":{"@id":"https:\/\/orthodoxia.be\/2022\/04\/23\/%ce%b7-%ce%b1%ce%ba%ce%bf%ce%bb%ce%bf%cf%85%ce%b8%ce%af%ce%b1-%cf%84%ce%bf%cf%85-%ce%b5%cf%80%ce%b9%cf%84%ce%b1%cf%86%ce%af%ce%bf%cf%85-%cf%83%cf%84%ce%bf%ce%bd-%ce%bc%ce%b7%cf%84%cf%81%ce%bf%cf%80-2\/#primaryimage"},"thumbnailUrl":"https:\/\/orthodoxia.be\/wp-content\/uploads\/2022\/04\/52024032685_0cb1a5fdc2_c.jpg","datePublished":"2022-04-23T16:07:45+00:00","dateModified":"2022-05-09T09:49:46+00:00","breadcrumb":{"@id":"https:\/\/orthodoxia.be\/2022\/04\/23\/%ce%b7-%ce%b1%ce%ba%ce%bf%ce%bb%ce%bf%cf%85%ce%b8%ce%af%ce%b1-%cf%84%ce%bf%cf%85-%ce%b5%cf%80%ce%b9%cf%84%ce%b1%cf%86%ce%af%ce%bf%cf%85-%cf%83%cf%84%ce%bf%ce%bd-%ce%bc%ce%b7%cf%84%cf%81%ce%bf%cf%80-2\/#breadcrumb"},"inLanguage":"fr-BE","potentialAction":[{"@type":"ReadAction","target":["https:\/\/orthodoxia.be\/2022\/04\/23\/%ce%b7-%ce%b1%ce%ba%ce%bf%ce%bb%ce%bf%cf%85%ce%b8%ce%af%ce%b1-%cf%84%ce%bf%cf%85-%ce%b5%cf%80%ce%b9%cf%84%ce%b1%cf%86%ce%af%ce%bf%cf%85-%cf%83%cf%84%ce%bf%ce%bd-%ce%bc%ce%b7%cf%84%cf%81%ce%bf%cf%80-2\/"]}]},{"@type":"ImageObject","inLanguage":"fr-BE","@id":"https:\/\/orthodoxia.be\/2022\/04\/23\/%ce%b7-%ce%b1%ce%ba%ce%bf%ce%bb%ce%bf%cf%85%ce%b8%ce%af%ce%b1-%cf%84%ce%bf%cf%85-%ce%b5%cf%80%ce%b9%cf%84%ce%b1%cf%86%ce%af%ce%bf%cf%85-%cf%83%cf%84%ce%bf%ce%bd-%ce%bc%ce%b7%cf%84%cf%81%ce%bf%cf%80-2\/#primaryimage","url":"https:\/\/orthodoxia.be\/wp-content\/uploads\/2022\/04\/52024032685_0cb1a5fdc2_c.jpg","contentUrl":"https:\/\/orthodoxia.be\/wp-content\/uploads\/2022\/04\/52024032685_0cb1a5fdc2_c.jpg","width":800,"height":600},{"@type":"BreadcrumbList","@id":"https:\/\/orthodoxia.be\/2022\/04\/23\/%ce%b7-%ce%b1%ce%ba%ce%bf%ce%bb%ce%bf%cf%85%ce%b8%ce%af%ce%b1-%cf%84%ce%bf%cf%85-%ce%b5%cf%80%ce%b9%cf%84%ce%b1%cf%86%ce%af%ce%bf%cf%85-%cf%83%cf%84%ce%bf%ce%bd-%ce%bc%ce%b7%cf%84%cf%81%ce%bf%cf%80-2\/#breadcrumb","itemListElement":[{"@type":"ListItem","position":1,"name":"Home","item":"https:\/\/orthodoxia.be\/fr\/"},{"@type":"ListItem","position":2,"name":"L\u2019Office de la Mise au Tombeau \u00e0 la Cath\u00e9drale de Bruxelles"}]},{"@type":"WebSite","@id":"https:\/\/orthodoxia.be\/#website","url":"https:\/\/orthodoxia.be\/","name":"Orthodox Archdiocese of Belgium (Benelux)","description":"Exarque des Pays-Bas et du Luxembourg","publisher":{"@id":"https:\/\/orthodoxia.be\/#organization"},"alternateName":"IMB","potentialAction":[{"@type":"SearchAction","target":{"@type":"EntryPoint","urlTemplate":"https:\/\/orthodoxia.be\/?s={search_term_string}"},"query-input":{"@type":"PropertyValueSpecification","valueRequired":true,"valueName":"search_term_string"}}],"inLanguage":"fr-BE"},{"@type":"Organization","@id":"https:\/\/orthodoxia.be\/#organization","name":"Orthodox Archdiocese of Belgium (Benelux)","url":"https:\/\/orthodoxia.be\/","logo":{"@type":"ImageObject","inLanguage":"fr-BE","@id":"https:\/\/orthodoxia.be\/#\/schema\/logo\/image\/","url":"https:\/\/orthodoxia.be\/wp-content\/uploads\/2024\/02\/cropped-IMB-logo-512-cl-1.png","contentUrl":"https:\/\/orthodoxia.be\/wp-content\/uploads\/2024\/02\/cropped-IMB-logo-512-cl-1.png","width":512,"height":512,"caption":"Orthodox Archdiocese of Belgium (Benelux)"},"image":{"@id":"https:\/\/orthodoxia.be\/#\/schema\/logo\/image\/"},"sameAs":["https:\/\/www.facebook.com\/orthobel","https:\/\/x.com\/orthobel","https:\/\/www.youtube.com\/c\/orthobel","https:\/\/www.mixcloud.com\/orthobel\/","https:\/\/www.flickr.com\/photos\/148264890@N07\/albums","https:\/\/www.dailymotion.com\/Orthobel"]},{"@type":"Person","@id":"https:\/\/orthodoxia.be\/#\/schema\/person\/4641c70600fbb1aac968996a0ef6d284","name":"\u0391\u03c1\u03c7\u03b5\u03af\u03bf \u03a3\u03c5\u03bd\u03b5\u03c1\u03b3\u03b1\u03c4\u03ce\u03bd","image":{"@type":"ImageObject","inLanguage":"fr-BE","@id":"https:\/\/orthodoxia.be\/#\/schema\/person\/image\/","url":"https:\/\/secure.gravatar.com\/avatar\/0bf791bec6a55758e3ee18a1fc90f09b?s=96&d=mm&r=g","contentUrl":"https:\/\/secure.gravatar.com\/avatar\/0bf791bec6a55758e3ee18a1fc90f09b?s=96&d=mm&r=g","caption":"\u0391\u03c1\u03c7\u03b5\u03af\u03bf \u03a3\u03c5\u03bd\u03b5\u03c1\u03b3\u03b1\u03c4\u03ce\u03bd"},"url":"https:\/\/orthodoxia.be\/fr\/author\/archives\/"}]}},"_links":{"self":[{"href":"https:\/\/orthodoxia.be\/fr\/wp-json\/wp\/v2\/posts\/37877","targetHints":{"allow":["GET"]}}],"collection":[{"href":"https:\/\/orthodoxia.be\/fr\/wp-json\/wp\/v2\/posts"}],"about":[{"href":"https:\/\/orthodoxia.be\/fr\/wp-json\/wp\/v2\/types\/post"}],"author":[{"embeddable":true,"href":"https:\/\/orthodoxia.be\/fr\/wp-json\/wp\/v2\/users\/12"}],"replies":[{"embeddable":true,"href":"https:\/\/orthodoxia.be\/fr\/wp-json\/wp\/v2\/comments?post=37877"}],"version-history":[{"count":2,"href":"https:\/\/orthodoxia.be\/fr\/wp-json\/wp\/v2\/posts\/37877\/revisions"}],"predecessor-version":[{"id":37879,"href":"https:\/\/orthodoxia.be\/fr\/wp-json\/wp\/v2\/posts\/37877\/revisions\/37879"}],"wp:featuredmedia":[{"embeddable":true,"href":"https:\/\/orthodoxia.be\/fr\/wp-json\/wp\/v2\/media\/37775"}],"wp:attachment":[{"href":"https:\/\/orthodoxia.be\/fr\/wp-json\/wp\/v2\/media?parent=37877"}],"wp:term":[{"taxonomy":"category","embeddable":true,"href":"https:\/\/orthodoxia.be\/fr\/wp-json\/wp\/v2\/categories?post=37877"},{"taxonomy":"post_tag","embeddable":true,"href":"https:\/\/orthodoxia.be\/fr\/wp-json\/wp\/v2\/tags?post=37877"}],"curies":[{"name":"wp","href":"https:\/\/api.w.org\/{rel}","templated":true}]}}