{"id":37881,"date":"2022-05-09T15:46:58","date_gmt":"2022-05-09T13:46:58","guid":{"rendered":"http:\/\/orthodoxia.be\/?p=37881"},"modified":"2022-05-09T15:47:41","modified_gmt":"2022-05-09T13:47:41","slug":"reprogrammation-du-weekend-de-la-job","status":"publish","type":"post","link":"https:\/\/orthodoxia.be\/fr\/2022\/05\/09\/reprogrammation-du-weekend-de-la-job\/","title":{"rendered":"Reprogrammation du weekend de la JOB"},"content":{"rendered":"<p>Le Christ est ressuscit\u00e9!<\/p>\n<p>A cause des circonstances difficiles li\u00e9es \u00e0 l\u2019organisation des \u00e9v\u00e9nements dans la p\u00e9riode post-pand\u00e9mique nous sommes contraints de reprogrammer la Journ\u00e9e de Rencontre et Convivialit\u00e9 entre les jeunes et le clerg\u00e9 de l\u2019Archev\u00each\u00e9 Orthodoxe de Belgique et Exarchat des Pays-Bas et du Luxembourg. Le week-end annuel de la Jeunesse Orthodoxe du Benelux va avoir lieu entre le 14 et le 16 octobre 2022 \u00e0 Sint-Joris-Weert (Belgique) et le comit\u00e9 d\u2019organisation travaille dur pour sa bonne r\u00e9ussite! Que la Sainte R\u00e9surrection que nous avons pu c\u00e9l\u00e9brer cette ann\u00e9e nous soit \u00e0 tous une source de joie, immortalit\u00e9 et courage de poursuivre notre chemin vers le Royaume!<\/p>\n","protected":false},"excerpt":{"rendered":"<p>Le Christ est ressuscit\u00e9! A cause des circonstances difficiles li\u00e9es \u00e0 l\u2019organisation des \u00e9v\u00e9nements dans la p\u00e9riode post-pand\u00e9mique nous sommes contraints de reprogrammer la Journ\u00e9e de Rencontre et Convivialit\u00e9 entre les jeunes et le clerg\u00e9 de l\u2019Archev\u00each\u00e9 Orthodoxe de Belgique et Exarchat des Pays-Bas et du Luxembourg. Le week-end annuel de la Jeunesse Orthodoxe du &hellip; <a href=\"https:\/\/orthodoxia.be\/fr\/2022\/05\/09\/reprogrammation-du-weekend-de-la-job\/\">Continued<\/a><\/p>\n","protected":false},"author":12,"featured_media":20142,"comment_status":"closed","ping_status":"open","sticky":false,"template":"","format":"standard","meta":{"_acf_changed":false,"footnotes":""},"categories":[14,16],"tags":[468],"class_list":["post-37881","post","type-post","status-publish","format-standard","has-post-thumbnail","hentry","category-actualite","category-communique","tag-job"],"acf":[],"yoast_head":"<!-- This site is optimized with the Yoast SEO plugin v24.3 - https:\/\/yoast.com\/wordpress\/plugins\/seo\/ -->\n<title>Reprogrammation du weekend de la JOB - Archev\u00each\u00e9 Orthodoxe de Belgique<\/title>\n<meta name=\"robots\" content=\"index, follow, max-snippet:-1, max-image-preview:large, max-video-preview:-1\" \/>\n<link rel=\"canonical\" href=\"https:\/\/orthodoxia.be\/2022\/05\/09\/\u03b5\u03c0\u03b1\u03bd\u03b1\u03c0\u03c1\u03bf\u03b3\u03c1\u03b1\u03bc\u03bc\u03b1\u03c4\u03b9\u03c3\u03bc\u03cc\u03c2-\u03c4\u03bf\u03c5-\u03b4\u03b9\u03b7\u03bc\u03ad\u03c1\u03bf\u03c5-\u03c4\/\" \/>\n<meta property=\"og:locale\" content=\"fr_FR\" \/>\n<meta property=\"og:type\" content=\"article\" \/>\n<meta property=\"og:title\" content=\"Reprogrammation du weekend de la JOB - Archev\u00each\u00e9 Orthodoxe de Belgique\" \/>\n<meta property=\"og:description\" content=\"Le Christ est ressuscit\u00e9! A cause des circonstances difficiles li\u00e9es \u00e0 l\u2019organisation des \u00e9v\u00e9nements dans la p\u00e9riode post-pand\u00e9mique nous sommes contraints de reprogrammer la Journ\u00e9e de Rencontre et Convivialit\u00e9 entre les jeunes et le clerg\u00e9 de l\u2019Archev\u00each\u00e9 Orthodoxe de Belgique et Exarchat des Pays-Bas et du Luxembourg. Le week-end annuel de la Jeunesse Orthodoxe du &hellip; Continued\" \/>\n<meta property=\"og:url\" content=\"https:\/\/orthodoxia.be\/2022\/05\/09\/\u03b5\u03c0\u03b1\u03bd\u03b1\u03c0\u03c1\u03bf\u03b3\u03c1\u03b1\u03bc\u03bc\u03b1\u03c4\u03b9\u03c3\u03bc\u03cc\u03c2-\u03c4\u03bf\u03c5-\u03b4\u03b9\u03b7\u03bc\u03ad\u03c1\u03bf\u03c5-\u03c4\/\" \/>\n<meta property=\"og:site_name\" content=\"Archev\u00each\u00e9 Orthodoxe de Belgique\" \/>\n<meta property=\"article:publisher\" content=\"https:\/\/www.facebook.com\/orthobel\" \/>\n<meta property=\"article:published_time\" content=\"2022-05-09T13:46:58+00:00\" \/>\n<meta property=\"article:modified_time\" content=\"2022-05-09T13:47:41+00:00\" \/>\n<meta property=\"og:image\" content=\"https:\/\/orthodoxia.be\/wp-content\/uploads\/2019\/11\/7.jpg\" \/>\n\t<meta property=\"og:image:width\" content=\"1183\" \/>\n\t<meta property=\"og:image:height\" content=\"783\" \/>\n\t<meta property=\"og:image:type\" content=\"image\/jpeg\" \/>\n<meta name=\"author\" content=\"\u0391\u03c1\u03c7\u03b5\u03af\u03bf \u03a3\u03c5\u03bd\u03b5\u03c1\u03b3\u03b1\u03c4\u03ce\u03bd\" \/>\n<meta name=\"twitter:card\" content=\"summary_large_image\" \/>\n<meta name=\"twitter:creator\" content=\"@orthobel\" \/>\n<meta name=\"twitter:site\" content=\"@orthobel\" \/>\n<meta name=\"twitter:label1\" content=\"\u00c9crit par\" \/>\n\t<meta name=\"twitter:data1\" content=\"\u0391\u03c1\u03c7\u03b5\u03af\u03bf \u03a3\u03c5\u03bd\u03b5\u03c1\u03b3\u03b1\u03c4\u03ce\u03bd\" \/>\n\t<meta name=\"twitter:label2\" content=\"Dur\u00e9e de lecture est.\" \/>\n\t<meta name=\"twitter:data2\" content=\"1 minute\" \/>\n<script type=\"application\/ld+json\" class=\"yoast-schema-graph\">{\"@context\":\"https:\/\/schema.org\",\"@graph\":[{\"@type\":\"Article\",\"@id\":\"https:\/\/orthodoxia.be\/2022\/05\/09\/%ce%b5%cf%80%ce%b1%ce%bd%ce%b1%cf%80%cf%81%ce%bf%ce%b3%cf%81%ce%b1%ce%bc%ce%bc%ce%b1%cf%84%ce%b9%cf%83%ce%bc%cf%8c%cf%82-%cf%84%ce%bf%cf%85-%ce%b4%ce%b9%ce%b7%ce%bc%ce%ad%cf%81%ce%bf%cf%85-%cf%84\/#article\",\"isPartOf\":{\"@id\":\"https:\/\/orthodoxia.be\/2022\/05\/09\/%ce%b5%cf%80%ce%b1%ce%bd%ce%b1%cf%80%cf%81%ce%bf%ce%b3%cf%81%ce%b1%ce%bc%ce%bc%ce%b1%cf%84%ce%b9%cf%83%ce%bc%cf%8c%cf%82-%cf%84%ce%bf%cf%85-%ce%b4%ce%b9%ce%b7%ce%bc%ce%ad%cf%81%ce%bf%cf%85-%cf%84\/\"},\"author\":{\"name\":\"\u0391\u03c1\u03c7\u03b5\u03af\u03bf \u03a3\u03c5\u03bd\u03b5\u03c1\u03b3\u03b1\u03c4\u03ce\u03bd\",\"@id\":\"https:\/\/orthodoxia.be\/#\/schema\/person\/4641c70600fbb1aac968996a0ef6d284\"},\"headline\":\"Reprogrammation du weekend de la JOB\",\"datePublished\":\"2022-05-09T13:46:58+00:00\",\"dateModified\":\"2022-05-09T13:47:41+00:00\",\"mainEntityOfPage\":{\"@id\":\"https:\/\/orthodoxia.be\/2022\/05\/09\/%ce%b5%cf%80%ce%b1%ce%bd%ce%b1%cf%80%cf%81%ce%bf%ce%b3%cf%81%ce%b1%ce%bc%ce%bc%ce%b1%cf%84%ce%b9%cf%83%ce%bc%cf%8c%cf%82-%cf%84%ce%bf%cf%85-%ce%b4%ce%b9%ce%b7%ce%bc%ce%ad%cf%81%ce%bf%cf%85-%cf%84\/\"},\"wordCount\":123,\"publisher\":{\"@id\":\"https:\/\/orthodoxia.be\/#organization\"},\"image\":{\"@id\":\"https:\/\/orthodoxia.be\/2022\/05\/09\/%ce%b5%cf%80%ce%b1%ce%bd%ce%b1%cf%80%cf%81%ce%bf%ce%b3%cf%81%ce%b1%ce%bc%ce%bc%ce%b1%cf%84%ce%b9%cf%83%ce%bc%cf%8c%cf%82-%cf%84%ce%bf%cf%85-%ce%b4%ce%b9%ce%b7%ce%bc%ce%ad%cf%81%ce%bf%cf%85-%cf%84\/#primaryimage\"},\"thumbnailUrl\":\"https:\/\/orthodoxia.be\/wp-content\/uploads\/2019\/11\/7.jpg\",\"keywords\":[\"JOB\"],\"articleSection\":[\"Actualit\u00e9\",\"Communiqu\u00e9\"],\"inLanguage\":\"fr-BE\"},{\"@type\":\"WebPage\",\"@id\":\"https:\/\/orthodoxia.be\/2022\/05\/09\/%ce%b5%cf%80%ce%b1%ce%bd%ce%b1%cf%80%cf%81%ce%bf%ce%b3%cf%81%ce%b1%ce%bc%ce%bc%ce%b1%cf%84%ce%b9%cf%83%ce%bc%cf%8c%cf%82-%cf%84%ce%bf%cf%85-%ce%b4%ce%b9%ce%b7%ce%bc%ce%ad%cf%81%ce%bf%cf%85-%cf%84\/\",\"url\":\"https:\/\/orthodoxia.be\/2022\/05\/09\/%ce%b5%cf%80%ce%b1%ce%bd%ce%b1%cf%80%cf%81%ce%bf%ce%b3%cf%81%ce%b1%ce%bc%ce%bc%ce%b1%cf%84%ce%b9%cf%83%ce%bc%cf%8c%cf%82-%cf%84%ce%bf%cf%85-%ce%b4%ce%b9%ce%b7%ce%bc%ce%ad%cf%81%ce%bf%cf%85-%cf%84\/\",\"name\":\"Reprogrammation du weekend de la JOB - Archev\u00each\u00e9 Orthodoxe de Belgique\",\"isPartOf\":{\"@id\":\"https:\/\/orthodoxia.be\/#website\"},\"primaryImageOfPage\":{\"@id\":\"https:\/\/orthodoxia.be\/2022\/05\/09\/%ce%b5%cf%80%ce%b1%ce%bd%ce%b1%cf%80%cf%81%ce%bf%ce%b3%cf%81%ce%b1%ce%bc%ce%bc%ce%b1%cf%84%ce%b9%cf%83%ce%bc%cf%8c%cf%82-%cf%84%ce%bf%cf%85-%ce%b4%ce%b9%ce%b7%ce%bc%ce%ad%cf%81%ce%bf%cf%85-%cf%84\/#primaryimage\"},\"image\":{\"@id\":\"https:\/\/orthodoxia.be\/2022\/05\/09\/%ce%b5%cf%80%ce%b1%ce%bd%ce%b1%cf%80%cf%81%ce%bf%ce%b3%cf%81%ce%b1%ce%bc%ce%bc%ce%b1%cf%84%ce%b9%cf%83%ce%bc%cf%8c%cf%82-%cf%84%ce%bf%cf%85-%ce%b4%ce%b9%ce%b7%ce%bc%ce%ad%cf%81%ce%bf%cf%85-%cf%84\/#primaryimage\"},\"thumbnailUrl\":\"https:\/\/orthodoxia.be\/wp-content\/uploads\/2019\/11\/7.jpg\",\"datePublished\":\"2022-05-09T13:46:58+00:00\",\"dateModified\":\"2022-05-09T13:47:41+00:00\",\"breadcrumb\":{\"@id\":\"https:\/\/orthodoxia.be\/2022\/05\/09\/%ce%b5%cf%80%ce%b1%ce%bd%ce%b1%cf%80%cf%81%ce%bf%ce%b3%cf%81%ce%b1%ce%bc%ce%bc%ce%b1%cf%84%ce%b9%cf%83%ce%bc%cf%8c%cf%82-%cf%84%ce%bf%cf%85-%ce%b4%ce%b9%ce%b7%ce%bc%ce%ad%cf%81%ce%bf%cf%85-%cf%84\/#breadcrumb\"},\"inLanguage\":\"fr-BE\",\"potentialAction\":[{\"@type\":\"ReadAction\",\"target\":[\"https:\/\/orthodoxia.be\/2022\/05\/09\/%ce%b5%cf%80%ce%b1%ce%bd%ce%b1%cf%80%cf%81%ce%bf%ce%b3%cf%81%ce%b1%ce%bc%ce%bc%ce%b1%cf%84%ce%b9%cf%83%ce%bc%cf%8c%cf%82-%cf%84%ce%bf%cf%85-%ce%b4%ce%b9%ce%b7%ce%bc%ce%ad%cf%81%ce%bf%cf%85-%cf%84\/\"]}]},{\"@type\":\"ImageObject\",\"inLanguage\":\"fr-BE\",\"@id\":\"https:\/\/orthodoxia.be\/2022\/05\/09\/%ce%b5%cf%80%ce%b1%ce%bd%ce%b1%cf%80%cf%81%ce%bf%ce%b3%cf%81%ce%b1%ce%bc%ce%bc%ce%b1%cf%84%ce%b9%cf%83%ce%bc%cf%8c%cf%82-%cf%84%ce%bf%cf%85-%ce%b4%ce%b9%ce%b7%ce%bc%ce%ad%cf%81%ce%bf%cf%85-%cf%84\/#primaryimage\",\"url\":\"https:\/\/orthodoxia.be\/wp-content\/uploads\/2019\/11\/7.jpg\",\"contentUrl\":\"https:\/\/orthodoxia.be\/wp-content\/uploads\/2019\/11\/7.jpg\",\"width\":1183,\"height\":783},{\"@type\":\"BreadcrumbList\",\"@id\":\"https:\/\/orthodoxia.be\/2022\/05\/09\/%ce%b5%cf%80%ce%b1%ce%bd%ce%b1%cf%80%cf%81%ce%bf%ce%b3%cf%81%ce%b1%ce%bc%ce%bc%ce%b1%cf%84%ce%b9%cf%83%ce%bc%cf%8c%cf%82-%cf%84%ce%bf%cf%85-%ce%b4%ce%b9%ce%b7%ce%bc%ce%ad%cf%81%ce%bf%cf%85-%cf%84\/#breadcrumb\",\"itemListElement\":[{\"@type\":\"ListItem\",\"position\":1,\"name\":\"Home\",\"item\":\"https:\/\/orthodoxia.be\/fr\/\"},{\"@type\":\"ListItem\",\"position\":2,\"name\":\"Reprogrammation du weekend de la JOB\"}]},{\"@type\":\"WebSite\",\"@id\":\"https:\/\/orthodoxia.be\/#website\",\"url\":\"https:\/\/orthodoxia.be\/\",\"name\":\"Orthodox Archdiocese of Belgium (Benelux)\",\"description\":\"Exarque des Pays-Bas et du Luxembourg\",\"publisher\":{\"@id\":\"https:\/\/orthodoxia.be\/#organization\"},\"alternateName\":\"IMB\",\"potentialAction\":[{\"@type\":\"SearchAction\",\"target\":{\"@type\":\"EntryPoint\",\"urlTemplate\":\"https:\/\/orthodoxia.be\/?s={search_term_string}\"},\"query-input\":{\"@type\":\"PropertyValueSpecification\",\"valueRequired\":true,\"valueName\":\"search_term_string\"}}],\"inLanguage\":\"fr-BE\"},{\"@type\":\"Organization\",\"@id\":\"https:\/\/orthodoxia.be\/#organization\",\"name\":\"Orthodox Archdiocese of Belgium (Benelux)\",\"url\":\"https:\/\/orthodoxia.be\/\",\"logo\":{\"@type\":\"ImageObject\",\"inLanguage\":\"fr-BE\",\"@id\":\"https:\/\/orthodoxia.be\/#\/schema\/logo\/image\/\",\"url\":\"https:\/\/orthodoxia.be\/wp-content\/uploads\/2024\/02\/cropped-IMB-logo-512-cl-1.png\",\"contentUrl\":\"https:\/\/orthodoxia.be\/wp-content\/uploads\/2024\/02\/cropped-IMB-logo-512-cl-1.png\",\"width\":512,\"height\":512,\"caption\":\"Orthodox Archdiocese of Belgium (Benelux)\"},\"image\":{\"@id\":\"https:\/\/orthodoxia.be\/#\/schema\/logo\/image\/\"},\"sameAs\":[\"https:\/\/www.facebook.com\/orthobel\",\"https:\/\/x.com\/orthobel\",\"https:\/\/www.youtube.com\/c\/orthobel\",\"https:\/\/www.mixcloud.com\/orthobel\/\",\"https:\/\/www.flickr.com\/photos\/148264890@N07\/albums\",\"https:\/\/www.dailymotion.com\/Orthobel\"]},{\"@type\":\"Person\",\"@id\":\"https:\/\/orthodoxia.be\/#\/schema\/person\/4641c70600fbb1aac968996a0ef6d284\",\"name\":\"\u0391\u03c1\u03c7\u03b5\u03af\u03bf \u03a3\u03c5\u03bd\u03b5\u03c1\u03b3\u03b1\u03c4\u03ce\u03bd\",\"image\":{\"@type\":\"ImageObject\",\"inLanguage\":\"fr-BE\",\"@id\":\"https:\/\/orthodoxia.be\/#\/schema\/person\/image\/\",\"url\":\"https:\/\/secure.gravatar.com\/avatar\/0bf791bec6a55758e3ee18a1fc90f09b?s=96&d=mm&r=g\",\"contentUrl\":\"https:\/\/secure.gravatar.com\/avatar\/0bf791bec6a55758e3ee18a1fc90f09b?s=96&d=mm&r=g\",\"caption\":\"\u0391\u03c1\u03c7\u03b5\u03af\u03bf \u03a3\u03c5\u03bd\u03b5\u03c1\u03b3\u03b1\u03c4\u03ce\u03bd\"},\"url\":\"https:\/\/orthodoxia.be\/fr\/author\/archives\/\"}]}<\/script>\n<!-- \/ Yoast SEO plugin. -->","yoast_head_json":{"title":"Reprogrammation du weekend de la JOB - Archev\u00each\u00e9 Orthodoxe de Belgique","robots":{"index":"index","follow":"follow","max-snippet":"max-snippet:-1","max-image-preview":"max-image-preview:large","max-video-preview":"max-video-preview:-1"},"canonical":"https:\/\/orthodoxia.be\/2022\/05\/09\/\u03b5\u03c0\u03b1\u03bd\u03b1\u03c0\u03c1\u03bf\u03b3\u03c1\u03b1\u03bc\u03bc\u03b1\u03c4\u03b9\u03c3\u03bc\u03cc\u03c2-\u03c4\u03bf\u03c5-\u03b4\u03b9\u03b7\u03bc\u03ad\u03c1\u03bf\u03c5-\u03c4\/","og_locale":"fr_FR","og_type":"article","og_title":"Reprogrammation du weekend de la JOB - Archev\u00each\u00e9 Orthodoxe de Belgique","og_description":"Le Christ est ressuscit\u00e9! A cause des circonstances difficiles li\u00e9es \u00e0 l\u2019organisation des \u00e9v\u00e9nements dans la p\u00e9riode post-pand\u00e9mique nous sommes contraints de reprogrammer la Journ\u00e9e de Rencontre et Convivialit\u00e9 entre les jeunes et le clerg\u00e9 de l\u2019Archev\u00each\u00e9 Orthodoxe de Belgique et Exarchat des Pays-Bas et du Luxembourg. Le week-end annuel de la Jeunesse Orthodoxe du &hellip; Continued","og_url":"https:\/\/orthodoxia.be\/2022\/05\/09\/\u03b5\u03c0\u03b1\u03bd\u03b1\u03c0\u03c1\u03bf\u03b3\u03c1\u03b1\u03bc\u03bc\u03b1\u03c4\u03b9\u03c3\u03bc\u03cc\u03c2-\u03c4\u03bf\u03c5-\u03b4\u03b9\u03b7\u03bc\u03ad\u03c1\u03bf\u03c5-\u03c4\/","og_site_name":"Archev\u00each\u00e9 Orthodoxe de Belgique","article_publisher":"https:\/\/www.facebook.com\/orthobel","article_published_time":"2022-05-09T13:46:58+00:00","article_modified_time":"2022-05-09T13:47:41+00:00","og_image":[{"width":1183,"height":783,"url":"https:\/\/orthodoxia.be\/wp-content\/uploads\/2019\/11\/7.jpg","type":"image\/jpeg"}],"author":"\u0391\u03c1\u03c7\u03b5\u03af\u03bf \u03a3\u03c5\u03bd\u03b5\u03c1\u03b3\u03b1\u03c4\u03ce\u03bd","twitter_card":"summary_large_image","twitter_creator":"@orthobel","twitter_site":"@orthobel","twitter_misc":{"\u00c9crit par":"\u0391\u03c1\u03c7\u03b5\u03af\u03bf \u03a3\u03c5\u03bd\u03b5\u03c1\u03b3\u03b1\u03c4\u03ce\u03bd","Dur\u00e9e de lecture est.":"1 minute"},"schema":{"@context":"https:\/\/schema.org","@graph":[{"@type":"Article","@id":"https:\/\/orthodoxia.be\/2022\/05\/09\/%ce%b5%cf%80%ce%b1%ce%bd%ce%b1%cf%80%cf%81%ce%bf%ce%b3%cf%81%ce%b1%ce%bc%ce%bc%ce%b1%cf%84%ce%b9%cf%83%ce%bc%cf%8c%cf%82-%cf%84%ce%bf%cf%85-%ce%b4%ce%b9%ce%b7%ce%bc%ce%ad%cf%81%ce%bf%cf%85-%cf%84\/#article","isPartOf":{"@id":"https:\/\/orthodoxia.be\/2022\/05\/09\/%ce%b5%cf%80%ce%b1%ce%bd%ce%b1%cf%80%cf%81%ce%bf%ce%b3%cf%81%ce%b1%ce%bc%ce%bc%ce%b1%cf%84%ce%b9%cf%83%ce%bc%cf%8c%cf%82-%cf%84%ce%bf%cf%85-%ce%b4%ce%b9%ce%b7%ce%bc%ce%ad%cf%81%ce%bf%cf%85-%cf%84\/"},"author":{"name":"\u0391\u03c1\u03c7\u03b5\u03af\u03bf \u03a3\u03c5\u03bd\u03b5\u03c1\u03b3\u03b1\u03c4\u03ce\u03bd","@id":"https:\/\/orthodoxia.be\/#\/schema\/person\/4641c70600fbb1aac968996a0ef6d284"},"headline":"Reprogrammation du weekend de la JOB","datePublished":"2022-05-09T13:46:58+00:00","dateModified":"2022-05-09T13:47:41+00:00","mainEntityOfPage":{"@id":"https:\/\/orthodoxia.be\/2022\/05\/09\/%ce%b5%cf%80%ce%b1%ce%bd%ce%b1%cf%80%cf%81%ce%bf%ce%b3%cf%81%ce%b1%ce%bc%ce%bc%ce%b1%cf%84%ce%b9%cf%83%ce%bc%cf%8c%cf%82-%cf%84%ce%bf%cf%85-%ce%b4%ce%b9%ce%b7%ce%bc%ce%ad%cf%81%ce%bf%cf%85-%cf%84\/"},"wordCount":123,"publisher":{"@id":"https:\/\/orthodoxia.be\/#organization"},"image":{"@id":"https:\/\/orthodoxia.be\/2022\/05\/09\/%ce%b5%cf%80%ce%b1%ce%bd%ce%b1%cf%80%cf%81%ce%bf%ce%b3%cf%81%ce%b1%ce%bc%ce%bc%ce%b1%cf%84%ce%b9%cf%83%ce%bc%cf%8c%cf%82-%cf%84%ce%bf%cf%85-%ce%b4%ce%b9%ce%b7%ce%bc%ce%ad%cf%81%ce%bf%cf%85-%cf%84\/#primaryimage"},"thumbnailUrl":"https:\/\/orthodoxia.be\/wp-content\/uploads\/2019\/11\/7.jpg","keywords":["JOB"],"articleSection":["Actualit\u00e9","Communiqu\u00e9"],"inLanguage":"fr-BE"},{"@type":"WebPage","@id":"https:\/\/orthodoxia.be\/2022\/05\/09\/%ce%b5%cf%80%ce%b1%ce%bd%ce%b1%cf%80%cf%81%ce%bf%ce%b3%cf%81%ce%b1%ce%bc%ce%bc%ce%b1%cf%84%ce%b9%cf%83%ce%bc%cf%8c%cf%82-%cf%84%ce%bf%cf%85-%ce%b4%ce%b9%ce%b7%ce%bc%ce%ad%cf%81%ce%bf%cf%85-%cf%84\/","url":"https:\/\/orthodoxia.be\/2022\/05\/09\/%ce%b5%cf%80%ce%b1%ce%bd%ce%b1%cf%80%cf%81%ce%bf%ce%b3%cf%81%ce%b1%ce%bc%ce%bc%ce%b1%cf%84%ce%b9%cf%83%ce%bc%cf%8c%cf%82-%cf%84%ce%bf%cf%85-%ce%b4%ce%b9%ce%b7%ce%bc%ce%ad%cf%81%ce%bf%cf%85-%cf%84\/","name":"Reprogrammation du weekend de la JOB - Archev\u00each\u00e9 Orthodoxe de Belgique","isPartOf":{"@id":"https:\/\/orthodoxia.be\/#website"},"primaryImageOfPage":{"@id":"https:\/\/orthodoxia.be\/2022\/05\/09\/%ce%b5%cf%80%ce%b1%ce%bd%ce%b1%cf%80%cf%81%ce%bf%ce%b3%cf%81%ce%b1%ce%bc%ce%bc%ce%b1%cf%84%ce%b9%cf%83%ce%bc%cf%8c%cf%82-%cf%84%ce%bf%cf%85-%ce%b4%ce%b9%ce%b7%ce%bc%ce%ad%cf%81%ce%bf%cf%85-%cf%84\/#primaryimage"},"image":{"@id":"https:\/\/orthodoxia.be\/2022\/05\/09\/%ce%b5%cf%80%ce%b1%ce%bd%ce%b1%cf%80%cf%81%ce%bf%ce%b3%cf%81%ce%b1%ce%bc%ce%bc%ce%b1%cf%84%ce%b9%cf%83%ce%bc%cf%8c%cf%82-%cf%84%ce%bf%cf%85-%ce%b4%ce%b9%ce%b7%ce%bc%ce%ad%cf%81%ce%bf%cf%85-%cf%84\/#primaryimage"},"thumbnailUrl":"https:\/\/orthodoxia.be\/wp-content\/uploads\/2019\/11\/7.jpg","datePublished":"2022-05-09T13:46:58+00:00","dateModified":"2022-05-09T13:47:41+00:00","breadcrumb":{"@id":"https:\/\/orthodoxia.be\/2022\/05\/09\/%ce%b5%cf%80%ce%b1%ce%bd%ce%b1%cf%80%cf%81%ce%bf%ce%b3%cf%81%ce%b1%ce%bc%ce%bc%ce%b1%cf%84%ce%b9%cf%83%ce%bc%cf%8c%cf%82-%cf%84%ce%bf%cf%85-%ce%b4%ce%b9%ce%b7%ce%bc%ce%ad%cf%81%ce%bf%cf%85-%cf%84\/#breadcrumb"},"inLanguage":"fr-BE","potentialAction":[{"@type":"ReadAction","target":["https:\/\/orthodoxia.be\/2022\/05\/09\/%ce%b5%cf%80%ce%b1%ce%bd%ce%b1%cf%80%cf%81%ce%bf%ce%b3%cf%81%ce%b1%ce%bc%ce%bc%ce%b1%cf%84%ce%b9%cf%83%ce%bc%cf%8c%cf%82-%cf%84%ce%bf%cf%85-%ce%b4%ce%b9%ce%b7%ce%bc%ce%ad%cf%81%ce%bf%cf%85-%cf%84\/"]}]},{"@type":"ImageObject","inLanguage":"fr-BE","@id":"https:\/\/orthodoxia.be\/2022\/05\/09\/%ce%b5%cf%80%ce%b1%ce%bd%ce%b1%cf%80%cf%81%ce%bf%ce%b3%cf%81%ce%b1%ce%bc%ce%bc%ce%b1%cf%84%ce%b9%cf%83%ce%bc%cf%8c%cf%82-%cf%84%ce%bf%cf%85-%ce%b4%ce%b9%ce%b7%ce%bc%ce%ad%cf%81%ce%bf%cf%85-%cf%84\/#primaryimage","url":"https:\/\/orthodoxia.be\/wp-content\/uploads\/2019\/11\/7.jpg","contentUrl":"https:\/\/orthodoxia.be\/wp-content\/uploads\/2019\/11\/7.jpg","width":1183,"height":783},{"@type":"BreadcrumbList","@id":"https:\/\/orthodoxia.be\/2022\/05\/09\/%ce%b5%cf%80%ce%b1%ce%bd%ce%b1%cf%80%cf%81%ce%bf%ce%b3%cf%81%ce%b1%ce%bc%ce%bc%ce%b1%cf%84%ce%b9%cf%83%ce%bc%cf%8c%cf%82-%cf%84%ce%bf%cf%85-%ce%b4%ce%b9%ce%b7%ce%bc%ce%ad%cf%81%ce%bf%cf%85-%cf%84\/#breadcrumb","itemListElement":[{"@type":"ListItem","position":1,"name":"Home","item":"https:\/\/orthodoxia.be\/fr\/"},{"@type":"ListItem","position":2,"name":"Reprogrammation du weekend de la JOB"}]},{"@type":"WebSite","@id":"https:\/\/orthodoxia.be\/#website","url":"https:\/\/orthodoxia.be\/","name":"Orthodox Archdiocese of Belgium (Benelux)","description":"Exarque des Pays-Bas et du Luxembourg","publisher":{"@id":"https:\/\/orthodoxia.be\/#organization"},"alternateName":"IMB","potentialAction":[{"@type":"SearchAction","target":{"@type":"EntryPoint","urlTemplate":"https:\/\/orthodoxia.be\/?s={search_term_string}"},"query-input":{"@type":"PropertyValueSpecification","valueRequired":true,"valueName":"search_term_string"}}],"inLanguage":"fr-BE"},{"@type":"Organization","@id":"https:\/\/orthodoxia.be\/#organization","name":"Orthodox Archdiocese of Belgium (Benelux)","url":"https:\/\/orthodoxia.be\/","logo":{"@type":"ImageObject","inLanguage":"fr-BE","@id":"https:\/\/orthodoxia.be\/#\/schema\/logo\/image\/","url":"https:\/\/orthodoxia.be\/wp-content\/uploads\/2024\/02\/cropped-IMB-logo-512-cl-1.png","contentUrl":"https:\/\/orthodoxia.be\/wp-content\/uploads\/2024\/02\/cropped-IMB-logo-512-cl-1.png","width":512,"height":512,"caption":"Orthodox Archdiocese of Belgium (Benelux)"},"image":{"@id":"https:\/\/orthodoxia.be\/#\/schema\/logo\/image\/"},"sameAs":["https:\/\/www.facebook.com\/orthobel","https:\/\/x.com\/orthobel","https:\/\/www.youtube.com\/c\/orthobel","https:\/\/www.mixcloud.com\/orthobel\/","https:\/\/www.flickr.com\/photos\/148264890@N07\/albums","https:\/\/www.dailymotion.com\/Orthobel"]},{"@type":"Person","@id":"https:\/\/orthodoxia.be\/#\/schema\/person\/4641c70600fbb1aac968996a0ef6d284","name":"\u0391\u03c1\u03c7\u03b5\u03af\u03bf \u03a3\u03c5\u03bd\u03b5\u03c1\u03b3\u03b1\u03c4\u03ce\u03bd","image":{"@type":"ImageObject","inLanguage":"fr-BE","@id":"https:\/\/orthodoxia.be\/#\/schema\/person\/image\/","url":"https:\/\/secure.gravatar.com\/avatar\/0bf791bec6a55758e3ee18a1fc90f09b?s=96&d=mm&r=g","contentUrl":"https:\/\/secure.gravatar.com\/avatar\/0bf791bec6a55758e3ee18a1fc90f09b?s=96&d=mm&r=g","caption":"\u0391\u03c1\u03c7\u03b5\u03af\u03bf \u03a3\u03c5\u03bd\u03b5\u03c1\u03b3\u03b1\u03c4\u03ce\u03bd"},"url":"https:\/\/orthodoxia.be\/fr\/author\/archives\/"}]}},"_links":{"self":[{"href":"https:\/\/orthodoxia.be\/fr\/wp-json\/wp\/v2\/posts\/37881","targetHints":{"allow":["GET"]}}],"collection":[{"href":"https:\/\/orthodoxia.be\/fr\/wp-json\/wp\/v2\/posts"}],"about":[{"href":"https:\/\/orthodoxia.be\/fr\/wp-json\/wp\/v2\/types\/post"}],"author":[{"embeddable":true,"href":"https:\/\/orthodoxia.be\/fr\/wp-json\/wp\/v2\/users\/12"}],"replies":[{"embeddable":true,"href":"https:\/\/orthodoxia.be\/fr\/wp-json\/wp\/v2\/comments?post=37881"}],"version-history":[{"count":1,"href":"https:\/\/orthodoxia.be\/fr\/wp-json\/wp\/v2\/posts\/37881\/revisions"}],"predecessor-version":[{"id":37882,"href":"https:\/\/orthodoxia.be\/fr\/wp-json\/wp\/v2\/posts\/37881\/revisions\/37882"}],"wp:featuredmedia":[{"embeddable":true,"href":"https:\/\/orthodoxia.be\/fr\/wp-json\/wp\/v2\/media\/20142"}],"wp:attachment":[{"href":"https:\/\/orthodoxia.be\/fr\/wp-json\/wp\/v2\/media?parent=37881"}],"wp:term":[{"taxonomy":"category","embeddable":true,"href":"https:\/\/orthodoxia.be\/fr\/wp-json\/wp\/v2\/categories?post=37881"},{"taxonomy":"post_tag","embeddable":true,"href":"https:\/\/orthodoxia.be\/fr\/wp-json\/wp\/v2\/tags?post=37881"}],"curies":[{"name":"wp","href":"https:\/\/api.w.org\/{rel}","templated":true}]}}