{"id":38336,"date":"2022-06-16T17:58:33","date_gmt":"2022-06-16T15:58:33","guid":{"rendered":"http:\/\/orthodoxia.be\/?p=38336"},"modified":"2022-06-16T17:58:53","modified_gmt":"2022-06-16T15:58:53","slug":"le-metropolite-athenagoras-de-belgique-pour-une-mission-en-bulgarie","status":"publish","type":"post","link":"https:\/\/orthodoxia.be\/fr\/2022\/06\/16\/le-metropolite-athenagoras-de-belgique-pour-une-mission-en-bulgarie\/","title":{"rendered":"Le M\u00e9tropolite Ath\u00e9nagoras de Belgique pour une mission en Bulgarie"},"content":{"rendered":"<p style=\"text-align: justify;\">Son \u00c9minence le M\u00e9tropolite Ath\u00e9nagoras de Belgique, Exarque des Pays-Bas et du Luxembourg s\u2019est rendue en mission en Bulgarie du 12 au 15 juin 2022. La mission avait \u00e9t\u00e9 mise sur pied sur l\u2019instigation de l&#8217;Ordre du Saint Ap\u00f4tre Andr\u00e9 l&#8217;Ap\u00f4tre &#8211; les Archontes du Patriarcat \u0152cum\u00e9nique en Am\u00e9rique \u2013 dont un de leurs objectifs est la lutte pour la Libert\u00e9 Religieuse. La mission avait en fait commenc\u00e9 en Roumanie: la d\u00e9l\u00e9gation a \u00e9t\u00e9 re\u00e7ue en audience au Palais Pr\u00e9sidentiel, ainsi qu&#8217;au Patriarcat de Roumanie par l\u2019Ev\u00eaque Varlaam de Ploiesti. Ils ont \u00e9galement rencontr\u00e9 le Premier Ministre du pays, M. Nicolas Ciuca et visit\u00e9 les ambassades des \u00c9tats-Unis et du Royaume-Uni.<\/p>\n<p style=\"text-align: justify;\">Le dimanche 12 juin, la d\u00e9l\u00e9gation des Archontes, conduite par le M\u00e9tropolite Ath\u00e9nagoras, s&#8217;est rendue \u00e0 Sofia, capitale de la Bulgarie. Ils ont rencontr\u00e9 le Premier Ministre bulgare, M. Kiril Petkov; ont \u00e9t\u00e9 re\u00e7us par le pr\u00e9sident et les chefs des groupes politiques du Parlement bulgare; ont \u00e9galement pu b\u00e9n\u00e9ficier d&#8217;une audience avec le Patriarche N\u00e9ophyte de Bulgarie et les hi\u00e9rarques du Patriarcat de Bulgarie; et ont finalement \u00e9t\u00e9 re\u00e7us par l&#8217;Ambassadrice am\u00e9ricaine, Mme Herro Mustafa.<\/p>\n<p style=\"text-align: justify;\">Le but de la visite dans les deux pays des Balkans -membres de l&#8217;Union Europ\u00e9enne- fut de d\u00e9fendre la libert\u00e9 religieuse et d&#8217;\u0153uvrer pour la paix dans le monde. Cet \u00e9v\u00e9nement repr\u00e9sente ainsi le d\u00e9but d&#8217;une collaboration entre les dirigeants des deux pays et les Archontes du Tr\u00f4ne \u0152cum\u00e9nique.<\/p>\n<p style=\"text-align: justify;\">Le c\u00f4t\u00e9 organisationnel de cette mission a \u00e9t\u00e9 pris en charge par l&#8217;Archonte Boris Gurov et de son \u00e9pouse Youlianna, membres de l\u2019Archev\u00each\u00e9 de Belgique et Exarchat des Pays-Bas et du Luxembourg.<\/p>\n<p>&nbsp;<\/p>\n<p>&nbsp;<\/p>\n<p>[FAGP id=38346]<\/p>\n","protected":false},"excerpt":{"rendered":"<p>Son \u00c9minence le M\u00e9tropolite Ath\u00e9nagoras de Belgique, Exarque des Pays-Bas et du Luxembourg s\u2019est rendue en mission en Bulgarie du 12 au 15 juin 2022. La mission avait \u00e9t\u00e9 mise sur pied sur l\u2019instigation de l&#8217;Ordre du Saint Ap\u00f4tre Andr\u00e9 l&#8217;Ap\u00f4tre &#8211; les Archontes du Patriarcat \u0152cum\u00e9nique en Am\u00e9rique \u2013 dont un de leurs objectifs &hellip; <a href=\"https:\/\/orthodoxia.be\/fr\/2022\/06\/16\/le-metropolite-athenagoras-de-belgique-pour-une-mission-en-bulgarie\/\">Continued<\/a><\/p>\n","protected":false},"author":10,"featured_media":38337,"comment_status":"closed","ping_status":"open","sticky":false,"template":"","format":"standard","meta":{"_acf_changed":false,"footnotes":""},"categories":[14],"tags":[],"class_list":["post-38336","post","type-post","status-publish","format-standard","has-post-thumbnail","hentry","category-actualite"],"acf":[],"yoast_head":"<!-- This site is optimized with the Yoast SEO plugin v24.3 - https:\/\/yoast.com\/wordpress\/plugins\/seo\/ -->\n<title>Le M\u00e9tropolite Ath\u00e9nagoras de Belgique pour une mission en Bulgarie - Archev\u00each\u00e9 Orthodoxe de Belgique<\/title>\n<meta name=\"robots\" content=\"index, follow, max-snippet:-1, max-image-preview:large, max-video-preview:-1\" \/>\n<link rel=\"canonical\" href=\"https:\/\/orthodoxia.be\/fr\/2022\/06\/16\/le-metropolite-athenagoras-de-belgique-pour-une-mission-en-bulgarie\/\" \/>\n<meta property=\"og:locale\" content=\"fr_FR\" \/>\n<meta property=\"og:type\" content=\"article\" \/>\n<meta property=\"og:title\" content=\"Le M\u00e9tropolite Ath\u00e9nagoras de Belgique pour une mission en Bulgarie - Archev\u00each\u00e9 Orthodoxe de Belgique\" \/>\n<meta property=\"og:description\" content=\"Son \u00c9minence le M\u00e9tropolite Ath\u00e9nagoras de Belgique, Exarque des Pays-Bas et du Luxembourg s\u2019est rendue en mission en Bulgarie du 12 au 15 juin 2022. La mission avait \u00e9t\u00e9 mise sur pied sur l\u2019instigation de l&#8217;Ordre du Saint Ap\u00f4tre Andr\u00e9 l&#8217;Ap\u00f4tre &#8211; les Archontes du Patriarcat \u0152cum\u00e9nique en Am\u00e9rique \u2013 dont un de leurs objectifs &hellip; Continued\" \/>\n<meta property=\"og:url\" content=\"https:\/\/orthodoxia.be\/fr\/2022\/06\/16\/le-metropolite-athenagoras-de-belgique-pour-une-mission-en-bulgarie\/\" \/>\n<meta property=\"og:site_name\" content=\"Archev\u00each\u00e9 Orthodoxe de Belgique\" \/>\n<meta property=\"article:publisher\" content=\"https:\/\/www.facebook.com\/orthobel\" \/>\n<meta property=\"article:published_time\" content=\"2022-06-16T15:58:33+00:00\" \/>\n<meta property=\"article:modified_time\" content=\"2022-06-16T15:58:53+00:00\" \/>\n<meta property=\"og:image\" content=\"https:\/\/orthodoxia.be\/wp-content\/uploads\/2022\/06\/52142466947_30138c8a36_o-e1655395017753.jpg\" \/>\n\t<meta property=\"og:image:width\" content=\"682\" \/>\n\t<meta property=\"og:image:height\" content=\"1023\" \/>\n\t<meta property=\"og:image:type\" content=\"image\/jpeg\" \/>\n<meta name=\"author\" content=\"fr. Emilianos Chatzivasileiou\" \/>\n<meta name=\"twitter:card\" content=\"summary_large_image\" \/>\n<meta name=\"twitter:creator\" content=\"@orthobel\" \/>\n<meta name=\"twitter:site\" content=\"@orthobel\" \/>\n<meta name=\"twitter:label1\" content=\"\u00c9crit par\" \/>\n\t<meta name=\"twitter:data1\" content=\"fr. Emilianos Chatzivasileiou\" \/>\n\t<meta name=\"twitter:label2\" content=\"Dur\u00e9e de lecture est.\" \/>\n\t<meta name=\"twitter:data2\" content=\"2 minutes\" \/>\n<script type=\"application\/ld+json\" class=\"yoast-schema-graph\">{\"@context\":\"https:\/\/schema.org\",\"@graph\":[{\"@type\":\"Article\",\"@id\":\"https:\/\/orthodoxia.be\/fr\/2022\/06\/16\/le-metropolite-athenagoras-de-belgique-pour-une-mission-en-bulgarie\/#article\",\"isPartOf\":{\"@id\":\"https:\/\/orthodoxia.be\/fr\/2022\/06\/16\/le-metropolite-athenagoras-de-belgique-pour-une-mission-en-bulgarie\/\"},\"author\":{\"name\":\"fr. Emilianos Chatzivasileiou\",\"@id\":\"https:\/\/orthodoxia.be\/#\/schema\/person\/f6c4fd8f4c3dfc201522ccccede872c4\"},\"headline\":\"Le M\u00e9tropolite Ath\u00e9nagoras de Belgique pour une mission en Bulgarie\",\"datePublished\":\"2022-06-16T15:58:33+00:00\",\"dateModified\":\"2022-06-16T15:58:53+00:00\",\"mainEntityOfPage\":{\"@id\":\"https:\/\/orthodoxia.be\/fr\/2022\/06\/16\/le-metropolite-athenagoras-de-belgique-pour-une-mission-en-bulgarie\/\"},\"wordCount\":324,\"publisher\":{\"@id\":\"https:\/\/orthodoxia.be\/#organization\"},\"image\":{\"@id\":\"https:\/\/orthodoxia.be\/fr\/2022\/06\/16\/le-metropolite-athenagoras-de-belgique-pour-une-mission-en-bulgarie\/#primaryimage\"},\"thumbnailUrl\":\"https:\/\/orthodoxia.be\/wp-content\/uploads\/2022\/06\/52142466947_30138c8a36_o-e1655395017753.jpg\",\"articleSection\":[\"Actualit\u00e9\"],\"inLanguage\":\"fr-BE\"},{\"@type\":\"WebPage\",\"@id\":\"https:\/\/orthodoxia.be\/fr\/2022\/06\/16\/le-metropolite-athenagoras-de-belgique-pour-une-mission-en-bulgarie\/\",\"url\":\"https:\/\/orthodoxia.be\/fr\/2022\/06\/16\/le-metropolite-athenagoras-de-belgique-pour-une-mission-en-bulgarie\/\",\"name\":\"Le M\u00e9tropolite Ath\u00e9nagoras de Belgique pour une mission en Bulgarie - Archev\u00each\u00e9 Orthodoxe de Belgique\",\"isPartOf\":{\"@id\":\"https:\/\/orthodoxia.be\/#website\"},\"primaryImageOfPage\":{\"@id\":\"https:\/\/orthodoxia.be\/fr\/2022\/06\/16\/le-metropolite-athenagoras-de-belgique-pour-une-mission-en-bulgarie\/#primaryimage\"},\"image\":{\"@id\":\"https:\/\/orthodoxia.be\/fr\/2022\/06\/16\/le-metropolite-athenagoras-de-belgique-pour-une-mission-en-bulgarie\/#primaryimage\"},\"thumbnailUrl\":\"https:\/\/orthodoxia.be\/wp-content\/uploads\/2022\/06\/52142466947_30138c8a36_o-e1655395017753.jpg\",\"datePublished\":\"2022-06-16T15:58:33+00:00\",\"dateModified\":\"2022-06-16T15:58:53+00:00\",\"breadcrumb\":{\"@id\":\"https:\/\/orthodoxia.be\/fr\/2022\/06\/16\/le-metropolite-athenagoras-de-belgique-pour-une-mission-en-bulgarie\/#breadcrumb\"},\"inLanguage\":\"fr-BE\",\"potentialAction\":[{\"@type\":\"ReadAction\",\"target\":[\"https:\/\/orthodoxia.be\/fr\/2022\/06\/16\/le-metropolite-athenagoras-de-belgique-pour-une-mission-en-bulgarie\/\"]}]},{\"@type\":\"ImageObject\",\"inLanguage\":\"fr-BE\",\"@id\":\"https:\/\/orthodoxia.be\/fr\/2022\/06\/16\/le-metropolite-athenagoras-de-belgique-pour-une-mission-en-bulgarie\/#primaryimage\",\"url\":\"https:\/\/orthodoxia.be\/wp-content\/uploads\/2022\/06\/52142466947_30138c8a36_o-e1655395017753.jpg\",\"contentUrl\":\"https:\/\/orthodoxia.be\/wp-content\/uploads\/2022\/06\/52142466947_30138c8a36_o-e1655395017753.jpg\",\"width\":682,\"height\":1023,\"caption\":\"On Monday, June 13, 2022, an Archon delegation met in the Parliament of Bulgaria with the chairman and multi-partisan representatives of the Bulgaria-USA Parliamentarian Friendship group and the President of the National Assembly (Parliament). The delegation is traveling to Bulgaria as part of a religious freedom mission.\"},{\"@type\":\"BreadcrumbList\",\"@id\":\"https:\/\/orthodoxia.be\/fr\/2022\/06\/16\/le-metropolite-athenagoras-de-belgique-pour-une-mission-en-bulgarie\/#breadcrumb\",\"itemListElement\":[{\"@type\":\"ListItem\",\"position\":1,\"name\":\"Home\",\"item\":\"https:\/\/orthodoxia.be\/fr\/\"},{\"@type\":\"ListItem\",\"position\":2,\"name\":\"Le M\u00e9tropolite Ath\u00e9nagoras de Belgique pour une mission en Bulgarie\"}]},{\"@type\":\"WebSite\",\"@id\":\"https:\/\/orthodoxia.be\/#website\",\"url\":\"https:\/\/orthodoxia.be\/\",\"name\":\"Orthodox Archdiocese of Belgium (Benelux)\",\"description\":\"Exarque des Pays-Bas et du Luxembourg\",\"publisher\":{\"@id\":\"https:\/\/orthodoxia.be\/#organization\"},\"alternateName\":\"IMB\",\"potentialAction\":[{\"@type\":\"SearchAction\",\"target\":{\"@type\":\"EntryPoint\",\"urlTemplate\":\"https:\/\/orthodoxia.be\/?s={search_term_string}\"},\"query-input\":{\"@type\":\"PropertyValueSpecification\",\"valueRequired\":true,\"valueName\":\"search_term_string\"}}],\"inLanguage\":\"fr-BE\"},{\"@type\":\"Organization\",\"@id\":\"https:\/\/orthodoxia.be\/#organization\",\"name\":\"Orthodox Archdiocese of Belgium (Benelux)\",\"url\":\"https:\/\/orthodoxia.be\/\",\"logo\":{\"@type\":\"ImageObject\",\"inLanguage\":\"fr-BE\",\"@id\":\"https:\/\/orthodoxia.be\/#\/schema\/logo\/image\/\",\"url\":\"https:\/\/orthodoxia.be\/wp-content\/uploads\/2024\/02\/cropped-IMB-logo-512-cl-1.png\",\"contentUrl\":\"https:\/\/orthodoxia.be\/wp-content\/uploads\/2024\/02\/cropped-IMB-logo-512-cl-1.png\",\"width\":512,\"height\":512,\"caption\":\"Orthodox Archdiocese of Belgium (Benelux)\"},\"image\":{\"@id\":\"https:\/\/orthodoxia.be\/#\/schema\/logo\/image\/\"},\"sameAs\":[\"https:\/\/www.facebook.com\/orthobel\",\"https:\/\/x.com\/orthobel\",\"https:\/\/www.youtube.com\/c\/orthobel\",\"https:\/\/www.mixcloud.com\/orthobel\/\",\"https:\/\/www.flickr.com\/photos\/148264890@N07\/albums\",\"https:\/\/www.dailymotion.com\/Orthobel\"]},{\"@type\":\"Person\",\"@id\":\"https:\/\/orthodoxia.be\/#\/schema\/person\/f6c4fd8f4c3dfc201522ccccede872c4\",\"name\":\"fr. Emilianos Chatzivasileiou\",\"image\":{\"@type\":\"ImageObject\",\"inLanguage\":\"fr-BE\",\"@id\":\"https:\/\/orthodoxia.be\/#\/schema\/person\/image\/\",\"url\":\"https:\/\/secure.gravatar.com\/avatar\/5b67115dbb9ae1579c39e9ae857d39ac?s=96&d=mm&r=g\",\"contentUrl\":\"https:\/\/secure.gravatar.com\/avatar\/5b67115dbb9ae1579c39e9ae857d39ac?s=96&d=mm&r=g\",\"caption\":\"fr. Emilianos Chatzivasileiou\"},\"sameAs\":[\"http:\/\/orthodoxia.be\"],\"url\":\"https:\/\/orthodoxia.be\/fr\/author\/p-emilianos\/\"}]}<\/script>\n<!-- \/ Yoast SEO plugin. -->","yoast_head_json":{"title":"Le M\u00e9tropolite Ath\u00e9nagoras de Belgique pour une mission en Bulgarie - Archev\u00each\u00e9 Orthodoxe de Belgique","robots":{"index":"index","follow":"follow","max-snippet":"max-snippet:-1","max-image-preview":"max-image-preview:large","max-video-preview":"max-video-preview:-1"},"canonical":"https:\/\/orthodoxia.be\/fr\/2022\/06\/16\/le-metropolite-athenagoras-de-belgique-pour-une-mission-en-bulgarie\/","og_locale":"fr_FR","og_type":"article","og_title":"Le M\u00e9tropolite Ath\u00e9nagoras de Belgique pour une mission en Bulgarie - Archev\u00each\u00e9 Orthodoxe de Belgique","og_description":"Son \u00c9minence le M\u00e9tropolite Ath\u00e9nagoras de Belgique, Exarque des Pays-Bas et du Luxembourg s\u2019est rendue en mission en Bulgarie du 12 au 15 juin 2022. La mission avait \u00e9t\u00e9 mise sur pied sur l\u2019instigation de l&#8217;Ordre du Saint Ap\u00f4tre Andr\u00e9 l&#8217;Ap\u00f4tre &#8211; les Archontes du Patriarcat \u0152cum\u00e9nique en Am\u00e9rique \u2013 dont un de leurs objectifs &hellip; Continued","og_url":"https:\/\/orthodoxia.be\/fr\/2022\/06\/16\/le-metropolite-athenagoras-de-belgique-pour-une-mission-en-bulgarie\/","og_site_name":"Archev\u00each\u00e9 Orthodoxe de Belgique","article_publisher":"https:\/\/www.facebook.com\/orthobel","article_published_time":"2022-06-16T15:58:33+00:00","article_modified_time":"2022-06-16T15:58:53+00:00","og_image":[{"width":682,"height":1023,"url":"https:\/\/orthodoxia.be\/wp-content\/uploads\/2022\/06\/52142466947_30138c8a36_o-e1655395017753.jpg","type":"image\/jpeg"}],"author":"fr. Emilianos Chatzivasileiou","twitter_card":"summary_large_image","twitter_creator":"@orthobel","twitter_site":"@orthobel","twitter_misc":{"\u00c9crit par":"fr. Emilianos Chatzivasileiou","Dur\u00e9e de lecture est.":"2 minutes"},"schema":{"@context":"https:\/\/schema.org","@graph":[{"@type":"Article","@id":"https:\/\/orthodoxia.be\/fr\/2022\/06\/16\/le-metropolite-athenagoras-de-belgique-pour-une-mission-en-bulgarie\/#article","isPartOf":{"@id":"https:\/\/orthodoxia.be\/fr\/2022\/06\/16\/le-metropolite-athenagoras-de-belgique-pour-une-mission-en-bulgarie\/"},"author":{"name":"fr. Emilianos Chatzivasileiou","@id":"https:\/\/orthodoxia.be\/#\/schema\/person\/f6c4fd8f4c3dfc201522ccccede872c4"},"headline":"Le M\u00e9tropolite Ath\u00e9nagoras de Belgique pour une mission en Bulgarie","datePublished":"2022-06-16T15:58:33+00:00","dateModified":"2022-06-16T15:58:53+00:00","mainEntityOfPage":{"@id":"https:\/\/orthodoxia.be\/fr\/2022\/06\/16\/le-metropolite-athenagoras-de-belgique-pour-une-mission-en-bulgarie\/"},"wordCount":324,"publisher":{"@id":"https:\/\/orthodoxia.be\/#organization"},"image":{"@id":"https:\/\/orthodoxia.be\/fr\/2022\/06\/16\/le-metropolite-athenagoras-de-belgique-pour-une-mission-en-bulgarie\/#primaryimage"},"thumbnailUrl":"https:\/\/orthodoxia.be\/wp-content\/uploads\/2022\/06\/52142466947_30138c8a36_o-e1655395017753.jpg","articleSection":["Actualit\u00e9"],"inLanguage":"fr-BE"},{"@type":"WebPage","@id":"https:\/\/orthodoxia.be\/fr\/2022\/06\/16\/le-metropolite-athenagoras-de-belgique-pour-une-mission-en-bulgarie\/","url":"https:\/\/orthodoxia.be\/fr\/2022\/06\/16\/le-metropolite-athenagoras-de-belgique-pour-une-mission-en-bulgarie\/","name":"Le M\u00e9tropolite Ath\u00e9nagoras de Belgique pour une mission en Bulgarie - Archev\u00each\u00e9 Orthodoxe de Belgique","isPartOf":{"@id":"https:\/\/orthodoxia.be\/#website"},"primaryImageOfPage":{"@id":"https:\/\/orthodoxia.be\/fr\/2022\/06\/16\/le-metropolite-athenagoras-de-belgique-pour-une-mission-en-bulgarie\/#primaryimage"},"image":{"@id":"https:\/\/orthodoxia.be\/fr\/2022\/06\/16\/le-metropolite-athenagoras-de-belgique-pour-une-mission-en-bulgarie\/#primaryimage"},"thumbnailUrl":"https:\/\/orthodoxia.be\/wp-content\/uploads\/2022\/06\/52142466947_30138c8a36_o-e1655395017753.jpg","datePublished":"2022-06-16T15:58:33+00:00","dateModified":"2022-06-16T15:58:53+00:00","breadcrumb":{"@id":"https:\/\/orthodoxia.be\/fr\/2022\/06\/16\/le-metropolite-athenagoras-de-belgique-pour-une-mission-en-bulgarie\/#breadcrumb"},"inLanguage":"fr-BE","potentialAction":[{"@type":"ReadAction","target":["https:\/\/orthodoxia.be\/fr\/2022\/06\/16\/le-metropolite-athenagoras-de-belgique-pour-une-mission-en-bulgarie\/"]}]},{"@type":"ImageObject","inLanguage":"fr-BE","@id":"https:\/\/orthodoxia.be\/fr\/2022\/06\/16\/le-metropolite-athenagoras-de-belgique-pour-une-mission-en-bulgarie\/#primaryimage","url":"https:\/\/orthodoxia.be\/wp-content\/uploads\/2022\/06\/52142466947_30138c8a36_o-e1655395017753.jpg","contentUrl":"https:\/\/orthodoxia.be\/wp-content\/uploads\/2022\/06\/52142466947_30138c8a36_o-e1655395017753.jpg","width":682,"height":1023,"caption":"On Monday, June 13, 2022, an Archon delegation met in the Parliament of Bulgaria with the chairman and multi-partisan representatives of the Bulgaria-USA Parliamentarian Friendship group and the President of the National Assembly (Parliament). The delegation is traveling to Bulgaria as part of a religious freedom mission."},{"@type":"BreadcrumbList","@id":"https:\/\/orthodoxia.be\/fr\/2022\/06\/16\/le-metropolite-athenagoras-de-belgique-pour-une-mission-en-bulgarie\/#breadcrumb","itemListElement":[{"@type":"ListItem","position":1,"name":"Home","item":"https:\/\/orthodoxia.be\/fr\/"},{"@type":"ListItem","position":2,"name":"Le M\u00e9tropolite Ath\u00e9nagoras de Belgique pour une mission en Bulgarie"}]},{"@type":"WebSite","@id":"https:\/\/orthodoxia.be\/#website","url":"https:\/\/orthodoxia.be\/","name":"Orthodox Archdiocese of Belgium (Benelux)","description":"Exarque des Pays-Bas et du Luxembourg","publisher":{"@id":"https:\/\/orthodoxia.be\/#organization"},"alternateName":"IMB","potentialAction":[{"@type":"SearchAction","target":{"@type":"EntryPoint","urlTemplate":"https:\/\/orthodoxia.be\/?s={search_term_string}"},"query-input":{"@type":"PropertyValueSpecification","valueRequired":true,"valueName":"search_term_string"}}],"inLanguage":"fr-BE"},{"@type":"Organization","@id":"https:\/\/orthodoxia.be\/#organization","name":"Orthodox Archdiocese of Belgium (Benelux)","url":"https:\/\/orthodoxia.be\/","logo":{"@type":"ImageObject","inLanguage":"fr-BE","@id":"https:\/\/orthodoxia.be\/#\/schema\/logo\/image\/","url":"https:\/\/orthodoxia.be\/wp-content\/uploads\/2024\/02\/cropped-IMB-logo-512-cl-1.png","contentUrl":"https:\/\/orthodoxia.be\/wp-content\/uploads\/2024\/02\/cropped-IMB-logo-512-cl-1.png","width":512,"height":512,"caption":"Orthodox Archdiocese of Belgium (Benelux)"},"image":{"@id":"https:\/\/orthodoxia.be\/#\/schema\/logo\/image\/"},"sameAs":["https:\/\/www.facebook.com\/orthobel","https:\/\/x.com\/orthobel","https:\/\/www.youtube.com\/c\/orthobel","https:\/\/www.mixcloud.com\/orthobel\/","https:\/\/www.flickr.com\/photos\/148264890@N07\/albums","https:\/\/www.dailymotion.com\/Orthobel"]},{"@type":"Person","@id":"https:\/\/orthodoxia.be\/#\/schema\/person\/f6c4fd8f4c3dfc201522ccccede872c4","name":"fr. Emilianos Chatzivasileiou","image":{"@type":"ImageObject","inLanguage":"fr-BE","@id":"https:\/\/orthodoxia.be\/#\/schema\/person\/image\/","url":"https:\/\/secure.gravatar.com\/avatar\/5b67115dbb9ae1579c39e9ae857d39ac?s=96&d=mm&r=g","contentUrl":"https:\/\/secure.gravatar.com\/avatar\/5b67115dbb9ae1579c39e9ae857d39ac?s=96&d=mm&r=g","caption":"fr. Emilianos Chatzivasileiou"},"sameAs":["http:\/\/orthodoxia.be"],"url":"https:\/\/orthodoxia.be\/fr\/author\/p-emilianos\/"}]}},"_links":{"self":[{"href":"https:\/\/orthodoxia.be\/fr\/wp-json\/wp\/v2\/posts\/38336","targetHints":{"allow":["GET"]}}],"collection":[{"href":"https:\/\/orthodoxia.be\/fr\/wp-json\/wp\/v2\/posts"}],"about":[{"href":"https:\/\/orthodoxia.be\/fr\/wp-json\/wp\/v2\/types\/post"}],"author":[{"embeddable":true,"href":"https:\/\/orthodoxia.be\/fr\/wp-json\/wp\/v2\/users\/10"}],"replies":[{"embeddable":true,"href":"https:\/\/orthodoxia.be\/fr\/wp-json\/wp\/v2\/comments?post=38336"}],"version-history":[{"count":2,"href":"https:\/\/orthodoxia.be\/fr\/wp-json\/wp\/v2\/posts\/38336\/revisions"}],"predecessor-version":[{"id":38348,"href":"https:\/\/orthodoxia.be\/fr\/wp-json\/wp\/v2\/posts\/38336\/revisions\/38348"}],"wp:featuredmedia":[{"embeddable":true,"href":"https:\/\/orthodoxia.be\/fr\/wp-json\/wp\/v2\/media\/38337"}],"wp:attachment":[{"href":"https:\/\/orthodoxia.be\/fr\/wp-json\/wp\/v2\/media?parent=38336"}],"wp:term":[{"taxonomy":"category","embeddable":true,"href":"https:\/\/orthodoxia.be\/fr\/wp-json\/wp\/v2\/categories?post=38336"},{"taxonomy":"post_tag","embeddable":true,"href":"https:\/\/orthodoxia.be\/fr\/wp-json\/wp\/v2\/tags?post=38336"}],"curies":[{"name":"wp","href":"https:\/\/api.w.org\/{rel}","templated":true}]}}