{"id":38389,"date":"2022-06-16T18:07:46","date_gmt":"2022-06-16T16:07:46","guid":{"rendered":"http:\/\/orthodoxia.be\/?p=38389"},"modified":"2022-06-23T19:59:19","modified_gmt":"2022-06-23T17:59:19","slug":"le-prelat-de-leglise-orthodoxe-dukraine-recu-a-larcheveche-de-belgique","status":"publish","type":"post","link":"https:\/\/orthodoxia.be\/fr\/2022\/06\/16\/le-prelat-de-leglise-orthodoxe-dukraine-recu-a-larcheveche-de-belgique\/","title":{"rendered":"Le Pr\u00e9lat de l\u2019\u00c9glise Orthodoxe d\u2019Ukraine re\u00e7u \u00e0 l\u2019Archev\u00each\u00e9 de Belgique"},"content":{"rendered":"<p style=\"text-align: justify;\">Invit\u00e9 des instances europ\u00e9ennes \u00e0 Bruxelles, Sa B\u00e9atitude le M\u00e9tropolite Epiphanios de Kiev et de toute l\u2019Ukraine s\u2019est rendue le 16 juin 2022, en milieu de journ\u00e9e, au si\u00e8ge de l\u2019Archev\u00each\u00e9 de Belgique.<\/p>\n<p style=\"text-align: justify;\">Le Pr\u00e9lat de l\u2019\u00c9glise Orthodoxe d\u2019Ukraine, chaleureusement accueilli par Son \u00c9minence le M\u00e9tropolite Ath\u00e9nagoras de Belgique et Exarque des Pays-Bas et du Luxembourg et par les membres de l\u2019administration centrale de l\u2019Archev\u00each\u00e9, s\u2019est recueilli dans la Chapelle de l\u2019Archev\u00each\u00e9 et puis s\u2019est retrouv\u00e9 pour une br\u00e8ve rencontre dans la salle du Tr\u00f4ne.<\/p>\n<p style=\"text-align: justify;\">Ce fut l\u2019occasion d\u2019informer le M\u00e9tropolite de Belgique et ses collaborateurs de la situation critique en Ukraine et des conditions difficiles cr\u00e9\u00e9es par la guerre; mais aussi d\u2019avoir un aper\u00e7u tant de la situation de l\u2019\u00c9glise Orthodoxe au Benelux que du souci pastorale de l\u2019Archev\u00each\u00e9 envers les r\u00e9fugi\u00e9s qui arrivent dans les trois pays, ainsi que des mesures prises par les instances et autorit\u00e9s locales pour leur accueil.<\/p>\n<p style=\"text-align: justify;\">Le M\u00e9tropolite de Belgique remercia le Pr\u00e9lat pour l\u2019honneur de cette visite non officielle. Il lui assura de son soutien ind\u00e9fectible aux probl\u00e8mes de l\u2019\u00c9glise d\u2019Ukraine et de la bonne gestion pastorale des r\u00e9sidents ukrainiens au Benelux, qui selon le Tomos d\u2019Autoc\u00e9phalie se r\u00e9f\u00e8rent partout aux Archev\u00each\u00e9s du Tr\u00f4ne \u0152cum\u00e9nique. Il devait \u00e9galement souhaiter avec l\u2019arr\u00eat rapide du conflit arm\u00e9, de retrouver un apaisement pour aboutir \u00e0 la r\u00e9conciliation tant d\u00e9sir\u00e9e de tous les partis orthodoxes dans le pays \u00e9prouv\u00e9 par la guerre et la discorde.<\/p>\n<p>&nbsp;<\/p>\n<p>[FAGP id=38353]<\/p>\n","protected":false},"excerpt":{"rendered":"<p>Invit\u00e9 des instances europ\u00e9ennes \u00e0 Bruxelles, Sa B\u00e9atitude le M\u00e9tropolite Epiphanios de Kiev et de toute l\u2019Ukraine s\u2019est rendue le 16 juin 2022, en milieu de journ\u00e9e, au si\u00e8ge de l\u2019Archev\u00each\u00e9 de Belgique. Le Pr\u00e9lat de l\u2019\u00c9glise Orthodoxe d\u2019Ukraine, chaleureusement accueilli par Son \u00c9minence le M\u00e9tropolite Ath\u00e9nagoras de Belgique et Exarque des Pays-Bas et du &hellip; <a href=\"https:\/\/orthodoxia.be\/fr\/2022\/06\/16\/le-prelat-de-leglise-orthodoxe-dukraine-recu-a-larcheveche-de-belgique\/\">Continued<\/a><\/p>\n","protected":false},"author":10,"featured_media":38358,"comment_status":"closed","ping_status":"open","sticky":false,"template":"","format":"standard","meta":{"_acf_changed":false,"footnotes":""},"categories":[14],"tags":[],"class_list":["post-38389","post","type-post","status-publish","format-standard","has-post-thumbnail","hentry","category-actualite"],"acf":[],"yoast_head":"<!-- This site is optimized with the Yoast SEO plugin v24.3 - https:\/\/yoast.com\/wordpress\/plugins\/seo\/ -->\n<title>Le Pr\u00e9lat de l\u2019\u00c9glise Orthodoxe d\u2019Ukraine re\u00e7u \u00e0 l\u2019Archev\u00each\u00e9 de Belgique - Archev\u00each\u00e9 Orthodoxe de Belgique<\/title>\n<meta name=\"robots\" content=\"index, follow, max-snippet:-1, max-image-preview:large, max-video-preview:-1\" \/>\n<link rel=\"canonical\" href=\"https:\/\/orthodoxia.be\/2022\/06\/16\/\u03bf-\u03c0\u03c1\u03bf\u03ba\u03b1\u03b8\u03ae\u03bc\u03b5\u03bd\u03bf\u03c2-\u03c4\u03b7\u03c2-\u03bf\u03c1\u03b8\u03cc\u03b4\u03bf\u03be\u03b7\u03c2-\u03b5\u03ba\u03ba\u03bb\u03b7\u03c3\u03af\/\" \/>\n<meta property=\"og:locale\" content=\"fr_FR\" \/>\n<meta property=\"og:type\" content=\"article\" \/>\n<meta property=\"og:title\" content=\"Le Pr\u00e9lat de l\u2019\u00c9glise Orthodoxe d\u2019Ukraine re\u00e7u \u00e0 l\u2019Archev\u00each\u00e9 de Belgique - Archev\u00each\u00e9 Orthodoxe de Belgique\" \/>\n<meta property=\"og:description\" content=\"Invit\u00e9 des instances europ\u00e9ennes \u00e0 Bruxelles, Sa B\u00e9atitude le M\u00e9tropolite Epiphanios de Kiev et de toute l\u2019Ukraine s\u2019est rendue le 16 juin 2022, en milieu de journ\u00e9e, au si\u00e8ge de l\u2019Archev\u00each\u00e9 de Belgique. Le Pr\u00e9lat de l\u2019\u00c9glise Orthodoxe d\u2019Ukraine, chaleureusement accueilli par Son \u00c9minence le M\u00e9tropolite Ath\u00e9nagoras de Belgique et Exarque des Pays-Bas et du &hellip; Continued\" \/>\n<meta property=\"og:url\" content=\"https:\/\/orthodoxia.be\/2022\/06\/16\/\u03bf-\u03c0\u03c1\u03bf\u03ba\u03b1\u03b8\u03ae\u03bc\u03b5\u03bd\u03bf\u03c2-\u03c4\u03b7\u03c2-\u03bf\u03c1\u03b8\u03cc\u03b4\u03bf\u03be\u03b7\u03c2-\u03b5\u03ba\u03ba\u03bb\u03b7\u03c3\u03af\/\" \/>\n<meta property=\"og:site_name\" content=\"Archev\u00each\u00e9 Orthodoxe de Belgique\" \/>\n<meta property=\"article:publisher\" content=\"https:\/\/www.facebook.com\/orthobel\" \/>\n<meta property=\"article:published_time\" content=\"2022-06-16T16:07:46+00:00\" \/>\n<meta property=\"article:modified_time\" content=\"2022-06-23T17:59:19+00:00\" \/>\n<meta property=\"og:image\" content=\"https:\/\/orthodoxia.be\/wp-content\/uploads\/2022\/06\/DSC_8396.jpg\" \/>\n\t<meta property=\"og:image:width\" content=\"1023\" \/>\n\t<meta property=\"og:image:height\" content=\"683\" \/>\n\t<meta property=\"og:image:type\" content=\"image\/jpeg\" \/>\n<meta name=\"author\" content=\"fr. Emilianos Chatzivasileiou\" \/>\n<meta name=\"twitter:card\" content=\"summary_large_image\" \/>\n<meta name=\"twitter:creator\" content=\"@orthobel\" \/>\n<meta name=\"twitter:site\" content=\"@orthobel\" \/>\n<meta name=\"twitter:label1\" content=\"\u00c9crit par\" \/>\n\t<meta name=\"twitter:data1\" content=\"fr. Emilianos Chatzivasileiou\" \/>\n\t<meta name=\"twitter:label2\" content=\"Dur\u00e9e de lecture est.\" \/>\n\t<meta name=\"twitter:data2\" content=\"1 minute\" \/>\n<script type=\"application\/ld+json\" class=\"yoast-schema-graph\">{\"@context\":\"https:\/\/schema.org\",\"@graph\":[{\"@type\":\"Article\",\"@id\":\"https:\/\/orthodoxia.be\/2022\/06\/16\/%ce%bf-%cf%80%cf%81%ce%bf%ce%ba%ce%b1%ce%b8%ce%ae%ce%bc%ce%b5%ce%bd%ce%bf%cf%82-%cf%84%ce%b7%cf%82-%ce%bf%cf%81%ce%b8%cf%8c%ce%b4%ce%bf%ce%be%ce%b7%cf%82-%ce%b5%ce%ba%ce%ba%ce%bb%ce%b7%cf%83%ce%af\/#article\",\"isPartOf\":{\"@id\":\"https:\/\/orthodoxia.be\/2022\/06\/16\/%ce%bf-%cf%80%cf%81%ce%bf%ce%ba%ce%b1%ce%b8%ce%ae%ce%bc%ce%b5%ce%bd%ce%bf%cf%82-%cf%84%ce%b7%cf%82-%ce%bf%cf%81%ce%b8%cf%8c%ce%b4%ce%bf%ce%be%ce%b7%cf%82-%ce%b5%ce%ba%ce%ba%ce%bb%ce%b7%cf%83%ce%af\/\"},\"author\":{\"name\":\"fr. Emilianos Chatzivasileiou\",\"@id\":\"https:\/\/orthodoxia.be\/#\/schema\/person\/f6c4fd8f4c3dfc201522ccccede872c4\"},\"headline\":\"Le Pr\u00e9lat de l\u2019\u00c9glise Orthodoxe d\u2019Ukraine re\u00e7u \u00e0 l\u2019Archev\u00each\u00e9 de Belgique\",\"datePublished\":\"2022-06-16T16:07:46+00:00\",\"dateModified\":\"2022-06-23T17:59:19+00:00\",\"mainEntityOfPage\":{\"@id\":\"https:\/\/orthodoxia.be\/2022\/06\/16\/%ce%bf-%cf%80%cf%81%ce%bf%ce%ba%ce%b1%ce%b8%ce%ae%ce%bc%ce%b5%ce%bd%ce%bf%cf%82-%cf%84%ce%b7%cf%82-%ce%bf%cf%81%ce%b8%cf%8c%ce%b4%ce%bf%ce%be%ce%b7%cf%82-%ce%b5%ce%ba%ce%ba%ce%bb%ce%b7%cf%83%ce%af\/\"},\"wordCount\":310,\"publisher\":{\"@id\":\"https:\/\/orthodoxia.be\/#organization\"},\"image\":{\"@id\":\"https:\/\/orthodoxia.be\/2022\/06\/16\/%ce%bf-%cf%80%cf%81%ce%bf%ce%ba%ce%b1%ce%b8%ce%ae%ce%bc%ce%b5%ce%bd%ce%bf%cf%82-%cf%84%ce%b7%cf%82-%ce%bf%cf%81%ce%b8%cf%8c%ce%b4%ce%bf%ce%be%ce%b7%cf%82-%ce%b5%ce%ba%ce%ba%ce%bb%ce%b7%cf%83%ce%af\/#primaryimage\"},\"thumbnailUrl\":\"https:\/\/orthodoxia.be\/wp-content\/uploads\/2022\/06\/DSC_8396.jpg\",\"articleSection\":[\"Actualit\u00e9\"],\"inLanguage\":\"fr-BE\"},{\"@type\":\"WebPage\",\"@id\":\"https:\/\/orthodoxia.be\/2022\/06\/16\/%ce%bf-%cf%80%cf%81%ce%bf%ce%ba%ce%b1%ce%b8%ce%ae%ce%bc%ce%b5%ce%bd%ce%bf%cf%82-%cf%84%ce%b7%cf%82-%ce%bf%cf%81%ce%b8%cf%8c%ce%b4%ce%bf%ce%be%ce%b7%cf%82-%ce%b5%ce%ba%ce%ba%ce%bb%ce%b7%cf%83%ce%af\/\",\"url\":\"https:\/\/orthodoxia.be\/2022\/06\/16\/%ce%bf-%cf%80%cf%81%ce%bf%ce%ba%ce%b1%ce%b8%ce%ae%ce%bc%ce%b5%ce%bd%ce%bf%cf%82-%cf%84%ce%b7%cf%82-%ce%bf%cf%81%ce%b8%cf%8c%ce%b4%ce%bf%ce%be%ce%b7%cf%82-%ce%b5%ce%ba%ce%ba%ce%bb%ce%b7%cf%83%ce%af\/\",\"name\":\"Le Pr\u00e9lat de l\u2019\u00c9glise Orthodoxe d\u2019Ukraine re\u00e7u \u00e0 l\u2019Archev\u00each\u00e9 de Belgique - Archev\u00each\u00e9 Orthodoxe de Belgique\",\"isPartOf\":{\"@id\":\"https:\/\/orthodoxia.be\/#website\"},\"primaryImageOfPage\":{\"@id\":\"https:\/\/orthodoxia.be\/2022\/06\/16\/%ce%bf-%cf%80%cf%81%ce%bf%ce%ba%ce%b1%ce%b8%ce%ae%ce%bc%ce%b5%ce%bd%ce%bf%cf%82-%cf%84%ce%b7%cf%82-%ce%bf%cf%81%ce%b8%cf%8c%ce%b4%ce%bf%ce%be%ce%b7%cf%82-%ce%b5%ce%ba%ce%ba%ce%bb%ce%b7%cf%83%ce%af\/#primaryimage\"},\"image\":{\"@id\":\"https:\/\/orthodoxia.be\/2022\/06\/16\/%ce%bf-%cf%80%cf%81%ce%bf%ce%ba%ce%b1%ce%b8%ce%ae%ce%bc%ce%b5%ce%bd%ce%bf%cf%82-%cf%84%ce%b7%cf%82-%ce%bf%cf%81%ce%b8%cf%8c%ce%b4%ce%bf%ce%be%ce%b7%cf%82-%ce%b5%ce%ba%ce%ba%ce%bb%ce%b7%cf%83%ce%af\/#primaryimage\"},\"thumbnailUrl\":\"https:\/\/orthodoxia.be\/wp-content\/uploads\/2022\/06\/DSC_8396.jpg\",\"datePublished\":\"2022-06-16T16:07:46+00:00\",\"dateModified\":\"2022-06-23T17:59:19+00:00\",\"breadcrumb\":{\"@id\":\"https:\/\/orthodoxia.be\/2022\/06\/16\/%ce%bf-%cf%80%cf%81%ce%bf%ce%ba%ce%b1%ce%b8%ce%ae%ce%bc%ce%b5%ce%bd%ce%bf%cf%82-%cf%84%ce%b7%cf%82-%ce%bf%cf%81%ce%b8%cf%8c%ce%b4%ce%bf%ce%be%ce%b7%cf%82-%ce%b5%ce%ba%ce%ba%ce%bb%ce%b7%cf%83%ce%af\/#breadcrumb\"},\"inLanguage\":\"fr-BE\",\"potentialAction\":[{\"@type\":\"ReadAction\",\"target\":[\"https:\/\/orthodoxia.be\/2022\/06\/16\/%ce%bf-%cf%80%cf%81%ce%bf%ce%ba%ce%b1%ce%b8%ce%ae%ce%bc%ce%b5%ce%bd%ce%bf%cf%82-%cf%84%ce%b7%cf%82-%ce%bf%cf%81%ce%b8%cf%8c%ce%b4%ce%bf%ce%be%ce%b7%cf%82-%ce%b5%ce%ba%ce%ba%ce%bb%ce%b7%cf%83%ce%af\/\"]}]},{\"@type\":\"ImageObject\",\"inLanguage\":\"fr-BE\",\"@id\":\"https:\/\/orthodoxia.be\/2022\/06\/16\/%ce%bf-%cf%80%cf%81%ce%bf%ce%ba%ce%b1%ce%b8%ce%ae%ce%bc%ce%b5%ce%bd%ce%bf%cf%82-%cf%84%ce%b7%cf%82-%ce%bf%cf%81%ce%b8%cf%8c%ce%b4%ce%bf%ce%be%ce%b7%cf%82-%ce%b5%ce%ba%ce%ba%ce%bb%ce%b7%cf%83%ce%af\/#primaryimage\",\"url\":\"https:\/\/orthodoxia.be\/wp-content\/uploads\/2022\/06\/DSC_8396.jpg\",\"contentUrl\":\"https:\/\/orthodoxia.be\/wp-content\/uploads\/2022\/06\/DSC_8396.jpg\",\"width\":1023,\"height\":683},{\"@type\":\"BreadcrumbList\",\"@id\":\"https:\/\/orthodoxia.be\/2022\/06\/16\/%ce%bf-%cf%80%cf%81%ce%bf%ce%ba%ce%b1%ce%b8%ce%ae%ce%bc%ce%b5%ce%bd%ce%bf%cf%82-%cf%84%ce%b7%cf%82-%ce%bf%cf%81%ce%b8%cf%8c%ce%b4%ce%bf%ce%be%ce%b7%cf%82-%ce%b5%ce%ba%ce%ba%ce%bb%ce%b7%cf%83%ce%af\/#breadcrumb\",\"itemListElement\":[{\"@type\":\"ListItem\",\"position\":1,\"name\":\"Home\",\"item\":\"https:\/\/orthodoxia.be\/fr\/\"},{\"@type\":\"ListItem\",\"position\":2,\"name\":\"Le Pr\u00e9lat de l\u2019\u00c9glise Orthodoxe d\u2019Ukraine re\u00e7u \u00e0 l\u2019Archev\u00each\u00e9 de Belgique\"}]},{\"@type\":\"WebSite\",\"@id\":\"https:\/\/orthodoxia.be\/#website\",\"url\":\"https:\/\/orthodoxia.be\/\",\"name\":\"Orthodox Archdiocese of Belgium (Benelux)\",\"description\":\"Exarque des Pays-Bas et du Luxembourg\",\"publisher\":{\"@id\":\"https:\/\/orthodoxia.be\/#organization\"},\"alternateName\":\"IMB\",\"potentialAction\":[{\"@type\":\"SearchAction\",\"target\":{\"@type\":\"EntryPoint\",\"urlTemplate\":\"https:\/\/orthodoxia.be\/?s={search_term_string}\"},\"query-input\":{\"@type\":\"PropertyValueSpecification\",\"valueRequired\":true,\"valueName\":\"search_term_string\"}}],\"inLanguage\":\"fr-BE\"},{\"@type\":\"Organization\",\"@id\":\"https:\/\/orthodoxia.be\/#organization\",\"name\":\"Orthodox Archdiocese of Belgium (Benelux)\",\"url\":\"https:\/\/orthodoxia.be\/\",\"logo\":{\"@type\":\"ImageObject\",\"inLanguage\":\"fr-BE\",\"@id\":\"https:\/\/orthodoxia.be\/#\/schema\/logo\/image\/\",\"url\":\"https:\/\/orthodoxia.be\/wp-content\/uploads\/2024\/02\/cropped-IMB-logo-512-cl-1.png\",\"contentUrl\":\"https:\/\/orthodoxia.be\/wp-content\/uploads\/2024\/02\/cropped-IMB-logo-512-cl-1.png\",\"width\":512,\"height\":512,\"caption\":\"Orthodox Archdiocese of Belgium (Benelux)\"},\"image\":{\"@id\":\"https:\/\/orthodoxia.be\/#\/schema\/logo\/image\/\"},\"sameAs\":[\"https:\/\/www.facebook.com\/orthobel\",\"https:\/\/x.com\/orthobel\",\"https:\/\/www.youtube.com\/c\/orthobel\",\"https:\/\/www.mixcloud.com\/orthobel\/\",\"https:\/\/www.flickr.com\/photos\/148264890@N07\/albums\",\"https:\/\/www.dailymotion.com\/Orthobel\"]},{\"@type\":\"Person\",\"@id\":\"https:\/\/orthodoxia.be\/#\/schema\/person\/f6c4fd8f4c3dfc201522ccccede872c4\",\"name\":\"fr. Emilianos Chatzivasileiou\",\"image\":{\"@type\":\"ImageObject\",\"inLanguage\":\"fr-BE\",\"@id\":\"https:\/\/orthodoxia.be\/#\/schema\/person\/image\/\",\"url\":\"https:\/\/secure.gravatar.com\/avatar\/5b67115dbb9ae1579c39e9ae857d39ac?s=96&d=mm&r=g\",\"contentUrl\":\"https:\/\/secure.gravatar.com\/avatar\/5b67115dbb9ae1579c39e9ae857d39ac?s=96&d=mm&r=g\",\"caption\":\"fr. Emilianos Chatzivasileiou\"},\"sameAs\":[\"http:\/\/orthodoxia.be\"],\"url\":\"https:\/\/orthodoxia.be\/fr\/author\/p-emilianos\/\"}]}<\/script>\n<!-- \/ Yoast SEO plugin. -->","yoast_head_json":{"title":"Le Pr\u00e9lat de l\u2019\u00c9glise Orthodoxe d\u2019Ukraine re\u00e7u \u00e0 l\u2019Archev\u00each\u00e9 de Belgique - Archev\u00each\u00e9 Orthodoxe de Belgique","robots":{"index":"index","follow":"follow","max-snippet":"max-snippet:-1","max-image-preview":"max-image-preview:large","max-video-preview":"max-video-preview:-1"},"canonical":"https:\/\/orthodoxia.be\/2022\/06\/16\/\u03bf-\u03c0\u03c1\u03bf\u03ba\u03b1\u03b8\u03ae\u03bc\u03b5\u03bd\u03bf\u03c2-\u03c4\u03b7\u03c2-\u03bf\u03c1\u03b8\u03cc\u03b4\u03bf\u03be\u03b7\u03c2-\u03b5\u03ba\u03ba\u03bb\u03b7\u03c3\u03af\/","og_locale":"fr_FR","og_type":"article","og_title":"Le Pr\u00e9lat de l\u2019\u00c9glise Orthodoxe d\u2019Ukraine re\u00e7u \u00e0 l\u2019Archev\u00each\u00e9 de Belgique - Archev\u00each\u00e9 Orthodoxe de Belgique","og_description":"Invit\u00e9 des instances europ\u00e9ennes \u00e0 Bruxelles, Sa B\u00e9atitude le M\u00e9tropolite Epiphanios de Kiev et de toute l\u2019Ukraine s\u2019est rendue le 16 juin 2022, en milieu de journ\u00e9e, au si\u00e8ge de l\u2019Archev\u00each\u00e9 de Belgique. Le Pr\u00e9lat de l\u2019\u00c9glise Orthodoxe d\u2019Ukraine, chaleureusement accueilli par Son \u00c9minence le M\u00e9tropolite Ath\u00e9nagoras de Belgique et Exarque des Pays-Bas et du &hellip; Continued","og_url":"https:\/\/orthodoxia.be\/2022\/06\/16\/\u03bf-\u03c0\u03c1\u03bf\u03ba\u03b1\u03b8\u03ae\u03bc\u03b5\u03bd\u03bf\u03c2-\u03c4\u03b7\u03c2-\u03bf\u03c1\u03b8\u03cc\u03b4\u03bf\u03be\u03b7\u03c2-\u03b5\u03ba\u03ba\u03bb\u03b7\u03c3\u03af\/","og_site_name":"Archev\u00each\u00e9 Orthodoxe de Belgique","article_publisher":"https:\/\/www.facebook.com\/orthobel","article_published_time":"2022-06-16T16:07:46+00:00","article_modified_time":"2022-06-23T17:59:19+00:00","og_image":[{"width":1023,"height":683,"url":"https:\/\/orthodoxia.be\/wp-content\/uploads\/2022\/06\/DSC_8396.jpg","type":"image\/jpeg"}],"author":"fr. Emilianos Chatzivasileiou","twitter_card":"summary_large_image","twitter_creator":"@orthobel","twitter_site":"@orthobel","twitter_misc":{"\u00c9crit par":"fr. Emilianos Chatzivasileiou","Dur\u00e9e de lecture est.":"1 minute"},"schema":{"@context":"https:\/\/schema.org","@graph":[{"@type":"Article","@id":"https:\/\/orthodoxia.be\/2022\/06\/16\/%ce%bf-%cf%80%cf%81%ce%bf%ce%ba%ce%b1%ce%b8%ce%ae%ce%bc%ce%b5%ce%bd%ce%bf%cf%82-%cf%84%ce%b7%cf%82-%ce%bf%cf%81%ce%b8%cf%8c%ce%b4%ce%bf%ce%be%ce%b7%cf%82-%ce%b5%ce%ba%ce%ba%ce%bb%ce%b7%cf%83%ce%af\/#article","isPartOf":{"@id":"https:\/\/orthodoxia.be\/2022\/06\/16\/%ce%bf-%cf%80%cf%81%ce%bf%ce%ba%ce%b1%ce%b8%ce%ae%ce%bc%ce%b5%ce%bd%ce%bf%cf%82-%cf%84%ce%b7%cf%82-%ce%bf%cf%81%ce%b8%cf%8c%ce%b4%ce%bf%ce%be%ce%b7%cf%82-%ce%b5%ce%ba%ce%ba%ce%bb%ce%b7%cf%83%ce%af\/"},"author":{"name":"fr. Emilianos Chatzivasileiou","@id":"https:\/\/orthodoxia.be\/#\/schema\/person\/f6c4fd8f4c3dfc201522ccccede872c4"},"headline":"Le Pr\u00e9lat de l\u2019\u00c9glise Orthodoxe d\u2019Ukraine re\u00e7u \u00e0 l\u2019Archev\u00each\u00e9 de Belgique","datePublished":"2022-06-16T16:07:46+00:00","dateModified":"2022-06-23T17:59:19+00:00","mainEntityOfPage":{"@id":"https:\/\/orthodoxia.be\/2022\/06\/16\/%ce%bf-%cf%80%cf%81%ce%bf%ce%ba%ce%b1%ce%b8%ce%ae%ce%bc%ce%b5%ce%bd%ce%bf%cf%82-%cf%84%ce%b7%cf%82-%ce%bf%cf%81%ce%b8%cf%8c%ce%b4%ce%bf%ce%be%ce%b7%cf%82-%ce%b5%ce%ba%ce%ba%ce%bb%ce%b7%cf%83%ce%af\/"},"wordCount":310,"publisher":{"@id":"https:\/\/orthodoxia.be\/#organization"},"image":{"@id":"https:\/\/orthodoxia.be\/2022\/06\/16\/%ce%bf-%cf%80%cf%81%ce%bf%ce%ba%ce%b1%ce%b8%ce%ae%ce%bc%ce%b5%ce%bd%ce%bf%cf%82-%cf%84%ce%b7%cf%82-%ce%bf%cf%81%ce%b8%cf%8c%ce%b4%ce%bf%ce%be%ce%b7%cf%82-%ce%b5%ce%ba%ce%ba%ce%bb%ce%b7%cf%83%ce%af\/#primaryimage"},"thumbnailUrl":"https:\/\/orthodoxia.be\/wp-content\/uploads\/2022\/06\/DSC_8396.jpg","articleSection":["Actualit\u00e9"],"inLanguage":"fr-BE"},{"@type":"WebPage","@id":"https:\/\/orthodoxia.be\/2022\/06\/16\/%ce%bf-%cf%80%cf%81%ce%bf%ce%ba%ce%b1%ce%b8%ce%ae%ce%bc%ce%b5%ce%bd%ce%bf%cf%82-%cf%84%ce%b7%cf%82-%ce%bf%cf%81%ce%b8%cf%8c%ce%b4%ce%bf%ce%be%ce%b7%cf%82-%ce%b5%ce%ba%ce%ba%ce%bb%ce%b7%cf%83%ce%af\/","url":"https:\/\/orthodoxia.be\/2022\/06\/16\/%ce%bf-%cf%80%cf%81%ce%bf%ce%ba%ce%b1%ce%b8%ce%ae%ce%bc%ce%b5%ce%bd%ce%bf%cf%82-%cf%84%ce%b7%cf%82-%ce%bf%cf%81%ce%b8%cf%8c%ce%b4%ce%bf%ce%be%ce%b7%cf%82-%ce%b5%ce%ba%ce%ba%ce%bb%ce%b7%cf%83%ce%af\/","name":"Le Pr\u00e9lat de l\u2019\u00c9glise Orthodoxe d\u2019Ukraine re\u00e7u \u00e0 l\u2019Archev\u00each\u00e9 de Belgique - Archev\u00each\u00e9 Orthodoxe de Belgique","isPartOf":{"@id":"https:\/\/orthodoxia.be\/#website"},"primaryImageOfPage":{"@id":"https:\/\/orthodoxia.be\/2022\/06\/16\/%ce%bf-%cf%80%cf%81%ce%bf%ce%ba%ce%b1%ce%b8%ce%ae%ce%bc%ce%b5%ce%bd%ce%bf%cf%82-%cf%84%ce%b7%cf%82-%ce%bf%cf%81%ce%b8%cf%8c%ce%b4%ce%bf%ce%be%ce%b7%cf%82-%ce%b5%ce%ba%ce%ba%ce%bb%ce%b7%cf%83%ce%af\/#primaryimage"},"image":{"@id":"https:\/\/orthodoxia.be\/2022\/06\/16\/%ce%bf-%cf%80%cf%81%ce%bf%ce%ba%ce%b1%ce%b8%ce%ae%ce%bc%ce%b5%ce%bd%ce%bf%cf%82-%cf%84%ce%b7%cf%82-%ce%bf%cf%81%ce%b8%cf%8c%ce%b4%ce%bf%ce%be%ce%b7%cf%82-%ce%b5%ce%ba%ce%ba%ce%bb%ce%b7%cf%83%ce%af\/#primaryimage"},"thumbnailUrl":"https:\/\/orthodoxia.be\/wp-content\/uploads\/2022\/06\/DSC_8396.jpg","datePublished":"2022-06-16T16:07:46+00:00","dateModified":"2022-06-23T17:59:19+00:00","breadcrumb":{"@id":"https:\/\/orthodoxia.be\/2022\/06\/16\/%ce%bf-%cf%80%cf%81%ce%bf%ce%ba%ce%b1%ce%b8%ce%ae%ce%bc%ce%b5%ce%bd%ce%bf%cf%82-%cf%84%ce%b7%cf%82-%ce%bf%cf%81%ce%b8%cf%8c%ce%b4%ce%bf%ce%be%ce%b7%cf%82-%ce%b5%ce%ba%ce%ba%ce%bb%ce%b7%cf%83%ce%af\/#breadcrumb"},"inLanguage":"fr-BE","potentialAction":[{"@type":"ReadAction","target":["https:\/\/orthodoxia.be\/2022\/06\/16\/%ce%bf-%cf%80%cf%81%ce%bf%ce%ba%ce%b1%ce%b8%ce%ae%ce%bc%ce%b5%ce%bd%ce%bf%cf%82-%cf%84%ce%b7%cf%82-%ce%bf%cf%81%ce%b8%cf%8c%ce%b4%ce%bf%ce%be%ce%b7%cf%82-%ce%b5%ce%ba%ce%ba%ce%bb%ce%b7%cf%83%ce%af\/"]}]},{"@type":"ImageObject","inLanguage":"fr-BE","@id":"https:\/\/orthodoxia.be\/2022\/06\/16\/%ce%bf-%cf%80%cf%81%ce%bf%ce%ba%ce%b1%ce%b8%ce%ae%ce%bc%ce%b5%ce%bd%ce%bf%cf%82-%cf%84%ce%b7%cf%82-%ce%bf%cf%81%ce%b8%cf%8c%ce%b4%ce%bf%ce%be%ce%b7%cf%82-%ce%b5%ce%ba%ce%ba%ce%bb%ce%b7%cf%83%ce%af\/#primaryimage","url":"https:\/\/orthodoxia.be\/wp-content\/uploads\/2022\/06\/DSC_8396.jpg","contentUrl":"https:\/\/orthodoxia.be\/wp-content\/uploads\/2022\/06\/DSC_8396.jpg","width":1023,"height":683},{"@type":"BreadcrumbList","@id":"https:\/\/orthodoxia.be\/2022\/06\/16\/%ce%bf-%cf%80%cf%81%ce%bf%ce%ba%ce%b1%ce%b8%ce%ae%ce%bc%ce%b5%ce%bd%ce%bf%cf%82-%cf%84%ce%b7%cf%82-%ce%bf%cf%81%ce%b8%cf%8c%ce%b4%ce%bf%ce%be%ce%b7%cf%82-%ce%b5%ce%ba%ce%ba%ce%bb%ce%b7%cf%83%ce%af\/#breadcrumb","itemListElement":[{"@type":"ListItem","position":1,"name":"Home","item":"https:\/\/orthodoxia.be\/fr\/"},{"@type":"ListItem","position":2,"name":"Le Pr\u00e9lat de l\u2019\u00c9glise Orthodoxe d\u2019Ukraine re\u00e7u \u00e0 l\u2019Archev\u00each\u00e9 de Belgique"}]},{"@type":"WebSite","@id":"https:\/\/orthodoxia.be\/#website","url":"https:\/\/orthodoxia.be\/","name":"Orthodox Archdiocese of Belgium (Benelux)","description":"Exarque des Pays-Bas et du Luxembourg","publisher":{"@id":"https:\/\/orthodoxia.be\/#organization"},"alternateName":"IMB","potentialAction":[{"@type":"SearchAction","target":{"@type":"EntryPoint","urlTemplate":"https:\/\/orthodoxia.be\/?s={search_term_string}"},"query-input":{"@type":"PropertyValueSpecification","valueRequired":true,"valueName":"search_term_string"}}],"inLanguage":"fr-BE"},{"@type":"Organization","@id":"https:\/\/orthodoxia.be\/#organization","name":"Orthodox Archdiocese of Belgium (Benelux)","url":"https:\/\/orthodoxia.be\/","logo":{"@type":"ImageObject","inLanguage":"fr-BE","@id":"https:\/\/orthodoxia.be\/#\/schema\/logo\/image\/","url":"https:\/\/orthodoxia.be\/wp-content\/uploads\/2024\/02\/cropped-IMB-logo-512-cl-1.png","contentUrl":"https:\/\/orthodoxia.be\/wp-content\/uploads\/2024\/02\/cropped-IMB-logo-512-cl-1.png","width":512,"height":512,"caption":"Orthodox Archdiocese of Belgium (Benelux)"},"image":{"@id":"https:\/\/orthodoxia.be\/#\/schema\/logo\/image\/"},"sameAs":["https:\/\/www.facebook.com\/orthobel","https:\/\/x.com\/orthobel","https:\/\/www.youtube.com\/c\/orthobel","https:\/\/www.mixcloud.com\/orthobel\/","https:\/\/www.flickr.com\/photos\/148264890@N07\/albums","https:\/\/www.dailymotion.com\/Orthobel"]},{"@type":"Person","@id":"https:\/\/orthodoxia.be\/#\/schema\/person\/f6c4fd8f4c3dfc201522ccccede872c4","name":"fr. Emilianos Chatzivasileiou","image":{"@type":"ImageObject","inLanguage":"fr-BE","@id":"https:\/\/orthodoxia.be\/#\/schema\/person\/image\/","url":"https:\/\/secure.gravatar.com\/avatar\/5b67115dbb9ae1579c39e9ae857d39ac?s=96&d=mm&r=g","contentUrl":"https:\/\/secure.gravatar.com\/avatar\/5b67115dbb9ae1579c39e9ae857d39ac?s=96&d=mm&r=g","caption":"fr. Emilianos Chatzivasileiou"},"sameAs":["http:\/\/orthodoxia.be"],"url":"https:\/\/orthodoxia.be\/fr\/author\/p-emilianos\/"}]}},"_links":{"self":[{"href":"https:\/\/orthodoxia.be\/fr\/wp-json\/wp\/v2\/posts\/38389","targetHints":{"allow":["GET"]}}],"collection":[{"href":"https:\/\/orthodoxia.be\/fr\/wp-json\/wp\/v2\/posts"}],"about":[{"href":"https:\/\/orthodoxia.be\/fr\/wp-json\/wp\/v2\/types\/post"}],"author":[{"embeddable":true,"href":"https:\/\/orthodoxia.be\/fr\/wp-json\/wp\/v2\/users\/10"}],"replies":[{"embeddable":true,"href":"https:\/\/orthodoxia.be\/fr\/wp-json\/wp\/v2\/comments?post=38389"}],"version-history":[{"count":1,"href":"https:\/\/orthodoxia.be\/fr\/wp-json\/wp\/v2\/posts\/38389\/revisions"}],"predecessor-version":[{"id":38390,"href":"https:\/\/orthodoxia.be\/fr\/wp-json\/wp\/v2\/posts\/38389\/revisions\/38390"}],"wp:featuredmedia":[{"embeddable":true,"href":"https:\/\/orthodoxia.be\/fr\/wp-json\/wp\/v2\/media\/38358"}],"wp:attachment":[{"href":"https:\/\/orthodoxia.be\/fr\/wp-json\/wp\/v2\/media?parent=38389"}],"wp:term":[{"taxonomy":"category","embeddable":true,"href":"https:\/\/orthodoxia.be\/fr\/wp-json\/wp\/v2\/categories?post=38389"},{"taxonomy":"post_tag","embeddable":true,"href":"https:\/\/orthodoxia.be\/fr\/wp-json\/wp\/v2\/tags?post=38389"}],"curies":[{"name":"wp","href":"https:\/\/api.w.org\/{rel}","templated":true}]}}