{"id":39031,"date":"2022-09-12T18:54:33","date_gmt":"2022-09-12T16:54:33","guid":{"rendered":"http:\/\/orthodoxia.be\/?p=39031"},"modified":"2022-09-12T18:54:51","modified_gmt":"2022-09-12T16:54:51","slug":"le-metropolite-athenagoras-a-celebre-la-liturgie-pour-la-premiere-fois-en-la-paroisse-st-nicolas-a-amsterdam","status":"publish","type":"post","link":"https:\/\/orthodoxia.be\/fr\/2022\/09\/12\/le-metropolite-athenagoras-a-celebre-la-liturgie-pour-la-premiere-fois-en-la-paroisse-st-nicolas-a-amsterdam\/","title":{"rendered":"Le M\u00e9tropolite Ath\u00e9nagoras a c\u00e9l\u00e9br\u00e9 la Liturgie pour la premi\u00e8re fois en la Paroisse St-Nicolas \u00e0 Amsterdam"},"content":{"rendered":"<p style=\"text-align: justify;\">Le dimanche 11 septembre 2022 Son Eminence le M\u00e9tropolite Ath\u00e9nagoras de Belgique et Exarque des Pays-Bas et du Luxembourg a c\u00e9l\u00e9br\u00e9 pour la premi\u00e8re fois une Divine Liturgie en l&#8217;\u00e9glise Saint-Nicolas de Myre \u00e0 Amsterdam. Cette paroisse appartenait depuis sa fondation en 1974 au Patriarcat de Moscou, jusqu&#8217;\u00e0 ce que la majorit\u00e9 du clerg\u00e9 et des fid\u00e8les d\u00e9cident plus t\u00f4t cette ann\u00e9e de se placer sous le Patriarcat \u0152cum\u00e9nique. Par d\u00e9cision du Saint-Synode de l&#8217;\u00c9glise-M\u00e8re de Constantinople, la Paroisse a \u00e9t\u00e9 canoniquement incorpor\u00e9e \u00e0 la juridiction du Tr\u00f4ne \u0152cum\u00e9nique et transf\u00e9r\u00e9e \u00e0 l&#8217;Archev\u00each\u00e9 de Belgique et Exarchat des Pays-Bas et du Luxembourg.<\/p>\n<p style=\"text-align: justify;\">Les pr\u00eatres de la Paroisse, ainsi que quelques clercs venant de l\u2019\u00e9tranger qui s&#8217;\u00e9taient rendus aux Pays-Bas pour l&#8217;ouverture de l&#8217;Institut Orthodoxe de Saint Ir\u00e9n\u00e9e (Universit\u00e9 Radboud de Nim\u00e8gue), ont conc\u00e9l\u00e9br\u00e9 avec Son Eminence le M\u00e9tropolite Ath\u00e9nagoras. Avant la Divine Liturgie, deux lecteurs ont \u00e9t\u00e9 ordonn\u00e9s. La Divine Liturgie \u00e9tait principalement c\u00e9l\u00e9br\u00e9e en n\u00e9erlandais et en slavon d&#8217;\u00e9glise.<\/p>\n<p style=\"text-align: justify;\">Dans son hom\u00e9lie, le M\u00e9tropolite Ath\u00e9nagoras a associ\u00e9 le premier jour de l&#8217;ann\u00e9e eccl\u00e9siastique \u2013 qui est consacr\u00e9 \u00e0 la pr\u00e9servation de la Cr\u00e9ation de Dieu \u2013 \u00e0 la parabole des vignerons, appelant les fid\u00e8les \u00e0 ne pas ressembler aux vignerons ingrats. \u201cMais rendons gr\u00e2ce pour ce qui nous a \u00e9t\u00e9 donn\u00e9, voyons comment nous pouvons reconna\u00eetre nos p\u00e9ch\u00e9s, faisons tout notre possible pour \u00eatre humbles, apprenons \u00e0 faire p\u00e9nitence et \u00e0 trouver un appui dans le Christ, qui, pierre angulaire &#8211; cette pierre rejet\u00e9e par l&#8217;humanit\u00e9- est le fondement de notre salut\u201d.<\/p>\n<p style=\"text-align: justify;\">A la fin de la Liturgie, le recteur de la Paroisse, l&#8217;Archimandrite Meletios Webber, a exprim\u00e9 la joie de tous de pouvoir accueuillir leur nouveau m\u00e9tropolite, Son Eminence Mgr Ath\u00e9nagoras. Le clerg\u00e9 et les paroissiens attendaient avec impatience cette journ\u00e9e particuli\u00e8re qui ouvrait un nouveau chapitre de leur paroisse. Le M\u00e9tropolite Ath\u00e9nagoras a soulign\u00e9 que nous sommes appel\u00e9s \u00e0 former une v\u00e9ritable \u00c9glise locale et que tous les chr\u00e9tiens orthodoxes d&#8217;un lieu ou d&#8217;une r\u00e9gion donn\u00e9e devraient se rassembler autour d&#8217;un seul et m\u00eame \u00e9v\u00eaque, comme l&#8217;exigent les ordonnances de l&#8217;\u00c9glise. Nous sommes appel\u00e9s \u00e0 \u00eatre une communaut\u00e9 pentecostale permanente, dans laquelle chacun parle dans sa propre langue, ayant une unit\u00e9 parfaite. Le M\u00e9tropolite a \u00e9galement appel\u00e9 \u00e0 la pri\u00e8re pour la paix dans le monde. \u00abNotre mod\u00e8le est le Christ, Lui qui est le Prince de la Paix! T\u00e9moignons ensemble de la pr\u00e9sence du Christ dans le monde\u00bb! La Liturgie a \u00e9t\u00e9 suivi d&#8217;agapes dans la salle paroissiale.<\/p>\n<p style=\"text-align: justify;\">La paroisse a donc \u00e9t\u00e9 fond\u00e9e en 1974 par un petit groupe de chr\u00e9tiens orthodoxes \u2013 russes, serbes et hollandais \u2013 qui cherchaient un lieu de pri\u00e8re et de rencontre. A leur t\u00eate, le p\u00e8re Alexis Voogd et son \u00e9pouse russe, Tatiana Voogd-Stojanova, qui aspiraient \u00e0 une communaut\u00e9 enracin\u00e9e dans la spiritualit\u00e9 russe, mais ouverte \u00e0 la langue et \u00e0 la culture n\u00e9erlandaises. Le M\u00e9tropolite Anthony (Bloom) de Sourozh a jou\u00e9 un r\u00f4le important \u00e0 cet \u00e9gard. Le saint patron de la paroisse devint naturellement saint Nicolas de Myre, grand saint de l&#8217;\u00c9glise orthodoxe, mais aussi saint patron de la ville d&#8217;Amsterdam.<\/p>\n<p style=\"text-align: justify;\">En 2006, la paroisse a achet\u00e9 une plus grande \u00e9glise dans le quartier &#8216;Jordaan&#8217; d&#8217;Amsterdam: le Tichelkerk avec le complexe monastique associ\u00e9. La spacieuse \u00e9glise n\u00e9o-romane a \u00e9t\u00e9 progressivement adapt\u00e9e au culte orthodoxe. En 2010, une iconostase en pierre sculpt\u00e9e a \u00e9t\u00e9 install\u00e9e. Un baptist\u00e8re avec mosa\u00efques et une seconde iconostase ont \u00e9galement \u00e9t\u00e9 am\u00e9nag\u00e9s. La d\u00e9coration de l&#8217;\u00e9glise et du baptist\u00e8re s&#8217;inspire de l&#8217;art du christianisme primitif et indivis. La paroisse a un caract\u00e8re ouvert et international et compte plus de 20 nationalit\u00e9s. Les services (en n\u00e9erlandais, russe et anglais) et la pastorale sont assur\u00e9s par 4 pr\u00eatres et 3 diacres.<\/p>\n<p style=\"text-align: justify;\">[FAGP id=39033]<\/p>\n","protected":false},"excerpt":{"rendered":"<p>Le dimanche 11 septembre 2022 Son Eminence le M\u00e9tropolite Ath\u00e9nagoras de Belgique et Exarque des Pays-Bas et du Luxembourg a c\u00e9l\u00e9br\u00e9 pour la premi\u00e8re fois une Divine Liturgie en l&#8217;\u00e9glise Saint-Nicolas de Myre \u00e0 Amsterdam. Cette paroisse appartenait depuis sa fondation en 1974 au Patriarcat de Moscou, jusqu&#8217;\u00e0 ce que la majorit\u00e9 du clerg\u00e9 et &hellip; <a href=\"https:\/\/orthodoxia.be\/fr\/2022\/09\/12\/le-metropolite-athenagoras-a-celebre-la-liturgie-pour-la-premiere-fois-en-la-paroisse-st-nicolas-a-amsterdam\/\">Continued<\/a><\/p>\n","protected":false},"author":10,"featured_media":39034,"comment_status":"closed","ping_status":"open","sticky":false,"template":"","format":"standard","meta":{"_acf_changed":false,"footnotes":""},"categories":[14],"tags":[],"class_list":["post-39031","post","type-post","status-publish","format-standard","has-post-thumbnail","hentry","category-actualite"],"acf":[],"yoast_head":"<!-- This site is optimized with the Yoast SEO plugin v24.3 - https:\/\/yoast.com\/wordpress\/plugins\/seo\/ -->\n<title>Le M\u00e9tropolite Ath\u00e9nagoras a c\u00e9l\u00e9br\u00e9 la Liturgie pour la premi\u00e8re fois en la Paroisse St-Nicolas \u00e0 Amsterdam - Archev\u00each\u00e9 Orthodoxe de Belgique<\/title>\n<meta name=\"robots\" content=\"index, follow, max-snippet:-1, max-image-preview:large, max-video-preview:-1\" \/>\n<link rel=\"canonical\" href=\"https:\/\/orthodoxia.be\/fr\/2022\/09\/12\/le-metropolite-athenagoras-a-celebre-la-liturgie-pour-la-premiere-fois-en-la-paroisse-st-nicolas-a-amsterdam\/\" \/>\n<meta property=\"og:locale\" content=\"fr_FR\" \/>\n<meta property=\"og:type\" content=\"article\" \/>\n<meta property=\"og:title\" content=\"Le M\u00e9tropolite Ath\u00e9nagoras a c\u00e9l\u00e9br\u00e9 la Liturgie pour la premi\u00e8re fois en la Paroisse St-Nicolas \u00e0 Amsterdam - Archev\u00each\u00e9 Orthodoxe de Belgique\" \/>\n<meta property=\"og:description\" content=\"Le dimanche 11 septembre 2022 Son Eminence le M\u00e9tropolite Ath\u00e9nagoras de Belgique et Exarque des Pays-Bas et du Luxembourg a c\u00e9l\u00e9br\u00e9 pour la premi\u00e8re fois une Divine Liturgie en l&#8217;\u00e9glise Saint-Nicolas de Myre \u00e0 Amsterdam. Cette paroisse appartenait depuis sa fondation en 1974 au Patriarcat de Moscou, jusqu&#8217;\u00e0 ce que la majorit\u00e9 du clerg\u00e9 et &hellip; Continued\" \/>\n<meta property=\"og:url\" content=\"https:\/\/orthodoxia.be\/fr\/2022\/09\/12\/le-metropolite-athenagoras-a-celebre-la-liturgie-pour-la-premiere-fois-en-la-paroisse-st-nicolas-a-amsterdam\/\" \/>\n<meta property=\"og:site_name\" content=\"Archev\u00each\u00e9 Orthodoxe de Belgique\" \/>\n<meta property=\"article:publisher\" content=\"https:\/\/www.facebook.com\/orthobel\" \/>\n<meta property=\"article:published_time\" content=\"2022-09-12T16:54:33+00:00\" \/>\n<meta property=\"article:modified_time\" content=\"2022-09-12T16:54:51+00:00\" \/>\n<meta property=\"og:image\" content=\"https:\/\/orthodoxia.be\/wp-content\/uploads\/2022\/09\/IMG_6148-e1663001665802.jpg\" \/>\n\t<meta property=\"og:image:width\" content=\"1023\" \/>\n\t<meta property=\"og:image:height\" content=\"767\" \/>\n\t<meta property=\"og:image:type\" content=\"image\/jpeg\" \/>\n<meta name=\"author\" content=\"fr. Emilianos Chatzivasileiou\" \/>\n<meta name=\"twitter:card\" content=\"summary_large_image\" \/>\n<meta name=\"twitter:creator\" content=\"@orthobel\" \/>\n<meta name=\"twitter:site\" content=\"@orthobel\" \/>\n<meta name=\"twitter:label1\" content=\"\u00c9crit par\" \/>\n\t<meta name=\"twitter:data1\" content=\"fr. Emilianos Chatzivasileiou\" \/>\n\t<meta name=\"twitter:label2\" content=\"Dur\u00e9e de lecture est.\" \/>\n\t<meta name=\"twitter:data2\" content=\"3 minutes\" \/>\n<script type=\"application\/ld+json\" class=\"yoast-schema-graph\">{\"@context\":\"https:\/\/schema.org\",\"@graph\":[{\"@type\":\"Article\",\"@id\":\"https:\/\/orthodoxia.be\/fr\/2022\/09\/12\/le-metropolite-athenagoras-a-celebre-la-liturgie-pour-la-premiere-fois-en-la-paroisse-st-nicolas-a-amsterdam\/#article\",\"isPartOf\":{\"@id\":\"https:\/\/orthodoxia.be\/fr\/2022\/09\/12\/le-metropolite-athenagoras-a-celebre-la-liturgie-pour-la-premiere-fois-en-la-paroisse-st-nicolas-a-amsterdam\/\"},\"author\":{\"name\":\"fr. Emilianos Chatzivasileiou\",\"@id\":\"https:\/\/orthodoxia.be\/#\/schema\/person\/f6c4fd8f4c3dfc201522ccccede872c4\"},\"headline\":\"Le M\u00e9tropolite Ath\u00e9nagoras a c\u00e9l\u00e9br\u00e9 la Liturgie pour la premi\u00e8re fois en la Paroisse St-Nicolas \u00e0 Amsterdam\",\"datePublished\":\"2022-09-12T16:54:33+00:00\",\"dateModified\":\"2022-09-12T16:54:51+00:00\",\"mainEntityOfPage\":{\"@id\":\"https:\/\/orthodoxia.be\/fr\/2022\/09\/12\/le-metropolite-athenagoras-a-celebre-la-liturgie-pour-la-premiere-fois-en-la-paroisse-st-nicolas-a-amsterdam\/\"},\"wordCount\":723,\"publisher\":{\"@id\":\"https:\/\/orthodoxia.be\/#organization\"},\"image\":{\"@id\":\"https:\/\/orthodoxia.be\/fr\/2022\/09\/12\/le-metropolite-athenagoras-a-celebre-la-liturgie-pour-la-premiere-fois-en-la-paroisse-st-nicolas-a-amsterdam\/#primaryimage\"},\"thumbnailUrl\":\"https:\/\/orthodoxia.be\/wp-content\/uploads\/2022\/09\/IMG_6148-e1663001665802.jpg\",\"articleSection\":[\"Actualit\u00e9\"],\"inLanguage\":\"fr-BE\"},{\"@type\":\"WebPage\",\"@id\":\"https:\/\/orthodoxia.be\/fr\/2022\/09\/12\/le-metropolite-athenagoras-a-celebre-la-liturgie-pour-la-premiere-fois-en-la-paroisse-st-nicolas-a-amsterdam\/\",\"url\":\"https:\/\/orthodoxia.be\/fr\/2022\/09\/12\/le-metropolite-athenagoras-a-celebre-la-liturgie-pour-la-premiere-fois-en-la-paroisse-st-nicolas-a-amsterdam\/\",\"name\":\"Le M\u00e9tropolite Ath\u00e9nagoras a c\u00e9l\u00e9br\u00e9 la Liturgie pour la premi\u00e8re fois en la Paroisse St-Nicolas \u00e0 Amsterdam - Archev\u00each\u00e9 Orthodoxe de Belgique\",\"isPartOf\":{\"@id\":\"https:\/\/orthodoxia.be\/#website\"},\"primaryImageOfPage\":{\"@id\":\"https:\/\/orthodoxia.be\/fr\/2022\/09\/12\/le-metropolite-athenagoras-a-celebre-la-liturgie-pour-la-premiere-fois-en-la-paroisse-st-nicolas-a-amsterdam\/#primaryimage\"},\"image\":{\"@id\":\"https:\/\/orthodoxia.be\/fr\/2022\/09\/12\/le-metropolite-athenagoras-a-celebre-la-liturgie-pour-la-premiere-fois-en-la-paroisse-st-nicolas-a-amsterdam\/#primaryimage\"},\"thumbnailUrl\":\"https:\/\/orthodoxia.be\/wp-content\/uploads\/2022\/09\/IMG_6148-e1663001665802.jpg\",\"datePublished\":\"2022-09-12T16:54:33+00:00\",\"dateModified\":\"2022-09-12T16:54:51+00:00\",\"breadcrumb\":{\"@id\":\"https:\/\/orthodoxia.be\/fr\/2022\/09\/12\/le-metropolite-athenagoras-a-celebre-la-liturgie-pour-la-premiere-fois-en-la-paroisse-st-nicolas-a-amsterdam\/#breadcrumb\"},\"inLanguage\":\"fr-BE\",\"potentialAction\":[{\"@type\":\"ReadAction\",\"target\":[\"https:\/\/orthodoxia.be\/fr\/2022\/09\/12\/le-metropolite-athenagoras-a-celebre-la-liturgie-pour-la-premiere-fois-en-la-paroisse-st-nicolas-a-amsterdam\/\"]}]},{\"@type\":\"ImageObject\",\"inLanguage\":\"fr-BE\",\"@id\":\"https:\/\/orthodoxia.be\/fr\/2022\/09\/12\/le-metropolite-athenagoras-a-celebre-la-liturgie-pour-la-premiere-fois-en-la-paroisse-st-nicolas-a-amsterdam\/#primaryimage\",\"url\":\"https:\/\/orthodoxia.be\/wp-content\/uploads\/2022\/09\/IMG_6148-e1663001665802.jpg\",\"contentUrl\":\"https:\/\/orthodoxia.be\/wp-content\/uploads\/2022\/09\/IMG_6148-e1663001665802.jpg\",\"width\":1023,\"height\":767},{\"@type\":\"BreadcrumbList\",\"@id\":\"https:\/\/orthodoxia.be\/fr\/2022\/09\/12\/le-metropolite-athenagoras-a-celebre-la-liturgie-pour-la-premiere-fois-en-la-paroisse-st-nicolas-a-amsterdam\/#breadcrumb\",\"itemListElement\":[{\"@type\":\"ListItem\",\"position\":1,\"name\":\"Home\",\"item\":\"https:\/\/orthodoxia.be\/fr\/\"},{\"@type\":\"ListItem\",\"position\":2,\"name\":\"Le M\u00e9tropolite Ath\u00e9nagoras a c\u00e9l\u00e9br\u00e9 la Liturgie pour la premi\u00e8re fois en la Paroisse St-Nicolas \u00e0 Amsterdam\"}]},{\"@type\":\"WebSite\",\"@id\":\"https:\/\/orthodoxia.be\/#website\",\"url\":\"https:\/\/orthodoxia.be\/\",\"name\":\"Orthodox Archdiocese of Belgium (Benelux)\",\"description\":\"Exarque des Pays-Bas et du Luxembourg\",\"publisher\":{\"@id\":\"https:\/\/orthodoxia.be\/#organization\"},\"alternateName\":\"IMB\",\"potentialAction\":[{\"@type\":\"SearchAction\",\"target\":{\"@type\":\"EntryPoint\",\"urlTemplate\":\"https:\/\/orthodoxia.be\/?s={search_term_string}\"},\"query-input\":{\"@type\":\"PropertyValueSpecification\",\"valueRequired\":true,\"valueName\":\"search_term_string\"}}],\"inLanguage\":\"fr-BE\"},{\"@type\":\"Organization\",\"@id\":\"https:\/\/orthodoxia.be\/#organization\",\"name\":\"Orthodox Archdiocese of Belgium (Benelux)\",\"url\":\"https:\/\/orthodoxia.be\/\",\"logo\":{\"@type\":\"ImageObject\",\"inLanguage\":\"fr-BE\",\"@id\":\"https:\/\/orthodoxia.be\/#\/schema\/logo\/image\/\",\"url\":\"https:\/\/orthodoxia.be\/wp-content\/uploads\/2024\/02\/cropped-IMB-logo-512-cl-1.png\",\"contentUrl\":\"https:\/\/orthodoxia.be\/wp-content\/uploads\/2024\/02\/cropped-IMB-logo-512-cl-1.png\",\"width\":512,\"height\":512,\"caption\":\"Orthodox Archdiocese of Belgium (Benelux)\"},\"image\":{\"@id\":\"https:\/\/orthodoxia.be\/#\/schema\/logo\/image\/\"},\"sameAs\":[\"https:\/\/www.facebook.com\/orthobel\",\"https:\/\/x.com\/orthobel\",\"https:\/\/www.youtube.com\/c\/orthobel\",\"https:\/\/www.mixcloud.com\/orthobel\/\",\"https:\/\/www.flickr.com\/photos\/148264890@N07\/albums\",\"https:\/\/www.dailymotion.com\/Orthobel\"]},{\"@type\":\"Person\",\"@id\":\"https:\/\/orthodoxia.be\/#\/schema\/person\/f6c4fd8f4c3dfc201522ccccede872c4\",\"name\":\"fr. Emilianos Chatzivasileiou\",\"image\":{\"@type\":\"ImageObject\",\"inLanguage\":\"fr-BE\",\"@id\":\"https:\/\/orthodoxia.be\/#\/schema\/person\/image\/\",\"url\":\"https:\/\/secure.gravatar.com\/avatar\/5b67115dbb9ae1579c39e9ae857d39ac?s=96&d=mm&r=g\",\"contentUrl\":\"https:\/\/secure.gravatar.com\/avatar\/5b67115dbb9ae1579c39e9ae857d39ac?s=96&d=mm&r=g\",\"caption\":\"fr. Emilianos Chatzivasileiou\"},\"sameAs\":[\"http:\/\/orthodoxia.be\"],\"url\":\"https:\/\/orthodoxia.be\/fr\/author\/p-emilianos\/\"}]}<\/script>\n<!-- \/ Yoast SEO plugin. -->","yoast_head_json":{"title":"Le M\u00e9tropolite Ath\u00e9nagoras a c\u00e9l\u00e9br\u00e9 la Liturgie pour la premi\u00e8re fois en la Paroisse St-Nicolas \u00e0 Amsterdam - Archev\u00each\u00e9 Orthodoxe de Belgique","robots":{"index":"index","follow":"follow","max-snippet":"max-snippet:-1","max-image-preview":"max-image-preview:large","max-video-preview":"max-video-preview:-1"},"canonical":"https:\/\/orthodoxia.be\/fr\/2022\/09\/12\/le-metropolite-athenagoras-a-celebre-la-liturgie-pour-la-premiere-fois-en-la-paroisse-st-nicolas-a-amsterdam\/","og_locale":"fr_FR","og_type":"article","og_title":"Le M\u00e9tropolite Ath\u00e9nagoras a c\u00e9l\u00e9br\u00e9 la Liturgie pour la premi\u00e8re fois en la Paroisse St-Nicolas \u00e0 Amsterdam - Archev\u00each\u00e9 Orthodoxe de Belgique","og_description":"Le dimanche 11 septembre 2022 Son Eminence le M\u00e9tropolite Ath\u00e9nagoras de Belgique et Exarque des Pays-Bas et du Luxembourg a c\u00e9l\u00e9br\u00e9 pour la premi\u00e8re fois une Divine Liturgie en l&#8217;\u00e9glise Saint-Nicolas de Myre \u00e0 Amsterdam. Cette paroisse appartenait depuis sa fondation en 1974 au Patriarcat de Moscou, jusqu&#8217;\u00e0 ce que la majorit\u00e9 du clerg\u00e9 et &hellip; Continued","og_url":"https:\/\/orthodoxia.be\/fr\/2022\/09\/12\/le-metropolite-athenagoras-a-celebre-la-liturgie-pour-la-premiere-fois-en-la-paroisse-st-nicolas-a-amsterdam\/","og_site_name":"Archev\u00each\u00e9 Orthodoxe de Belgique","article_publisher":"https:\/\/www.facebook.com\/orthobel","article_published_time":"2022-09-12T16:54:33+00:00","article_modified_time":"2022-09-12T16:54:51+00:00","og_image":[{"width":1023,"height":767,"url":"https:\/\/orthodoxia.be\/wp-content\/uploads\/2022\/09\/IMG_6148-e1663001665802.jpg","type":"image\/jpeg"}],"author":"fr. Emilianos Chatzivasileiou","twitter_card":"summary_large_image","twitter_creator":"@orthobel","twitter_site":"@orthobel","twitter_misc":{"\u00c9crit par":"fr. Emilianos Chatzivasileiou","Dur\u00e9e de lecture est.":"3 minutes"},"schema":{"@context":"https:\/\/schema.org","@graph":[{"@type":"Article","@id":"https:\/\/orthodoxia.be\/fr\/2022\/09\/12\/le-metropolite-athenagoras-a-celebre-la-liturgie-pour-la-premiere-fois-en-la-paroisse-st-nicolas-a-amsterdam\/#article","isPartOf":{"@id":"https:\/\/orthodoxia.be\/fr\/2022\/09\/12\/le-metropolite-athenagoras-a-celebre-la-liturgie-pour-la-premiere-fois-en-la-paroisse-st-nicolas-a-amsterdam\/"},"author":{"name":"fr. Emilianos Chatzivasileiou","@id":"https:\/\/orthodoxia.be\/#\/schema\/person\/f6c4fd8f4c3dfc201522ccccede872c4"},"headline":"Le M\u00e9tropolite Ath\u00e9nagoras a c\u00e9l\u00e9br\u00e9 la Liturgie pour la premi\u00e8re fois en la Paroisse St-Nicolas \u00e0 Amsterdam","datePublished":"2022-09-12T16:54:33+00:00","dateModified":"2022-09-12T16:54:51+00:00","mainEntityOfPage":{"@id":"https:\/\/orthodoxia.be\/fr\/2022\/09\/12\/le-metropolite-athenagoras-a-celebre-la-liturgie-pour-la-premiere-fois-en-la-paroisse-st-nicolas-a-amsterdam\/"},"wordCount":723,"publisher":{"@id":"https:\/\/orthodoxia.be\/#organization"},"image":{"@id":"https:\/\/orthodoxia.be\/fr\/2022\/09\/12\/le-metropolite-athenagoras-a-celebre-la-liturgie-pour-la-premiere-fois-en-la-paroisse-st-nicolas-a-amsterdam\/#primaryimage"},"thumbnailUrl":"https:\/\/orthodoxia.be\/wp-content\/uploads\/2022\/09\/IMG_6148-e1663001665802.jpg","articleSection":["Actualit\u00e9"],"inLanguage":"fr-BE"},{"@type":"WebPage","@id":"https:\/\/orthodoxia.be\/fr\/2022\/09\/12\/le-metropolite-athenagoras-a-celebre-la-liturgie-pour-la-premiere-fois-en-la-paroisse-st-nicolas-a-amsterdam\/","url":"https:\/\/orthodoxia.be\/fr\/2022\/09\/12\/le-metropolite-athenagoras-a-celebre-la-liturgie-pour-la-premiere-fois-en-la-paroisse-st-nicolas-a-amsterdam\/","name":"Le M\u00e9tropolite Ath\u00e9nagoras a c\u00e9l\u00e9br\u00e9 la Liturgie pour la premi\u00e8re fois en la Paroisse St-Nicolas \u00e0 Amsterdam - Archev\u00each\u00e9 Orthodoxe de Belgique","isPartOf":{"@id":"https:\/\/orthodoxia.be\/#website"},"primaryImageOfPage":{"@id":"https:\/\/orthodoxia.be\/fr\/2022\/09\/12\/le-metropolite-athenagoras-a-celebre-la-liturgie-pour-la-premiere-fois-en-la-paroisse-st-nicolas-a-amsterdam\/#primaryimage"},"image":{"@id":"https:\/\/orthodoxia.be\/fr\/2022\/09\/12\/le-metropolite-athenagoras-a-celebre-la-liturgie-pour-la-premiere-fois-en-la-paroisse-st-nicolas-a-amsterdam\/#primaryimage"},"thumbnailUrl":"https:\/\/orthodoxia.be\/wp-content\/uploads\/2022\/09\/IMG_6148-e1663001665802.jpg","datePublished":"2022-09-12T16:54:33+00:00","dateModified":"2022-09-12T16:54:51+00:00","breadcrumb":{"@id":"https:\/\/orthodoxia.be\/fr\/2022\/09\/12\/le-metropolite-athenagoras-a-celebre-la-liturgie-pour-la-premiere-fois-en-la-paroisse-st-nicolas-a-amsterdam\/#breadcrumb"},"inLanguage":"fr-BE","potentialAction":[{"@type":"ReadAction","target":["https:\/\/orthodoxia.be\/fr\/2022\/09\/12\/le-metropolite-athenagoras-a-celebre-la-liturgie-pour-la-premiere-fois-en-la-paroisse-st-nicolas-a-amsterdam\/"]}]},{"@type":"ImageObject","inLanguage":"fr-BE","@id":"https:\/\/orthodoxia.be\/fr\/2022\/09\/12\/le-metropolite-athenagoras-a-celebre-la-liturgie-pour-la-premiere-fois-en-la-paroisse-st-nicolas-a-amsterdam\/#primaryimage","url":"https:\/\/orthodoxia.be\/wp-content\/uploads\/2022\/09\/IMG_6148-e1663001665802.jpg","contentUrl":"https:\/\/orthodoxia.be\/wp-content\/uploads\/2022\/09\/IMG_6148-e1663001665802.jpg","width":1023,"height":767},{"@type":"BreadcrumbList","@id":"https:\/\/orthodoxia.be\/fr\/2022\/09\/12\/le-metropolite-athenagoras-a-celebre-la-liturgie-pour-la-premiere-fois-en-la-paroisse-st-nicolas-a-amsterdam\/#breadcrumb","itemListElement":[{"@type":"ListItem","position":1,"name":"Home","item":"https:\/\/orthodoxia.be\/fr\/"},{"@type":"ListItem","position":2,"name":"Le M\u00e9tropolite Ath\u00e9nagoras a c\u00e9l\u00e9br\u00e9 la Liturgie pour la premi\u00e8re fois en la Paroisse St-Nicolas \u00e0 Amsterdam"}]},{"@type":"WebSite","@id":"https:\/\/orthodoxia.be\/#website","url":"https:\/\/orthodoxia.be\/","name":"Orthodox Archdiocese of Belgium (Benelux)","description":"Exarque des Pays-Bas et du Luxembourg","publisher":{"@id":"https:\/\/orthodoxia.be\/#organization"},"alternateName":"IMB","potentialAction":[{"@type":"SearchAction","target":{"@type":"EntryPoint","urlTemplate":"https:\/\/orthodoxia.be\/?s={search_term_string}"},"query-input":{"@type":"PropertyValueSpecification","valueRequired":true,"valueName":"search_term_string"}}],"inLanguage":"fr-BE"},{"@type":"Organization","@id":"https:\/\/orthodoxia.be\/#organization","name":"Orthodox Archdiocese of Belgium (Benelux)","url":"https:\/\/orthodoxia.be\/","logo":{"@type":"ImageObject","inLanguage":"fr-BE","@id":"https:\/\/orthodoxia.be\/#\/schema\/logo\/image\/","url":"https:\/\/orthodoxia.be\/wp-content\/uploads\/2024\/02\/cropped-IMB-logo-512-cl-1.png","contentUrl":"https:\/\/orthodoxia.be\/wp-content\/uploads\/2024\/02\/cropped-IMB-logo-512-cl-1.png","width":512,"height":512,"caption":"Orthodox Archdiocese of Belgium (Benelux)"},"image":{"@id":"https:\/\/orthodoxia.be\/#\/schema\/logo\/image\/"},"sameAs":["https:\/\/www.facebook.com\/orthobel","https:\/\/x.com\/orthobel","https:\/\/www.youtube.com\/c\/orthobel","https:\/\/www.mixcloud.com\/orthobel\/","https:\/\/www.flickr.com\/photos\/148264890@N07\/albums","https:\/\/www.dailymotion.com\/Orthobel"]},{"@type":"Person","@id":"https:\/\/orthodoxia.be\/#\/schema\/person\/f6c4fd8f4c3dfc201522ccccede872c4","name":"fr. Emilianos Chatzivasileiou","image":{"@type":"ImageObject","inLanguage":"fr-BE","@id":"https:\/\/orthodoxia.be\/#\/schema\/person\/image\/","url":"https:\/\/secure.gravatar.com\/avatar\/5b67115dbb9ae1579c39e9ae857d39ac?s=96&d=mm&r=g","contentUrl":"https:\/\/secure.gravatar.com\/avatar\/5b67115dbb9ae1579c39e9ae857d39ac?s=96&d=mm&r=g","caption":"fr. Emilianos Chatzivasileiou"},"sameAs":["http:\/\/orthodoxia.be"],"url":"https:\/\/orthodoxia.be\/fr\/author\/p-emilianos\/"}]}},"_links":{"self":[{"href":"https:\/\/orthodoxia.be\/fr\/wp-json\/wp\/v2\/posts\/39031","targetHints":{"allow":["GET"]}}],"collection":[{"href":"https:\/\/orthodoxia.be\/fr\/wp-json\/wp\/v2\/posts"}],"about":[{"href":"https:\/\/orthodoxia.be\/fr\/wp-json\/wp\/v2\/types\/post"}],"author":[{"embeddable":true,"href":"https:\/\/orthodoxia.be\/fr\/wp-json\/wp\/v2\/users\/10"}],"replies":[{"embeddable":true,"href":"https:\/\/orthodoxia.be\/fr\/wp-json\/wp\/v2\/comments?post=39031"}],"version-history":[{"count":2,"href":"https:\/\/orthodoxia.be\/fr\/wp-json\/wp\/v2\/posts\/39031\/revisions"}],"predecessor-version":[{"id":39043,"href":"https:\/\/orthodoxia.be\/fr\/wp-json\/wp\/v2\/posts\/39031\/revisions\/39043"}],"wp:featuredmedia":[{"embeddable":true,"href":"https:\/\/orthodoxia.be\/fr\/wp-json\/wp\/v2\/media\/39034"}],"wp:attachment":[{"href":"https:\/\/orthodoxia.be\/fr\/wp-json\/wp\/v2\/media?parent=39031"}],"wp:term":[{"taxonomy":"category","embeddable":true,"href":"https:\/\/orthodoxia.be\/fr\/wp-json\/wp\/v2\/categories?post=39031"},{"taxonomy":"post_tag","embeddable":true,"href":"https:\/\/orthodoxia.be\/fr\/wp-json\/wp\/v2\/tags?post=39031"}],"curies":[{"name":"wp","href":"https:\/\/api.w.org\/{rel}","templated":true}]}}