{"id":39082,"date":"2022-09-11T18:00:25","date_gmt":"2022-09-11T16:00:25","guid":{"rendered":"http:\/\/orthodoxia.be\/?p=39082"},"modified":"2022-09-16T10:29:35","modified_gmt":"2022-09-16T08:29:35","slug":"fete-du-monastere-de-la-nativite-de-la-mere-de-dieu-a-asten","status":"publish","type":"post","link":"https:\/\/orthodoxia.be\/fr\/2022\/09\/11\/fete-du-monastere-de-la-nativite-de-la-mere-de-dieu-a-asten\/","title":{"rendered":"F\u00eate du Monast\u00e8re de la Nativit\u00e9 de la M\u00e8re de Dieu  \u00e0 Asten"},"content":{"rendered":"<p style=\"text-align: justify;\">Samedi 10 septembre 2022 s\u2019est d\u00e9roul\u00e9e la F\u00eate paroissiale du Monast\u00e8re de la Nativit\u00e9 de la M\u00e8re de Dieu \u00e0 Asten (NL). L\u2019office fut pr\u00e9sid\u00e9 par Son \u00c9minence le M\u00e9tropolite Ath\u00e9nagoras de Belgique et Exarque des Pays-Bas et du Luxembourg, en conc\u00e9l\u00e9bration avec Leurs Excellences l\u2019\u00c9v\u00eaque Dosith\u00e9e (Patriarcat de G\u00e9orgie) et l\u2019\u00c9v\u00eaque Joachim d\u2019Apollonia (\u00c9v\u00eaque auxiliaire de l\u2019Archev\u00each\u00e9), entour\u00e9s de membres du clerg\u00e9 de l\u2019Archev\u00each\u00e9 d\u2019Allemagne, de l\u2019\u00c9glise de Serbie ainsi que de l\u2019Archev\u00each\u00e9.<\/p>\n<p style=\"text-align: justify;\">Dans son Hom\u00e9lie, Son \u00c9minence s\u2019est r\u00e9f\u00e9r\u00e9e \u00e0 la f\u00eate de la Nativit\u00e9 de la M\u00e8re de Dieu.<\/p>\n<p style=\"text-align: justify;\">Avant la cl\u00f4ture de la Divine Liturgie, une artoclasie fut c\u00e9l\u00e9br\u00e9e dans la cour du Monast\u00e8re. Son \u00c9minence adressa \u00e0 l\u2019assembl\u00e9e ses v\u0153ux pour la f\u00eate, remerciant Leurs Excellences \u00c9v\u00eaques pour leur pr\u00e9sence et les membres du clerg\u00e9 venus de pr\u00e8s ou de loin pour honorer la Toute-Sainte et soutenir la communaut\u00e9. Il remercia \u00e9galement tous les honorables p\u00e8lerins venus, malgr\u00e9 la m\u00e9t\u00e9o d\u00e9favorable, avec joie pour assister \u00e0 la f\u00eate du Monast\u00e8re, montrant ainsi leur amour et leur soutien \u00e0 ce petit monast\u00e8re consacr\u00e9 \u00e0 la Toute-Sainte. Il devait conclure en demandant les pri\u00e8res des fid\u00e8les pour cet humble Monast\u00e8re, afin qu\u2019avec la guidance de son nouveau p\u00e8re spirituel, le hi\u00e9romoine Jacob du Monast\u00e8re Simonopetra du Mont Athos, il puisse de nouveau fleurir avec la pr\u00e9sence de nouvelles moniales.<\/p>\n<p style=\"text-align: justify;\">S\u2019ensuivit la r\u00e9ception festive.<\/p>\n<p style=\"text-align: justify;\">Le Monast\u00e8re de la Nativit\u00e9 de la M\u00e8re de Dieu \u00e0 Asten a \u00e9t\u00e9 fond\u00e9 en 1989 par feu la Gerontissa Maria avec la b\u00e9n\u00e9diction et le soutien du M\u00e9tropolite de l\u2019\u00e9poque Panteleimon de Belgique et l\u2019aide substantielle d\u2019une famille hollandaise qui offrait sa ferme en transformation et installation du Monast\u00e8re dans la r\u00e9gion d\u2019Eindhoven, pr\u00e8s d\u2019Asten. Le 8 septembre 1989, jour de f\u00eate de la paroisse, aura lieu l\u2019ouverture de l\u2019\u00e9glise, avec la c\u00e9l\u00e9bration de sa premi\u00e8re Divine Liturgie.<\/p>\n<p style=\"text-align: justify;\">Efforts, combats et pri\u00e8res virent le monast\u00e8re progressivement se doter des espaces n\u00e9cessaires \u00e0 son fonctionnement. Tout doucement, la premi\u00e8re communaut\u00e9 se met en place sous la guidance de la Gerontissa Maria : six moniales de divers horizons et traditions, offrant ainsi le message \u0153cum\u00e9nique de l\u2019Orthodoxie. Parall\u00e8lement, le monast\u00e8re se fait conna\u00eetre \u00e0 travers le monde et de nombreux visiteurs affluent, non seulement de l\u2019Archev\u00each\u00e9 de Belgique mais aussi d\u2019autres Archev\u00each\u00e9s.<\/p>\n<p style=\"text-align: justify;\">[FAGP id=39070]<\/p>\n","protected":false},"excerpt":{"rendered":"<p>Samedi 10 septembre 2022 s\u2019est d\u00e9roul\u00e9e la F\u00eate paroissiale du Monast\u00e8re de la Nativit\u00e9 de la M\u00e8re de Dieu \u00e0 Asten (NL). L\u2019office fut pr\u00e9sid\u00e9 par Son \u00c9minence le M\u00e9tropolite Ath\u00e9nagoras de Belgique et Exarque des Pays-Bas et du Luxembourg, en conc\u00e9l\u00e9bration avec Leurs Excellences l\u2019\u00c9v\u00eaque Dosith\u00e9e (Patriarcat de G\u00e9orgie) et l\u2019\u00c9v\u00eaque Joachim d\u2019Apollonia (\u00c9v\u00eaque &hellip; <a href=\"https:\/\/orthodoxia.be\/fr\/2022\/09\/11\/fete-du-monastere-de-la-nativite-de-la-mere-de-dieu-a-asten\/\">Continued<\/a><\/p>\n","protected":false},"author":10,"featured_media":39076,"comment_status":"closed","ping_status":"open","sticky":false,"template":"","format":"standard","meta":{"_acf_changed":false,"footnotes":""},"categories":[14],"tags":[],"class_list":["post-39082","post","type-post","status-publish","format-standard","has-post-thumbnail","hentry","category-actualite"],"acf":[],"yoast_head":"<!-- This site is optimized with the Yoast SEO plugin v24.3 - https:\/\/yoast.com\/wordpress\/plugins\/seo\/ -->\n<title>F\u00eate du Monast\u00e8re de la Nativit\u00e9 de la M\u00e8re de Dieu \u00e0 Asten - Archev\u00each\u00e9 Orthodoxe de Belgique<\/title>\n<meta name=\"robots\" content=\"index, follow, max-snippet:-1, max-image-preview:large, max-video-preview:-1\" \/>\n<link rel=\"canonical\" href=\"https:\/\/orthodoxia.be\/fr\/2022\/09\/11\/fete-du-monastere-de-la-nativite-de-la-mere-de-dieu-a-asten\/\" \/>\n<meta property=\"og:locale\" content=\"fr_FR\" \/>\n<meta property=\"og:type\" content=\"article\" \/>\n<meta property=\"og:title\" content=\"F\u00eate du Monast\u00e8re de la Nativit\u00e9 de la M\u00e8re de Dieu \u00e0 Asten - Archev\u00each\u00e9 Orthodoxe de Belgique\" \/>\n<meta property=\"og:description\" content=\"Samedi 10 septembre 2022 s\u2019est d\u00e9roul\u00e9e la F\u00eate paroissiale du Monast\u00e8re de la Nativit\u00e9 de la M\u00e8re de Dieu \u00e0 Asten (NL). L\u2019office fut pr\u00e9sid\u00e9 par Son \u00c9minence le M\u00e9tropolite Ath\u00e9nagoras de Belgique et Exarque des Pays-Bas et du Luxembourg, en conc\u00e9l\u00e9bration avec Leurs Excellences l\u2019\u00c9v\u00eaque Dosith\u00e9e (Patriarcat de G\u00e9orgie) et l\u2019\u00c9v\u00eaque Joachim d\u2019Apollonia (\u00c9v\u00eaque &hellip; Continued\" \/>\n<meta property=\"og:url\" content=\"https:\/\/orthodoxia.be\/fr\/2022\/09\/11\/fete-du-monastere-de-la-nativite-de-la-mere-de-dieu-a-asten\/\" \/>\n<meta property=\"og:site_name\" content=\"Archev\u00each\u00e9 Orthodoxe de Belgique\" \/>\n<meta property=\"article:publisher\" content=\"https:\/\/www.facebook.com\/orthobel\" \/>\n<meta property=\"article:published_time\" content=\"2022-09-11T16:00:25+00:00\" \/>\n<meta property=\"article:modified_time\" content=\"2022-09-16T08:29:35+00:00\" \/>\n<meta property=\"og:image\" content=\"https:\/\/orthodoxia.be\/wp-content\/uploads\/2022\/09\/Image-24.jpg\" \/>\n\t<meta property=\"og:image:width\" content=\"1023\" \/>\n\t<meta property=\"og:image:height\" content=\"767\" \/>\n\t<meta property=\"og:image:type\" content=\"image\/jpeg\" \/>\n<meta name=\"author\" content=\"fr. Emilianos Chatzivasileiou\" \/>\n<meta name=\"twitter:card\" content=\"summary_large_image\" \/>\n<meta name=\"twitter:creator\" content=\"@orthobel\" \/>\n<meta name=\"twitter:site\" content=\"@orthobel\" \/>\n<meta name=\"twitter:label1\" content=\"\u00c9crit par\" \/>\n\t<meta name=\"twitter:data1\" content=\"fr. Emilianos Chatzivasileiou\" \/>\n\t<meta name=\"twitter:label2\" content=\"Dur\u00e9e de lecture est.\" \/>\n\t<meta name=\"twitter:data2\" content=\"2 minutes\" \/>\n<script type=\"application\/ld+json\" class=\"yoast-schema-graph\">{\"@context\":\"https:\/\/schema.org\",\"@graph\":[{\"@type\":\"Article\",\"@id\":\"https:\/\/orthodoxia.be\/fr\/2022\/09\/11\/fete-du-monastere-de-la-nativite-de-la-mere-de-dieu-a-asten\/#article\",\"isPartOf\":{\"@id\":\"https:\/\/orthodoxia.be\/fr\/2022\/09\/11\/fete-du-monastere-de-la-nativite-de-la-mere-de-dieu-a-asten\/\"},\"author\":{\"name\":\"fr. Emilianos Chatzivasileiou\",\"@id\":\"https:\/\/orthodoxia.be\/#\/schema\/person\/f6c4fd8f4c3dfc201522ccccede872c4\"},\"headline\":\"F\u00eate du Monast\u00e8re de la Nativit\u00e9 de la M\u00e8re de Dieu \u00e0 Asten\",\"datePublished\":\"2022-09-11T16:00:25+00:00\",\"dateModified\":\"2022-09-16T08:29:35+00:00\",\"mainEntityOfPage\":{\"@id\":\"https:\/\/orthodoxia.be\/fr\/2022\/09\/11\/fete-du-monastere-de-la-nativite-de-la-mere-de-dieu-a-asten\/\"},\"wordCount\":478,\"publisher\":{\"@id\":\"https:\/\/orthodoxia.be\/#organization\"},\"image\":{\"@id\":\"https:\/\/orthodoxia.be\/fr\/2022\/09\/11\/fete-du-monastere-de-la-nativite-de-la-mere-de-dieu-a-asten\/#primaryimage\"},\"thumbnailUrl\":\"https:\/\/orthodoxia.be\/wp-content\/uploads\/2022\/09\/Image-24.jpg\",\"articleSection\":[\"Actualit\u00e9\"],\"inLanguage\":\"fr-BE\"},{\"@type\":\"WebPage\",\"@id\":\"https:\/\/orthodoxia.be\/fr\/2022\/09\/11\/fete-du-monastere-de-la-nativite-de-la-mere-de-dieu-a-asten\/\",\"url\":\"https:\/\/orthodoxia.be\/fr\/2022\/09\/11\/fete-du-monastere-de-la-nativite-de-la-mere-de-dieu-a-asten\/\",\"name\":\"F\u00eate du Monast\u00e8re de la Nativit\u00e9 de la M\u00e8re de Dieu \u00e0 Asten - Archev\u00each\u00e9 Orthodoxe de Belgique\",\"isPartOf\":{\"@id\":\"https:\/\/orthodoxia.be\/#website\"},\"primaryImageOfPage\":{\"@id\":\"https:\/\/orthodoxia.be\/fr\/2022\/09\/11\/fete-du-monastere-de-la-nativite-de-la-mere-de-dieu-a-asten\/#primaryimage\"},\"image\":{\"@id\":\"https:\/\/orthodoxia.be\/fr\/2022\/09\/11\/fete-du-monastere-de-la-nativite-de-la-mere-de-dieu-a-asten\/#primaryimage\"},\"thumbnailUrl\":\"https:\/\/orthodoxia.be\/wp-content\/uploads\/2022\/09\/Image-24.jpg\",\"datePublished\":\"2022-09-11T16:00:25+00:00\",\"dateModified\":\"2022-09-16T08:29:35+00:00\",\"breadcrumb\":{\"@id\":\"https:\/\/orthodoxia.be\/fr\/2022\/09\/11\/fete-du-monastere-de-la-nativite-de-la-mere-de-dieu-a-asten\/#breadcrumb\"},\"inLanguage\":\"fr-BE\",\"potentialAction\":[{\"@type\":\"ReadAction\",\"target\":[\"https:\/\/orthodoxia.be\/fr\/2022\/09\/11\/fete-du-monastere-de-la-nativite-de-la-mere-de-dieu-a-asten\/\"]}]},{\"@type\":\"ImageObject\",\"inLanguage\":\"fr-BE\",\"@id\":\"https:\/\/orthodoxia.be\/fr\/2022\/09\/11\/fete-du-monastere-de-la-nativite-de-la-mere-de-dieu-a-asten\/#primaryimage\",\"url\":\"https:\/\/orthodoxia.be\/wp-content\/uploads\/2022\/09\/Image-24.jpg\",\"contentUrl\":\"https:\/\/orthodoxia.be\/wp-content\/uploads\/2022\/09\/Image-24.jpg\",\"width\":1023,\"height\":767},{\"@type\":\"BreadcrumbList\",\"@id\":\"https:\/\/orthodoxia.be\/fr\/2022\/09\/11\/fete-du-monastere-de-la-nativite-de-la-mere-de-dieu-a-asten\/#breadcrumb\",\"itemListElement\":[{\"@type\":\"ListItem\",\"position\":1,\"name\":\"Home\",\"item\":\"https:\/\/orthodoxia.be\/fr\/\"},{\"@type\":\"ListItem\",\"position\":2,\"name\":\"F\u00eate du Monast\u00e8re de la Nativit\u00e9 de la M\u00e8re de Dieu \u00e0 Asten\"}]},{\"@type\":\"WebSite\",\"@id\":\"https:\/\/orthodoxia.be\/#website\",\"url\":\"https:\/\/orthodoxia.be\/\",\"name\":\"Orthodox Archdiocese of Belgium (Benelux)\",\"description\":\"Exarque des Pays-Bas et du Luxembourg\",\"publisher\":{\"@id\":\"https:\/\/orthodoxia.be\/#organization\"},\"alternateName\":\"IMB\",\"potentialAction\":[{\"@type\":\"SearchAction\",\"target\":{\"@type\":\"EntryPoint\",\"urlTemplate\":\"https:\/\/orthodoxia.be\/?s={search_term_string}\"},\"query-input\":{\"@type\":\"PropertyValueSpecification\",\"valueRequired\":true,\"valueName\":\"search_term_string\"}}],\"inLanguage\":\"fr-BE\"},{\"@type\":\"Organization\",\"@id\":\"https:\/\/orthodoxia.be\/#organization\",\"name\":\"Orthodox Archdiocese of Belgium (Benelux)\",\"url\":\"https:\/\/orthodoxia.be\/\",\"logo\":{\"@type\":\"ImageObject\",\"inLanguage\":\"fr-BE\",\"@id\":\"https:\/\/orthodoxia.be\/#\/schema\/logo\/image\/\",\"url\":\"https:\/\/orthodoxia.be\/wp-content\/uploads\/2024\/02\/cropped-IMB-logo-512-cl-1.png\",\"contentUrl\":\"https:\/\/orthodoxia.be\/wp-content\/uploads\/2024\/02\/cropped-IMB-logo-512-cl-1.png\",\"width\":512,\"height\":512,\"caption\":\"Orthodox Archdiocese of Belgium (Benelux)\"},\"image\":{\"@id\":\"https:\/\/orthodoxia.be\/#\/schema\/logo\/image\/\"},\"sameAs\":[\"https:\/\/www.facebook.com\/orthobel\",\"https:\/\/x.com\/orthobel\",\"https:\/\/www.youtube.com\/c\/orthobel\",\"https:\/\/www.mixcloud.com\/orthobel\/\",\"https:\/\/www.flickr.com\/photos\/148264890@N07\/albums\",\"https:\/\/www.dailymotion.com\/Orthobel\"]},{\"@type\":\"Person\",\"@id\":\"https:\/\/orthodoxia.be\/#\/schema\/person\/f6c4fd8f4c3dfc201522ccccede872c4\",\"name\":\"fr. Emilianos Chatzivasileiou\",\"image\":{\"@type\":\"ImageObject\",\"inLanguage\":\"fr-BE\",\"@id\":\"https:\/\/orthodoxia.be\/#\/schema\/person\/image\/\",\"url\":\"https:\/\/secure.gravatar.com\/avatar\/5b67115dbb9ae1579c39e9ae857d39ac?s=96&d=mm&r=g\",\"contentUrl\":\"https:\/\/secure.gravatar.com\/avatar\/5b67115dbb9ae1579c39e9ae857d39ac?s=96&d=mm&r=g\",\"caption\":\"fr. Emilianos Chatzivasileiou\"},\"sameAs\":[\"http:\/\/orthodoxia.be\"],\"url\":\"https:\/\/orthodoxia.be\/fr\/author\/p-emilianos\/\"}]}<\/script>\n<!-- \/ Yoast SEO plugin. -->","yoast_head_json":{"title":"F\u00eate du Monast\u00e8re de la Nativit\u00e9 de la M\u00e8re de Dieu \u00e0 Asten - Archev\u00each\u00e9 Orthodoxe de Belgique","robots":{"index":"index","follow":"follow","max-snippet":"max-snippet:-1","max-image-preview":"max-image-preview:large","max-video-preview":"max-video-preview:-1"},"canonical":"https:\/\/orthodoxia.be\/fr\/2022\/09\/11\/fete-du-monastere-de-la-nativite-de-la-mere-de-dieu-a-asten\/","og_locale":"fr_FR","og_type":"article","og_title":"F\u00eate du Monast\u00e8re de la Nativit\u00e9 de la M\u00e8re de Dieu \u00e0 Asten - Archev\u00each\u00e9 Orthodoxe de Belgique","og_description":"Samedi 10 septembre 2022 s\u2019est d\u00e9roul\u00e9e la F\u00eate paroissiale du Monast\u00e8re de la Nativit\u00e9 de la M\u00e8re de Dieu \u00e0 Asten (NL). L\u2019office fut pr\u00e9sid\u00e9 par Son \u00c9minence le M\u00e9tropolite Ath\u00e9nagoras de Belgique et Exarque des Pays-Bas et du Luxembourg, en conc\u00e9l\u00e9bration avec Leurs Excellences l\u2019\u00c9v\u00eaque Dosith\u00e9e (Patriarcat de G\u00e9orgie) et l\u2019\u00c9v\u00eaque Joachim d\u2019Apollonia (\u00c9v\u00eaque &hellip; Continued","og_url":"https:\/\/orthodoxia.be\/fr\/2022\/09\/11\/fete-du-monastere-de-la-nativite-de-la-mere-de-dieu-a-asten\/","og_site_name":"Archev\u00each\u00e9 Orthodoxe de Belgique","article_publisher":"https:\/\/www.facebook.com\/orthobel","article_published_time":"2022-09-11T16:00:25+00:00","article_modified_time":"2022-09-16T08:29:35+00:00","og_image":[{"width":1023,"height":767,"url":"https:\/\/orthodoxia.be\/wp-content\/uploads\/2022\/09\/Image-24.jpg","type":"image\/jpeg"}],"author":"fr. Emilianos Chatzivasileiou","twitter_card":"summary_large_image","twitter_creator":"@orthobel","twitter_site":"@orthobel","twitter_misc":{"\u00c9crit par":"fr. Emilianos Chatzivasileiou","Dur\u00e9e de lecture est.":"2 minutes"},"schema":{"@context":"https:\/\/schema.org","@graph":[{"@type":"Article","@id":"https:\/\/orthodoxia.be\/fr\/2022\/09\/11\/fete-du-monastere-de-la-nativite-de-la-mere-de-dieu-a-asten\/#article","isPartOf":{"@id":"https:\/\/orthodoxia.be\/fr\/2022\/09\/11\/fete-du-monastere-de-la-nativite-de-la-mere-de-dieu-a-asten\/"},"author":{"name":"fr. Emilianos Chatzivasileiou","@id":"https:\/\/orthodoxia.be\/#\/schema\/person\/f6c4fd8f4c3dfc201522ccccede872c4"},"headline":"F\u00eate du Monast\u00e8re de la Nativit\u00e9 de la M\u00e8re de Dieu \u00e0 Asten","datePublished":"2022-09-11T16:00:25+00:00","dateModified":"2022-09-16T08:29:35+00:00","mainEntityOfPage":{"@id":"https:\/\/orthodoxia.be\/fr\/2022\/09\/11\/fete-du-monastere-de-la-nativite-de-la-mere-de-dieu-a-asten\/"},"wordCount":478,"publisher":{"@id":"https:\/\/orthodoxia.be\/#organization"},"image":{"@id":"https:\/\/orthodoxia.be\/fr\/2022\/09\/11\/fete-du-monastere-de-la-nativite-de-la-mere-de-dieu-a-asten\/#primaryimage"},"thumbnailUrl":"https:\/\/orthodoxia.be\/wp-content\/uploads\/2022\/09\/Image-24.jpg","articleSection":["Actualit\u00e9"],"inLanguage":"fr-BE"},{"@type":"WebPage","@id":"https:\/\/orthodoxia.be\/fr\/2022\/09\/11\/fete-du-monastere-de-la-nativite-de-la-mere-de-dieu-a-asten\/","url":"https:\/\/orthodoxia.be\/fr\/2022\/09\/11\/fete-du-monastere-de-la-nativite-de-la-mere-de-dieu-a-asten\/","name":"F\u00eate du Monast\u00e8re de la Nativit\u00e9 de la M\u00e8re de Dieu \u00e0 Asten - Archev\u00each\u00e9 Orthodoxe de Belgique","isPartOf":{"@id":"https:\/\/orthodoxia.be\/#website"},"primaryImageOfPage":{"@id":"https:\/\/orthodoxia.be\/fr\/2022\/09\/11\/fete-du-monastere-de-la-nativite-de-la-mere-de-dieu-a-asten\/#primaryimage"},"image":{"@id":"https:\/\/orthodoxia.be\/fr\/2022\/09\/11\/fete-du-monastere-de-la-nativite-de-la-mere-de-dieu-a-asten\/#primaryimage"},"thumbnailUrl":"https:\/\/orthodoxia.be\/wp-content\/uploads\/2022\/09\/Image-24.jpg","datePublished":"2022-09-11T16:00:25+00:00","dateModified":"2022-09-16T08:29:35+00:00","breadcrumb":{"@id":"https:\/\/orthodoxia.be\/fr\/2022\/09\/11\/fete-du-monastere-de-la-nativite-de-la-mere-de-dieu-a-asten\/#breadcrumb"},"inLanguage":"fr-BE","potentialAction":[{"@type":"ReadAction","target":["https:\/\/orthodoxia.be\/fr\/2022\/09\/11\/fete-du-monastere-de-la-nativite-de-la-mere-de-dieu-a-asten\/"]}]},{"@type":"ImageObject","inLanguage":"fr-BE","@id":"https:\/\/orthodoxia.be\/fr\/2022\/09\/11\/fete-du-monastere-de-la-nativite-de-la-mere-de-dieu-a-asten\/#primaryimage","url":"https:\/\/orthodoxia.be\/wp-content\/uploads\/2022\/09\/Image-24.jpg","contentUrl":"https:\/\/orthodoxia.be\/wp-content\/uploads\/2022\/09\/Image-24.jpg","width":1023,"height":767},{"@type":"BreadcrumbList","@id":"https:\/\/orthodoxia.be\/fr\/2022\/09\/11\/fete-du-monastere-de-la-nativite-de-la-mere-de-dieu-a-asten\/#breadcrumb","itemListElement":[{"@type":"ListItem","position":1,"name":"Home","item":"https:\/\/orthodoxia.be\/fr\/"},{"@type":"ListItem","position":2,"name":"F\u00eate du Monast\u00e8re de la Nativit\u00e9 de la M\u00e8re de Dieu \u00e0 Asten"}]},{"@type":"WebSite","@id":"https:\/\/orthodoxia.be\/#website","url":"https:\/\/orthodoxia.be\/","name":"Orthodox Archdiocese of Belgium (Benelux)","description":"Exarque des Pays-Bas et du Luxembourg","publisher":{"@id":"https:\/\/orthodoxia.be\/#organization"},"alternateName":"IMB","potentialAction":[{"@type":"SearchAction","target":{"@type":"EntryPoint","urlTemplate":"https:\/\/orthodoxia.be\/?s={search_term_string}"},"query-input":{"@type":"PropertyValueSpecification","valueRequired":true,"valueName":"search_term_string"}}],"inLanguage":"fr-BE"},{"@type":"Organization","@id":"https:\/\/orthodoxia.be\/#organization","name":"Orthodox Archdiocese of Belgium (Benelux)","url":"https:\/\/orthodoxia.be\/","logo":{"@type":"ImageObject","inLanguage":"fr-BE","@id":"https:\/\/orthodoxia.be\/#\/schema\/logo\/image\/","url":"https:\/\/orthodoxia.be\/wp-content\/uploads\/2024\/02\/cropped-IMB-logo-512-cl-1.png","contentUrl":"https:\/\/orthodoxia.be\/wp-content\/uploads\/2024\/02\/cropped-IMB-logo-512-cl-1.png","width":512,"height":512,"caption":"Orthodox Archdiocese of Belgium (Benelux)"},"image":{"@id":"https:\/\/orthodoxia.be\/#\/schema\/logo\/image\/"},"sameAs":["https:\/\/www.facebook.com\/orthobel","https:\/\/x.com\/orthobel","https:\/\/www.youtube.com\/c\/orthobel","https:\/\/www.mixcloud.com\/orthobel\/","https:\/\/www.flickr.com\/photos\/148264890@N07\/albums","https:\/\/www.dailymotion.com\/Orthobel"]},{"@type":"Person","@id":"https:\/\/orthodoxia.be\/#\/schema\/person\/f6c4fd8f4c3dfc201522ccccede872c4","name":"fr. Emilianos Chatzivasileiou","image":{"@type":"ImageObject","inLanguage":"fr-BE","@id":"https:\/\/orthodoxia.be\/#\/schema\/person\/image\/","url":"https:\/\/secure.gravatar.com\/avatar\/5b67115dbb9ae1579c39e9ae857d39ac?s=96&d=mm&r=g","contentUrl":"https:\/\/secure.gravatar.com\/avatar\/5b67115dbb9ae1579c39e9ae857d39ac?s=96&d=mm&r=g","caption":"fr. Emilianos Chatzivasileiou"},"sameAs":["http:\/\/orthodoxia.be"],"url":"https:\/\/orthodoxia.be\/fr\/author\/p-emilianos\/"}]}},"_links":{"self":[{"href":"https:\/\/orthodoxia.be\/fr\/wp-json\/wp\/v2\/posts\/39082","targetHints":{"allow":["GET"]}}],"collection":[{"href":"https:\/\/orthodoxia.be\/fr\/wp-json\/wp\/v2\/posts"}],"about":[{"href":"https:\/\/orthodoxia.be\/fr\/wp-json\/wp\/v2\/types\/post"}],"author":[{"embeddable":true,"href":"https:\/\/orthodoxia.be\/fr\/wp-json\/wp\/v2\/users\/10"}],"replies":[{"embeddable":true,"href":"https:\/\/orthodoxia.be\/fr\/wp-json\/wp\/v2\/comments?post=39082"}],"version-history":[{"count":1,"href":"https:\/\/orthodoxia.be\/fr\/wp-json\/wp\/v2\/posts\/39082\/revisions"}],"predecessor-version":[{"id":39083,"href":"https:\/\/orthodoxia.be\/fr\/wp-json\/wp\/v2\/posts\/39082\/revisions\/39083"}],"wp:featuredmedia":[{"embeddable":true,"href":"https:\/\/orthodoxia.be\/fr\/wp-json\/wp\/v2\/media\/39076"}],"wp:attachment":[{"href":"https:\/\/orthodoxia.be\/fr\/wp-json\/wp\/v2\/media?parent=39082"}],"wp:term":[{"taxonomy":"category","embeddable":true,"href":"https:\/\/orthodoxia.be\/fr\/wp-json\/wp\/v2\/categories?post=39082"},{"taxonomy":"post_tag","embeddable":true,"href":"https:\/\/orthodoxia.be\/fr\/wp-json\/wp\/v2\/tags?post=39082"}],"curies":[{"name":"wp","href":"https:\/\/api.w.org\/{rel}","templated":true}]}}