{"id":39353,"date":"2022-10-18T09:10:59","date_gmt":"2022-10-18T07:10:59","guid":{"rendered":"http:\/\/orthodoxia.be\/?p=39353"},"modified":"2022-10-18T10:59:57","modified_gmt":"2022-10-18T08:59:57","slug":"premiere-visite-pastorale-au-monastere-orthodoxe-de-la-haye-pays-bas","status":"publish","type":"post","link":"https:\/\/orthodoxia.be\/fr\/2022\/10\/18\/premiere-visite-pastorale-au-monastere-orthodoxe-de-la-haye-pays-bas\/","title":{"rendered":"Premi\u00e8re visite pastorale au monast\u00e8re orthodoxe de La Haye, Pays-Bas"},"content":{"rendered":"<p style=\"text-align: justify;\">Le dimanche 16 octobre 2022, Son \u00c9minence le M\u00e9tropolite Ath\u00e9nagoras de Belgique et Exarque des Pays-Bas et du Luxembourg a effectu\u00e9 une premi\u00e8re visite pastorale au monast\u00e8re orthodoxe Saint-Jean-Baptiste, situ\u00e9 dans le centre historique de la belle ville de La Haye. Jusqu&#8217;\u00e0 r\u00e9cemment, ce monast\u00e8re d\u00e9pendait du Patriarcat de Moscou, mais a fait une demande \u00e0 Sa Toute Saintet\u00e9 le Patriarche \u0152cum\u00e9nique Bartholom\u00e9e d&#8217;\u00eatre transf\u00e9r\u00e9 \u00e0 la juridiction canonique du Patriarcat \u0152cum\u00e9nique, ce que Sa Toute-Saintet\u00e9 et le Saint-Synode ont accord\u00e9 et qui s\u2019est concr\u00e9tis\u00e9 en septembre de cette ann\u00e9e. Le monast\u00e8re a ensuite \u00e9t\u00e9 transf\u00e9r\u00e9 \u00e0 notre Sainte M\u00e9tropole.<\/p>\n<p style=\"text-align: justify;\">Ce dimanche 16 octobre, Son \u00c9minence le M\u00e9tropolite Ath\u00e9nagoras c\u00e9l\u00e9brait la Divine Liturgie au sein du monast\u00e8re, entour\u00e9 de pr\u00eatres et de diacres de notre Archev\u00each\u00e9.<\/p>\n<p style=\"text-align: justify;\">Dans son hom\u00e9lie, le M\u00e9tropolite Ath\u00e9nagoras a soulign\u00e9 qu&#8217;\u00ab\u00e0 notre \u00e9poque belliqueuse et p\u00e9cheresse, l&#8217;\u00c9glise nous encourage \u00e0 \u00e9couter la parole de Dieu et \u00e0 nous repentir: &#8216;Repentez-vous donc et revenez, afin que vos p\u00e9ch\u00e9s soient effac\u00e9s&#8217; (Actes 3, 19). La parole de Dieu, simple et concise, s&#8217;adresse \u00e0 nous tous et nous appelle \u00e0 porter le Christ en nous. Ne n\u00e9gligeons pas la parole de notre Seigneur, mais soyons patients et donnons tout pour l&#8217;augmenter le plus possible et ainsi \u00eatre sauv\u00e9s\u201d.<\/p>\n<p style=\"text-align: justify;\">\u00c0 la fin de la Liturgie, le M\u00e9tropolite Ath\u00e9nagoras a d\u00e9clar\u00e9 que c&#8217;\u00e9tait un jour historique. En fait, nous ne devrions pas avoir le choix de l&#8217;\u00e9v\u00eaque auquel appartenir: \u00able principe eccl\u00e9siologique orthodoxe veut simplement que tous les fid\u00e8les d\u2019une r\u00e9gion, et donc toutes les paroisses et tous les monast\u00e8res, d\u00e9pendent d&#8217;un seul \u00e9v\u00eaque qui se trouve en un lieu donn\u00e9. Il ne peut y avoir qu&#8217;un seul \u00e9v\u00eaque dans une ville et pour une r\u00e9gion. Il est bon maintenant de pouvoir former ensemble le Corps du Christ, comme unit\u00e9 dans la diversit\u00e9\u201d. Il a en outre soulign\u00e9 comment nous sommes \u00abappel\u00e9s \u00e0 \u00eatre des t\u00e9moins dans le monde dans lequel nous vivons. C&#8217;est une grande responsabilit\u00e9. Nous devons le faire dans l&#8217;unit\u00e9 et avec amour. Il n&#8217;est pas possible qu&#8217;il y ait une guerre \u00e0 notre \u00e9poque et certainement pas entre chr\u00e9tiens orthodoxes\u201d. Il a \u00e9galement remerci\u00e9 M\u00e8re Makrina et S\u0153ur Anna, ainsi que les pr\u00eatres et les diacres qui \u00e9taient venus \u00e0 La Haye pour cette occasion.<\/p>\n<p style=\"text-align: justify;\">Rappelons que ce monast\u00e8re a \u00e9t\u00e9 fond\u00e9 en 1954 en tant que communaut\u00e9 de moines appartenant \u00e0 l&#8217;\u00c9glise russe \u00e0 l&#8217;\u00e9tranger (ROCOR). Ce sont deux disciples hollandais de Saint Ioan Maximovich, les moines catholiques romains Jacob Akkersdijk et Adriaan Korporaal qui avaient rejoint l&#8217;\u00c9glise orthodoxe, qui ont form\u00e9 la base de ce monast\u00e8re. En 1965, le P\u00e8re Jacob est ordonn\u00e9 \u00e9v\u00eaque de la m\u00eame \u00c9glise. Au d\u00e9but des ann\u00e9es 1970, les moines rach\u00e8tent les b\u00e2timents d&#8217;un ancien monast\u00e8re catholique romain, d\u00e9sormais destin\u00e9 aux religieuses. En 1972, l&#8217;\u00e9v\u00eaque et tous ceux qui appartenaient \u00e0 son dioc\u00e8se ont \u00e9t\u00e9 transf\u00e9r\u00e9s au Patriarcat de Moscou. L\u2019Archimandrite Adriaan a consacr\u00e9 toute sa vie \u00e0 la pri\u00e8re et \u00e0 la traduction des services liturgiques en n\u00e9erlandais. En 1991, l&#8217;Archev\u00eaque Jacob s&#8217;est endormi en le Seigneur \u00e0 l&#8217;\u00e2ge de 77 ans. L\u2019Archimandrite Adriaan est d\u00e9c\u00e9d\u00e9 en 2002, \u00e0 l&#8217;\u00e2ge de 89 ans. Rappelons aussi que M\u00e8re Maria, de bienheureuse m\u00e9moire, avait rejoint aussi le monast\u00e8re de La Haye. Plus tard, elle fondera le monast\u00e8re orthodoxe d&#8217;Asten.<\/p>\n<p style=\"text-align: justify;\">[FAGP id=39339]<\/p>\n","protected":false},"excerpt":{"rendered":"<p>Le dimanche 16 octobre 2022, Son \u00c9minence le M\u00e9tropolite Ath\u00e9nagoras de Belgique et Exarque des Pays-Bas et du Luxembourg a effectu\u00e9 une premi\u00e8re visite pastorale au monast\u00e8re orthodoxe Saint-Jean-Baptiste, situ\u00e9 dans le centre historique de la belle ville de La Haye. Jusqu&#8217;\u00e0 r\u00e9cemment, ce monast\u00e8re d\u00e9pendait du Patriarcat de Moscou, mais a fait une demande &hellip; <a href=\"https:\/\/orthodoxia.be\/fr\/2022\/10\/18\/premiere-visite-pastorale-au-monastere-orthodoxe-de-la-haye-pays-bas\/\">Continued<\/a><\/p>\n","protected":false},"author":10,"featured_media":39345,"comment_status":"closed","ping_status":"open","sticky":false,"template":"","format":"standard","meta":{"_acf_changed":false,"footnotes":""},"categories":[14],"tags":[],"class_list":["post-39353","post","type-post","status-publish","format-standard","has-post-thumbnail","hentry","category-actualite"],"acf":[],"yoast_head":"<!-- This site is optimized with the Yoast SEO plugin v24.3 - https:\/\/yoast.com\/wordpress\/plugins\/seo\/ -->\n<title>Premi\u00e8re visite pastorale au monast\u00e8re orthodoxe de La Haye, Pays-Bas - Archev\u00each\u00e9 Orthodoxe de Belgique<\/title>\n<meta name=\"robots\" content=\"index, follow, max-snippet:-1, max-image-preview:large, max-video-preview:-1\" \/>\n<link rel=\"canonical\" href=\"https:\/\/orthodoxia.be\/2022\/10\/18\/\u03c0\u03c1\u03ce\u03c4\u03b7-\u03c0\u03bf\u03b9\u03bc\u03b1\u03bd\u03c4\u03b9\u03ba\u03ae-\u03b5\u03c0\u03af\u03c3\u03ba\u03b5\u03c8\u03b7-\u03c3\u03c4\u03b7\u03bd-\u03b9\u03b5\u03c1\u03ac-\u03bc\/\" \/>\n<meta property=\"og:locale\" content=\"fr_FR\" \/>\n<meta property=\"og:type\" content=\"article\" \/>\n<meta property=\"og:title\" content=\"Premi\u00e8re visite pastorale au monast\u00e8re orthodoxe de La Haye, Pays-Bas - Archev\u00each\u00e9 Orthodoxe de Belgique\" \/>\n<meta property=\"og:description\" content=\"Le dimanche 16 octobre 2022, Son \u00c9minence le M\u00e9tropolite Ath\u00e9nagoras de Belgique et Exarque des Pays-Bas et du Luxembourg a effectu\u00e9 une premi\u00e8re visite pastorale au monast\u00e8re orthodoxe Saint-Jean-Baptiste, situ\u00e9 dans le centre historique de la belle ville de La Haye. Jusqu&#8217;\u00e0 r\u00e9cemment, ce monast\u00e8re d\u00e9pendait du Patriarcat de Moscou, mais a fait une demande &hellip; Continued\" \/>\n<meta property=\"og:url\" content=\"https:\/\/orthodoxia.be\/2022\/10\/18\/\u03c0\u03c1\u03ce\u03c4\u03b7-\u03c0\u03bf\u03b9\u03bc\u03b1\u03bd\u03c4\u03b9\u03ba\u03ae-\u03b5\u03c0\u03af\u03c3\u03ba\u03b5\u03c8\u03b7-\u03c3\u03c4\u03b7\u03bd-\u03b9\u03b5\u03c1\u03ac-\u03bc\/\" \/>\n<meta property=\"og:site_name\" content=\"Archev\u00each\u00e9 Orthodoxe de Belgique\" \/>\n<meta property=\"article:publisher\" content=\"https:\/\/www.facebook.com\/orthobel\" \/>\n<meta property=\"article:published_time\" content=\"2022-10-18T07:10:59+00:00\" \/>\n<meta property=\"article:modified_time\" content=\"2022-10-18T08:59:57+00:00\" \/>\n<meta property=\"og:image\" content=\"https:\/\/orthodoxia.be\/wp-content\/uploads\/2022\/10\/52432365511_0746df8520_o.jpg\" \/>\n\t<meta property=\"og:image:width\" content=\"1023\" \/>\n\t<meta property=\"og:image:height\" content=\"767\" \/>\n\t<meta property=\"og:image:type\" content=\"image\/jpeg\" \/>\n<meta name=\"author\" content=\"fr. Emilianos Chatzivasileiou\" \/>\n<meta name=\"twitter:card\" content=\"summary_large_image\" \/>\n<meta name=\"twitter:creator\" content=\"@orthobel\" \/>\n<meta name=\"twitter:site\" content=\"@orthobel\" \/>\n<meta name=\"twitter:label1\" content=\"\u00c9crit par\" \/>\n\t<meta name=\"twitter:data1\" content=\"fr. Emilianos Chatzivasileiou\" \/>\n\t<meta name=\"twitter:label2\" content=\"Dur\u00e9e de lecture est.\" \/>\n\t<meta name=\"twitter:data2\" content=\"3 minutes\" \/>\n<script type=\"application\/ld+json\" class=\"yoast-schema-graph\">{\"@context\":\"https:\/\/schema.org\",\"@graph\":[{\"@type\":\"Article\",\"@id\":\"https:\/\/orthodoxia.be\/2022\/10\/18\/%cf%80%cf%81%cf%8e%cf%84%ce%b7-%cf%80%ce%bf%ce%b9%ce%bc%ce%b1%ce%bd%cf%84%ce%b9%ce%ba%ce%ae-%ce%b5%cf%80%ce%af%cf%83%ce%ba%ce%b5%cf%88%ce%b7-%cf%83%cf%84%ce%b7%ce%bd-%ce%b9%ce%b5%cf%81%ce%ac-%ce%bc\/#article\",\"isPartOf\":{\"@id\":\"https:\/\/orthodoxia.be\/2022\/10\/18\/%cf%80%cf%81%cf%8e%cf%84%ce%b7-%cf%80%ce%bf%ce%b9%ce%bc%ce%b1%ce%bd%cf%84%ce%b9%ce%ba%ce%ae-%ce%b5%cf%80%ce%af%cf%83%ce%ba%ce%b5%cf%88%ce%b7-%cf%83%cf%84%ce%b7%ce%bd-%ce%b9%ce%b5%cf%81%ce%ac-%ce%bc\/\"},\"author\":{\"name\":\"fr. Emilianos Chatzivasileiou\",\"@id\":\"https:\/\/orthodoxia.be\/#\/schema\/person\/f6c4fd8f4c3dfc201522ccccede872c4\"},\"headline\":\"Premi\u00e8re visite pastorale au monast\u00e8re orthodoxe de La Haye, Pays-Bas\",\"datePublished\":\"2022-10-18T07:10:59+00:00\",\"dateModified\":\"2022-10-18T08:59:57+00:00\",\"mainEntityOfPage\":{\"@id\":\"https:\/\/orthodoxia.be\/2022\/10\/18\/%cf%80%cf%81%cf%8e%cf%84%ce%b7-%cf%80%ce%bf%ce%b9%ce%bc%ce%b1%ce%bd%cf%84%ce%b9%ce%ba%ce%ae-%ce%b5%cf%80%ce%af%cf%83%ce%ba%ce%b5%cf%88%ce%b7-%cf%83%cf%84%ce%b7%ce%bd-%ce%b9%ce%b5%cf%81%ce%ac-%ce%bc\/\"},\"wordCount\":631,\"publisher\":{\"@id\":\"https:\/\/orthodoxia.be\/#organization\"},\"image\":{\"@id\":\"https:\/\/orthodoxia.be\/2022\/10\/18\/%cf%80%cf%81%cf%8e%cf%84%ce%b7-%cf%80%ce%bf%ce%b9%ce%bc%ce%b1%ce%bd%cf%84%ce%b9%ce%ba%ce%ae-%ce%b5%cf%80%ce%af%cf%83%ce%ba%ce%b5%cf%88%ce%b7-%cf%83%cf%84%ce%b7%ce%bd-%ce%b9%ce%b5%cf%81%ce%ac-%ce%bc\/#primaryimage\"},\"thumbnailUrl\":\"https:\/\/orthodoxia.be\/wp-content\/uploads\/2022\/10\/52432365511_0746df8520_o.jpg\",\"articleSection\":[\"Actualit\u00e9\"],\"inLanguage\":\"fr-BE\"},{\"@type\":\"WebPage\",\"@id\":\"https:\/\/orthodoxia.be\/2022\/10\/18\/%cf%80%cf%81%cf%8e%cf%84%ce%b7-%cf%80%ce%bf%ce%b9%ce%bc%ce%b1%ce%bd%cf%84%ce%b9%ce%ba%ce%ae-%ce%b5%cf%80%ce%af%cf%83%ce%ba%ce%b5%cf%88%ce%b7-%cf%83%cf%84%ce%b7%ce%bd-%ce%b9%ce%b5%cf%81%ce%ac-%ce%bc\/\",\"url\":\"https:\/\/orthodoxia.be\/2022\/10\/18\/%cf%80%cf%81%cf%8e%cf%84%ce%b7-%cf%80%ce%bf%ce%b9%ce%bc%ce%b1%ce%bd%cf%84%ce%b9%ce%ba%ce%ae-%ce%b5%cf%80%ce%af%cf%83%ce%ba%ce%b5%cf%88%ce%b7-%cf%83%cf%84%ce%b7%ce%bd-%ce%b9%ce%b5%cf%81%ce%ac-%ce%bc\/\",\"name\":\"Premi\u00e8re visite pastorale au monast\u00e8re orthodoxe de La Haye, Pays-Bas - Archev\u00each\u00e9 Orthodoxe de Belgique\",\"isPartOf\":{\"@id\":\"https:\/\/orthodoxia.be\/#website\"},\"primaryImageOfPage\":{\"@id\":\"https:\/\/orthodoxia.be\/2022\/10\/18\/%cf%80%cf%81%cf%8e%cf%84%ce%b7-%cf%80%ce%bf%ce%b9%ce%bc%ce%b1%ce%bd%cf%84%ce%b9%ce%ba%ce%ae-%ce%b5%cf%80%ce%af%cf%83%ce%ba%ce%b5%cf%88%ce%b7-%cf%83%cf%84%ce%b7%ce%bd-%ce%b9%ce%b5%cf%81%ce%ac-%ce%bc\/#primaryimage\"},\"image\":{\"@id\":\"https:\/\/orthodoxia.be\/2022\/10\/18\/%cf%80%cf%81%cf%8e%cf%84%ce%b7-%cf%80%ce%bf%ce%b9%ce%bc%ce%b1%ce%bd%cf%84%ce%b9%ce%ba%ce%ae-%ce%b5%cf%80%ce%af%cf%83%ce%ba%ce%b5%cf%88%ce%b7-%cf%83%cf%84%ce%b7%ce%bd-%ce%b9%ce%b5%cf%81%ce%ac-%ce%bc\/#primaryimage\"},\"thumbnailUrl\":\"https:\/\/orthodoxia.be\/wp-content\/uploads\/2022\/10\/52432365511_0746df8520_o.jpg\",\"datePublished\":\"2022-10-18T07:10:59+00:00\",\"dateModified\":\"2022-10-18T08:59:57+00:00\",\"breadcrumb\":{\"@id\":\"https:\/\/orthodoxia.be\/2022\/10\/18\/%cf%80%cf%81%cf%8e%cf%84%ce%b7-%cf%80%ce%bf%ce%b9%ce%bc%ce%b1%ce%bd%cf%84%ce%b9%ce%ba%ce%ae-%ce%b5%cf%80%ce%af%cf%83%ce%ba%ce%b5%cf%88%ce%b7-%cf%83%cf%84%ce%b7%ce%bd-%ce%b9%ce%b5%cf%81%ce%ac-%ce%bc\/#breadcrumb\"},\"inLanguage\":\"fr-BE\",\"potentialAction\":[{\"@type\":\"ReadAction\",\"target\":[\"https:\/\/orthodoxia.be\/2022\/10\/18\/%cf%80%cf%81%cf%8e%cf%84%ce%b7-%cf%80%ce%bf%ce%b9%ce%bc%ce%b1%ce%bd%cf%84%ce%b9%ce%ba%ce%ae-%ce%b5%cf%80%ce%af%cf%83%ce%ba%ce%b5%cf%88%ce%b7-%cf%83%cf%84%ce%b7%ce%bd-%ce%b9%ce%b5%cf%81%ce%ac-%ce%bc\/\"]}]},{\"@type\":\"ImageObject\",\"inLanguage\":\"fr-BE\",\"@id\":\"https:\/\/orthodoxia.be\/2022\/10\/18\/%cf%80%cf%81%cf%8e%cf%84%ce%b7-%cf%80%ce%bf%ce%b9%ce%bc%ce%b1%ce%bd%cf%84%ce%b9%ce%ba%ce%ae-%ce%b5%cf%80%ce%af%cf%83%ce%ba%ce%b5%cf%88%ce%b7-%cf%83%cf%84%ce%b7%ce%bd-%ce%b9%ce%b5%cf%81%ce%ac-%ce%bc\/#primaryimage\",\"url\":\"https:\/\/orthodoxia.be\/wp-content\/uploads\/2022\/10\/52432365511_0746df8520_o.jpg\",\"contentUrl\":\"https:\/\/orthodoxia.be\/wp-content\/uploads\/2022\/10\/52432365511_0746df8520_o.jpg\",\"width\":1023,\"height\":767},{\"@type\":\"BreadcrumbList\",\"@id\":\"https:\/\/orthodoxia.be\/2022\/10\/18\/%cf%80%cf%81%cf%8e%cf%84%ce%b7-%cf%80%ce%bf%ce%b9%ce%bc%ce%b1%ce%bd%cf%84%ce%b9%ce%ba%ce%ae-%ce%b5%cf%80%ce%af%cf%83%ce%ba%ce%b5%cf%88%ce%b7-%cf%83%cf%84%ce%b7%ce%bd-%ce%b9%ce%b5%cf%81%ce%ac-%ce%bc\/#breadcrumb\",\"itemListElement\":[{\"@type\":\"ListItem\",\"position\":1,\"name\":\"Home\",\"item\":\"https:\/\/orthodoxia.be\/fr\/\"},{\"@type\":\"ListItem\",\"position\":2,\"name\":\"Premi\u00e8re visite pastorale au monast\u00e8re orthodoxe de La Haye, Pays-Bas\"}]},{\"@type\":\"WebSite\",\"@id\":\"https:\/\/orthodoxia.be\/#website\",\"url\":\"https:\/\/orthodoxia.be\/\",\"name\":\"Orthodox Archdiocese of Belgium (Benelux)\",\"description\":\"Exarque des Pays-Bas et du Luxembourg\",\"publisher\":{\"@id\":\"https:\/\/orthodoxia.be\/#organization\"},\"alternateName\":\"IMB\",\"potentialAction\":[{\"@type\":\"SearchAction\",\"target\":{\"@type\":\"EntryPoint\",\"urlTemplate\":\"https:\/\/orthodoxia.be\/?s={search_term_string}\"},\"query-input\":{\"@type\":\"PropertyValueSpecification\",\"valueRequired\":true,\"valueName\":\"search_term_string\"}}],\"inLanguage\":\"fr-BE\"},{\"@type\":\"Organization\",\"@id\":\"https:\/\/orthodoxia.be\/#organization\",\"name\":\"Orthodox Archdiocese of Belgium (Benelux)\",\"url\":\"https:\/\/orthodoxia.be\/\",\"logo\":{\"@type\":\"ImageObject\",\"inLanguage\":\"fr-BE\",\"@id\":\"https:\/\/orthodoxia.be\/#\/schema\/logo\/image\/\",\"url\":\"https:\/\/orthodoxia.be\/wp-content\/uploads\/2024\/02\/cropped-IMB-logo-512-cl-1.png\",\"contentUrl\":\"https:\/\/orthodoxia.be\/wp-content\/uploads\/2024\/02\/cropped-IMB-logo-512-cl-1.png\",\"width\":512,\"height\":512,\"caption\":\"Orthodox Archdiocese of Belgium (Benelux)\"},\"image\":{\"@id\":\"https:\/\/orthodoxia.be\/#\/schema\/logo\/image\/\"},\"sameAs\":[\"https:\/\/www.facebook.com\/orthobel\",\"https:\/\/x.com\/orthobel\",\"https:\/\/www.youtube.com\/c\/orthobel\",\"https:\/\/www.mixcloud.com\/orthobel\/\",\"https:\/\/www.flickr.com\/photos\/148264890@N07\/albums\",\"https:\/\/www.dailymotion.com\/Orthobel\"]},{\"@type\":\"Person\",\"@id\":\"https:\/\/orthodoxia.be\/#\/schema\/person\/f6c4fd8f4c3dfc201522ccccede872c4\",\"name\":\"fr. Emilianos Chatzivasileiou\",\"image\":{\"@type\":\"ImageObject\",\"inLanguage\":\"fr-BE\",\"@id\":\"https:\/\/orthodoxia.be\/#\/schema\/person\/image\/\",\"url\":\"https:\/\/secure.gravatar.com\/avatar\/5b67115dbb9ae1579c39e9ae857d39ac?s=96&d=mm&r=g\",\"contentUrl\":\"https:\/\/secure.gravatar.com\/avatar\/5b67115dbb9ae1579c39e9ae857d39ac?s=96&d=mm&r=g\",\"caption\":\"fr. Emilianos Chatzivasileiou\"},\"sameAs\":[\"http:\/\/orthodoxia.be\"],\"url\":\"https:\/\/orthodoxia.be\/fr\/author\/p-emilianos\/\"}]}<\/script>\n<!-- \/ Yoast SEO plugin. -->","yoast_head_json":{"title":"Premi\u00e8re visite pastorale au monast\u00e8re orthodoxe de La Haye, Pays-Bas - Archev\u00each\u00e9 Orthodoxe de Belgique","robots":{"index":"index","follow":"follow","max-snippet":"max-snippet:-1","max-image-preview":"max-image-preview:large","max-video-preview":"max-video-preview:-1"},"canonical":"https:\/\/orthodoxia.be\/2022\/10\/18\/\u03c0\u03c1\u03ce\u03c4\u03b7-\u03c0\u03bf\u03b9\u03bc\u03b1\u03bd\u03c4\u03b9\u03ba\u03ae-\u03b5\u03c0\u03af\u03c3\u03ba\u03b5\u03c8\u03b7-\u03c3\u03c4\u03b7\u03bd-\u03b9\u03b5\u03c1\u03ac-\u03bc\/","og_locale":"fr_FR","og_type":"article","og_title":"Premi\u00e8re visite pastorale au monast\u00e8re orthodoxe de La Haye, Pays-Bas - Archev\u00each\u00e9 Orthodoxe de Belgique","og_description":"Le dimanche 16 octobre 2022, Son \u00c9minence le M\u00e9tropolite Ath\u00e9nagoras de Belgique et Exarque des Pays-Bas et du Luxembourg a effectu\u00e9 une premi\u00e8re visite pastorale au monast\u00e8re orthodoxe Saint-Jean-Baptiste, situ\u00e9 dans le centre historique de la belle ville de La Haye. Jusqu&#8217;\u00e0 r\u00e9cemment, ce monast\u00e8re d\u00e9pendait du Patriarcat de Moscou, mais a fait une demande &hellip; Continued","og_url":"https:\/\/orthodoxia.be\/2022\/10\/18\/\u03c0\u03c1\u03ce\u03c4\u03b7-\u03c0\u03bf\u03b9\u03bc\u03b1\u03bd\u03c4\u03b9\u03ba\u03ae-\u03b5\u03c0\u03af\u03c3\u03ba\u03b5\u03c8\u03b7-\u03c3\u03c4\u03b7\u03bd-\u03b9\u03b5\u03c1\u03ac-\u03bc\/","og_site_name":"Archev\u00each\u00e9 Orthodoxe de Belgique","article_publisher":"https:\/\/www.facebook.com\/orthobel","article_published_time":"2022-10-18T07:10:59+00:00","article_modified_time":"2022-10-18T08:59:57+00:00","og_image":[{"width":1023,"height":767,"url":"https:\/\/orthodoxia.be\/wp-content\/uploads\/2022\/10\/52432365511_0746df8520_o.jpg","type":"image\/jpeg"}],"author":"fr. Emilianos Chatzivasileiou","twitter_card":"summary_large_image","twitter_creator":"@orthobel","twitter_site":"@orthobel","twitter_misc":{"\u00c9crit par":"fr. Emilianos Chatzivasileiou","Dur\u00e9e de lecture est.":"3 minutes"},"schema":{"@context":"https:\/\/schema.org","@graph":[{"@type":"Article","@id":"https:\/\/orthodoxia.be\/2022\/10\/18\/%cf%80%cf%81%cf%8e%cf%84%ce%b7-%cf%80%ce%bf%ce%b9%ce%bc%ce%b1%ce%bd%cf%84%ce%b9%ce%ba%ce%ae-%ce%b5%cf%80%ce%af%cf%83%ce%ba%ce%b5%cf%88%ce%b7-%cf%83%cf%84%ce%b7%ce%bd-%ce%b9%ce%b5%cf%81%ce%ac-%ce%bc\/#article","isPartOf":{"@id":"https:\/\/orthodoxia.be\/2022\/10\/18\/%cf%80%cf%81%cf%8e%cf%84%ce%b7-%cf%80%ce%bf%ce%b9%ce%bc%ce%b1%ce%bd%cf%84%ce%b9%ce%ba%ce%ae-%ce%b5%cf%80%ce%af%cf%83%ce%ba%ce%b5%cf%88%ce%b7-%cf%83%cf%84%ce%b7%ce%bd-%ce%b9%ce%b5%cf%81%ce%ac-%ce%bc\/"},"author":{"name":"fr. Emilianos Chatzivasileiou","@id":"https:\/\/orthodoxia.be\/#\/schema\/person\/f6c4fd8f4c3dfc201522ccccede872c4"},"headline":"Premi\u00e8re visite pastorale au monast\u00e8re orthodoxe de La Haye, Pays-Bas","datePublished":"2022-10-18T07:10:59+00:00","dateModified":"2022-10-18T08:59:57+00:00","mainEntityOfPage":{"@id":"https:\/\/orthodoxia.be\/2022\/10\/18\/%cf%80%cf%81%cf%8e%cf%84%ce%b7-%cf%80%ce%bf%ce%b9%ce%bc%ce%b1%ce%bd%cf%84%ce%b9%ce%ba%ce%ae-%ce%b5%cf%80%ce%af%cf%83%ce%ba%ce%b5%cf%88%ce%b7-%cf%83%cf%84%ce%b7%ce%bd-%ce%b9%ce%b5%cf%81%ce%ac-%ce%bc\/"},"wordCount":631,"publisher":{"@id":"https:\/\/orthodoxia.be\/#organization"},"image":{"@id":"https:\/\/orthodoxia.be\/2022\/10\/18\/%cf%80%cf%81%cf%8e%cf%84%ce%b7-%cf%80%ce%bf%ce%b9%ce%bc%ce%b1%ce%bd%cf%84%ce%b9%ce%ba%ce%ae-%ce%b5%cf%80%ce%af%cf%83%ce%ba%ce%b5%cf%88%ce%b7-%cf%83%cf%84%ce%b7%ce%bd-%ce%b9%ce%b5%cf%81%ce%ac-%ce%bc\/#primaryimage"},"thumbnailUrl":"https:\/\/orthodoxia.be\/wp-content\/uploads\/2022\/10\/52432365511_0746df8520_o.jpg","articleSection":["Actualit\u00e9"],"inLanguage":"fr-BE"},{"@type":"WebPage","@id":"https:\/\/orthodoxia.be\/2022\/10\/18\/%cf%80%cf%81%cf%8e%cf%84%ce%b7-%cf%80%ce%bf%ce%b9%ce%bc%ce%b1%ce%bd%cf%84%ce%b9%ce%ba%ce%ae-%ce%b5%cf%80%ce%af%cf%83%ce%ba%ce%b5%cf%88%ce%b7-%cf%83%cf%84%ce%b7%ce%bd-%ce%b9%ce%b5%cf%81%ce%ac-%ce%bc\/","url":"https:\/\/orthodoxia.be\/2022\/10\/18\/%cf%80%cf%81%cf%8e%cf%84%ce%b7-%cf%80%ce%bf%ce%b9%ce%bc%ce%b1%ce%bd%cf%84%ce%b9%ce%ba%ce%ae-%ce%b5%cf%80%ce%af%cf%83%ce%ba%ce%b5%cf%88%ce%b7-%cf%83%cf%84%ce%b7%ce%bd-%ce%b9%ce%b5%cf%81%ce%ac-%ce%bc\/","name":"Premi\u00e8re visite pastorale au monast\u00e8re orthodoxe de La Haye, Pays-Bas - Archev\u00each\u00e9 Orthodoxe de Belgique","isPartOf":{"@id":"https:\/\/orthodoxia.be\/#website"},"primaryImageOfPage":{"@id":"https:\/\/orthodoxia.be\/2022\/10\/18\/%cf%80%cf%81%cf%8e%cf%84%ce%b7-%cf%80%ce%bf%ce%b9%ce%bc%ce%b1%ce%bd%cf%84%ce%b9%ce%ba%ce%ae-%ce%b5%cf%80%ce%af%cf%83%ce%ba%ce%b5%cf%88%ce%b7-%cf%83%cf%84%ce%b7%ce%bd-%ce%b9%ce%b5%cf%81%ce%ac-%ce%bc\/#primaryimage"},"image":{"@id":"https:\/\/orthodoxia.be\/2022\/10\/18\/%cf%80%cf%81%cf%8e%cf%84%ce%b7-%cf%80%ce%bf%ce%b9%ce%bc%ce%b1%ce%bd%cf%84%ce%b9%ce%ba%ce%ae-%ce%b5%cf%80%ce%af%cf%83%ce%ba%ce%b5%cf%88%ce%b7-%cf%83%cf%84%ce%b7%ce%bd-%ce%b9%ce%b5%cf%81%ce%ac-%ce%bc\/#primaryimage"},"thumbnailUrl":"https:\/\/orthodoxia.be\/wp-content\/uploads\/2022\/10\/52432365511_0746df8520_o.jpg","datePublished":"2022-10-18T07:10:59+00:00","dateModified":"2022-10-18T08:59:57+00:00","breadcrumb":{"@id":"https:\/\/orthodoxia.be\/2022\/10\/18\/%cf%80%cf%81%cf%8e%cf%84%ce%b7-%cf%80%ce%bf%ce%b9%ce%bc%ce%b1%ce%bd%cf%84%ce%b9%ce%ba%ce%ae-%ce%b5%cf%80%ce%af%cf%83%ce%ba%ce%b5%cf%88%ce%b7-%cf%83%cf%84%ce%b7%ce%bd-%ce%b9%ce%b5%cf%81%ce%ac-%ce%bc\/#breadcrumb"},"inLanguage":"fr-BE","potentialAction":[{"@type":"ReadAction","target":["https:\/\/orthodoxia.be\/2022\/10\/18\/%cf%80%cf%81%cf%8e%cf%84%ce%b7-%cf%80%ce%bf%ce%b9%ce%bc%ce%b1%ce%bd%cf%84%ce%b9%ce%ba%ce%ae-%ce%b5%cf%80%ce%af%cf%83%ce%ba%ce%b5%cf%88%ce%b7-%cf%83%cf%84%ce%b7%ce%bd-%ce%b9%ce%b5%cf%81%ce%ac-%ce%bc\/"]}]},{"@type":"ImageObject","inLanguage":"fr-BE","@id":"https:\/\/orthodoxia.be\/2022\/10\/18\/%cf%80%cf%81%cf%8e%cf%84%ce%b7-%cf%80%ce%bf%ce%b9%ce%bc%ce%b1%ce%bd%cf%84%ce%b9%ce%ba%ce%ae-%ce%b5%cf%80%ce%af%cf%83%ce%ba%ce%b5%cf%88%ce%b7-%cf%83%cf%84%ce%b7%ce%bd-%ce%b9%ce%b5%cf%81%ce%ac-%ce%bc\/#primaryimage","url":"https:\/\/orthodoxia.be\/wp-content\/uploads\/2022\/10\/52432365511_0746df8520_o.jpg","contentUrl":"https:\/\/orthodoxia.be\/wp-content\/uploads\/2022\/10\/52432365511_0746df8520_o.jpg","width":1023,"height":767},{"@type":"BreadcrumbList","@id":"https:\/\/orthodoxia.be\/2022\/10\/18\/%cf%80%cf%81%cf%8e%cf%84%ce%b7-%cf%80%ce%bf%ce%b9%ce%bc%ce%b1%ce%bd%cf%84%ce%b9%ce%ba%ce%ae-%ce%b5%cf%80%ce%af%cf%83%ce%ba%ce%b5%cf%88%ce%b7-%cf%83%cf%84%ce%b7%ce%bd-%ce%b9%ce%b5%cf%81%ce%ac-%ce%bc\/#breadcrumb","itemListElement":[{"@type":"ListItem","position":1,"name":"Home","item":"https:\/\/orthodoxia.be\/fr\/"},{"@type":"ListItem","position":2,"name":"Premi\u00e8re visite pastorale au monast\u00e8re orthodoxe de La Haye, Pays-Bas"}]},{"@type":"WebSite","@id":"https:\/\/orthodoxia.be\/#website","url":"https:\/\/orthodoxia.be\/","name":"Orthodox Archdiocese of Belgium (Benelux)","description":"Exarque des Pays-Bas et du Luxembourg","publisher":{"@id":"https:\/\/orthodoxia.be\/#organization"},"alternateName":"IMB","potentialAction":[{"@type":"SearchAction","target":{"@type":"EntryPoint","urlTemplate":"https:\/\/orthodoxia.be\/?s={search_term_string}"},"query-input":{"@type":"PropertyValueSpecification","valueRequired":true,"valueName":"search_term_string"}}],"inLanguage":"fr-BE"},{"@type":"Organization","@id":"https:\/\/orthodoxia.be\/#organization","name":"Orthodox Archdiocese of Belgium (Benelux)","url":"https:\/\/orthodoxia.be\/","logo":{"@type":"ImageObject","inLanguage":"fr-BE","@id":"https:\/\/orthodoxia.be\/#\/schema\/logo\/image\/","url":"https:\/\/orthodoxia.be\/wp-content\/uploads\/2024\/02\/cropped-IMB-logo-512-cl-1.png","contentUrl":"https:\/\/orthodoxia.be\/wp-content\/uploads\/2024\/02\/cropped-IMB-logo-512-cl-1.png","width":512,"height":512,"caption":"Orthodox Archdiocese of Belgium (Benelux)"},"image":{"@id":"https:\/\/orthodoxia.be\/#\/schema\/logo\/image\/"},"sameAs":["https:\/\/www.facebook.com\/orthobel","https:\/\/x.com\/orthobel","https:\/\/www.youtube.com\/c\/orthobel","https:\/\/www.mixcloud.com\/orthobel\/","https:\/\/www.flickr.com\/photos\/148264890@N07\/albums","https:\/\/www.dailymotion.com\/Orthobel"]},{"@type":"Person","@id":"https:\/\/orthodoxia.be\/#\/schema\/person\/f6c4fd8f4c3dfc201522ccccede872c4","name":"fr. Emilianos Chatzivasileiou","image":{"@type":"ImageObject","inLanguage":"fr-BE","@id":"https:\/\/orthodoxia.be\/#\/schema\/person\/image\/","url":"https:\/\/secure.gravatar.com\/avatar\/5b67115dbb9ae1579c39e9ae857d39ac?s=96&d=mm&r=g","contentUrl":"https:\/\/secure.gravatar.com\/avatar\/5b67115dbb9ae1579c39e9ae857d39ac?s=96&d=mm&r=g","caption":"fr. Emilianos Chatzivasileiou"},"sameAs":["http:\/\/orthodoxia.be"],"url":"https:\/\/orthodoxia.be\/fr\/author\/p-emilianos\/"}]}},"_links":{"self":[{"href":"https:\/\/orthodoxia.be\/fr\/wp-json\/wp\/v2\/posts\/39353","targetHints":{"allow":["GET"]}}],"collection":[{"href":"https:\/\/orthodoxia.be\/fr\/wp-json\/wp\/v2\/posts"}],"about":[{"href":"https:\/\/orthodoxia.be\/fr\/wp-json\/wp\/v2\/types\/post"}],"author":[{"embeddable":true,"href":"https:\/\/orthodoxia.be\/fr\/wp-json\/wp\/v2\/users\/10"}],"replies":[{"embeddable":true,"href":"https:\/\/orthodoxia.be\/fr\/wp-json\/wp\/v2\/comments?post=39353"}],"version-history":[{"count":3,"href":"https:\/\/orthodoxia.be\/fr\/wp-json\/wp\/v2\/posts\/39353\/revisions"}],"predecessor-version":[{"id":39356,"href":"https:\/\/orthodoxia.be\/fr\/wp-json\/wp\/v2\/posts\/39353\/revisions\/39356"}],"wp:featuredmedia":[{"embeddable":true,"href":"https:\/\/orthodoxia.be\/fr\/wp-json\/wp\/v2\/media\/39345"}],"wp:attachment":[{"href":"https:\/\/orthodoxia.be\/fr\/wp-json\/wp\/v2\/media?parent=39353"}],"wp:term":[{"taxonomy":"category","embeddable":true,"href":"https:\/\/orthodoxia.be\/fr\/wp-json\/wp\/v2\/categories?post=39353"},{"taxonomy":"post_tag","embeddable":true,"href":"https:\/\/orthodoxia.be\/fr\/wp-json\/wp\/v2\/tags?post=39353"}],"curies":[{"name":"wp","href":"https:\/\/api.w.org\/{rel}","templated":true}]}}