{"id":39385,"date":"2022-10-19T18:15:09","date_gmt":"2022-10-19T16:15:09","guid":{"rendered":"http:\/\/orthodoxia.be\/?p=39385"},"modified":"2022-10-19T18:31:24","modified_gmt":"2022-10-19T16:31:24","slug":"rencontre-de-la-jeunesse-orthodoxe-du-benelux-2","status":"publish","type":"post","link":"https:\/\/orthodoxia.be\/fr\/2022\/10\/19\/rencontre-de-la-jeunesse-orthodoxe-du-benelux-2\/","title":{"rendered":"Rencontre de la Jeunesse Orthodoxe du Benelux"},"content":{"rendered":"<p style=\"text-align: center;\">\u00ab <em>Sois heureux, garde ta foi et fais des petites choses pour Dieu<\/em> \u00bb<br \/>\navec la participation du hi\u00e9romoine lakovos de Simonopetra (Mont Athos)<\/p>\n<p style=\"text-align: justify;\">Entre le 14 et le 16 octobre 2022 \u00e0 De Kluis &#8211; Sint Joris Weert (Leuven &#8211; Belgique) 100 jeunes orthodoxes entre 18 et 35 ans d\u2019origines diverses et des diff\u00e9rentes paroisses de l\u2019Archev\u00each\u00e9 de Belgique et Exarchat des Pays Bas et de Luxembourg se sont r\u00e9unis comme chaque ann\u00e9e depuis 1979 autour du th\u00e8me propos\u00e9 par la Commission Jeunesse de la M\u00e9tropole de Belgique: \u201cSois heureux, garde ta foi et fais des petites choses pour Dieu&#8221; le conf\u00e9rencier \u00e9tant le hi\u00e9romoine lakovos de Simonopetra (Mont Athos).<\/p>\n<p style=\"text-align: justify;\">La rencontre a \u00e9t\u00e9 anim\u00e9e par les discussions, la pri\u00e8re commune, la confession, le partage, les promenades, les pr\u00e9parations culinaires et d\u2019autres activit\u00e9s propos\u00e9es aux jeunes. Une mani\u00e8re privil\u00e9gi\u00e9e d\u2019approfondir et de partager leur foi et leur v\u00e9cu orthodoxe.<\/p>\n<p style=\"text-align: justify;\">La conf\u00e9rence du p\u00e8re Iakovos a \u00e9t\u00e9 centr\u00e9e sur la joie donn\u00e9e par notre foi dans le Seigneur ressuscit\u00e9 qui n\u2019abandonne jamais ses disciples malgr\u00e9 le fait qu\u2019ils sont tous appel\u00e9s \u00e0 vivre dans un monde sans Dieu.<\/p>\n<p style=\"text-align: justify;\">Le M\u00e9tropolite de Belgique Ath\u00e9nagoras a \u00e9t\u00e9 pr\u00e9sent \u00e0 la c\u00e9l\u00e9bration des v\u00eapres du samedi et a exprim\u00e9 sa gratitude pour la pr\u00e9sence et le message du p\u00e8re Iakovos, insistant sur l\u2019importance spirituelle de la venue d\u2019un moine du Mont Athos afin de rencontrer les jeunes orthodoxes du Benelux et les encourager dans leur d\u00e9marche spirituelle. Son \u00c9minence a encourag\u00e9 les jeunes \u00e0 poser des questions et \u00e0 parler au p\u00e8re Iakovos, les encourageant \u00e0 se confesser \u00e9tant donn\u00e9e l\u2019importance du repentir dans la vie chr\u00e9tienne.<\/p>\n<p style=\"text-align: justify;\">De m\u00eame, il a remerci\u00e9 le nouveau responsable de la Jeunesse Orthodoxe du Benelux, le P\u00e8re Antonios Tarlizos pour l\u2019organisation impeccable de l\u2019\u00e9v\u00e9nement avec une pr\u00e9sence record de jeunes ainsi que le p\u00e8re Ciprian Popescu qui a assur\u00e9 la t\u00e2che depuis 2007.<\/p>\n<p style=\"text-align: justify;\">Les jeunes ont eu la parole pendant les 5 ateliers organis\u00e9s en diff\u00e9rentes langues: fran\u00e7ais, n\u00e9erlandais et grec. Le dialogue avec les animateurs, le P\u00e8re Victor Youdin (Nouveau Testament), le P\u00e8re Antonios Tarlizos (Musique byzantine), le P\u00e8re Silouan Medema (iconographie), Monsieur Efraim Blazic (komboskini) et Christophe Beyer (preparation des prosphores et koliva).<\/p>\n<p style=\"text-align: justify;\">Les discussions ont \u00e9t\u00e9 centr\u00e9es sur les aspects concrets de la vie en Christ dans le monde d\u2019aujourd\u2019hui.<\/p>\n<p style=\"text-align: justify;\">Les offices \u00e9taient des moments forts d\u2019action de gr\u00e2ce et de pri\u00e8re commune. Les V\u00eapres, les Matines et la Divine Liturgie du Dimanche ont \u00e9t\u00e9 c\u00e9l\u00e9br\u00e9es par le p\u00e8re Iakovos et chant\u00e9es en plusieurs langues par les jeunes. La chorale des jeunes sous la direction du p\u00e8re Antonios a particip\u00e9 activement aux offices donnant une dimension artistique et spirituelle aux pri\u00e8res communes.<\/p>\n<p style=\"text-align: justify;\">La beaut\u00e9 de la rencontre a \u00e9t\u00e9 \u00e9galement assur\u00e9e par la participation active des jeunes \u00e0 la pr\u00e9paration des repas aux c\u00f4t\u00e9s de presbyt\u00e8re Sara, Mme Zo\u00eb Rogas, Mme Dimitra Bouroutzoglou et Mme Kyriaki Koutaloni qui ont magnifiquement assur\u00e9 cette t\u00e2che.<\/p>\n<p style=\"text-align: justify;\">A la fin de la rencontre, p\u00e8re Iakovos a remerci\u00e9 les jeunes pour leur participation, leur assurant qu\u2019avoir le Christ dans le c\u0153ur est le plus grand don que Dieu nous ait fait.<\/p>\n<p style=\"text-align: justify;\">[FAGP id=39371]<\/p>\n","protected":false},"excerpt":{"rendered":"<p>\u00ab Sois heureux, garde ta foi et fais des petites choses pour Dieu \u00bb avec la participation du hi\u00e9romoine lakovos de Simonopetra (Mont Athos) Entre le 14 et le 16 octobre 2022 \u00e0 De Kluis &#8211; Sint Joris Weert (Leuven &#8211; Belgique) 100 jeunes orthodoxes entre 18 et 35 ans d\u2019origines diverses et des diff\u00e9rentes &hellip; <a href=\"https:\/\/orthodoxia.be\/fr\/2022\/10\/19\/rencontre-de-la-jeunesse-orthodoxe-du-benelux-2\/\">Continued<\/a><\/p>\n","protected":false},"author":10,"featured_media":39365,"comment_status":"closed","ping_status":"open","sticky":false,"template":"","format":"standard","meta":{"_acf_changed":false,"footnotes":""},"categories":[14,115],"tags":[],"class_list":["post-39385","post","type-post","status-publish","format-standard","has-post-thumbnail","hentry","category-actualite","category-jeunesse-orthodoxe"],"acf":[],"yoast_head":"<!-- This site is optimized with the Yoast SEO plugin v24.3 - https:\/\/yoast.com\/wordpress\/plugins\/seo\/ -->\n<title>Rencontre de la Jeunesse Orthodoxe du Benelux - Archev\u00each\u00e9 Orthodoxe de Belgique<\/title>\n<meta name=\"robots\" content=\"index, follow, max-snippet:-1, max-image-preview:large, max-video-preview:-1\" \/>\n<link rel=\"canonical\" href=\"https:\/\/orthodoxia.be\/2022\/10\/19\/\u03c3\u03c5\u03bd\u03ac\u03bd\u03c4\u03b7\u03c3\u03b7-\u03bf\u03c1\u03b8\u03bf\u03b4\u03cc\u03be\u03bf\u03c5-\u03bd\u03b5\u03bf\u03bb\u03b1\u03af\u03b1\u03c2-\u03c4\u03b7\u03c2-benelux\/\" \/>\n<meta property=\"og:locale\" content=\"fr_FR\" \/>\n<meta property=\"og:type\" content=\"article\" \/>\n<meta property=\"og:title\" content=\"Rencontre de la Jeunesse Orthodoxe du Benelux - Archev\u00each\u00e9 Orthodoxe de Belgique\" \/>\n<meta property=\"og:description\" content=\"\u00ab Sois heureux, garde ta foi et fais des petites choses pour Dieu \u00bb avec la participation du hi\u00e9romoine lakovos de Simonopetra (Mont Athos) Entre le 14 et le 16 octobre 2022 \u00e0 De Kluis &#8211; Sint Joris Weert (Leuven &#8211; Belgique) 100 jeunes orthodoxes entre 18 et 35 ans d\u2019origines diverses et des diff\u00e9rentes &hellip; Continued\" \/>\n<meta property=\"og:url\" content=\"https:\/\/orthodoxia.be\/2022\/10\/19\/\u03c3\u03c5\u03bd\u03ac\u03bd\u03c4\u03b7\u03c3\u03b7-\u03bf\u03c1\u03b8\u03bf\u03b4\u03cc\u03be\u03bf\u03c5-\u03bd\u03b5\u03bf\u03bb\u03b1\u03af\u03b1\u03c2-\u03c4\u03b7\u03c2-benelux\/\" \/>\n<meta property=\"og:site_name\" content=\"Archev\u00each\u00e9 Orthodoxe de Belgique\" \/>\n<meta property=\"article:publisher\" content=\"https:\/\/www.facebook.com\/orthobel\" \/>\n<meta property=\"article:published_time\" content=\"2022-10-19T16:15:09+00:00\" \/>\n<meta property=\"article:modified_time\" content=\"2022-10-19T16:31:24+00:00\" \/>\n<meta property=\"og:image\" content=\"https:\/\/orthodoxia.be\/wp-content\/uploads\/2022\/10\/DSC02743.jpg\" \/>\n\t<meta property=\"og:image:width\" content=\"1023\" \/>\n\t<meta property=\"og:image:height\" content=\"767\" \/>\n\t<meta property=\"og:image:type\" content=\"image\/jpeg\" \/>\n<meta name=\"author\" content=\"fr. Emilianos Chatzivasileiou\" \/>\n<meta name=\"twitter:card\" content=\"summary_large_image\" \/>\n<meta name=\"twitter:creator\" content=\"@orthobel\" \/>\n<meta name=\"twitter:site\" content=\"@orthobel\" \/>\n<meta name=\"twitter:label1\" content=\"\u00c9crit par\" \/>\n\t<meta name=\"twitter:data1\" content=\"fr. Emilianos Chatzivasileiou\" \/>\n\t<meta name=\"twitter:label2\" content=\"Dur\u00e9e de lecture est.\" \/>\n\t<meta name=\"twitter:data2\" content=\"3 minutes\" \/>\n<script type=\"application\/ld+json\" class=\"yoast-schema-graph\">{\"@context\":\"https:\/\/schema.org\",\"@graph\":[{\"@type\":\"Article\",\"@id\":\"https:\/\/orthodoxia.be\/2022\/10\/19\/%cf%83%cf%85%ce%bd%ce%ac%ce%bd%cf%84%ce%b7%cf%83%ce%b7-%ce%bf%cf%81%ce%b8%ce%bf%ce%b4%cf%8c%ce%be%ce%bf%cf%85-%ce%bd%ce%b5%ce%bf%ce%bb%ce%b1%ce%af%ce%b1%cf%82-%cf%84%ce%b7%cf%82-benelux\/#article\",\"isPartOf\":{\"@id\":\"https:\/\/orthodoxia.be\/2022\/10\/19\/%cf%83%cf%85%ce%bd%ce%ac%ce%bd%cf%84%ce%b7%cf%83%ce%b7-%ce%bf%cf%81%ce%b8%ce%bf%ce%b4%cf%8c%ce%be%ce%bf%cf%85-%ce%bd%ce%b5%ce%bf%ce%bb%ce%b1%ce%af%ce%b1%cf%82-%cf%84%ce%b7%cf%82-benelux\/\"},\"author\":{\"name\":\"fr. Emilianos Chatzivasileiou\",\"@id\":\"https:\/\/orthodoxia.be\/#\/schema\/person\/f6c4fd8f4c3dfc201522ccccede872c4\"},\"headline\":\"Rencontre de la Jeunesse Orthodoxe du Benelux\",\"datePublished\":\"2022-10-19T16:15:09+00:00\",\"dateModified\":\"2022-10-19T16:31:24+00:00\",\"mainEntityOfPage\":{\"@id\":\"https:\/\/orthodoxia.be\/2022\/10\/19\/%cf%83%cf%85%ce%bd%ce%ac%ce%bd%cf%84%ce%b7%cf%83%ce%b7-%ce%bf%cf%81%ce%b8%ce%bf%ce%b4%cf%8c%ce%be%ce%bf%cf%85-%ce%bd%ce%b5%ce%bf%ce%bb%ce%b1%ce%af%ce%b1%cf%82-%cf%84%ce%b7%cf%82-benelux\/\"},\"wordCount\":595,\"publisher\":{\"@id\":\"https:\/\/orthodoxia.be\/#organization\"},\"image\":{\"@id\":\"https:\/\/orthodoxia.be\/2022\/10\/19\/%cf%83%cf%85%ce%bd%ce%ac%ce%bd%cf%84%ce%b7%cf%83%ce%b7-%ce%bf%cf%81%ce%b8%ce%bf%ce%b4%cf%8c%ce%be%ce%bf%cf%85-%ce%bd%ce%b5%ce%bf%ce%bb%ce%b1%ce%af%ce%b1%cf%82-%cf%84%ce%b7%cf%82-benelux\/#primaryimage\"},\"thumbnailUrl\":\"https:\/\/orthodoxia.be\/wp-content\/uploads\/2022\/10\/DSC02743.jpg\",\"articleSection\":[\"Actualit\u00e9\",\"Jeunesse orthodoxe\"],\"inLanguage\":\"fr-BE\"},{\"@type\":\"WebPage\",\"@id\":\"https:\/\/orthodoxia.be\/2022\/10\/19\/%cf%83%cf%85%ce%bd%ce%ac%ce%bd%cf%84%ce%b7%cf%83%ce%b7-%ce%bf%cf%81%ce%b8%ce%bf%ce%b4%cf%8c%ce%be%ce%bf%cf%85-%ce%bd%ce%b5%ce%bf%ce%bb%ce%b1%ce%af%ce%b1%cf%82-%cf%84%ce%b7%cf%82-benelux\/\",\"url\":\"https:\/\/orthodoxia.be\/2022\/10\/19\/%cf%83%cf%85%ce%bd%ce%ac%ce%bd%cf%84%ce%b7%cf%83%ce%b7-%ce%bf%cf%81%ce%b8%ce%bf%ce%b4%cf%8c%ce%be%ce%bf%cf%85-%ce%bd%ce%b5%ce%bf%ce%bb%ce%b1%ce%af%ce%b1%cf%82-%cf%84%ce%b7%cf%82-benelux\/\",\"name\":\"Rencontre de la Jeunesse Orthodoxe du Benelux - Archev\u00each\u00e9 Orthodoxe de Belgique\",\"isPartOf\":{\"@id\":\"https:\/\/orthodoxia.be\/#website\"},\"primaryImageOfPage\":{\"@id\":\"https:\/\/orthodoxia.be\/2022\/10\/19\/%cf%83%cf%85%ce%bd%ce%ac%ce%bd%cf%84%ce%b7%cf%83%ce%b7-%ce%bf%cf%81%ce%b8%ce%bf%ce%b4%cf%8c%ce%be%ce%bf%cf%85-%ce%bd%ce%b5%ce%bf%ce%bb%ce%b1%ce%af%ce%b1%cf%82-%cf%84%ce%b7%cf%82-benelux\/#primaryimage\"},\"image\":{\"@id\":\"https:\/\/orthodoxia.be\/2022\/10\/19\/%cf%83%cf%85%ce%bd%ce%ac%ce%bd%cf%84%ce%b7%cf%83%ce%b7-%ce%bf%cf%81%ce%b8%ce%bf%ce%b4%cf%8c%ce%be%ce%bf%cf%85-%ce%bd%ce%b5%ce%bf%ce%bb%ce%b1%ce%af%ce%b1%cf%82-%cf%84%ce%b7%cf%82-benelux\/#primaryimage\"},\"thumbnailUrl\":\"https:\/\/orthodoxia.be\/wp-content\/uploads\/2022\/10\/DSC02743.jpg\",\"datePublished\":\"2022-10-19T16:15:09+00:00\",\"dateModified\":\"2022-10-19T16:31:24+00:00\",\"breadcrumb\":{\"@id\":\"https:\/\/orthodoxia.be\/2022\/10\/19\/%cf%83%cf%85%ce%bd%ce%ac%ce%bd%cf%84%ce%b7%cf%83%ce%b7-%ce%bf%cf%81%ce%b8%ce%bf%ce%b4%cf%8c%ce%be%ce%bf%cf%85-%ce%bd%ce%b5%ce%bf%ce%bb%ce%b1%ce%af%ce%b1%cf%82-%cf%84%ce%b7%cf%82-benelux\/#breadcrumb\"},\"inLanguage\":\"fr-BE\",\"potentialAction\":[{\"@type\":\"ReadAction\",\"target\":[\"https:\/\/orthodoxia.be\/2022\/10\/19\/%cf%83%cf%85%ce%bd%ce%ac%ce%bd%cf%84%ce%b7%cf%83%ce%b7-%ce%bf%cf%81%ce%b8%ce%bf%ce%b4%cf%8c%ce%be%ce%bf%cf%85-%ce%bd%ce%b5%ce%bf%ce%bb%ce%b1%ce%af%ce%b1%cf%82-%cf%84%ce%b7%cf%82-benelux\/\"]}]},{\"@type\":\"ImageObject\",\"inLanguage\":\"fr-BE\",\"@id\":\"https:\/\/orthodoxia.be\/2022\/10\/19\/%cf%83%cf%85%ce%bd%ce%ac%ce%bd%cf%84%ce%b7%cf%83%ce%b7-%ce%bf%cf%81%ce%b8%ce%bf%ce%b4%cf%8c%ce%be%ce%bf%cf%85-%ce%bd%ce%b5%ce%bf%ce%bb%ce%b1%ce%af%ce%b1%cf%82-%cf%84%ce%b7%cf%82-benelux\/#primaryimage\",\"url\":\"https:\/\/orthodoxia.be\/wp-content\/uploads\/2022\/10\/DSC02743.jpg\",\"contentUrl\":\"https:\/\/orthodoxia.be\/wp-content\/uploads\/2022\/10\/DSC02743.jpg\",\"width\":1023,\"height\":767},{\"@type\":\"BreadcrumbList\",\"@id\":\"https:\/\/orthodoxia.be\/2022\/10\/19\/%cf%83%cf%85%ce%bd%ce%ac%ce%bd%cf%84%ce%b7%cf%83%ce%b7-%ce%bf%cf%81%ce%b8%ce%bf%ce%b4%cf%8c%ce%be%ce%bf%cf%85-%ce%bd%ce%b5%ce%bf%ce%bb%ce%b1%ce%af%ce%b1%cf%82-%cf%84%ce%b7%cf%82-benelux\/#breadcrumb\",\"itemListElement\":[{\"@type\":\"ListItem\",\"position\":1,\"name\":\"Home\",\"item\":\"https:\/\/orthodoxia.be\/fr\/\"},{\"@type\":\"ListItem\",\"position\":2,\"name\":\"Rencontre de la Jeunesse Orthodoxe du Benelux\"}]},{\"@type\":\"WebSite\",\"@id\":\"https:\/\/orthodoxia.be\/#website\",\"url\":\"https:\/\/orthodoxia.be\/\",\"name\":\"Orthodox Archdiocese of Belgium (Benelux)\",\"description\":\"Exarque des Pays-Bas et du Luxembourg\",\"publisher\":{\"@id\":\"https:\/\/orthodoxia.be\/#organization\"},\"alternateName\":\"IMB\",\"potentialAction\":[{\"@type\":\"SearchAction\",\"target\":{\"@type\":\"EntryPoint\",\"urlTemplate\":\"https:\/\/orthodoxia.be\/?s={search_term_string}\"},\"query-input\":{\"@type\":\"PropertyValueSpecification\",\"valueRequired\":true,\"valueName\":\"search_term_string\"}}],\"inLanguage\":\"fr-BE\"},{\"@type\":\"Organization\",\"@id\":\"https:\/\/orthodoxia.be\/#organization\",\"name\":\"Orthodox Archdiocese of Belgium (Benelux)\",\"url\":\"https:\/\/orthodoxia.be\/\",\"logo\":{\"@type\":\"ImageObject\",\"inLanguage\":\"fr-BE\",\"@id\":\"https:\/\/orthodoxia.be\/#\/schema\/logo\/image\/\",\"url\":\"https:\/\/orthodoxia.be\/wp-content\/uploads\/2024\/02\/cropped-IMB-logo-512-cl-1.png\",\"contentUrl\":\"https:\/\/orthodoxia.be\/wp-content\/uploads\/2024\/02\/cropped-IMB-logo-512-cl-1.png\",\"width\":512,\"height\":512,\"caption\":\"Orthodox Archdiocese of Belgium (Benelux)\"},\"image\":{\"@id\":\"https:\/\/orthodoxia.be\/#\/schema\/logo\/image\/\"},\"sameAs\":[\"https:\/\/www.facebook.com\/orthobel\",\"https:\/\/x.com\/orthobel\",\"https:\/\/www.youtube.com\/c\/orthobel\",\"https:\/\/www.mixcloud.com\/orthobel\/\",\"https:\/\/www.flickr.com\/photos\/148264890@N07\/albums\",\"https:\/\/www.dailymotion.com\/Orthobel\"]},{\"@type\":\"Person\",\"@id\":\"https:\/\/orthodoxia.be\/#\/schema\/person\/f6c4fd8f4c3dfc201522ccccede872c4\",\"name\":\"fr. Emilianos Chatzivasileiou\",\"image\":{\"@type\":\"ImageObject\",\"inLanguage\":\"fr-BE\",\"@id\":\"https:\/\/orthodoxia.be\/#\/schema\/person\/image\/\",\"url\":\"https:\/\/secure.gravatar.com\/avatar\/5b67115dbb9ae1579c39e9ae857d39ac?s=96&d=mm&r=g\",\"contentUrl\":\"https:\/\/secure.gravatar.com\/avatar\/5b67115dbb9ae1579c39e9ae857d39ac?s=96&d=mm&r=g\",\"caption\":\"fr. Emilianos Chatzivasileiou\"},\"sameAs\":[\"http:\/\/orthodoxia.be\"],\"url\":\"https:\/\/orthodoxia.be\/fr\/author\/p-emilianos\/\"}]}<\/script>\n<!-- \/ Yoast SEO plugin. -->","yoast_head_json":{"title":"Rencontre de la Jeunesse Orthodoxe du Benelux - Archev\u00each\u00e9 Orthodoxe de Belgique","robots":{"index":"index","follow":"follow","max-snippet":"max-snippet:-1","max-image-preview":"max-image-preview:large","max-video-preview":"max-video-preview:-1"},"canonical":"https:\/\/orthodoxia.be\/2022\/10\/19\/\u03c3\u03c5\u03bd\u03ac\u03bd\u03c4\u03b7\u03c3\u03b7-\u03bf\u03c1\u03b8\u03bf\u03b4\u03cc\u03be\u03bf\u03c5-\u03bd\u03b5\u03bf\u03bb\u03b1\u03af\u03b1\u03c2-\u03c4\u03b7\u03c2-benelux\/","og_locale":"fr_FR","og_type":"article","og_title":"Rencontre de la Jeunesse Orthodoxe du Benelux - Archev\u00each\u00e9 Orthodoxe de Belgique","og_description":"\u00ab Sois heureux, garde ta foi et fais des petites choses pour Dieu \u00bb avec la participation du hi\u00e9romoine lakovos de Simonopetra (Mont Athos) Entre le 14 et le 16 octobre 2022 \u00e0 De Kluis &#8211; Sint Joris Weert (Leuven &#8211; Belgique) 100 jeunes orthodoxes entre 18 et 35 ans d\u2019origines diverses et des diff\u00e9rentes &hellip; Continued","og_url":"https:\/\/orthodoxia.be\/2022\/10\/19\/\u03c3\u03c5\u03bd\u03ac\u03bd\u03c4\u03b7\u03c3\u03b7-\u03bf\u03c1\u03b8\u03bf\u03b4\u03cc\u03be\u03bf\u03c5-\u03bd\u03b5\u03bf\u03bb\u03b1\u03af\u03b1\u03c2-\u03c4\u03b7\u03c2-benelux\/","og_site_name":"Archev\u00each\u00e9 Orthodoxe de Belgique","article_publisher":"https:\/\/www.facebook.com\/orthobel","article_published_time":"2022-10-19T16:15:09+00:00","article_modified_time":"2022-10-19T16:31:24+00:00","og_image":[{"width":1023,"height":767,"url":"https:\/\/orthodoxia.be\/wp-content\/uploads\/2022\/10\/DSC02743.jpg","type":"image\/jpeg"}],"author":"fr. Emilianos Chatzivasileiou","twitter_card":"summary_large_image","twitter_creator":"@orthobel","twitter_site":"@orthobel","twitter_misc":{"\u00c9crit par":"fr. Emilianos Chatzivasileiou","Dur\u00e9e de lecture est.":"3 minutes"},"schema":{"@context":"https:\/\/schema.org","@graph":[{"@type":"Article","@id":"https:\/\/orthodoxia.be\/2022\/10\/19\/%cf%83%cf%85%ce%bd%ce%ac%ce%bd%cf%84%ce%b7%cf%83%ce%b7-%ce%bf%cf%81%ce%b8%ce%bf%ce%b4%cf%8c%ce%be%ce%bf%cf%85-%ce%bd%ce%b5%ce%bf%ce%bb%ce%b1%ce%af%ce%b1%cf%82-%cf%84%ce%b7%cf%82-benelux\/#article","isPartOf":{"@id":"https:\/\/orthodoxia.be\/2022\/10\/19\/%cf%83%cf%85%ce%bd%ce%ac%ce%bd%cf%84%ce%b7%cf%83%ce%b7-%ce%bf%cf%81%ce%b8%ce%bf%ce%b4%cf%8c%ce%be%ce%bf%cf%85-%ce%bd%ce%b5%ce%bf%ce%bb%ce%b1%ce%af%ce%b1%cf%82-%cf%84%ce%b7%cf%82-benelux\/"},"author":{"name":"fr. Emilianos Chatzivasileiou","@id":"https:\/\/orthodoxia.be\/#\/schema\/person\/f6c4fd8f4c3dfc201522ccccede872c4"},"headline":"Rencontre de la Jeunesse Orthodoxe du Benelux","datePublished":"2022-10-19T16:15:09+00:00","dateModified":"2022-10-19T16:31:24+00:00","mainEntityOfPage":{"@id":"https:\/\/orthodoxia.be\/2022\/10\/19\/%cf%83%cf%85%ce%bd%ce%ac%ce%bd%cf%84%ce%b7%cf%83%ce%b7-%ce%bf%cf%81%ce%b8%ce%bf%ce%b4%cf%8c%ce%be%ce%bf%cf%85-%ce%bd%ce%b5%ce%bf%ce%bb%ce%b1%ce%af%ce%b1%cf%82-%cf%84%ce%b7%cf%82-benelux\/"},"wordCount":595,"publisher":{"@id":"https:\/\/orthodoxia.be\/#organization"},"image":{"@id":"https:\/\/orthodoxia.be\/2022\/10\/19\/%cf%83%cf%85%ce%bd%ce%ac%ce%bd%cf%84%ce%b7%cf%83%ce%b7-%ce%bf%cf%81%ce%b8%ce%bf%ce%b4%cf%8c%ce%be%ce%bf%cf%85-%ce%bd%ce%b5%ce%bf%ce%bb%ce%b1%ce%af%ce%b1%cf%82-%cf%84%ce%b7%cf%82-benelux\/#primaryimage"},"thumbnailUrl":"https:\/\/orthodoxia.be\/wp-content\/uploads\/2022\/10\/DSC02743.jpg","articleSection":["Actualit\u00e9","Jeunesse orthodoxe"],"inLanguage":"fr-BE"},{"@type":"WebPage","@id":"https:\/\/orthodoxia.be\/2022\/10\/19\/%cf%83%cf%85%ce%bd%ce%ac%ce%bd%cf%84%ce%b7%cf%83%ce%b7-%ce%bf%cf%81%ce%b8%ce%bf%ce%b4%cf%8c%ce%be%ce%bf%cf%85-%ce%bd%ce%b5%ce%bf%ce%bb%ce%b1%ce%af%ce%b1%cf%82-%cf%84%ce%b7%cf%82-benelux\/","url":"https:\/\/orthodoxia.be\/2022\/10\/19\/%cf%83%cf%85%ce%bd%ce%ac%ce%bd%cf%84%ce%b7%cf%83%ce%b7-%ce%bf%cf%81%ce%b8%ce%bf%ce%b4%cf%8c%ce%be%ce%bf%cf%85-%ce%bd%ce%b5%ce%bf%ce%bb%ce%b1%ce%af%ce%b1%cf%82-%cf%84%ce%b7%cf%82-benelux\/","name":"Rencontre de la Jeunesse Orthodoxe du Benelux - Archev\u00each\u00e9 Orthodoxe de Belgique","isPartOf":{"@id":"https:\/\/orthodoxia.be\/#website"},"primaryImageOfPage":{"@id":"https:\/\/orthodoxia.be\/2022\/10\/19\/%cf%83%cf%85%ce%bd%ce%ac%ce%bd%cf%84%ce%b7%cf%83%ce%b7-%ce%bf%cf%81%ce%b8%ce%bf%ce%b4%cf%8c%ce%be%ce%bf%cf%85-%ce%bd%ce%b5%ce%bf%ce%bb%ce%b1%ce%af%ce%b1%cf%82-%cf%84%ce%b7%cf%82-benelux\/#primaryimage"},"image":{"@id":"https:\/\/orthodoxia.be\/2022\/10\/19\/%cf%83%cf%85%ce%bd%ce%ac%ce%bd%cf%84%ce%b7%cf%83%ce%b7-%ce%bf%cf%81%ce%b8%ce%bf%ce%b4%cf%8c%ce%be%ce%bf%cf%85-%ce%bd%ce%b5%ce%bf%ce%bb%ce%b1%ce%af%ce%b1%cf%82-%cf%84%ce%b7%cf%82-benelux\/#primaryimage"},"thumbnailUrl":"https:\/\/orthodoxia.be\/wp-content\/uploads\/2022\/10\/DSC02743.jpg","datePublished":"2022-10-19T16:15:09+00:00","dateModified":"2022-10-19T16:31:24+00:00","breadcrumb":{"@id":"https:\/\/orthodoxia.be\/2022\/10\/19\/%cf%83%cf%85%ce%bd%ce%ac%ce%bd%cf%84%ce%b7%cf%83%ce%b7-%ce%bf%cf%81%ce%b8%ce%bf%ce%b4%cf%8c%ce%be%ce%bf%cf%85-%ce%bd%ce%b5%ce%bf%ce%bb%ce%b1%ce%af%ce%b1%cf%82-%cf%84%ce%b7%cf%82-benelux\/#breadcrumb"},"inLanguage":"fr-BE","potentialAction":[{"@type":"ReadAction","target":["https:\/\/orthodoxia.be\/2022\/10\/19\/%cf%83%cf%85%ce%bd%ce%ac%ce%bd%cf%84%ce%b7%cf%83%ce%b7-%ce%bf%cf%81%ce%b8%ce%bf%ce%b4%cf%8c%ce%be%ce%bf%cf%85-%ce%bd%ce%b5%ce%bf%ce%bb%ce%b1%ce%af%ce%b1%cf%82-%cf%84%ce%b7%cf%82-benelux\/"]}]},{"@type":"ImageObject","inLanguage":"fr-BE","@id":"https:\/\/orthodoxia.be\/2022\/10\/19\/%cf%83%cf%85%ce%bd%ce%ac%ce%bd%cf%84%ce%b7%cf%83%ce%b7-%ce%bf%cf%81%ce%b8%ce%bf%ce%b4%cf%8c%ce%be%ce%bf%cf%85-%ce%bd%ce%b5%ce%bf%ce%bb%ce%b1%ce%af%ce%b1%cf%82-%cf%84%ce%b7%cf%82-benelux\/#primaryimage","url":"https:\/\/orthodoxia.be\/wp-content\/uploads\/2022\/10\/DSC02743.jpg","contentUrl":"https:\/\/orthodoxia.be\/wp-content\/uploads\/2022\/10\/DSC02743.jpg","width":1023,"height":767},{"@type":"BreadcrumbList","@id":"https:\/\/orthodoxia.be\/2022\/10\/19\/%cf%83%cf%85%ce%bd%ce%ac%ce%bd%cf%84%ce%b7%cf%83%ce%b7-%ce%bf%cf%81%ce%b8%ce%bf%ce%b4%cf%8c%ce%be%ce%bf%cf%85-%ce%bd%ce%b5%ce%bf%ce%bb%ce%b1%ce%af%ce%b1%cf%82-%cf%84%ce%b7%cf%82-benelux\/#breadcrumb","itemListElement":[{"@type":"ListItem","position":1,"name":"Home","item":"https:\/\/orthodoxia.be\/fr\/"},{"@type":"ListItem","position":2,"name":"Rencontre de la Jeunesse Orthodoxe du Benelux"}]},{"@type":"WebSite","@id":"https:\/\/orthodoxia.be\/#website","url":"https:\/\/orthodoxia.be\/","name":"Orthodox Archdiocese of Belgium (Benelux)","description":"Exarque des Pays-Bas et du Luxembourg","publisher":{"@id":"https:\/\/orthodoxia.be\/#organization"},"alternateName":"IMB","potentialAction":[{"@type":"SearchAction","target":{"@type":"EntryPoint","urlTemplate":"https:\/\/orthodoxia.be\/?s={search_term_string}"},"query-input":{"@type":"PropertyValueSpecification","valueRequired":true,"valueName":"search_term_string"}}],"inLanguage":"fr-BE"},{"@type":"Organization","@id":"https:\/\/orthodoxia.be\/#organization","name":"Orthodox Archdiocese of Belgium (Benelux)","url":"https:\/\/orthodoxia.be\/","logo":{"@type":"ImageObject","inLanguage":"fr-BE","@id":"https:\/\/orthodoxia.be\/#\/schema\/logo\/image\/","url":"https:\/\/orthodoxia.be\/wp-content\/uploads\/2024\/02\/cropped-IMB-logo-512-cl-1.png","contentUrl":"https:\/\/orthodoxia.be\/wp-content\/uploads\/2024\/02\/cropped-IMB-logo-512-cl-1.png","width":512,"height":512,"caption":"Orthodox Archdiocese of Belgium (Benelux)"},"image":{"@id":"https:\/\/orthodoxia.be\/#\/schema\/logo\/image\/"},"sameAs":["https:\/\/www.facebook.com\/orthobel","https:\/\/x.com\/orthobel","https:\/\/www.youtube.com\/c\/orthobel","https:\/\/www.mixcloud.com\/orthobel\/","https:\/\/www.flickr.com\/photos\/148264890@N07\/albums","https:\/\/www.dailymotion.com\/Orthobel"]},{"@type":"Person","@id":"https:\/\/orthodoxia.be\/#\/schema\/person\/f6c4fd8f4c3dfc201522ccccede872c4","name":"fr. Emilianos Chatzivasileiou","image":{"@type":"ImageObject","inLanguage":"fr-BE","@id":"https:\/\/orthodoxia.be\/#\/schema\/person\/image\/","url":"https:\/\/secure.gravatar.com\/avatar\/5b67115dbb9ae1579c39e9ae857d39ac?s=96&d=mm&r=g","contentUrl":"https:\/\/secure.gravatar.com\/avatar\/5b67115dbb9ae1579c39e9ae857d39ac?s=96&d=mm&r=g","caption":"fr. Emilianos Chatzivasileiou"},"sameAs":["http:\/\/orthodoxia.be"],"url":"https:\/\/orthodoxia.be\/fr\/author\/p-emilianos\/"}]}},"_links":{"self":[{"href":"https:\/\/orthodoxia.be\/fr\/wp-json\/wp\/v2\/posts\/39385","targetHints":{"allow":["GET"]}}],"collection":[{"href":"https:\/\/orthodoxia.be\/fr\/wp-json\/wp\/v2\/posts"}],"about":[{"href":"https:\/\/orthodoxia.be\/fr\/wp-json\/wp\/v2\/types\/post"}],"author":[{"embeddable":true,"href":"https:\/\/orthodoxia.be\/fr\/wp-json\/wp\/v2\/users\/10"}],"replies":[{"embeddable":true,"href":"https:\/\/orthodoxia.be\/fr\/wp-json\/wp\/v2\/comments?post=39385"}],"version-history":[{"count":2,"href":"https:\/\/orthodoxia.be\/fr\/wp-json\/wp\/v2\/posts\/39385\/revisions"}],"predecessor-version":[{"id":39390,"href":"https:\/\/orthodoxia.be\/fr\/wp-json\/wp\/v2\/posts\/39385\/revisions\/39390"}],"wp:featuredmedia":[{"embeddable":true,"href":"https:\/\/orthodoxia.be\/fr\/wp-json\/wp\/v2\/media\/39365"}],"wp:attachment":[{"href":"https:\/\/orthodoxia.be\/fr\/wp-json\/wp\/v2\/media?parent=39385"}],"wp:term":[{"taxonomy":"category","embeddable":true,"href":"https:\/\/orthodoxia.be\/fr\/wp-json\/wp\/v2\/categories?post=39385"},{"taxonomy":"post_tag","embeddable":true,"href":"https:\/\/orthodoxia.be\/fr\/wp-json\/wp\/v2\/tags?post=39385"}],"curies":[{"name":"wp","href":"https:\/\/api.w.org\/{rel}","templated":true}]}}