{"id":39650,"date":"2022-11-16T17:18:50","date_gmt":"2022-11-16T16:18:50","guid":{"rendered":"http:\/\/orthodoxia.be\/?p=39650"},"modified":"2022-11-16T17:23:10","modified_gmt":"2022-11-16T16:23:10","slug":"communique-de-la-conference-episcopale-orthodoxe-du-benelux-ceob-obb-8","status":"publish","type":"post","link":"https:\/\/orthodoxia.be\/fr\/2022\/11\/16\/communique-de-la-conference-episcopale-orthodoxe-du-benelux-ceob-obb-8\/","title":{"rendered":"Communiqu\u00e9 de la Conf\u00e9rence \u00c9piscopale Orthodoxe du Benelux (CEOB-OBB)"},"content":{"rendered":"<p style=\"text-align: justify;\">Bruxelles \u2013 La Conf\u00e9rence \u00c9piscopale Orthodoxe du Benelux (CEOB) a \u00e9t\u00e9 convoqu\u00e9e en sa 25e r\u00e9union le mercredi 16 novembre 2022 au si\u00e8ge de l\u2019Archev\u00each\u00e9 orthodoxe de Belgique \u00e0 Bruxelles, sous la pr\u00e9sidence de Son \u00c9minence le M\u00e9tropolite Ath\u00e9nagoras de Belgique (Patriarcat \u0152cum\u00e9nique) et avec la participation de Son \u00c9minence le M\u00e9tropolite Isaac (Patriarcat d\u2019Antioche), de Son Excellence l\u2019\u00c9v\u00eaque Sym\u00e9on de Domodedovo, repr\u00e9sentant de Son \u00c9minence le M\u00e9tropolite Jean de Doubna (Archev\u00each\u00e9 des \u00e9glises orthodoxes de tradition russe en Europe occidentale {Patriarcat de Moscou}), de Son Excellence l\u2019\u00c9v\u00eaque Justin (Patriarcat de Serbie), de Son Excellence l\u2019\u00c9v\u00eaque Marc de Neamts, repr\u00e9sentant de Son \u00c9minence le M\u00e9tropolite Joseph (Patriarcat de Roumanie), de Son Excellence l\u2019\u00c9v\u00eaque Dosith\u00e9e (Patriarcat de G\u00e9orgie) et de Son Excellence l\u2019\u00c9v\u00eaque Joachim d\u2019Apollonia (\u00c9v\u00eaque auxiliaire de l\u2019Archev\u00each\u00e9 Orthodoxe de Belgique \u2013 Patriarcat \u0152cum\u00e9nique).<br \/>\nLes \u00e9v\u00eaques ont chaleureusement accueilli les nouveaux membres de la Conf\u00e9rence \u00c9piscopale, Son Excellence Mgr Sym\u00e9on de Domodedovo et Son Excellence Mgr Justin.<br \/>\nEnsuite, ils se sont pench\u00e9s sur des th\u00e8mes importants d\u2019administration, relatifs au fonctionnement des paroisses orthodoxes en Belgique suite \u00e0 des nouvelles lois qui r\u00e9gissent les relations entre les instances de l\u2019\u00c9tat et les communaut\u00e9s religieuses. Concernant la Flandre, des sujets comme la reconnaissance des paroisses, la digitalisation, la liste des membres du clerg\u00e9, la pastorale aux h\u00f4pitaux et d\u2019autres ont \u00e9t\u00e9 attentivement examin\u00e9s par les \u00e9v\u00eaques. Ils sont aussi \u00e9t\u00e9 inform\u00e9s des dispositions qu\u2019ils doivent prendre pour la reconnaissance des paroisses dans les r\u00e9gions de la Wallonie et de Bruxelles-capitale.<br \/>\nLe pr\u00e9sident a donn\u00e9 des informations aux \u00e9v\u00eaques sur les \u00e9volutions de la pr\u00e9sence orthodoxe aux Pays-Bas, surtout du fonctionnement de l\u2019Institut de Th\u00e9ologie orthodoxe \u00ab Saint Ir\u00e9n\u00e9e \u00bb \u00e0 l\u2019Universit\u00e9 de Nim\u00e8gue ainsi que de la proc\u00e9dure de reconnaissance de l\u2019 \u00ab Instance Orthodoxe d\u2019Envoi \u00bb. Ils ont aussi \u00e9chang\u00e9 sur la vie et les d\u00e9veloppements de l\u2019Eglise orthodoxe au Grand-Duch\u00e9 de Luxembourg.<br \/>\nLe fonctionnement de l\u2019Institut de th\u00e9ologie orthodoxe \u00ab Ap\u00f4tre Paul \u00bb dans ses deux sections (n\u00e9erlandophone et francophone) ainsi que quelques aspects de l\u2019enseignement orthodoxe en Belgique ont \u00e9galement \u00e9t\u00e9 trait\u00e9s par les \u00e9v\u00eaques qui ont exprim\u00e9 leur inqui\u00e9tude face \u00e0 un manque de professeurs en faisant appel \u00e0 des candidatures. Ils se sont pr\u00e9occup\u00e9s en constatant une certaine tendance de marginalisation du cours de religion dans les \u00e9coles publiques et communales de Belgique. Ils ont aussi discut\u00e9 de l\u2019am\u00e9lioration de la qualit\u00e9 de l\u2019enseignement de religion orthodoxe.<br \/>\nLes hi\u00e9rarques ont aussi parl\u00e9 des conc\u00e9l\u00e9brations liturgiques dans les trois pays et ont discut\u00e9 sur la possibilit\u00e9 de r\u00e9aliser \u00e0 l\u2019avenir des p\u00e8lerinages.<br \/>\nEnfin, les \u00e9v\u00eaques ont \u00e9chang\u00e9 des informations utiles relatives \u00e0 leurs dioc\u00e8ses.<br \/>\nLa prochaine r\u00e9union de la Conf\u00e9rence \u00c9piscopale Orthodoxe du Benelux est pr\u00e9vue pour le 6 juin 2023.<br \/>\nLa Conf\u00e9rence \u00c9piscopale Orthodoxe du Benelux fut cr\u00e9\u00e9e sur d\u00e9cision prise par la IVe Conf\u00e9rence Panorthodoxe Pr\u00e9conciliaire, r\u00e9unie \u00e0 Chamb\u00e9sy (Gen\u00e8ve) en juin 2009.<\/p>\n<p style=\"text-align: justify;\">[FAGP id=39638]<\/p>\n","protected":false},"excerpt":{"rendered":"<p>Bruxelles \u2013 La Conf\u00e9rence \u00c9piscopale Orthodoxe du Benelux (CEOB) a \u00e9t\u00e9 convoqu\u00e9e en sa 25e r\u00e9union le mercredi 16 novembre 2022 au si\u00e8ge de l\u2019Archev\u00each\u00e9 orthodoxe de Belgique \u00e0 Bruxelles, sous la pr\u00e9sidence de Son \u00c9minence le M\u00e9tropolite Ath\u00e9nagoras de Belgique (Patriarcat \u0152cum\u00e9nique) et avec la participation de Son \u00c9minence le M\u00e9tropolite Isaac (Patriarcat d\u2019Antioche), &hellip; <a href=\"https:\/\/orthodoxia.be\/fr\/2022\/11\/16\/communique-de-la-conference-episcopale-orthodoxe-du-benelux-ceob-obb-8\/\">Continued<\/a><\/p>\n","protected":false},"author":10,"featured_media":39644,"comment_status":"closed","ping_status":"open","sticky":false,"template":"","format":"standard","meta":{"_acf_changed":false,"footnotes":""},"categories":[14,311],"tags":[],"class_list":["post-39650","post","type-post","status-publish","format-standard","has-post-thumbnail","hentry","category-actualite","category-ceob"],"acf":[],"yoast_head":"<!-- This site is optimized with the Yoast SEO plugin v24.3 - https:\/\/yoast.com\/wordpress\/plugins\/seo\/ -->\n<title>Communiqu\u00e9 de la Conf\u00e9rence \u00c9piscopale Orthodoxe du Benelux (CEOB-OBB) - Archev\u00each\u00e9 Orthodoxe de Belgique<\/title>\n<meta name=\"robots\" content=\"index, follow, max-snippet:-1, max-image-preview:large, max-video-preview:-1\" \/>\n<link rel=\"canonical\" href=\"https:\/\/orthodoxia.be\/fr\/2022\/11\/16\/communique-de-la-conference-episcopale-orthodoxe-du-benelux-ceob-obb-8\/\" \/>\n<meta property=\"og:locale\" content=\"fr_FR\" \/>\n<meta property=\"og:type\" content=\"article\" \/>\n<meta property=\"og:title\" content=\"Communiqu\u00e9 de la Conf\u00e9rence \u00c9piscopale Orthodoxe du Benelux (CEOB-OBB) - Archev\u00each\u00e9 Orthodoxe de Belgique\" \/>\n<meta property=\"og:description\" content=\"Bruxelles \u2013 La Conf\u00e9rence \u00c9piscopale Orthodoxe du Benelux (CEOB) a \u00e9t\u00e9 convoqu\u00e9e en sa 25e r\u00e9union le mercredi 16 novembre 2022 au si\u00e8ge de l\u2019Archev\u00each\u00e9 orthodoxe de Belgique \u00e0 Bruxelles, sous la pr\u00e9sidence de Son \u00c9minence le M\u00e9tropolite Ath\u00e9nagoras de Belgique (Patriarcat \u0152cum\u00e9nique) et avec la participation de Son \u00c9minence le M\u00e9tropolite Isaac (Patriarcat d\u2019Antioche), &hellip; Continued\" \/>\n<meta property=\"og:url\" content=\"https:\/\/orthodoxia.be\/fr\/2022\/11\/16\/communique-de-la-conference-episcopale-orthodoxe-du-benelux-ceob-obb-8\/\" \/>\n<meta property=\"og:site_name\" content=\"Archev\u00each\u00e9 Orthodoxe de Belgique\" \/>\n<meta property=\"article:publisher\" content=\"https:\/\/www.facebook.com\/orthobel\" \/>\n<meta property=\"article:published_time\" content=\"2022-11-16T16:18:50+00:00\" \/>\n<meta property=\"article:modified_time\" content=\"2022-11-16T16:23:10+00:00\" \/>\n<meta property=\"og:image\" content=\"https:\/\/orthodoxia.be\/wp-content\/uploads\/2022\/11\/IMG_1753.jpg\" \/>\n\t<meta property=\"og:image:width\" content=\"1023\" \/>\n\t<meta property=\"og:image:height\" content=\"767\" \/>\n\t<meta property=\"og:image:type\" content=\"image\/jpeg\" \/>\n<meta name=\"author\" content=\"fr. Emilianos Chatzivasileiou\" \/>\n<meta name=\"twitter:card\" content=\"summary_large_image\" \/>\n<meta name=\"twitter:creator\" content=\"@orthobel\" \/>\n<meta name=\"twitter:site\" content=\"@orthobel\" \/>\n<meta name=\"twitter:label1\" content=\"\u00c9crit par\" \/>\n\t<meta name=\"twitter:data1\" content=\"fr. Emilianos Chatzivasileiou\" \/>\n\t<meta name=\"twitter:label2\" content=\"Dur\u00e9e de lecture est.\" \/>\n\t<meta name=\"twitter:data2\" content=\"3 minutes\" \/>\n<script type=\"application\/ld+json\" class=\"yoast-schema-graph\">{\"@context\":\"https:\/\/schema.org\",\"@graph\":[{\"@type\":\"Article\",\"@id\":\"https:\/\/orthodoxia.be\/fr\/2022\/11\/16\/communique-de-la-conference-episcopale-orthodoxe-du-benelux-ceob-obb-8\/#article\",\"isPartOf\":{\"@id\":\"https:\/\/orthodoxia.be\/fr\/2022\/11\/16\/communique-de-la-conference-episcopale-orthodoxe-du-benelux-ceob-obb-8\/\"},\"author\":{\"name\":\"fr. Emilianos Chatzivasileiou\",\"@id\":\"https:\/\/orthodoxia.be\/#\/schema\/person\/f6c4fd8f4c3dfc201522ccccede872c4\"},\"headline\":\"Communiqu\u00e9 de la Conf\u00e9rence \u00c9piscopale Orthodoxe du Benelux (CEOB-OBB)\",\"datePublished\":\"2022-11-16T16:18:50+00:00\",\"dateModified\":\"2022-11-16T16:23:10+00:00\",\"mainEntityOfPage\":{\"@id\":\"https:\/\/orthodoxia.be\/fr\/2022\/11\/16\/communique-de-la-conference-episcopale-orthodoxe-du-benelux-ceob-obb-8\/\"},\"wordCount\":564,\"publisher\":{\"@id\":\"https:\/\/orthodoxia.be\/#organization\"},\"image\":{\"@id\":\"https:\/\/orthodoxia.be\/fr\/2022\/11\/16\/communique-de-la-conference-episcopale-orthodoxe-du-benelux-ceob-obb-8\/#primaryimage\"},\"thumbnailUrl\":\"https:\/\/orthodoxia.be\/wp-content\/uploads\/2022\/11\/IMG_1753.jpg\",\"articleSection\":[\"Actualit\u00e9\",\"Conf\u00e9rence Episcopale Orthodoxe du Benelux\"],\"inLanguage\":\"fr-BE\"},{\"@type\":\"WebPage\",\"@id\":\"https:\/\/orthodoxia.be\/fr\/2022\/11\/16\/communique-de-la-conference-episcopale-orthodoxe-du-benelux-ceob-obb-8\/\",\"url\":\"https:\/\/orthodoxia.be\/fr\/2022\/11\/16\/communique-de-la-conference-episcopale-orthodoxe-du-benelux-ceob-obb-8\/\",\"name\":\"Communiqu\u00e9 de la Conf\u00e9rence \u00c9piscopale Orthodoxe du Benelux (CEOB-OBB) - Archev\u00each\u00e9 Orthodoxe de Belgique\",\"isPartOf\":{\"@id\":\"https:\/\/orthodoxia.be\/#website\"},\"primaryImageOfPage\":{\"@id\":\"https:\/\/orthodoxia.be\/fr\/2022\/11\/16\/communique-de-la-conference-episcopale-orthodoxe-du-benelux-ceob-obb-8\/#primaryimage\"},\"image\":{\"@id\":\"https:\/\/orthodoxia.be\/fr\/2022\/11\/16\/communique-de-la-conference-episcopale-orthodoxe-du-benelux-ceob-obb-8\/#primaryimage\"},\"thumbnailUrl\":\"https:\/\/orthodoxia.be\/wp-content\/uploads\/2022\/11\/IMG_1753.jpg\",\"datePublished\":\"2022-11-16T16:18:50+00:00\",\"dateModified\":\"2022-11-16T16:23:10+00:00\",\"breadcrumb\":{\"@id\":\"https:\/\/orthodoxia.be\/fr\/2022\/11\/16\/communique-de-la-conference-episcopale-orthodoxe-du-benelux-ceob-obb-8\/#breadcrumb\"},\"inLanguage\":\"fr-BE\",\"potentialAction\":[{\"@type\":\"ReadAction\",\"target\":[\"https:\/\/orthodoxia.be\/fr\/2022\/11\/16\/communique-de-la-conference-episcopale-orthodoxe-du-benelux-ceob-obb-8\/\"]}]},{\"@type\":\"ImageObject\",\"inLanguage\":\"fr-BE\",\"@id\":\"https:\/\/orthodoxia.be\/fr\/2022\/11\/16\/communique-de-la-conference-episcopale-orthodoxe-du-benelux-ceob-obb-8\/#primaryimage\",\"url\":\"https:\/\/orthodoxia.be\/wp-content\/uploads\/2022\/11\/IMG_1753.jpg\",\"contentUrl\":\"https:\/\/orthodoxia.be\/wp-content\/uploads\/2022\/11\/IMG_1753.jpg\",\"width\":1023,\"height\":767},{\"@type\":\"BreadcrumbList\",\"@id\":\"https:\/\/orthodoxia.be\/fr\/2022\/11\/16\/communique-de-la-conference-episcopale-orthodoxe-du-benelux-ceob-obb-8\/#breadcrumb\",\"itemListElement\":[{\"@type\":\"ListItem\",\"position\":1,\"name\":\"Home\",\"item\":\"https:\/\/orthodoxia.be\/fr\/\"},{\"@type\":\"ListItem\",\"position\":2,\"name\":\"Communiqu\u00e9 de la Conf\u00e9rence \u00c9piscopale Orthodoxe du Benelux (CEOB-OBB)\"}]},{\"@type\":\"WebSite\",\"@id\":\"https:\/\/orthodoxia.be\/#website\",\"url\":\"https:\/\/orthodoxia.be\/\",\"name\":\"Orthodox Archdiocese of Belgium (Benelux)\",\"description\":\"Exarque des Pays-Bas et du Luxembourg\",\"publisher\":{\"@id\":\"https:\/\/orthodoxia.be\/#organization\"},\"alternateName\":\"IMB\",\"potentialAction\":[{\"@type\":\"SearchAction\",\"target\":{\"@type\":\"EntryPoint\",\"urlTemplate\":\"https:\/\/orthodoxia.be\/?s={search_term_string}\"},\"query-input\":{\"@type\":\"PropertyValueSpecification\",\"valueRequired\":true,\"valueName\":\"search_term_string\"}}],\"inLanguage\":\"fr-BE\"},{\"@type\":\"Organization\",\"@id\":\"https:\/\/orthodoxia.be\/#organization\",\"name\":\"Orthodox Archdiocese of Belgium (Benelux)\",\"url\":\"https:\/\/orthodoxia.be\/\",\"logo\":{\"@type\":\"ImageObject\",\"inLanguage\":\"fr-BE\",\"@id\":\"https:\/\/orthodoxia.be\/#\/schema\/logo\/image\/\",\"url\":\"https:\/\/orthodoxia.be\/wp-content\/uploads\/2024\/02\/cropped-IMB-logo-512-cl-1.png\",\"contentUrl\":\"https:\/\/orthodoxia.be\/wp-content\/uploads\/2024\/02\/cropped-IMB-logo-512-cl-1.png\",\"width\":512,\"height\":512,\"caption\":\"Orthodox Archdiocese of Belgium (Benelux)\"},\"image\":{\"@id\":\"https:\/\/orthodoxia.be\/#\/schema\/logo\/image\/\"},\"sameAs\":[\"https:\/\/www.facebook.com\/orthobel\",\"https:\/\/x.com\/orthobel\",\"https:\/\/www.youtube.com\/c\/orthobel\",\"https:\/\/www.mixcloud.com\/orthobel\/\",\"https:\/\/www.flickr.com\/photos\/148264890@N07\/albums\",\"https:\/\/www.dailymotion.com\/Orthobel\"]},{\"@type\":\"Person\",\"@id\":\"https:\/\/orthodoxia.be\/#\/schema\/person\/f6c4fd8f4c3dfc201522ccccede872c4\",\"name\":\"fr. Emilianos Chatzivasileiou\",\"image\":{\"@type\":\"ImageObject\",\"inLanguage\":\"fr-BE\",\"@id\":\"https:\/\/orthodoxia.be\/#\/schema\/person\/image\/\",\"url\":\"https:\/\/secure.gravatar.com\/avatar\/5b67115dbb9ae1579c39e9ae857d39ac?s=96&d=mm&r=g\",\"contentUrl\":\"https:\/\/secure.gravatar.com\/avatar\/5b67115dbb9ae1579c39e9ae857d39ac?s=96&d=mm&r=g\",\"caption\":\"fr. Emilianos Chatzivasileiou\"},\"sameAs\":[\"http:\/\/orthodoxia.be\"],\"url\":\"https:\/\/orthodoxia.be\/fr\/author\/p-emilianos\/\"}]}<\/script>\n<!-- \/ Yoast SEO plugin. -->","yoast_head_json":{"title":"Communiqu\u00e9 de la Conf\u00e9rence \u00c9piscopale Orthodoxe du Benelux (CEOB-OBB) - Archev\u00each\u00e9 Orthodoxe de Belgique","robots":{"index":"index","follow":"follow","max-snippet":"max-snippet:-1","max-image-preview":"max-image-preview:large","max-video-preview":"max-video-preview:-1"},"canonical":"https:\/\/orthodoxia.be\/fr\/2022\/11\/16\/communique-de-la-conference-episcopale-orthodoxe-du-benelux-ceob-obb-8\/","og_locale":"fr_FR","og_type":"article","og_title":"Communiqu\u00e9 de la Conf\u00e9rence \u00c9piscopale Orthodoxe du Benelux (CEOB-OBB) - Archev\u00each\u00e9 Orthodoxe de Belgique","og_description":"Bruxelles \u2013 La Conf\u00e9rence \u00c9piscopale Orthodoxe du Benelux (CEOB) a \u00e9t\u00e9 convoqu\u00e9e en sa 25e r\u00e9union le mercredi 16 novembre 2022 au si\u00e8ge de l\u2019Archev\u00each\u00e9 orthodoxe de Belgique \u00e0 Bruxelles, sous la pr\u00e9sidence de Son \u00c9minence le M\u00e9tropolite Ath\u00e9nagoras de Belgique (Patriarcat \u0152cum\u00e9nique) et avec la participation de Son \u00c9minence le M\u00e9tropolite Isaac (Patriarcat d\u2019Antioche), &hellip; Continued","og_url":"https:\/\/orthodoxia.be\/fr\/2022\/11\/16\/communique-de-la-conference-episcopale-orthodoxe-du-benelux-ceob-obb-8\/","og_site_name":"Archev\u00each\u00e9 Orthodoxe de Belgique","article_publisher":"https:\/\/www.facebook.com\/orthobel","article_published_time":"2022-11-16T16:18:50+00:00","article_modified_time":"2022-11-16T16:23:10+00:00","og_image":[{"width":1023,"height":767,"url":"https:\/\/orthodoxia.be\/wp-content\/uploads\/2022\/11\/IMG_1753.jpg","type":"image\/jpeg"}],"author":"fr. Emilianos Chatzivasileiou","twitter_card":"summary_large_image","twitter_creator":"@orthobel","twitter_site":"@orthobel","twitter_misc":{"\u00c9crit par":"fr. Emilianos Chatzivasileiou","Dur\u00e9e de lecture est.":"3 minutes"},"schema":{"@context":"https:\/\/schema.org","@graph":[{"@type":"Article","@id":"https:\/\/orthodoxia.be\/fr\/2022\/11\/16\/communique-de-la-conference-episcopale-orthodoxe-du-benelux-ceob-obb-8\/#article","isPartOf":{"@id":"https:\/\/orthodoxia.be\/fr\/2022\/11\/16\/communique-de-la-conference-episcopale-orthodoxe-du-benelux-ceob-obb-8\/"},"author":{"name":"fr. Emilianos Chatzivasileiou","@id":"https:\/\/orthodoxia.be\/#\/schema\/person\/f6c4fd8f4c3dfc201522ccccede872c4"},"headline":"Communiqu\u00e9 de la Conf\u00e9rence \u00c9piscopale Orthodoxe du Benelux (CEOB-OBB)","datePublished":"2022-11-16T16:18:50+00:00","dateModified":"2022-11-16T16:23:10+00:00","mainEntityOfPage":{"@id":"https:\/\/orthodoxia.be\/fr\/2022\/11\/16\/communique-de-la-conference-episcopale-orthodoxe-du-benelux-ceob-obb-8\/"},"wordCount":564,"publisher":{"@id":"https:\/\/orthodoxia.be\/#organization"},"image":{"@id":"https:\/\/orthodoxia.be\/fr\/2022\/11\/16\/communique-de-la-conference-episcopale-orthodoxe-du-benelux-ceob-obb-8\/#primaryimage"},"thumbnailUrl":"https:\/\/orthodoxia.be\/wp-content\/uploads\/2022\/11\/IMG_1753.jpg","articleSection":["Actualit\u00e9","Conf\u00e9rence Episcopale Orthodoxe du Benelux"],"inLanguage":"fr-BE"},{"@type":"WebPage","@id":"https:\/\/orthodoxia.be\/fr\/2022\/11\/16\/communique-de-la-conference-episcopale-orthodoxe-du-benelux-ceob-obb-8\/","url":"https:\/\/orthodoxia.be\/fr\/2022\/11\/16\/communique-de-la-conference-episcopale-orthodoxe-du-benelux-ceob-obb-8\/","name":"Communiqu\u00e9 de la Conf\u00e9rence \u00c9piscopale Orthodoxe du Benelux (CEOB-OBB) - Archev\u00each\u00e9 Orthodoxe de Belgique","isPartOf":{"@id":"https:\/\/orthodoxia.be\/#website"},"primaryImageOfPage":{"@id":"https:\/\/orthodoxia.be\/fr\/2022\/11\/16\/communique-de-la-conference-episcopale-orthodoxe-du-benelux-ceob-obb-8\/#primaryimage"},"image":{"@id":"https:\/\/orthodoxia.be\/fr\/2022\/11\/16\/communique-de-la-conference-episcopale-orthodoxe-du-benelux-ceob-obb-8\/#primaryimage"},"thumbnailUrl":"https:\/\/orthodoxia.be\/wp-content\/uploads\/2022\/11\/IMG_1753.jpg","datePublished":"2022-11-16T16:18:50+00:00","dateModified":"2022-11-16T16:23:10+00:00","breadcrumb":{"@id":"https:\/\/orthodoxia.be\/fr\/2022\/11\/16\/communique-de-la-conference-episcopale-orthodoxe-du-benelux-ceob-obb-8\/#breadcrumb"},"inLanguage":"fr-BE","potentialAction":[{"@type":"ReadAction","target":["https:\/\/orthodoxia.be\/fr\/2022\/11\/16\/communique-de-la-conference-episcopale-orthodoxe-du-benelux-ceob-obb-8\/"]}]},{"@type":"ImageObject","inLanguage":"fr-BE","@id":"https:\/\/orthodoxia.be\/fr\/2022\/11\/16\/communique-de-la-conference-episcopale-orthodoxe-du-benelux-ceob-obb-8\/#primaryimage","url":"https:\/\/orthodoxia.be\/wp-content\/uploads\/2022\/11\/IMG_1753.jpg","contentUrl":"https:\/\/orthodoxia.be\/wp-content\/uploads\/2022\/11\/IMG_1753.jpg","width":1023,"height":767},{"@type":"BreadcrumbList","@id":"https:\/\/orthodoxia.be\/fr\/2022\/11\/16\/communique-de-la-conference-episcopale-orthodoxe-du-benelux-ceob-obb-8\/#breadcrumb","itemListElement":[{"@type":"ListItem","position":1,"name":"Home","item":"https:\/\/orthodoxia.be\/fr\/"},{"@type":"ListItem","position":2,"name":"Communiqu\u00e9 de la Conf\u00e9rence \u00c9piscopale Orthodoxe du Benelux (CEOB-OBB)"}]},{"@type":"WebSite","@id":"https:\/\/orthodoxia.be\/#website","url":"https:\/\/orthodoxia.be\/","name":"Orthodox Archdiocese of Belgium (Benelux)","description":"Exarque des Pays-Bas et du Luxembourg","publisher":{"@id":"https:\/\/orthodoxia.be\/#organization"},"alternateName":"IMB","potentialAction":[{"@type":"SearchAction","target":{"@type":"EntryPoint","urlTemplate":"https:\/\/orthodoxia.be\/?s={search_term_string}"},"query-input":{"@type":"PropertyValueSpecification","valueRequired":true,"valueName":"search_term_string"}}],"inLanguage":"fr-BE"},{"@type":"Organization","@id":"https:\/\/orthodoxia.be\/#organization","name":"Orthodox Archdiocese of Belgium (Benelux)","url":"https:\/\/orthodoxia.be\/","logo":{"@type":"ImageObject","inLanguage":"fr-BE","@id":"https:\/\/orthodoxia.be\/#\/schema\/logo\/image\/","url":"https:\/\/orthodoxia.be\/wp-content\/uploads\/2024\/02\/cropped-IMB-logo-512-cl-1.png","contentUrl":"https:\/\/orthodoxia.be\/wp-content\/uploads\/2024\/02\/cropped-IMB-logo-512-cl-1.png","width":512,"height":512,"caption":"Orthodox Archdiocese of Belgium (Benelux)"},"image":{"@id":"https:\/\/orthodoxia.be\/#\/schema\/logo\/image\/"},"sameAs":["https:\/\/www.facebook.com\/orthobel","https:\/\/x.com\/orthobel","https:\/\/www.youtube.com\/c\/orthobel","https:\/\/www.mixcloud.com\/orthobel\/","https:\/\/www.flickr.com\/photos\/148264890@N07\/albums","https:\/\/www.dailymotion.com\/Orthobel"]},{"@type":"Person","@id":"https:\/\/orthodoxia.be\/#\/schema\/person\/f6c4fd8f4c3dfc201522ccccede872c4","name":"fr. Emilianos Chatzivasileiou","image":{"@type":"ImageObject","inLanguage":"fr-BE","@id":"https:\/\/orthodoxia.be\/#\/schema\/person\/image\/","url":"https:\/\/secure.gravatar.com\/avatar\/5b67115dbb9ae1579c39e9ae857d39ac?s=96&d=mm&r=g","contentUrl":"https:\/\/secure.gravatar.com\/avatar\/5b67115dbb9ae1579c39e9ae857d39ac?s=96&d=mm&r=g","caption":"fr. Emilianos Chatzivasileiou"},"sameAs":["http:\/\/orthodoxia.be"],"url":"https:\/\/orthodoxia.be\/fr\/author\/p-emilianos\/"}]}},"_links":{"self":[{"href":"https:\/\/orthodoxia.be\/fr\/wp-json\/wp\/v2\/posts\/39650","targetHints":{"allow":["GET"]}}],"collection":[{"href":"https:\/\/orthodoxia.be\/fr\/wp-json\/wp\/v2\/posts"}],"about":[{"href":"https:\/\/orthodoxia.be\/fr\/wp-json\/wp\/v2\/types\/post"}],"author":[{"embeddable":true,"href":"https:\/\/orthodoxia.be\/fr\/wp-json\/wp\/v2\/users\/10"}],"replies":[{"embeddable":true,"href":"https:\/\/orthodoxia.be\/fr\/wp-json\/wp\/v2\/comments?post=39650"}],"version-history":[{"count":1,"href":"https:\/\/orthodoxia.be\/fr\/wp-json\/wp\/v2\/posts\/39650\/revisions"}],"predecessor-version":[{"id":39651,"href":"https:\/\/orthodoxia.be\/fr\/wp-json\/wp\/v2\/posts\/39650\/revisions\/39651"}],"wp:featuredmedia":[{"embeddable":true,"href":"https:\/\/orthodoxia.be\/fr\/wp-json\/wp\/v2\/media\/39644"}],"wp:attachment":[{"href":"https:\/\/orthodoxia.be\/fr\/wp-json\/wp\/v2\/media?parent=39650"}],"wp:term":[{"taxonomy":"category","embeddable":true,"href":"https:\/\/orthodoxia.be\/fr\/wp-json\/wp\/v2\/categories?post=39650"},{"taxonomy":"post_tag","embeddable":true,"href":"https:\/\/orthodoxia.be\/fr\/wp-json\/wp\/v2\/tags?post=39650"}],"curies":[{"name":"wp","href":"https:\/\/api.w.org\/{rel}","templated":true}]}}