{"id":40219,"date":"2022-12-24T15:55:12","date_gmt":"2022-12-24T14:55:12","guid":{"rendered":"http:\/\/orthodoxia.be\/?p=40219"},"modified":"2023-01-16T16:56:22","modified_gmt":"2023-01-16T15:56:22","slug":"le-metropolite-georges-de-paphos-elu-nouvel-archeveque-de-chypre","status":"publish","type":"post","link":"https:\/\/orthodoxia.be\/fr\/2022\/12\/24\/le-metropolite-georges-de-paphos-elu-nouvel-archeveque-de-chypre\/","title":{"rendered":"Le M\u00e9tropolite Georges de Paphos \u00e9lu nouvel Archev\u00eaque de Chypre"},"content":{"rendered":"<p style=\"text-align: justify;\">C&#8217;est avec une grande joie que nous avons appris la nouvelle de l&#8217;\u00e9lection de Son \u00c9minence le M\u00e9tropolite Georges de Paphos comme 76\u00e8me Archev\u00eaque de la Nouvelle Justinienne et de tout Chypre. Cette \u00e9lection a eu lieu ce matin, samedi 24 d\u00e9cembre 2022, avec la participation de tous les membres du Saint et Sacr\u00e9 Synode de l&#8217;\u00c9glise de Chypre. Le nouvel Archev\u00eaque de Chypre Georges a re\u00e7u 11 voix, le M\u00e9tropolite de Limassol Athanasios 4, tandis qu&#8217;il y avait un bulletin blanc. Apr\u00e8s son \u00e9lection, le nouvel Archev\u00eaque s&#8217;est rendu du palais archi\u00e9piscopal \u00e0 l&#8217;ancienne Cath\u00e9drale de Saint-Jean le Th\u00e9ologien, au milieu d&#8217;applaudissements et de nombreuses acclamations, d&#8217;o\u00f9 il a adress\u00e9 son premier message au clerg\u00e9 et au peuple.<\/p>\n<p style=\"text-align: justify;\">Il est \u00e0 rappeler qu&#8217;en d\u00e9but d\u2019ann\u00e9e 2022, le nouvel Archev\u00eaque de Chypre avait visit\u00e9 notre Saint Archev\u00each\u00e9 et avait pr\u00e9sid\u00e9 la Divine Liturgie \u00e0 la Cath\u00e9drale des Saints Archanges Michel et Gabriel de Bruxelles.<br \/>\nNous souhaitons \u00e0 Sa B\u00e9atitude l&#8217;Archev\u00eaque Georges force et courage, soutien de la Gr\u00e2ce divine, sant\u00e9, joie et de nombreuses ann\u00e9es de vie ! Axios !<\/p>\n<p style=\"text-align: justify;\">Curriculum Vitae<\/p>\n<p style=\"text-align: justify;\">Le 76\u00e8me Archev\u00eaque de la Nouvelle Justinienne et de tout Chypre Georges est n\u00e9 \u00e0 Athi\u00e9nou le 25 mai 1949. En 1967, il est dipl\u00f4m\u00e9 du Coll\u00e8ge Panchypriote. D\u00e9tenteur d\u2019une bourse de l&#8217;I.K.Y. (Institut des Bourses \u00c9tatiques de Gr\u00e8ce), il a \u00e9tudi\u00e9 la chimie \u00e0 l&#8217;Universit\u00e9 d&#8217;Ath\u00e8nes (1968-1972) ainsi que la Th\u00e9ologie (1976-1980), se sp\u00e9cialisant ensuite en Angleterre dans ces m\u00eames domaines.<\/p>\n<p style=\"text-align: justify;\">Le 23 d\u00e9cembre 1984, il est ordonn\u00e9 diacre par l\u2019\u00c9v\u00eaque Barnab\u00e9 de Salamine. Le 17 mars 1985, il est ordonn\u00e9 pr\u00eatre et re\u00e7oit le titre d\u2019Archimandrite par l\u2019Archev\u00eaque Chrysostome Ier de Chypre. En 1994, il a assum\u00e9 les fonctions de secr\u00e9taire du Saint Synode.<\/p>\n<p style=\"text-align: justify;\">Parall\u00e8lement \u00e0 ces fonctions, il a \u00e9galement travaill\u00e9 comme professeur de chimie dans des \u00e9coles secondaires. En 1993, il est promu au poste de directeur adjoint.<\/p>\n<p style=\"text-align: justify;\">Apr\u00e8s avoir \u00e9t\u00e9 arr\u00eat\u00e9 et maltrait\u00e9 par les troupes turques lors d&#8217;une manifestation contre l\u2019occupation en 1989, il d\u00e9pose plainte contre la Turquie aupr\u00e8s du Comit\u00e9 des Droits de l&#8217;Homme du Conseil de l&#8217;Europe. Le Conseil de l&#8217;Europe, dans sa r\u00e9solution 507\/3.2.94, a condamn\u00e9 pour la premi\u00e8re fois la Turquie pour des violations des droits de l&#8217;homme \u00e0 Chypre et lui a impos\u00e9 une amende.<\/p>\n<p style=\"text-align: justify;\">Le 24 avril 1996, il a \u00e9t\u00e9 \u00e9lu par le Saint-Synode comme \u00c9v\u00eaque d&#8217;Arsino\u00ef et son ordination a eu lieu le 26 mai 1996.<\/p>\n<p style=\"text-align: justify;\">Le 29 d\u00e9cembre 2006, il est \u00e9lu \u00e0 l&#8217;unanimit\u00e9 M\u00e9tropolite de Paphos par l&#8217;assembl\u00e9e \u00e9lectorale, sp\u00e9cialement convoqu\u00e9e dans ce but, et le lendemain se d\u00e9roule son intronisation.<\/p>\n<p style=\"text-align: justify;\">Il a repr\u00e9sent\u00e9 l&#8217;\u00c9glise de Chypre dans les dialogues avec les luth\u00e9riens et les \u00e9glises r\u00e9form\u00e9es. Il est \u00e9galement pr\u00e9sident de la commission de bio\u00e9thique et d&#8217;\u00e9ducation du Saint-Synode.<\/p>\n","protected":false},"excerpt":{"rendered":"<p>C&#8217;est avec une grande joie que nous avons appris la nouvelle de l&#8217;\u00e9lection de Son \u00c9minence le M\u00e9tropolite Georges de Paphos comme 76\u00e8me Archev\u00eaque de la Nouvelle Justinienne et de tout Chypre. Cette \u00e9lection a eu lieu ce matin, samedi 24 d\u00e9cembre 2022, avec la participation de tous les membres du Saint et Sacr\u00e9 Synode &hellip; <a href=\"https:\/\/orthodoxia.be\/fr\/2022\/12\/24\/le-metropolite-georges-de-paphos-elu-nouvel-archeveque-de-chypre\/\">Continued<\/a><\/p>\n","protected":false},"author":10,"featured_media":39981,"comment_status":"closed","ping_status":"open","sticky":false,"template":"","format":"standard","meta":{"_acf_changed":false,"footnotes":""},"categories":[14],"tags":[],"class_list":["post-40219","post","type-post","status-publish","format-standard","has-post-thumbnail","hentry","category-actualite"],"acf":[],"yoast_head":"<!-- This site is optimized with the Yoast SEO plugin v24.3 - https:\/\/yoast.com\/wordpress\/plugins\/seo\/ -->\n<title>Le M\u00e9tropolite Georges de Paphos \u00e9lu nouvel Archev\u00eaque de Chypre - Archev\u00each\u00e9 Orthodoxe de Belgique<\/title>\n<meta name=\"robots\" content=\"index, follow, max-snippet:-1, max-image-preview:large, max-video-preview:-1\" \/>\n<link rel=\"canonical\" href=\"https:\/\/orthodoxia.be\/fr\/2022\/12\/24\/le-metropolite-georges-de-paphos-elu-nouvel-archeveque-de-chypre\/\" \/>\n<meta property=\"og:locale\" content=\"fr_FR\" \/>\n<meta property=\"og:type\" content=\"article\" \/>\n<meta property=\"og:title\" content=\"Le M\u00e9tropolite Georges de Paphos \u00e9lu nouvel Archev\u00eaque de Chypre - Archev\u00each\u00e9 Orthodoxe de Belgique\" \/>\n<meta property=\"og:description\" content=\"C&#8217;est avec une grande joie que nous avons appris la nouvelle de l&#8217;\u00e9lection de Son \u00c9minence le M\u00e9tropolite Georges de Paphos comme 76\u00e8me Archev\u00eaque de la Nouvelle Justinienne et de tout Chypre. Cette \u00e9lection a eu lieu ce matin, samedi 24 d\u00e9cembre 2022, avec la participation de tous les membres du Saint et Sacr\u00e9 Synode &hellip; Continued\" \/>\n<meta property=\"og:url\" content=\"https:\/\/orthodoxia.be\/fr\/2022\/12\/24\/le-metropolite-georges-de-paphos-elu-nouvel-archeveque-de-chypre\/\" \/>\n<meta property=\"og:site_name\" content=\"Archev\u00each\u00e9 Orthodoxe de Belgique\" \/>\n<meta property=\"article:publisher\" content=\"https:\/\/www.facebook.com\/orthobel\" \/>\n<meta property=\"article:published_time\" content=\"2022-12-24T14:55:12+00:00\" \/>\n<meta property=\"article:modified_time\" content=\"2023-01-16T15:56:22+00:00\" \/>\n<meta property=\"og:image\" content=\"https:\/\/orthodoxia.be\/wp-content\/uploads\/2022\/12\/image001.jpg\" \/>\n\t<meta property=\"og:image:width\" content=\"1023\" \/>\n\t<meta property=\"og:image:height\" content=\"683\" \/>\n\t<meta property=\"og:image:type\" content=\"image\/jpeg\" \/>\n<meta name=\"author\" content=\"fr. Emilianos Chatzivasileiou\" \/>\n<meta name=\"twitter:card\" content=\"summary_large_image\" \/>\n<meta name=\"twitter:creator\" content=\"@orthobel\" \/>\n<meta name=\"twitter:site\" content=\"@orthobel\" \/>\n<meta name=\"twitter:label1\" content=\"\u00c9crit par\" \/>\n\t<meta name=\"twitter:data1\" content=\"fr. Emilianos Chatzivasileiou\" \/>\n\t<meta name=\"twitter:label2\" content=\"Dur\u00e9e de lecture est.\" \/>\n\t<meta name=\"twitter:data2\" content=\"2 minutes\" \/>\n<script type=\"application\/ld+json\" class=\"yoast-schema-graph\">{\"@context\":\"https:\/\/schema.org\",\"@graph\":[{\"@type\":\"Article\",\"@id\":\"https:\/\/orthodoxia.be\/fr\/2022\/12\/24\/le-metropolite-georges-de-paphos-elu-nouvel-archeveque-de-chypre\/#article\",\"isPartOf\":{\"@id\":\"https:\/\/orthodoxia.be\/fr\/2022\/12\/24\/le-metropolite-georges-de-paphos-elu-nouvel-archeveque-de-chypre\/\"},\"author\":{\"name\":\"fr. Emilianos Chatzivasileiou\",\"@id\":\"https:\/\/orthodoxia.be\/#\/schema\/person\/f6c4fd8f4c3dfc201522ccccede872c4\"},\"headline\":\"Le M\u00e9tropolite Georges de Paphos \u00e9lu nouvel Archev\u00eaque de Chypre\",\"datePublished\":\"2022-12-24T14:55:12+00:00\",\"dateModified\":\"2023-01-16T15:56:22+00:00\",\"mainEntityOfPage\":{\"@id\":\"https:\/\/orthodoxia.be\/fr\/2022\/12\/24\/le-metropolite-georges-de-paphos-elu-nouvel-archeveque-de-chypre\/\"},\"wordCount\":526,\"publisher\":{\"@id\":\"https:\/\/orthodoxia.be\/#organization\"},\"image\":{\"@id\":\"https:\/\/orthodoxia.be\/fr\/2022\/12\/24\/le-metropolite-georges-de-paphos-elu-nouvel-archeveque-de-chypre\/#primaryimage\"},\"thumbnailUrl\":\"https:\/\/orthodoxia.be\/wp-content\/uploads\/2022\/12\/image001.jpg\",\"articleSection\":[\"Actualit\u00e9\"],\"inLanguage\":\"fr-BE\"},{\"@type\":\"WebPage\",\"@id\":\"https:\/\/orthodoxia.be\/fr\/2022\/12\/24\/le-metropolite-georges-de-paphos-elu-nouvel-archeveque-de-chypre\/\",\"url\":\"https:\/\/orthodoxia.be\/fr\/2022\/12\/24\/le-metropolite-georges-de-paphos-elu-nouvel-archeveque-de-chypre\/\",\"name\":\"Le M\u00e9tropolite Georges de Paphos \u00e9lu nouvel Archev\u00eaque de Chypre - Archev\u00each\u00e9 Orthodoxe de Belgique\",\"isPartOf\":{\"@id\":\"https:\/\/orthodoxia.be\/#website\"},\"primaryImageOfPage\":{\"@id\":\"https:\/\/orthodoxia.be\/fr\/2022\/12\/24\/le-metropolite-georges-de-paphos-elu-nouvel-archeveque-de-chypre\/#primaryimage\"},\"image\":{\"@id\":\"https:\/\/orthodoxia.be\/fr\/2022\/12\/24\/le-metropolite-georges-de-paphos-elu-nouvel-archeveque-de-chypre\/#primaryimage\"},\"thumbnailUrl\":\"https:\/\/orthodoxia.be\/wp-content\/uploads\/2022\/12\/image001.jpg\",\"datePublished\":\"2022-12-24T14:55:12+00:00\",\"dateModified\":\"2023-01-16T15:56:22+00:00\",\"breadcrumb\":{\"@id\":\"https:\/\/orthodoxia.be\/fr\/2022\/12\/24\/le-metropolite-georges-de-paphos-elu-nouvel-archeveque-de-chypre\/#breadcrumb\"},\"inLanguage\":\"fr-BE\",\"potentialAction\":[{\"@type\":\"ReadAction\",\"target\":[\"https:\/\/orthodoxia.be\/fr\/2022\/12\/24\/le-metropolite-georges-de-paphos-elu-nouvel-archeveque-de-chypre\/\"]}]},{\"@type\":\"ImageObject\",\"inLanguage\":\"fr-BE\",\"@id\":\"https:\/\/orthodoxia.be\/fr\/2022\/12\/24\/le-metropolite-georges-de-paphos-elu-nouvel-archeveque-de-chypre\/#primaryimage\",\"url\":\"https:\/\/orthodoxia.be\/wp-content\/uploads\/2022\/12\/image001.jpg\",\"contentUrl\":\"https:\/\/orthodoxia.be\/wp-content\/uploads\/2022\/12\/image001.jpg\",\"width\":1023,\"height\":683},{\"@type\":\"BreadcrumbList\",\"@id\":\"https:\/\/orthodoxia.be\/fr\/2022\/12\/24\/le-metropolite-georges-de-paphos-elu-nouvel-archeveque-de-chypre\/#breadcrumb\",\"itemListElement\":[{\"@type\":\"ListItem\",\"position\":1,\"name\":\"Home\",\"item\":\"https:\/\/orthodoxia.be\/fr\/\"},{\"@type\":\"ListItem\",\"position\":2,\"name\":\"Le M\u00e9tropolite Georges de Paphos \u00e9lu nouvel Archev\u00eaque de Chypre\"}]},{\"@type\":\"WebSite\",\"@id\":\"https:\/\/orthodoxia.be\/#website\",\"url\":\"https:\/\/orthodoxia.be\/\",\"name\":\"Orthodox Archdiocese of Belgium (Benelux)\",\"description\":\"Exarque des Pays-Bas et du Luxembourg\",\"publisher\":{\"@id\":\"https:\/\/orthodoxia.be\/#organization\"},\"alternateName\":\"IMB\",\"potentialAction\":[{\"@type\":\"SearchAction\",\"target\":{\"@type\":\"EntryPoint\",\"urlTemplate\":\"https:\/\/orthodoxia.be\/?s={search_term_string}\"},\"query-input\":{\"@type\":\"PropertyValueSpecification\",\"valueRequired\":true,\"valueName\":\"search_term_string\"}}],\"inLanguage\":\"fr-BE\"},{\"@type\":\"Organization\",\"@id\":\"https:\/\/orthodoxia.be\/#organization\",\"name\":\"Orthodox Archdiocese of Belgium (Benelux)\",\"url\":\"https:\/\/orthodoxia.be\/\",\"logo\":{\"@type\":\"ImageObject\",\"inLanguage\":\"fr-BE\",\"@id\":\"https:\/\/orthodoxia.be\/#\/schema\/logo\/image\/\",\"url\":\"https:\/\/orthodoxia.be\/wp-content\/uploads\/2024\/02\/cropped-IMB-logo-512-cl-1.png\",\"contentUrl\":\"https:\/\/orthodoxia.be\/wp-content\/uploads\/2024\/02\/cropped-IMB-logo-512-cl-1.png\",\"width\":512,\"height\":512,\"caption\":\"Orthodox Archdiocese of Belgium (Benelux)\"},\"image\":{\"@id\":\"https:\/\/orthodoxia.be\/#\/schema\/logo\/image\/\"},\"sameAs\":[\"https:\/\/www.facebook.com\/orthobel\",\"https:\/\/x.com\/orthobel\",\"https:\/\/www.youtube.com\/c\/orthobel\",\"https:\/\/www.mixcloud.com\/orthobel\/\",\"https:\/\/www.flickr.com\/photos\/148264890@N07\/albums\",\"https:\/\/www.dailymotion.com\/Orthobel\"]},{\"@type\":\"Person\",\"@id\":\"https:\/\/orthodoxia.be\/#\/schema\/person\/f6c4fd8f4c3dfc201522ccccede872c4\",\"name\":\"fr. Emilianos Chatzivasileiou\",\"image\":{\"@type\":\"ImageObject\",\"inLanguage\":\"fr-BE\",\"@id\":\"https:\/\/orthodoxia.be\/#\/schema\/person\/image\/\",\"url\":\"https:\/\/secure.gravatar.com\/avatar\/5b67115dbb9ae1579c39e9ae857d39ac?s=96&d=mm&r=g\",\"contentUrl\":\"https:\/\/secure.gravatar.com\/avatar\/5b67115dbb9ae1579c39e9ae857d39ac?s=96&d=mm&r=g\",\"caption\":\"fr. Emilianos Chatzivasileiou\"},\"sameAs\":[\"http:\/\/orthodoxia.be\"],\"url\":\"https:\/\/orthodoxia.be\/fr\/author\/p-emilianos\/\"}]}<\/script>\n<!-- \/ Yoast SEO plugin. -->","yoast_head_json":{"title":"Le M\u00e9tropolite Georges de Paphos \u00e9lu nouvel Archev\u00eaque de Chypre - Archev\u00each\u00e9 Orthodoxe de Belgique","robots":{"index":"index","follow":"follow","max-snippet":"max-snippet:-1","max-image-preview":"max-image-preview:large","max-video-preview":"max-video-preview:-1"},"canonical":"https:\/\/orthodoxia.be\/fr\/2022\/12\/24\/le-metropolite-georges-de-paphos-elu-nouvel-archeveque-de-chypre\/","og_locale":"fr_FR","og_type":"article","og_title":"Le M\u00e9tropolite Georges de Paphos \u00e9lu nouvel Archev\u00eaque de Chypre - Archev\u00each\u00e9 Orthodoxe de Belgique","og_description":"C&#8217;est avec une grande joie que nous avons appris la nouvelle de l&#8217;\u00e9lection de Son \u00c9minence le M\u00e9tropolite Georges de Paphos comme 76\u00e8me Archev\u00eaque de la Nouvelle Justinienne et de tout Chypre. Cette \u00e9lection a eu lieu ce matin, samedi 24 d\u00e9cembre 2022, avec la participation de tous les membres du Saint et Sacr\u00e9 Synode &hellip; Continued","og_url":"https:\/\/orthodoxia.be\/fr\/2022\/12\/24\/le-metropolite-georges-de-paphos-elu-nouvel-archeveque-de-chypre\/","og_site_name":"Archev\u00each\u00e9 Orthodoxe de Belgique","article_publisher":"https:\/\/www.facebook.com\/orthobel","article_published_time":"2022-12-24T14:55:12+00:00","article_modified_time":"2023-01-16T15:56:22+00:00","og_image":[{"width":1023,"height":683,"url":"https:\/\/orthodoxia.be\/wp-content\/uploads\/2022\/12\/image001.jpg","type":"image\/jpeg"}],"author":"fr. Emilianos Chatzivasileiou","twitter_card":"summary_large_image","twitter_creator":"@orthobel","twitter_site":"@orthobel","twitter_misc":{"\u00c9crit par":"fr. Emilianos Chatzivasileiou","Dur\u00e9e de lecture est.":"2 minutes"},"schema":{"@context":"https:\/\/schema.org","@graph":[{"@type":"Article","@id":"https:\/\/orthodoxia.be\/fr\/2022\/12\/24\/le-metropolite-georges-de-paphos-elu-nouvel-archeveque-de-chypre\/#article","isPartOf":{"@id":"https:\/\/orthodoxia.be\/fr\/2022\/12\/24\/le-metropolite-georges-de-paphos-elu-nouvel-archeveque-de-chypre\/"},"author":{"name":"fr. Emilianos Chatzivasileiou","@id":"https:\/\/orthodoxia.be\/#\/schema\/person\/f6c4fd8f4c3dfc201522ccccede872c4"},"headline":"Le M\u00e9tropolite Georges de Paphos \u00e9lu nouvel Archev\u00eaque de Chypre","datePublished":"2022-12-24T14:55:12+00:00","dateModified":"2023-01-16T15:56:22+00:00","mainEntityOfPage":{"@id":"https:\/\/orthodoxia.be\/fr\/2022\/12\/24\/le-metropolite-georges-de-paphos-elu-nouvel-archeveque-de-chypre\/"},"wordCount":526,"publisher":{"@id":"https:\/\/orthodoxia.be\/#organization"},"image":{"@id":"https:\/\/orthodoxia.be\/fr\/2022\/12\/24\/le-metropolite-georges-de-paphos-elu-nouvel-archeveque-de-chypre\/#primaryimage"},"thumbnailUrl":"https:\/\/orthodoxia.be\/wp-content\/uploads\/2022\/12\/image001.jpg","articleSection":["Actualit\u00e9"],"inLanguage":"fr-BE"},{"@type":"WebPage","@id":"https:\/\/orthodoxia.be\/fr\/2022\/12\/24\/le-metropolite-georges-de-paphos-elu-nouvel-archeveque-de-chypre\/","url":"https:\/\/orthodoxia.be\/fr\/2022\/12\/24\/le-metropolite-georges-de-paphos-elu-nouvel-archeveque-de-chypre\/","name":"Le M\u00e9tropolite Georges de Paphos \u00e9lu nouvel Archev\u00eaque de Chypre - Archev\u00each\u00e9 Orthodoxe de Belgique","isPartOf":{"@id":"https:\/\/orthodoxia.be\/#website"},"primaryImageOfPage":{"@id":"https:\/\/orthodoxia.be\/fr\/2022\/12\/24\/le-metropolite-georges-de-paphos-elu-nouvel-archeveque-de-chypre\/#primaryimage"},"image":{"@id":"https:\/\/orthodoxia.be\/fr\/2022\/12\/24\/le-metropolite-georges-de-paphos-elu-nouvel-archeveque-de-chypre\/#primaryimage"},"thumbnailUrl":"https:\/\/orthodoxia.be\/wp-content\/uploads\/2022\/12\/image001.jpg","datePublished":"2022-12-24T14:55:12+00:00","dateModified":"2023-01-16T15:56:22+00:00","breadcrumb":{"@id":"https:\/\/orthodoxia.be\/fr\/2022\/12\/24\/le-metropolite-georges-de-paphos-elu-nouvel-archeveque-de-chypre\/#breadcrumb"},"inLanguage":"fr-BE","potentialAction":[{"@type":"ReadAction","target":["https:\/\/orthodoxia.be\/fr\/2022\/12\/24\/le-metropolite-georges-de-paphos-elu-nouvel-archeveque-de-chypre\/"]}]},{"@type":"ImageObject","inLanguage":"fr-BE","@id":"https:\/\/orthodoxia.be\/fr\/2022\/12\/24\/le-metropolite-georges-de-paphos-elu-nouvel-archeveque-de-chypre\/#primaryimage","url":"https:\/\/orthodoxia.be\/wp-content\/uploads\/2022\/12\/image001.jpg","contentUrl":"https:\/\/orthodoxia.be\/wp-content\/uploads\/2022\/12\/image001.jpg","width":1023,"height":683},{"@type":"BreadcrumbList","@id":"https:\/\/orthodoxia.be\/fr\/2022\/12\/24\/le-metropolite-georges-de-paphos-elu-nouvel-archeveque-de-chypre\/#breadcrumb","itemListElement":[{"@type":"ListItem","position":1,"name":"Home","item":"https:\/\/orthodoxia.be\/fr\/"},{"@type":"ListItem","position":2,"name":"Le M\u00e9tropolite Georges de Paphos \u00e9lu nouvel Archev\u00eaque de Chypre"}]},{"@type":"WebSite","@id":"https:\/\/orthodoxia.be\/#website","url":"https:\/\/orthodoxia.be\/","name":"Orthodox Archdiocese of Belgium (Benelux)","description":"Exarque des Pays-Bas et du Luxembourg","publisher":{"@id":"https:\/\/orthodoxia.be\/#organization"},"alternateName":"IMB","potentialAction":[{"@type":"SearchAction","target":{"@type":"EntryPoint","urlTemplate":"https:\/\/orthodoxia.be\/?s={search_term_string}"},"query-input":{"@type":"PropertyValueSpecification","valueRequired":true,"valueName":"search_term_string"}}],"inLanguage":"fr-BE"},{"@type":"Organization","@id":"https:\/\/orthodoxia.be\/#organization","name":"Orthodox Archdiocese of Belgium (Benelux)","url":"https:\/\/orthodoxia.be\/","logo":{"@type":"ImageObject","inLanguage":"fr-BE","@id":"https:\/\/orthodoxia.be\/#\/schema\/logo\/image\/","url":"https:\/\/orthodoxia.be\/wp-content\/uploads\/2024\/02\/cropped-IMB-logo-512-cl-1.png","contentUrl":"https:\/\/orthodoxia.be\/wp-content\/uploads\/2024\/02\/cropped-IMB-logo-512-cl-1.png","width":512,"height":512,"caption":"Orthodox Archdiocese of Belgium (Benelux)"},"image":{"@id":"https:\/\/orthodoxia.be\/#\/schema\/logo\/image\/"},"sameAs":["https:\/\/www.facebook.com\/orthobel","https:\/\/x.com\/orthobel","https:\/\/www.youtube.com\/c\/orthobel","https:\/\/www.mixcloud.com\/orthobel\/","https:\/\/www.flickr.com\/photos\/148264890@N07\/albums","https:\/\/www.dailymotion.com\/Orthobel"]},{"@type":"Person","@id":"https:\/\/orthodoxia.be\/#\/schema\/person\/f6c4fd8f4c3dfc201522ccccede872c4","name":"fr. Emilianos Chatzivasileiou","image":{"@type":"ImageObject","inLanguage":"fr-BE","@id":"https:\/\/orthodoxia.be\/#\/schema\/person\/image\/","url":"https:\/\/secure.gravatar.com\/avatar\/5b67115dbb9ae1579c39e9ae857d39ac?s=96&d=mm&r=g","contentUrl":"https:\/\/secure.gravatar.com\/avatar\/5b67115dbb9ae1579c39e9ae857d39ac?s=96&d=mm&r=g","caption":"fr. Emilianos Chatzivasileiou"},"sameAs":["http:\/\/orthodoxia.be"],"url":"https:\/\/orthodoxia.be\/fr\/author\/p-emilianos\/"}]}},"_links":{"self":[{"href":"https:\/\/orthodoxia.be\/fr\/wp-json\/wp\/v2\/posts\/40219","targetHints":{"allow":["GET"]}}],"collection":[{"href":"https:\/\/orthodoxia.be\/fr\/wp-json\/wp\/v2\/posts"}],"about":[{"href":"https:\/\/orthodoxia.be\/fr\/wp-json\/wp\/v2\/types\/post"}],"author":[{"embeddable":true,"href":"https:\/\/orthodoxia.be\/fr\/wp-json\/wp\/v2\/users\/10"}],"replies":[{"embeddable":true,"href":"https:\/\/orthodoxia.be\/fr\/wp-json\/wp\/v2\/comments?post=40219"}],"version-history":[{"count":1,"href":"https:\/\/orthodoxia.be\/fr\/wp-json\/wp\/v2\/posts\/40219\/revisions"}],"predecessor-version":[{"id":40220,"href":"https:\/\/orthodoxia.be\/fr\/wp-json\/wp\/v2\/posts\/40219\/revisions\/40220"}],"wp:featuredmedia":[{"embeddable":true,"href":"https:\/\/orthodoxia.be\/fr\/wp-json\/wp\/v2\/media\/39981"}],"wp:attachment":[{"href":"https:\/\/orthodoxia.be\/fr\/wp-json\/wp\/v2\/media?parent=40219"}],"wp:term":[{"taxonomy":"category","embeddable":true,"href":"https:\/\/orthodoxia.be\/fr\/wp-json\/wp\/v2\/categories?post=40219"},{"taxonomy":"post_tag","embeddable":true,"href":"https:\/\/orthodoxia.be\/fr\/wp-json\/wp\/v2\/tags?post=40219"}],"curies":[{"name":"wp","href":"https:\/\/api.w.org\/{rel}","templated":true}]}}