{"id":41466,"date":"2023-05-03T10:33:25","date_gmt":"2023-05-03T08:33:25","guid":{"rendered":"http:\/\/orthodoxia.be\/?p=41466"},"modified":"2023-05-04T14:41:04","modified_gmt":"2023-05-04T12:41:04","slug":"rencontre-entre-clerge-et-jeunesse-de-larcheveche-de-belgique","status":"publish","type":"post","link":"https:\/\/orthodoxia.be\/fr\/2023\/05\/03\/rencontre-entre-clerge-et-jeunesse-de-larcheveche-de-belgique\/","title":{"rendered":"Rencontre entre Clerg\u00e9 et Jeunesse de l\u2019Archev\u00each\u00e9 de Belgique"},"content":{"rendered":"<p>Le lundi 1er mai, s\u2019est tenue la traditionnelle rencontre annuelle entre le clerg\u00e9 et la jeunesse de l\u2019Archev\u00each\u00e9 de Belgique, dans la r\u00e9gion d\u2019Herentals en Belgique. L\u2019orateur de cette ann\u00e9e \u00e9tait le R\u00e9v\u00e9rend Hi\u00e9romoine Nicolas Sakharov du Monast\u00e8re Patriarcal et Stavrop\u00e9gique de Saint Jean-Baptiste \u00e0 Essex (UK), avec comme th\u00e8me \u00ab\u00a0Nous Le verrons tel qu\u2019Il est\u00a0\u00bb.<\/p>\n<p>La journ\u00e9e a d\u00e9but\u00e9 par la Divine Liturgie, sous la pr\u00e9sidence de Son Excellence l\u2019\u00c9v\u00eaque Joachim d\u2019Apollonia, entour\u00e9 de quatre pr\u00eatres et de deux diacres. Les hymnes ont \u00e9t\u00e9 assur\u00e9s en plusieurs langues par une chorale de jeunes.<\/p>\n<p>Apr\u00e8s la Divine Liturgie, Son \u00c9minence le M\u00e9tropolite Ath\u00e9nagoras de Belgique et Exarque des Pays-Bas et du Luxembourg a remerci\u00e9 Son Excellence pour la c\u00e9l\u00e9bration de la Divine Liturgie et a exprim\u00e9 sa joie quant \u00e0 la pr\u00e9sence du Hi\u00e9romoine Nicolas et du moine Jean d\u2019Essex, ainsi que pour l\u2019organisation de la pr\u00e9sente rencontre, soulignant la grande importance de renforcer le travail pastoral de l&#8217;\u00c9glise locale \u00e0 l&#8217;\u00e9gard des jeunes. Il a remerci\u00e9 les jeunes pour leur participation et pour leurs actions au sein de l\u2019Archev\u00each\u00e9. Il a \u00e9galement justifi\u00e9 l\u2019absence du clerg\u00e9 et des jeunes de l&#8217;Exarchat des Pays-Bas lors de cette rencontre annuelle rappelant que le 1er mai n&#8217;est pas un jour f\u00e9ri\u00e9 aux Pays-Bas. Il est remarquable de mentionner que les rencontres de la Jeunesse en Belgique ont commenc\u00e9 d\u00e8s 1978 avec les b\u00e9n\u00e9dictions de Saint Sophrony et avec la participation des p\u00e8res de son monast\u00e8re.<\/p>\n<p>Ensuite, apr\u00e8s le d\u00e9jeuner, s\u2019est d\u00e9roul\u00e9e l\u2019hom\u00e9lie centrale de la rencontre par le p\u00e8re Nicolas avec comme titre \u00ab\u00a0Nous Le verrons tel qu\u2019Il est\u00a0\u00bb, inspirant ainsi les jeunes concernant la vie spirituelle et soulevant des questions \u00e0 discuter.<br \/>\nEn parall\u00e8le, Son \u00c9minence et l\u2019\u00c9v\u00eaque auxiliaire rencontraient les membres du clerg\u00e9. L\u2019Archipr\u00eatre Constantin Kenanidis, \u00e0 la demande de Son \u00c9minence, a introduit le sujet des vocations sacerdotales chez les jeunes. Des \u00e9changes s\u2019ensuivirent, donnant \u00e9galement l\u2019occasion de d\u00e9battre autour de divers sujets d\u2019ordre pratique et pastoral.<\/p>\n<p>Dans l\u2019apr\u00e8s-midi, apr\u00e8s le repas, ce fut l\u2019heure d\u2019une promenade dans le magnifique bois de la r\u00e9gion et par la suite, s\u2019ensuivit une deuxi\u00e8me rencontre des jeunes avec le p\u00e8re Nicolas, au cours de laquelle ils ont eu l\u2019occasion de poser des questions, de faire part de leurs pr\u00e9occupations et de s\u2019exprimer sur les divers probl\u00e8mes qui concernent les jeunes orthodoxes. Une deuxi\u00e8me rencontre du clerg\u00e9 s\u2019est \u00e9galement tenue.<br \/>\n\u00c0 la fin de la journ\u00e9e, le M\u00e9tropolite Ath\u00e9nagoras, dressant le bilan de la journ\u00e9e, a remerci\u00e9 l&#8217;orateur principal de la r\u00e9union, le p\u00e8re Nicolas, le clerg\u00e9 et les jeunes venus des diverses parties de l\u2019Archev\u00each\u00e9.<\/p>\n<p>Ce fut \u00e9galement l\u2019occasion de rappeler que la prochaine rencontre de trois jours de la Jeunesse Orthodoxe aura lieu du 20 au 22 octobre 2023 dans la r\u00e9gion de Bruges.<\/p>\n<p>[FAGP id=41420]<\/p>\n","protected":false},"excerpt":{"rendered":"<p>Le lundi 1er mai, s\u2019est tenue la traditionnelle rencontre annuelle entre le clerg\u00e9 et la jeunesse de l\u2019Archev\u00each\u00e9 de Belgique, dans la r\u00e9gion d\u2019Herentals en Belgique. L\u2019orateur de cette ann\u00e9e \u00e9tait le R\u00e9v\u00e9rend Hi\u00e9romoine Nicolas Sakharov du Monast\u00e8re Patriarcal et Stavrop\u00e9gique de Saint Jean-Baptiste \u00e0 Essex (UK), avec comme th\u00e8me \u00ab\u00a0Nous Le verrons tel qu\u2019Il &hellip; <a href=\"https:\/\/orthodoxia.be\/fr\/2023\/05\/03\/rencontre-entre-clerge-et-jeunesse-de-larcheveche-de-belgique\/\">Continued<\/a><\/p>\n","protected":false},"author":13,"featured_media":41426,"comment_status":"closed","ping_status":"open","sticky":false,"template":"","format":"standard","meta":{"_acf_changed":false,"footnotes":""},"categories":[14,115],"tags":[],"class_list":["post-41466","post","type-post","status-publish","format-standard","has-post-thumbnail","hentry","category-actualite","category-jeunesse-orthodoxe"],"acf":[],"yoast_head":"<!-- This site is optimized with the Yoast SEO plugin v24.3 - https:\/\/yoast.com\/wordpress\/plugins\/seo\/ -->\n<title>Rencontre entre Clerg\u00e9 et Jeunesse de l\u2019Archev\u00each\u00e9 de Belgique - Archev\u00each\u00e9 Orthodoxe de Belgique<\/title>\n<meta name=\"robots\" content=\"index, follow, max-snippet:-1, max-image-preview:large, max-video-preview:-1\" \/>\n<link rel=\"canonical\" href=\"https:\/\/orthodoxia.be\/fr\/2023\/05\/03\/rencontre-entre-clerge-et-jeunesse-de-larcheveche-de-belgique\/\" \/>\n<meta property=\"og:locale\" content=\"fr_FR\" \/>\n<meta property=\"og:type\" content=\"article\" \/>\n<meta property=\"og:title\" content=\"Rencontre entre Clerg\u00e9 et Jeunesse de l\u2019Archev\u00each\u00e9 de Belgique - Archev\u00each\u00e9 Orthodoxe de Belgique\" \/>\n<meta property=\"og:description\" content=\"Le lundi 1er mai, s\u2019est tenue la traditionnelle rencontre annuelle entre le clerg\u00e9 et la jeunesse de l\u2019Archev\u00each\u00e9 de Belgique, dans la r\u00e9gion d\u2019Herentals en Belgique. L\u2019orateur de cette ann\u00e9e \u00e9tait le R\u00e9v\u00e9rend Hi\u00e9romoine Nicolas Sakharov du Monast\u00e8re Patriarcal et Stavrop\u00e9gique de Saint Jean-Baptiste \u00e0 Essex (UK), avec comme th\u00e8me \u00ab\u00a0Nous Le verrons tel qu\u2019Il &hellip; Continued\" \/>\n<meta property=\"og:url\" content=\"https:\/\/orthodoxia.be\/fr\/2023\/05\/03\/rencontre-entre-clerge-et-jeunesse-de-larcheveche-de-belgique\/\" \/>\n<meta property=\"og:site_name\" content=\"Archev\u00each\u00e9 Orthodoxe de Belgique\" \/>\n<meta property=\"article:publisher\" content=\"https:\/\/www.facebook.com\/orthobel\" \/>\n<meta property=\"article:published_time\" content=\"2023-05-03T08:33:25+00:00\" \/>\n<meta property=\"article:modified_time\" content=\"2023-05-04T12:41:04+00:00\" \/>\n<meta property=\"og:image\" content=\"https:\/\/orthodoxia.be\/wp-content\/uploads\/2023\/05\/OJB_De_Brink_00-1024x510.png\" \/>\n\t<meta property=\"og:image:width\" content=\"1024\" \/>\n\t<meta property=\"og:image:height\" content=\"510\" \/>\n\t<meta property=\"og:image:type\" content=\"image\/png\" \/>\n<meta name=\"author\" content=\"Constantin Garofalou\" \/>\n<meta name=\"twitter:card\" content=\"summary_large_image\" \/>\n<meta name=\"twitter:creator\" content=\"@orthobel\" \/>\n<meta name=\"twitter:site\" content=\"@orthobel\" \/>\n<meta name=\"twitter:label1\" content=\"\u00c9crit par\" \/>\n\t<meta name=\"twitter:data1\" content=\"Constantin Garofalou\" \/>\n\t<meta name=\"twitter:label2\" content=\"Dur\u00e9e de lecture est.\" \/>\n\t<meta name=\"twitter:data2\" content=\"3 minutes\" \/>\n<script type=\"application\/ld+json\" class=\"yoast-schema-graph\">{\"@context\":\"https:\/\/schema.org\",\"@graph\":[{\"@type\":\"Article\",\"@id\":\"https:\/\/orthodoxia.be\/fr\/2023\/05\/03\/rencontre-entre-clerge-et-jeunesse-de-larcheveche-de-belgique\/#article\",\"isPartOf\":{\"@id\":\"https:\/\/orthodoxia.be\/fr\/2023\/05\/03\/rencontre-entre-clerge-et-jeunesse-de-larcheveche-de-belgique\/\"},\"author\":{\"name\":\"Constantin Garofalou\",\"@id\":\"https:\/\/orthodoxia.be\/#\/schema\/person\/959a0ed5d554324fca6cae9980d6afbc\"},\"headline\":\"Rencontre entre Clerg\u00e9 et Jeunesse de l\u2019Archev\u00each\u00e9 de Belgique\",\"datePublished\":\"2023-05-03T08:33:25+00:00\",\"dateModified\":\"2023-05-04T12:41:04+00:00\",\"mainEntityOfPage\":{\"@id\":\"https:\/\/orthodoxia.be\/fr\/2023\/05\/03\/rencontre-entre-clerge-et-jeunesse-de-larcheveche-de-belgique\/\"},\"wordCount\":555,\"publisher\":{\"@id\":\"https:\/\/orthodoxia.be\/#organization\"},\"image\":{\"@id\":\"https:\/\/orthodoxia.be\/fr\/2023\/05\/03\/rencontre-entre-clerge-et-jeunesse-de-larcheveche-de-belgique\/#primaryimage\"},\"thumbnailUrl\":\"https:\/\/orthodoxia.be\/wp-content\/uploads\/2023\/05\/OJB_De_Brink_00.png\",\"articleSection\":[\"Actualit\u00e9\",\"Jeunesse orthodoxe\"],\"inLanguage\":\"fr-BE\"},{\"@type\":\"WebPage\",\"@id\":\"https:\/\/orthodoxia.be\/fr\/2023\/05\/03\/rencontre-entre-clerge-et-jeunesse-de-larcheveche-de-belgique\/\",\"url\":\"https:\/\/orthodoxia.be\/fr\/2023\/05\/03\/rencontre-entre-clerge-et-jeunesse-de-larcheveche-de-belgique\/\",\"name\":\"Rencontre entre Clerg\u00e9 et Jeunesse de l\u2019Archev\u00each\u00e9 de Belgique - Archev\u00each\u00e9 Orthodoxe de Belgique\",\"isPartOf\":{\"@id\":\"https:\/\/orthodoxia.be\/#website\"},\"primaryImageOfPage\":{\"@id\":\"https:\/\/orthodoxia.be\/fr\/2023\/05\/03\/rencontre-entre-clerge-et-jeunesse-de-larcheveche-de-belgique\/#primaryimage\"},\"image\":{\"@id\":\"https:\/\/orthodoxia.be\/fr\/2023\/05\/03\/rencontre-entre-clerge-et-jeunesse-de-larcheveche-de-belgique\/#primaryimage\"},\"thumbnailUrl\":\"https:\/\/orthodoxia.be\/wp-content\/uploads\/2023\/05\/OJB_De_Brink_00.png\",\"datePublished\":\"2023-05-03T08:33:25+00:00\",\"dateModified\":\"2023-05-04T12:41:04+00:00\",\"breadcrumb\":{\"@id\":\"https:\/\/orthodoxia.be\/fr\/2023\/05\/03\/rencontre-entre-clerge-et-jeunesse-de-larcheveche-de-belgique\/#breadcrumb\"},\"inLanguage\":\"fr-BE\",\"potentialAction\":[{\"@type\":\"ReadAction\",\"target\":[\"https:\/\/orthodoxia.be\/fr\/2023\/05\/03\/rencontre-entre-clerge-et-jeunesse-de-larcheveche-de-belgique\/\"]}]},{\"@type\":\"ImageObject\",\"inLanguage\":\"fr-BE\",\"@id\":\"https:\/\/orthodoxia.be\/fr\/2023\/05\/03\/rencontre-entre-clerge-et-jeunesse-de-larcheveche-de-belgique\/#primaryimage\",\"url\":\"https:\/\/orthodoxia.be\/wp-content\/uploads\/2023\/05\/OJB_De_Brink_00.png\",\"contentUrl\":\"https:\/\/orthodoxia.be\/wp-content\/uploads\/2023\/05\/OJB_De_Brink_00.png\",\"width\":1023,\"height\":510},{\"@type\":\"BreadcrumbList\",\"@id\":\"https:\/\/orthodoxia.be\/fr\/2023\/05\/03\/rencontre-entre-clerge-et-jeunesse-de-larcheveche-de-belgique\/#breadcrumb\",\"itemListElement\":[{\"@type\":\"ListItem\",\"position\":1,\"name\":\"Home\",\"item\":\"https:\/\/orthodoxia.be\/fr\/\"},{\"@type\":\"ListItem\",\"position\":2,\"name\":\"Rencontre entre Clerg\u00e9 et Jeunesse de l\u2019Archev\u00each\u00e9 de Belgique\"}]},{\"@type\":\"WebSite\",\"@id\":\"https:\/\/orthodoxia.be\/#website\",\"url\":\"https:\/\/orthodoxia.be\/\",\"name\":\"Orthodox Archdiocese of Belgium (Benelux)\",\"description\":\"Exarque des Pays-Bas et du Luxembourg\",\"publisher\":{\"@id\":\"https:\/\/orthodoxia.be\/#organization\"},\"alternateName\":\"IMB\",\"potentialAction\":[{\"@type\":\"SearchAction\",\"target\":{\"@type\":\"EntryPoint\",\"urlTemplate\":\"https:\/\/orthodoxia.be\/?s={search_term_string}\"},\"query-input\":{\"@type\":\"PropertyValueSpecification\",\"valueRequired\":true,\"valueName\":\"search_term_string\"}}],\"inLanguage\":\"fr-BE\"},{\"@type\":\"Organization\",\"@id\":\"https:\/\/orthodoxia.be\/#organization\",\"name\":\"Orthodox Archdiocese of Belgium (Benelux)\",\"url\":\"https:\/\/orthodoxia.be\/\",\"logo\":{\"@type\":\"ImageObject\",\"inLanguage\":\"fr-BE\",\"@id\":\"https:\/\/orthodoxia.be\/#\/schema\/logo\/image\/\",\"url\":\"https:\/\/orthodoxia.be\/wp-content\/uploads\/2024\/02\/cropped-IMB-logo-512-cl-1.png\",\"contentUrl\":\"https:\/\/orthodoxia.be\/wp-content\/uploads\/2024\/02\/cropped-IMB-logo-512-cl-1.png\",\"width\":512,\"height\":512,\"caption\":\"Orthodox Archdiocese of Belgium (Benelux)\"},\"image\":{\"@id\":\"https:\/\/orthodoxia.be\/#\/schema\/logo\/image\/\"},\"sameAs\":[\"https:\/\/www.facebook.com\/orthobel\",\"https:\/\/x.com\/orthobel\",\"https:\/\/www.youtube.com\/c\/orthobel\",\"https:\/\/www.mixcloud.com\/orthobel\/\",\"https:\/\/www.flickr.com\/photos\/148264890@N07\/albums\",\"https:\/\/www.dailymotion.com\/Orthobel\"]},{\"@type\":\"Person\",\"@id\":\"https:\/\/orthodoxia.be\/#\/schema\/person\/959a0ed5d554324fca6cae9980d6afbc\",\"name\":\"Constantin Garofalou\",\"image\":{\"@type\":\"ImageObject\",\"inLanguage\":\"fr-BE\",\"@id\":\"https:\/\/orthodoxia.be\/#\/schema\/person\/image\/\",\"url\":\"https:\/\/secure.gravatar.com\/avatar\/0e3a9e4cbbeadbb6586026e5f275a273?s=96&d=mm&r=g\",\"contentUrl\":\"https:\/\/secure.gravatar.com\/avatar\/0e3a9e4cbbeadbb6586026e5f275a273?s=96&d=mm&r=g\",\"caption\":\"Constantin Garofalou\"},\"url\":\"https:\/\/orthodoxia.be\/fr\/author\/garofalou\/\"}]}<\/script>\n<!-- \/ Yoast SEO plugin. -->","yoast_head_json":{"title":"Rencontre entre Clerg\u00e9 et Jeunesse de l\u2019Archev\u00each\u00e9 de Belgique - Archev\u00each\u00e9 Orthodoxe de Belgique","robots":{"index":"index","follow":"follow","max-snippet":"max-snippet:-1","max-image-preview":"max-image-preview:large","max-video-preview":"max-video-preview:-1"},"canonical":"https:\/\/orthodoxia.be\/fr\/2023\/05\/03\/rencontre-entre-clerge-et-jeunesse-de-larcheveche-de-belgique\/","og_locale":"fr_FR","og_type":"article","og_title":"Rencontre entre Clerg\u00e9 et Jeunesse de l\u2019Archev\u00each\u00e9 de Belgique - Archev\u00each\u00e9 Orthodoxe de Belgique","og_description":"Le lundi 1er mai, s\u2019est tenue la traditionnelle rencontre annuelle entre le clerg\u00e9 et la jeunesse de l\u2019Archev\u00each\u00e9 de Belgique, dans la r\u00e9gion d\u2019Herentals en Belgique. L\u2019orateur de cette ann\u00e9e \u00e9tait le R\u00e9v\u00e9rend Hi\u00e9romoine Nicolas Sakharov du Monast\u00e8re Patriarcal et Stavrop\u00e9gique de Saint Jean-Baptiste \u00e0 Essex (UK), avec comme th\u00e8me \u00ab\u00a0Nous Le verrons tel qu\u2019Il &hellip; Continued","og_url":"https:\/\/orthodoxia.be\/fr\/2023\/05\/03\/rencontre-entre-clerge-et-jeunesse-de-larcheveche-de-belgique\/","og_site_name":"Archev\u00each\u00e9 Orthodoxe de Belgique","article_publisher":"https:\/\/www.facebook.com\/orthobel","article_published_time":"2023-05-03T08:33:25+00:00","article_modified_time":"2023-05-04T12:41:04+00:00","og_image":[{"width":1024,"height":510,"url":"https:\/\/orthodoxia.be\/wp-content\/uploads\/2023\/05\/OJB_De_Brink_00-1024x510.png","type":"image\/png"}],"author":"Constantin Garofalou","twitter_card":"summary_large_image","twitter_creator":"@orthobel","twitter_site":"@orthobel","twitter_misc":{"\u00c9crit par":"Constantin Garofalou","Dur\u00e9e de lecture est.":"3 minutes"},"schema":{"@context":"https:\/\/schema.org","@graph":[{"@type":"Article","@id":"https:\/\/orthodoxia.be\/fr\/2023\/05\/03\/rencontre-entre-clerge-et-jeunesse-de-larcheveche-de-belgique\/#article","isPartOf":{"@id":"https:\/\/orthodoxia.be\/fr\/2023\/05\/03\/rencontre-entre-clerge-et-jeunesse-de-larcheveche-de-belgique\/"},"author":{"name":"Constantin Garofalou","@id":"https:\/\/orthodoxia.be\/#\/schema\/person\/959a0ed5d554324fca6cae9980d6afbc"},"headline":"Rencontre entre Clerg\u00e9 et Jeunesse de l\u2019Archev\u00each\u00e9 de Belgique","datePublished":"2023-05-03T08:33:25+00:00","dateModified":"2023-05-04T12:41:04+00:00","mainEntityOfPage":{"@id":"https:\/\/orthodoxia.be\/fr\/2023\/05\/03\/rencontre-entre-clerge-et-jeunesse-de-larcheveche-de-belgique\/"},"wordCount":555,"publisher":{"@id":"https:\/\/orthodoxia.be\/#organization"},"image":{"@id":"https:\/\/orthodoxia.be\/fr\/2023\/05\/03\/rencontre-entre-clerge-et-jeunesse-de-larcheveche-de-belgique\/#primaryimage"},"thumbnailUrl":"https:\/\/orthodoxia.be\/wp-content\/uploads\/2023\/05\/OJB_De_Brink_00.png","articleSection":["Actualit\u00e9","Jeunesse orthodoxe"],"inLanguage":"fr-BE"},{"@type":"WebPage","@id":"https:\/\/orthodoxia.be\/fr\/2023\/05\/03\/rencontre-entre-clerge-et-jeunesse-de-larcheveche-de-belgique\/","url":"https:\/\/orthodoxia.be\/fr\/2023\/05\/03\/rencontre-entre-clerge-et-jeunesse-de-larcheveche-de-belgique\/","name":"Rencontre entre Clerg\u00e9 et Jeunesse de l\u2019Archev\u00each\u00e9 de Belgique - Archev\u00each\u00e9 Orthodoxe de Belgique","isPartOf":{"@id":"https:\/\/orthodoxia.be\/#website"},"primaryImageOfPage":{"@id":"https:\/\/orthodoxia.be\/fr\/2023\/05\/03\/rencontre-entre-clerge-et-jeunesse-de-larcheveche-de-belgique\/#primaryimage"},"image":{"@id":"https:\/\/orthodoxia.be\/fr\/2023\/05\/03\/rencontre-entre-clerge-et-jeunesse-de-larcheveche-de-belgique\/#primaryimage"},"thumbnailUrl":"https:\/\/orthodoxia.be\/wp-content\/uploads\/2023\/05\/OJB_De_Brink_00.png","datePublished":"2023-05-03T08:33:25+00:00","dateModified":"2023-05-04T12:41:04+00:00","breadcrumb":{"@id":"https:\/\/orthodoxia.be\/fr\/2023\/05\/03\/rencontre-entre-clerge-et-jeunesse-de-larcheveche-de-belgique\/#breadcrumb"},"inLanguage":"fr-BE","potentialAction":[{"@type":"ReadAction","target":["https:\/\/orthodoxia.be\/fr\/2023\/05\/03\/rencontre-entre-clerge-et-jeunesse-de-larcheveche-de-belgique\/"]}]},{"@type":"ImageObject","inLanguage":"fr-BE","@id":"https:\/\/orthodoxia.be\/fr\/2023\/05\/03\/rencontre-entre-clerge-et-jeunesse-de-larcheveche-de-belgique\/#primaryimage","url":"https:\/\/orthodoxia.be\/wp-content\/uploads\/2023\/05\/OJB_De_Brink_00.png","contentUrl":"https:\/\/orthodoxia.be\/wp-content\/uploads\/2023\/05\/OJB_De_Brink_00.png","width":1023,"height":510},{"@type":"BreadcrumbList","@id":"https:\/\/orthodoxia.be\/fr\/2023\/05\/03\/rencontre-entre-clerge-et-jeunesse-de-larcheveche-de-belgique\/#breadcrumb","itemListElement":[{"@type":"ListItem","position":1,"name":"Home","item":"https:\/\/orthodoxia.be\/fr\/"},{"@type":"ListItem","position":2,"name":"Rencontre entre Clerg\u00e9 et Jeunesse de l\u2019Archev\u00each\u00e9 de Belgique"}]},{"@type":"WebSite","@id":"https:\/\/orthodoxia.be\/#website","url":"https:\/\/orthodoxia.be\/","name":"Orthodox Archdiocese of Belgium (Benelux)","description":"Exarque des Pays-Bas et du Luxembourg","publisher":{"@id":"https:\/\/orthodoxia.be\/#organization"},"alternateName":"IMB","potentialAction":[{"@type":"SearchAction","target":{"@type":"EntryPoint","urlTemplate":"https:\/\/orthodoxia.be\/?s={search_term_string}"},"query-input":{"@type":"PropertyValueSpecification","valueRequired":true,"valueName":"search_term_string"}}],"inLanguage":"fr-BE"},{"@type":"Organization","@id":"https:\/\/orthodoxia.be\/#organization","name":"Orthodox Archdiocese of Belgium (Benelux)","url":"https:\/\/orthodoxia.be\/","logo":{"@type":"ImageObject","inLanguage":"fr-BE","@id":"https:\/\/orthodoxia.be\/#\/schema\/logo\/image\/","url":"https:\/\/orthodoxia.be\/wp-content\/uploads\/2024\/02\/cropped-IMB-logo-512-cl-1.png","contentUrl":"https:\/\/orthodoxia.be\/wp-content\/uploads\/2024\/02\/cropped-IMB-logo-512-cl-1.png","width":512,"height":512,"caption":"Orthodox Archdiocese of Belgium (Benelux)"},"image":{"@id":"https:\/\/orthodoxia.be\/#\/schema\/logo\/image\/"},"sameAs":["https:\/\/www.facebook.com\/orthobel","https:\/\/x.com\/orthobel","https:\/\/www.youtube.com\/c\/orthobel","https:\/\/www.mixcloud.com\/orthobel\/","https:\/\/www.flickr.com\/photos\/148264890@N07\/albums","https:\/\/www.dailymotion.com\/Orthobel"]},{"@type":"Person","@id":"https:\/\/orthodoxia.be\/#\/schema\/person\/959a0ed5d554324fca6cae9980d6afbc","name":"Constantin Garofalou","image":{"@type":"ImageObject","inLanguage":"fr-BE","@id":"https:\/\/orthodoxia.be\/#\/schema\/person\/image\/","url":"https:\/\/secure.gravatar.com\/avatar\/0e3a9e4cbbeadbb6586026e5f275a273?s=96&d=mm&r=g","contentUrl":"https:\/\/secure.gravatar.com\/avatar\/0e3a9e4cbbeadbb6586026e5f275a273?s=96&d=mm&r=g","caption":"Constantin Garofalou"},"url":"https:\/\/orthodoxia.be\/fr\/author\/garofalou\/"}]}},"_links":{"self":[{"href":"https:\/\/orthodoxia.be\/fr\/wp-json\/wp\/v2\/posts\/41466","targetHints":{"allow":["GET"]}}],"collection":[{"href":"https:\/\/orthodoxia.be\/fr\/wp-json\/wp\/v2\/posts"}],"about":[{"href":"https:\/\/orthodoxia.be\/fr\/wp-json\/wp\/v2\/types\/post"}],"author":[{"embeddable":true,"href":"https:\/\/orthodoxia.be\/fr\/wp-json\/wp\/v2\/users\/13"}],"replies":[{"embeddable":true,"href":"https:\/\/orthodoxia.be\/fr\/wp-json\/wp\/v2\/comments?post=41466"}],"version-history":[{"count":1,"href":"https:\/\/orthodoxia.be\/fr\/wp-json\/wp\/v2\/posts\/41466\/revisions"}],"predecessor-version":[{"id":41467,"href":"https:\/\/orthodoxia.be\/fr\/wp-json\/wp\/v2\/posts\/41466\/revisions\/41467"}],"wp:featuredmedia":[{"embeddable":true,"href":"https:\/\/orthodoxia.be\/fr\/wp-json\/wp\/v2\/media\/41426"}],"wp:attachment":[{"href":"https:\/\/orthodoxia.be\/fr\/wp-json\/wp\/v2\/media?parent=41466"}],"wp:term":[{"taxonomy":"category","embeddable":true,"href":"https:\/\/orthodoxia.be\/fr\/wp-json\/wp\/v2\/categories?post=41466"},{"taxonomy":"post_tag","embeddable":true,"href":"https:\/\/orthodoxia.be\/fr\/wp-json\/wp\/v2\/tags?post=41466"}],"curies":[{"name":"wp","href":"https:\/\/api.w.org\/{rel}","templated":true}]}}