{"id":43279,"date":"2023-11-04T13:37:39","date_gmt":"2023-11-04T12:37:39","guid":{"rendered":"http:\/\/orthodoxia.be\/?p=43279"},"modified":"2023-11-04T13:55:21","modified_gmt":"2023-11-04T12:55:21","slug":"conference-la-contribution-de-la-vie-spirituelle-orthodoxe","status":"publish","type":"post","link":"https:\/\/orthodoxia.be\/fr\/2023\/11\/04\/conference-la-contribution-de-la-vie-spirituelle-orthodoxe\/","title":{"rendered":"Conf\u00e9rence : \u00abLa contribution de la vie spirituelle orthodoxe\u00bb"},"content":{"rendered":"<p style=\"text-align: justify;\">Le Cycle de conf\u00e9rences \u00ab Orthodoxos Logos \u00bb de l\u2019Archev\u00each\u00e9 de Belgique, a l\u2019honneur de vous inviter \u00e0 la Conf\u00e9rence de Son \u00c9minence le M\u00e9tropolite Th\u00e9odoritos de Laodic\u00e9e, le lundi 13 novembre 2023 \u00e0 19h30, qui se tiendra au Centre Orthodoxe Ambiorix (Square Ambiorix 2 \u2013 1000 Bruxelles \u2013 M\u00e9tro Schuman).<\/p>\n<p style=\"text-align: justify;\">Le conf\u00e9rencier, le M\u00e9tropolite Th\u00e9odoritos de Laodic\u00e9e, nous d\u00e9veloppera sa Conf\u00e9rence : \u00abLa contribution de la vie spirituelle orthodoxe\u00bb.<\/p>\n<p style=\"text-align: justify;\">La Conf\u00e9rence se d\u00e9roulera en grec.<\/p>\n","protected":false},"excerpt":{"rendered":"<p>Le Cycle de conf\u00e9rences \u00ab Orthodoxos Logos \u00bb de l\u2019Archev\u00each\u00e9 de Belgique, a l\u2019honneur de vous inviter \u00e0 la Conf\u00e9rence de Son \u00c9minence le M\u00e9tropolite Th\u00e9odoritos de Laodic\u00e9e, le lundi 13 novembre 2023 \u00e0 19h30, qui se tiendra au Centre Orthodoxe Ambiorix (Square Ambiorix 2 \u2013 1000 Bruxelles \u2013 M\u00e9tro Schuman). Le conf\u00e9rencier, le M\u00e9tropolite &hellip; <a href=\"https:\/\/orthodoxia.be\/fr\/2023\/11\/04\/conference-la-contribution-de-la-vie-spirituelle-orthodoxe\/\">Continued<\/a><\/p>\n","protected":false},"author":10,"featured_media":43281,"comment_status":"closed","ping_status":"open","sticky":false,"template":"","format":"standard","meta":{"_acf_changed":false,"footnotes":""},"categories":[14,108,36],"tags":[],"class_list":["post-43279","post","type-post","status-publish","format-standard","has-post-thumbnail","hentry","category-actualite","category-brochures-et-affiches-fr","category-orthodox-logos-fr"],"acf":[],"yoast_head":"<!-- This site is optimized with the Yoast SEO plugin v24.3 - https:\/\/yoast.com\/wordpress\/plugins\/seo\/ -->\n<title>Conf\u00e9rence : \u00abLa contribution de la vie spirituelle orthodoxe\u00bb - Archev\u00each\u00e9 Orthodoxe de Belgique<\/title>\n<meta name=\"robots\" content=\"index, follow, max-snippet:-1, max-image-preview:large, max-video-preview:-1\" \/>\n<link rel=\"canonical\" href=\"https:\/\/orthodoxia.be\/fr\/2023\/11\/04\/conference-la-contribution-de-la-vie-spirituelle-orthodoxe\/\" \/>\n<meta property=\"og:locale\" content=\"fr_FR\" \/>\n<meta property=\"og:type\" content=\"article\" \/>\n<meta property=\"og:title\" content=\"Conf\u00e9rence : \u00abLa contribution de la vie spirituelle orthodoxe\u00bb - Archev\u00each\u00e9 Orthodoxe de Belgique\" \/>\n<meta property=\"og:description\" content=\"Le Cycle de conf\u00e9rences \u00ab Orthodoxos Logos \u00bb de l\u2019Archev\u00each\u00e9 de Belgique, a l\u2019honneur de vous inviter \u00e0 la Conf\u00e9rence de Son \u00c9minence le M\u00e9tropolite Th\u00e9odoritos de Laodic\u00e9e, le lundi 13 novembre 2023 \u00e0 19h30, qui se tiendra au Centre Orthodoxe Ambiorix (Square Ambiorix 2 \u2013 1000 Bruxelles \u2013 M\u00e9tro Schuman). Le conf\u00e9rencier, le M\u00e9tropolite &hellip; Continued\" \/>\n<meta property=\"og:url\" content=\"https:\/\/orthodoxia.be\/fr\/2023\/11\/04\/conference-la-contribution-de-la-vie-spirituelle-orthodoxe\/\" \/>\n<meta property=\"og:site_name\" content=\"Archev\u00each\u00e9 Orthodoxe de Belgique\" \/>\n<meta property=\"article:publisher\" content=\"https:\/\/www.facebook.com\/orthobel\" \/>\n<meta property=\"article:published_time\" content=\"2023-11-04T12:37:39+00:00\" \/>\n<meta property=\"article:modified_time\" content=\"2023-11-04T12:55:21+00:00\" \/>\n<meta property=\"og:image\" content=\"https:\/\/orthodoxia.be\/wp-content\/uploads\/2023\/11\/laodikias_V3-FR.jpg\" \/>\n\t<meta property=\"og:image:width\" content=\"3507\" \/>\n\t<meta property=\"og:image:height\" content=\"4960\" \/>\n\t<meta property=\"og:image:type\" content=\"image\/jpeg\" \/>\n<meta name=\"author\" content=\"fr. Emilianos Chatzivasileiou\" \/>\n<meta name=\"twitter:card\" content=\"summary_large_image\" \/>\n<meta name=\"twitter:creator\" content=\"@orthobel\" \/>\n<meta name=\"twitter:site\" content=\"@orthobel\" \/>\n<meta name=\"twitter:label1\" content=\"\u00c9crit par\" \/>\n\t<meta name=\"twitter:data1\" content=\"fr. Emilianos Chatzivasileiou\" \/>\n<script type=\"application\/ld+json\" class=\"yoast-schema-graph\">{\"@context\":\"https:\/\/schema.org\",\"@graph\":[{\"@type\":\"Article\",\"@id\":\"https:\/\/orthodoxia.be\/fr\/2023\/11\/04\/conference-la-contribution-de-la-vie-spirituelle-orthodoxe\/#article\",\"isPartOf\":{\"@id\":\"https:\/\/orthodoxia.be\/fr\/2023\/11\/04\/conference-la-contribution-de-la-vie-spirituelle-orthodoxe\/\"},\"author\":{\"name\":\"fr. Emilianos Chatzivasileiou\",\"@id\":\"https:\/\/orthodoxia.be\/#\/schema\/person\/f6c4fd8f4c3dfc201522ccccede872c4\"},\"headline\":\"Conf\u00e9rence : \u00abLa contribution de la vie spirituelle orthodoxe\u00bb\",\"datePublished\":\"2023-11-04T12:37:39+00:00\",\"dateModified\":\"2023-11-04T12:55:21+00:00\",\"mainEntityOfPage\":{\"@id\":\"https:\/\/orthodoxia.be\/fr\/2023\/11\/04\/conference-la-contribution-de-la-vie-spirituelle-orthodoxe\/\"},\"wordCount\":91,\"publisher\":{\"@id\":\"https:\/\/orthodoxia.be\/#organization\"},\"image\":{\"@id\":\"https:\/\/orthodoxia.be\/fr\/2023\/11\/04\/conference-la-contribution-de-la-vie-spirituelle-orthodoxe\/#primaryimage\"},\"thumbnailUrl\":\"https:\/\/orthodoxia.be\/wp-content\/uploads\/2023\/11\/laodikias_V3-FR.jpg\",\"articleSection\":[\"Actualit\u00e9\",\"Brochures et affiches\",\"Orthodox Logos\"],\"inLanguage\":\"fr-BE\"},{\"@type\":\"WebPage\",\"@id\":\"https:\/\/orthodoxia.be\/fr\/2023\/11\/04\/conference-la-contribution-de-la-vie-spirituelle-orthodoxe\/\",\"url\":\"https:\/\/orthodoxia.be\/fr\/2023\/11\/04\/conference-la-contribution-de-la-vie-spirituelle-orthodoxe\/\",\"name\":\"Conf\u00e9rence : \u00abLa contribution de la vie spirituelle orthodoxe\u00bb - Archev\u00each\u00e9 Orthodoxe de Belgique\",\"isPartOf\":{\"@id\":\"https:\/\/orthodoxia.be\/#website\"},\"primaryImageOfPage\":{\"@id\":\"https:\/\/orthodoxia.be\/fr\/2023\/11\/04\/conference-la-contribution-de-la-vie-spirituelle-orthodoxe\/#primaryimage\"},\"image\":{\"@id\":\"https:\/\/orthodoxia.be\/fr\/2023\/11\/04\/conference-la-contribution-de-la-vie-spirituelle-orthodoxe\/#primaryimage\"},\"thumbnailUrl\":\"https:\/\/orthodoxia.be\/wp-content\/uploads\/2023\/11\/laodikias_V3-FR.jpg\",\"datePublished\":\"2023-11-04T12:37:39+00:00\",\"dateModified\":\"2023-11-04T12:55:21+00:00\",\"breadcrumb\":{\"@id\":\"https:\/\/orthodoxia.be\/fr\/2023\/11\/04\/conference-la-contribution-de-la-vie-spirituelle-orthodoxe\/#breadcrumb\"},\"inLanguage\":\"fr-BE\",\"potentialAction\":[{\"@type\":\"ReadAction\",\"target\":[\"https:\/\/orthodoxia.be\/fr\/2023\/11\/04\/conference-la-contribution-de-la-vie-spirituelle-orthodoxe\/\"]}]},{\"@type\":\"ImageObject\",\"inLanguage\":\"fr-BE\",\"@id\":\"https:\/\/orthodoxia.be\/fr\/2023\/11\/04\/conference-la-contribution-de-la-vie-spirituelle-orthodoxe\/#primaryimage\",\"url\":\"https:\/\/orthodoxia.be\/wp-content\/uploads\/2023\/11\/laodikias_V3-FR.jpg\",\"contentUrl\":\"https:\/\/orthodoxia.be\/wp-content\/uploads\/2023\/11\/laodikias_V3-FR.jpg\",\"width\":3507,\"height\":4960},{\"@type\":\"BreadcrumbList\",\"@id\":\"https:\/\/orthodoxia.be\/fr\/2023\/11\/04\/conference-la-contribution-de-la-vie-spirituelle-orthodoxe\/#breadcrumb\",\"itemListElement\":[{\"@type\":\"ListItem\",\"position\":1,\"name\":\"Home\",\"item\":\"https:\/\/orthodoxia.be\/fr\/\"},{\"@type\":\"ListItem\",\"position\":2,\"name\":\"Conf\u00e9rence : \u00abLa contribution de la vie spirituelle orthodoxe\u00bb\"}]},{\"@type\":\"WebSite\",\"@id\":\"https:\/\/orthodoxia.be\/#website\",\"url\":\"https:\/\/orthodoxia.be\/\",\"name\":\"Orthodox Archdiocese of Belgium (Benelux)\",\"description\":\"Exarque des Pays-Bas et du Luxembourg\",\"publisher\":{\"@id\":\"https:\/\/orthodoxia.be\/#organization\"},\"alternateName\":\"IMB\",\"potentialAction\":[{\"@type\":\"SearchAction\",\"target\":{\"@type\":\"EntryPoint\",\"urlTemplate\":\"https:\/\/orthodoxia.be\/?s={search_term_string}\"},\"query-input\":{\"@type\":\"PropertyValueSpecification\",\"valueRequired\":true,\"valueName\":\"search_term_string\"}}],\"inLanguage\":\"fr-BE\"},{\"@type\":\"Organization\",\"@id\":\"https:\/\/orthodoxia.be\/#organization\",\"name\":\"Orthodox Archdiocese of Belgium (Benelux)\",\"url\":\"https:\/\/orthodoxia.be\/\",\"logo\":{\"@type\":\"ImageObject\",\"inLanguage\":\"fr-BE\",\"@id\":\"https:\/\/orthodoxia.be\/#\/schema\/logo\/image\/\",\"url\":\"https:\/\/orthodoxia.be\/wp-content\/uploads\/2024\/02\/cropped-IMB-logo-512-cl-1.png\",\"contentUrl\":\"https:\/\/orthodoxia.be\/wp-content\/uploads\/2024\/02\/cropped-IMB-logo-512-cl-1.png\",\"width\":512,\"height\":512,\"caption\":\"Orthodox Archdiocese of Belgium (Benelux)\"},\"image\":{\"@id\":\"https:\/\/orthodoxia.be\/#\/schema\/logo\/image\/\"},\"sameAs\":[\"https:\/\/www.facebook.com\/orthobel\",\"https:\/\/x.com\/orthobel\",\"https:\/\/www.youtube.com\/c\/orthobel\",\"https:\/\/www.mixcloud.com\/orthobel\/\",\"https:\/\/www.flickr.com\/photos\/148264890@N07\/albums\",\"https:\/\/www.dailymotion.com\/Orthobel\"]},{\"@type\":\"Person\",\"@id\":\"https:\/\/orthodoxia.be\/#\/schema\/person\/f6c4fd8f4c3dfc201522ccccede872c4\",\"name\":\"fr. Emilianos Chatzivasileiou\",\"image\":{\"@type\":\"ImageObject\",\"inLanguage\":\"fr-BE\",\"@id\":\"https:\/\/orthodoxia.be\/#\/schema\/person\/image\/\",\"url\":\"https:\/\/secure.gravatar.com\/avatar\/5b67115dbb9ae1579c39e9ae857d39ac?s=96&d=mm&r=g\",\"contentUrl\":\"https:\/\/secure.gravatar.com\/avatar\/5b67115dbb9ae1579c39e9ae857d39ac?s=96&d=mm&r=g\",\"caption\":\"fr. Emilianos Chatzivasileiou\"},\"sameAs\":[\"http:\/\/orthodoxia.be\"],\"url\":\"https:\/\/orthodoxia.be\/fr\/author\/p-emilianos\/\"}]}<\/script>\n<!-- \/ Yoast SEO plugin. -->","yoast_head_json":{"title":"Conf\u00e9rence : \u00abLa contribution de la vie spirituelle orthodoxe\u00bb - Archev\u00each\u00e9 Orthodoxe de Belgique","robots":{"index":"index","follow":"follow","max-snippet":"max-snippet:-1","max-image-preview":"max-image-preview:large","max-video-preview":"max-video-preview:-1"},"canonical":"https:\/\/orthodoxia.be\/fr\/2023\/11\/04\/conference-la-contribution-de-la-vie-spirituelle-orthodoxe\/","og_locale":"fr_FR","og_type":"article","og_title":"Conf\u00e9rence : \u00abLa contribution de la vie spirituelle orthodoxe\u00bb - Archev\u00each\u00e9 Orthodoxe de Belgique","og_description":"Le Cycle de conf\u00e9rences \u00ab Orthodoxos Logos \u00bb de l\u2019Archev\u00each\u00e9 de Belgique, a l\u2019honneur de vous inviter \u00e0 la Conf\u00e9rence de Son \u00c9minence le M\u00e9tropolite Th\u00e9odoritos de Laodic\u00e9e, le lundi 13 novembre 2023 \u00e0 19h30, qui se tiendra au Centre Orthodoxe Ambiorix (Square Ambiorix 2 \u2013 1000 Bruxelles \u2013 M\u00e9tro Schuman). Le conf\u00e9rencier, le M\u00e9tropolite &hellip; Continued","og_url":"https:\/\/orthodoxia.be\/fr\/2023\/11\/04\/conference-la-contribution-de-la-vie-spirituelle-orthodoxe\/","og_site_name":"Archev\u00each\u00e9 Orthodoxe de Belgique","article_publisher":"https:\/\/www.facebook.com\/orthobel","article_published_time":"2023-11-04T12:37:39+00:00","article_modified_time":"2023-11-04T12:55:21+00:00","og_image":[{"width":3507,"height":4960,"url":"https:\/\/orthodoxia.be\/wp-content\/uploads\/2023\/11\/laodikias_V3-FR.jpg","type":"image\/jpeg"}],"author":"fr. Emilianos Chatzivasileiou","twitter_card":"summary_large_image","twitter_creator":"@orthobel","twitter_site":"@orthobel","twitter_misc":{"\u00c9crit par":"fr. Emilianos Chatzivasileiou"},"schema":{"@context":"https:\/\/schema.org","@graph":[{"@type":"Article","@id":"https:\/\/orthodoxia.be\/fr\/2023\/11\/04\/conference-la-contribution-de-la-vie-spirituelle-orthodoxe\/#article","isPartOf":{"@id":"https:\/\/orthodoxia.be\/fr\/2023\/11\/04\/conference-la-contribution-de-la-vie-spirituelle-orthodoxe\/"},"author":{"name":"fr. Emilianos Chatzivasileiou","@id":"https:\/\/orthodoxia.be\/#\/schema\/person\/f6c4fd8f4c3dfc201522ccccede872c4"},"headline":"Conf\u00e9rence : \u00abLa contribution de la vie spirituelle orthodoxe\u00bb","datePublished":"2023-11-04T12:37:39+00:00","dateModified":"2023-11-04T12:55:21+00:00","mainEntityOfPage":{"@id":"https:\/\/orthodoxia.be\/fr\/2023\/11\/04\/conference-la-contribution-de-la-vie-spirituelle-orthodoxe\/"},"wordCount":91,"publisher":{"@id":"https:\/\/orthodoxia.be\/#organization"},"image":{"@id":"https:\/\/orthodoxia.be\/fr\/2023\/11\/04\/conference-la-contribution-de-la-vie-spirituelle-orthodoxe\/#primaryimage"},"thumbnailUrl":"https:\/\/orthodoxia.be\/wp-content\/uploads\/2023\/11\/laodikias_V3-FR.jpg","articleSection":["Actualit\u00e9","Brochures et affiches","Orthodox Logos"],"inLanguage":"fr-BE"},{"@type":"WebPage","@id":"https:\/\/orthodoxia.be\/fr\/2023\/11\/04\/conference-la-contribution-de-la-vie-spirituelle-orthodoxe\/","url":"https:\/\/orthodoxia.be\/fr\/2023\/11\/04\/conference-la-contribution-de-la-vie-spirituelle-orthodoxe\/","name":"Conf\u00e9rence : \u00abLa contribution de la vie spirituelle orthodoxe\u00bb - Archev\u00each\u00e9 Orthodoxe de Belgique","isPartOf":{"@id":"https:\/\/orthodoxia.be\/#website"},"primaryImageOfPage":{"@id":"https:\/\/orthodoxia.be\/fr\/2023\/11\/04\/conference-la-contribution-de-la-vie-spirituelle-orthodoxe\/#primaryimage"},"image":{"@id":"https:\/\/orthodoxia.be\/fr\/2023\/11\/04\/conference-la-contribution-de-la-vie-spirituelle-orthodoxe\/#primaryimage"},"thumbnailUrl":"https:\/\/orthodoxia.be\/wp-content\/uploads\/2023\/11\/laodikias_V3-FR.jpg","datePublished":"2023-11-04T12:37:39+00:00","dateModified":"2023-11-04T12:55:21+00:00","breadcrumb":{"@id":"https:\/\/orthodoxia.be\/fr\/2023\/11\/04\/conference-la-contribution-de-la-vie-spirituelle-orthodoxe\/#breadcrumb"},"inLanguage":"fr-BE","potentialAction":[{"@type":"ReadAction","target":["https:\/\/orthodoxia.be\/fr\/2023\/11\/04\/conference-la-contribution-de-la-vie-spirituelle-orthodoxe\/"]}]},{"@type":"ImageObject","inLanguage":"fr-BE","@id":"https:\/\/orthodoxia.be\/fr\/2023\/11\/04\/conference-la-contribution-de-la-vie-spirituelle-orthodoxe\/#primaryimage","url":"https:\/\/orthodoxia.be\/wp-content\/uploads\/2023\/11\/laodikias_V3-FR.jpg","contentUrl":"https:\/\/orthodoxia.be\/wp-content\/uploads\/2023\/11\/laodikias_V3-FR.jpg","width":3507,"height":4960},{"@type":"BreadcrumbList","@id":"https:\/\/orthodoxia.be\/fr\/2023\/11\/04\/conference-la-contribution-de-la-vie-spirituelle-orthodoxe\/#breadcrumb","itemListElement":[{"@type":"ListItem","position":1,"name":"Home","item":"https:\/\/orthodoxia.be\/fr\/"},{"@type":"ListItem","position":2,"name":"Conf\u00e9rence : \u00abLa contribution de la vie spirituelle orthodoxe\u00bb"}]},{"@type":"WebSite","@id":"https:\/\/orthodoxia.be\/#website","url":"https:\/\/orthodoxia.be\/","name":"Orthodox Archdiocese of Belgium (Benelux)","description":"Exarque des Pays-Bas et du Luxembourg","publisher":{"@id":"https:\/\/orthodoxia.be\/#organization"},"alternateName":"IMB","potentialAction":[{"@type":"SearchAction","target":{"@type":"EntryPoint","urlTemplate":"https:\/\/orthodoxia.be\/?s={search_term_string}"},"query-input":{"@type":"PropertyValueSpecification","valueRequired":true,"valueName":"search_term_string"}}],"inLanguage":"fr-BE"},{"@type":"Organization","@id":"https:\/\/orthodoxia.be\/#organization","name":"Orthodox Archdiocese of Belgium (Benelux)","url":"https:\/\/orthodoxia.be\/","logo":{"@type":"ImageObject","inLanguage":"fr-BE","@id":"https:\/\/orthodoxia.be\/#\/schema\/logo\/image\/","url":"https:\/\/orthodoxia.be\/wp-content\/uploads\/2024\/02\/cropped-IMB-logo-512-cl-1.png","contentUrl":"https:\/\/orthodoxia.be\/wp-content\/uploads\/2024\/02\/cropped-IMB-logo-512-cl-1.png","width":512,"height":512,"caption":"Orthodox Archdiocese of Belgium (Benelux)"},"image":{"@id":"https:\/\/orthodoxia.be\/#\/schema\/logo\/image\/"},"sameAs":["https:\/\/www.facebook.com\/orthobel","https:\/\/x.com\/orthobel","https:\/\/www.youtube.com\/c\/orthobel","https:\/\/www.mixcloud.com\/orthobel\/","https:\/\/www.flickr.com\/photos\/148264890@N07\/albums","https:\/\/www.dailymotion.com\/Orthobel"]},{"@type":"Person","@id":"https:\/\/orthodoxia.be\/#\/schema\/person\/f6c4fd8f4c3dfc201522ccccede872c4","name":"fr. Emilianos Chatzivasileiou","image":{"@type":"ImageObject","inLanguage":"fr-BE","@id":"https:\/\/orthodoxia.be\/#\/schema\/person\/image\/","url":"https:\/\/secure.gravatar.com\/avatar\/5b67115dbb9ae1579c39e9ae857d39ac?s=96&d=mm&r=g","contentUrl":"https:\/\/secure.gravatar.com\/avatar\/5b67115dbb9ae1579c39e9ae857d39ac?s=96&d=mm&r=g","caption":"fr. Emilianos Chatzivasileiou"},"sameAs":["http:\/\/orthodoxia.be"],"url":"https:\/\/orthodoxia.be\/fr\/author\/p-emilianos\/"}]}},"_links":{"self":[{"href":"https:\/\/orthodoxia.be\/fr\/wp-json\/wp\/v2\/posts\/43279","targetHints":{"allow":["GET"]}}],"collection":[{"href":"https:\/\/orthodoxia.be\/fr\/wp-json\/wp\/v2\/posts"}],"about":[{"href":"https:\/\/orthodoxia.be\/fr\/wp-json\/wp\/v2\/types\/post"}],"author":[{"embeddable":true,"href":"https:\/\/orthodoxia.be\/fr\/wp-json\/wp\/v2\/users\/10"}],"replies":[{"embeddable":true,"href":"https:\/\/orthodoxia.be\/fr\/wp-json\/wp\/v2\/comments?post=43279"}],"version-history":[{"count":2,"href":"https:\/\/orthodoxia.be\/fr\/wp-json\/wp\/v2\/posts\/43279\/revisions"}],"predecessor-version":[{"id":43290,"href":"https:\/\/orthodoxia.be\/fr\/wp-json\/wp\/v2\/posts\/43279\/revisions\/43290"}],"wp:featuredmedia":[{"embeddable":true,"href":"https:\/\/orthodoxia.be\/fr\/wp-json\/wp\/v2\/media\/43281"}],"wp:attachment":[{"href":"https:\/\/orthodoxia.be\/fr\/wp-json\/wp\/v2\/media?parent=43279"}],"wp:term":[{"taxonomy":"category","embeddable":true,"href":"https:\/\/orthodoxia.be\/fr\/wp-json\/wp\/v2\/categories?post=43279"},{"taxonomy":"post_tag","embeddable":true,"href":"https:\/\/orthodoxia.be\/fr\/wp-json\/wp\/v2\/tags?post=43279"}],"curies":[{"name":"wp","href":"https:\/\/api.w.org\/{rel}","templated":true}]}}