{"id":43322,"date":"2023-11-07T12:25:41","date_gmt":"2023-11-07T11:25:41","guid":{"rendered":"http:\/\/orthodoxia.be\/?p=43322"},"modified":"2023-11-07T12:27:08","modified_gmt":"2023-11-07T11:27:08","slug":"communique-de-la-conference-episcopale-orthodoxe-du-benelux-ceob-obb-10","status":"publish","type":"post","link":"https:\/\/orthodoxia.be\/fr\/2023\/11\/07\/communique-de-la-conference-episcopale-orthodoxe-du-benelux-ceob-obb-10\/","title":{"rendered":"Communiqu\u00e9 de la Conf\u00e9rence \u00c9piscopale Orthodoxe du Benelux (CEOB-OBB)"},"content":{"rendered":"<p style=\"text-align: justify;\">La Conf\u00e9rence \u00c9piscopale Orthodoxe du Benelux (CEOB) a \u00e9t\u00e9 convoqu\u00e9e en sa 27e r\u00e9union qui a eu lieu au si\u00e8ge de l\u2019Archev\u00each\u00e9 orthodoxe de Belgique, \u00e0 Bruxelles, le lundi 6 novembre 2023 sous la pr\u00e9sidence de Son \u00c9minence le M\u00e9tropolite Ath\u00e9nagoras de Belgique (Patriarcat \u0152cum\u00e9nique) et avec la participation de Son Excellence l\u2019\u00c9v\u00eaque Justin (Patriarcat de Serbie), de Son Excellence l\u2019\u00c9v\u00eaque Marc de Neamts, repr\u00e9sentant de S.E. le M\u00e9tropolite Joseph (Patriarcat de Roumanie), de Son Excellence l\u2019\u00c9v\u00eaque Dosith\u00e9e (Patriarcat de G\u00e9orgie) et de Son Excellence l\u2019\u00c9v\u00eaque Joachim d\u2019Apollonia, \u00c9v\u00eaque Auxiliaire de S.E. le M\u00e9tropolite Ath\u00e9nagoras de Belgique (Patriarcat \u0152cum\u00e9nique).<\/p>\n<p style=\"text-align: justify;\">Les \u00e9v\u00eaques ont \u00e9t\u00e9 inform\u00e9s sur les r\u00e9percussions de certains tristes \u00e9v\u00e9nements concernant l\u2019\u00c9glise catholique de Belgique sur la vie politique et sociale du pays et ont \u00e9chang\u00e9 sur les possibles cons\u00e9quences de ce climat pour l\u2019\u00c9glise orthodoxe en Belgique. Ils ont rappel\u00e9 que sur d\u00e9cision de la 18\u00e8me r\u00e9union de la Conf\u00e9rence \u00c9piscopale le Protocole de Confidentialit\u00e9 qui peut faire face \u00e0 des probl\u00e8mes pareils au sein de l\u2019\u00c9glise orthodoxe au Benelux est approuv\u00e9 et est toujours en vigueur.<\/p>\n<p style=\"text-align: justify;\">Ils ont \u00e9t\u00e9 inform\u00e9s des r\u00e8glements de s\u00e9curit\u00e9 qui doivent \u00eatre appliqu\u00e9s aux lieux de cultes.<\/p>\n<p style=\"text-align: justify;\">Les \u00e9volutions concernant l\u2019enseignement du cours de religion en Belgique ont \u00e9t\u00e9 aussi au centre de l\u2019int\u00e9r\u00eat des \u00e9v\u00eaques. Les \u00e9v\u00eaques font appel \u00e0 ceux qui veulent enseigner le cours de religion orthodoxe pour se porter candidats \u00e0 l\u2019administration de l\u2019\u00c9glise Orthodoxe en Belgique.<\/p>\n<p style=\"text-align: justify;\">Les \u00e9v\u00eaques ont \u00e9t\u00e9 inform\u00e9s aussi de l\u2019enseignement donn\u00e9 dans les Instituts de Th\u00e9ologie orthodoxe en Belgique \u00e0 Bruxelles et \u00e0 Gand et aussi \u00e0 Nim\u00e8gue aux Pays-Bas.<\/p>\n<p style=\"text-align: justify;\">Ils ont \u00e9chang\u00e9 sur les probl\u00e8mes et les perspectives concernant la reconnaissance des paroisses orthodoxes en Flandre.<\/p>\n<p style=\"text-align: justify;\">Ils ont pris connaissance des \u00e9volutions concernant l\u2019\u00c9glise Orthodoxe aux Pays-Bas et son conseil consultatif. Ils ont \u00e9galement parl\u00e9 de la r\u00e9ussite du camp d\u2019\u00e9t\u00e9 pour les enfants et les jeunes qui s\u2019est tenu du 23 au 29 juillet 2023 \u00e0 Hoge Rielen (Belgique). Ils ont d\u2019ailleurs exprim\u00e9 leur d\u00e9sir que le camp d\u2019\u00e9t\u00e9 soit dor\u00e9navant sous les auspices de la Conf\u00e9rence \u00c9piscopale Orthodoxe du Benelux.<\/p>\n<p style=\"text-align: justify;\">Les hi\u00e9rarques ont parl\u00e9 de l\u2019importance des conc\u00e9l\u00e9brations inter-orthodoxes comme un signe fort de l\u2019unit\u00e9 de l\u2019\u00c9glise orthodoxe malgr\u00e9 les probl\u00e8mes et ils ont accept\u00e9 l\u2019invitation de Sa Toute Saintet\u00e9, le Patriarche \u0152cum\u00e9nique d\u2019organiser ensemble un p\u00e8lerinage dans l\u2019\u00eele de Patmos, l\u2019\u00eele de l\u2019Apocalypse, vers la fin du mois de septembre 2024.<\/p>\n<p style=\"text-align: justify;\">Les \u00e9v\u00eaques ont aussi \u00e9chang\u00e9 des informations et des nouvelles de leurs dioc\u00e8ses respectifs.<\/p>\n<p style=\"text-align: justify;\">Enfin, les hi\u00e9rarques d\u00e9plorent la situation tragique en Isra\u00ebl, en Palestine et en Ukraine, unissent leurs pri\u00e8res pour la paix et lancent un appel \u00e0 tous les responsables politiques et \u00e0 toute personne impliqu\u00e9e de faire leur maximum pour une fin rapide de ces guerres.<\/p>\n<p style=\"text-align: justify;\">La prochaine r\u00e9union de la Conf\u00e9rence \u00c9piscopale Orthodoxe du Benelux est pr\u00e9vue pour le 7 juin 2024.<\/p>\n<p style=\"text-align: justify;\">La Conf\u00e9rence \u00c9piscopale Orthodoxe du Benelux fut cr\u00e9\u00e9e sur d\u00e9cision prise par la IVe Conf\u00e9rence Panorthodoxe Pr\u00e9conciliaire, r\u00e9unie \u00e0 Chamb\u00e9sy (Gen\u00e8ve) en juin 2009.<\/p>\n<p style=\"text-align: justify;\">[FAGP id=43310]<\/p>\n","protected":false},"excerpt":{"rendered":"<p>La Conf\u00e9rence \u00c9piscopale Orthodoxe du Benelux (CEOB) a \u00e9t\u00e9 convoqu\u00e9e en sa 27e r\u00e9union qui a eu lieu au si\u00e8ge de l\u2019Archev\u00each\u00e9 orthodoxe de Belgique, \u00e0 Bruxelles, le lundi 6 novembre 2023 sous la pr\u00e9sidence de Son \u00c9minence le M\u00e9tropolite Ath\u00e9nagoras de Belgique (Patriarcat \u0152cum\u00e9nique) et avec la participation de Son Excellence l\u2019\u00c9v\u00eaque Justin (Patriarcat &hellip; <a href=\"https:\/\/orthodoxia.be\/fr\/2023\/11\/07\/communique-de-la-conference-episcopale-orthodoxe-du-benelux-ceob-obb-10\/\">Continued<\/a><\/p>\n","protected":false},"author":10,"featured_media":43316,"comment_status":"closed","ping_status":"open","sticky":false,"template":"","format":"standard","meta":{"_acf_changed":false,"footnotes":""},"categories":[14,311],"tags":[],"class_list":["post-43322","post","type-post","status-publish","format-standard","has-post-thumbnail","hentry","category-actualite","category-ceob"],"acf":[],"yoast_head":"<!-- This site is optimized with the Yoast SEO plugin v24.3 - https:\/\/yoast.com\/wordpress\/plugins\/seo\/ -->\n<title>Communiqu\u00e9 de la Conf\u00e9rence \u00c9piscopale Orthodoxe du Benelux (CEOB-OBB) - Archev\u00each\u00e9 Orthodoxe de Belgique<\/title>\n<meta name=\"robots\" content=\"index, follow, max-snippet:-1, max-image-preview:large, max-video-preview:-1\" \/>\n<link rel=\"canonical\" href=\"https:\/\/orthodoxia.be\/fr\/2023\/11\/07\/communique-de-la-conference-episcopale-orthodoxe-du-benelux-ceob-obb-10\/\" \/>\n<meta property=\"og:locale\" content=\"fr_FR\" \/>\n<meta property=\"og:type\" content=\"article\" \/>\n<meta property=\"og:title\" content=\"Communiqu\u00e9 de la Conf\u00e9rence \u00c9piscopale Orthodoxe du Benelux (CEOB-OBB) - Archev\u00each\u00e9 Orthodoxe de Belgique\" \/>\n<meta property=\"og:description\" content=\"La Conf\u00e9rence \u00c9piscopale Orthodoxe du Benelux (CEOB) a \u00e9t\u00e9 convoqu\u00e9e en sa 27e r\u00e9union qui a eu lieu au si\u00e8ge de l\u2019Archev\u00each\u00e9 orthodoxe de Belgique, \u00e0 Bruxelles, le lundi 6 novembre 2023 sous la pr\u00e9sidence de Son \u00c9minence le M\u00e9tropolite Ath\u00e9nagoras de Belgique (Patriarcat \u0152cum\u00e9nique) et avec la participation de Son Excellence l\u2019\u00c9v\u00eaque Justin (Patriarcat &hellip; Continued\" \/>\n<meta property=\"og:url\" content=\"https:\/\/orthodoxia.be\/fr\/2023\/11\/07\/communique-de-la-conference-episcopale-orthodoxe-du-benelux-ceob-obb-10\/\" \/>\n<meta property=\"og:site_name\" content=\"Archev\u00each\u00e9 Orthodoxe de Belgique\" \/>\n<meta property=\"article:publisher\" content=\"https:\/\/www.facebook.com\/orthobel\" \/>\n<meta property=\"article:published_time\" content=\"2023-11-07T11:25:41+00:00\" \/>\n<meta property=\"article:modified_time\" content=\"2023-11-07T11:27:08+00:00\" \/>\n<meta property=\"og:image\" content=\"https:\/\/orthodoxia.be\/wp-content\/uploads\/2023\/11\/IMG_2966.jpg\" \/>\n\t<meta property=\"og:image:width\" content=\"1023\" \/>\n\t<meta property=\"og:image:height\" content=\"767\" \/>\n\t<meta property=\"og:image:type\" content=\"image\/jpeg\" \/>\n<meta name=\"author\" content=\"fr. Emilianos Chatzivasileiou\" \/>\n<meta name=\"twitter:card\" content=\"summary_large_image\" \/>\n<meta name=\"twitter:creator\" content=\"@orthobel\" \/>\n<meta name=\"twitter:site\" content=\"@orthobel\" \/>\n<meta name=\"twitter:label1\" content=\"\u00c9crit par\" \/>\n\t<meta name=\"twitter:data1\" content=\"fr. Emilianos Chatzivasileiou\" \/>\n\t<meta name=\"twitter:label2\" content=\"Dur\u00e9e de lecture est.\" \/>\n\t<meta name=\"twitter:data2\" content=\"3 minutes\" \/>\n<script type=\"application\/ld+json\" class=\"yoast-schema-graph\">{\"@context\":\"https:\/\/schema.org\",\"@graph\":[{\"@type\":\"Article\",\"@id\":\"https:\/\/orthodoxia.be\/fr\/2023\/11\/07\/communique-de-la-conference-episcopale-orthodoxe-du-benelux-ceob-obb-10\/#article\",\"isPartOf\":{\"@id\":\"https:\/\/orthodoxia.be\/fr\/2023\/11\/07\/communique-de-la-conference-episcopale-orthodoxe-du-benelux-ceob-obb-10\/\"},\"author\":{\"name\":\"fr. Emilianos Chatzivasileiou\",\"@id\":\"https:\/\/orthodoxia.be\/#\/schema\/person\/f6c4fd8f4c3dfc201522ccccede872c4\"},\"headline\":\"Communiqu\u00e9 de la Conf\u00e9rence \u00c9piscopale Orthodoxe du Benelux (CEOB-OBB)\",\"datePublished\":\"2023-11-07T11:25:41+00:00\",\"dateModified\":\"2023-11-07T11:27:08+00:00\",\"mainEntityOfPage\":{\"@id\":\"https:\/\/orthodoxia.be\/fr\/2023\/11\/07\/communique-de-la-conference-episcopale-orthodoxe-du-benelux-ceob-obb-10\/\"},\"wordCount\":594,\"publisher\":{\"@id\":\"https:\/\/orthodoxia.be\/#organization\"},\"image\":{\"@id\":\"https:\/\/orthodoxia.be\/fr\/2023\/11\/07\/communique-de-la-conference-episcopale-orthodoxe-du-benelux-ceob-obb-10\/#primaryimage\"},\"thumbnailUrl\":\"https:\/\/orthodoxia.be\/wp-content\/uploads\/2023\/11\/IMG_2966.jpg\",\"articleSection\":[\"Actualit\u00e9\",\"Conf\u00e9rence Episcopale Orthodoxe du Benelux\"],\"inLanguage\":\"fr-BE\"},{\"@type\":\"WebPage\",\"@id\":\"https:\/\/orthodoxia.be\/fr\/2023\/11\/07\/communique-de-la-conference-episcopale-orthodoxe-du-benelux-ceob-obb-10\/\",\"url\":\"https:\/\/orthodoxia.be\/fr\/2023\/11\/07\/communique-de-la-conference-episcopale-orthodoxe-du-benelux-ceob-obb-10\/\",\"name\":\"Communiqu\u00e9 de la Conf\u00e9rence \u00c9piscopale Orthodoxe du Benelux (CEOB-OBB) - Archev\u00each\u00e9 Orthodoxe de Belgique\",\"isPartOf\":{\"@id\":\"https:\/\/orthodoxia.be\/#website\"},\"primaryImageOfPage\":{\"@id\":\"https:\/\/orthodoxia.be\/fr\/2023\/11\/07\/communique-de-la-conference-episcopale-orthodoxe-du-benelux-ceob-obb-10\/#primaryimage\"},\"image\":{\"@id\":\"https:\/\/orthodoxia.be\/fr\/2023\/11\/07\/communique-de-la-conference-episcopale-orthodoxe-du-benelux-ceob-obb-10\/#primaryimage\"},\"thumbnailUrl\":\"https:\/\/orthodoxia.be\/wp-content\/uploads\/2023\/11\/IMG_2966.jpg\",\"datePublished\":\"2023-11-07T11:25:41+00:00\",\"dateModified\":\"2023-11-07T11:27:08+00:00\",\"breadcrumb\":{\"@id\":\"https:\/\/orthodoxia.be\/fr\/2023\/11\/07\/communique-de-la-conference-episcopale-orthodoxe-du-benelux-ceob-obb-10\/#breadcrumb\"},\"inLanguage\":\"fr-BE\",\"potentialAction\":[{\"@type\":\"ReadAction\",\"target\":[\"https:\/\/orthodoxia.be\/fr\/2023\/11\/07\/communique-de-la-conference-episcopale-orthodoxe-du-benelux-ceob-obb-10\/\"]}]},{\"@type\":\"ImageObject\",\"inLanguage\":\"fr-BE\",\"@id\":\"https:\/\/orthodoxia.be\/fr\/2023\/11\/07\/communique-de-la-conference-episcopale-orthodoxe-du-benelux-ceob-obb-10\/#primaryimage\",\"url\":\"https:\/\/orthodoxia.be\/wp-content\/uploads\/2023\/11\/IMG_2966.jpg\",\"contentUrl\":\"https:\/\/orthodoxia.be\/wp-content\/uploads\/2023\/11\/IMG_2966.jpg\",\"width\":1023,\"height\":767},{\"@type\":\"BreadcrumbList\",\"@id\":\"https:\/\/orthodoxia.be\/fr\/2023\/11\/07\/communique-de-la-conference-episcopale-orthodoxe-du-benelux-ceob-obb-10\/#breadcrumb\",\"itemListElement\":[{\"@type\":\"ListItem\",\"position\":1,\"name\":\"Home\",\"item\":\"https:\/\/orthodoxia.be\/fr\/\"},{\"@type\":\"ListItem\",\"position\":2,\"name\":\"Communiqu\u00e9 de la Conf\u00e9rence \u00c9piscopale Orthodoxe du Benelux (CEOB-OBB)\"}]},{\"@type\":\"WebSite\",\"@id\":\"https:\/\/orthodoxia.be\/#website\",\"url\":\"https:\/\/orthodoxia.be\/\",\"name\":\"Orthodox Archdiocese of Belgium (Benelux)\",\"description\":\"Exarque des Pays-Bas et du Luxembourg\",\"publisher\":{\"@id\":\"https:\/\/orthodoxia.be\/#organization\"},\"alternateName\":\"IMB\",\"potentialAction\":[{\"@type\":\"SearchAction\",\"target\":{\"@type\":\"EntryPoint\",\"urlTemplate\":\"https:\/\/orthodoxia.be\/?s={search_term_string}\"},\"query-input\":{\"@type\":\"PropertyValueSpecification\",\"valueRequired\":true,\"valueName\":\"search_term_string\"}}],\"inLanguage\":\"fr-BE\"},{\"@type\":\"Organization\",\"@id\":\"https:\/\/orthodoxia.be\/#organization\",\"name\":\"Orthodox Archdiocese of Belgium (Benelux)\",\"url\":\"https:\/\/orthodoxia.be\/\",\"logo\":{\"@type\":\"ImageObject\",\"inLanguage\":\"fr-BE\",\"@id\":\"https:\/\/orthodoxia.be\/#\/schema\/logo\/image\/\",\"url\":\"https:\/\/orthodoxia.be\/wp-content\/uploads\/2024\/02\/cropped-IMB-logo-512-cl-1.png\",\"contentUrl\":\"https:\/\/orthodoxia.be\/wp-content\/uploads\/2024\/02\/cropped-IMB-logo-512-cl-1.png\",\"width\":512,\"height\":512,\"caption\":\"Orthodox Archdiocese of Belgium (Benelux)\"},\"image\":{\"@id\":\"https:\/\/orthodoxia.be\/#\/schema\/logo\/image\/\"},\"sameAs\":[\"https:\/\/www.facebook.com\/orthobel\",\"https:\/\/x.com\/orthobel\",\"https:\/\/www.youtube.com\/c\/orthobel\",\"https:\/\/www.mixcloud.com\/orthobel\/\",\"https:\/\/www.flickr.com\/photos\/148264890@N07\/albums\",\"https:\/\/www.dailymotion.com\/Orthobel\"]},{\"@type\":\"Person\",\"@id\":\"https:\/\/orthodoxia.be\/#\/schema\/person\/f6c4fd8f4c3dfc201522ccccede872c4\",\"name\":\"fr. Emilianos Chatzivasileiou\",\"image\":{\"@type\":\"ImageObject\",\"inLanguage\":\"fr-BE\",\"@id\":\"https:\/\/orthodoxia.be\/#\/schema\/person\/image\/\",\"url\":\"https:\/\/secure.gravatar.com\/avatar\/5b67115dbb9ae1579c39e9ae857d39ac?s=96&d=mm&r=g\",\"contentUrl\":\"https:\/\/secure.gravatar.com\/avatar\/5b67115dbb9ae1579c39e9ae857d39ac?s=96&d=mm&r=g\",\"caption\":\"fr. Emilianos Chatzivasileiou\"},\"sameAs\":[\"http:\/\/orthodoxia.be\"],\"url\":\"https:\/\/orthodoxia.be\/fr\/author\/p-emilianos\/\"}]}<\/script>\n<!-- \/ Yoast SEO plugin. -->","yoast_head_json":{"title":"Communiqu\u00e9 de la Conf\u00e9rence \u00c9piscopale Orthodoxe du Benelux (CEOB-OBB) - Archev\u00each\u00e9 Orthodoxe de Belgique","robots":{"index":"index","follow":"follow","max-snippet":"max-snippet:-1","max-image-preview":"max-image-preview:large","max-video-preview":"max-video-preview:-1"},"canonical":"https:\/\/orthodoxia.be\/fr\/2023\/11\/07\/communique-de-la-conference-episcopale-orthodoxe-du-benelux-ceob-obb-10\/","og_locale":"fr_FR","og_type":"article","og_title":"Communiqu\u00e9 de la Conf\u00e9rence \u00c9piscopale Orthodoxe du Benelux (CEOB-OBB) - Archev\u00each\u00e9 Orthodoxe de Belgique","og_description":"La Conf\u00e9rence \u00c9piscopale Orthodoxe du Benelux (CEOB) a \u00e9t\u00e9 convoqu\u00e9e en sa 27e r\u00e9union qui a eu lieu au si\u00e8ge de l\u2019Archev\u00each\u00e9 orthodoxe de Belgique, \u00e0 Bruxelles, le lundi 6 novembre 2023 sous la pr\u00e9sidence de Son \u00c9minence le M\u00e9tropolite Ath\u00e9nagoras de Belgique (Patriarcat \u0152cum\u00e9nique) et avec la participation de Son Excellence l\u2019\u00c9v\u00eaque Justin (Patriarcat &hellip; Continued","og_url":"https:\/\/orthodoxia.be\/fr\/2023\/11\/07\/communique-de-la-conference-episcopale-orthodoxe-du-benelux-ceob-obb-10\/","og_site_name":"Archev\u00each\u00e9 Orthodoxe de Belgique","article_publisher":"https:\/\/www.facebook.com\/orthobel","article_published_time":"2023-11-07T11:25:41+00:00","article_modified_time":"2023-11-07T11:27:08+00:00","og_image":[{"width":1023,"height":767,"url":"https:\/\/orthodoxia.be\/wp-content\/uploads\/2023\/11\/IMG_2966.jpg","type":"image\/jpeg"}],"author":"fr. Emilianos Chatzivasileiou","twitter_card":"summary_large_image","twitter_creator":"@orthobel","twitter_site":"@orthobel","twitter_misc":{"\u00c9crit par":"fr. Emilianos Chatzivasileiou","Dur\u00e9e de lecture est.":"3 minutes"},"schema":{"@context":"https:\/\/schema.org","@graph":[{"@type":"Article","@id":"https:\/\/orthodoxia.be\/fr\/2023\/11\/07\/communique-de-la-conference-episcopale-orthodoxe-du-benelux-ceob-obb-10\/#article","isPartOf":{"@id":"https:\/\/orthodoxia.be\/fr\/2023\/11\/07\/communique-de-la-conference-episcopale-orthodoxe-du-benelux-ceob-obb-10\/"},"author":{"name":"fr. Emilianos Chatzivasileiou","@id":"https:\/\/orthodoxia.be\/#\/schema\/person\/f6c4fd8f4c3dfc201522ccccede872c4"},"headline":"Communiqu\u00e9 de la Conf\u00e9rence \u00c9piscopale Orthodoxe du Benelux (CEOB-OBB)","datePublished":"2023-11-07T11:25:41+00:00","dateModified":"2023-11-07T11:27:08+00:00","mainEntityOfPage":{"@id":"https:\/\/orthodoxia.be\/fr\/2023\/11\/07\/communique-de-la-conference-episcopale-orthodoxe-du-benelux-ceob-obb-10\/"},"wordCount":594,"publisher":{"@id":"https:\/\/orthodoxia.be\/#organization"},"image":{"@id":"https:\/\/orthodoxia.be\/fr\/2023\/11\/07\/communique-de-la-conference-episcopale-orthodoxe-du-benelux-ceob-obb-10\/#primaryimage"},"thumbnailUrl":"https:\/\/orthodoxia.be\/wp-content\/uploads\/2023\/11\/IMG_2966.jpg","articleSection":["Actualit\u00e9","Conf\u00e9rence Episcopale Orthodoxe du Benelux"],"inLanguage":"fr-BE"},{"@type":"WebPage","@id":"https:\/\/orthodoxia.be\/fr\/2023\/11\/07\/communique-de-la-conference-episcopale-orthodoxe-du-benelux-ceob-obb-10\/","url":"https:\/\/orthodoxia.be\/fr\/2023\/11\/07\/communique-de-la-conference-episcopale-orthodoxe-du-benelux-ceob-obb-10\/","name":"Communiqu\u00e9 de la Conf\u00e9rence \u00c9piscopale Orthodoxe du Benelux (CEOB-OBB) - Archev\u00each\u00e9 Orthodoxe de Belgique","isPartOf":{"@id":"https:\/\/orthodoxia.be\/#website"},"primaryImageOfPage":{"@id":"https:\/\/orthodoxia.be\/fr\/2023\/11\/07\/communique-de-la-conference-episcopale-orthodoxe-du-benelux-ceob-obb-10\/#primaryimage"},"image":{"@id":"https:\/\/orthodoxia.be\/fr\/2023\/11\/07\/communique-de-la-conference-episcopale-orthodoxe-du-benelux-ceob-obb-10\/#primaryimage"},"thumbnailUrl":"https:\/\/orthodoxia.be\/wp-content\/uploads\/2023\/11\/IMG_2966.jpg","datePublished":"2023-11-07T11:25:41+00:00","dateModified":"2023-11-07T11:27:08+00:00","breadcrumb":{"@id":"https:\/\/orthodoxia.be\/fr\/2023\/11\/07\/communique-de-la-conference-episcopale-orthodoxe-du-benelux-ceob-obb-10\/#breadcrumb"},"inLanguage":"fr-BE","potentialAction":[{"@type":"ReadAction","target":["https:\/\/orthodoxia.be\/fr\/2023\/11\/07\/communique-de-la-conference-episcopale-orthodoxe-du-benelux-ceob-obb-10\/"]}]},{"@type":"ImageObject","inLanguage":"fr-BE","@id":"https:\/\/orthodoxia.be\/fr\/2023\/11\/07\/communique-de-la-conference-episcopale-orthodoxe-du-benelux-ceob-obb-10\/#primaryimage","url":"https:\/\/orthodoxia.be\/wp-content\/uploads\/2023\/11\/IMG_2966.jpg","contentUrl":"https:\/\/orthodoxia.be\/wp-content\/uploads\/2023\/11\/IMG_2966.jpg","width":1023,"height":767},{"@type":"BreadcrumbList","@id":"https:\/\/orthodoxia.be\/fr\/2023\/11\/07\/communique-de-la-conference-episcopale-orthodoxe-du-benelux-ceob-obb-10\/#breadcrumb","itemListElement":[{"@type":"ListItem","position":1,"name":"Home","item":"https:\/\/orthodoxia.be\/fr\/"},{"@type":"ListItem","position":2,"name":"Communiqu\u00e9 de la Conf\u00e9rence \u00c9piscopale Orthodoxe du Benelux (CEOB-OBB)"}]},{"@type":"WebSite","@id":"https:\/\/orthodoxia.be\/#website","url":"https:\/\/orthodoxia.be\/","name":"Orthodox Archdiocese of Belgium (Benelux)","description":"Exarque des Pays-Bas et du Luxembourg","publisher":{"@id":"https:\/\/orthodoxia.be\/#organization"},"alternateName":"IMB","potentialAction":[{"@type":"SearchAction","target":{"@type":"EntryPoint","urlTemplate":"https:\/\/orthodoxia.be\/?s={search_term_string}"},"query-input":{"@type":"PropertyValueSpecification","valueRequired":true,"valueName":"search_term_string"}}],"inLanguage":"fr-BE"},{"@type":"Organization","@id":"https:\/\/orthodoxia.be\/#organization","name":"Orthodox Archdiocese of Belgium (Benelux)","url":"https:\/\/orthodoxia.be\/","logo":{"@type":"ImageObject","inLanguage":"fr-BE","@id":"https:\/\/orthodoxia.be\/#\/schema\/logo\/image\/","url":"https:\/\/orthodoxia.be\/wp-content\/uploads\/2024\/02\/cropped-IMB-logo-512-cl-1.png","contentUrl":"https:\/\/orthodoxia.be\/wp-content\/uploads\/2024\/02\/cropped-IMB-logo-512-cl-1.png","width":512,"height":512,"caption":"Orthodox Archdiocese of Belgium (Benelux)"},"image":{"@id":"https:\/\/orthodoxia.be\/#\/schema\/logo\/image\/"},"sameAs":["https:\/\/www.facebook.com\/orthobel","https:\/\/x.com\/orthobel","https:\/\/www.youtube.com\/c\/orthobel","https:\/\/www.mixcloud.com\/orthobel\/","https:\/\/www.flickr.com\/photos\/148264890@N07\/albums","https:\/\/www.dailymotion.com\/Orthobel"]},{"@type":"Person","@id":"https:\/\/orthodoxia.be\/#\/schema\/person\/f6c4fd8f4c3dfc201522ccccede872c4","name":"fr. Emilianos Chatzivasileiou","image":{"@type":"ImageObject","inLanguage":"fr-BE","@id":"https:\/\/orthodoxia.be\/#\/schema\/person\/image\/","url":"https:\/\/secure.gravatar.com\/avatar\/5b67115dbb9ae1579c39e9ae857d39ac?s=96&d=mm&r=g","contentUrl":"https:\/\/secure.gravatar.com\/avatar\/5b67115dbb9ae1579c39e9ae857d39ac?s=96&d=mm&r=g","caption":"fr. Emilianos Chatzivasileiou"},"sameAs":["http:\/\/orthodoxia.be"],"url":"https:\/\/orthodoxia.be\/fr\/author\/p-emilianos\/"}]}},"_links":{"self":[{"href":"https:\/\/orthodoxia.be\/fr\/wp-json\/wp\/v2\/posts\/43322","targetHints":{"allow":["GET"]}}],"collection":[{"href":"https:\/\/orthodoxia.be\/fr\/wp-json\/wp\/v2\/posts"}],"about":[{"href":"https:\/\/orthodoxia.be\/fr\/wp-json\/wp\/v2\/types\/post"}],"author":[{"embeddable":true,"href":"https:\/\/orthodoxia.be\/fr\/wp-json\/wp\/v2\/users\/10"}],"replies":[{"embeddable":true,"href":"https:\/\/orthodoxia.be\/fr\/wp-json\/wp\/v2\/comments?post=43322"}],"version-history":[{"count":1,"href":"https:\/\/orthodoxia.be\/fr\/wp-json\/wp\/v2\/posts\/43322\/revisions"}],"predecessor-version":[{"id":43323,"href":"https:\/\/orthodoxia.be\/fr\/wp-json\/wp\/v2\/posts\/43322\/revisions\/43323"}],"wp:featuredmedia":[{"embeddable":true,"href":"https:\/\/orthodoxia.be\/fr\/wp-json\/wp\/v2\/media\/43316"}],"wp:attachment":[{"href":"https:\/\/orthodoxia.be\/fr\/wp-json\/wp\/v2\/media?parent=43322"}],"wp:term":[{"taxonomy":"category","embeddable":true,"href":"https:\/\/orthodoxia.be\/fr\/wp-json\/wp\/v2\/categories?post=43322"},{"taxonomy":"post_tag","embeddable":true,"href":"https:\/\/orthodoxia.be\/fr\/wp-json\/wp\/v2\/tags?post=43322"}],"curies":[{"name":"wp","href":"https:\/\/api.w.org\/{rel}","templated":true}]}}