{"id":44238,"date":"2024-02-07T13:50:52","date_gmt":"2024-02-07T12:50:52","guid":{"rendered":"http:\/\/orthodoxia.be\/?p=44238"},"modified":"2024-02-07T13:50:52","modified_gmt":"2024-02-07T12:50:52","slug":"concert-une-soiree-de-musique-liturgique-orthodoxe-executee-par-lensemble-vocal-malinine","status":"publish","type":"post","link":"https:\/\/orthodoxia.be\/fr\/2024\/02\/07\/concert-une-soiree-de-musique-liturgique-orthodoxe-executee-par-lensemble-vocal-malinine\/","title":{"rendered":"CONCERT: une soir\u00e9e de musique liturgique orthodoxe Ex\u00e9cut\u00e9e par \u201cl\u2019Ensemble Vocal Malinine\u201d"},"content":{"rendered":"<p style=\"text-align: justify;\">Nous avons le plaisir de vous pr\u00e9senter le concert du c\u00e9l\u00e8bre ch\u0153ur orthodoxe de Paris <strong>&#8220;ENSEMBLE VOCAL MALININE&#8221;<\/strong> sous la direction de Mathieu Malinine. Ce concert est organis\u00e9 par la paroisse orthodoxe des Saints Konstantin et Helena \u00e0 Bruges.<\/p>\n<p style=\"text-align: justify;\">La repr\u00e9sentation aura lieu le <strong>samedi 2 mars 2024<\/strong> \u00e0 l&#8217;\u00e9glise Sainte-Anne, Sint-Annaplein <strong>\u00e0 Bruges \u00e0 19h30<\/strong>.<\/p>\n<p style=\"text-align: justify;\">L&#8217;ensemble est l&#8217;une des meilleures chorales orthodoxes d&#8217;Europe occidentale. Il s&#8217;agit de jeunes orthodoxes issus de l&#8217;\u00e9migration russe, appartenant \u00e0 la troisi\u00e8me g\u00e9n\u00e9ration. L&#8217;ensemble pr\u00e9sentera un programme c\u00e9leste \u00e0 l&#8217;\u00e9glise Sainte-Anne de Bruges, avec des hymnes qui sont chant\u00e9s depuis des si\u00e8cles dans les services liturgiques de l&#8217;\u00c9glise orthodoxe.<\/p>\n<p style=\"text-align: justify;\"><strong>Les portes ouvrent \u00e0 partir de 19h00.<\/strong><\/p>\n<p style=\"text-align: justify;\">Les places sont limit\u00e9es ! Veuillez confirmer votre inscription en virant le montant sur le compte de la paroisse orthodoxe de Bruges : IBAN BE02 7480 3838 6340 et BIC KREDBEBB en mentionnant Concert, votre nom, pr\u00e9nom et nombre de personnes mais aussi en vous inscrivant en ligne via ce lien.<\/p>\n<p style=\"text-align: justify;\">Veuillez de pr\u00e9f\u00e9rence vous inscrire en ligne via ce lien : <a href=\"https:\/\/forms.gle\/VbirYRrTHQi3TzjV8\">https:\/\/forms.gle\/VbirYRrTHQi3TzjV8<\/a><\/p>\n<p style=\"text-align: justify;\">Pour garantir le bon d\u00e9roulement de l&#8217;\u00e9v\u00e9nement, l&#8217;inscription et le paiement doivent \u00eatre effectu\u00e9s avant le<br \/>\n28 f\u00e9vrier 2024. Nous fermerons ensuite les inscriptions.<\/p>\n<p style=\"text-align: justify;\">L&#8217;inscription n&#8217;est valable qu&#8217;apr\u00e8s avoir pay\u00e9 le montant de 15 \u20ac (par personne).<\/p>\n<p style=\"text-align: justify;\">Les contributions de soutien de 20 ou 25 \u20ac sont les bienvenues pour couvrir tous les frais li\u00e9s \u00e0 l&#8217;organisation de ce concert. Veuillez indiquer le nom exact de votre inscription \u00e0 l&#8217;entr\u00e9e de l&#8217;\u00e9glise.<\/p>\n<p style=\"text-align: justify;\">Les places ne sont pas num\u00e9rot\u00e9es.<\/p>\n","protected":false},"excerpt":{"rendered":"<p>Nous avons le plaisir de vous pr\u00e9senter le concert du c\u00e9l\u00e8bre ch\u0153ur orthodoxe de Paris &#8220;ENSEMBLE VOCAL MALININE&#8221; sous la direction de Mathieu Malinine. Ce concert est organis\u00e9 par la paroisse orthodoxe des Saints Konstantin et Helena \u00e0 Bruges. La repr\u00e9sentation aura lieu le samedi 2 mars 2024 \u00e0 l&#8217;\u00e9glise Sainte-Anne, Sint-Annaplein \u00e0 Bruges \u00e0 &hellip; <a href=\"https:\/\/orthodoxia.be\/fr\/2024\/02\/07\/concert-une-soiree-de-musique-liturgique-orthodoxe-executee-par-lensemble-vocal-malinine\/\">Continued<\/a><\/p>\n","protected":false},"author":10,"featured_media":44239,"comment_status":"closed","ping_status":"open","sticky":false,"template":"","format":"standard","meta":{"_acf_changed":false,"footnotes":""},"categories":[14],"tags":[],"class_list":["post-44238","post","type-post","status-publish","format-standard","has-post-thumbnail","hentry","category-actualite"],"acf":[],"yoast_head":"<!-- This site is optimized with the Yoast SEO plugin v24.3 - https:\/\/yoast.com\/wordpress\/plugins\/seo\/ -->\n<title>CONCERT: une soir\u00e9e de musique liturgique orthodoxe Ex\u00e9cut\u00e9e par \u201cl&#039;Ensemble Vocal Malinine\u201d - Archev\u00each\u00e9 Orthodoxe de Belgique<\/title>\n<meta name=\"robots\" content=\"index, follow, max-snippet:-1, max-image-preview:large, max-video-preview:-1\" \/>\n<link rel=\"canonical\" href=\"https:\/\/orthodoxia.be\/fr\/2024\/02\/07\/concert-une-soiree-de-musique-liturgique-orthodoxe-executee-par-lensemble-vocal-malinine\/\" \/>\n<meta property=\"og:locale\" content=\"fr_FR\" \/>\n<meta property=\"og:type\" content=\"article\" \/>\n<meta property=\"og:title\" content=\"CONCERT: une soir\u00e9e de musique liturgique orthodoxe Ex\u00e9cut\u00e9e par \u201cl&#039;Ensemble Vocal Malinine\u201d - Archev\u00each\u00e9 Orthodoxe de Belgique\" \/>\n<meta property=\"og:description\" content=\"Nous avons le plaisir de vous pr\u00e9senter le concert du c\u00e9l\u00e8bre ch\u0153ur orthodoxe de Paris &#8220;ENSEMBLE VOCAL MALININE&#8221; sous la direction de Mathieu Malinine. Ce concert est organis\u00e9 par la paroisse orthodoxe des Saints Konstantin et Helena \u00e0 Bruges. La repr\u00e9sentation aura lieu le samedi 2 mars 2024 \u00e0 l&#8217;\u00e9glise Sainte-Anne, Sint-Annaplein \u00e0 Bruges \u00e0 &hellip; Continued\" \/>\n<meta property=\"og:url\" content=\"https:\/\/orthodoxia.be\/fr\/2024\/02\/07\/concert-une-soiree-de-musique-liturgique-orthodoxe-executee-par-lensemble-vocal-malinine\/\" \/>\n<meta property=\"og:site_name\" content=\"Archev\u00each\u00e9 Orthodoxe de Belgique\" \/>\n<meta property=\"article:publisher\" content=\"https:\/\/www.facebook.com\/orthobel\" \/>\n<meta property=\"article:published_time\" content=\"2024-02-07T12:50:52+00:00\" \/>\n<meta property=\"og:image\" content=\"https:\/\/orthodoxia.be\/wp-content\/uploads\/2024\/02\/Ensemble-vocal-Malinine-A4-2024-FR.jpg\" \/>\n\t<meta property=\"og:image:width\" content=\"2121\" \/>\n\t<meta property=\"og:image:height\" content=\"3000\" \/>\n\t<meta property=\"og:image:type\" content=\"image\/jpeg\" \/>\n<meta name=\"author\" content=\"fr. Emilianos Chatzivasileiou\" \/>\n<meta name=\"twitter:card\" content=\"summary_large_image\" \/>\n<meta name=\"twitter:creator\" content=\"@orthobel\" \/>\n<meta name=\"twitter:site\" content=\"@orthobel\" \/>\n<meta name=\"twitter:label1\" content=\"\u00c9crit par\" \/>\n\t<meta name=\"twitter:data1\" content=\"fr. Emilianos Chatzivasileiou\" \/>\n\t<meta name=\"twitter:label2\" content=\"Dur\u00e9e de lecture est.\" \/>\n\t<meta name=\"twitter:data2\" content=\"1 minute\" \/>\n<script type=\"application\/ld+json\" class=\"yoast-schema-graph\">{\"@context\":\"https:\/\/schema.org\",\"@graph\":[{\"@type\":\"Article\",\"@id\":\"https:\/\/orthodoxia.be\/fr\/2024\/02\/07\/concert-une-soiree-de-musique-liturgique-orthodoxe-executee-par-lensemble-vocal-malinine\/#article\",\"isPartOf\":{\"@id\":\"https:\/\/orthodoxia.be\/fr\/2024\/02\/07\/concert-une-soiree-de-musique-liturgique-orthodoxe-executee-par-lensemble-vocal-malinine\/\"},\"author\":{\"name\":\"fr. Emilianos Chatzivasileiou\",\"@id\":\"https:\/\/orthodoxia.be\/#\/schema\/person\/f6c4fd8f4c3dfc201522ccccede872c4\"},\"headline\":\"CONCERT: une soir\u00e9e de musique liturgique orthodoxe Ex\u00e9cut\u00e9e par \u201cl\u2019Ensemble Vocal Malinine\u201d\",\"datePublished\":\"2024-02-07T12:50:52+00:00\",\"dateModified\":\"2024-02-07T12:50:52+00:00\",\"mainEntityOfPage\":{\"@id\":\"https:\/\/orthodoxia.be\/fr\/2024\/02\/07\/concert-une-soiree-de-musique-liturgique-orthodoxe-executee-par-lensemble-vocal-malinine\/\"},\"wordCount\":291,\"publisher\":{\"@id\":\"https:\/\/orthodoxia.be\/#organization\"},\"image\":{\"@id\":\"https:\/\/orthodoxia.be\/fr\/2024\/02\/07\/concert-une-soiree-de-musique-liturgique-orthodoxe-executee-par-lensemble-vocal-malinine\/#primaryimage\"},\"thumbnailUrl\":\"https:\/\/orthodoxia.be\/wp-content\/uploads\/2024\/02\/Ensemble-vocal-Malinine-A4-2024-FR.jpg\",\"articleSection\":[\"Actualit\u00e9\"],\"inLanguage\":\"fr-BE\"},{\"@type\":\"WebPage\",\"@id\":\"https:\/\/orthodoxia.be\/fr\/2024\/02\/07\/concert-une-soiree-de-musique-liturgique-orthodoxe-executee-par-lensemble-vocal-malinine\/\",\"url\":\"https:\/\/orthodoxia.be\/fr\/2024\/02\/07\/concert-une-soiree-de-musique-liturgique-orthodoxe-executee-par-lensemble-vocal-malinine\/\",\"name\":\"CONCERT: une soir\u00e9e de musique liturgique orthodoxe Ex\u00e9cut\u00e9e par \u201cl'Ensemble Vocal Malinine\u201d - Archev\u00each\u00e9 Orthodoxe de Belgique\",\"isPartOf\":{\"@id\":\"https:\/\/orthodoxia.be\/#website\"},\"primaryImageOfPage\":{\"@id\":\"https:\/\/orthodoxia.be\/fr\/2024\/02\/07\/concert-une-soiree-de-musique-liturgique-orthodoxe-executee-par-lensemble-vocal-malinine\/#primaryimage\"},\"image\":{\"@id\":\"https:\/\/orthodoxia.be\/fr\/2024\/02\/07\/concert-une-soiree-de-musique-liturgique-orthodoxe-executee-par-lensemble-vocal-malinine\/#primaryimage\"},\"thumbnailUrl\":\"https:\/\/orthodoxia.be\/wp-content\/uploads\/2024\/02\/Ensemble-vocal-Malinine-A4-2024-FR.jpg\",\"datePublished\":\"2024-02-07T12:50:52+00:00\",\"dateModified\":\"2024-02-07T12:50:52+00:00\",\"breadcrumb\":{\"@id\":\"https:\/\/orthodoxia.be\/fr\/2024\/02\/07\/concert-une-soiree-de-musique-liturgique-orthodoxe-executee-par-lensemble-vocal-malinine\/#breadcrumb\"},\"inLanguage\":\"fr-BE\",\"potentialAction\":[{\"@type\":\"ReadAction\",\"target\":[\"https:\/\/orthodoxia.be\/fr\/2024\/02\/07\/concert-une-soiree-de-musique-liturgique-orthodoxe-executee-par-lensemble-vocal-malinine\/\"]}]},{\"@type\":\"ImageObject\",\"inLanguage\":\"fr-BE\",\"@id\":\"https:\/\/orthodoxia.be\/fr\/2024\/02\/07\/concert-une-soiree-de-musique-liturgique-orthodoxe-executee-par-lensemble-vocal-malinine\/#primaryimage\",\"url\":\"https:\/\/orthodoxia.be\/wp-content\/uploads\/2024\/02\/Ensemble-vocal-Malinine-A4-2024-FR.jpg\",\"contentUrl\":\"https:\/\/orthodoxia.be\/wp-content\/uploads\/2024\/02\/Ensemble-vocal-Malinine-A4-2024-FR.jpg\",\"width\":2121,\"height\":3000},{\"@type\":\"BreadcrumbList\",\"@id\":\"https:\/\/orthodoxia.be\/fr\/2024\/02\/07\/concert-une-soiree-de-musique-liturgique-orthodoxe-executee-par-lensemble-vocal-malinine\/#breadcrumb\",\"itemListElement\":[{\"@type\":\"ListItem\",\"position\":1,\"name\":\"Home\",\"item\":\"https:\/\/orthodoxia.be\/fr\/\"},{\"@type\":\"ListItem\",\"position\":2,\"name\":\"CONCERT: une soir\u00e9e de musique liturgique orthodoxe Ex\u00e9cut\u00e9e par \u201cl&#8217;Ensemble Vocal Malinine\u201d\"}]},{\"@type\":\"WebSite\",\"@id\":\"https:\/\/orthodoxia.be\/#website\",\"url\":\"https:\/\/orthodoxia.be\/\",\"name\":\"Orthodox Archdiocese of Belgium (Benelux)\",\"description\":\"Exarque des Pays-Bas et du Luxembourg\",\"publisher\":{\"@id\":\"https:\/\/orthodoxia.be\/#organization\"},\"alternateName\":\"IMB\",\"potentialAction\":[{\"@type\":\"SearchAction\",\"target\":{\"@type\":\"EntryPoint\",\"urlTemplate\":\"https:\/\/orthodoxia.be\/?s={search_term_string}\"},\"query-input\":{\"@type\":\"PropertyValueSpecification\",\"valueRequired\":true,\"valueName\":\"search_term_string\"}}],\"inLanguage\":\"fr-BE\"},{\"@type\":\"Organization\",\"@id\":\"https:\/\/orthodoxia.be\/#organization\",\"name\":\"Orthodox Archdiocese of Belgium (Benelux)\",\"url\":\"https:\/\/orthodoxia.be\/\",\"logo\":{\"@type\":\"ImageObject\",\"inLanguage\":\"fr-BE\",\"@id\":\"https:\/\/orthodoxia.be\/#\/schema\/logo\/image\/\",\"url\":\"https:\/\/orthodoxia.be\/wp-content\/uploads\/2024\/02\/cropped-IMB-logo-512-cl-1.png\",\"contentUrl\":\"https:\/\/orthodoxia.be\/wp-content\/uploads\/2024\/02\/cropped-IMB-logo-512-cl-1.png\",\"width\":512,\"height\":512,\"caption\":\"Orthodox Archdiocese of Belgium (Benelux)\"},\"image\":{\"@id\":\"https:\/\/orthodoxia.be\/#\/schema\/logo\/image\/\"},\"sameAs\":[\"https:\/\/www.facebook.com\/orthobel\",\"https:\/\/x.com\/orthobel\",\"https:\/\/www.youtube.com\/c\/orthobel\",\"https:\/\/www.mixcloud.com\/orthobel\/\",\"https:\/\/www.flickr.com\/photos\/148264890@N07\/albums\",\"https:\/\/www.dailymotion.com\/Orthobel\"]},{\"@type\":\"Person\",\"@id\":\"https:\/\/orthodoxia.be\/#\/schema\/person\/f6c4fd8f4c3dfc201522ccccede872c4\",\"name\":\"fr. Emilianos Chatzivasileiou\",\"image\":{\"@type\":\"ImageObject\",\"inLanguage\":\"fr-BE\",\"@id\":\"https:\/\/orthodoxia.be\/#\/schema\/person\/image\/\",\"url\":\"https:\/\/secure.gravatar.com\/avatar\/5b67115dbb9ae1579c39e9ae857d39ac?s=96&d=mm&r=g\",\"contentUrl\":\"https:\/\/secure.gravatar.com\/avatar\/5b67115dbb9ae1579c39e9ae857d39ac?s=96&d=mm&r=g\",\"caption\":\"fr. Emilianos Chatzivasileiou\"},\"sameAs\":[\"http:\/\/orthodoxia.be\"],\"url\":\"https:\/\/orthodoxia.be\/fr\/author\/p-emilianos\/\"}]}<\/script>\n<!-- \/ Yoast SEO plugin. -->","yoast_head_json":{"title":"CONCERT: une soir\u00e9e de musique liturgique orthodoxe Ex\u00e9cut\u00e9e par \u201cl'Ensemble Vocal Malinine\u201d - Archev\u00each\u00e9 Orthodoxe de Belgique","robots":{"index":"index","follow":"follow","max-snippet":"max-snippet:-1","max-image-preview":"max-image-preview:large","max-video-preview":"max-video-preview:-1"},"canonical":"https:\/\/orthodoxia.be\/fr\/2024\/02\/07\/concert-une-soiree-de-musique-liturgique-orthodoxe-executee-par-lensemble-vocal-malinine\/","og_locale":"fr_FR","og_type":"article","og_title":"CONCERT: une soir\u00e9e de musique liturgique orthodoxe Ex\u00e9cut\u00e9e par \u201cl'Ensemble Vocal Malinine\u201d - Archev\u00each\u00e9 Orthodoxe de Belgique","og_description":"Nous avons le plaisir de vous pr\u00e9senter le concert du c\u00e9l\u00e8bre ch\u0153ur orthodoxe de Paris &#8220;ENSEMBLE VOCAL MALININE&#8221; sous la direction de Mathieu Malinine. Ce concert est organis\u00e9 par la paroisse orthodoxe des Saints Konstantin et Helena \u00e0 Bruges. La repr\u00e9sentation aura lieu le samedi 2 mars 2024 \u00e0 l&#8217;\u00e9glise Sainte-Anne, Sint-Annaplein \u00e0 Bruges \u00e0 &hellip; Continued","og_url":"https:\/\/orthodoxia.be\/fr\/2024\/02\/07\/concert-une-soiree-de-musique-liturgique-orthodoxe-executee-par-lensemble-vocal-malinine\/","og_site_name":"Archev\u00each\u00e9 Orthodoxe de Belgique","article_publisher":"https:\/\/www.facebook.com\/orthobel","article_published_time":"2024-02-07T12:50:52+00:00","og_image":[{"width":2121,"height":3000,"url":"https:\/\/orthodoxia.be\/wp-content\/uploads\/2024\/02\/Ensemble-vocal-Malinine-A4-2024-FR.jpg","type":"image\/jpeg"}],"author":"fr. Emilianos Chatzivasileiou","twitter_card":"summary_large_image","twitter_creator":"@orthobel","twitter_site":"@orthobel","twitter_misc":{"\u00c9crit par":"fr. Emilianos Chatzivasileiou","Dur\u00e9e de lecture est.":"1 minute"},"schema":{"@context":"https:\/\/schema.org","@graph":[{"@type":"Article","@id":"https:\/\/orthodoxia.be\/fr\/2024\/02\/07\/concert-une-soiree-de-musique-liturgique-orthodoxe-executee-par-lensemble-vocal-malinine\/#article","isPartOf":{"@id":"https:\/\/orthodoxia.be\/fr\/2024\/02\/07\/concert-une-soiree-de-musique-liturgique-orthodoxe-executee-par-lensemble-vocal-malinine\/"},"author":{"name":"fr. Emilianos Chatzivasileiou","@id":"https:\/\/orthodoxia.be\/#\/schema\/person\/f6c4fd8f4c3dfc201522ccccede872c4"},"headline":"CONCERT: une soir\u00e9e de musique liturgique orthodoxe Ex\u00e9cut\u00e9e par \u201cl\u2019Ensemble Vocal Malinine\u201d","datePublished":"2024-02-07T12:50:52+00:00","dateModified":"2024-02-07T12:50:52+00:00","mainEntityOfPage":{"@id":"https:\/\/orthodoxia.be\/fr\/2024\/02\/07\/concert-une-soiree-de-musique-liturgique-orthodoxe-executee-par-lensemble-vocal-malinine\/"},"wordCount":291,"publisher":{"@id":"https:\/\/orthodoxia.be\/#organization"},"image":{"@id":"https:\/\/orthodoxia.be\/fr\/2024\/02\/07\/concert-une-soiree-de-musique-liturgique-orthodoxe-executee-par-lensemble-vocal-malinine\/#primaryimage"},"thumbnailUrl":"https:\/\/orthodoxia.be\/wp-content\/uploads\/2024\/02\/Ensemble-vocal-Malinine-A4-2024-FR.jpg","articleSection":["Actualit\u00e9"],"inLanguage":"fr-BE"},{"@type":"WebPage","@id":"https:\/\/orthodoxia.be\/fr\/2024\/02\/07\/concert-une-soiree-de-musique-liturgique-orthodoxe-executee-par-lensemble-vocal-malinine\/","url":"https:\/\/orthodoxia.be\/fr\/2024\/02\/07\/concert-une-soiree-de-musique-liturgique-orthodoxe-executee-par-lensemble-vocal-malinine\/","name":"CONCERT: une soir\u00e9e de musique liturgique orthodoxe Ex\u00e9cut\u00e9e par \u201cl'Ensemble Vocal Malinine\u201d - Archev\u00each\u00e9 Orthodoxe de Belgique","isPartOf":{"@id":"https:\/\/orthodoxia.be\/#website"},"primaryImageOfPage":{"@id":"https:\/\/orthodoxia.be\/fr\/2024\/02\/07\/concert-une-soiree-de-musique-liturgique-orthodoxe-executee-par-lensemble-vocal-malinine\/#primaryimage"},"image":{"@id":"https:\/\/orthodoxia.be\/fr\/2024\/02\/07\/concert-une-soiree-de-musique-liturgique-orthodoxe-executee-par-lensemble-vocal-malinine\/#primaryimage"},"thumbnailUrl":"https:\/\/orthodoxia.be\/wp-content\/uploads\/2024\/02\/Ensemble-vocal-Malinine-A4-2024-FR.jpg","datePublished":"2024-02-07T12:50:52+00:00","dateModified":"2024-02-07T12:50:52+00:00","breadcrumb":{"@id":"https:\/\/orthodoxia.be\/fr\/2024\/02\/07\/concert-une-soiree-de-musique-liturgique-orthodoxe-executee-par-lensemble-vocal-malinine\/#breadcrumb"},"inLanguage":"fr-BE","potentialAction":[{"@type":"ReadAction","target":["https:\/\/orthodoxia.be\/fr\/2024\/02\/07\/concert-une-soiree-de-musique-liturgique-orthodoxe-executee-par-lensemble-vocal-malinine\/"]}]},{"@type":"ImageObject","inLanguage":"fr-BE","@id":"https:\/\/orthodoxia.be\/fr\/2024\/02\/07\/concert-une-soiree-de-musique-liturgique-orthodoxe-executee-par-lensemble-vocal-malinine\/#primaryimage","url":"https:\/\/orthodoxia.be\/wp-content\/uploads\/2024\/02\/Ensemble-vocal-Malinine-A4-2024-FR.jpg","contentUrl":"https:\/\/orthodoxia.be\/wp-content\/uploads\/2024\/02\/Ensemble-vocal-Malinine-A4-2024-FR.jpg","width":2121,"height":3000},{"@type":"BreadcrumbList","@id":"https:\/\/orthodoxia.be\/fr\/2024\/02\/07\/concert-une-soiree-de-musique-liturgique-orthodoxe-executee-par-lensemble-vocal-malinine\/#breadcrumb","itemListElement":[{"@type":"ListItem","position":1,"name":"Home","item":"https:\/\/orthodoxia.be\/fr\/"},{"@type":"ListItem","position":2,"name":"CONCERT: une soir\u00e9e de musique liturgique orthodoxe Ex\u00e9cut\u00e9e par \u201cl&#8217;Ensemble Vocal Malinine\u201d"}]},{"@type":"WebSite","@id":"https:\/\/orthodoxia.be\/#website","url":"https:\/\/orthodoxia.be\/","name":"Orthodox Archdiocese of Belgium (Benelux)","description":"Exarque des Pays-Bas et du Luxembourg","publisher":{"@id":"https:\/\/orthodoxia.be\/#organization"},"alternateName":"IMB","potentialAction":[{"@type":"SearchAction","target":{"@type":"EntryPoint","urlTemplate":"https:\/\/orthodoxia.be\/?s={search_term_string}"},"query-input":{"@type":"PropertyValueSpecification","valueRequired":true,"valueName":"search_term_string"}}],"inLanguage":"fr-BE"},{"@type":"Organization","@id":"https:\/\/orthodoxia.be\/#organization","name":"Orthodox Archdiocese of Belgium (Benelux)","url":"https:\/\/orthodoxia.be\/","logo":{"@type":"ImageObject","inLanguage":"fr-BE","@id":"https:\/\/orthodoxia.be\/#\/schema\/logo\/image\/","url":"https:\/\/orthodoxia.be\/wp-content\/uploads\/2024\/02\/cropped-IMB-logo-512-cl-1.png","contentUrl":"https:\/\/orthodoxia.be\/wp-content\/uploads\/2024\/02\/cropped-IMB-logo-512-cl-1.png","width":512,"height":512,"caption":"Orthodox Archdiocese of Belgium (Benelux)"},"image":{"@id":"https:\/\/orthodoxia.be\/#\/schema\/logo\/image\/"},"sameAs":["https:\/\/www.facebook.com\/orthobel","https:\/\/x.com\/orthobel","https:\/\/www.youtube.com\/c\/orthobel","https:\/\/www.mixcloud.com\/orthobel\/","https:\/\/www.flickr.com\/photos\/148264890@N07\/albums","https:\/\/www.dailymotion.com\/Orthobel"]},{"@type":"Person","@id":"https:\/\/orthodoxia.be\/#\/schema\/person\/f6c4fd8f4c3dfc201522ccccede872c4","name":"fr. Emilianos Chatzivasileiou","image":{"@type":"ImageObject","inLanguage":"fr-BE","@id":"https:\/\/orthodoxia.be\/#\/schema\/person\/image\/","url":"https:\/\/secure.gravatar.com\/avatar\/5b67115dbb9ae1579c39e9ae857d39ac?s=96&d=mm&r=g","contentUrl":"https:\/\/secure.gravatar.com\/avatar\/5b67115dbb9ae1579c39e9ae857d39ac?s=96&d=mm&r=g","caption":"fr. Emilianos Chatzivasileiou"},"sameAs":["http:\/\/orthodoxia.be"],"url":"https:\/\/orthodoxia.be\/fr\/author\/p-emilianos\/"}]}},"_links":{"self":[{"href":"https:\/\/orthodoxia.be\/fr\/wp-json\/wp\/v2\/posts\/44238","targetHints":{"allow":["GET"]}}],"collection":[{"href":"https:\/\/orthodoxia.be\/fr\/wp-json\/wp\/v2\/posts"}],"about":[{"href":"https:\/\/orthodoxia.be\/fr\/wp-json\/wp\/v2\/types\/post"}],"author":[{"embeddable":true,"href":"https:\/\/orthodoxia.be\/fr\/wp-json\/wp\/v2\/users\/10"}],"replies":[{"embeddable":true,"href":"https:\/\/orthodoxia.be\/fr\/wp-json\/wp\/v2\/comments?post=44238"}],"version-history":[{"count":1,"href":"https:\/\/orthodoxia.be\/fr\/wp-json\/wp\/v2\/posts\/44238\/revisions"}],"predecessor-version":[{"id":44248,"href":"https:\/\/orthodoxia.be\/fr\/wp-json\/wp\/v2\/posts\/44238\/revisions\/44248"}],"wp:featuredmedia":[{"embeddable":true,"href":"https:\/\/orthodoxia.be\/fr\/wp-json\/wp\/v2\/media\/44239"}],"wp:attachment":[{"href":"https:\/\/orthodoxia.be\/fr\/wp-json\/wp\/v2\/media?parent=44238"}],"wp:term":[{"taxonomy":"category","embeddable":true,"href":"https:\/\/orthodoxia.be\/fr\/wp-json\/wp\/v2\/categories?post=44238"},{"taxonomy":"post_tag","embeddable":true,"href":"https:\/\/orthodoxia.be\/fr\/wp-json\/wp\/v2\/tags?post=44238"}],"curies":[{"name":"wp","href":"https:\/\/api.w.org\/{rel}","templated":true}]}}