{"id":49179,"date":"2025-05-03T22:51:52","date_gmt":"2025-05-03T20:51:52","guid":{"rendered":"https:\/\/orthodoxia.be\/?p=49179"},"modified":"2025-05-03T23:04:42","modified_gmt":"2025-05-03T21:04:42","slug":"annonce-5","status":"publish","type":"post","link":"https:\/\/orthodoxia.be\/fr\/2025\/05\/03\/annonce-5\/","title":{"rendered":"ANNONCE \u2013 nouveau Directeur du Bureau Personnel du M\u00e9tropolite"},"content":{"rendered":"\n<p>Son \u00c9minence le M\u00e9tropolite Ath\u00e9nagoras de Belgique et Exarque des Pays-Bas et du Luxembourg vient de nommer au cours de ce mois de mars 2025 Monsieur Dimitri Hatzipemou comme Directeur de son Bureau Personnel. Dor\u00e9navant, tous les contacts pour des rendez-vous et les affaires concernant le M\u00e9tropolite passeront par M. Dimitri Hatzipemou. Ces contacts peuvent se faire via le num\u00e9ro de t\u00e9l\u00e9phone +32.2\/736.52.78 et l\u2019adresse e-mail: <a href=\"mailto:privateoffice@orthodoxia.be\">privateoffice@orthodoxia.be<\/a><\/p>\n\n\n\n<p><strong>Le Bureau de Presse de l\u2019Archev\u00each\u00e9.<\/strong><\/p>\n\n\n\n<p><\/p>\n","protected":false},"excerpt":{"rendered":"<p>Son \u00c9minence le M\u00e9tropolite Ath\u00e9nagoras de Belgique et Exarque des Pays-Bas et du Luxembourg vient de nommer au cours de ce mois de mars 2025 Monsieur Dimitri Hatzipemou comme Directeur de son Bureau Personnel. Dor\u00e9navant, tous les contacts pour des rendez-vous et les affaires concernant le M\u00e9tropolite passeront par M. Dimitri Hatzipemou. Ces contacts peuvent &hellip; <a href=\"https:\/\/orthodoxia.be\/fr\/2025\/05\/03\/annonce-5\/\">Continued<\/a><\/p>\n","protected":false},"author":16,"featured_media":46946,"comment_status":"closed","ping_status":"closed","sticky":false,"template":"","format":"standard","meta":{"_acf_changed":false,"footnotes":""},"categories":[14,16,32],"tags":[],"class_list":["post-49179","post","type-post","status-publish","format-standard","has-post-thumbnail","hentry","category-actualite","category-communique","category-ordinations-nominations"],"acf":[],"yoast_head":"<!-- This site is optimized with the Yoast SEO plugin v24.3 - https:\/\/yoast.com\/wordpress\/plugins\/seo\/ -->\n<title>ANNONCE - nouveau Directeur du Bureau Personnel du M\u00e9tropolite - Archev\u00each\u00e9 Orthodoxe de Belgique<\/title>\n<meta name=\"robots\" content=\"index, follow, max-snippet:-1, max-image-preview:large, max-video-preview:-1\" \/>\n<link rel=\"canonical\" href=\"https:\/\/orthodoxia.be\/fr\/2025\/05\/03\/annonce-5\/\" \/>\n<meta property=\"og:locale\" content=\"fr_FR\" \/>\n<meta property=\"og:type\" content=\"article\" \/>\n<meta property=\"og:title\" content=\"ANNONCE - nouveau Directeur du Bureau Personnel du M\u00e9tropolite - Archev\u00each\u00e9 Orthodoxe de Belgique\" \/>\n<meta property=\"og:description\" content=\"Son \u00c9minence le M\u00e9tropolite Ath\u00e9nagoras de Belgique et Exarque des Pays-Bas et du Luxembourg vient de nommer au cours de ce mois de mars 2025 Monsieur Dimitri Hatzipemou comme Directeur de son Bureau Personnel. Dor\u00e9navant, tous les contacts pour des rendez-vous et les affaires concernant le M\u00e9tropolite passeront par M. Dimitri Hatzipemou. Ces contacts peuvent &hellip; Continued\" \/>\n<meta property=\"og:url\" content=\"https:\/\/orthodoxia.be\/fr\/2025\/05\/03\/annonce-5\/\" \/>\n<meta property=\"og:site_name\" content=\"Archev\u00each\u00e9 Orthodoxe de Belgique\" \/>\n<meta property=\"article:publisher\" content=\"https:\/\/www.facebook.com\/orthobel\" \/>\n<meta property=\"article:published_time\" content=\"2025-05-03T20:51:52+00:00\" \/>\n<meta property=\"article:modified_time\" content=\"2025-05-03T21:04:42+00:00\" \/>\n<meta property=\"og:image\" content=\"https:\/\/orthodoxia.be\/wp-content\/uploads\/2024\/11\/logo-benelux-500px-1-e1732533715789.jpeg\" \/>\n\t<meta property=\"og:image:width\" content=\"499\" \/>\n\t<meta property=\"og:image:height\" content=\"500\" \/>\n\t<meta property=\"og:image:type\" content=\"image\/jpeg\" \/>\n<meta name=\"author\" content=\"\u03c0. \u03a0\u03b1\u03bd\u03c4\u03b5\u03bb\u03b5\u03ae\u03bc\u03c9\u03bd \u039c\u03c0\u03b1\u03ba\u03ac\u03bb\u03b7\u03c2\" \/>\n<meta name=\"twitter:card\" content=\"summary_large_image\" \/>\n<meta name=\"twitter:creator\" content=\"@orthobel\" \/>\n<meta name=\"twitter:site\" content=\"@orthobel\" \/>\n<meta name=\"twitter:label1\" content=\"\u00c9crit par\" \/>\n\t<meta name=\"twitter:data1\" content=\"\u03c0. \u03a0\u03b1\u03bd\u03c4\u03b5\u03bb\u03b5\u03ae\u03bc\u03c9\u03bd \u039c\u03c0\u03b1\u03ba\u03ac\u03bb\u03b7\u03c2\" \/>\n\t<meta name=\"twitter:label2\" content=\"Dur\u00e9e de lecture est.\" \/>\n\t<meta name=\"twitter:data2\" content=\"1 minute\" \/>\n<script type=\"application\/ld+json\" class=\"yoast-schema-graph\">{\"@context\":\"https:\/\/schema.org\",\"@graph\":[{\"@type\":\"Article\",\"@id\":\"https:\/\/orthodoxia.be\/fr\/2025\/05\/03\/annonce-5\/#article\",\"isPartOf\":{\"@id\":\"https:\/\/orthodoxia.be\/fr\/2025\/05\/03\/annonce-5\/\"},\"author\":{\"name\":\"\u03c0. \u03a0\u03b1\u03bd\u03c4\u03b5\u03bb\u03b5\u03ae\u03bc\u03c9\u03bd \u039c\u03c0\u03b1\u03ba\u03ac\u03bb\u03b7\u03c2\",\"@id\":\"https:\/\/orthodoxia.be\/#\/schema\/person\/a696828f612fb51b22fe83a8ac79c97a\"},\"headline\":\"ANNONCE \u2013 nouveau Directeur du Bureau Personnel du M\u00e9tropolite\",\"datePublished\":\"2025-05-03T20:51:52+00:00\",\"dateModified\":\"2025-05-03T21:04:42+00:00\",\"mainEntityOfPage\":{\"@id\":\"https:\/\/orthodoxia.be\/fr\/2025\/05\/03\/annonce-5\/\"},\"wordCount\":93,\"publisher\":{\"@id\":\"https:\/\/orthodoxia.be\/#organization\"},\"image\":{\"@id\":\"https:\/\/orthodoxia.be\/fr\/2025\/05\/03\/annonce-5\/#primaryimage\"},\"thumbnailUrl\":\"https:\/\/orthodoxia.be\/wp-content\/uploads\/2024\/11\/logo-benelux-500px-1-e1732533715789.jpeg\",\"articleSection\":[\"Actualit\u00e9\",\"Communiqu\u00e9\",\"Ordinations - Nominations\"],\"inLanguage\":\"fr-BE\"},{\"@type\":\"WebPage\",\"@id\":\"https:\/\/orthodoxia.be\/fr\/2025\/05\/03\/annonce-5\/\",\"url\":\"https:\/\/orthodoxia.be\/fr\/2025\/05\/03\/annonce-5\/\",\"name\":\"ANNONCE - nouveau Directeur du Bureau Personnel du M\u00e9tropolite - Archev\u00each\u00e9 Orthodoxe de Belgique\",\"isPartOf\":{\"@id\":\"https:\/\/orthodoxia.be\/#website\"},\"primaryImageOfPage\":{\"@id\":\"https:\/\/orthodoxia.be\/fr\/2025\/05\/03\/annonce-5\/#primaryimage\"},\"image\":{\"@id\":\"https:\/\/orthodoxia.be\/fr\/2025\/05\/03\/annonce-5\/#primaryimage\"},\"thumbnailUrl\":\"https:\/\/orthodoxia.be\/wp-content\/uploads\/2024\/11\/logo-benelux-500px-1-e1732533715789.jpeg\",\"datePublished\":\"2025-05-03T20:51:52+00:00\",\"dateModified\":\"2025-05-03T21:04:42+00:00\",\"breadcrumb\":{\"@id\":\"https:\/\/orthodoxia.be\/fr\/2025\/05\/03\/annonce-5\/#breadcrumb\"},\"inLanguage\":\"fr-BE\",\"potentialAction\":[{\"@type\":\"ReadAction\",\"target\":[\"https:\/\/orthodoxia.be\/fr\/2025\/05\/03\/annonce-5\/\"]}]},{\"@type\":\"ImageObject\",\"inLanguage\":\"fr-BE\",\"@id\":\"https:\/\/orthodoxia.be\/fr\/2025\/05\/03\/annonce-5\/#primaryimage\",\"url\":\"https:\/\/orthodoxia.be\/wp-content\/uploads\/2024\/11\/logo-benelux-500px-1-e1732533715789.jpeg\",\"contentUrl\":\"https:\/\/orthodoxia.be\/wp-content\/uploads\/2024\/11\/logo-benelux-500px-1-e1732533715789.jpeg\",\"width\":499,\"height\":500},{\"@type\":\"BreadcrumbList\",\"@id\":\"https:\/\/orthodoxia.be\/fr\/2025\/05\/03\/annonce-5\/#breadcrumb\",\"itemListElement\":[{\"@type\":\"ListItem\",\"position\":1,\"name\":\"Home\",\"item\":\"https:\/\/orthodoxia.be\/fr\/\"},{\"@type\":\"ListItem\",\"position\":2,\"name\":\"ANNONCE \u2013 nouveau Directeur du Bureau Personnel du M\u00e9tropolite\"}]},{\"@type\":\"WebSite\",\"@id\":\"https:\/\/orthodoxia.be\/#website\",\"url\":\"https:\/\/orthodoxia.be\/\",\"name\":\"Orthodox Archdiocese of Belgium (Benelux)\",\"description\":\"Exarque des Pays-Bas et du Luxembourg\",\"publisher\":{\"@id\":\"https:\/\/orthodoxia.be\/#organization\"},\"alternateName\":\"IMB\",\"potentialAction\":[{\"@type\":\"SearchAction\",\"target\":{\"@type\":\"EntryPoint\",\"urlTemplate\":\"https:\/\/orthodoxia.be\/?s={search_term_string}\"},\"query-input\":{\"@type\":\"PropertyValueSpecification\",\"valueRequired\":true,\"valueName\":\"search_term_string\"}}],\"inLanguage\":\"fr-BE\"},{\"@type\":\"Organization\",\"@id\":\"https:\/\/orthodoxia.be\/#organization\",\"name\":\"Orthodox Archdiocese of Belgium (Benelux)\",\"url\":\"https:\/\/orthodoxia.be\/\",\"logo\":{\"@type\":\"ImageObject\",\"inLanguage\":\"fr-BE\",\"@id\":\"https:\/\/orthodoxia.be\/#\/schema\/logo\/image\/\",\"url\":\"https:\/\/orthodoxia.be\/wp-content\/uploads\/2024\/02\/cropped-IMB-logo-512-cl-1.png\",\"contentUrl\":\"https:\/\/orthodoxia.be\/wp-content\/uploads\/2024\/02\/cropped-IMB-logo-512-cl-1.png\",\"width\":512,\"height\":512,\"caption\":\"Orthodox Archdiocese of Belgium (Benelux)\"},\"image\":{\"@id\":\"https:\/\/orthodoxia.be\/#\/schema\/logo\/image\/\"},\"sameAs\":[\"https:\/\/www.facebook.com\/orthobel\",\"https:\/\/x.com\/orthobel\",\"https:\/\/www.youtube.com\/c\/orthobel\",\"https:\/\/www.mixcloud.com\/orthobel\/\",\"https:\/\/www.flickr.com\/photos\/148264890@N07\/albums\",\"https:\/\/www.dailymotion.com\/Orthobel\"]},{\"@type\":\"Person\",\"@id\":\"https:\/\/orthodoxia.be\/#\/schema\/person\/a696828f612fb51b22fe83a8ac79c97a\",\"name\":\"\u03c0. \u03a0\u03b1\u03bd\u03c4\u03b5\u03bb\u03b5\u03ae\u03bc\u03c9\u03bd \u039c\u03c0\u03b1\u03ba\u03ac\u03bb\u03b7\u03c2\",\"image\":{\"@type\":\"ImageObject\",\"inLanguage\":\"fr-BE\",\"@id\":\"https:\/\/orthodoxia.be\/#\/schema\/person\/image\/\",\"url\":\"https:\/\/secure.gravatar.com\/avatar\/6dfde748a83c2d7e804d257a719e34f5?s=96&d=mm&r=g\",\"contentUrl\":\"https:\/\/secure.gravatar.com\/avatar\/6dfde748a83c2d7e804d257a719e34f5?s=96&d=mm&r=g\",\"caption\":\"\u03c0. \u03a0\u03b1\u03bd\u03c4\u03b5\u03bb\u03b5\u03ae\u03bc\u03c9\u03bd \u039c\u03c0\u03b1\u03ba\u03ac\u03bb\u03b7\u03c2\"},\"url\":\"https:\/\/orthodoxia.be\/fr\/author\/bakalis\/\"}]}<\/script>\n<!-- \/ Yoast SEO plugin. -->","yoast_head_json":{"title":"ANNONCE - nouveau Directeur du Bureau Personnel du M\u00e9tropolite - Archev\u00each\u00e9 Orthodoxe de Belgique","robots":{"index":"index","follow":"follow","max-snippet":"max-snippet:-1","max-image-preview":"max-image-preview:large","max-video-preview":"max-video-preview:-1"},"canonical":"https:\/\/orthodoxia.be\/fr\/2025\/05\/03\/annonce-5\/","og_locale":"fr_FR","og_type":"article","og_title":"ANNONCE - nouveau Directeur du Bureau Personnel du M\u00e9tropolite - Archev\u00each\u00e9 Orthodoxe de Belgique","og_description":"Son \u00c9minence le M\u00e9tropolite Ath\u00e9nagoras de Belgique et Exarque des Pays-Bas et du Luxembourg vient de nommer au cours de ce mois de mars 2025 Monsieur Dimitri Hatzipemou comme Directeur de son Bureau Personnel. Dor\u00e9navant, tous les contacts pour des rendez-vous et les affaires concernant le M\u00e9tropolite passeront par M. Dimitri Hatzipemou. Ces contacts peuvent &hellip; Continued","og_url":"https:\/\/orthodoxia.be\/fr\/2025\/05\/03\/annonce-5\/","og_site_name":"Archev\u00each\u00e9 Orthodoxe de Belgique","article_publisher":"https:\/\/www.facebook.com\/orthobel","article_published_time":"2025-05-03T20:51:52+00:00","article_modified_time":"2025-05-03T21:04:42+00:00","og_image":[{"width":499,"height":500,"url":"https:\/\/orthodoxia.be\/wp-content\/uploads\/2024\/11\/logo-benelux-500px-1-e1732533715789.jpeg","type":"image\/jpeg"}],"author":"\u03c0. \u03a0\u03b1\u03bd\u03c4\u03b5\u03bb\u03b5\u03ae\u03bc\u03c9\u03bd \u039c\u03c0\u03b1\u03ba\u03ac\u03bb\u03b7\u03c2","twitter_card":"summary_large_image","twitter_creator":"@orthobel","twitter_site":"@orthobel","twitter_misc":{"\u00c9crit par":"\u03c0. \u03a0\u03b1\u03bd\u03c4\u03b5\u03bb\u03b5\u03ae\u03bc\u03c9\u03bd \u039c\u03c0\u03b1\u03ba\u03ac\u03bb\u03b7\u03c2","Dur\u00e9e de lecture est.":"1 minute"},"schema":{"@context":"https:\/\/schema.org","@graph":[{"@type":"Article","@id":"https:\/\/orthodoxia.be\/fr\/2025\/05\/03\/annonce-5\/#article","isPartOf":{"@id":"https:\/\/orthodoxia.be\/fr\/2025\/05\/03\/annonce-5\/"},"author":{"name":"\u03c0. \u03a0\u03b1\u03bd\u03c4\u03b5\u03bb\u03b5\u03ae\u03bc\u03c9\u03bd \u039c\u03c0\u03b1\u03ba\u03ac\u03bb\u03b7\u03c2","@id":"https:\/\/orthodoxia.be\/#\/schema\/person\/a696828f612fb51b22fe83a8ac79c97a"},"headline":"ANNONCE \u2013 nouveau Directeur du Bureau Personnel du M\u00e9tropolite","datePublished":"2025-05-03T20:51:52+00:00","dateModified":"2025-05-03T21:04:42+00:00","mainEntityOfPage":{"@id":"https:\/\/orthodoxia.be\/fr\/2025\/05\/03\/annonce-5\/"},"wordCount":93,"publisher":{"@id":"https:\/\/orthodoxia.be\/#organization"},"image":{"@id":"https:\/\/orthodoxia.be\/fr\/2025\/05\/03\/annonce-5\/#primaryimage"},"thumbnailUrl":"https:\/\/orthodoxia.be\/wp-content\/uploads\/2024\/11\/logo-benelux-500px-1-e1732533715789.jpeg","articleSection":["Actualit\u00e9","Communiqu\u00e9","Ordinations - Nominations"],"inLanguage":"fr-BE"},{"@type":"WebPage","@id":"https:\/\/orthodoxia.be\/fr\/2025\/05\/03\/annonce-5\/","url":"https:\/\/orthodoxia.be\/fr\/2025\/05\/03\/annonce-5\/","name":"ANNONCE - nouveau Directeur du Bureau Personnel du M\u00e9tropolite - Archev\u00each\u00e9 Orthodoxe de Belgique","isPartOf":{"@id":"https:\/\/orthodoxia.be\/#website"},"primaryImageOfPage":{"@id":"https:\/\/orthodoxia.be\/fr\/2025\/05\/03\/annonce-5\/#primaryimage"},"image":{"@id":"https:\/\/orthodoxia.be\/fr\/2025\/05\/03\/annonce-5\/#primaryimage"},"thumbnailUrl":"https:\/\/orthodoxia.be\/wp-content\/uploads\/2024\/11\/logo-benelux-500px-1-e1732533715789.jpeg","datePublished":"2025-05-03T20:51:52+00:00","dateModified":"2025-05-03T21:04:42+00:00","breadcrumb":{"@id":"https:\/\/orthodoxia.be\/fr\/2025\/05\/03\/annonce-5\/#breadcrumb"},"inLanguage":"fr-BE","potentialAction":[{"@type":"ReadAction","target":["https:\/\/orthodoxia.be\/fr\/2025\/05\/03\/annonce-5\/"]}]},{"@type":"ImageObject","inLanguage":"fr-BE","@id":"https:\/\/orthodoxia.be\/fr\/2025\/05\/03\/annonce-5\/#primaryimage","url":"https:\/\/orthodoxia.be\/wp-content\/uploads\/2024\/11\/logo-benelux-500px-1-e1732533715789.jpeg","contentUrl":"https:\/\/orthodoxia.be\/wp-content\/uploads\/2024\/11\/logo-benelux-500px-1-e1732533715789.jpeg","width":499,"height":500},{"@type":"BreadcrumbList","@id":"https:\/\/orthodoxia.be\/fr\/2025\/05\/03\/annonce-5\/#breadcrumb","itemListElement":[{"@type":"ListItem","position":1,"name":"Home","item":"https:\/\/orthodoxia.be\/fr\/"},{"@type":"ListItem","position":2,"name":"ANNONCE \u2013 nouveau Directeur du Bureau Personnel du M\u00e9tropolite"}]},{"@type":"WebSite","@id":"https:\/\/orthodoxia.be\/#website","url":"https:\/\/orthodoxia.be\/","name":"Orthodox Archdiocese of Belgium (Benelux)","description":"Exarque des Pays-Bas et du Luxembourg","publisher":{"@id":"https:\/\/orthodoxia.be\/#organization"},"alternateName":"IMB","potentialAction":[{"@type":"SearchAction","target":{"@type":"EntryPoint","urlTemplate":"https:\/\/orthodoxia.be\/?s={search_term_string}"},"query-input":{"@type":"PropertyValueSpecification","valueRequired":true,"valueName":"search_term_string"}}],"inLanguage":"fr-BE"},{"@type":"Organization","@id":"https:\/\/orthodoxia.be\/#organization","name":"Orthodox Archdiocese of Belgium (Benelux)","url":"https:\/\/orthodoxia.be\/","logo":{"@type":"ImageObject","inLanguage":"fr-BE","@id":"https:\/\/orthodoxia.be\/#\/schema\/logo\/image\/","url":"https:\/\/orthodoxia.be\/wp-content\/uploads\/2024\/02\/cropped-IMB-logo-512-cl-1.png","contentUrl":"https:\/\/orthodoxia.be\/wp-content\/uploads\/2024\/02\/cropped-IMB-logo-512-cl-1.png","width":512,"height":512,"caption":"Orthodox Archdiocese of Belgium (Benelux)"},"image":{"@id":"https:\/\/orthodoxia.be\/#\/schema\/logo\/image\/"},"sameAs":["https:\/\/www.facebook.com\/orthobel","https:\/\/x.com\/orthobel","https:\/\/www.youtube.com\/c\/orthobel","https:\/\/www.mixcloud.com\/orthobel\/","https:\/\/www.flickr.com\/photos\/148264890@N07\/albums","https:\/\/www.dailymotion.com\/Orthobel"]},{"@type":"Person","@id":"https:\/\/orthodoxia.be\/#\/schema\/person\/a696828f612fb51b22fe83a8ac79c97a","name":"\u03c0. \u03a0\u03b1\u03bd\u03c4\u03b5\u03bb\u03b5\u03ae\u03bc\u03c9\u03bd \u039c\u03c0\u03b1\u03ba\u03ac\u03bb\u03b7\u03c2","image":{"@type":"ImageObject","inLanguage":"fr-BE","@id":"https:\/\/orthodoxia.be\/#\/schema\/person\/image\/","url":"https:\/\/secure.gravatar.com\/avatar\/6dfde748a83c2d7e804d257a719e34f5?s=96&d=mm&r=g","contentUrl":"https:\/\/secure.gravatar.com\/avatar\/6dfde748a83c2d7e804d257a719e34f5?s=96&d=mm&r=g","caption":"\u03c0. \u03a0\u03b1\u03bd\u03c4\u03b5\u03bb\u03b5\u03ae\u03bc\u03c9\u03bd \u039c\u03c0\u03b1\u03ba\u03ac\u03bb\u03b7\u03c2"},"url":"https:\/\/orthodoxia.be\/fr\/author\/bakalis\/"}]}},"_links":{"self":[{"href":"https:\/\/orthodoxia.be\/fr\/wp-json\/wp\/v2\/posts\/49179","targetHints":{"allow":["GET"]}}],"collection":[{"href":"https:\/\/orthodoxia.be\/fr\/wp-json\/wp\/v2\/posts"}],"about":[{"href":"https:\/\/orthodoxia.be\/fr\/wp-json\/wp\/v2\/types\/post"}],"author":[{"embeddable":true,"href":"https:\/\/orthodoxia.be\/fr\/wp-json\/wp\/v2\/users\/16"}],"replies":[{"embeddable":true,"href":"https:\/\/orthodoxia.be\/fr\/wp-json\/wp\/v2\/comments?post=49179"}],"version-history":[{"count":4,"href":"https:\/\/orthodoxia.be\/fr\/wp-json\/wp\/v2\/posts\/49179\/revisions"}],"predecessor-version":[{"id":49195,"href":"https:\/\/orthodoxia.be\/fr\/wp-json\/wp\/v2\/posts\/49179\/revisions\/49195"}],"wp:featuredmedia":[{"embeddable":true,"href":"https:\/\/orthodoxia.be\/fr\/wp-json\/wp\/v2\/media\/46946"}],"wp:attachment":[{"href":"https:\/\/orthodoxia.be\/fr\/wp-json\/wp\/v2\/media?parent=49179"}],"wp:term":[{"taxonomy":"category","embeddable":true,"href":"https:\/\/orthodoxia.be\/fr\/wp-json\/wp\/v2\/categories?post=49179"},{"taxonomy":"post_tag","embeddable":true,"href":"https:\/\/orthodoxia.be\/fr\/wp-json\/wp\/v2\/tags?post=49179"}],"curies":[{"name":"wp","href":"https:\/\/api.w.org\/{rel}","templated":true}]}}